{"id":26656,"date":"2022-04-17T08:00:42","date_gmt":"2022-04-17T11:00:42","guid":{"rendered":"https:\/\/redenoticiaz.com.br\/litoralsp\/?p=26656"},"modified":"2022-04-14T12:50:55","modified_gmt":"2022-04-14T15:50:55","slug":"os-efeitos-negativos-da-pandemia-apos-a-volta-do-cotidiano","status":"publish","type":"post","link":"https:\/\/redenoticiaz.com.br\/litoralsp\/2022\/04\/17\/os-efeitos-negativos-da-pandemia-apos-a-volta-do-cotidiano","title":{"rendered":"Os efeitos negativos da pandemia ap\u00f3s a volta do cotidiano"},"content":{"rendered":"<p>O mundo ainda sofre com a <strong>pandemia do coronav\u00edrus<\/strong> desde mar\u00e7o de 2020. Quando ela come\u00e7ou, ap\u00f3s ser decretada pela Organiza\u00e7\u00e3o Mundial de Sa\u00fade (<a href=\"https:\/\/www.who.int\/pt\">OMS<\/a>) muita gente foi for\u00e7ada a cumprir o isolamento social, o distanciamento e tamb\u00e9m viu v\u00e1rios eventos culturais, de m\u00fasica e esportivos cancelados, ou sendo realizados, mas sem p\u00fablico. Com a vacina\u00e7\u00e3o em massa, foi poss\u00edvel voltar a normalidade, ainda com certos cuidados. Mas se a expectativa era ter a humanidade ainda mais serena, pac\u00edfica e respeitosa, se enganou.<\/p>\n<p>A impress\u00e3o \u00e9 que com a volta das atividades, a popula\u00e7\u00e3o est\u00e1 mais aflorada e intolerante. Brigas entre torcedores, contra jogadores, al\u00e9m da guerra na Ucr\u00e2nia e outros casos de brigas e assassinatos envolvendo a popula\u00e7\u00e3o se tornaram mais recorrentes.<\/p>\n<p>A pergunta que fica \u00e9 o que a pandemia do coronav\u00edrus trouxe de impactos, al\u00e9m de reflexos na sa\u00fade f\u00edsica da pessoa? Psicologicamente e socialmente, como a pandemia afetou o comportamento das pessoas, ao ponto de ficarem mais intolerantes?<\/p>\n<p>A <em><strong>Rede Noticiaz<\/strong><\/em> ouviu a psic\u00f3loga Viviane Oliveira, que analisou o perfil atual da sociedade e os motivos de tamanhos conflitos gerados por influ\u00eancia da pandemia. Acompanhe:<\/p>\n<h5>1) O que e como a pandemia afetou na vida das pessoas? Quem foi o mais afetado?<\/h5>\n<p>A pandemia mudou completamente a rotina dos brasileiros tanto no ambiente de trabalho quanto em \u00e2mbito pessoal. Empresas foram fechadas e o modelo de trabalho adaptado.<br \/>\nMuitas pessoas se viram sem renda ou com uma diminui\u00e7\u00e3o consider\u00e1vel dos seus ganhos, o que gerou desespero e\/ou preocupa\u00e7\u00e3o.<\/p>\n<p>Preocupa\u00e7\u00e3o essa causada tamb\u00e9m devido a possibilidade sempre a espreita de se infectar com o coronav\u00edrus. De nossos familiares e amigos serem pegos por algo t\u00e3o perigoso.<\/p>\n<p>Isso gerou uma ang\u00fastia sem precedentes, adicionado ao fato de ter nossa liberdade limitada e at\u00e9 em certo momento retirada de n\u00f3s. As rela\u00e7\u00f5es interpessoais tamb\u00e9m sofreram mudan\u00e7as.<br \/>\nFoi necess\u00e1rio desenvolver ferramentas para ressignificar nosso cotidiano e se manter firme at\u00e9 a tudo se acalmar.<\/p>\n<h5>2) Acredita que durante a pandemia, problemas com a ansiedade, depress\u00e3o e tristeza aumentaram e se tornaram mais discutidos?<\/h5>\n<p>Com certeza! O isolamento social, a situa\u00e7\u00e3o econ\u00f4mica do pa\u00eds e de cada cidad\u00e3o, a finitude da vida exposta e relembrada com tanto afinco, possibilitaram o decl\u00ednio da sa\u00fade mental das pessoas, em alguns casos em forma dos transtornos de ansiedade e depress\u00e3o.<\/p>\n<p>A pandemia potencializou os estresses, o que levou as pessoas a buscarem uma rede de apoio, seja ela atrav\u00e9s de profissionais ou de parentes, amigos, ONGs e etc.<\/p>\n<h5>3) Muito se dizia que a popula\u00e7\u00e3o sairia dessa pandemia melhores, valorizando mais a pessoa, mas n\u00e3o \u00e9 o que acontece. Por que?<\/h5>\n<p>\u00c9 dif\u00edcil determinar um porqu\u00ea que seja abrangente o suficiente, se \u00e9 que ele existe! Cada pessoa traz consigo suas pr\u00f3prias cren\u00e7as, ideias e formas de olhar e se posicionar diante da vida. A pandemia representa um laborat\u00f3rio de emo\u00e7\u00f5es.<\/p>\n<p>Ela nos convida a refletir sobre o que \u00e9 realmente importante para n\u00f3s, refletir sobre as escolhas que fazemos e nossa responsabilidade nelas. Como na maioria das situa\u00e7\u00f5es de crise ela nos levou a mudan\u00e7as significativas, \u00e9 um momento de resignifica\u00e7\u00e3o.<\/p>\n<p>Estamos dispostos a transformar o que somos, buscando ser a melhor vers\u00e3o de n\u00f3s, ou vamos nos manter engessados e fadados a cometer os mesmos erros? A escolha \u00e9 de cada um.<\/p>\n<h6>4) Ap\u00f3s a &#8220;volta&#8221; das atividades e deste novo normal, acredita que o comportamento piorou? Porque vemos que as pessoas est\u00e3o mais afloradas, ou seja, se extravasando e mais rebeldes do que antes?<\/h6>\n<p>No meu ponto de vista as pessoas est\u00e3o mais intolerantes, acredito que isso se deve a diversos fatores que estiveram presentes e alguns ainda est\u00e3o.<\/p>\n<p>Como por exemplo o equil\u00edbrio emocional que est\u00e1 abalado, a inseguran\u00e7a em voltar a vida como era antes, os preju\u00edzos financeiros causados pela Covid-19 e etc.<\/p>\n<h6>5) No caso do futebol, o n\u00famero de confus\u00f5es vem aumentando significativamente. Isto \u00e9 reflexo direto com esta volta aos est\u00e1dios ap\u00f3s quase dois anos cumprindo o isolamento e sem estar no local?<\/h6>\n<p>Com base no que dizem alguns sites, se deve a falta de medidas mais r\u00edgidas entre outros fatores. No entanto, olhando o contexto atual e tudo que passamos, podemos dizer sim que a pandemia impactou na forma das pessoas se comportarem.<\/p>\n<h6>6) Quais s\u00e3o as melhores formas da pessoa conseguir superar este tempo que a pandemia for\u00e7ou de estar isolado e sem contato, mas de uma forma saud\u00e1vel?<\/h6>\n<p>Procurando estar pr\u00f3ximo de pessoas que fazem bem e trazem felicidade, cuidar da alimenta\u00e7\u00e3o, praticar exerc\u00edcios f\u00edsicos, afinal cuidar do corpo \u00e9 tamb\u00e9m cuidar da mente.<\/p>\n<p>Se permitir a ter tempo de lazer e descanso, fazer algo para seu prazer. Se perdoar, nem sempre podemos entregar 100% e est\u00e1 tudo bem. Filtrar o fluxo de informa\u00e7\u00f5es negativas, a ponto de n\u00e3o se deixar sobrecarregar.<\/p>\n<p>Regular suas emo\u00e7\u00f5es, suas frustra\u00e7\u00f5es e sua incerteza. Coloque as coisas em perspectiva Este \u00e9 um momento passageiro em sua vida. Fa\u00e7a uma lista de todas as coisas que voc\u00ea pode influenciar e todas as coisas que est\u00e3o al\u00e9m do seu controle. Sempre que necess\u00e1rio, procure ajuda de um profissional.<\/p>\n<p><strong>LEIA TAMB\u00c9M<\/strong><\/p>\n<p><a href=\"https:\/\/redenoticiaz.com.br\/blog\/2022\/02\/27\/como-os-humores-do-clima-interferem-na-saude-da-pele\">Como os humores do clima interferem na sa\u00fade da pele<\/a><\/p>\n","protected":false},"excerpt":{"rendered":"<p>O mundo ainda sofre com a pandemia do coronav\u00edrus desde mar\u00e7o de 2020. Quando ela come\u00e7ou, ap\u00f3s ser decretada pela Organiza\u00e7\u00e3o Mundial de Sa\u00fade (OMS) muita gente foi for\u00e7ada a cumprir o isolamento social, o distanciamento e tamb\u00e9m viu v\u00e1rios eventos culturais, de m\u00fasica e esportivos cancelados, ou sendo realizados, mas sem p\u00fablico. Com a &hellip;<\/p>\n","protected":false},"author":6,"featured_media":26657,"comment_status":"open","ping_status":"closed","sticky":false,"template":"","format":"standard","meta":{"footnotes":""},"categories":[51760],"tags":[53906,29765,42057,1722,37206,10207,18198],"class_list":["post-26656","post","type-post","status-publish","format-standard","has-post-thumbnail","hentry","category-saude-bem-estar","tag-brigas","tag-comportamento","tag-conflitos","tag-oms","tag-organizacao-mundial-de-saude","tag-pandemia-do-coronavirus","tag-sociedade"],"yoast_head":"<!-- This site is optimized with the Yoast SEO plugin v27.5 - https:\/\/yoast.com\/product\/yoast-seo-wordpress\/ -->\n<title>Os efeitos negativos da pandemia ap\u00f3s a volta do cotidiano - Litoral SP<\/title>\n<meta name=\"description\" content=\"sofre com a pandemia do coronav\u00edrus desde mar\u00e7o de 2020. Quando ela come\u00e7ou, ap\u00f3s ser decretada pela Organiza\u00e7\u00e3o Mundial de Sa\u00fade (OMS)\" \/>\n<meta name=\"robots\" content=\"index, follow, max-snippet:-1, max-image-preview:large, max-video-preview:-1\" \/>\n<link rel=\"canonical\" href=\"https:\/\/redenoticiaz.com.br\/litoralsp\/2022\/04\/17\/os-efeitos-negativos-da-pandemia-apos-a-volta-do-cotidiano\" \/>\n<meta property=\"og:locale\" content=\"pt_BR\" \/>\n<meta property=\"og:type\" content=\"article\" \/>\n<meta property=\"og:title\" content=\"Os efeitos negativos da pandemia ap\u00f3s a volta do cotidiano - Litoral SP\" \/>\n<meta property=\"og:description\" content=\"sofre com a pandemia do coronav\u00edrus desde mar\u00e7o de 2020. Quando ela come\u00e7ou, ap\u00f3s ser decretada pela Organiza\u00e7\u00e3o Mundial de Sa\u00fade (OMS)\" \/>\n<meta property=\"og:url\" content=\"https:\/\/redenoticiaz.com.br\/litoralsp\/2022\/04\/17\/os-efeitos-negativos-da-pandemia-apos-a-volta-do-cotidiano\" \/>\n<meta property=\"og:site_name\" content=\"Litoral SP\" \/>\n<meta property=\"article:published_time\" content=\"2022-04-17T11:00:42+00:00\" \/>\n<meta name=\"author\" content=\"Leonardo Francisco\" \/>\n<meta name=\"twitter:card\" content=\"summary_large_image\" \/>\n<meta name=\"twitter:image\" content=\"https:\/\/redenoticiaz.com.br\/litoralsp\/wp-content\/uploads\/sites\/3\/2022\/04\/conflitos.jpg?v=1649951388\" \/>\n<meta name=\"twitter:label1\" content=\"Escrito por\" \/>\n\t<meta name=\"twitter:data1\" content=\"Leonardo Francisco\" \/>\n\t<meta name=\"twitter:label2\" content=\"Est. tempo de leitura\" \/>\n\t<meta name=\"twitter:data2\" content=\"5 minutos\" \/>\n<script type=\"application\/ld+json\" class=\"yoast-schema-graph\">{\"@context\":\"https:\\\/\\\/schema.org\",\"@graph\":[{\"@type\":\"Article\",\"@id\":\"https:\\\/\\\/redenoticiaz.com.br\\\/litoralsp\\\/2022\\\/04\\\/17\\\/os-efeitos-negativos-da-pandemia-apos-a-volta-do-cotidiano#article\",\"isPartOf\":{\"@id\":\"https:\\\/\\\/redenoticiaz.com.br\\\/litoralsp\\\/2022\\\/04\\\/17\\\/os-efeitos-negativos-da-pandemia-apos-a-volta-do-cotidiano\"},\"author\":{\"name\":\"Leonardo Francisco\",\"@id\":\"https:\\\/\\\/redenoticiaz.com.br\\\/litoralsp\\\/#\\\/schema\\\/person\\\/0f0b8a5bdafefe82841e07ae8d81ecb3\"},\"headline\":\"Os efeitos negativos da pandemia ap\u00f3s a volta do cotidiano\",\"datePublished\":\"2022-04-17T11:00:42+00:00\",\"mainEntityOfPage\":{\"@id\":\"https:\\\/\\\/redenoticiaz.com.br\\\/litoralsp\\\/2022\\\/04\\\/17\\\/os-efeitos-negativos-da-pandemia-apos-a-volta-do-cotidiano\"},\"wordCount\":944,\"commentCount\":0,\"publisher\":{\"@id\":\"https:\\\/\\\/redenoticiaz.com.br\\\/litoralsp\\\/#organization\"},\"image\":{\"@id\":\"https:\\\/\\\/redenoticiaz.com.br\\\/litoralsp\\\/2022\\\/04\\\/17\\\/os-efeitos-negativos-da-pandemia-apos-a-volta-do-cotidiano#primaryimage\"},\"thumbnailUrl\":\"https:\\\/\\\/redenoticiaz.com.br\\\/litoralsp\\\/wp-content\\\/uploads\\\/sites\\\/3\\\/2022\\\/04\\\/conflitos.jpg?v=1649951388\",\"keywords\":[\"BRIGAS\",\"COMPORTAMENTO\",\"CONFLITOS\",\"OMS\",\"ORGANIZA\u00c7\u00c3O MUNDIAL DE SA\u00daDE\",\"PANDEMIA DO CORONAV\u00cdRUS\",\"SOCIEDADE\"],\"articleSection\":[\"Sa\u00fade &amp; Bem-Estar\"],\"inLanguage\":\"pt-BR\",\"potentialAction\":[{\"@type\":\"CommentAction\",\"name\":\"Comment\",\"target\":[\"https:\\\/\\\/redenoticiaz.com.br\\\/litoralsp\\\/2022\\\/04\\\/17\\\/os-efeitos-negativos-da-pandemia-apos-a-volta-do-cotidiano#respond\"]}]},{\"@type\":\"WebPage\",\"@id\":\"https:\\\/\\\/redenoticiaz.com.br\\\/litoralsp\\\/2022\\\/04\\\/17\\\/os-efeitos-negativos-da-pandemia-apos-a-volta-do-cotidiano\",\"url\":\"https:\\\/\\\/redenoticiaz.com.br\\\/litoralsp\\\/2022\\\/04\\\/17\\\/os-efeitos-negativos-da-pandemia-apos-a-volta-do-cotidiano\",\"name\":\"Os efeitos negativos da pandemia ap\u00f3s a volta do cotidiano - Litoral SP\",\"isPartOf\":{\"@id\":\"https:\\\/\\\/redenoticiaz.com.br\\\/litoralsp\\\/#website\"},\"primaryImageOfPage\":{\"@id\":\"https:\\\/\\\/redenoticiaz.com.br\\\/litoralsp\\\/2022\\\/04\\\/17\\\/os-efeitos-negativos-da-pandemia-apos-a-volta-do-cotidiano#primaryimage\"},\"image\":{\"@id\":\"https:\\\/\\\/redenoticiaz.com.br\\\/litoralsp\\\/2022\\\/04\\\/17\\\/os-efeitos-negativos-da-pandemia-apos-a-volta-do-cotidiano#primaryimage\"},\"thumbnailUrl\":\"https:\\\/\\\/redenoticiaz.com.br\\\/litoralsp\\\/wp-content\\\/uploads\\\/sites\\\/3\\\/2022\\\/04\\\/conflitos.jpg?v=1649951388\",\"datePublished\":\"2022-04-17T11:00:42+00:00\",\"description\":\"sofre com a pandemia do coronav\u00edrus desde mar\u00e7o de 2020. Quando ela come\u00e7ou, ap\u00f3s ser decretada pela Organiza\u00e7\u00e3o Mundial de Sa\u00fade (OMS)\",\"inLanguage\":\"pt-BR\",\"potentialAction\":[{\"@type\":\"ReadAction\",\"target\":[\"https:\\\/\\\/redenoticiaz.com.br\\\/litoralsp\\\/2022\\\/04\\\/17\\\/os-efeitos-negativos-da-pandemia-apos-a-volta-do-cotidiano\"]}]},{\"@type\":\"ImageObject\",\"inLanguage\":\"pt-BR\",\"@id\":\"https:\\\/\\\/redenoticiaz.com.br\\\/litoralsp\\\/2022\\\/04\\\/17\\\/os-efeitos-negativos-da-pandemia-apos-a-volta-do-cotidiano#primaryimage\",\"url\":\"https:\\\/\\\/redenoticiaz.com.br\\\/litoralsp\\\/wp-content\\\/uploads\\\/sites\\\/3\\\/2022\\\/04\\\/conflitos.jpg?v=1649951388\",\"contentUrl\":\"https:\\\/\\\/redenoticiaz.com.br\\\/litoralsp\\\/wp-content\\\/uploads\\\/sites\\\/3\\\/2022\\\/04\\\/conflitos.jpg?v=1649951388\",\"width\":1200,\"height\":675,\"caption\":\"Brigas entre fam\u00edlias, e a popula\u00e7\u00e3o geral se afloraram ainda mais. Cr\u00e9ditos: Reprodu\u00e7\u00e3o\"},{\"@type\":\"WebSite\",\"@id\":\"https:\\\/\\\/redenoticiaz.com.br\\\/litoralsp\\\/#website\",\"url\":\"https:\\\/\\\/redenoticiaz.com.br\\\/litoralsp\\\/\",\"name\":\"Litoral SP\",\"description\":\"Rede NoticiaZ\",\"publisher\":{\"@id\":\"https:\\\/\\\/redenoticiaz.com.br\\\/litoralsp\\\/#organization\"},\"potentialAction\":[{\"@type\":\"SearchAction\",\"target\":{\"@type\":\"EntryPoint\",\"urlTemplate\":\"https:\\\/\\\/redenoticiaz.com.br\\\/litoralsp\\\/?s={search_term_string}\"},\"query-input\":{\"@type\":\"PropertyValueSpecification\",\"valueRequired\":true,\"valueName\":\"search_term_string\"}}],\"inLanguage\":\"pt-BR\"},{\"@type\":\"Organization\",\"@id\":\"https:\\\/\\\/redenoticiaz.com.br\\\/litoralsp\\\/#organization\",\"name\":\"Litoral SP\",\"url\":\"https:\\\/\\\/redenoticiaz.com.br\\\/litoralsp\\\/\",\"logo\":{\"@type\":\"ImageObject\",\"inLanguage\":\"pt-BR\",\"@id\":\"https:\\\/\\\/redenoticiaz.com.br\\\/litoralsp\\\/#\\\/schema\\\/logo\\\/image\\\/\",\"url\":\"https:\\\/\\\/redenoticiaz.com.br\\\/litoralsp\\\/wp-content\\\/uploads\\\/sites\\\/3\\\/2020\\\/11\\\/logo.jpg\",\"contentUrl\":\"https:\\\/\\\/redenoticiaz.com.br\\\/litoralsp\\\/wp-content\\\/uploads\\\/sites\\\/3\\\/2020\\\/11\\\/logo.jpg\",\"width\":400,\"height\":250,\"caption\":\"Litoral SP\"},\"image\":{\"@id\":\"https:\\\/\\\/redenoticiaz.com.br\\\/litoralsp\\\/#\\\/schema\\\/logo\\\/image\\\/\"}},{\"@type\":\"Person\",\"@id\":\"https:\\\/\\\/redenoticiaz.com.br\\\/litoralsp\\\/#\\\/schema\\\/person\\\/0f0b8a5bdafefe82841e07ae8d81ecb3\",\"name\":\"Leonardo Francisco\",\"image\":{\"@type\":\"ImageObject\",\"inLanguage\":\"pt-BR\",\"@id\":\"https:\\\/\\\/secure.gravatar.com\\\/avatar\\\/a7358cb406a99b682ec6df1e77e31ae82e63601f6784e8a3df411d72b37864da?s=96&d=mm&r=g\",\"url\":\"https:\\\/\\\/secure.gravatar.com\\\/avatar\\\/a7358cb406a99b682ec6df1e77e31ae82e63601f6784e8a3df411d72b37864da?s=96&d=mm&r=g\",\"contentUrl\":\"https:\\\/\\\/secure.gravatar.com\\\/avatar\\\/a7358cb406a99b682ec6df1e77e31ae82e63601f6784e8a3df411d72b37864da?s=96&d=mm&r=g\",\"caption\":\"Leonardo Francisco\"},\"url\":\"https:\\\/\\\/redenoticiaz.com.br\\\/litoralsp\\\/author\\\/leonardo-francisco\"}]}<\/script>\n<!-- \/ Yoast SEO plugin. -->","yoast_head_json":{"title":"Os efeitos negativos da pandemia ap\u00f3s a volta do cotidiano - Litoral SP","description":"sofre com a pandemia do coronav\u00edrus desde mar\u00e7o de 2020. Quando ela come\u00e7ou, ap\u00f3s ser decretada pela Organiza\u00e7\u00e3o Mundial de Sa\u00fade (OMS)","robots":{"index":"index","follow":"follow","max-snippet":"max-snippet:-1","max-image-preview":"max-image-preview:large","max-video-preview":"max-video-preview:-1"},"canonical":"https:\/\/redenoticiaz.com.br\/litoralsp\/2022\/04\/17\/os-efeitos-negativos-da-pandemia-apos-a-volta-do-cotidiano","og_locale":"pt_BR","og_type":"article","og_title":"Os efeitos negativos da pandemia ap\u00f3s a volta do cotidiano - Litoral SP","og_description":"sofre com a pandemia do coronav\u00edrus desde mar\u00e7o de 2020. Quando ela come\u00e7ou, ap\u00f3s ser decretada pela Organiza\u00e7\u00e3o Mundial de Sa\u00fade (OMS)","og_url":"https:\/\/redenoticiaz.com.br\/litoralsp\/2022\/04\/17\/os-efeitos-negativos-da-pandemia-apos-a-volta-do-cotidiano","og_site_name":"Litoral SP","article_published_time":"2022-04-17T11:00:42+00:00","author":"Leonardo Francisco","twitter_card":"summary_large_image","twitter_image":"https:\/\/redenoticiaz.com.br\/litoralsp\/wp-content\/uploads\/sites\/3\/2022\/04\/conflitos.jpg?v=1649951388","twitter_misc":{"Escrito por":"Leonardo Francisco","Est. tempo de leitura":"5 minutos"},"schema":{"@context":"https:\/\/schema.org","@graph":[{"@type":"Article","@id":"https:\/\/redenoticiaz.com.br\/litoralsp\/2022\/04\/17\/os-efeitos-negativos-da-pandemia-apos-a-volta-do-cotidiano#article","isPartOf":{"@id":"https:\/\/redenoticiaz.com.br\/litoralsp\/2022\/04\/17\/os-efeitos-negativos-da-pandemia-apos-a-volta-do-cotidiano"},"author":{"name":"Leonardo Francisco","@id":"https:\/\/redenoticiaz.com.br\/litoralsp\/#\/schema\/person\/0f0b8a5bdafefe82841e07ae8d81ecb3"},"headline":"Os efeitos negativos da pandemia ap\u00f3s a volta do cotidiano","datePublished":"2022-04-17T11:00:42+00:00","mainEntityOfPage":{"@id":"https:\/\/redenoticiaz.com.br\/litoralsp\/2022\/04\/17\/os-efeitos-negativos-da-pandemia-apos-a-volta-do-cotidiano"},"wordCount":944,"commentCount":0,"publisher":{"@id":"https:\/\/redenoticiaz.com.br\/litoralsp\/#organization"},"image":{"@id":"https:\/\/redenoticiaz.com.br\/litoralsp\/2022\/04\/17\/os-efeitos-negativos-da-pandemia-apos-a-volta-do-cotidiano#primaryimage"},"thumbnailUrl":"https:\/\/redenoticiaz.com.br\/litoralsp\/wp-content\/uploads\/sites\/3\/2022\/04\/conflitos.jpg?v=1649951388","keywords":["BRIGAS","COMPORTAMENTO","CONFLITOS","OMS","ORGANIZA\u00c7\u00c3O MUNDIAL DE SA\u00daDE","PANDEMIA DO CORONAV\u00cdRUS","SOCIEDADE"],"articleSection":["Sa\u00fade &amp; Bem-Estar"],"inLanguage":"pt-BR","potentialAction":[{"@type":"CommentAction","name":"Comment","target":["https:\/\/redenoticiaz.com.br\/litoralsp\/2022\/04\/17\/os-efeitos-negativos-da-pandemia-apos-a-volta-do-cotidiano#respond"]}]},{"@type":"WebPage","@id":"https:\/\/redenoticiaz.com.br\/litoralsp\/2022\/04\/17\/os-efeitos-negativos-da-pandemia-apos-a-volta-do-cotidiano","url":"https:\/\/redenoticiaz.com.br\/litoralsp\/2022\/04\/17\/os-efeitos-negativos-da-pandemia-apos-a-volta-do-cotidiano","name":"Os efeitos negativos da pandemia ap\u00f3s a volta do cotidiano - Litoral SP","isPartOf":{"@id":"https:\/\/redenoticiaz.com.br\/litoralsp\/#website"},"primaryImageOfPage":{"@id":"https:\/\/redenoticiaz.com.br\/litoralsp\/2022\/04\/17\/os-efeitos-negativos-da-pandemia-apos-a-volta-do-cotidiano#primaryimage"},"image":{"@id":"https:\/\/redenoticiaz.com.br\/litoralsp\/2022\/04\/17\/os-efeitos-negativos-da-pandemia-apos-a-volta-do-cotidiano#primaryimage"},"thumbnailUrl":"https:\/\/redenoticiaz.com.br\/litoralsp\/wp-content\/uploads\/sites\/3\/2022\/04\/conflitos.jpg?v=1649951388","datePublished":"2022-04-17T11:00:42+00:00","description":"sofre com a pandemia do coronav\u00edrus desde mar\u00e7o de 2020. Quando ela come\u00e7ou, ap\u00f3s ser decretada pela Organiza\u00e7\u00e3o Mundial de Sa\u00fade (OMS)","inLanguage":"pt-BR","potentialAction":[{"@type":"ReadAction","target":["https:\/\/redenoticiaz.com.br\/litoralsp\/2022\/04\/17\/os-efeitos-negativos-da-pandemia-apos-a-volta-do-cotidiano"]}]},{"@type":"ImageObject","inLanguage":"pt-BR","@id":"https:\/\/redenoticiaz.com.br\/litoralsp\/2022\/04\/17\/os-efeitos-negativos-da-pandemia-apos-a-volta-do-cotidiano#primaryimage","url":"https:\/\/redenoticiaz.com.br\/litoralsp\/wp-content\/uploads\/sites\/3\/2022\/04\/conflitos.jpg?v=1649951388","contentUrl":"https:\/\/redenoticiaz.com.br\/litoralsp\/wp-content\/uploads\/sites\/3\/2022\/04\/conflitos.jpg?v=1649951388","width":1200,"height":675,"caption":"Brigas entre fam\u00edlias, e a popula\u00e7\u00e3o geral se afloraram ainda mais. Cr\u00e9ditos: Reprodu\u00e7\u00e3o"},{"@type":"WebSite","@id":"https:\/\/redenoticiaz.com.br\/litoralsp\/#website","url":"https:\/\/redenoticiaz.com.br\/litoralsp\/","name":"Litoral SP","description":"Rede NoticiaZ","publisher":{"@id":"https:\/\/redenoticiaz.com.br\/litoralsp\/#organization"},"potentialAction":[{"@type":"SearchAction","target":{"@type":"EntryPoint","urlTemplate":"https:\/\/redenoticiaz.com.br\/litoralsp\/?s={search_term_string}"},"query-input":{"@type":"PropertyValueSpecification","valueRequired":true,"valueName":"search_term_string"}}],"inLanguage":"pt-BR"},{"@type":"Organization","@id":"https:\/\/redenoticiaz.com.br\/litoralsp\/#organization","name":"Litoral SP","url":"https:\/\/redenoticiaz.com.br\/litoralsp\/","logo":{"@type":"ImageObject","inLanguage":"pt-BR","@id":"https:\/\/redenoticiaz.com.br\/litoralsp\/#\/schema\/logo\/image\/","url":"https:\/\/redenoticiaz.com.br\/litoralsp\/wp-content\/uploads\/sites\/3\/2020\/11\/logo.jpg","contentUrl":"https:\/\/redenoticiaz.com.br\/litoralsp\/wp-content\/uploads\/sites\/3\/2020\/11\/logo.jpg","width":400,"height":250,"caption":"Litoral SP"},"image":{"@id":"https:\/\/redenoticiaz.com.br\/litoralsp\/#\/schema\/logo\/image\/"}},{"@type":"Person","@id":"https:\/\/redenoticiaz.com.br\/litoralsp\/#\/schema\/person\/0f0b8a5bdafefe82841e07ae8d81ecb3","name":"Leonardo Francisco","image":{"@type":"ImageObject","inLanguage":"pt-BR","@id":"https:\/\/secure.gravatar.com\/avatar\/a7358cb406a99b682ec6df1e77e31ae82e63601f6784e8a3df411d72b37864da?s=96&d=mm&r=g","url":"https:\/\/secure.gravatar.com\/avatar\/a7358cb406a99b682ec6df1e77e31ae82e63601f6784e8a3df411d72b37864da?s=96&d=mm&r=g","contentUrl":"https:\/\/secure.gravatar.com\/avatar\/a7358cb406a99b682ec6df1e77e31ae82e63601f6784e8a3df411d72b37864da?s=96&d=mm&r=g","caption":"Leonardo Francisco"},"url":"https:\/\/redenoticiaz.com.br\/litoralsp\/author\/leonardo-francisco"}]}},"_links":{"self":[{"href":"https:\/\/redenoticiaz.com.br\/litoralsp\/wp-json\/wp\/v2\/posts\/26656","targetHints":{"allow":["GET"]}}],"collection":[{"href":"https:\/\/redenoticiaz.com.br\/litoralsp\/wp-json\/wp\/v2\/posts"}],"about":[{"href":"https:\/\/redenoticiaz.com.br\/litoralsp\/wp-json\/wp\/v2\/types\/post"}],"author":[{"embeddable":true,"href":"https:\/\/redenoticiaz.com.br\/litoralsp\/wp-json\/wp\/v2\/users\/6"}],"replies":[{"embeddable":true,"href":"https:\/\/redenoticiaz.com.br\/litoralsp\/wp-json\/wp\/v2\/comments?post=26656"}],"version-history":[{"count":0,"href":"https:\/\/redenoticiaz.com.br\/litoralsp\/wp-json\/wp\/v2\/posts\/26656\/revisions"}],"wp:featuredmedia":[{"embeddable":true,"href":"https:\/\/redenoticiaz.com.br\/litoralsp\/wp-json\/wp\/v2\/media\/26657"}],"wp:attachment":[{"href":"https:\/\/redenoticiaz.com.br\/litoralsp\/wp-json\/wp\/v2\/media?parent=26656"}],"wp:term":[{"taxonomy":"category","embeddable":true,"href":"https:\/\/redenoticiaz.com.br\/litoralsp\/wp-json\/wp\/v2\/categories?post=26656"},{"taxonomy":"post_tag","embeddable":true,"href":"https:\/\/redenoticiaz.com.br\/litoralsp\/wp-json\/wp\/v2\/tags?post=26656"}],"curies":[{"name":"wp","href":"https:\/\/api.w.org\/{rel}","templated":true}]}}