{"id":26672,"date":"2022-04-14T14:02:12","date_gmt":"2022-04-14T17:02:12","guid":{"rendered":"https:\/\/redenoticiaz.com.br\/litoralsp\/?p=26672"},"modified":"2022-04-14T14:02:12","modified_gmt":"2022-04-14T17:02:12","slug":"rodovias-do-litoral-norte-devem-ter-grande-movimento-de-veiculos-no-feriado-de-pascoa","status":"publish","type":"post","link":"https:\/\/redenoticiaz.com.br\/litoralsp\/2022\/04\/14\/rodovias-do-litoral-norte-devem-ter-grande-movimento-de-veiculos-no-feriado-de-pascoa","title":{"rendered":"Rodovias do Litoral Norte devem ter grande movimento de ve\u00edculos no feriado de P\u00e1scoa"},"content":{"rendered":"<p>O feriado prolongado de P\u00e1scoa deve ter um <strong>grande movimento de ve\u00edculos nas rodovias<\/strong> do Litoral Norte. Somente na <a href=\"https:\/\/www.concessionariatamoios.com.br\/\">Rodovia dos Tamoios<\/a>, s\u00e3o esperados 257 mil ve\u00edculos passando em dire\u00e7\u00e3o \u00e0s cidades da regi\u00e3o.<\/p>\n<p>No caso da Tamoios, este ser\u00e1 o primeiro feriado ap\u00f3s a inaugura\u00e7\u00e3o do trecho na serra. De acordo com a concession\u00e1ria, a nova pista vai ser usada na opera\u00e7\u00e3o descida, para refor\u00e7o com o aumento de ve\u00edculos.<\/p>\n<div class=\"mc-column content-text active-extra-styles \" data-block-type=\"unstyled\" data-block-weight=\"37\" data-block-id=\"4\">\n<p class=\"content-text__container \" data-track-category=\"Link no Texto\" data-track-links=\"\">J\u00e1 na Oswaldo Cruz, que leva de Taubat\u00e9 a Ubatuba, s\u00e3o esperados 52 mil ve\u00edculos. O hor\u00e1rio de pico come\u00e7a nesta quinta-feira. E na Rio-Santos, cerca de 200 mil ve\u00edculos devem passar pelo trecho no sentido litoral.<\/p>\n<p data-track-category=\"Link no Texto\" data-track-links=\"\">Em Ubatuba, os motoristas devem ficar atentos aos trechos ainda interditados da Rio-Santos com as chuvas da \u00faltima semana. De acordo com a Pol\u00edcia Rodovi\u00e1ria Federal (PRF), a rodovia ainda tem oito trechos com alguma interdi\u00e7\u00e3o, na pista ou no acostamento. No km 33 a pista est\u00e1 com uma faixa interditada depois que o asfalto cedeu e abriu uma cratera na pista.<\/p>\n<p data-track-category=\"Link no Texto\" data-track-links=\"\"><strong>LEIA TAMB\u00c9M<\/strong><\/p>\n<p data-track-category=\"Link no Texto\" data-track-links=\"\"><a href=\"https:\/\/redenoticiaz.com.br\/litoralsp\/2022\/04\/13\/travessia-de-balsas-entre-santos-e-guaruja-conta-com-novo-pier\">Travessia de balsas entre Santos e Guaruj\u00e1 conta com novo p\u00eder<\/a><\/p>\n<\/div>\n<div class=\"content-ads content-ads--reveal\" data-block-type=\"ads\" data-block-id=\"5\">\n<div id=\"banner_materia2\" class=\"tag-manager-publicidade-container mc-has-reveal mc-has-ad-lazyload tag-manager-publicidade-banner_materia2 tag-manager-publicidade-container--carregado tag-manager-publicidade-container--visivel\" data-id=\"banner_materia2\" data-req=\"true\" data-google-query-id=\"CLqVzZ7-k_cCFWszuQYdE80IvQ\" data-cid=\"138388227755\" data-lid=\"5984692748\"><\/div>\n<\/div>\n","protected":false},"excerpt":{"rendered":"<p>O feriado prolongado de P\u00e1scoa deve ter um grande movimento de ve\u00edculos nas rodovias do Litoral Norte. Somente na Rodovia dos Tamoios, s\u00e3o esperados 257 mil ve\u00edculos passando em dire\u00e7\u00e3o \u00e0s cidades da regi\u00e3o. No caso da Tamoios, este ser\u00e1 o primeiro feriado ap\u00f3s a inaugura\u00e7\u00e3o do trecho na serra. De acordo com a concession\u00e1ria, &hellip;<\/p>\n","protected":false},"author":6,"featured_media":26673,"comment_status":"open","ping_status":"closed","sticky":false,"template":"","format":"standard","meta":{"footnotes":""},"categories":[2881,188,5,189],"tags":[17393,6496,2802,6896,4629,22246],"class_list":["post-26672","post","type-post","status-publish","format-standard","has-post-thumbnail","hentry","category-caraguatatuba","category-sao-sebastiao","category-transito","category-ubatuba","tag-feriado-da-pascoa","tag-litoral-norte","tag-rodovia-dos-tamoios","tag-rodovia-oswaldo-cruz","tag-rodovia-rio-santos","tag-rodovias"],"yoast_head":"<!-- This site is optimized with the Yoast SEO plugin v27.5 - https:\/\/yoast.com\/product\/yoast-seo-wordpress\/ -->\n<title>Rodovias do Litoral Norte devem ter grande movimento de ve\u00edculos no feriado de P\u00e1scoa - Litoral SP<\/title>\n<meta name=\"description\" content=\"P\u00e1scoa deve ter um grande movimento de ve\u00edculos nas rodovias do Litoral Norte. Somente na Rodovia dos Tamoios, s\u00e3o esperados\" \/>\n<meta name=\"robots\" content=\"index, follow, max-snippet:-1, max-image-preview:large, max-video-preview:-1\" \/>\n<link rel=\"canonical\" href=\"https:\/\/redenoticiaz.com.br\/litoralsp\/2022\/04\/14\/rodovias-do-litoral-norte-devem-ter-grande-movimento-de-veiculos-no-feriado-de-pascoa\" \/>\n<meta property=\"og:locale\" content=\"pt_BR\" \/>\n<meta property=\"og:type\" content=\"article\" \/>\n<meta property=\"og:title\" content=\"Rodovias do Litoral Norte devem ter grande movimento de ve\u00edculos no feriado de P\u00e1scoa - Litoral SP\" \/>\n<meta property=\"og:description\" content=\"P\u00e1scoa deve ter um grande movimento de ve\u00edculos nas rodovias do Litoral Norte. Somente na Rodovia dos Tamoios, s\u00e3o esperados\" \/>\n<meta property=\"og:url\" content=\"https:\/\/redenoticiaz.com.br\/litoralsp\/2022\/04\/14\/rodovias-do-litoral-norte-devem-ter-grande-movimento-de-veiculos-no-feriado-de-pascoa\" \/>\n<meta property=\"og:site_name\" content=\"Litoral SP\" \/>\n<meta property=\"article:published_time\" content=\"2022-04-14T17:02:12+00:00\" \/>\n<meta property=\"og:image\" content=\"https:\/\/redenoticiaz.com.br\/litoralsp\/wp-content\/uploads\/sites\/3\/2022\/04\/tamoios.jpeg\" \/>\n\t<meta property=\"og:image:width\" content=\"637\" \/>\n\t<meta property=\"og:image:height\" content=\"472\" \/>\n\t<meta property=\"og:image:type\" content=\"image\/jpeg\" \/>\n<meta name=\"author\" content=\"Leonardo Francisco\" \/>\n<meta name=\"twitter:card\" content=\"summary_large_image\" \/>\n<meta name=\"twitter:label1\" content=\"Escrito por\" \/>\n\t<meta name=\"twitter:data1\" content=\"Leonardo Francisco\" \/>\n\t<meta name=\"twitter:label2\" content=\"Est. tempo de leitura\" \/>\n\t<meta name=\"twitter:data2\" content=\"1 minuto\" \/>\n<script type=\"application\/ld+json\" class=\"yoast-schema-graph\">{\"@context\":\"https:\\\/\\\/schema.org\",\"@graph\":[{\"@type\":\"Article\",\"@id\":\"https:\\\/\\\/redenoticiaz.com.br\\\/litoralsp\\\/2022\\\/04\\\/14\\\/rodovias-do-litoral-norte-devem-ter-grande-movimento-de-veiculos-no-feriado-de-pascoa#article\",\"isPartOf\":{\"@id\":\"https:\\\/\\\/redenoticiaz.com.br\\\/litoralsp\\\/2022\\\/04\\\/14\\\/rodovias-do-litoral-norte-devem-ter-grande-movimento-de-veiculos-no-feriado-de-pascoa\"},\"author\":{\"name\":\"Leonardo Francisco\",\"@id\":\"https:\\\/\\\/redenoticiaz.com.br\\\/litoralsp\\\/#\\\/schema\\\/person\\\/0f0b8a5bdafefe82841e07ae8d81ecb3\"},\"headline\":\"Rodovias do Litoral Norte devem ter grande movimento de ve\u00edculos no feriado de P\u00e1scoa\",\"datePublished\":\"2022-04-14T17:02:12+00:00\",\"mainEntityOfPage\":{\"@id\":\"https:\\\/\\\/redenoticiaz.com.br\\\/litoralsp\\\/2022\\\/04\\\/14\\\/rodovias-do-litoral-norte-devem-ter-grande-movimento-de-veiculos-no-feriado-de-pascoa\"},\"wordCount\":217,\"commentCount\":0,\"publisher\":{\"@id\":\"https:\\\/\\\/redenoticiaz.com.br\\\/litoralsp\\\/#organization\"},\"image\":{\"@id\":\"https:\\\/\\\/redenoticiaz.com.br\\\/litoralsp\\\/2022\\\/04\\\/14\\\/rodovias-do-litoral-norte-devem-ter-grande-movimento-de-veiculos-no-feriado-de-pascoa#primaryimage\"},\"thumbnailUrl\":\"https:\\\/\\\/redenoticiaz.com.br\\\/litoralsp\\\/wp-content\\\/uploads\\\/sites\\\/3\\\/2022\\\/04\\\/tamoios.jpeg\",\"keywords\":[\"FERIADO DA P\u00c1SCOA\",\"LITORAL NORTE\",\"RODOVIA DOS TAMOIOS\",\"RODOVIA OSWALDO CRUZ\",\"RODOVIA RIO-SANTOS\",\"rodovias\"],\"articleSection\":[\"Caraguatatuba\",\"S\u00e3o Sebasti\u00e3o\",\"Tr\u00e2nsito\",\"Ubatuba\"],\"inLanguage\":\"pt-BR\",\"potentialAction\":[{\"@type\":\"CommentAction\",\"name\":\"Comment\",\"target\":[\"https:\\\/\\\/redenoticiaz.com.br\\\/litoralsp\\\/2022\\\/04\\\/14\\\/rodovias-do-litoral-norte-devem-ter-grande-movimento-de-veiculos-no-feriado-de-pascoa#respond\"]}]},{\"@type\":\"WebPage\",\"@id\":\"https:\\\/\\\/redenoticiaz.com.br\\\/litoralsp\\\/2022\\\/04\\\/14\\\/rodovias-do-litoral-norte-devem-ter-grande-movimento-de-veiculos-no-feriado-de-pascoa\",\"url\":\"https:\\\/\\\/redenoticiaz.com.br\\\/litoralsp\\\/2022\\\/04\\\/14\\\/rodovias-do-litoral-norte-devem-ter-grande-movimento-de-veiculos-no-feriado-de-pascoa\",\"name\":\"Rodovias do Litoral Norte devem ter grande movimento de ve\u00edculos no feriado de P\u00e1scoa - Litoral SP\",\"isPartOf\":{\"@id\":\"https:\\\/\\\/redenoticiaz.com.br\\\/litoralsp\\\/#website\"},\"primaryImageOfPage\":{\"@id\":\"https:\\\/\\\/redenoticiaz.com.br\\\/litoralsp\\\/2022\\\/04\\\/14\\\/rodovias-do-litoral-norte-devem-ter-grande-movimento-de-veiculos-no-feriado-de-pascoa#primaryimage\"},\"image\":{\"@id\":\"https:\\\/\\\/redenoticiaz.com.br\\\/litoralsp\\\/2022\\\/04\\\/14\\\/rodovias-do-litoral-norte-devem-ter-grande-movimento-de-veiculos-no-feriado-de-pascoa#primaryimage\"},\"thumbnailUrl\":\"https:\\\/\\\/redenoticiaz.com.br\\\/litoralsp\\\/wp-content\\\/uploads\\\/sites\\\/3\\\/2022\\\/04\\\/tamoios.jpeg\",\"datePublished\":\"2022-04-14T17:02:12+00:00\",\"description\":\"P\u00e1scoa deve ter um grande movimento de ve\u00edculos nas rodovias do Litoral Norte. Somente na Rodovia dos Tamoios, s\u00e3o esperados\",\"inLanguage\":\"pt-BR\",\"potentialAction\":[{\"@type\":\"ReadAction\",\"target\":[\"https:\\\/\\\/redenoticiaz.com.br\\\/litoralsp\\\/2022\\\/04\\\/14\\\/rodovias-do-litoral-norte-devem-ter-grande-movimento-de-veiculos-no-feriado-de-pascoa\"]}]},{\"@type\":\"ImageObject\",\"inLanguage\":\"pt-BR\",\"@id\":\"https:\\\/\\\/redenoticiaz.com.br\\\/litoralsp\\\/2022\\\/04\\\/14\\\/rodovias-do-litoral-norte-devem-ter-grande-movimento-de-veiculos-no-feriado-de-pascoa#primaryimage\",\"url\":\"https:\\\/\\\/redenoticiaz.com.br\\\/litoralsp\\\/wp-content\\\/uploads\\\/sites\\\/3\\\/2022\\\/04\\\/tamoios.jpeg\",\"contentUrl\":\"https:\\\/\\\/redenoticiaz.com.br\\\/litoralsp\\\/wp-content\\\/uploads\\\/sites\\\/3\\\/2022\\\/04\\\/tamoios.jpeg\",\"width\":637,\"height\":472,\"caption\":\"Cr\u00e9ditos: Divulga\u00e7\u00e3o\\\/Governo de S\u00e3o Paulo\"},{\"@type\":\"WebSite\",\"@id\":\"https:\\\/\\\/redenoticiaz.com.br\\\/litoralsp\\\/#website\",\"url\":\"https:\\\/\\\/redenoticiaz.com.br\\\/litoralsp\\\/\",\"name\":\"Litoral SP\",\"description\":\"Rede NoticiaZ\",\"publisher\":{\"@id\":\"https:\\\/\\\/redenoticiaz.com.br\\\/litoralsp\\\/#organization\"},\"potentialAction\":[{\"@type\":\"SearchAction\",\"target\":{\"@type\":\"EntryPoint\",\"urlTemplate\":\"https:\\\/\\\/redenoticiaz.com.br\\\/litoralsp\\\/?s={search_term_string}\"},\"query-input\":{\"@type\":\"PropertyValueSpecification\",\"valueRequired\":true,\"valueName\":\"search_term_string\"}}],\"inLanguage\":\"pt-BR\"},{\"@type\":\"Organization\",\"@id\":\"https:\\\/\\\/redenoticiaz.com.br\\\/litoralsp\\\/#organization\",\"name\":\"Litoral SP\",\"url\":\"https:\\\/\\\/redenoticiaz.com.br\\\/litoralsp\\\/\",\"logo\":{\"@type\":\"ImageObject\",\"inLanguage\":\"pt-BR\",\"@id\":\"https:\\\/\\\/redenoticiaz.com.br\\\/litoralsp\\\/#\\\/schema\\\/logo\\\/image\\\/\",\"url\":\"https:\\\/\\\/redenoticiaz.com.br\\\/litoralsp\\\/wp-content\\\/uploads\\\/sites\\\/3\\\/2020\\\/11\\\/logo.jpg\",\"contentUrl\":\"https:\\\/\\\/redenoticiaz.com.br\\\/litoralsp\\\/wp-content\\\/uploads\\\/sites\\\/3\\\/2020\\\/11\\\/logo.jpg\",\"width\":400,\"height\":250,\"caption\":\"Litoral SP\"},\"image\":{\"@id\":\"https:\\\/\\\/redenoticiaz.com.br\\\/litoralsp\\\/#\\\/schema\\\/logo\\\/image\\\/\"}},{\"@type\":\"Person\",\"@id\":\"https:\\\/\\\/redenoticiaz.com.br\\\/litoralsp\\\/#\\\/schema\\\/person\\\/0f0b8a5bdafefe82841e07ae8d81ecb3\",\"name\":\"Leonardo Francisco\",\"image\":{\"@type\":\"ImageObject\",\"inLanguage\":\"pt-BR\",\"@id\":\"https:\\\/\\\/secure.gravatar.com\\\/avatar\\\/a7358cb406a99b682ec6df1e77e31ae82e63601f6784e8a3df411d72b37864da?s=96&d=mm&r=g\",\"url\":\"https:\\\/\\\/secure.gravatar.com\\\/avatar\\\/a7358cb406a99b682ec6df1e77e31ae82e63601f6784e8a3df411d72b37864da?s=96&d=mm&r=g\",\"contentUrl\":\"https:\\\/\\\/secure.gravatar.com\\\/avatar\\\/a7358cb406a99b682ec6df1e77e31ae82e63601f6784e8a3df411d72b37864da?s=96&d=mm&r=g\",\"caption\":\"Leonardo Francisco\"},\"url\":\"https:\\\/\\\/redenoticiaz.com.br\\\/litoralsp\\\/author\\\/leonardo-francisco\"}]}<\/script>\n<!-- \/ Yoast SEO plugin. -->","yoast_head_json":{"title":"Rodovias do Litoral Norte devem ter grande movimento de ve\u00edculos no feriado de P\u00e1scoa - Litoral SP","description":"P\u00e1scoa deve ter um grande movimento de ve\u00edculos nas rodovias do Litoral Norte. Somente na Rodovia dos Tamoios, s\u00e3o esperados","robots":{"index":"index","follow":"follow","max-snippet":"max-snippet:-1","max-image-preview":"max-image-preview:large","max-video-preview":"max-video-preview:-1"},"canonical":"https:\/\/redenoticiaz.com.br\/litoralsp\/2022\/04\/14\/rodovias-do-litoral-norte-devem-ter-grande-movimento-de-veiculos-no-feriado-de-pascoa","og_locale":"pt_BR","og_type":"article","og_title":"Rodovias do Litoral Norte devem ter grande movimento de ve\u00edculos no feriado de P\u00e1scoa - Litoral SP","og_description":"P\u00e1scoa deve ter um grande movimento de ve\u00edculos nas rodovias do Litoral Norte. Somente na Rodovia dos Tamoios, s\u00e3o esperados","og_url":"https:\/\/redenoticiaz.com.br\/litoralsp\/2022\/04\/14\/rodovias-do-litoral-norte-devem-ter-grande-movimento-de-veiculos-no-feriado-de-pascoa","og_site_name":"Litoral SP","article_published_time":"2022-04-14T17:02:12+00:00","og_image":[{"width":637,"height":472,"url":"https:\/\/redenoticiaz.com.br\/litoralsp\/wp-content\/uploads\/sites\/3\/2022\/04\/tamoios.jpeg","type":"image\/jpeg"}],"author":"Leonardo Francisco","twitter_card":"summary_large_image","twitter_misc":{"Escrito por":"Leonardo Francisco","Est. tempo de leitura":"1 minuto"},"schema":{"@context":"https:\/\/schema.org","@graph":[{"@type":"Article","@id":"https:\/\/redenoticiaz.com.br\/litoralsp\/2022\/04\/14\/rodovias-do-litoral-norte-devem-ter-grande-movimento-de-veiculos-no-feriado-de-pascoa#article","isPartOf":{"@id":"https:\/\/redenoticiaz.com.br\/litoralsp\/2022\/04\/14\/rodovias-do-litoral-norte-devem-ter-grande-movimento-de-veiculos-no-feriado-de-pascoa"},"author":{"name":"Leonardo Francisco","@id":"https:\/\/redenoticiaz.com.br\/litoralsp\/#\/schema\/person\/0f0b8a5bdafefe82841e07ae8d81ecb3"},"headline":"Rodovias do Litoral Norte devem ter grande movimento de ve\u00edculos no feriado de P\u00e1scoa","datePublished":"2022-04-14T17:02:12+00:00","mainEntityOfPage":{"@id":"https:\/\/redenoticiaz.com.br\/litoralsp\/2022\/04\/14\/rodovias-do-litoral-norte-devem-ter-grande-movimento-de-veiculos-no-feriado-de-pascoa"},"wordCount":217,"commentCount":0,"publisher":{"@id":"https:\/\/redenoticiaz.com.br\/litoralsp\/#organization"},"image":{"@id":"https:\/\/redenoticiaz.com.br\/litoralsp\/2022\/04\/14\/rodovias-do-litoral-norte-devem-ter-grande-movimento-de-veiculos-no-feriado-de-pascoa#primaryimage"},"thumbnailUrl":"https:\/\/redenoticiaz.com.br\/litoralsp\/wp-content\/uploads\/sites\/3\/2022\/04\/tamoios.jpeg","keywords":["FERIADO DA P\u00c1SCOA","LITORAL NORTE","RODOVIA DOS TAMOIOS","RODOVIA OSWALDO CRUZ","RODOVIA RIO-SANTOS","rodovias"],"articleSection":["Caraguatatuba","S\u00e3o Sebasti\u00e3o","Tr\u00e2nsito","Ubatuba"],"inLanguage":"pt-BR","potentialAction":[{"@type":"CommentAction","name":"Comment","target":["https:\/\/redenoticiaz.com.br\/litoralsp\/2022\/04\/14\/rodovias-do-litoral-norte-devem-ter-grande-movimento-de-veiculos-no-feriado-de-pascoa#respond"]}]},{"@type":"WebPage","@id":"https:\/\/redenoticiaz.com.br\/litoralsp\/2022\/04\/14\/rodovias-do-litoral-norte-devem-ter-grande-movimento-de-veiculos-no-feriado-de-pascoa","url":"https:\/\/redenoticiaz.com.br\/litoralsp\/2022\/04\/14\/rodovias-do-litoral-norte-devem-ter-grande-movimento-de-veiculos-no-feriado-de-pascoa","name":"Rodovias do Litoral Norte devem ter grande movimento de ve\u00edculos no feriado de P\u00e1scoa - Litoral SP","isPartOf":{"@id":"https:\/\/redenoticiaz.com.br\/litoralsp\/#website"},"primaryImageOfPage":{"@id":"https:\/\/redenoticiaz.com.br\/litoralsp\/2022\/04\/14\/rodovias-do-litoral-norte-devem-ter-grande-movimento-de-veiculos-no-feriado-de-pascoa#primaryimage"},"image":{"@id":"https:\/\/redenoticiaz.com.br\/litoralsp\/2022\/04\/14\/rodovias-do-litoral-norte-devem-ter-grande-movimento-de-veiculos-no-feriado-de-pascoa#primaryimage"},"thumbnailUrl":"https:\/\/redenoticiaz.com.br\/litoralsp\/wp-content\/uploads\/sites\/3\/2022\/04\/tamoios.jpeg","datePublished":"2022-04-14T17:02:12+00:00","description":"P\u00e1scoa deve ter um grande movimento de ve\u00edculos nas rodovias do Litoral Norte. Somente na Rodovia dos Tamoios, s\u00e3o esperados","inLanguage":"pt-BR","potentialAction":[{"@type":"ReadAction","target":["https:\/\/redenoticiaz.com.br\/litoralsp\/2022\/04\/14\/rodovias-do-litoral-norte-devem-ter-grande-movimento-de-veiculos-no-feriado-de-pascoa"]}]},{"@type":"ImageObject","inLanguage":"pt-BR","@id":"https:\/\/redenoticiaz.com.br\/litoralsp\/2022\/04\/14\/rodovias-do-litoral-norte-devem-ter-grande-movimento-de-veiculos-no-feriado-de-pascoa#primaryimage","url":"https:\/\/redenoticiaz.com.br\/litoralsp\/wp-content\/uploads\/sites\/3\/2022\/04\/tamoios.jpeg","contentUrl":"https:\/\/redenoticiaz.com.br\/litoralsp\/wp-content\/uploads\/sites\/3\/2022\/04\/tamoios.jpeg","width":637,"height":472,"caption":"Cr\u00e9ditos: Divulga\u00e7\u00e3o\/Governo de S\u00e3o Paulo"},{"@type":"WebSite","@id":"https:\/\/redenoticiaz.com.br\/litoralsp\/#website","url":"https:\/\/redenoticiaz.com.br\/litoralsp\/","name":"Litoral SP","description":"Rede NoticiaZ","publisher":{"@id":"https:\/\/redenoticiaz.com.br\/litoralsp\/#organization"},"potentialAction":[{"@type":"SearchAction","target":{"@type":"EntryPoint","urlTemplate":"https:\/\/redenoticiaz.com.br\/litoralsp\/?s={search_term_string}"},"query-input":{"@type":"PropertyValueSpecification","valueRequired":true,"valueName":"search_term_string"}}],"inLanguage":"pt-BR"},{"@type":"Organization","@id":"https:\/\/redenoticiaz.com.br\/litoralsp\/#organization","name":"Litoral SP","url":"https:\/\/redenoticiaz.com.br\/litoralsp\/","logo":{"@type":"ImageObject","inLanguage":"pt-BR","@id":"https:\/\/redenoticiaz.com.br\/litoralsp\/#\/schema\/logo\/image\/","url":"https:\/\/redenoticiaz.com.br\/litoralsp\/wp-content\/uploads\/sites\/3\/2020\/11\/logo.jpg","contentUrl":"https:\/\/redenoticiaz.com.br\/litoralsp\/wp-content\/uploads\/sites\/3\/2020\/11\/logo.jpg","width":400,"height":250,"caption":"Litoral SP"},"image":{"@id":"https:\/\/redenoticiaz.com.br\/litoralsp\/#\/schema\/logo\/image\/"}},{"@type":"Person","@id":"https:\/\/redenoticiaz.com.br\/litoralsp\/#\/schema\/person\/0f0b8a5bdafefe82841e07ae8d81ecb3","name":"Leonardo Francisco","image":{"@type":"ImageObject","inLanguage":"pt-BR","@id":"https:\/\/secure.gravatar.com\/avatar\/a7358cb406a99b682ec6df1e77e31ae82e63601f6784e8a3df411d72b37864da?s=96&d=mm&r=g","url":"https:\/\/secure.gravatar.com\/avatar\/a7358cb406a99b682ec6df1e77e31ae82e63601f6784e8a3df411d72b37864da?s=96&d=mm&r=g","contentUrl":"https:\/\/secure.gravatar.com\/avatar\/a7358cb406a99b682ec6df1e77e31ae82e63601f6784e8a3df411d72b37864da?s=96&d=mm&r=g","caption":"Leonardo Francisco"},"url":"https:\/\/redenoticiaz.com.br\/litoralsp\/author\/leonardo-francisco"}]}},"_links":{"self":[{"href":"https:\/\/redenoticiaz.com.br\/litoralsp\/wp-json\/wp\/v2\/posts\/26672","targetHints":{"allow":["GET"]}}],"collection":[{"href":"https:\/\/redenoticiaz.com.br\/litoralsp\/wp-json\/wp\/v2\/posts"}],"about":[{"href":"https:\/\/redenoticiaz.com.br\/litoralsp\/wp-json\/wp\/v2\/types\/post"}],"author":[{"embeddable":true,"href":"https:\/\/redenoticiaz.com.br\/litoralsp\/wp-json\/wp\/v2\/users\/6"}],"replies":[{"embeddable":true,"href":"https:\/\/redenoticiaz.com.br\/litoralsp\/wp-json\/wp\/v2\/comments?post=26672"}],"version-history":[{"count":1,"href":"https:\/\/redenoticiaz.com.br\/litoralsp\/wp-json\/wp\/v2\/posts\/26672\/revisions"}],"predecessor-version":[{"id":26674,"href":"https:\/\/redenoticiaz.com.br\/litoralsp\/wp-json\/wp\/v2\/posts\/26672\/revisions\/26674"}],"wp:featuredmedia":[{"embeddable":true,"href":"https:\/\/redenoticiaz.com.br\/litoralsp\/wp-json\/wp\/v2\/media\/26673"}],"wp:attachment":[{"href":"https:\/\/redenoticiaz.com.br\/litoralsp\/wp-json\/wp\/v2\/media?parent=26672"}],"wp:term":[{"taxonomy":"category","embeddable":true,"href":"https:\/\/redenoticiaz.com.br\/litoralsp\/wp-json\/wp\/v2\/categories?post=26672"},{"taxonomy":"post_tag","embeddable":true,"href":"https:\/\/redenoticiaz.com.br\/litoralsp\/wp-json\/wp\/v2\/tags?post=26672"}],"curies":[{"name":"wp","href":"https:\/\/api.w.org\/{rel}","templated":true}]}}