{"id":26685,"date":"2022-04-17T10:00:44","date_gmt":"2022-04-17T13:00:44","guid":{"rendered":"https:\/\/redenoticiaz.com.br\/litoralsp\/?p=26685"},"modified":"2022-04-14T17:21:51","modified_gmt":"2022-04-14T20:21:51","slug":"the-flash-deve-acabar-na-temporada-9-apos-saida-de-atores","status":"publish","type":"post","link":"https:\/\/redenoticiaz.com.br\/litoralsp\/2022\/04\/17\/the-flash-deve-acabar-na-temporada-9-apos-saida-de-atores","title":{"rendered":"The Flash deve acabar na temporada 9 ap\u00f3s sa\u00edda de atores"},"content":{"rendered":"<p>The Flash a s\u00e9rie que teve in\u00edcio em 2014, pode chegar ao fim antes do prazo planejado. O ator\u00a0<strong>Jesse L. Martin deixou o elenco fixo<\/strong> de Flash, para assumir um novo papel em<strong> The Irrational<\/strong>. Contudo, a s\u00e9rie chega a sua nona temporada, com apenas tr\u00eas atores da produ\u00e7\u00e3o original.<\/p>\n<p>O ator\u00a0<strong>Jesse L. Martin, <\/strong>estava no papel do detetive Joseph <em>\u201cJoe\u201d<\/em> West para ser protagonista de uma nova s\u00e9rie da rede americana <em><strong>NBC<\/strong><\/em>, chamada de The Irrational. No entanto, o ator era o quarto integrante original remanescentes da trama, atuando em 156 epis\u00f3dios. Existe a possibilidade dele participar da pr\u00f3xima nona temporada, por\u00e9m, como convidado especial.<\/p>\n<p>Outros tr\u00eas atores de Flash, entre eles\u00a0 Candice Patton, Jesse L. Martin e Danielle Panabaker tiveram os respectivos contratos encerrados ao final da oitava temporada.<\/p>\n<p>Tom Cavanagh\u00a0(Nash Wells) e\u00a0Carlos Valdes\u00a0(Cisco Ramon) tamb\u00e9m sa\u00edram de\u00a0The Flashrecentemente, no s\u00e9timo ano da s\u00e9rie.<\/p>\n<p>LEIA TAMB\u00c9M:\u00a0<a href=\"https:\/\/redenoticiaz.com.br\/barretos-regiao\/sp\/2022\/04\/10\/the-witcher-esta-de-volta-para-sua-terceira-temporada\">The Witcher\u00a0est\u00e1 de volta para sua terceira temporada<\/a><\/p>\n","protected":false},"excerpt":{"rendered":"<p>The Flash a s\u00e9rie que teve in\u00edcio em 2014, pode chegar ao fim antes do prazo planejado. O ator\u00a0Jesse L. Martin deixou o elenco fixo de Flash, para assumir um novo papel em The Irrational. Contudo, a s\u00e9rie chega a sua nona temporada, com apenas tr\u00eas atores da produ\u00e7\u00e3o original. O ator\u00a0Jesse L. Martin, estava &hellip;<\/p>\n","protected":false},"author":15,"featured_media":26686,"comment_status":"open","ping_status":"closed","sticky":false,"template":"","format":"standard","meta":{"footnotes":""},"categories":[169],"tags":[53920,53921,53922],"class_list":["post-26685","post","type-post","status-publish","format-standard","has-post-thumbnail","hentry","category-cultura","tag-9-temporada","tag-jesse-l","tag-the-flash"],"yoast_head":"<!-- This site is optimized with the Yoast SEO plugin v27.5 - https:\/\/yoast.com\/product\/yoast-seo-wordpress\/ -->\n<title>The Flash deve acabar na temporada 9 ap\u00f3s sa\u00edda de atores - Litoral SP<\/title>\n<meta name=\"description\" content=\"The Flash a s\u00e9rie que teve in\u00edcio em 2014, pode chegar ao fim antes do prazo planejado. O ator\u00a0Jesse L. Martin deixou o elenco fixo.\" \/>\n<meta name=\"robots\" content=\"index, follow, max-snippet:-1, max-image-preview:large, max-video-preview:-1\" \/>\n<link rel=\"canonical\" href=\"https:\/\/redenoticiaz.com.br\/litoralsp\/2022\/04\/17\/the-flash-deve-acabar-na-temporada-9-apos-saida-de-atores\" \/>\n<meta property=\"og:locale\" content=\"pt_BR\" \/>\n<meta property=\"og:type\" content=\"article\" \/>\n<meta property=\"og:title\" content=\"The Flash deve acabar na temporada 9 ap\u00f3s sa\u00edda de atores - Litoral SP\" \/>\n<meta property=\"og:description\" content=\"The Flash a s\u00e9rie que teve in\u00edcio em 2014, pode chegar ao fim antes do prazo planejado. O ator\u00a0Jesse L. Martin deixou o elenco fixo.\" \/>\n<meta property=\"og:url\" content=\"https:\/\/redenoticiaz.com.br\/litoralsp\/2022\/04\/17\/the-flash-deve-acabar-na-temporada-9-apos-saida-de-atores\" \/>\n<meta property=\"og:site_name\" content=\"Litoral SP\" \/>\n<meta property=\"article:published_time\" content=\"2022-04-17T13:00:44+00:00\" \/>\n<meta property=\"og:image\" content=\"https:\/\/redenoticiaz.com.br\/litoralsp\/wp-content\/uploads\/sites\/3\/2022\/04\/ator_grant_gustin_em_the_flash_foto_reproducao_twitter_the_flash_widelg.png\" \/>\n\t<meta property=\"og:image:width\" content=\"800\" \/>\n\t<meta property=\"og:image:height\" content=\"450\" \/>\n\t<meta property=\"og:image:type\" content=\"image\/png\" \/>\n<meta name=\"twitter:card\" content=\"summary_large_image\" \/>\n<meta name=\"twitter:label1\" content=\"Escrito por\" \/>\n\t<meta name=\"twitter:data1\" content=\"\" \/>\n\t<meta name=\"twitter:label2\" content=\"Est. tempo de leitura\" \/>\n\t<meta name=\"twitter:data2\" content=\"1 minuto\" \/>\n<script type=\"application\/ld+json\" class=\"yoast-schema-graph\">{\"@context\":\"https:\\\/\\\/schema.org\",\"@graph\":[{\"@type\":\"Article\",\"@id\":\"https:\\\/\\\/redenoticiaz.com.br\\\/litoralsp\\\/2022\\\/04\\\/17\\\/the-flash-deve-acabar-na-temporada-9-apos-saida-de-atores#article\",\"isPartOf\":{\"@id\":\"https:\\\/\\\/redenoticiaz.com.br\\\/litoralsp\\\/2022\\\/04\\\/17\\\/the-flash-deve-acabar-na-temporada-9-apos-saida-de-atores\"},\"author\":{\"name\":\"\",\"@id\":\"\"},\"headline\":\"The Flash deve acabar na temporada 9 ap\u00f3s sa\u00edda de atores\",\"datePublished\":\"2022-04-17T13:00:44+00:00\",\"mainEntityOfPage\":{\"@id\":\"https:\\\/\\\/redenoticiaz.com.br\\\/litoralsp\\\/2022\\\/04\\\/17\\\/the-flash-deve-acabar-na-temporada-9-apos-saida-de-atores\"},\"wordCount\":188,\"commentCount\":0,\"publisher\":{\"@id\":\"https:\\\/\\\/redenoticiaz.com.br\\\/litoralsp\\\/#organization\"},\"image\":{\"@id\":\"https:\\\/\\\/redenoticiaz.com.br\\\/litoralsp\\\/2022\\\/04\\\/17\\\/the-flash-deve-acabar-na-temporada-9-apos-saida-de-atores#primaryimage\"},\"thumbnailUrl\":\"https:\\\/\\\/redenoticiaz.com.br\\\/litoralsp\\\/wp-content\\\/uploads\\\/sites\\\/3\\\/2022\\\/04\\\/ator_grant_gustin_em_the_flash_foto_reproducao_twitter_the_flash_widelg.png\",\"keywords\":[\"9 TEMPORADA\",\"JESSE L\",\"THE FLASH\"],\"articleSection\":[\"Cultura\"],\"inLanguage\":\"pt-BR\",\"potentialAction\":[{\"@type\":\"CommentAction\",\"name\":\"Comment\",\"target\":[\"https:\\\/\\\/redenoticiaz.com.br\\\/litoralsp\\\/2022\\\/04\\\/17\\\/the-flash-deve-acabar-na-temporada-9-apos-saida-de-atores#respond\"]}]},{\"@type\":\"WebPage\",\"@id\":\"https:\\\/\\\/redenoticiaz.com.br\\\/litoralsp\\\/2022\\\/04\\\/17\\\/the-flash-deve-acabar-na-temporada-9-apos-saida-de-atores\",\"url\":\"https:\\\/\\\/redenoticiaz.com.br\\\/litoralsp\\\/2022\\\/04\\\/17\\\/the-flash-deve-acabar-na-temporada-9-apos-saida-de-atores\",\"name\":\"The Flash deve acabar na temporada 9 ap\u00f3s sa\u00edda de atores - Litoral SP\",\"isPartOf\":{\"@id\":\"https:\\\/\\\/redenoticiaz.com.br\\\/litoralsp\\\/#website\"},\"primaryImageOfPage\":{\"@id\":\"https:\\\/\\\/redenoticiaz.com.br\\\/litoralsp\\\/2022\\\/04\\\/17\\\/the-flash-deve-acabar-na-temporada-9-apos-saida-de-atores#primaryimage\"},\"image\":{\"@id\":\"https:\\\/\\\/redenoticiaz.com.br\\\/litoralsp\\\/2022\\\/04\\\/17\\\/the-flash-deve-acabar-na-temporada-9-apos-saida-de-atores#primaryimage\"},\"thumbnailUrl\":\"https:\\\/\\\/redenoticiaz.com.br\\\/litoralsp\\\/wp-content\\\/uploads\\\/sites\\\/3\\\/2022\\\/04\\\/ator_grant_gustin_em_the_flash_foto_reproducao_twitter_the_flash_widelg.png\",\"datePublished\":\"2022-04-17T13:00:44+00:00\",\"description\":\"The Flash a s\u00e9rie que teve in\u00edcio em 2014, pode chegar ao fim antes do prazo planejado. O ator\u00a0Jesse L. Martin deixou o elenco fixo.\",\"inLanguage\":\"pt-BR\",\"potentialAction\":[{\"@type\":\"ReadAction\",\"target\":[\"https:\\\/\\\/redenoticiaz.com.br\\\/litoralsp\\\/2022\\\/04\\\/17\\\/the-flash-deve-acabar-na-temporada-9-apos-saida-de-atores\"]}]},{\"@type\":\"ImageObject\",\"inLanguage\":\"pt-BR\",\"@id\":\"https:\\\/\\\/redenoticiaz.com.br\\\/litoralsp\\\/2022\\\/04\\\/17\\\/the-flash-deve-acabar-na-temporada-9-apos-saida-de-atores#primaryimage\",\"url\":\"https:\\\/\\\/redenoticiaz.com.br\\\/litoralsp\\\/wp-content\\\/uploads\\\/sites\\\/3\\\/2022\\\/04\\\/ator_grant_gustin_em_the_flash_foto_reproducao_twitter_the_flash_widelg.png\",\"contentUrl\":\"https:\\\/\\\/redenoticiaz.com.br\\\/litoralsp\\\/wp-content\\\/uploads\\\/sites\\\/3\\\/2022\\\/04\\\/ator_grant_gustin_em_the_flash_foto_reproducao_twitter_the_flash_widelg.png\",\"width\":800,\"height\":450,\"caption\":\"The Flash. Cr\u00e9dito: Reprodu\u00e7\u00e3o\"},{\"@type\":\"WebSite\",\"@id\":\"https:\\\/\\\/redenoticiaz.com.br\\\/litoralsp\\\/#website\",\"url\":\"https:\\\/\\\/redenoticiaz.com.br\\\/litoralsp\\\/\",\"name\":\"Litoral SP\",\"description\":\"Rede NoticiaZ\",\"publisher\":{\"@id\":\"https:\\\/\\\/redenoticiaz.com.br\\\/litoralsp\\\/#organization\"},\"potentialAction\":[{\"@type\":\"SearchAction\",\"target\":{\"@type\":\"EntryPoint\",\"urlTemplate\":\"https:\\\/\\\/redenoticiaz.com.br\\\/litoralsp\\\/?s={search_term_string}\"},\"query-input\":{\"@type\":\"PropertyValueSpecification\",\"valueRequired\":true,\"valueName\":\"search_term_string\"}}],\"inLanguage\":\"pt-BR\"},{\"@type\":\"Organization\",\"@id\":\"https:\\\/\\\/redenoticiaz.com.br\\\/litoralsp\\\/#organization\",\"name\":\"Litoral SP\",\"url\":\"https:\\\/\\\/redenoticiaz.com.br\\\/litoralsp\\\/\",\"logo\":{\"@type\":\"ImageObject\",\"inLanguage\":\"pt-BR\",\"@id\":\"https:\\\/\\\/redenoticiaz.com.br\\\/litoralsp\\\/#\\\/schema\\\/logo\\\/image\\\/\",\"url\":\"https:\\\/\\\/redenoticiaz.com.br\\\/litoralsp\\\/wp-content\\\/uploads\\\/sites\\\/3\\\/2020\\\/11\\\/logo.jpg\",\"contentUrl\":\"https:\\\/\\\/redenoticiaz.com.br\\\/litoralsp\\\/wp-content\\\/uploads\\\/sites\\\/3\\\/2020\\\/11\\\/logo.jpg\",\"width\":400,\"height\":250,\"caption\":\"Litoral SP\"},\"image\":{\"@id\":\"https:\\\/\\\/redenoticiaz.com.br\\\/litoralsp\\\/#\\\/schema\\\/logo\\\/image\\\/\"}},{\"@type\":\"Person\",\"@id\":\"\",\"url\":\"https:\\\/\\\/redenoticiaz.com.br\\\/litoralsp\\\/author\"}]}<\/script>\n<!-- \/ Yoast SEO plugin. -->","yoast_head_json":{"title":"The Flash deve acabar na temporada 9 ap\u00f3s sa\u00edda de atores - Litoral SP","description":"The Flash a s\u00e9rie que teve in\u00edcio em 2014, pode chegar ao fim antes do prazo planejado. O ator\u00a0Jesse L. Martin deixou o elenco fixo.","robots":{"index":"index","follow":"follow","max-snippet":"max-snippet:-1","max-image-preview":"max-image-preview:large","max-video-preview":"max-video-preview:-1"},"canonical":"https:\/\/redenoticiaz.com.br\/litoralsp\/2022\/04\/17\/the-flash-deve-acabar-na-temporada-9-apos-saida-de-atores","og_locale":"pt_BR","og_type":"article","og_title":"The Flash deve acabar na temporada 9 ap\u00f3s sa\u00edda de atores - Litoral SP","og_description":"The Flash a s\u00e9rie que teve in\u00edcio em 2014, pode chegar ao fim antes do prazo planejado. O ator\u00a0Jesse L. Martin deixou o elenco fixo.","og_url":"https:\/\/redenoticiaz.com.br\/litoralsp\/2022\/04\/17\/the-flash-deve-acabar-na-temporada-9-apos-saida-de-atores","og_site_name":"Litoral SP","article_published_time":"2022-04-17T13:00:44+00:00","og_image":[{"width":800,"height":450,"url":"https:\/\/redenoticiaz.com.br\/litoralsp\/wp-content\/uploads\/sites\/3\/2022\/04\/ator_grant_gustin_em_the_flash_foto_reproducao_twitter_the_flash_widelg.png","type":"image\/png"}],"twitter_card":"summary_large_image","twitter_misc":{"Escrito por":"","Est. tempo de leitura":"1 minuto"},"schema":{"@context":"https:\/\/schema.org","@graph":[{"@type":"Article","@id":"https:\/\/redenoticiaz.com.br\/litoralsp\/2022\/04\/17\/the-flash-deve-acabar-na-temporada-9-apos-saida-de-atores#article","isPartOf":{"@id":"https:\/\/redenoticiaz.com.br\/litoralsp\/2022\/04\/17\/the-flash-deve-acabar-na-temporada-9-apos-saida-de-atores"},"author":{"name":"","@id":""},"headline":"The Flash deve acabar na temporada 9 ap\u00f3s sa\u00edda de atores","datePublished":"2022-04-17T13:00:44+00:00","mainEntityOfPage":{"@id":"https:\/\/redenoticiaz.com.br\/litoralsp\/2022\/04\/17\/the-flash-deve-acabar-na-temporada-9-apos-saida-de-atores"},"wordCount":188,"commentCount":0,"publisher":{"@id":"https:\/\/redenoticiaz.com.br\/litoralsp\/#organization"},"image":{"@id":"https:\/\/redenoticiaz.com.br\/litoralsp\/2022\/04\/17\/the-flash-deve-acabar-na-temporada-9-apos-saida-de-atores#primaryimage"},"thumbnailUrl":"https:\/\/redenoticiaz.com.br\/litoralsp\/wp-content\/uploads\/sites\/3\/2022\/04\/ator_grant_gustin_em_the_flash_foto_reproducao_twitter_the_flash_widelg.png","keywords":["9 TEMPORADA","JESSE L","THE FLASH"],"articleSection":["Cultura"],"inLanguage":"pt-BR","potentialAction":[{"@type":"CommentAction","name":"Comment","target":["https:\/\/redenoticiaz.com.br\/litoralsp\/2022\/04\/17\/the-flash-deve-acabar-na-temporada-9-apos-saida-de-atores#respond"]}]},{"@type":"WebPage","@id":"https:\/\/redenoticiaz.com.br\/litoralsp\/2022\/04\/17\/the-flash-deve-acabar-na-temporada-9-apos-saida-de-atores","url":"https:\/\/redenoticiaz.com.br\/litoralsp\/2022\/04\/17\/the-flash-deve-acabar-na-temporada-9-apos-saida-de-atores","name":"The Flash deve acabar na temporada 9 ap\u00f3s sa\u00edda de atores - Litoral SP","isPartOf":{"@id":"https:\/\/redenoticiaz.com.br\/litoralsp\/#website"},"primaryImageOfPage":{"@id":"https:\/\/redenoticiaz.com.br\/litoralsp\/2022\/04\/17\/the-flash-deve-acabar-na-temporada-9-apos-saida-de-atores#primaryimage"},"image":{"@id":"https:\/\/redenoticiaz.com.br\/litoralsp\/2022\/04\/17\/the-flash-deve-acabar-na-temporada-9-apos-saida-de-atores#primaryimage"},"thumbnailUrl":"https:\/\/redenoticiaz.com.br\/litoralsp\/wp-content\/uploads\/sites\/3\/2022\/04\/ator_grant_gustin_em_the_flash_foto_reproducao_twitter_the_flash_widelg.png","datePublished":"2022-04-17T13:00:44+00:00","description":"The Flash a s\u00e9rie que teve in\u00edcio em 2014, pode chegar ao fim antes do prazo planejado. O ator\u00a0Jesse L. Martin deixou o elenco fixo.","inLanguage":"pt-BR","potentialAction":[{"@type":"ReadAction","target":["https:\/\/redenoticiaz.com.br\/litoralsp\/2022\/04\/17\/the-flash-deve-acabar-na-temporada-9-apos-saida-de-atores"]}]},{"@type":"ImageObject","inLanguage":"pt-BR","@id":"https:\/\/redenoticiaz.com.br\/litoralsp\/2022\/04\/17\/the-flash-deve-acabar-na-temporada-9-apos-saida-de-atores#primaryimage","url":"https:\/\/redenoticiaz.com.br\/litoralsp\/wp-content\/uploads\/sites\/3\/2022\/04\/ator_grant_gustin_em_the_flash_foto_reproducao_twitter_the_flash_widelg.png","contentUrl":"https:\/\/redenoticiaz.com.br\/litoralsp\/wp-content\/uploads\/sites\/3\/2022\/04\/ator_grant_gustin_em_the_flash_foto_reproducao_twitter_the_flash_widelg.png","width":800,"height":450,"caption":"The Flash. Cr\u00e9dito: Reprodu\u00e7\u00e3o"},{"@type":"WebSite","@id":"https:\/\/redenoticiaz.com.br\/litoralsp\/#website","url":"https:\/\/redenoticiaz.com.br\/litoralsp\/","name":"Litoral SP","description":"Rede NoticiaZ","publisher":{"@id":"https:\/\/redenoticiaz.com.br\/litoralsp\/#organization"},"potentialAction":[{"@type":"SearchAction","target":{"@type":"EntryPoint","urlTemplate":"https:\/\/redenoticiaz.com.br\/litoralsp\/?s={search_term_string}"},"query-input":{"@type":"PropertyValueSpecification","valueRequired":true,"valueName":"search_term_string"}}],"inLanguage":"pt-BR"},{"@type":"Organization","@id":"https:\/\/redenoticiaz.com.br\/litoralsp\/#organization","name":"Litoral SP","url":"https:\/\/redenoticiaz.com.br\/litoralsp\/","logo":{"@type":"ImageObject","inLanguage":"pt-BR","@id":"https:\/\/redenoticiaz.com.br\/litoralsp\/#\/schema\/logo\/image\/","url":"https:\/\/redenoticiaz.com.br\/litoralsp\/wp-content\/uploads\/sites\/3\/2020\/11\/logo.jpg","contentUrl":"https:\/\/redenoticiaz.com.br\/litoralsp\/wp-content\/uploads\/sites\/3\/2020\/11\/logo.jpg","width":400,"height":250,"caption":"Litoral SP"},"image":{"@id":"https:\/\/redenoticiaz.com.br\/litoralsp\/#\/schema\/logo\/image\/"}},{"@type":"Person","@id":"","url":"https:\/\/redenoticiaz.com.br\/litoralsp\/author"}]}},"_links":{"self":[{"href":"https:\/\/redenoticiaz.com.br\/litoralsp\/wp-json\/wp\/v2\/posts\/26685","targetHints":{"allow":["GET"]}}],"collection":[{"href":"https:\/\/redenoticiaz.com.br\/litoralsp\/wp-json\/wp\/v2\/posts"}],"about":[{"href":"https:\/\/redenoticiaz.com.br\/litoralsp\/wp-json\/wp\/v2\/types\/post"}],"author":[{"embeddable":true,"href":"https:\/\/redenoticiaz.com.br\/litoralsp\/wp-json\/wp\/v2\/users\/15"}],"replies":[{"embeddable":true,"href":"https:\/\/redenoticiaz.com.br\/litoralsp\/wp-json\/wp\/v2\/comments?post=26685"}],"version-history":[{"count":1,"href":"https:\/\/redenoticiaz.com.br\/litoralsp\/wp-json\/wp\/v2\/posts\/26685\/revisions"}],"predecessor-version":[{"id":26687,"href":"https:\/\/redenoticiaz.com.br\/litoralsp\/wp-json\/wp\/v2\/posts\/26685\/revisions\/26687"}],"wp:featuredmedia":[{"embeddable":true,"href":"https:\/\/redenoticiaz.com.br\/litoralsp\/wp-json\/wp\/v2\/media\/26686"}],"wp:attachment":[{"href":"https:\/\/redenoticiaz.com.br\/litoralsp\/wp-json\/wp\/v2\/media?parent=26685"}],"wp:term":[{"taxonomy":"category","embeddable":true,"href":"https:\/\/redenoticiaz.com.br\/litoralsp\/wp-json\/wp\/v2\/categories?post=26685"},{"taxonomy":"post_tag","embeddable":true,"href":"https:\/\/redenoticiaz.com.br\/litoralsp\/wp-json\/wp\/v2\/tags?post=26685"}],"curies":[{"name":"wp","href":"https:\/\/api.w.org\/{rel}","templated":true}]}}