{"id":26708,"date":"2022-04-15T11:11:35","date_gmt":"2022-04-15T14:11:35","guid":{"rendered":"https:\/\/redenoticiaz.com.br\/litoralsp\/?p=26708"},"modified":"2022-04-15T11:11:35","modified_gmt":"2022-04-15T14:11:35","slug":"quadrilha-furta-chocolates-e-ovos-de-pascoa-em-supermercado-de-santos-e-vai-presa","status":"publish","type":"post","link":"https:\/\/redenoticiaz.com.br\/litoralsp\/2022\/04\/15\/quadrilha-furta-chocolates-e-ovos-de-pascoa-em-supermercado-de-santos-e-vai-presa","title":{"rendered":"Quadrilha furta chocolates e ovos de P\u00e1scoa em supermercado de Santos e vai presa"},"content":{"rendered":"<p>A P\u00e1scoa de uma quadrilha ser\u00e1 no xilindr\u00f3. A Pol\u00edcia Militar prendeu quatro pessoas que invadiram um supermercado de <a href=\"https:\/\/www.santos.sp.gov.br\/\">Santos<\/a> para <strong>furtar chocolates e ovos de P\u00e1scoa<\/strong>. Al\u00e9m disso, tamb\u00e9m levaram outros produtos, mas foram interceptados pelos policiais nessa ter\u00e7a-feira (12).<\/p>\n<p>Segundo a PM, tr\u00eas mulheres e um homem participaram do crime e eles n\u00e3o apresentam o cupom fiscal das mercadorias. Os policiais faziam patrulhamento na Avenida Presidente Wilson, quando avistaram um carro suspeito. Nele, quatro pessoas ocupavam o ve\u00edculo e ap\u00f3s consulta ao Copom, ficou confirmado que os integrantes furtaram um supermercado da Avenida Afonso Pena.<\/p>\n<p>A persegui\u00e7\u00e3o foi feita e a Pol\u00edcia Militar deu ordem de parada aos suspeitos. Na abordagem, os policiais viram as mercadorias, mas sem nota. Entre os produtos haviam ovos de p\u00e1scoa, chocolates, carnes, al\u00e9m de embutidos. Eles confessaram o crime e foram levados para o 7\u00ba Distrito Policial de Santos. Todos foram autuados em flagrante por furto qualificado.<\/p>\n<p><strong>LEIA TAMB\u00c9M<\/strong><\/p>\n<p><a href=\"https:\/\/redenoticiaz.com.br\/litoralsp\/2022\/04\/14\/homem-morre-e-outro-e-preso-durante-operacao-policial-na-regis-bittencourt\">Homem morre e outro \u00e9 preso durante opera\u00e7\u00e3o policial na R\u00e9gis Bittencourt<\/a><\/p>\n","protected":false},"excerpt":{"rendered":"<p>A P\u00e1scoa de uma quadrilha ser\u00e1 no xilindr\u00f3. A Pol\u00edcia Militar prendeu quatro pessoas que invadiram um supermercado de Santos para furtar chocolates e ovos de P\u00e1scoa. Al\u00e9m disso, tamb\u00e9m levaram outros produtos, mas foram interceptados pelos policiais nessa ter\u00e7a-feira (12). Segundo a PM, tr\u00eas mulheres e um homem participaram do crime e eles n\u00e3o &hellip;<\/p>\n","protected":false},"author":6,"featured_media":26709,"comment_status":"open","ping_status":"closed","sticky":false,"template":"","format":"standard","meta":{"footnotes":""},"categories":[10,180],"tags":[53947,53946,53948,1766,6005,986],"class_list":["post-26708","post","type-post","status-publish","format-standard","has-post-thumbnail","hentry","category-policia","category-santos","tag-chocolates","tag-furto-de-alimentos","tag-ovos-de-pascoa","tag-policia-militar","tag-quadrilha-presa","tag-santos"],"yoast_head":"<!-- This site is optimized with the Yoast SEO plugin v27.5 - https:\/\/yoast.com\/product\/yoast-seo-wordpress\/ -->\n<title>Quadrilha furta chocolates e ovos de P\u00e1scoa em supermercado de Santos e vai presa - Litoral SP<\/title>\n<meta name=\"description\" content=\"Pol\u00edcia Militar prendeu quatro pessoas que invadiram um supermercado de Santos para furtar chocolates e ovos de P\u00e1scoa. Al\u00e9m\" \/>\n<meta name=\"robots\" content=\"index, follow, max-snippet:-1, max-image-preview:large, max-video-preview:-1\" \/>\n<link rel=\"canonical\" href=\"https:\/\/redenoticiaz.com.br\/litoralsp\/2022\/04\/15\/quadrilha-furta-chocolates-e-ovos-de-pascoa-em-supermercado-de-santos-e-vai-presa\" \/>\n<meta property=\"og:locale\" content=\"pt_BR\" \/>\n<meta property=\"og:type\" content=\"article\" \/>\n<meta property=\"og:title\" content=\"Quadrilha furta chocolates e ovos de P\u00e1scoa em supermercado de Santos e vai presa - Litoral SP\" \/>\n<meta property=\"og:description\" content=\"Pol\u00edcia Militar prendeu quatro pessoas que invadiram um supermercado de Santos para furtar chocolates e ovos de P\u00e1scoa. Al\u00e9m\" \/>\n<meta property=\"og:url\" content=\"https:\/\/redenoticiaz.com.br\/litoralsp\/2022\/04\/15\/quadrilha-furta-chocolates-e-ovos-de-pascoa-em-supermercado-de-santos-e-vai-presa\" \/>\n<meta property=\"og:site_name\" content=\"Litoral SP\" \/>\n<meta property=\"article:published_time\" content=\"2022-04-15T14:11:35+00:00\" \/>\n<meta property=\"og:image\" content=\"https:\/\/redenoticiaz.com.br\/litoralsp\/wp-content\/uploads\/sites\/3\/2022\/04\/ovos.jpg\" \/>\n\t<meta property=\"og:image:width\" content=\"1024\" \/>\n\t<meta property=\"og:image:height\" content=\"683\" \/>\n\t<meta property=\"og:image:type\" content=\"image\/jpeg\" \/>\n<meta name=\"author\" content=\"Leonardo Francisco\" \/>\n<meta name=\"twitter:card\" content=\"summary_large_image\" \/>\n<meta name=\"twitter:label1\" content=\"Escrito por\" \/>\n\t<meta name=\"twitter:data1\" content=\"Leonardo Francisco\" \/>\n\t<meta name=\"twitter:label2\" content=\"Est. tempo de leitura\" \/>\n\t<meta name=\"twitter:data2\" content=\"1 minuto\" \/>\n<script type=\"application\/ld+json\" class=\"yoast-schema-graph\">{\"@context\":\"https:\\\/\\\/schema.org\",\"@graph\":[{\"@type\":\"Article\",\"@id\":\"https:\\\/\\\/redenoticiaz.com.br\\\/litoralsp\\\/2022\\\/04\\\/15\\\/quadrilha-furta-chocolates-e-ovos-de-pascoa-em-supermercado-de-santos-e-vai-presa#article\",\"isPartOf\":{\"@id\":\"https:\\\/\\\/redenoticiaz.com.br\\\/litoralsp\\\/2022\\\/04\\\/15\\\/quadrilha-furta-chocolates-e-ovos-de-pascoa-em-supermercado-de-santos-e-vai-presa\"},\"author\":{\"name\":\"Leonardo Francisco\",\"@id\":\"https:\\\/\\\/redenoticiaz.com.br\\\/litoralsp\\\/#\\\/schema\\\/person\\\/0f0b8a5bdafefe82841e07ae8d81ecb3\"},\"headline\":\"Quadrilha furta chocolates e ovos de P\u00e1scoa em supermercado de Santos e vai presa\",\"datePublished\":\"2022-04-15T14:11:35+00:00\",\"mainEntityOfPage\":{\"@id\":\"https:\\\/\\\/redenoticiaz.com.br\\\/litoralsp\\\/2022\\\/04\\\/15\\\/quadrilha-furta-chocolates-e-ovos-de-pascoa-em-supermercado-de-santos-e-vai-presa\"},\"wordCount\":198,\"commentCount\":0,\"publisher\":{\"@id\":\"https:\\\/\\\/redenoticiaz.com.br\\\/litoralsp\\\/#organization\"},\"image\":{\"@id\":\"https:\\\/\\\/redenoticiaz.com.br\\\/litoralsp\\\/2022\\\/04\\\/15\\\/quadrilha-furta-chocolates-e-ovos-de-pascoa-em-supermercado-de-santos-e-vai-presa#primaryimage\"},\"thumbnailUrl\":\"https:\\\/\\\/redenoticiaz.com.br\\\/litoralsp\\\/wp-content\\\/uploads\\\/sites\\\/3\\\/2022\\\/04\\\/ovos.jpg\",\"keywords\":[\"CHOCOLATES\",\"FURTO DE ALIMENTOS\",\"OVOS DE P\u00c1SCOA\",\"policia militar\",\"QUADRILHA PRESA\",\"Santos\"],\"articleSection\":[\"Pol\u00edcia\",\"Santos\"],\"inLanguage\":\"pt-BR\",\"potentialAction\":[{\"@type\":\"CommentAction\",\"name\":\"Comment\",\"target\":[\"https:\\\/\\\/redenoticiaz.com.br\\\/litoralsp\\\/2022\\\/04\\\/15\\\/quadrilha-furta-chocolates-e-ovos-de-pascoa-em-supermercado-de-santos-e-vai-presa#respond\"]}]},{\"@type\":\"WebPage\",\"@id\":\"https:\\\/\\\/redenoticiaz.com.br\\\/litoralsp\\\/2022\\\/04\\\/15\\\/quadrilha-furta-chocolates-e-ovos-de-pascoa-em-supermercado-de-santos-e-vai-presa\",\"url\":\"https:\\\/\\\/redenoticiaz.com.br\\\/litoralsp\\\/2022\\\/04\\\/15\\\/quadrilha-furta-chocolates-e-ovos-de-pascoa-em-supermercado-de-santos-e-vai-presa\",\"name\":\"Quadrilha furta chocolates e ovos de P\u00e1scoa em supermercado de Santos e vai presa - Litoral SP\",\"isPartOf\":{\"@id\":\"https:\\\/\\\/redenoticiaz.com.br\\\/litoralsp\\\/#website\"},\"primaryImageOfPage\":{\"@id\":\"https:\\\/\\\/redenoticiaz.com.br\\\/litoralsp\\\/2022\\\/04\\\/15\\\/quadrilha-furta-chocolates-e-ovos-de-pascoa-em-supermercado-de-santos-e-vai-presa#primaryimage\"},\"image\":{\"@id\":\"https:\\\/\\\/redenoticiaz.com.br\\\/litoralsp\\\/2022\\\/04\\\/15\\\/quadrilha-furta-chocolates-e-ovos-de-pascoa-em-supermercado-de-santos-e-vai-presa#primaryimage\"},\"thumbnailUrl\":\"https:\\\/\\\/redenoticiaz.com.br\\\/litoralsp\\\/wp-content\\\/uploads\\\/sites\\\/3\\\/2022\\\/04\\\/ovos.jpg\",\"datePublished\":\"2022-04-15T14:11:35+00:00\",\"description\":\"Pol\u00edcia Militar prendeu quatro pessoas que invadiram um supermercado de Santos para furtar chocolates e ovos de P\u00e1scoa. Al\u00e9m\",\"inLanguage\":\"pt-BR\",\"potentialAction\":[{\"@type\":\"ReadAction\",\"target\":[\"https:\\\/\\\/redenoticiaz.com.br\\\/litoralsp\\\/2022\\\/04\\\/15\\\/quadrilha-furta-chocolates-e-ovos-de-pascoa-em-supermercado-de-santos-e-vai-presa\"]}]},{\"@type\":\"ImageObject\",\"inLanguage\":\"pt-BR\",\"@id\":\"https:\\\/\\\/redenoticiaz.com.br\\\/litoralsp\\\/2022\\\/04\\\/15\\\/quadrilha-furta-chocolates-e-ovos-de-pascoa-em-supermercado-de-santos-e-vai-presa#primaryimage\",\"url\":\"https:\\\/\\\/redenoticiaz.com.br\\\/litoralsp\\\/wp-content\\\/uploads\\\/sites\\\/3\\\/2022\\\/04\\\/ovos.jpg\",\"contentUrl\":\"https:\\\/\\\/redenoticiaz.com.br\\\/litoralsp\\\/wp-content\\\/uploads\\\/sites\\\/3\\\/2022\\\/04\\\/ovos.jpg\",\"width\":1024,\"height\":683,\"caption\":\"Cr\u00e9ditos: Reprodu\u00e7\u00e3o\"},{\"@type\":\"WebSite\",\"@id\":\"https:\\\/\\\/redenoticiaz.com.br\\\/litoralsp\\\/#website\",\"url\":\"https:\\\/\\\/redenoticiaz.com.br\\\/litoralsp\\\/\",\"name\":\"Litoral SP\",\"description\":\"Rede NoticiaZ\",\"publisher\":{\"@id\":\"https:\\\/\\\/redenoticiaz.com.br\\\/litoralsp\\\/#organization\"},\"potentialAction\":[{\"@type\":\"SearchAction\",\"target\":{\"@type\":\"EntryPoint\",\"urlTemplate\":\"https:\\\/\\\/redenoticiaz.com.br\\\/litoralsp\\\/?s={search_term_string}\"},\"query-input\":{\"@type\":\"PropertyValueSpecification\",\"valueRequired\":true,\"valueName\":\"search_term_string\"}}],\"inLanguage\":\"pt-BR\"},{\"@type\":\"Organization\",\"@id\":\"https:\\\/\\\/redenoticiaz.com.br\\\/litoralsp\\\/#organization\",\"name\":\"Litoral SP\",\"url\":\"https:\\\/\\\/redenoticiaz.com.br\\\/litoralsp\\\/\",\"logo\":{\"@type\":\"ImageObject\",\"inLanguage\":\"pt-BR\",\"@id\":\"https:\\\/\\\/redenoticiaz.com.br\\\/litoralsp\\\/#\\\/schema\\\/logo\\\/image\\\/\",\"url\":\"https:\\\/\\\/redenoticiaz.com.br\\\/litoralsp\\\/wp-content\\\/uploads\\\/sites\\\/3\\\/2020\\\/11\\\/logo.jpg\",\"contentUrl\":\"https:\\\/\\\/redenoticiaz.com.br\\\/litoralsp\\\/wp-content\\\/uploads\\\/sites\\\/3\\\/2020\\\/11\\\/logo.jpg\",\"width\":400,\"height\":250,\"caption\":\"Litoral SP\"},\"image\":{\"@id\":\"https:\\\/\\\/redenoticiaz.com.br\\\/litoralsp\\\/#\\\/schema\\\/logo\\\/image\\\/\"}},{\"@type\":\"Person\",\"@id\":\"https:\\\/\\\/redenoticiaz.com.br\\\/litoralsp\\\/#\\\/schema\\\/person\\\/0f0b8a5bdafefe82841e07ae8d81ecb3\",\"name\":\"Leonardo Francisco\",\"image\":{\"@type\":\"ImageObject\",\"inLanguage\":\"pt-BR\",\"@id\":\"https:\\\/\\\/secure.gravatar.com\\\/avatar\\\/a7358cb406a99b682ec6df1e77e31ae82e63601f6784e8a3df411d72b37864da?s=96&d=mm&r=g\",\"url\":\"https:\\\/\\\/secure.gravatar.com\\\/avatar\\\/a7358cb406a99b682ec6df1e77e31ae82e63601f6784e8a3df411d72b37864da?s=96&d=mm&r=g\",\"contentUrl\":\"https:\\\/\\\/secure.gravatar.com\\\/avatar\\\/a7358cb406a99b682ec6df1e77e31ae82e63601f6784e8a3df411d72b37864da?s=96&d=mm&r=g\",\"caption\":\"Leonardo Francisco\"},\"url\":\"https:\\\/\\\/redenoticiaz.com.br\\\/litoralsp\\\/author\\\/leonardo-francisco\"}]}<\/script>\n<!-- \/ Yoast SEO plugin. -->","yoast_head_json":{"title":"Quadrilha furta chocolates e ovos de P\u00e1scoa em supermercado de Santos e vai presa - Litoral SP","description":"Pol\u00edcia Militar prendeu quatro pessoas que invadiram um supermercado de Santos para furtar chocolates e ovos de P\u00e1scoa. Al\u00e9m","robots":{"index":"index","follow":"follow","max-snippet":"max-snippet:-1","max-image-preview":"max-image-preview:large","max-video-preview":"max-video-preview:-1"},"canonical":"https:\/\/redenoticiaz.com.br\/litoralsp\/2022\/04\/15\/quadrilha-furta-chocolates-e-ovos-de-pascoa-em-supermercado-de-santos-e-vai-presa","og_locale":"pt_BR","og_type":"article","og_title":"Quadrilha furta chocolates e ovos de P\u00e1scoa em supermercado de Santos e vai presa - Litoral SP","og_description":"Pol\u00edcia Militar prendeu quatro pessoas que invadiram um supermercado de Santos para furtar chocolates e ovos de P\u00e1scoa. Al\u00e9m","og_url":"https:\/\/redenoticiaz.com.br\/litoralsp\/2022\/04\/15\/quadrilha-furta-chocolates-e-ovos-de-pascoa-em-supermercado-de-santos-e-vai-presa","og_site_name":"Litoral SP","article_published_time":"2022-04-15T14:11:35+00:00","og_image":[{"width":1024,"height":683,"url":"https:\/\/redenoticiaz.com.br\/litoralsp\/wp-content\/uploads\/sites\/3\/2022\/04\/ovos.jpg","type":"image\/jpeg"}],"author":"Leonardo Francisco","twitter_card":"summary_large_image","twitter_misc":{"Escrito por":"Leonardo Francisco","Est. tempo de leitura":"1 minuto"},"schema":{"@context":"https:\/\/schema.org","@graph":[{"@type":"Article","@id":"https:\/\/redenoticiaz.com.br\/litoralsp\/2022\/04\/15\/quadrilha-furta-chocolates-e-ovos-de-pascoa-em-supermercado-de-santos-e-vai-presa#article","isPartOf":{"@id":"https:\/\/redenoticiaz.com.br\/litoralsp\/2022\/04\/15\/quadrilha-furta-chocolates-e-ovos-de-pascoa-em-supermercado-de-santos-e-vai-presa"},"author":{"name":"Leonardo Francisco","@id":"https:\/\/redenoticiaz.com.br\/litoralsp\/#\/schema\/person\/0f0b8a5bdafefe82841e07ae8d81ecb3"},"headline":"Quadrilha furta chocolates e ovos de P\u00e1scoa em supermercado de Santos e vai presa","datePublished":"2022-04-15T14:11:35+00:00","mainEntityOfPage":{"@id":"https:\/\/redenoticiaz.com.br\/litoralsp\/2022\/04\/15\/quadrilha-furta-chocolates-e-ovos-de-pascoa-em-supermercado-de-santos-e-vai-presa"},"wordCount":198,"commentCount":0,"publisher":{"@id":"https:\/\/redenoticiaz.com.br\/litoralsp\/#organization"},"image":{"@id":"https:\/\/redenoticiaz.com.br\/litoralsp\/2022\/04\/15\/quadrilha-furta-chocolates-e-ovos-de-pascoa-em-supermercado-de-santos-e-vai-presa#primaryimage"},"thumbnailUrl":"https:\/\/redenoticiaz.com.br\/litoralsp\/wp-content\/uploads\/sites\/3\/2022\/04\/ovos.jpg","keywords":["CHOCOLATES","FURTO DE ALIMENTOS","OVOS DE P\u00c1SCOA","policia militar","QUADRILHA PRESA","Santos"],"articleSection":["Pol\u00edcia","Santos"],"inLanguage":"pt-BR","potentialAction":[{"@type":"CommentAction","name":"Comment","target":["https:\/\/redenoticiaz.com.br\/litoralsp\/2022\/04\/15\/quadrilha-furta-chocolates-e-ovos-de-pascoa-em-supermercado-de-santos-e-vai-presa#respond"]}]},{"@type":"WebPage","@id":"https:\/\/redenoticiaz.com.br\/litoralsp\/2022\/04\/15\/quadrilha-furta-chocolates-e-ovos-de-pascoa-em-supermercado-de-santos-e-vai-presa","url":"https:\/\/redenoticiaz.com.br\/litoralsp\/2022\/04\/15\/quadrilha-furta-chocolates-e-ovos-de-pascoa-em-supermercado-de-santos-e-vai-presa","name":"Quadrilha furta chocolates e ovos de P\u00e1scoa em supermercado de Santos e vai presa - Litoral SP","isPartOf":{"@id":"https:\/\/redenoticiaz.com.br\/litoralsp\/#website"},"primaryImageOfPage":{"@id":"https:\/\/redenoticiaz.com.br\/litoralsp\/2022\/04\/15\/quadrilha-furta-chocolates-e-ovos-de-pascoa-em-supermercado-de-santos-e-vai-presa#primaryimage"},"image":{"@id":"https:\/\/redenoticiaz.com.br\/litoralsp\/2022\/04\/15\/quadrilha-furta-chocolates-e-ovos-de-pascoa-em-supermercado-de-santos-e-vai-presa#primaryimage"},"thumbnailUrl":"https:\/\/redenoticiaz.com.br\/litoralsp\/wp-content\/uploads\/sites\/3\/2022\/04\/ovos.jpg","datePublished":"2022-04-15T14:11:35+00:00","description":"Pol\u00edcia Militar prendeu quatro pessoas que invadiram um supermercado de Santos para furtar chocolates e ovos de P\u00e1scoa. Al\u00e9m","inLanguage":"pt-BR","potentialAction":[{"@type":"ReadAction","target":["https:\/\/redenoticiaz.com.br\/litoralsp\/2022\/04\/15\/quadrilha-furta-chocolates-e-ovos-de-pascoa-em-supermercado-de-santos-e-vai-presa"]}]},{"@type":"ImageObject","inLanguage":"pt-BR","@id":"https:\/\/redenoticiaz.com.br\/litoralsp\/2022\/04\/15\/quadrilha-furta-chocolates-e-ovos-de-pascoa-em-supermercado-de-santos-e-vai-presa#primaryimage","url":"https:\/\/redenoticiaz.com.br\/litoralsp\/wp-content\/uploads\/sites\/3\/2022\/04\/ovos.jpg","contentUrl":"https:\/\/redenoticiaz.com.br\/litoralsp\/wp-content\/uploads\/sites\/3\/2022\/04\/ovos.jpg","width":1024,"height":683,"caption":"Cr\u00e9ditos: Reprodu\u00e7\u00e3o"},{"@type":"WebSite","@id":"https:\/\/redenoticiaz.com.br\/litoralsp\/#website","url":"https:\/\/redenoticiaz.com.br\/litoralsp\/","name":"Litoral SP","description":"Rede NoticiaZ","publisher":{"@id":"https:\/\/redenoticiaz.com.br\/litoralsp\/#organization"},"potentialAction":[{"@type":"SearchAction","target":{"@type":"EntryPoint","urlTemplate":"https:\/\/redenoticiaz.com.br\/litoralsp\/?s={search_term_string}"},"query-input":{"@type":"PropertyValueSpecification","valueRequired":true,"valueName":"search_term_string"}}],"inLanguage":"pt-BR"},{"@type":"Organization","@id":"https:\/\/redenoticiaz.com.br\/litoralsp\/#organization","name":"Litoral SP","url":"https:\/\/redenoticiaz.com.br\/litoralsp\/","logo":{"@type":"ImageObject","inLanguage":"pt-BR","@id":"https:\/\/redenoticiaz.com.br\/litoralsp\/#\/schema\/logo\/image\/","url":"https:\/\/redenoticiaz.com.br\/litoralsp\/wp-content\/uploads\/sites\/3\/2020\/11\/logo.jpg","contentUrl":"https:\/\/redenoticiaz.com.br\/litoralsp\/wp-content\/uploads\/sites\/3\/2020\/11\/logo.jpg","width":400,"height":250,"caption":"Litoral SP"},"image":{"@id":"https:\/\/redenoticiaz.com.br\/litoralsp\/#\/schema\/logo\/image\/"}},{"@type":"Person","@id":"https:\/\/redenoticiaz.com.br\/litoralsp\/#\/schema\/person\/0f0b8a5bdafefe82841e07ae8d81ecb3","name":"Leonardo Francisco","image":{"@type":"ImageObject","inLanguage":"pt-BR","@id":"https:\/\/secure.gravatar.com\/avatar\/a7358cb406a99b682ec6df1e77e31ae82e63601f6784e8a3df411d72b37864da?s=96&d=mm&r=g","url":"https:\/\/secure.gravatar.com\/avatar\/a7358cb406a99b682ec6df1e77e31ae82e63601f6784e8a3df411d72b37864da?s=96&d=mm&r=g","contentUrl":"https:\/\/secure.gravatar.com\/avatar\/a7358cb406a99b682ec6df1e77e31ae82e63601f6784e8a3df411d72b37864da?s=96&d=mm&r=g","caption":"Leonardo Francisco"},"url":"https:\/\/redenoticiaz.com.br\/litoralsp\/author\/leonardo-francisco"}]}},"_links":{"self":[{"href":"https:\/\/redenoticiaz.com.br\/litoralsp\/wp-json\/wp\/v2\/posts\/26708","targetHints":{"allow":["GET"]}}],"collection":[{"href":"https:\/\/redenoticiaz.com.br\/litoralsp\/wp-json\/wp\/v2\/posts"}],"about":[{"href":"https:\/\/redenoticiaz.com.br\/litoralsp\/wp-json\/wp\/v2\/types\/post"}],"author":[{"embeddable":true,"href":"https:\/\/redenoticiaz.com.br\/litoralsp\/wp-json\/wp\/v2\/users\/6"}],"replies":[{"embeddable":true,"href":"https:\/\/redenoticiaz.com.br\/litoralsp\/wp-json\/wp\/v2\/comments?post=26708"}],"version-history":[{"count":1,"href":"https:\/\/redenoticiaz.com.br\/litoralsp\/wp-json\/wp\/v2\/posts\/26708\/revisions"}],"predecessor-version":[{"id":26710,"href":"https:\/\/redenoticiaz.com.br\/litoralsp\/wp-json\/wp\/v2\/posts\/26708\/revisions\/26710"}],"wp:featuredmedia":[{"embeddable":true,"href":"https:\/\/redenoticiaz.com.br\/litoralsp\/wp-json\/wp\/v2\/media\/26709"}],"wp:attachment":[{"href":"https:\/\/redenoticiaz.com.br\/litoralsp\/wp-json\/wp\/v2\/media?parent=26708"}],"wp:term":[{"taxonomy":"category","embeddable":true,"href":"https:\/\/redenoticiaz.com.br\/litoralsp\/wp-json\/wp\/v2\/categories?post=26708"},{"taxonomy":"post_tag","embeddable":true,"href":"https:\/\/redenoticiaz.com.br\/litoralsp\/wp-json\/wp\/v2\/tags?post=26708"}],"curies":[{"name":"wp","href":"https:\/\/api.w.org\/{rel}","templated":true}]}}