{"id":26776,"date":"2022-04-17T16:17:24","date_gmt":"2022-04-17T19:17:24","guid":{"rendered":"https:\/\/redenoticiaz.com.br\/litoralsp\/?p=26776"},"modified":"2022-04-17T16:17:24","modified_gmt":"2022-04-17T19:17:24","slug":"guarda-municipal-prende-dois-homens-por-furto-de-fios-em-santos","status":"publish","type":"post","link":"https:\/\/redenoticiaz.com.br\/litoralsp\/2022\/04\/17\/guarda-municipal-prende-dois-homens-por-furto-de-fios-em-santos","title":{"rendered":"Guarda Municipal prende dois homens por furto de fios em Santos"},"content":{"rendered":"<p>A <strong>Guarda Municipal<\/strong>, de <a href=\"https:\/\/www.santos.sp.gov.br\/\">Santos<\/a>, prendeu, neste s\u00e1bado, dois homens, de 28 e 29 anos, em flagrante por furto de fios de uma caixa de energia na Pra\u00e7a da Independ\u00eancia, no bairro do Gonzaga.<\/p>\n<p>Os guardas conseguiram efetuar as pris\u00f5es em flagrante, ap\u00f3s as c\u00e2meras do Centro do Controle Operacional flagrarem o crime. Os agentes foram acionados e puderam chegar ao local a tempo de efetuarem as pris\u00f5es.<\/p>\n<p>Junto com um dos ladr\u00f5es havia uma faca, usada para cortar os fios, que tamb\u00e9m foi apreendida. Ambos o homens foram levados para a delegacia e responder\u00e3o pelo crime que pode chegar a oito anos de pris\u00e3o.<\/p>\n<p><strong>LEIA TAMB\u00c9M<\/strong><\/p>\n<p><a href=\"https:\/\/redenoticiaz.com.br\/litoralsp\/2022\/04\/17\/livro-entrevista-com-macunaima-e-lancado-e-atrai-muitas-pessoas\">Livro &#8220;Entrevista com Macuna\u00edma&#8221; \u00e9 lan\u00e7ado e atrai muitas pessoas<\/a><\/p>\n","protected":false},"excerpt":{"rendered":"<p>A Guarda Municipal, de Santos, prendeu, neste s\u00e1bado, dois homens, de 28 e 29 anos, em flagrante por furto de fios de uma caixa de energia na Pra\u00e7a da Independ\u00eancia, no bairro do Gonzaga. Os guardas conseguiram efetuar as pris\u00f5es em flagrante, ap\u00f3s as c\u00e2meras do Centro do Controle Operacional flagrarem o crime. Os agentes &hellip;<\/p>\n","protected":false},"author":15,"featured_media":26777,"comment_status":"open","ping_status":"closed","sticky":false,"template":"","format":"standard","meta":{"footnotes":""},"categories":[10,180],"tags":[19002,3892,43,986],"class_list":["post-26776","post","type-post","status-publish","format-standard","has-post-thumbnail","hentry","category-policia","category-santos","tag-crime","tag-furto","tag-guarda-municipal","tag-santos"],"yoast_head":"<!-- This site is optimized with the Yoast SEO plugin v27.5 - https:\/\/yoast.com\/product\/yoast-seo-wordpress\/ -->\n<title>Guarda Municipal prende dois homens por furto de fios em Santos - Litoral SP<\/title>\n<meta name=\"description\" content=\"A Guarda Municipal, de Santos, prendeu, neste s\u00e1bado, dois homens, de 28 e 29 anos, em flagrante por furto de fios de uma caixa de energia.\" \/>\n<meta name=\"robots\" content=\"index, follow, max-snippet:-1, max-image-preview:large, max-video-preview:-1\" \/>\n<link rel=\"canonical\" href=\"https:\/\/redenoticiaz.com.br\/litoralsp\/2022\/04\/17\/guarda-municipal-prende-dois-homens-por-furto-de-fios-em-santos\" \/>\n<meta property=\"og:locale\" content=\"pt_BR\" \/>\n<meta property=\"og:type\" content=\"article\" \/>\n<meta property=\"og:title\" content=\"Guarda Municipal prende dois homens por furto de fios em Santos - Litoral SP\" \/>\n<meta property=\"og:description\" content=\"A Guarda Municipal, de Santos, prendeu, neste s\u00e1bado, dois homens, de 28 e 29 anos, em flagrante por furto de fios de uma caixa de energia.\" \/>\n<meta property=\"og:url\" content=\"https:\/\/redenoticiaz.com.br\/litoralsp\/2022\/04\/17\/guarda-municipal-prende-dois-homens-por-furto-de-fios-em-santos\" \/>\n<meta property=\"og:site_name\" content=\"Litoral SP\" \/>\n<meta property=\"article:published_time\" content=\"2022-04-17T19:17:24+00:00\" \/>\n<meta property=\"og:image\" content=\"https:\/\/redenoticiaz.com.br\/litoralsp\/wp-content\/uploads\/sites\/3\/2022\/04\/sem-titulo-6.jpg\" \/>\n\t<meta property=\"og:image:width\" content=\"712\" \/>\n\t<meta property=\"og:image:height\" content=\"395\" \/>\n\t<meta property=\"og:image:type\" content=\"image\/jpeg\" \/>\n<meta name=\"twitter:card\" content=\"summary_large_image\" \/>\n<meta name=\"twitter:label1\" content=\"Escrito por\" \/>\n\t<meta name=\"twitter:data1\" content=\"\" \/>\n\t<meta name=\"twitter:label2\" content=\"Est. tempo de leitura\" \/>\n\t<meta name=\"twitter:data2\" content=\"1 minuto\" \/>\n<script type=\"application\/ld+json\" class=\"yoast-schema-graph\">{\"@context\":\"https:\\\/\\\/schema.org\",\"@graph\":[{\"@type\":\"Article\",\"@id\":\"https:\\\/\\\/redenoticiaz.com.br\\\/litoralsp\\\/2022\\\/04\\\/17\\\/guarda-municipal-prende-dois-homens-por-furto-de-fios-em-santos#article\",\"isPartOf\":{\"@id\":\"https:\\\/\\\/redenoticiaz.com.br\\\/litoralsp\\\/2022\\\/04\\\/17\\\/guarda-municipal-prende-dois-homens-por-furto-de-fios-em-santos\"},\"author\":{\"name\":\"\",\"@id\":\"\"},\"headline\":\"Guarda Municipal prende dois homens por furto de fios em Santos\",\"datePublished\":\"2022-04-17T19:17:24+00:00\",\"mainEntityOfPage\":{\"@id\":\"https:\\\/\\\/redenoticiaz.com.br\\\/litoralsp\\\/2022\\\/04\\\/17\\\/guarda-municipal-prende-dois-homens-por-furto-de-fios-em-santos\"},\"wordCount\":139,\"commentCount\":0,\"publisher\":{\"@id\":\"https:\\\/\\\/redenoticiaz.com.br\\\/litoralsp\\\/#organization\"},\"image\":{\"@id\":\"https:\\\/\\\/redenoticiaz.com.br\\\/litoralsp\\\/2022\\\/04\\\/17\\\/guarda-municipal-prende-dois-homens-por-furto-de-fios-em-santos#primaryimage\"},\"thumbnailUrl\":\"https:\\\/\\\/redenoticiaz.com.br\\\/litoralsp\\\/wp-content\\\/uploads\\\/sites\\\/3\\\/2022\\\/04\\\/sem-titulo-6.jpg\",\"keywords\":[\"CRIME\",\"furto\",\"guarda municipal\",\"Santos\"],\"articleSection\":[\"Pol\u00edcia\",\"Santos\"],\"inLanguage\":\"pt-BR\",\"potentialAction\":[{\"@type\":\"CommentAction\",\"name\":\"Comment\",\"target\":[\"https:\\\/\\\/redenoticiaz.com.br\\\/litoralsp\\\/2022\\\/04\\\/17\\\/guarda-municipal-prende-dois-homens-por-furto-de-fios-em-santos#respond\"]}]},{\"@type\":\"WebPage\",\"@id\":\"https:\\\/\\\/redenoticiaz.com.br\\\/litoralsp\\\/2022\\\/04\\\/17\\\/guarda-municipal-prende-dois-homens-por-furto-de-fios-em-santos\",\"url\":\"https:\\\/\\\/redenoticiaz.com.br\\\/litoralsp\\\/2022\\\/04\\\/17\\\/guarda-municipal-prende-dois-homens-por-furto-de-fios-em-santos\",\"name\":\"Guarda Municipal prende dois homens por furto de fios em Santos - Litoral SP\",\"isPartOf\":{\"@id\":\"https:\\\/\\\/redenoticiaz.com.br\\\/litoralsp\\\/#website\"},\"primaryImageOfPage\":{\"@id\":\"https:\\\/\\\/redenoticiaz.com.br\\\/litoralsp\\\/2022\\\/04\\\/17\\\/guarda-municipal-prende-dois-homens-por-furto-de-fios-em-santos#primaryimage\"},\"image\":{\"@id\":\"https:\\\/\\\/redenoticiaz.com.br\\\/litoralsp\\\/2022\\\/04\\\/17\\\/guarda-municipal-prende-dois-homens-por-furto-de-fios-em-santos#primaryimage\"},\"thumbnailUrl\":\"https:\\\/\\\/redenoticiaz.com.br\\\/litoralsp\\\/wp-content\\\/uploads\\\/sites\\\/3\\\/2022\\\/04\\\/sem-titulo-6.jpg\",\"datePublished\":\"2022-04-17T19:17:24+00:00\",\"description\":\"A Guarda Municipal, de Santos, prendeu, neste s\u00e1bado, dois homens, de 28 e 29 anos, em flagrante por furto de fios de uma caixa de energia.\",\"inLanguage\":\"pt-BR\",\"potentialAction\":[{\"@type\":\"ReadAction\",\"target\":[\"https:\\\/\\\/redenoticiaz.com.br\\\/litoralsp\\\/2022\\\/04\\\/17\\\/guarda-municipal-prende-dois-homens-por-furto-de-fios-em-santos\"]}]},{\"@type\":\"ImageObject\",\"inLanguage\":\"pt-BR\",\"@id\":\"https:\\\/\\\/redenoticiaz.com.br\\\/litoralsp\\\/2022\\\/04\\\/17\\\/guarda-municipal-prende-dois-homens-por-furto-de-fios-em-santos#primaryimage\",\"url\":\"https:\\\/\\\/redenoticiaz.com.br\\\/litoralsp\\\/wp-content\\\/uploads\\\/sites\\\/3\\\/2022\\\/04\\\/sem-titulo-6.jpg\",\"contentUrl\":\"https:\\\/\\\/redenoticiaz.com.br\\\/litoralsp\\\/wp-content\\\/uploads\\\/sites\\\/3\\\/2022\\\/04\\\/sem-titulo-6.jpg\",\"width\":712,\"height\":395,\"caption\":\"Guarda Municipal prende dois homens por furto de fios em Santos (Foto: Divulga\u00e7\u00e3o Guarda Municipal de Santos)\"},{\"@type\":\"WebSite\",\"@id\":\"https:\\\/\\\/redenoticiaz.com.br\\\/litoralsp\\\/#website\",\"url\":\"https:\\\/\\\/redenoticiaz.com.br\\\/litoralsp\\\/\",\"name\":\"Litoral SP\",\"description\":\"Rede NoticiaZ\",\"publisher\":{\"@id\":\"https:\\\/\\\/redenoticiaz.com.br\\\/litoralsp\\\/#organization\"},\"potentialAction\":[{\"@type\":\"SearchAction\",\"target\":{\"@type\":\"EntryPoint\",\"urlTemplate\":\"https:\\\/\\\/redenoticiaz.com.br\\\/litoralsp\\\/?s={search_term_string}\"},\"query-input\":{\"@type\":\"PropertyValueSpecification\",\"valueRequired\":true,\"valueName\":\"search_term_string\"}}],\"inLanguage\":\"pt-BR\"},{\"@type\":\"Organization\",\"@id\":\"https:\\\/\\\/redenoticiaz.com.br\\\/litoralsp\\\/#organization\",\"name\":\"Litoral SP\",\"url\":\"https:\\\/\\\/redenoticiaz.com.br\\\/litoralsp\\\/\",\"logo\":{\"@type\":\"ImageObject\",\"inLanguage\":\"pt-BR\",\"@id\":\"https:\\\/\\\/redenoticiaz.com.br\\\/litoralsp\\\/#\\\/schema\\\/logo\\\/image\\\/\",\"url\":\"https:\\\/\\\/redenoticiaz.com.br\\\/litoralsp\\\/wp-content\\\/uploads\\\/sites\\\/3\\\/2020\\\/11\\\/logo.jpg\",\"contentUrl\":\"https:\\\/\\\/redenoticiaz.com.br\\\/litoralsp\\\/wp-content\\\/uploads\\\/sites\\\/3\\\/2020\\\/11\\\/logo.jpg\",\"width\":400,\"height\":250,\"caption\":\"Litoral SP\"},\"image\":{\"@id\":\"https:\\\/\\\/redenoticiaz.com.br\\\/litoralsp\\\/#\\\/schema\\\/logo\\\/image\\\/\"}},{\"@type\":\"Person\",\"@id\":\"\",\"url\":\"https:\\\/\\\/redenoticiaz.com.br\\\/litoralsp\\\/author\"}]}<\/script>\n<!-- \/ Yoast SEO plugin. -->","yoast_head_json":{"title":"Guarda Municipal prende dois homens por furto de fios em Santos - Litoral SP","description":"A Guarda Municipal, de Santos, prendeu, neste s\u00e1bado, dois homens, de 28 e 29 anos, em flagrante por furto de fios de uma caixa de energia.","robots":{"index":"index","follow":"follow","max-snippet":"max-snippet:-1","max-image-preview":"max-image-preview:large","max-video-preview":"max-video-preview:-1"},"canonical":"https:\/\/redenoticiaz.com.br\/litoralsp\/2022\/04\/17\/guarda-municipal-prende-dois-homens-por-furto-de-fios-em-santos","og_locale":"pt_BR","og_type":"article","og_title":"Guarda Municipal prende dois homens por furto de fios em Santos - Litoral SP","og_description":"A Guarda Municipal, de Santos, prendeu, neste s\u00e1bado, dois homens, de 28 e 29 anos, em flagrante por furto de fios de uma caixa de energia.","og_url":"https:\/\/redenoticiaz.com.br\/litoralsp\/2022\/04\/17\/guarda-municipal-prende-dois-homens-por-furto-de-fios-em-santos","og_site_name":"Litoral SP","article_published_time":"2022-04-17T19:17:24+00:00","og_image":[{"width":712,"height":395,"url":"https:\/\/redenoticiaz.com.br\/litoralsp\/wp-content\/uploads\/sites\/3\/2022\/04\/sem-titulo-6.jpg","type":"image\/jpeg"}],"twitter_card":"summary_large_image","twitter_misc":{"Escrito por":"","Est. tempo de leitura":"1 minuto"},"schema":{"@context":"https:\/\/schema.org","@graph":[{"@type":"Article","@id":"https:\/\/redenoticiaz.com.br\/litoralsp\/2022\/04\/17\/guarda-municipal-prende-dois-homens-por-furto-de-fios-em-santos#article","isPartOf":{"@id":"https:\/\/redenoticiaz.com.br\/litoralsp\/2022\/04\/17\/guarda-municipal-prende-dois-homens-por-furto-de-fios-em-santos"},"author":{"name":"","@id":""},"headline":"Guarda Municipal prende dois homens por furto de fios em Santos","datePublished":"2022-04-17T19:17:24+00:00","mainEntityOfPage":{"@id":"https:\/\/redenoticiaz.com.br\/litoralsp\/2022\/04\/17\/guarda-municipal-prende-dois-homens-por-furto-de-fios-em-santos"},"wordCount":139,"commentCount":0,"publisher":{"@id":"https:\/\/redenoticiaz.com.br\/litoralsp\/#organization"},"image":{"@id":"https:\/\/redenoticiaz.com.br\/litoralsp\/2022\/04\/17\/guarda-municipal-prende-dois-homens-por-furto-de-fios-em-santos#primaryimage"},"thumbnailUrl":"https:\/\/redenoticiaz.com.br\/litoralsp\/wp-content\/uploads\/sites\/3\/2022\/04\/sem-titulo-6.jpg","keywords":["CRIME","furto","guarda municipal","Santos"],"articleSection":["Pol\u00edcia","Santos"],"inLanguage":"pt-BR","potentialAction":[{"@type":"CommentAction","name":"Comment","target":["https:\/\/redenoticiaz.com.br\/litoralsp\/2022\/04\/17\/guarda-municipal-prende-dois-homens-por-furto-de-fios-em-santos#respond"]}]},{"@type":"WebPage","@id":"https:\/\/redenoticiaz.com.br\/litoralsp\/2022\/04\/17\/guarda-municipal-prende-dois-homens-por-furto-de-fios-em-santos","url":"https:\/\/redenoticiaz.com.br\/litoralsp\/2022\/04\/17\/guarda-municipal-prende-dois-homens-por-furto-de-fios-em-santos","name":"Guarda Municipal prende dois homens por furto de fios em Santos - Litoral SP","isPartOf":{"@id":"https:\/\/redenoticiaz.com.br\/litoralsp\/#website"},"primaryImageOfPage":{"@id":"https:\/\/redenoticiaz.com.br\/litoralsp\/2022\/04\/17\/guarda-municipal-prende-dois-homens-por-furto-de-fios-em-santos#primaryimage"},"image":{"@id":"https:\/\/redenoticiaz.com.br\/litoralsp\/2022\/04\/17\/guarda-municipal-prende-dois-homens-por-furto-de-fios-em-santos#primaryimage"},"thumbnailUrl":"https:\/\/redenoticiaz.com.br\/litoralsp\/wp-content\/uploads\/sites\/3\/2022\/04\/sem-titulo-6.jpg","datePublished":"2022-04-17T19:17:24+00:00","description":"A Guarda Municipal, de Santos, prendeu, neste s\u00e1bado, dois homens, de 28 e 29 anos, em flagrante por furto de fios de uma caixa de energia.","inLanguage":"pt-BR","potentialAction":[{"@type":"ReadAction","target":["https:\/\/redenoticiaz.com.br\/litoralsp\/2022\/04\/17\/guarda-municipal-prende-dois-homens-por-furto-de-fios-em-santos"]}]},{"@type":"ImageObject","inLanguage":"pt-BR","@id":"https:\/\/redenoticiaz.com.br\/litoralsp\/2022\/04\/17\/guarda-municipal-prende-dois-homens-por-furto-de-fios-em-santos#primaryimage","url":"https:\/\/redenoticiaz.com.br\/litoralsp\/wp-content\/uploads\/sites\/3\/2022\/04\/sem-titulo-6.jpg","contentUrl":"https:\/\/redenoticiaz.com.br\/litoralsp\/wp-content\/uploads\/sites\/3\/2022\/04\/sem-titulo-6.jpg","width":712,"height":395,"caption":"Guarda Municipal prende dois homens por furto de fios em Santos (Foto: Divulga\u00e7\u00e3o Guarda Municipal de Santos)"},{"@type":"WebSite","@id":"https:\/\/redenoticiaz.com.br\/litoralsp\/#website","url":"https:\/\/redenoticiaz.com.br\/litoralsp\/","name":"Litoral SP","description":"Rede NoticiaZ","publisher":{"@id":"https:\/\/redenoticiaz.com.br\/litoralsp\/#organization"},"potentialAction":[{"@type":"SearchAction","target":{"@type":"EntryPoint","urlTemplate":"https:\/\/redenoticiaz.com.br\/litoralsp\/?s={search_term_string}"},"query-input":{"@type":"PropertyValueSpecification","valueRequired":true,"valueName":"search_term_string"}}],"inLanguage":"pt-BR"},{"@type":"Organization","@id":"https:\/\/redenoticiaz.com.br\/litoralsp\/#organization","name":"Litoral SP","url":"https:\/\/redenoticiaz.com.br\/litoralsp\/","logo":{"@type":"ImageObject","inLanguage":"pt-BR","@id":"https:\/\/redenoticiaz.com.br\/litoralsp\/#\/schema\/logo\/image\/","url":"https:\/\/redenoticiaz.com.br\/litoralsp\/wp-content\/uploads\/sites\/3\/2020\/11\/logo.jpg","contentUrl":"https:\/\/redenoticiaz.com.br\/litoralsp\/wp-content\/uploads\/sites\/3\/2020\/11\/logo.jpg","width":400,"height":250,"caption":"Litoral SP"},"image":{"@id":"https:\/\/redenoticiaz.com.br\/litoralsp\/#\/schema\/logo\/image\/"}},{"@type":"Person","@id":"","url":"https:\/\/redenoticiaz.com.br\/litoralsp\/author"}]}},"_links":{"self":[{"href":"https:\/\/redenoticiaz.com.br\/litoralsp\/wp-json\/wp\/v2\/posts\/26776","targetHints":{"allow":["GET"]}}],"collection":[{"href":"https:\/\/redenoticiaz.com.br\/litoralsp\/wp-json\/wp\/v2\/posts"}],"about":[{"href":"https:\/\/redenoticiaz.com.br\/litoralsp\/wp-json\/wp\/v2\/types\/post"}],"author":[{"embeddable":true,"href":"https:\/\/redenoticiaz.com.br\/litoralsp\/wp-json\/wp\/v2\/users\/15"}],"replies":[{"embeddable":true,"href":"https:\/\/redenoticiaz.com.br\/litoralsp\/wp-json\/wp\/v2\/comments?post=26776"}],"version-history":[{"count":1,"href":"https:\/\/redenoticiaz.com.br\/litoralsp\/wp-json\/wp\/v2\/posts\/26776\/revisions"}],"predecessor-version":[{"id":26778,"href":"https:\/\/redenoticiaz.com.br\/litoralsp\/wp-json\/wp\/v2\/posts\/26776\/revisions\/26778"}],"wp:featuredmedia":[{"embeddable":true,"href":"https:\/\/redenoticiaz.com.br\/litoralsp\/wp-json\/wp\/v2\/media\/26777"}],"wp:attachment":[{"href":"https:\/\/redenoticiaz.com.br\/litoralsp\/wp-json\/wp\/v2\/media?parent=26776"}],"wp:term":[{"taxonomy":"category","embeddable":true,"href":"https:\/\/redenoticiaz.com.br\/litoralsp\/wp-json\/wp\/v2\/categories?post=26776"},{"taxonomy":"post_tag","embeddable":true,"href":"https:\/\/redenoticiaz.com.br\/litoralsp\/wp-json\/wp\/v2\/tags?post=26776"}],"curies":[{"name":"wp","href":"https:\/\/api.w.org\/{rel}","templated":true}]}}