{"id":26939,"date":"2022-04-20T11:59:57","date_gmt":"2022-04-20T14:59:57","guid":{"rendered":"https:\/\/redenoticiaz.com.br\/litoralsp\/?p=26939"},"modified":"2022-04-20T11:59:57","modified_gmt":"2022-04-20T14:59:57","slug":"santos-tera-primeiro-retrofit-e-salas-comerciais-vao-virar-apartamentos-residenciais","status":"publish","type":"post","link":"https:\/\/redenoticiaz.com.br\/litoralsp\/2022\/04\/20\/santos-tera-primeiro-retrofit-e-salas-comerciais-vao-virar-apartamentos-residenciais","title":{"rendered":"Santos ter\u00e1 primeiro retrofit e salas comerciais v\u00e3o virar apartamentos residenciais"},"content":{"rendered":"<p>O Centro Hist\u00f3rico de <a href=\"https:\/\/www.santos.sp.gov.br\/\">Santos<\/a> \u00e9 conhecido por abrigar diversos com\u00e9rcios, empresas e im\u00f3veis hist\u00f3ricos. Mas pouco se fala em habita\u00e7\u00e3o na regi\u00e3o. No entanto isto deve mudar com uma iniciativa inovadora da prefeitura. Tudo por conta de um projeto retrofit, onde um edif\u00edcio comercial ser\u00e1 revitalizado e as <strong>salas comerciais v\u00e3o se tornar apartamentos residenciais<\/strong>.<\/p>\n<p>Segundo a administra\u00e7\u00e3o, o im\u00f3vel passa por um processo de retrofit, que \u00e9 uma t\u00e9cnica de revitaliza\u00e7\u00e3o de constru\u00e7\u00f5es antigas que tem como objetivo modernizar o espa\u00e7o, corrigir problemas de infraestrutura e torn\u00e1-lo mais seguro sem retirar seus elementos originais hist\u00f3ricos e arquitet\u00f4nicos.<\/p>\n<figure id=\"attachment_26941\" aria-describedby=\"caption-attachment-26941\" style=\"width: 200px\" class=\"wp-caption alignleft\"><img loading=\"lazy\" decoding=\"async\" class=\"size-medium wp-image-26941\" src=\"https:\/\/redenoticiaz.com.br\/litoralsp\/wp-content\/uploads\/sites\/3\/2022\/04\/retro_principal-200x300.jpg\" alt=\"\" width=\"200\" height=\"300\" srcset=\"https:\/\/redenoticiaz.com.br\/litoralsp\/wp-content\/uploads\/sites\/3\/2022\/04\/retro_principal-200x300.jpg 200w, https:\/\/redenoticiaz.com.br\/litoralsp\/wp-content\/uploads\/sites\/3\/2022\/04\/retro_principal.jpg 320w\" sizes=\"auto, (max-width: 200px) 100vw, 200px\" \/><figcaption id=\"caption-attachment-26941\" class=\"wp-caption-text\">Cr\u00e9ditos: Divulga\u00e7\u00e3o\/Prefeitura de Santos<\/figcaption><\/figure>\n<p>De acordo com a Prefeitura de Santos, o pr\u00e9dio em quest\u00e3o fica no n\u00famero 53, na Pra\u00e7a Jos\u00e9 Bonif\u00e1cio, tem nove andares e ter\u00e1 apartamentos de um e dois dormit\u00f3rios. Os primeiros apartamentos devem come\u00e7ar a ser ocupados no segundo semestre deste ano.<\/p>\n<p>A justificativa para a realiza\u00e7\u00e3o do projeto \u00e9 para oferecer pol\u00edticas de ocupa\u00e7\u00e3o residencial e comercial na Regi\u00e3o Central. De acordo com a Secret\u00e1ria de Desenvolvimento Urbano de Santos (Sedurb), esse projeto funciona como primeiro passo para o repovoamento do Centro. Com isso, a administra\u00e7\u00e3o municipal espera que novos investidores olhem para a regi\u00e3o.<\/p>\n<p>Ainda segundo a Prefeitura de Santos, o Centro possui algumas vantagens que tornam o local mais atrativo, como o incentivo fiscal, a exemplo da isen\u00e7\u00e3o de Imposto sobre Transmiss\u00e3o de Bens Im\u00f3veis (ITBI) para quem faz o retrofit e para os primeiros compradores de cada um destes im\u00f3veis. Al\u00e9m disso, existe a isen\u00e7\u00e3o de IPTU por cinco anos para os primeiros compradores de qualquer uma das unidades habitacionais.<\/p>\n<h3>VLT ser\u00e1 um fator decisivo<\/h3>\n<p>O empres\u00e1rio M\u00e1rcio Elias Bechara diz que o Ve\u00edculo Leve sobre Trilhos (VLT), quando passar pelo Centro, ser\u00e1 fundamental para o desenvolvimento da regi\u00e3o. &#8220;Al\u00e9m de toda uma oferta de com\u00e9rcio e servi\u00e7os, os futuros moradores deste pr\u00e9dio v\u00e3o poder contar com uma esta\u00e7\u00e3o do VLT praticamente na porta do edif\u00edcio, facilitando os deslocamentos para outras regi\u00f5es do Munic\u00edpio. Estamos bem empolgados com esse projeto, e acreditamos que a Administra\u00e7\u00e3o Municipal vai seguir firme na revitaliza\u00e7\u00e3o do Centro Hist\u00f3rico&#8221;.<\/p>\n<p>J\u00e1 o prefeito Rog\u00e9rio Santos (PSDB) ressalva a realiza\u00e7\u00e3o de investimentos no Centro Hist\u00f3rico. &#8220;Localiza\u00e7\u00e3o privilegiada, vista maravilhosa para o Porto, morros e pr\u00e9dios hist\u00f3ricos. Acreditamos muito nesse projeto. \u00c9 papel do Poder P\u00fablico incentivar com leis espec\u00edficas, parcerias inseridas no projeto de desenvolvimento e revitaliza\u00e7\u00e3o do centro hist\u00f3rico que tem, no VLT, um de seus carros-chefe&#8221;.<\/p>\n<p><strong>LEIA TAMB\u00c9M<\/strong><\/p>\n<p><a href=\"https:\/\/redenoticiaz.com.br\/litoralsp\/2022\/04\/18\/doses-da-vacina-contra-a-covid-19-serao-antecipadas-em-santos-devido-ao-feriado-de-tiradentes\">Doses da vacina contra a Covid-19 ser\u00e3o antecipadas em Santos devido ao feriado de Tiradentes<\/a><\/p>\n","protected":false},"excerpt":{"rendered":"<p>O Centro Hist\u00f3rico de Santos \u00e9 conhecido por abrigar diversos com\u00e9rcios, empresas e im\u00f3veis hist\u00f3ricos. Mas pouco se fala em habita\u00e7\u00e3o na regi\u00e3o. No entanto isto deve mudar com uma iniciativa inovadora da prefeitura. Tudo por conta de um projeto retrofit, onde um edif\u00edcio comercial ser\u00e1 revitalizado e as salas comerciais v\u00e3o se tornar apartamentos &hellip;<\/p>\n","protected":false},"author":6,"featured_media":26942,"comment_status":"open","ping_status":"closed","sticky":false,"template":"","format":"standard","meta":{"footnotes":""},"categories":[54169,180],"tags":[54172,50772,54171,54170,986],"class_list":["post-26939","post","type-post","status-publish","format-standard","has-post-thumbnail","hentry","category-habitacao","category-santos","tag-apartamentos-residenciais","tag-centro-historico-de-santos","tag-predio-comercial","tag-retrofit","tag-santos"],"yoast_head":"<!-- This site is optimized with the Yoast SEO plugin v27.4 - https:\/\/yoast.com\/product\/yoast-seo-wordpress\/ -->\n<title>Santos ter\u00e1 primeiro retrofit e salas comerciais v\u00e3o virar apartamentos residenciais - Litoral SP<\/title>\n<meta name=\"description\" content=\"pouco se fala em habita\u00e7\u00e3o na regi\u00e3o. No entanto isto deve mudar com uma iniciativa inovadora da prefeitura. Tudo por conta de um projeto retrofit\" \/>\n<meta name=\"robots\" content=\"index, follow, max-snippet:-1, max-image-preview:large, max-video-preview:-1\" \/>\n<link rel=\"canonical\" href=\"https:\/\/redenoticiaz.com.br\/litoralsp\/2022\/04\/20\/santos-tera-primeiro-retrofit-e-salas-comerciais-vao-virar-apartamentos-residenciais\" \/>\n<meta property=\"og:locale\" content=\"pt_BR\" \/>\n<meta property=\"og:type\" content=\"article\" \/>\n<meta property=\"og:title\" content=\"Santos ter\u00e1 primeiro retrofit e salas comerciais v\u00e3o virar apartamentos residenciais - Litoral SP\" \/>\n<meta property=\"og:description\" content=\"pouco se fala em habita\u00e7\u00e3o na regi\u00e3o. No entanto isto deve mudar com uma iniciativa inovadora da prefeitura. Tudo por conta de um projeto retrofit\" \/>\n<meta property=\"og:url\" content=\"https:\/\/redenoticiaz.com.br\/litoralsp\/2022\/04\/20\/santos-tera-primeiro-retrofit-e-salas-comerciais-vao-virar-apartamentos-residenciais\" \/>\n<meta property=\"og:site_name\" content=\"Litoral SP\" \/>\n<meta property=\"article:published_time\" content=\"2022-04-20T14:59:57+00:00\" \/>\n<meta property=\"og:image\" content=\"https:\/\/redenoticiaz.com.br\/litoralsp\/wp-content\/uploads\/sites\/3\/2022\/04\/retrofit1_0.jpg\" \/>\n\t<meta property=\"og:image:width\" content=\"927\" \/>\n\t<meta property=\"og:image:height\" content=\"695\" \/>\n\t<meta property=\"og:image:type\" content=\"image\/jpeg\" \/>\n<meta name=\"author\" content=\"Leonardo Francisco\" \/>\n<meta name=\"twitter:card\" content=\"summary_large_image\" \/>\n<meta name=\"twitter:label1\" content=\"Escrito por\" \/>\n\t<meta name=\"twitter:data1\" content=\"Leonardo Francisco\" \/>\n\t<meta name=\"twitter:label2\" content=\"Est. tempo de leitura\" \/>\n\t<meta name=\"twitter:data2\" content=\"2 minutos\" \/>\n<script type=\"application\/ld+json\" class=\"yoast-schema-graph\">{\"@context\":\"https:\\\/\\\/schema.org\",\"@graph\":[{\"@type\":\"Article\",\"@id\":\"https:\\\/\\\/redenoticiaz.com.br\\\/litoralsp\\\/2022\\\/04\\\/20\\\/santos-tera-primeiro-retrofit-e-salas-comerciais-vao-virar-apartamentos-residenciais#article\",\"isPartOf\":{\"@id\":\"https:\\\/\\\/redenoticiaz.com.br\\\/litoralsp\\\/2022\\\/04\\\/20\\\/santos-tera-primeiro-retrofit-e-salas-comerciais-vao-virar-apartamentos-residenciais\"},\"author\":{\"name\":\"Leonardo Francisco\",\"@id\":\"https:\\\/\\\/redenoticiaz.com.br\\\/litoralsp\\\/#\\\/schema\\\/person\\\/0f0b8a5bdafefe82841e07ae8d81ecb3\"},\"headline\":\"Santos ter\u00e1 primeiro retrofit e salas comerciais v\u00e3o virar apartamentos residenciais\",\"datePublished\":\"2022-04-20T14:59:57+00:00\",\"mainEntityOfPage\":{\"@id\":\"https:\\\/\\\/redenoticiaz.com.br\\\/litoralsp\\\/2022\\\/04\\\/20\\\/santos-tera-primeiro-retrofit-e-salas-comerciais-vao-virar-apartamentos-residenciais\"},\"wordCount\":508,\"commentCount\":0,\"publisher\":{\"@id\":\"https:\\\/\\\/redenoticiaz.com.br\\\/litoralsp\\\/#organization\"},\"image\":{\"@id\":\"https:\\\/\\\/redenoticiaz.com.br\\\/litoralsp\\\/2022\\\/04\\\/20\\\/santos-tera-primeiro-retrofit-e-salas-comerciais-vao-virar-apartamentos-residenciais#primaryimage\"},\"thumbnailUrl\":\"https:\\\/\\\/redenoticiaz.com.br\\\/litoralsp\\\/wp-content\\\/uploads\\\/sites\\\/3\\\/2022\\\/04\\\/retrofit1_0.jpg\",\"keywords\":[\"APARTAMENTOS RESIDENCIAIS\",\"CENTRO HIST\u00d3RICO DE SANTOS\",\"PR\u00c9DIO COMERCIAL\",\"RETROFIT\",\"Santos\"],\"articleSection\":[\"Habita\u00e7\u00e3o\",\"Santos\"],\"inLanguage\":\"pt-BR\",\"potentialAction\":[{\"@type\":\"CommentAction\",\"name\":\"Comment\",\"target\":[\"https:\\\/\\\/redenoticiaz.com.br\\\/litoralsp\\\/2022\\\/04\\\/20\\\/santos-tera-primeiro-retrofit-e-salas-comerciais-vao-virar-apartamentos-residenciais#respond\"]}]},{\"@type\":\"WebPage\",\"@id\":\"https:\\\/\\\/redenoticiaz.com.br\\\/litoralsp\\\/2022\\\/04\\\/20\\\/santos-tera-primeiro-retrofit-e-salas-comerciais-vao-virar-apartamentos-residenciais\",\"url\":\"https:\\\/\\\/redenoticiaz.com.br\\\/litoralsp\\\/2022\\\/04\\\/20\\\/santos-tera-primeiro-retrofit-e-salas-comerciais-vao-virar-apartamentos-residenciais\",\"name\":\"Santos ter\u00e1 primeiro retrofit e salas comerciais v\u00e3o virar apartamentos residenciais - Litoral SP\",\"isPartOf\":{\"@id\":\"https:\\\/\\\/redenoticiaz.com.br\\\/litoralsp\\\/#website\"},\"primaryImageOfPage\":{\"@id\":\"https:\\\/\\\/redenoticiaz.com.br\\\/litoralsp\\\/2022\\\/04\\\/20\\\/santos-tera-primeiro-retrofit-e-salas-comerciais-vao-virar-apartamentos-residenciais#primaryimage\"},\"image\":{\"@id\":\"https:\\\/\\\/redenoticiaz.com.br\\\/litoralsp\\\/2022\\\/04\\\/20\\\/santos-tera-primeiro-retrofit-e-salas-comerciais-vao-virar-apartamentos-residenciais#primaryimage\"},\"thumbnailUrl\":\"https:\\\/\\\/redenoticiaz.com.br\\\/litoralsp\\\/wp-content\\\/uploads\\\/sites\\\/3\\\/2022\\\/04\\\/retrofit1_0.jpg\",\"datePublished\":\"2022-04-20T14:59:57+00:00\",\"description\":\"pouco se fala em habita\u00e7\u00e3o na regi\u00e3o. No entanto isto deve mudar com uma iniciativa inovadora da prefeitura. Tudo por conta de um projeto retrofit\",\"inLanguage\":\"pt-BR\",\"potentialAction\":[{\"@type\":\"ReadAction\",\"target\":[\"https:\\\/\\\/redenoticiaz.com.br\\\/litoralsp\\\/2022\\\/04\\\/20\\\/santos-tera-primeiro-retrofit-e-salas-comerciais-vao-virar-apartamentos-residenciais\"]}]},{\"@type\":\"ImageObject\",\"inLanguage\":\"pt-BR\",\"@id\":\"https:\\\/\\\/redenoticiaz.com.br\\\/litoralsp\\\/2022\\\/04\\\/20\\\/santos-tera-primeiro-retrofit-e-salas-comerciais-vao-virar-apartamentos-residenciais#primaryimage\",\"url\":\"https:\\\/\\\/redenoticiaz.com.br\\\/litoralsp\\\/wp-content\\\/uploads\\\/sites\\\/3\\\/2022\\\/04\\\/retrofit1_0.jpg\",\"contentUrl\":\"https:\\\/\\\/redenoticiaz.com.br\\\/litoralsp\\\/wp-content\\\/uploads\\\/sites\\\/3\\\/2022\\\/04\\\/retrofit1_0.jpg\",\"width\":927,\"height\":695,\"caption\":\"A expectativa \u00e9 que as obras comecem j\u00e1 no segundo semestre deste ano. Cr\u00e9ditos: Divulga\u00e7\u00e3o\\\/Prefeitura de Santos\"},{\"@type\":\"WebSite\",\"@id\":\"https:\\\/\\\/redenoticiaz.com.br\\\/litoralsp\\\/#website\",\"url\":\"https:\\\/\\\/redenoticiaz.com.br\\\/litoralsp\\\/\",\"name\":\"Litoral SP\",\"description\":\"Rede NoticiaZ\",\"publisher\":{\"@id\":\"https:\\\/\\\/redenoticiaz.com.br\\\/litoralsp\\\/#organization\"},\"potentialAction\":[{\"@type\":\"SearchAction\",\"target\":{\"@type\":\"EntryPoint\",\"urlTemplate\":\"https:\\\/\\\/redenoticiaz.com.br\\\/litoralsp\\\/?s={search_term_string}\"},\"query-input\":{\"@type\":\"PropertyValueSpecification\",\"valueRequired\":true,\"valueName\":\"search_term_string\"}}],\"inLanguage\":\"pt-BR\"},{\"@type\":\"Organization\",\"@id\":\"https:\\\/\\\/redenoticiaz.com.br\\\/litoralsp\\\/#organization\",\"name\":\"Litoral SP\",\"url\":\"https:\\\/\\\/redenoticiaz.com.br\\\/litoralsp\\\/\",\"logo\":{\"@type\":\"ImageObject\",\"inLanguage\":\"pt-BR\",\"@id\":\"https:\\\/\\\/redenoticiaz.com.br\\\/litoralsp\\\/#\\\/schema\\\/logo\\\/image\\\/\",\"url\":\"https:\\\/\\\/redenoticiaz.com.br\\\/litoralsp\\\/wp-content\\\/uploads\\\/sites\\\/3\\\/2020\\\/11\\\/logo.jpg\",\"contentUrl\":\"https:\\\/\\\/redenoticiaz.com.br\\\/litoralsp\\\/wp-content\\\/uploads\\\/sites\\\/3\\\/2020\\\/11\\\/logo.jpg\",\"width\":400,\"height\":250,\"caption\":\"Litoral SP\"},\"image\":{\"@id\":\"https:\\\/\\\/redenoticiaz.com.br\\\/litoralsp\\\/#\\\/schema\\\/logo\\\/image\\\/\"}},{\"@type\":\"Person\",\"@id\":\"https:\\\/\\\/redenoticiaz.com.br\\\/litoralsp\\\/#\\\/schema\\\/person\\\/0f0b8a5bdafefe82841e07ae8d81ecb3\",\"name\":\"Leonardo Francisco\",\"image\":{\"@type\":\"ImageObject\",\"inLanguage\":\"pt-BR\",\"@id\":\"https:\\\/\\\/secure.gravatar.com\\\/avatar\\\/a7358cb406a99b682ec6df1e77e31ae82e63601f6784e8a3df411d72b37864da?s=96&d=mm&r=g\",\"url\":\"https:\\\/\\\/secure.gravatar.com\\\/avatar\\\/a7358cb406a99b682ec6df1e77e31ae82e63601f6784e8a3df411d72b37864da?s=96&d=mm&r=g\",\"contentUrl\":\"https:\\\/\\\/secure.gravatar.com\\\/avatar\\\/a7358cb406a99b682ec6df1e77e31ae82e63601f6784e8a3df411d72b37864da?s=96&d=mm&r=g\",\"caption\":\"Leonardo Francisco\"},\"url\":\"https:\\\/\\\/redenoticiaz.com.br\\\/litoralsp\\\/author\\\/leonardo-francisco\"}]}<\/script>\n<!-- \/ Yoast SEO plugin. -->","yoast_head_json":{"title":"Santos ter\u00e1 primeiro retrofit e salas comerciais v\u00e3o virar apartamentos residenciais - Litoral SP","description":"pouco se fala em habita\u00e7\u00e3o na regi\u00e3o. No entanto isto deve mudar com uma iniciativa inovadora da prefeitura. Tudo por conta de um projeto retrofit","robots":{"index":"index","follow":"follow","max-snippet":"max-snippet:-1","max-image-preview":"max-image-preview:large","max-video-preview":"max-video-preview:-1"},"canonical":"https:\/\/redenoticiaz.com.br\/litoralsp\/2022\/04\/20\/santos-tera-primeiro-retrofit-e-salas-comerciais-vao-virar-apartamentos-residenciais","og_locale":"pt_BR","og_type":"article","og_title":"Santos ter\u00e1 primeiro retrofit e salas comerciais v\u00e3o virar apartamentos residenciais - Litoral SP","og_description":"pouco se fala em habita\u00e7\u00e3o na regi\u00e3o. No entanto isto deve mudar com uma iniciativa inovadora da prefeitura. Tudo por conta de um projeto retrofit","og_url":"https:\/\/redenoticiaz.com.br\/litoralsp\/2022\/04\/20\/santos-tera-primeiro-retrofit-e-salas-comerciais-vao-virar-apartamentos-residenciais","og_site_name":"Litoral SP","article_published_time":"2022-04-20T14:59:57+00:00","og_image":[{"width":927,"height":695,"url":"https:\/\/redenoticiaz.com.br\/litoralsp\/wp-content\/uploads\/sites\/3\/2022\/04\/retrofit1_0.jpg","type":"image\/jpeg"}],"author":"Leonardo Francisco","twitter_card":"summary_large_image","twitter_misc":{"Escrito por":"Leonardo Francisco","Est. tempo de leitura":"2 minutos"},"schema":{"@context":"https:\/\/schema.org","@graph":[{"@type":"Article","@id":"https:\/\/redenoticiaz.com.br\/litoralsp\/2022\/04\/20\/santos-tera-primeiro-retrofit-e-salas-comerciais-vao-virar-apartamentos-residenciais#article","isPartOf":{"@id":"https:\/\/redenoticiaz.com.br\/litoralsp\/2022\/04\/20\/santos-tera-primeiro-retrofit-e-salas-comerciais-vao-virar-apartamentos-residenciais"},"author":{"name":"Leonardo Francisco","@id":"https:\/\/redenoticiaz.com.br\/litoralsp\/#\/schema\/person\/0f0b8a5bdafefe82841e07ae8d81ecb3"},"headline":"Santos ter\u00e1 primeiro retrofit e salas comerciais v\u00e3o virar apartamentos residenciais","datePublished":"2022-04-20T14:59:57+00:00","mainEntityOfPage":{"@id":"https:\/\/redenoticiaz.com.br\/litoralsp\/2022\/04\/20\/santos-tera-primeiro-retrofit-e-salas-comerciais-vao-virar-apartamentos-residenciais"},"wordCount":508,"commentCount":0,"publisher":{"@id":"https:\/\/redenoticiaz.com.br\/litoralsp\/#organization"},"image":{"@id":"https:\/\/redenoticiaz.com.br\/litoralsp\/2022\/04\/20\/santos-tera-primeiro-retrofit-e-salas-comerciais-vao-virar-apartamentos-residenciais#primaryimage"},"thumbnailUrl":"https:\/\/redenoticiaz.com.br\/litoralsp\/wp-content\/uploads\/sites\/3\/2022\/04\/retrofit1_0.jpg","keywords":["APARTAMENTOS RESIDENCIAIS","CENTRO HIST\u00d3RICO DE SANTOS","PR\u00c9DIO COMERCIAL","RETROFIT","Santos"],"articleSection":["Habita\u00e7\u00e3o","Santos"],"inLanguage":"pt-BR","potentialAction":[{"@type":"CommentAction","name":"Comment","target":["https:\/\/redenoticiaz.com.br\/litoralsp\/2022\/04\/20\/santos-tera-primeiro-retrofit-e-salas-comerciais-vao-virar-apartamentos-residenciais#respond"]}]},{"@type":"WebPage","@id":"https:\/\/redenoticiaz.com.br\/litoralsp\/2022\/04\/20\/santos-tera-primeiro-retrofit-e-salas-comerciais-vao-virar-apartamentos-residenciais","url":"https:\/\/redenoticiaz.com.br\/litoralsp\/2022\/04\/20\/santos-tera-primeiro-retrofit-e-salas-comerciais-vao-virar-apartamentos-residenciais","name":"Santos ter\u00e1 primeiro retrofit e salas comerciais v\u00e3o virar apartamentos residenciais - Litoral SP","isPartOf":{"@id":"https:\/\/redenoticiaz.com.br\/litoralsp\/#website"},"primaryImageOfPage":{"@id":"https:\/\/redenoticiaz.com.br\/litoralsp\/2022\/04\/20\/santos-tera-primeiro-retrofit-e-salas-comerciais-vao-virar-apartamentos-residenciais#primaryimage"},"image":{"@id":"https:\/\/redenoticiaz.com.br\/litoralsp\/2022\/04\/20\/santos-tera-primeiro-retrofit-e-salas-comerciais-vao-virar-apartamentos-residenciais#primaryimage"},"thumbnailUrl":"https:\/\/redenoticiaz.com.br\/litoralsp\/wp-content\/uploads\/sites\/3\/2022\/04\/retrofit1_0.jpg","datePublished":"2022-04-20T14:59:57+00:00","description":"pouco se fala em habita\u00e7\u00e3o na regi\u00e3o. No entanto isto deve mudar com uma iniciativa inovadora da prefeitura. Tudo por conta de um projeto retrofit","inLanguage":"pt-BR","potentialAction":[{"@type":"ReadAction","target":["https:\/\/redenoticiaz.com.br\/litoralsp\/2022\/04\/20\/santos-tera-primeiro-retrofit-e-salas-comerciais-vao-virar-apartamentos-residenciais"]}]},{"@type":"ImageObject","inLanguage":"pt-BR","@id":"https:\/\/redenoticiaz.com.br\/litoralsp\/2022\/04\/20\/santos-tera-primeiro-retrofit-e-salas-comerciais-vao-virar-apartamentos-residenciais#primaryimage","url":"https:\/\/redenoticiaz.com.br\/litoralsp\/wp-content\/uploads\/sites\/3\/2022\/04\/retrofit1_0.jpg","contentUrl":"https:\/\/redenoticiaz.com.br\/litoralsp\/wp-content\/uploads\/sites\/3\/2022\/04\/retrofit1_0.jpg","width":927,"height":695,"caption":"A expectativa \u00e9 que as obras comecem j\u00e1 no segundo semestre deste ano. Cr\u00e9ditos: Divulga\u00e7\u00e3o\/Prefeitura de Santos"},{"@type":"WebSite","@id":"https:\/\/redenoticiaz.com.br\/litoralsp\/#website","url":"https:\/\/redenoticiaz.com.br\/litoralsp\/","name":"Litoral SP","description":"Rede NoticiaZ","publisher":{"@id":"https:\/\/redenoticiaz.com.br\/litoralsp\/#organization"},"potentialAction":[{"@type":"SearchAction","target":{"@type":"EntryPoint","urlTemplate":"https:\/\/redenoticiaz.com.br\/litoralsp\/?s={search_term_string}"},"query-input":{"@type":"PropertyValueSpecification","valueRequired":true,"valueName":"search_term_string"}}],"inLanguage":"pt-BR"},{"@type":"Organization","@id":"https:\/\/redenoticiaz.com.br\/litoralsp\/#organization","name":"Litoral SP","url":"https:\/\/redenoticiaz.com.br\/litoralsp\/","logo":{"@type":"ImageObject","inLanguage":"pt-BR","@id":"https:\/\/redenoticiaz.com.br\/litoralsp\/#\/schema\/logo\/image\/","url":"https:\/\/redenoticiaz.com.br\/litoralsp\/wp-content\/uploads\/sites\/3\/2020\/11\/logo.jpg","contentUrl":"https:\/\/redenoticiaz.com.br\/litoralsp\/wp-content\/uploads\/sites\/3\/2020\/11\/logo.jpg","width":400,"height":250,"caption":"Litoral SP"},"image":{"@id":"https:\/\/redenoticiaz.com.br\/litoralsp\/#\/schema\/logo\/image\/"}},{"@type":"Person","@id":"https:\/\/redenoticiaz.com.br\/litoralsp\/#\/schema\/person\/0f0b8a5bdafefe82841e07ae8d81ecb3","name":"Leonardo Francisco","image":{"@type":"ImageObject","inLanguage":"pt-BR","@id":"https:\/\/secure.gravatar.com\/avatar\/a7358cb406a99b682ec6df1e77e31ae82e63601f6784e8a3df411d72b37864da?s=96&d=mm&r=g","url":"https:\/\/secure.gravatar.com\/avatar\/a7358cb406a99b682ec6df1e77e31ae82e63601f6784e8a3df411d72b37864da?s=96&d=mm&r=g","contentUrl":"https:\/\/secure.gravatar.com\/avatar\/a7358cb406a99b682ec6df1e77e31ae82e63601f6784e8a3df411d72b37864da?s=96&d=mm&r=g","caption":"Leonardo Francisco"},"url":"https:\/\/redenoticiaz.com.br\/litoralsp\/author\/leonardo-francisco"}]}},"_links":{"self":[{"href":"https:\/\/redenoticiaz.com.br\/litoralsp\/wp-json\/wp\/v2\/posts\/26939","targetHints":{"allow":["GET"]}}],"collection":[{"href":"https:\/\/redenoticiaz.com.br\/litoralsp\/wp-json\/wp\/v2\/posts"}],"about":[{"href":"https:\/\/redenoticiaz.com.br\/litoralsp\/wp-json\/wp\/v2\/types\/post"}],"author":[{"embeddable":true,"href":"https:\/\/redenoticiaz.com.br\/litoralsp\/wp-json\/wp\/v2\/users\/6"}],"replies":[{"embeddable":true,"href":"https:\/\/redenoticiaz.com.br\/litoralsp\/wp-json\/wp\/v2\/comments?post=26939"}],"version-history":[{"count":2,"href":"https:\/\/redenoticiaz.com.br\/litoralsp\/wp-json\/wp\/v2\/posts\/26939\/revisions"}],"predecessor-version":[{"id":26943,"href":"https:\/\/redenoticiaz.com.br\/litoralsp\/wp-json\/wp\/v2\/posts\/26939\/revisions\/26943"}],"wp:featuredmedia":[{"embeddable":true,"href":"https:\/\/redenoticiaz.com.br\/litoralsp\/wp-json\/wp\/v2\/media\/26942"}],"wp:attachment":[{"href":"https:\/\/redenoticiaz.com.br\/litoralsp\/wp-json\/wp\/v2\/media?parent=26939"}],"wp:term":[{"taxonomy":"category","embeddable":true,"href":"https:\/\/redenoticiaz.com.br\/litoralsp\/wp-json\/wp\/v2\/categories?post=26939"},{"taxonomy":"post_tag","embeddable":true,"href":"https:\/\/redenoticiaz.com.br\/litoralsp\/wp-json\/wp\/v2\/tags?post=26939"}],"curies":[{"name":"wp","href":"https:\/\/api.w.org\/{rel}","templated":true}]}}