{"id":26956,"date":"2022-04-20T13:27:09","date_gmt":"2022-04-20T16:27:09","guid":{"rendered":"https:\/\/redenoticiaz.com.br\/litoralsp\/2022\/04\/20\/tecnico-mano-menezes-esta-de-volta-ao-futebol-brasileiro-para-comandar-o-internacional"},"modified":"2022-04-20T13:27:10","modified_gmt":"2022-04-20T16:27:10","slug":"tecnico-mano-menezes-esta-de-volta-ao-futebol-brasileiro-para-comandar-o-internacional","status":"publish","type":"post","link":"https:\/\/redenoticiaz.com.br\/litoralsp\/2022\/04\/20\/tecnico-mano-menezes-esta-de-volta-ao-futebol-brasileiro-para-comandar-o-internacional","title":{"rendered":"T\u00e9cnico Mano Menezes est\u00e1 de volta ao futebol brasileiro para comandar o Internacional"},"content":{"rendered":"<p>Quase dois anos longe do futebol brasileiro, <strong>Mano Menezes<\/strong> est\u00e1 de volta, agora para ser o t\u00e9cnico do <a href=\"https:\/\/internacional.com.br\/\">Internacional<\/a>. Ele come\u00e7ou os trabalhos no CT do Parque Gigante nesta quarta-feira (20) e chega para substituir Alexander Medina, que foi demitido na \u00faltima semana.<\/p>\n<p>Mano estava no Al-Nassr, da Ar\u00e1bia Saudita e esta contrata\u00e7\u00e3o do Inter, na verdade \u00e9 um retorno, j\u00e1 que no Colorado, entre os anos de 2000 e 2001, ele trabalhou nas categorias de base e foi respons\u00e1vel por ajudar a lapidar atletas de destaque, como Nilmar e Daniel Carvalho.<\/p>\n<p>Mas Mano Menezes ainda passou por problemas no Internacional, j\u00e1 que foi demitido por Fernando Carvalho, presidente \u00e0 \u00e9poca que hoje se arrepende do epis\u00f3dio e nutre admira\u00e7\u00e3o pelo profissional.<\/p>\n<p>O contrato ser\u00e1 v\u00e1lido at\u00e9 o fim de 2022 e com Mano Menezes chega o auxiliar Sidnei Lobo. Apesar de hospedado em um hotel de Porto Alegre, Mano conversou com o Inter apenas de forma virtual. Em pauta, quest\u00f5es t\u00e9cnicas, estruturais, planejamento e nomes para compor a comiss\u00e3o t\u00e9cnica, al\u00e9m do debate sobre valores e tempo de contrato.<\/p>\n<div class=\"mc-column content-text active-extra-styles \" data-block-type=\"unstyled\" data-block-weight=\"30\" data-block-id=\"7\">\n<p class=\"content-text__container \" data-track-category=\"Link no Texto\" data-track-links=\"\">O curr\u00edculo de Mano conta com passagens por Corinthians, Flamengo, Palmeiras, Gr\u00eamio, Bahia e Cruzeiro. Agora no Internacional, o desafio ser\u00e1 reerguer a equipe, que come\u00e7ou irregular no Campeonato Brasileiro e tamb\u00e9m est\u00e1 sem vencer na Copa Sul-Americana. Al\u00e9m disso, ele ter\u00e1 que resgatar a autoestima abalada do clube.<\/p>\n<h3 data-track-category=\"Link no Texto\">Conhe\u00e7a o Mano Menezes:<\/h3>\n<div class=\"mc-column content-text active-extra-styles\" data-block-type=\"raw\" data-block-weight=\"15\" data-block-id=\"16\">\n<ul class=\"content-unordered-list\">\n<li><strong>Nome:\u00a0<\/strong>Luiz Ant\u00f4nio Venker de Menezes<\/li>\n<li><strong>Data de Nascimento:<\/strong>\u00a011\/06\/1962<\/li>\n<li><strong>Origem:<\/strong>\u00a0Passo do Sobrado (RS)<\/li>\n<\/ul>\n<\/div>\n<div class=\"mc-column content-text active-extra-styles\" data-block-type=\"raw\" data-block-weight=\"1\" data-block-id=\"17\">\n<div class=\"content-intertitle\">\n<h2>Carreira<\/h2>\n<\/div>\n<\/div>\n<div class=\"mc-column content-text active-extra-styles\" data-block-type=\"raw\" data-block-weight=\"63\" data-block-id=\"18\">\n<ul class=\"content-unordered-list\">\n<li>1997 | Guarani de Ven\u00e2ncio Aires<\/li>\n<li>2002 | Brasil de Pelotas<\/li>\n<li>2003 | Iraty<\/li>\n<li>2003 | 15 de Novembro<\/li>\n<li>2004 | Caxias<\/li>\n<li>2005 | Gr\u00eamio<\/li>\n<li>2008 | Corinthians<\/li>\n<li>2010 | Sele\u00e7\u00e3o Brasileira<\/li>\n<li>2013 | Flamengo<\/li>\n<li>2014 | Corinthians<\/li>\n<li>2015 | Cruzeiro<\/li>\n<li>2016 | Shandong Luneng (China)<\/li>\n<li>2016 | Cruzeiro<\/li>\n<li>2019 | Palmeiras<\/li>\n<li>2020 | Bahia<\/li>\n<li>2021 | Al-Nassr (Ar\u00e1bia Saudita)<\/li>\n<li>2022 |\u00a0Internacional<\/li>\n<\/ul>\n<\/div>\n<div class=\"mc-column content-text active-extra-styles\" data-block-type=\"raw\" data-block-weight=\"1\" data-block-id=\"19\">\n<div class=\"content-intertitle\">\n<h2>Conquistas<\/h2>\n<\/div>\n<\/div>\n<div class=\"mc-column content-text active-extra-styles\" data-block-type=\"raw\" data-block-weight=\"73\" data-block-id=\"20\">\n<ul class=\"content-unordered-list\">\n<li>2002 | Campe\u00e3o da Primeira Fase do Campeonato Ga\u00facho<\/li>\n<li>2005 | Campeonato Brasileiro S\u00e9rie B<\/li>\n<li>2006 | Campeonato Ga\u00facho<\/li>\n<li>2007 | Campeonato Ga\u00facho<\/li>\n<li>2008 | Campeonato Brasileiro S\u00e9rie B<\/li>\n<li>2009 | Campeonato Paulista<\/li>\n<li>2009 | Copa do Brasil<\/li>\n<li>2011 | Supercl\u00e1ssico das Am\u00e9ricas<\/li>\n<li>2012 | Supercl\u00e1ssico das Am\u00e9ricas<\/li>\n<li>2012 | Medalha de Prata \u2013 Olimp\u00edadas<\/li>\n<li>2017 | Copa do Brasil<\/li>\n<li>2018 | Campeonato Mineiro<\/li>\n<li>2018 | Copa do Brasil<\/li>\n<li>2019 | Campeonato Mineiro<\/li>\n<\/ul>\n<p><strong>LEIA TAMB\u00c9M<\/strong><\/p>\n<p><a href=\"https:\/\/redenoticiaz.com.br\/blog\/2022\/04\/19\/pele-e-internado-novamente-para-tratamento-contra-o-tumor-no-colon\">Pel\u00e9 \u00e9 internado novamente para tratamento contra o tumor no c\u00f3lon<\/a><\/p>\n<\/div>\n<\/div>\n","protected":false},"excerpt":{"rendered":"<p>Quase dois anos longe do futebol brasileiro, Mano Menezes est\u00e1 de volta, agora para ser o t\u00e9cnico do Internacional. Ele come\u00e7ou os trabalhos no CT do Parque Gigante nesta quarta-feira (20) e chega para substituir Alexander Medina, que foi demitido na \u00faltima semana. Mano estava no Al-Nassr, da Ar\u00e1bia Saudita e esta contrata\u00e7\u00e3o do Inter, &hellip;<\/p>\n","protected":false},"author":6,"featured_media":26957,"comment_status":"open","ping_status":"closed","sticky":false,"template":"","format":"standard","meta":{"footnotes":""},"categories":[35],"tags":[13297,2950,54174,12930,54175],"class_list":["post-26956","post","type-post","status-publish","format-standard","has-post-thumbnail","hentry","category-esporte","tag-colorado","tag-internacional","tag-mano-menezes","tag-novo-tecnico","tag-sport-club-internacional"],"yoast_head":"<!-- This site is optimized with the Yoast SEO plugin v27.4 - https:\/\/yoast.com\/product\/yoast-seo-wordpress\/ -->\n<title>T\u00e9cnico Mano Menezes est\u00e1 de volta ao futebol brasileiro para comandar o Internacional - Litoral SP<\/title>\n<meta name=\"description\" content=\"Quase dois anos longe do futebol brasileiro, Mano Menezes est\u00e1 de volta, agora para ser o t\u00e9cnico do Internacional. Ele come\u00e7ou\" \/>\n<meta name=\"robots\" content=\"index, follow, max-snippet:-1, max-image-preview:large, max-video-preview:-1\" \/>\n<link rel=\"canonical\" href=\"https:\/\/redenoticiaz.com.br\/litoralsp\/2022\/04\/20\/tecnico-mano-menezes-esta-de-volta-ao-futebol-brasileiro-para-comandar-o-internacional\" \/>\n<meta property=\"og:locale\" content=\"pt_BR\" \/>\n<meta property=\"og:type\" content=\"article\" \/>\n<meta property=\"og:title\" content=\"T\u00e9cnico Mano Menezes est\u00e1 de volta ao futebol brasileiro para comandar o Internacional - Litoral SP\" \/>\n<meta property=\"og:description\" content=\"Quase dois anos longe do futebol brasileiro, Mano Menezes est\u00e1 de volta, agora para ser o t\u00e9cnico do Internacional. Ele come\u00e7ou\" \/>\n<meta property=\"og:url\" content=\"https:\/\/redenoticiaz.com.br\/litoralsp\/2022\/04\/20\/tecnico-mano-menezes-esta-de-volta-ao-futebol-brasileiro-para-comandar-o-internacional\" \/>\n<meta property=\"og:site_name\" content=\"Litoral SP\" \/>\n<meta property=\"article:published_time\" content=\"2022-04-20T16:27:09+00:00\" \/>\n<meta property=\"article:modified_time\" content=\"2022-04-20T16:27:10+00:00\" \/>\n<meta name=\"author\" content=\"Leonardo Francisco\" \/>\n<meta name=\"twitter:card\" content=\"summary_large_image\" \/>\n<meta name=\"twitter:image\" content=\"https:\/\/redenoticiaz.com.br\/litoralsp\/wp-content\/uploads\/sites\/3\/2022\/04\/mano.jpg?v=1650471980\" \/>\n<meta name=\"twitter:label1\" content=\"Escrito por\" \/>\n\t<meta name=\"twitter:data1\" content=\"Leonardo Francisco\" \/>\n\t<meta name=\"twitter:label2\" content=\"Est. tempo de leitura\" \/>\n\t<meta name=\"twitter:data2\" content=\"2 minutos\" \/>\n<script type=\"application\/ld+json\" class=\"yoast-schema-graph\">{\"@context\":\"https:\\\/\\\/schema.org\",\"@graph\":[{\"@type\":\"Article\",\"@id\":\"https:\\\/\\\/redenoticiaz.com.br\\\/litoralsp\\\/2022\\\/04\\\/20\\\/tecnico-mano-menezes-esta-de-volta-ao-futebol-brasileiro-para-comandar-o-internacional#article\",\"isPartOf\":{\"@id\":\"https:\\\/\\\/redenoticiaz.com.br\\\/litoralsp\\\/2022\\\/04\\\/20\\\/tecnico-mano-menezes-esta-de-volta-ao-futebol-brasileiro-para-comandar-o-internacional\"},\"author\":{\"name\":\"Leonardo Francisco\",\"@id\":\"https:\\\/\\\/redenoticiaz.com.br\\\/litoralsp\\\/#\\\/schema\\\/person\\\/0f0b8a5bdafefe82841e07ae8d81ecb3\"},\"headline\":\"T\u00e9cnico Mano Menezes est\u00e1 de volta ao futebol brasileiro para comandar o Internacional\",\"datePublished\":\"2022-04-20T16:27:09+00:00\",\"dateModified\":\"2022-04-20T16:27:10+00:00\",\"mainEntityOfPage\":{\"@id\":\"https:\\\/\\\/redenoticiaz.com.br\\\/litoralsp\\\/2022\\\/04\\\/20\\\/tecnico-mano-menezes-esta-de-volta-ao-futebol-brasileiro-para-comandar-o-internacional\"},\"wordCount\":378,\"commentCount\":0,\"publisher\":{\"@id\":\"https:\\\/\\\/redenoticiaz.com.br\\\/litoralsp\\\/#organization\"},\"image\":{\"@id\":\"https:\\\/\\\/redenoticiaz.com.br\\\/litoralsp\\\/2022\\\/04\\\/20\\\/tecnico-mano-menezes-esta-de-volta-ao-futebol-brasileiro-para-comandar-o-internacional#primaryimage\"},\"thumbnailUrl\":\"https:\\\/\\\/redenoticiaz.com.br\\\/litoralsp\\\/wp-content\\\/uploads\\\/sites\\\/3\\\/2022\\\/04\\\/mano.jpg?v=1650471980\",\"keywords\":[\"COLORADO\",\"INTERNACIONAL\",\"MANO MENEZES\",\"Novo T\u00e9cnico\",\"SPORT CLUB INTERNACIONAL\"],\"articleSection\":[\"Esporte\"],\"inLanguage\":\"pt-BR\",\"potentialAction\":[{\"@type\":\"CommentAction\",\"name\":\"Comment\",\"target\":[\"https:\\\/\\\/redenoticiaz.com.br\\\/litoralsp\\\/2022\\\/04\\\/20\\\/tecnico-mano-menezes-esta-de-volta-ao-futebol-brasileiro-para-comandar-o-internacional#respond\"]}]},{\"@type\":\"WebPage\",\"@id\":\"https:\\\/\\\/redenoticiaz.com.br\\\/litoralsp\\\/2022\\\/04\\\/20\\\/tecnico-mano-menezes-esta-de-volta-ao-futebol-brasileiro-para-comandar-o-internacional\",\"url\":\"https:\\\/\\\/redenoticiaz.com.br\\\/litoralsp\\\/2022\\\/04\\\/20\\\/tecnico-mano-menezes-esta-de-volta-ao-futebol-brasileiro-para-comandar-o-internacional\",\"name\":\"T\u00e9cnico Mano Menezes est\u00e1 de volta ao futebol brasileiro para comandar o Internacional - Litoral SP\",\"isPartOf\":{\"@id\":\"https:\\\/\\\/redenoticiaz.com.br\\\/litoralsp\\\/#website\"},\"primaryImageOfPage\":{\"@id\":\"https:\\\/\\\/redenoticiaz.com.br\\\/litoralsp\\\/2022\\\/04\\\/20\\\/tecnico-mano-menezes-esta-de-volta-ao-futebol-brasileiro-para-comandar-o-internacional#primaryimage\"},\"image\":{\"@id\":\"https:\\\/\\\/redenoticiaz.com.br\\\/litoralsp\\\/2022\\\/04\\\/20\\\/tecnico-mano-menezes-esta-de-volta-ao-futebol-brasileiro-para-comandar-o-internacional#primaryimage\"},\"thumbnailUrl\":\"https:\\\/\\\/redenoticiaz.com.br\\\/litoralsp\\\/wp-content\\\/uploads\\\/sites\\\/3\\\/2022\\\/04\\\/mano.jpg?v=1650471980\",\"datePublished\":\"2022-04-20T16:27:09+00:00\",\"dateModified\":\"2022-04-20T16:27:10+00:00\",\"description\":\"Quase dois anos longe do futebol brasileiro, Mano Menezes est\u00e1 de volta, agora para ser o t\u00e9cnico do Internacional. Ele come\u00e7ou\",\"inLanguage\":\"pt-BR\",\"potentialAction\":[{\"@type\":\"ReadAction\",\"target\":[\"https:\\\/\\\/redenoticiaz.com.br\\\/litoralsp\\\/2022\\\/04\\\/20\\\/tecnico-mano-menezes-esta-de-volta-ao-futebol-brasileiro-para-comandar-o-internacional\"]}]},{\"@type\":\"ImageObject\",\"inLanguage\":\"pt-BR\",\"@id\":\"https:\\\/\\\/redenoticiaz.com.br\\\/litoralsp\\\/2022\\\/04\\\/20\\\/tecnico-mano-menezes-esta-de-volta-ao-futebol-brasileiro-para-comandar-o-internacional#primaryimage\",\"url\":\"https:\\\/\\\/redenoticiaz.com.br\\\/litoralsp\\\/wp-content\\\/uploads\\\/sites\\\/3\\\/2022\\\/04\\\/mano.jpg?v=1650471980\",\"contentUrl\":\"https:\\\/\\\/redenoticiaz.com.br\\\/litoralsp\\\/wp-content\\\/uploads\\\/sites\\\/3\\\/2022\\\/04\\\/mano.jpg?v=1650471980\",\"width\":539,\"height\":634,\"caption\":\"Cr\u00e9ditos: Reprodu\u00e7\u00e3o\"},{\"@type\":\"WebSite\",\"@id\":\"https:\\\/\\\/redenoticiaz.com.br\\\/litoralsp\\\/#website\",\"url\":\"https:\\\/\\\/redenoticiaz.com.br\\\/litoralsp\\\/\",\"name\":\"Litoral SP\",\"description\":\"Rede NoticiaZ\",\"publisher\":{\"@id\":\"https:\\\/\\\/redenoticiaz.com.br\\\/litoralsp\\\/#organization\"},\"potentialAction\":[{\"@type\":\"SearchAction\",\"target\":{\"@type\":\"EntryPoint\",\"urlTemplate\":\"https:\\\/\\\/redenoticiaz.com.br\\\/litoralsp\\\/?s={search_term_string}\"},\"query-input\":{\"@type\":\"PropertyValueSpecification\",\"valueRequired\":true,\"valueName\":\"search_term_string\"}}],\"inLanguage\":\"pt-BR\"},{\"@type\":\"Organization\",\"@id\":\"https:\\\/\\\/redenoticiaz.com.br\\\/litoralsp\\\/#organization\",\"name\":\"Litoral SP\",\"url\":\"https:\\\/\\\/redenoticiaz.com.br\\\/litoralsp\\\/\",\"logo\":{\"@type\":\"ImageObject\",\"inLanguage\":\"pt-BR\",\"@id\":\"https:\\\/\\\/redenoticiaz.com.br\\\/litoralsp\\\/#\\\/schema\\\/logo\\\/image\\\/\",\"url\":\"https:\\\/\\\/redenoticiaz.com.br\\\/litoralsp\\\/wp-content\\\/uploads\\\/sites\\\/3\\\/2020\\\/11\\\/logo.jpg\",\"contentUrl\":\"https:\\\/\\\/redenoticiaz.com.br\\\/litoralsp\\\/wp-content\\\/uploads\\\/sites\\\/3\\\/2020\\\/11\\\/logo.jpg\",\"width\":400,\"height\":250,\"caption\":\"Litoral SP\"},\"image\":{\"@id\":\"https:\\\/\\\/redenoticiaz.com.br\\\/litoralsp\\\/#\\\/schema\\\/logo\\\/image\\\/\"}},{\"@type\":\"Person\",\"@id\":\"https:\\\/\\\/redenoticiaz.com.br\\\/litoralsp\\\/#\\\/schema\\\/person\\\/0f0b8a5bdafefe82841e07ae8d81ecb3\",\"name\":\"Leonardo Francisco\",\"image\":{\"@type\":\"ImageObject\",\"inLanguage\":\"pt-BR\",\"@id\":\"https:\\\/\\\/secure.gravatar.com\\\/avatar\\\/a7358cb406a99b682ec6df1e77e31ae82e63601f6784e8a3df411d72b37864da?s=96&d=mm&r=g\",\"url\":\"https:\\\/\\\/secure.gravatar.com\\\/avatar\\\/a7358cb406a99b682ec6df1e77e31ae82e63601f6784e8a3df411d72b37864da?s=96&d=mm&r=g\",\"contentUrl\":\"https:\\\/\\\/secure.gravatar.com\\\/avatar\\\/a7358cb406a99b682ec6df1e77e31ae82e63601f6784e8a3df411d72b37864da?s=96&d=mm&r=g\",\"caption\":\"Leonardo Francisco\"},\"url\":\"https:\\\/\\\/redenoticiaz.com.br\\\/litoralsp\\\/author\\\/leonardo-francisco\"}]}<\/script>\n<!-- \/ Yoast SEO plugin. -->","yoast_head_json":{"title":"T\u00e9cnico Mano Menezes est\u00e1 de volta ao futebol brasileiro para comandar o Internacional - Litoral SP","description":"Quase dois anos longe do futebol brasileiro, Mano Menezes est\u00e1 de volta, agora para ser o t\u00e9cnico do Internacional. Ele come\u00e7ou","robots":{"index":"index","follow":"follow","max-snippet":"max-snippet:-1","max-image-preview":"max-image-preview:large","max-video-preview":"max-video-preview:-1"},"canonical":"https:\/\/redenoticiaz.com.br\/litoralsp\/2022\/04\/20\/tecnico-mano-menezes-esta-de-volta-ao-futebol-brasileiro-para-comandar-o-internacional","og_locale":"pt_BR","og_type":"article","og_title":"T\u00e9cnico Mano Menezes est\u00e1 de volta ao futebol brasileiro para comandar o Internacional - Litoral SP","og_description":"Quase dois anos longe do futebol brasileiro, Mano Menezes est\u00e1 de volta, agora para ser o t\u00e9cnico do Internacional. Ele come\u00e7ou","og_url":"https:\/\/redenoticiaz.com.br\/litoralsp\/2022\/04\/20\/tecnico-mano-menezes-esta-de-volta-ao-futebol-brasileiro-para-comandar-o-internacional","og_site_name":"Litoral SP","article_published_time":"2022-04-20T16:27:09+00:00","article_modified_time":"2022-04-20T16:27:10+00:00","author":"Leonardo Francisco","twitter_card":"summary_large_image","twitter_image":"https:\/\/redenoticiaz.com.br\/litoralsp\/wp-content\/uploads\/sites\/3\/2022\/04\/mano.jpg?v=1650471980","twitter_misc":{"Escrito por":"Leonardo Francisco","Est. tempo de leitura":"2 minutos"},"schema":{"@context":"https:\/\/schema.org","@graph":[{"@type":"Article","@id":"https:\/\/redenoticiaz.com.br\/litoralsp\/2022\/04\/20\/tecnico-mano-menezes-esta-de-volta-ao-futebol-brasileiro-para-comandar-o-internacional#article","isPartOf":{"@id":"https:\/\/redenoticiaz.com.br\/litoralsp\/2022\/04\/20\/tecnico-mano-menezes-esta-de-volta-ao-futebol-brasileiro-para-comandar-o-internacional"},"author":{"name":"Leonardo Francisco","@id":"https:\/\/redenoticiaz.com.br\/litoralsp\/#\/schema\/person\/0f0b8a5bdafefe82841e07ae8d81ecb3"},"headline":"T\u00e9cnico Mano Menezes est\u00e1 de volta ao futebol brasileiro para comandar o Internacional","datePublished":"2022-04-20T16:27:09+00:00","dateModified":"2022-04-20T16:27:10+00:00","mainEntityOfPage":{"@id":"https:\/\/redenoticiaz.com.br\/litoralsp\/2022\/04\/20\/tecnico-mano-menezes-esta-de-volta-ao-futebol-brasileiro-para-comandar-o-internacional"},"wordCount":378,"commentCount":0,"publisher":{"@id":"https:\/\/redenoticiaz.com.br\/litoralsp\/#organization"},"image":{"@id":"https:\/\/redenoticiaz.com.br\/litoralsp\/2022\/04\/20\/tecnico-mano-menezes-esta-de-volta-ao-futebol-brasileiro-para-comandar-o-internacional#primaryimage"},"thumbnailUrl":"https:\/\/redenoticiaz.com.br\/litoralsp\/wp-content\/uploads\/sites\/3\/2022\/04\/mano.jpg?v=1650471980","keywords":["COLORADO","INTERNACIONAL","MANO MENEZES","Novo T\u00e9cnico","SPORT CLUB INTERNACIONAL"],"articleSection":["Esporte"],"inLanguage":"pt-BR","potentialAction":[{"@type":"CommentAction","name":"Comment","target":["https:\/\/redenoticiaz.com.br\/litoralsp\/2022\/04\/20\/tecnico-mano-menezes-esta-de-volta-ao-futebol-brasileiro-para-comandar-o-internacional#respond"]}]},{"@type":"WebPage","@id":"https:\/\/redenoticiaz.com.br\/litoralsp\/2022\/04\/20\/tecnico-mano-menezes-esta-de-volta-ao-futebol-brasileiro-para-comandar-o-internacional","url":"https:\/\/redenoticiaz.com.br\/litoralsp\/2022\/04\/20\/tecnico-mano-menezes-esta-de-volta-ao-futebol-brasileiro-para-comandar-o-internacional","name":"T\u00e9cnico Mano Menezes est\u00e1 de volta ao futebol brasileiro para comandar o Internacional - Litoral SP","isPartOf":{"@id":"https:\/\/redenoticiaz.com.br\/litoralsp\/#website"},"primaryImageOfPage":{"@id":"https:\/\/redenoticiaz.com.br\/litoralsp\/2022\/04\/20\/tecnico-mano-menezes-esta-de-volta-ao-futebol-brasileiro-para-comandar-o-internacional#primaryimage"},"image":{"@id":"https:\/\/redenoticiaz.com.br\/litoralsp\/2022\/04\/20\/tecnico-mano-menezes-esta-de-volta-ao-futebol-brasileiro-para-comandar-o-internacional#primaryimage"},"thumbnailUrl":"https:\/\/redenoticiaz.com.br\/litoralsp\/wp-content\/uploads\/sites\/3\/2022\/04\/mano.jpg?v=1650471980","datePublished":"2022-04-20T16:27:09+00:00","dateModified":"2022-04-20T16:27:10+00:00","description":"Quase dois anos longe do futebol brasileiro, Mano Menezes est\u00e1 de volta, agora para ser o t\u00e9cnico do Internacional. Ele come\u00e7ou","inLanguage":"pt-BR","potentialAction":[{"@type":"ReadAction","target":["https:\/\/redenoticiaz.com.br\/litoralsp\/2022\/04\/20\/tecnico-mano-menezes-esta-de-volta-ao-futebol-brasileiro-para-comandar-o-internacional"]}]},{"@type":"ImageObject","inLanguage":"pt-BR","@id":"https:\/\/redenoticiaz.com.br\/litoralsp\/2022\/04\/20\/tecnico-mano-menezes-esta-de-volta-ao-futebol-brasileiro-para-comandar-o-internacional#primaryimage","url":"https:\/\/redenoticiaz.com.br\/litoralsp\/wp-content\/uploads\/sites\/3\/2022\/04\/mano.jpg?v=1650471980","contentUrl":"https:\/\/redenoticiaz.com.br\/litoralsp\/wp-content\/uploads\/sites\/3\/2022\/04\/mano.jpg?v=1650471980","width":539,"height":634,"caption":"Cr\u00e9ditos: Reprodu\u00e7\u00e3o"},{"@type":"WebSite","@id":"https:\/\/redenoticiaz.com.br\/litoralsp\/#website","url":"https:\/\/redenoticiaz.com.br\/litoralsp\/","name":"Litoral SP","description":"Rede NoticiaZ","publisher":{"@id":"https:\/\/redenoticiaz.com.br\/litoralsp\/#organization"},"potentialAction":[{"@type":"SearchAction","target":{"@type":"EntryPoint","urlTemplate":"https:\/\/redenoticiaz.com.br\/litoralsp\/?s={search_term_string}"},"query-input":{"@type":"PropertyValueSpecification","valueRequired":true,"valueName":"search_term_string"}}],"inLanguage":"pt-BR"},{"@type":"Organization","@id":"https:\/\/redenoticiaz.com.br\/litoralsp\/#organization","name":"Litoral SP","url":"https:\/\/redenoticiaz.com.br\/litoralsp\/","logo":{"@type":"ImageObject","inLanguage":"pt-BR","@id":"https:\/\/redenoticiaz.com.br\/litoralsp\/#\/schema\/logo\/image\/","url":"https:\/\/redenoticiaz.com.br\/litoralsp\/wp-content\/uploads\/sites\/3\/2020\/11\/logo.jpg","contentUrl":"https:\/\/redenoticiaz.com.br\/litoralsp\/wp-content\/uploads\/sites\/3\/2020\/11\/logo.jpg","width":400,"height":250,"caption":"Litoral SP"},"image":{"@id":"https:\/\/redenoticiaz.com.br\/litoralsp\/#\/schema\/logo\/image\/"}},{"@type":"Person","@id":"https:\/\/redenoticiaz.com.br\/litoralsp\/#\/schema\/person\/0f0b8a5bdafefe82841e07ae8d81ecb3","name":"Leonardo Francisco","image":{"@type":"ImageObject","inLanguage":"pt-BR","@id":"https:\/\/secure.gravatar.com\/avatar\/a7358cb406a99b682ec6df1e77e31ae82e63601f6784e8a3df411d72b37864da?s=96&d=mm&r=g","url":"https:\/\/secure.gravatar.com\/avatar\/a7358cb406a99b682ec6df1e77e31ae82e63601f6784e8a3df411d72b37864da?s=96&d=mm&r=g","contentUrl":"https:\/\/secure.gravatar.com\/avatar\/a7358cb406a99b682ec6df1e77e31ae82e63601f6784e8a3df411d72b37864da?s=96&d=mm&r=g","caption":"Leonardo Francisco"},"url":"https:\/\/redenoticiaz.com.br\/litoralsp\/author\/leonardo-francisco"}]}},"_links":{"self":[{"href":"https:\/\/redenoticiaz.com.br\/litoralsp\/wp-json\/wp\/v2\/posts\/26956","targetHints":{"allow":["GET"]}}],"collection":[{"href":"https:\/\/redenoticiaz.com.br\/litoralsp\/wp-json\/wp\/v2\/posts"}],"about":[{"href":"https:\/\/redenoticiaz.com.br\/litoralsp\/wp-json\/wp\/v2\/types\/post"}],"author":[{"embeddable":true,"href":"https:\/\/redenoticiaz.com.br\/litoralsp\/wp-json\/wp\/v2\/users\/6"}],"replies":[{"embeddable":true,"href":"https:\/\/redenoticiaz.com.br\/litoralsp\/wp-json\/wp\/v2\/comments?post=26956"}],"version-history":[{"count":0,"href":"https:\/\/redenoticiaz.com.br\/litoralsp\/wp-json\/wp\/v2\/posts\/26956\/revisions"}],"wp:featuredmedia":[{"embeddable":true,"href":"https:\/\/redenoticiaz.com.br\/litoralsp\/wp-json\/wp\/v2\/media\/26957"}],"wp:attachment":[{"href":"https:\/\/redenoticiaz.com.br\/litoralsp\/wp-json\/wp\/v2\/media?parent=26956"}],"wp:term":[{"taxonomy":"category","embeddable":true,"href":"https:\/\/redenoticiaz.com.br\/litoralsp\/wp-json\/wp\/v2\/categories?post=26956"},{"taxonomy":"post_tag","embeddable":true,"href":"https:\/\/redenoticiaz.com.br\/litoralsp\/wp-json\/wp\/v2\/tags?post=26956"}],"curies":[{"name":"wp","href":"https:\/\/api.w.org\/{rel}","templated":true}]}}