{"id":26983,"date":"2022-04-20T17:14:15","date_gmt":"2022-04-20T20:14:15","guid":{"rendered":"https:\/\/redenoticiaz.com.br\/litoralsp\/?p=26983"},"modified":"2022-04-20T17:14:15","modified_gmt":"2022-04-20T20:14:15","slug":"rodovias-do-litoral-norte-devem-ter-movimento-intenso-no-feriado-prolongado-de-tiradentes","status":"publish","type":"post","link":"https:\/\/redenoticiaz.com.br\/litoralsp\/2022\/04\/20\/rodovias-do-litoral-norte-devem-ter-movimento-intenso-no-feriado-prolongado-de-tiradentes","title":{"rendered":"Rodovias do Litoral Norte devem ter movimento intenso no feriado prolongado de Tiradentes"},"content":{"rendered":"<p>O feriado prolongado de Tiradentes est\u00e1 batendo a porta e a tend\u00eancia \u00e9 que a partir desta quarta-feira (20), o <strong>movimento nas rodovias do Litoral Norte seja bem intenso<\/strong>. O destino dos turistas \u00e9 de curtir as praias. Mas tamb\u00e9m h\u00e1 aqueles que seguem em busca da tranquilidade das cidades serranas do Vale do Para\u00edba.<\/p>\n<p>Somente na <a href=\"https:\/\/www.concessionariatamoios.com.br\/\">Rodovia dos Tamoios<\/a>, s\u00e3o esperados cerca de 260 mil ve\u00edculos. Mas por causa do volume, a concession\u00e1ria montou uma opera\u00e7\u00e3o especial a partir desta quarta. A pista antiga ser\u00e1 usada para descida e a nova serra ser\u00e1 utilizada para a subida.<\/p>\n<div class=\"mc-column content-text active-extra-styles \" data-block-type=\"unstyled\" data-block-weight=\"19\" data-block-id=\"4\">\n<p class=\"content-text__container \" data-track-category=\"Link no Texto\" data-track-links=\"\">As obras estar\u00e3o suspensas at\u00e9 domingo (24) e podem ser retomadas a partir de segunda-feira (25) dependendo do movimento.<\/p>\n<\/div>\n<div class=\"mc-column content-text active-extra-styles \" data-block-type=\"unstyled\" data-block-weight=\"24\" data-block-id=\"5\">\n<p class=\"content-text__container \" data-track-category=\"Link no Texto\" data-track-links=\"\">Enquanto isso, na Oswaldo Cruz, que leva de Taubat\u00e9 a Ubatuba, s\u00e3o esperados 52 mil ve\u00edculos. O pico de movimento est\u00e1 previsto para esta quinta-feira.<\/p>\n<p data-track-category=\"Link no Texto\" data-track-links=\"\">Em Ubatuba, os motoristas devem ficar atentos aos trechos ainda interditados da Rio-Santos com as chuvas das \u00faltimas semanas. No km 33 a pista est\u00e1 com uma faixa interditada depois que o asfalto cedeu e abriu uma cratera na pista. Na rodovia, s\u00e3o esperados cerca de 300 mil ve\u00edculos.<\/p>\n<p data-track-category=\"Link no Texto\" data-track-links=\"\"><strong>LEIA TAMB\u00c9M<\/strong><\/p>\n<p data-track-category=\"Link no Texto\" data-track-links=\"\"><a href=\"https:\/\/redenoticiaz.com.br\/litoralsp\/2022\/04\/20\/o-outono-dara-espaco-ao-verao-no-litoral-norte-durante-o-feriado-de-tiradentes\">O outono dar\u00e1 espa\u00e7o ao ver\u00e3o no Litoral Norte durante o feriado de Tiradentes<\/a><\/p>\n<\/div>\n","protected":false},"excerpt":{"rendered":"<p>O feriado prolongado de Tiradentes est\u00e1 batendo a porta e a tend\u00eancia \u00e9 que a partir desta quarta-feira (20), o movimento nas rodovias do Litoral Norte seja bem intenso. O destino dos turistas \u00e9 de curtir as praias. Mas tamb\u00e9m h\u00e1 aqueles que seguem em busca da tranquilidade das cidades serranas do Vale do Para\u00edba. &hellip;<\/p>\n","protected":false},"author":6,"featured_media":20456,"comment_status":"open","ping_status":"closed","sticky":false,"template":"","format":"standard","meta":{"footnotes":""},"categories":[2881,5,189],"tags":[53746,6496,6896,4629,22246,54192],"class_list":["post-26983","post","type-post","status-publish","format-standard","has-post-thumbnail","hentry","category-caraguatatuba","category-transito","category-ubatuba","tag-feriado-de-tiradentes","tag-litoral-norte","tag-rodovia-oswaldo-cruz","tag-rodovia-rio-santos","tag-rodovias","tag-rorodiva-dos-tamoios"],"yoast_head":"<!-- This site is optimized with the Yoast SEO plugin v27.5 - https:\/\/yoast.com\/product\/yoast-seo-wordpress\/ -->\n<title>Rodovias do Litoral Norte devem ter movimento intenso no feriado prolongado de Tiradentes - Litoral SP<\/title>\n<meta name=\"description\" content=\"Tiradentes est\u00e1 batendo a porta e a tend\u00eancia \u00e9 que a partir desta quarta-feira (20), o movimento nas rodovias do Litoral Norte seja bem intenso. O\" \/>\n<meta name=\"robots\" content=\"index, follow, max-snippet:-1, max-image-preview:large, max-video-preview:-1\" \/>\n<link rel=\"canonical\" href=\"https:\/\/redenoticiaz.com.br\/litoralsp\/2022\/04\/20\/rodovias-do-litoral-norte-devem-ter-movimento-intenso-no-feriado-prolongado-de-tiradentes\" \/>\n<meta property=\"og:locale\" content=\"pt_BR\" \/>\n<meta property=\"og:type\" content=\"article\" \/>\n<meta property=\"og:title\" content=\"Rodovias do Litoral Norte devem ter movimento intenso no feriado prolongado de Tiradentes - Litoral SP\" \/>\n<meta property=\"og:description\" content=\"Tiradentes est\u00e1 batendo a porta e a tend\u00eancia \u00e9 que a partir desta quarta-feira (20), o movimento nas rodovias do Litoral Norte seja bem intenso. O\" \/>\n<meta property=\"og:url\" content=\"https:\/\/redenoticiaz.com.br\/litoralsp\/2022\/04\/20\/rodovias-do-litoral-norte-devem-ter-movimento-intenso-no-feriado-prolongado-de-tiradentes\" \/>\n<meta property=\"og:site_name\" content=\"Litoral SP\" \/>\n<meta property=\"article:published_time\" content=\"2022-04-20T20:14:15+00:00\" \/>\n<meta property=\"og:image\" content=\"https:\/\/redenoticiaz.com.br\/litoralsp\/wp-content\/uploads\/sites\/3\/2021\/12\/serra-tamois-e1650485632467.jpg\" \/>\n\t<meta property=\"og:image:width\" content=\"984\" \/>\n\t<meta property=\"og:image:height\" content=\"482\" \/>\n\t<meta property=\"og:image:type\" content=\"image\/jpeg\" \/>\n<meta name=\"author\" content=\"Leonardo Francisco\" \/>\n<meta name=\"twitter:card\" content=\"summary_large_image\" \/>\n<meta name=\"twitter:label1\" content=\"Escrito por\" \/>\n\t<meta name=\"twitter:data1\" content=\"Leonardo Francisco\" \/>\n\t<meta name=\"twitter:label2\" content=\"Est. tempo de leitura\" \/>\n\t<meta name=\"twitter:data2\" content=\"1 minuto\" \/>\n<script type=\"application\/ld+json\" class=\"yoast-schema-graph\">{\"@context\":\"https:\\\/\\\/schema.org\",\"@graph\":[{\"@type\":\"Article\",\"@id\":\"https:\\\/\\\/redenoticiaz.com.br\\\/litoralsp\\\/2022\\\/04\\\/20\\\/rodovias-do-litoral-norte-devem-ter-movimento-intenso-no-feriado-prolongado-de-tiradentes#article\",\"isPartOf\":{\"@id\":\"https:\\\/\\\/redenoticiaz.com.br\\\/litoralsp\\\/2022\\\/04\\\/20\\\/rodovias-do-litoral-norte-devem-ter-movimento-intenso-no-feriado-prolongado-de-tiradentes\"},\"author\":{\"name\":\"Leonardo Francisco\",\"@id\":\"https:\\\/\\\/redenoticiaz.com.br\\\/litoralsp\\\/#\\\/schema\\\/person\\\/0f0b8a5bdafefe82841e07ae8d81ecb3\"},\"headline\":\"Rodovias do Litoral Norte devem ter movimento intenso no feriado prolongado de Tiradentes\",\"datePublished\":\"2022-04-20T20:14:15+00:00\",\"mainEntityOfPage\":{\"@id\":\"https:\\\/\\\/redenoticiaz.com.br\\\/litoralsp\\\/2022\\\/04\\\/20\\\/rodovias-do-litoral-norte-devem-ter-movimento-intenso-no-feriado-prolongado-de-tiradentes\"},\"wordCount\":226,\"commentCount\":0,\"publisher\":{\"@id\":\"https:\\\/\\\/redenoticiaz.com.br\\\/litoralsp\\\/#organization\"},\"image\":{\"@id\":\"https:\\\/\\\/redenoticiaz.com.br\\\/litoralsp\\\/2022\\\/04\\\/20\\\/rodovias-do-litoral-norte-devem-ter-movimento-intenso-no-feriado-prolongado-de-tiradentes#primaryimage\"},\"thumbnailUrl\":\"https:\\\/\\\/redenoticiaz.com.br\\\/litoralsp\\\/wp-content\\\/uploads\\\/sites\\\/3\\\/2021\\\/12\\\/serra-tamois-e1650485632467.jpg\",\"keywords\":[\"FERIADO DE TIRADENTES\",\"LITORAL NORTE\",\"RODOVIA OSWALDO CRUZ\",\"RODOVIA RIO-SANTOS\",\"rodovias\",\"RORODIVA DOS TAMOIOS\"],\"articleSection\":[\"Caraguatatuba\",\"Tr\u00e2nsito\",\"Ubatuba\"],\"inLanguage\":\"pt-BR\",\"potentialAction\":[{\"@type\":\"CommentAction\",\"name\":\"Comment\",\"target\":[\"https:\\\/\\\/redenoticiaz.com.br\\\/litoralsp\\\/2022\\\/04\\\/20\\\/rodovias-do-litoral-norte-devem-ter-movimento-intenso-no-feriado-prolongado-de-tiradentes#respond\"]}]},{\"@type\":\"WebPage\",\"@id\":\"https:\\\/\\\/redenoticiaz.com.br\\\/litoralsp\\\/2022\\\/04\\\/20\\\/rodovias-do-litoral-norte-devem-ter-movimento-intenso-no-feriado-prolongado-de-tiradentes\",\"url\":\"https:\\\/\\\/redenoticiaz.com.br\\\/litoralsp\\\/2022\\\/04\\\/20\\\/rodovias-do-litoral-norte-devem-ter-movimento-intenso-no-feriado-prolongado-de-tiradentes\",\"name\":\"Rodovias do Litoral Norte devem ter movimento intenso no feriado prolongado de Tiradentes - Litoral SP\",\"isPartOf\":{\"@id\":\"https:\\\/\\\/redenoticiaz.com.br\\\/litoralsp\\\/#website\"},\"primaryImageOfPage\":{\"@id\":\"https:\\\/\\\/redenoticiaz.com.br\\\/litoralsp\\\/2022\\\/04\\\/20\\\/rodovias-do-litoral-norte-devem-ter-movimento-intenso-no-feriado-prolongado-de-tiradentes#primaryimage\"},\"image\":{\"@id\":\"https:\\\/\\\/redenoticiaz.com.br\\\/litoralsp\\\/2022\\\/04\\\/20\\\/rodovias-do-litoral-norte-devem-ter-movimento-intenso-no-feriado-prolongado-de-tiradentes#primaryimage\"},\"thumbnailUrl\":\"https:\\\/\\\/redenoticiaz.com.br\\\/litoralsp\\\/wp-content\\\/uploads\\\/sites\\\/3\\\/2021\\\/12\\\/serra-tamois-e1650485632467.jpg\",\"datePublished\":\"2022-04-20T20:14:15+00:00\",\"description\":\"Tiradentes est\u00e1 batendo a porta e a tend\u00eancia \u00e9 que a partir desta quarta-feira (20), o movimento nas rodovias do Litoral Norte seja bem intenso. O\",\"inLanguage\":\"pt-BR\",\"potentialAction\":[{\"@type\":\"ReadAction\",\"target\":[\"https:\\\/\\\/redenoticiaz.com.br\\\/litoralsp\\\/2022\\\/04\\\/20\\\/rodovias-do-litoral-norte-devem-ter-movimento-intenso-no-feriado-prolongado-de-tiradentes\"]}]},{\"@type\":\"ImageObject\",\"inLanguage\":\"pt-BR\",\"@id\":\"https:\\\/\\\/redenoticiaz.com.br\\\/litoralsp\\\/2022\\\/04\\\/20\\\/rodovias-do-litoral-norte-devem-ter-movimento-intenso-no-feriado-prolongado-de-tiradentes#primaryimage\",\"url\":\"https:\\\/\\\/redenoticiaz.com.br\\\/litoralsp\\\/wp-content\\\/uploads\\\/sites\\\/3\\\/2021\\\/12\\\/serra-tamois-e1650485632467.jpg\",\"contentUrl\":\"https:\\\/\\\/redenoticiaz.com.br\\\/litoralsp\\\/wp-content\\\/uploads\\\/sites\\\/3\\\/2021\\\/12\\\/serra-tamois-e1650485632467.jpg\",\"width\":984,\"height\":482,\"caption\":\"Cr\u00e9ditos: Divulga\u00e7\u00e3o\\\/Tamoios\"},{\"@type\":\"WebSite\",\"@id\":\"https:\\\/\\\/redenoticiaz.com.br\\\/litoralsp\\\/#website\",\"url\":\"https:\\\/\\\/redenoticiaz.com.br\\\/litoralsp\\\/\",\"name\":\"Litoral SP\",\"description\":\"Rede NoticiaZ\",\"publisher\":{\"@id\":\"https:\\\/\\\/redenoticiaz.com.br\\\/litoralsp\\\/#organization\"},\"potentialAction\":[{\"@type\":\"SearchAction\",\"target\":{\"@type\":\"EntryPoint\",\"urlTemplate\":\"https:\\\/\\\/redenoticiaz.com.br\\\/litoralsp\\\/?s={search_term_string}\"},\"query-input\":{\"@type\":\"PropertyValueSpecification\",\"valueRequired\":true,\"valueName\":\"search_term_string\"}}],\"inLanguage\":\"pt-BR\"},{\"@type\":\"Organization\",\"@id\":\"https:\\\/\\\/redenoticiaz.com.br\\\/litoralsp\\\/#organization\",\"name\":\"Litoral SP\",\"url\":\"https:\\\/\\\/redenoticiaz.com.br\\\/litoralsp\\\/\",\"logo\":{\"@type\":\"ImageObject\",\"inLanguage\":\"pt-BR\",\"@id\":\"https:\\\/\\\/redenoticiaz.com.br\\\/litoralsp\\\/#\\\/schema\\\/logo\\\/image\\\/\",\"url\":\"https:\\\/\\\/redenoticiaz.com.br\\\/litoralsp\\\/wp-content\\\/uploads\\\/sites\\\/3\\\/2020\\\/11\\\/logo.jpg\",\"contentUrl\":\"https:\\\/\\\/redenoticiaz.com.br\\\/litoralsp\\\/wp-content\\\/uploads\\\/sites\\\/3\\\/2020\\\/11\\\/logo.jpg\",\"width\":400,\"height\":250,\"caption\":\"Litoral SP\"},\"image\":{\"@id\":\"https:\\\/\\\/redenoticiaz.com.br\\\/litoralsp\\\/#\\\/schema\\\/logo\\\/image\\\/\"}},{\"@type\":\"Person\",\"@id\":\"https:\\\/\\\/redenoticiaz.com.br\\\/litoralsp\\\/#\\\/schema\\\/person\\\/0f0b8a5bdafefe82841e07ae8d81ecb3\",\"name\":\"Leonardo Francisco\",\"image\":{\"@type\":\"ImageObject\",\"inLanguage\":\"pt-BR\",\"@id\":\"https:\\\/\\\/secure.gravatar.com\\\/avatar\\\/a7358cb406a99b682ec6df1e77e31ae82e63601f6784e8a3df411d72b37864da?s=96&d=mm&r=g\",\"url\":\"https:\\\/\\\/secure.gravatar.com\\\/avatar\\\/a7358cb406a99b682ec6df1e77e31ae82e63601f6784e8a3df411d72b37864da?s=96&d=mm&r=g\",\"contentUrl\":\"https:\\\/\\\/secure.gravatar.com\\\/avatar\\\/a7358cb406a99b682ec6df1e77e31ae82e63601f6784e8a3df411d72b37864da?s=96&d=mm&r=g\",\"caption\":\"Leonardo Francisco\"},\"url\":\"https:\\\/\\\/redenoticiaz.com.br\\\/litoralsp\\\/author\\\/leonardo-francisco\"}]}<\/script>\n<!-- \/ Yoast SEO plugin. -->","yoast_head_json":{"title":"Rodovias do Litoral Norte devem ter movimento intenso no feriado prolongado de Tiradentes - Litoral SP","description":"Tiradentes est\u00e1 batendo a porta e a tend\u00eancia \u00e9 que a partir desta quarta-feira (20), o movimento nas rodovias do Litoral Norte seja bem intenso. O","robots":{"index":"index","follow":"follow","max-snippet":"max-snippet:-1","max-image-preview":"max-image-preview:large","max-video-preview":"max-video-preview:-1"},"canonical":"https:\/\/redenoticiaz.com.br\/litoralsp\/2022\/04\/20\/rodovias-do-litoral-norte-devem-ter-movimento-intenso-no-feriado-prolongado-de-tiradentes","og_locale":"pt_BR","og_type":"article","og_title":"Rodovias do Litoral Norte devem ter movimento intenso no feriado prolongado de Tiradentes - Litoral SP","og_description":"Tiradentes est\u00e1 batendo a porta e a tend\u00eancia \u00e9 que a partir desta quarta-feira (20), o movimento nas rodovias do Litoral Norte seja bem intenso. O","og_url":"https:\/\/redenoticiaz.com.br\/litoralsp\/2022\/04\/20\/rodovias-do-litoral-norte-devem-ter-movimento-intenso-no-feriado-prolongado-de-tiradentes","og_site_name":"Litoral SP","article_published_time":"2022-04-20T20:14:15+00:00","og_image":[{"width":984,"height":482,"url":"https:\/\/redenoticiaz.com.br\/litoralsp\/wp-content\/uploads\/sites\/3\/2021\/12\/serra-tamois-e1650485632467.jpg","type":"image\/jpeg"}],"author":"Leonardo Francisco","twitter_card":"summary_large_image","twitter_misc":{"Escrito por":"Leonardo Francisco","Est. tempo de leitura":"1 minuto"},"schema":{"@context":"https:\/\/schema.org","@graph":[{"@type":"Article","@id":"https:\/\/redenoticiaz.com.br\/litoralsp\/2022\/04\/20\/rodovias-do-litoral-norte-devem-ter-movimento-intenso-no-feriado-prolongado-de-tiradentes#article","isPartOf":{"@id":"https:\/\/redenoticiaz.com.br\/litoralsp\/2022\/04\/20\/rodovias-do-litoral-norte-devem-ter-movimento-intenso-no-feriado-prolongado-de-tiradentes"},"author":{"name":"Leonardo Francisco","@id":"https:\/\/redenoticiaz.com.br\/litoralsp\/#\/schema\/person\/0f0b8a5bdafefe82841e07ae8d81ecb3"},"headline":"Rodovias do Litoral Norte devem ter movimento intenso no feriado prolongado de Tiradentes","datePublished":"2022-04-20T20:14:15+00:00","mainEntityOfPage":{"@id":"https:\/\/redenoticiaz.com.br\/litoralsp\/2022\/04\/20\/rodovias-do-litoral-norte-devem-ter-movimento-intenso-no-feriado-prolongado-de-tiradentes"},"wordCount":226,"commentCount":0,"publisher":{"@id":"https:\/\/redenoticiaz.com.br\/litoralsp\/#organization"},"image":{"@id":"https:\/\/redenoticiaz.com.br\/litoralsp\/2022\/04\/20\/rodovias-do-litoral-norte-devem-ter-movimento-intenso-no-feriado-prolongado-de-tiradentes#primaryimage"},"thumbnailUrl":"https:\/\/redenoticiaz.com.br\/litoralsp\/wp-content\/uploads\/sites\/3\/2021\/12\/serra-tamois-e1650485632467.jpg","keywords":["FERIADO DE TIRADENTES","LITORAL NORTE","RODOVIA OSWALDO CRUZ","RODOVIA RIO-SANTOS","rodovias","RORODIVA DOS TAMOIOS"],"articleSection":["Caraguatatuba","Tr\u00e2nsito","Ubatuba"],"inLanguage":"pt-BR","potentialAction":[{"@type":"CommentAction","name":"Comment","target":["https:\/\/redenoticiaz.com.br\/litoralsp\/2022\/04\/20\/rodovias-do-litoral-norte-devem-ter-movimento-intenso-no-feriado-prolongado-de-tiradentes#respond"]}]},{"@type":"WebPage","@id":"https:\/\/redenoticiaz.com.br\/litoralsp\/2022\/04\/20\/rodovias-do-litoral-norte-devem-ter-movimento-intenso-no-feriado-prolongado-de-tiradentes","url":"https:\/\/redenoticiaz.com.br\/litoralsp\/2022\/04\/20\/rodovias-do-litoral-norte-devem-ter-movimento-intenso-no-feriado-prolongado-de-tiradentes","name":"Rodovias do Litoral Norte devem ter movimento intenso no feriado prolongado de Tiradentes - Litoral SP","isPartOf":{"@id":"https:\/\/redenoticiaz.com.br\/litoralsp\/#website"},"primaryImageOfPage":{"@id":"https:\/\/redenoticiaz.com.br\/litoralsp\/2022\/04\/20\/rodovias-do-litoral-norte-devem-ter-movimento-intenso-no-feriado-prolongado-de-tiradentes#primaryimage"},"image":{"@id":"https:\/\/redenoticiaz.com.br\/litoralsp\/2022\/04\/20\/rodovias-do-litoral-norte-devem-ter-movimento-intenso-no-feriado-prolongado-de-tiradentes#primaryimage"},"thumbnailUrl":"https:\/\/redenoticiaz.com.br\/litoralsp\/wp-content\/uploads\/sites\/3\/2021\/12\/serra-tamois-e1650485632467.jpg","datePublished":"2022-04-20T20:14:15+00:00","description":"Tiradentes est\u00e1 batendo a porta e a tend\u00eancia \u00e9 que a partir desta quarta-feira (20), o movimento nas rodovias do Litoral Norte seja bem intenso. O","inLanguage":"pt-BR","potentialAction":[{"@type":"ReadAction","target":["https:\/\/redenoticiaz.com.br\/litoralsp\/2022\/04\/20\/rodovias-do-litoral-norte-devem-ter-movimento-intenso-no-feriado-prolongado-de-tiradentes"]}]},{"@type":"ImageObject","inLanguage":"pt-BR","@id":"https:\/\/redenoticiaz.com.br\/litoralsp\/2022\/04\/20\/rodovias-do-litoral-norte-devem-ter-movimento-intenso-no-feriado-prolongado-de-tiradentes#primaryimage","url":"https:\/\/redenoticiaz.com.br\/litoralsp\/wp-content\/uploads\/sites\/3\/2021\/12\/serra-tamois-e1650485632467.jpg","contentUrl":"https:\/\/redenoticiaz.com.br\/litoralsp\/wp-content\/uploads\/sites\/3\/2021\/12\/serra-tamois-e1650485632467.jpg","width":984,"height":482,"caption":"Cr\u00e9ditos: Divulga\u00e7\u00e3o\/Tamoios"},{"@type":"WebSite","@id":"https:\/\/redenoticiaz.com.br\/litoralsp\/#website","url":"https:\/\/redenoticiaz.com.br\/litoralsp\/","name":"Litoral SP","description":"Rede NoticiaZ","publisher":{"@id":"https:\/\/redenoticiaz.com.br\/litoralsp\/#organization"},"potentialAction":[{"@type":"SearchAction","target":{"@type":"EntryPoint","urlTemplate":"https:\/\/redenoticiaz.com.br\/litoralsp\/?s={search_term_string}"},"query-input":{"@type":"PropertyValueSpecification","valueRequired":true,"valueName":"search_term_string"}}],"inLanguage":"pt-BR"},{"@type":"Organization","@id":"https:\/\/redenoticiaz.com.br\/litoralsp\/#organization","name":"Litoral SP","url":"https:\/\/redenoticiaz.com.br\/litoralsp\/","logo":{"@type":"ImageObject","inLanguage":"pt-BR","@id":"https:\/\/redenoticiaz.com.br\/litoralsp\/#\/schema\/logo\/image\/","url":"https:\/\/redenoticiaz.com.br\/litoralsp\/wp-content\/uploads\/sites\/3\/2020\/11\/logo.jpg","contentUrl":"https:\/\/redenoticiaz.com.br\/litoralsp\/wp-content\/uploads\/sites\/3\/2020\/11\/logo.jpg","width":400,"height":250,"caption":"Litoral SP"},"image":{"@id":"https:\/\/redenoticiaz.com.br\/litoralsp\/#\/schema\/logo\/image\/"}},{"@type":"Person","@id":"https:\/\/redenoticiaz.com.br\/litoralsp\/#\/schema\/person\/0f0b8a5bdafefe82841e07ae8d81ecb3","name":"Leonardo Francisco","image":{"@type":"ImageObject","inLanguage":"pt-BR","@id":"https:\/\/secure.gravatar.com\/avatar\/a7358cb406a99b682ec6df1e77e31ae82e63601f6784e8a3df411d72b37864da?s=96&d=mm&r=g","url":"https:\/\/secure.gravatar.com\/avatar\/a7358cb406a99b682ec6df1e77e31ae82e63601f6784e8a3df411d72b37864da?s=96&d=mm&r=g","contentUrl":"https:\/\/secure.gravatar.com\/avatar\/a7358cb406a99b682ec6df1e77e31ae82e63601f6784e8a3df411d72b37864da?s=96&d=mm&r=g","caption":"Leonardo Francisco"},"url":"https:\/\/redenoticiaz.com.br\/litoralsp\/author\/leonardo-francisco"}]}},"_links":{"self":[{"href":"https:\/\/redenoticiaz.com.br\/litoralsp\/wp-json\/wp\/v2\/posts\/26983","targetHints":{"allow":["GET"]}}],"collection":[{"href":"https:\/\/redenoticiaz.com.br\/litoralsp\/wp-json\/wp\/v2\/posts"}],"about":[{"href":"https:\/\/redenoticiaz.com.br\/litoralsp\/wp-json\/wp\/v2\/types\/post"}],"author":[{"embeddable":true,"href":"https:\/\/redenoticiaz.com.br\/litoralsp\/wp-json\/wp\/v2\/users\/6"}],"replies":[{"embeddable":true,"href":"https:\/\/redenoticiaz.com.br\/litoralsp\/wp-json\/wp\/v2\/comments?post=26983"}],"version-history":[{"count":1,"href":"https:\/\/redenoticiaz.com.br\/litoralsp\/wp-json\/wp\/v2\/posts\/26983\/revisions"}],"predecessor-version":[{"id":26988,"href":"https:\/\/redenoticiaz.com.br\/litoralsp\/wp-json\/wp\/v2\/posts\/26983\/revisions\/26988"}],"wp:featuredmedia":[{"embeddable":true,"href":"https:\/\/redenoticiaz.com.br\/litoralsp\/wp-json\/wp\/v2\/media\/20456"}],"wp:attachment":[{"href":"https:\/\/redenoticiaz.com.br\/litoralsp\/wp-json\/wp\/v2\/media?parent=26983"}],"wp:term":[{"taxonomy":"category","embeddable":true,"href":"https:\/\/redenoticiaz.com.br\/litoralsp\/wp-json\/wp\/v2\/categories?post=26983"},{"taxonomy":"post_tag","embeddable":true,"href":"https:\/\/redenoticiaz.com.br\/litoralsp\/wp-json\/wp\/v2\/tags?post=26983"}],"curies":[{"name":"wp","href":"https:\/\/api.w.org\/{rel}","templated":true}]}}