{"id":27021,"date":"2022-04-20T20:12:13","date_gmt":"2022-04-20T23:12:13","guid":{"rendered":"https:\/\/redenoticiaz.com.br\/litoralsp\/2022\/04\/20\/video-procurado-por-trafico-e-preso-com-mais-de-r-300-mil-e-armas-no-interior-de-sp"},"modified":"2022-04-20T21:14:46","modified_gmt":"2022-04-21T00:14:46","slug":"video-procurado-por-trafico-e-preso-com-mais-de-r-300-mil-e-armas-no-interior-de-sp","status":"publish","type":"post","link":"https:\/\/redenoticiaz.com.br\/litoralsp\/2022\/04\/20\/video-procurado-por-trafico-e-preso-com-mais-de-r-300-mil-e-armas-no-interior-de-sp","title":{"rendered":"V\u00cdDEO &#8211; Procurado por tr\u00e1fico \u00e9 preso com mais de R$ 300 mil e armas no Interior de SP"},"content":{"rendered":"<p>O Minist\u00e9rio P\u00fablico (MP), por meio do Grupo de Atua\u00e7\u00e3o Especial contra o Crime Organizado (Gaeco), com a Pol\u00edcia Militar (PM), representada pelo Batalh\u00e3o de A\u00e7\u00f5es Especiais de Pol\u00edcia (Baep), realizaram uma opera\u00e7\u00e3o nesta quarta-feira (20), em <a href=\"https:\/\/portal.campinas.sp.gov.br\/\">Campinas<\/a>, Interior de S\u00e3o Paulo. Um <strong>homem foi preso e ele era procurado por tr\u00e1fico de drogas<\/strong>. Com ele, armas e uma quantia de\u00a0 R$ 306 mil foram apreendidas.<\/p>\n<p>De acordo com a PM, o homem realizava o tr\u00e1fico em um condom\u00ednio fechado de Sousas. Assim, foi cumprido um mandado de busca e apreens\u00e3o e outro de pris\u00e3o no endere\u00e7o onde foram encontrados o dinheiro e as armas.<\/p>\n<div class=\"mc-column content-text active-extra-styles \" data-block-type=\"unstyled\" data-block-weight=\"32\" data-block-id=\"4\">\n<p class=\"content-text__container \" data-track-category=\"Link no Texto\" data-track-links=\"\">O procurado j\u00e1 havia sido detido anteriormente e foi beneficiado por uma &#8220;saidinha&#8221;. O suspeito n\u00e3o resistiu \u00e0 pris\u00e3o e a ocorr\u00eancia foi apresentada no 1\u00ba Distrito Policial de Campinas.<\/p>\n<\/div>\n<div class=\"content-ads content-ads--reveal\" data-block-type=\"ads\" data-block-id=\"5\"><\/div>\n<div class=\"mc-column content-text active-extra-styles \" data-block-type=\"unstyled\" data-block-weight=\"40\" data-block-id=\"6\">\n<p class=\"content-text__container \" data-track-category=\"Link no Texto\" data-track-links=\"\">Segundo a Pol\u00edcia Militar, o homem preso \u00e9 conhecido no meio do tr\u00e1fico em Campinas e sobrinho de Wanderson Nilton de Paula Lima, o Andinho, que liderou uma das maiores quadrilhas de sequestros e tr\u00e1fico de drogas da regi\u00e3o.<\/p>\n<h5 data-track-category=\"Link no Texto\">Veja o v\u00eddeo:<\/h5>\n<div style=\"width: 352px;\" class=\"wp-video\"><video class=\"wp-video-shortcode\" id=\"video-27021-1\" width=\"352\" height=\"640\" preload=\"metadata\" controls=\"controls\"><source type=\"video\/mp4\" src=\"https:\/\/redenoticiaz.com.br\/litoralsp\/wp-content\/uploads\/sites\/3\/2022\/04\/whatsapp-video-2022-04-20-at-18-32-41.mp4?_=1\" \/><a href=\"https:\/\/redenoticiaz.com.br\/litoralsp\/wp-content\/uploads\/sites\/3\/2022\/04\/whatsapp-video-2022-04-20-at-18-32-41.mp4\">https:\/\/redenoticiaz.com.br\/litoralsp\/wp-content\/uploads\/sites\/3\/2022\/04\/whatsapp-video-2022-04-20-at-18-32-41.mp4<\/a><\/video><\/div>\n<p><strong>LEIA TAMB\u00c9M<\/strong><\/p>\n<\/div>\n<p><a href=\"https:\/\/redenoticiaz.com.br\/blog\/2022\/04\/20\/quase-3-quilos-de-metanfetamina-sao-apreendidas-no-porto-de-santos\">Quase 3 quilos de metanfetamina s\u00e3o apreendidas no Porto de Santos<\/a><\/p>\n","protected":false},"excerpt":{"rendered":"<p>O Minist\u00e9rio P\u00fablico (MP), por meio do Grupo de Atua\u00e7\u00e3o Especial contra o Crime Organizado (Gaeco), com a Pol\u00edcia Militar (PM), representada pelo Batalh\u00e3o de A\u00e7\u00f5es Especiais de Pol\u00edcia (Baep), realizaram uma opera\u00e7\u00e3o nesta quarta-feira (20), em Campinas, Interior de S\u00e3o Paulo. Um homem foi preso e ele era procurado por tr\u00e1fico de drogas. Com &hellip;<\/p>\n","protected":false},"author":6,"featured_media":27022,"comment_status":"open","ping_status":"closed","sticky":false,"template":"","format":"standard","meta":{"footnotes":""},"categories":[10],"tags":[4564,161,10648,1431,1766,54217],"class_list":["post-27021","post","type-post","status-publish","format-standard","has-post-thumbnail","hentry","category-policia","tag-baep","tag-campinas","tag-gaeco","tag-ministerio-publico","tag-policia-militar","tag-procurado-por-trafico"],"yoast_head":"<!-- This site is optimized with the Yoast SEO plugin v27.5 - https:\/\/yoast.com\/product\/yoast-seo-wordpress\/ -->\n<title>V\u00cdDEO - Procurado por tr\u00e1fico \u00e9 preso com mais de R$ 300 mil e armas no Interior de SP - Litoral SP<\/title>\n<meta name=\"description\" content=\"opera\u00e7\u00e3o nesta quarta-feira (20), em Campinas, Interior de S\u00e3o Paulo. Um homem foi preso e ele era procurado por tr\u00e1fico de drogas.\" \/>\n<meta name=\"robots\" content=\"index, follow, max-snippet:-1, max-image-preview:large, max-video-preview:-1\" \/>\n<link rel=\"canonical\" href=\"https:\/\/redenoticiaz.com.br\/litoralsp\/2022\/04\/20\/video-procurado-por-trafico-e-preso-com-mais-de-r-300-mil-e-armas-no-interior-de-sp\" \/>\n<meta property=\"og:locale\" content=\"pt_BR\" \/>\n<meta property=\"og:type\" content=\"article\" \/>\n<meta property=\"og:title\" content=\"V\u00cdDEO - Procurado por tr\u00e1fico \u00e9 preso com mais de R$ 300 mil e armas no Interior de SP - Litoral SP\" \/>\n<meta property=\"og:description\" content=\"opera\u00e7\u00e3o nesta quarta-feira (20), em Campinas, Interior de S\u00e3o Paulo. Um homem foi preso e ele era procurado por tr\u00e1fico de drogas.\" \/>\n<meta property=\"og:url\" content=\"https:\/\/redenoticiaz.com.br\/litoralsp\/2022\/04\/20\/video-procurado-por-trafico-e-preso-com-mais-de-r-300-mil-e-armas-no-interior-de-sp\" \/>\n<meta property=\"og:site_name\" content=\"Litoral SP\" \/>\n<meta property=\"article:published_time\" content=\"2022-04-20T23:12:13+00:00\" \/>\n<meta property=\"article:modified_time\" content=\"2022-04-21T00:14:46+00:00\" \/>\n<meta name=\"author\" content=\"Leonardo Francisco\" \/>\n<meta name=\"twitter:card\" content=\"summary_large_image\" \/>\n<meta name=\"twitter:image\" content=\"https:\/\/redenoticiaz.com.br\/litoralsp\/wp-content\/uploads\/sites\/3\/2022\/04\/whatsapp-image-2022-04-20-at-18-32-41-e1650496280622.jpeg?v=1650496066\" \/>\n<meta name=\"twitter:label1\" content=\"Escrito por\" \/>\n\t<meta name=\"twitter:data1\" content=\"Leonardo Francisco\" \/>\n\t<meta name=\"twitter:label2\" content=\"Est. tempo de leitura\" \/>\n\t<meta name=\"twitter:data2\" content=\"1 minuto\" \/>\n<script type=\"application\/ld+json\" class=\"yoast-schema-graph\">{\"@context\":\"https:\\\/\\\/schema.org\",\"@graph\":[{\"@type\":\"Article\",\"@id\":\"https:\\\/\\\/redenoticiaz.com.br\\\/litoralsp\\\/2022\\\/04\\\/20\\\/video-procurado-por-trafico-e-preso-com-mais-de-r-300-mil-e-armas-no-interior-de-sp#article\",\"isPartOf\":{\"@id\":\"https:\\\/\\\/redenoticiaz.com.br\\\/litoralsp\\\/2022\\\/04\\\/20\\\/video-procurado-por-trafico-e-preso-com-mais-de-r-300-mil-e-armas-no-interior-de-sp\"},\"author\":{\"name\":\"Leonardo Francisco\",\"@id\":\"https:\\\/\\\/redenoticiaz.com.br\\\/litoralsp\\\/#\\\/schema\\\/person\\\/0f0b8a5bdafefe82841e07ae8d81ecb3\"},\"headline\":\"V\u00cdDEO &#8211; Procurado por tr\u00e1fico \u00e9 preso com mais de R$ 300 mil e armas no Interior de SP\",\"datePublished\":\"2022-04-20T23:12:13+00:00\",\"dateModified\":\"2022-04-21T00:14:46+00:00\",\"mainEntityOfPage\":{\"@id\":\"https:\\\/\\\/redenoticiaz.com.br\\\/litoralsp\\\/2022\\\/04\\\/20\\\/video-procurado-por-trafico-e-preso-com-mais-de-r-300-mil-e-armas-no-interior-de-sp\"},\"wordCount\":248,\"commentCount\":0,\"publisher\":{\"@id\":\"https:\\\/\\\/redenoticiaz.com.br\\\/litoralsp\\\/#organization\"},\"image\":{\"@id\":\"https:\\\/\\\/redenoticiaz.com.br\\\/litoralsp\\\/2022\\\/04\\\/20\\\/video-procurado-por-trafico-e-preso-com-mais-de-r-300-mil-e-armas-no-interior-de-sp#primaryimage\"},\"thumbnailUrl\":\"https:\\\/\\\/redenoticiaz.com.br\\\/litoralsp\\\/wp-content\\\/uploads\\\/sites\\\/3\\\/2022\\\/04\\\/whatsapp-image-2022-04-20-at-18-32-41-e1650496280622.jpeg?v=1650496066\",\"keywords\":[\"Baep\",\"campinas\",\"GAECO\",\"Minist\u00e9rio P\u00fablico\",\"policia militar\",\"PROCURADO POR TR\u00c1FICO\"],\"articleSection\":[\"Pol\u00edcia\"],\"inLanguage\":\"pt-BR\",\"potentialAction\":[{\"@type\":\"CommentAction\",\"name\":\"Comment\",\"target\":[\"https:\\\/\\\/redenoticiaz.com.br\\\/litoralsp\\\/2022\\\/04\\\/20\\\/video-procurado-por-trafico-e-preso-com-mais-de-r-300-mil-e-armas-no-interior-de-sp#respond\"]}]},{\"@type\":\"WebPage\",\"@id\":\"https:\\\/\\\/redenoticiaz.com.br\\\/litoralsp\\\/2022\\\/04\\\/20\\\/video-procurado-por-trafico-e-preso-com-mais-de-r-300-mil-e-armas-no-interior-de-sp\",\"url\":\"https:\\\/\\\/redenoticiaz.com.br\\\/litoralsp\\\/2022\\\/04\\\/20\\\/video-procurado-por-trafico-e-preso-com-mais-de-r-300-mil-e-armas-no-interior-de-sp\",\"name\":\"V\u00cdDEO - Procurado por tr\u00e1fico \u00e9 preso com mais de R$ 300 mil e armas no Interior de SP - Litoral SP\",\"isPartOf\":{\"@id\":\"https:\\\/\\\/redenoticiaz.com.br\\\/litoralsp\\\/#website\"},\"primaryImageOfPage\":{\"@id\":\"https:\\\/\\\/redenoticiaz.com.br\\\/litoralsp\\\/2022\\\/04\\\/20\\\/video-procurado-por-trafico-e-preso-com-mais-de-r-300-mil-e-armas-no-interior-de-sp#primaryimage\"},\"image\":{\"@id\":\"https:\\\/\\\/redenoticiaz.com.br\\\/litoralsp\\\/2022\\\/04\\\/20\\\/video-procurado-por-trafico-e-preso-com-mais-de-r-300-mil-e-armas-no-interior-de-sp#primaryimage\"},\"thumbnailUrl\":\"https:\\\/\\\/redenoticiaz.com.br\\\/litoralsp\\\/wp-content\\\/uploads\\\/sites\\\/3\\\/2022\\\/04\\\/whatsapp-image-2022-04-20-at-18-32-41-e1650496280622.jpeg?v=1650496066\",\"datePublished\":\"2022-04-20T23:12:13+00:00\",\"dateModified\":\"2022-04-21T00:14:46+00:00\",\"description\":\"opera\u00e7\u00e3o nesta quarta-feira (20), em Campinas, Interior de S\u00e3o Paulo. Um homem foi preso e ele era procurado por tr\u00e1fico de drogas.\",\"inLanguage\":\"pt-BR\",\"potentialAction\":[{\"@type\":\"ReadAction\",\"target\":[\"https:\\\/\\\/redenoticiaz.com.br\\\/litoralsp\\\/2022\\\/04\\\/20\\\/video-procurado-por-trafico-e-preso-com-mais-de-r-300-mil-e-armas-no-interior-de-sp\"]}]},{\"@type\":\"ImageObject\",\"inLanguage\":\"pt-BR\",\"@id\":\"https:\\\/\\\/redenoticiaz.com.br\\\/litoralsp\\\/2022\\\/04\\\/20\\\/video-procurado-por-trafico-e-preso-com-mais-de-r-300-mil-e-armas-no-interior-de-sp#primaryimage\",\"url\":\"https:\\\/\\\/redenoticiaz.com.br\\\/litoralsp\\\/wp-content\\\/uploads\\\/sites\\\/3\\\/2022\\\/04\\\/whatsapp-image-2022-04-20-at-18-32-41-e1650496280622.jpeg?v=1650496066\",\"contentUrl\":\"https:\\\/\\\/redenoticiaz.com.br\\\/litoralsp\\\/wp-content\\\/uploads\\\/sites\\\/3\\\/2022\\\/04\\\/whatsapp-image-2022-04-20-at-18-32-41-e1650496280622.jpeg?v=1650496066\",\"width\":1600,\"height\":564,\"caption\":\"Cr\u00e9ditos: Divulga\u00e7\u00e3o\\\/Pol\u00edcia Militar\"},{\"@type\":\"WebSite\",\"@id\":\"https:\\\/\\\/redenoticiaz.com.br\\\/litoralsp\\\/#website\",\"url\":\"https:\\\/\\\/redenoticiaz.com.br\\\/litoralsp\\\/\",\"name\":\"Litoral SP\",\"description\":\"Rede NoticiaZ\",\"publisher\":{\"@id\":\"https:\\\/\\\/redenoticiaz.com.br\\\/litoralsp\\\/#organization\"},\"potentialAction\":[{\"@type\":\"SearchAction\",\"target\":{\"@type\":\"EntryPoint\",\"urlTemplate\":\"https:\\\/\\\/redenoticiaz.com.br\\\/litoralsp\\\/?s={search_term_string}\"},\"query-input\":{\"@type\":\"PropertyValueSpecification\",\"valueRequired\":true,\"valueName\":\"search_term_string\"}}],\"inLanguage\":\"pt-BR\"},{\"@type\":\"Organization\",\"@id\":\"https:\\\/\\\/redenoticiaz.com.br\\\/litoralsp\\\/#organization\",\"name\":\"Litoral SP\",\"url\":\"https:\\\/\\\/redenoticiaz.com.br\\\/litoralsp\\\/\",\"logo\":{\"@type\":\"ImageObject\",\"inLanguage\":\"pt-BR\",\"@id\":\"https:\\\/\\\/redenoticiaz.com.br\\\/litoralsp\\\/#\\\/schema\\\/logo\\\/image\\\/\",\"url\":\"https:\\\/\\\/redenoticiaz.com.br\\\/litoralsp\\\/wp-content\\\/uploads\\\/sites\\\/3\\\/2020\\\/11\\\/logo.jpg\",\"contentUrl\":\"https:\\\/\\\/redenoticiaz.com.br\\\/litoralsp\\\/wp-content\\\/uploads\\\/sites\\\/3\\\/2020\\\/11\\\/logo.jpg\",\"width\":400,\"height\":250,\"caption\":\"Litoral SP\"},\"image\":{\"@id\":\"https:\\\/\\\/redenoticiaz.com.br\\\/litoralsp\\\/#\\\/schema\\\/logo\\\/image\\\/\"}},{\"@type\":\"Person\",\"@id\":\"https:\\\/\\\/redenoticiaz.com.br\\\/litoralsp\\\/#\\\/schema\\\/person\\\/0f0b8a5bdafefe82841e07ae8d81ecb3\",\"name\":\"Leonardo Francisco\",\"image\":{\"@type\":\"ImageObject\",\"inLanguage\":\"pt-BR\",\"@id\":\"https:\\\/\\\/secure.gravatar.com\\\/avatar\\\/a7358cb406a99b682ec6df1e77e31ae82e63601f6784e8a3df411d72b37864da?s=96&d=mm&r=g\",\"url\":\"https:\\\/\\\/secure.gravatar.com\\\/avatar\\\/a7358cb406a99b682ec6df1e77e31ae82e63601f6784e8a3df411d72b37864da?s=96&d=mm&r=g\",\"contentUrl\":\"https:\\\/\\\/secure.gravatar.com\\\/avatar\\\/a7358cb406a99b682ec6df1e77e31ae82e63601f6784e8a3df411d72b37864da?s=96&d=mm&r=g\",\"caption\":\"Leonardo Francisco\"},\"url\":\"https:\\\/\\\/redenoticiaz.com.br\\\/litoralsp\\\/author\\\/leonardo-francisco\"}]}<\/script>\n<!-- \/ Yoast SEO plugin. -->","yoast_head_json":{"title":"V\u00cdDEO - Procurado por tr\u00e1fico \u00e9 preso com mais de R$ 300 mil e armas no Interior de SP - Litoral SP","description":"opera\u00e7\u00e3o nesta quarta-feira (20), em Campinas, Interior de S\u00e3o Paulo. Um homem foi preso e ele era procurado por tr\u00e1fico de drogas.","robots":{"index":"index","follow":"follow","max-snippet":"max-snippet:-1","max-image-preview":"max-image-preview:large","max-video-preview":"max-video-preview:-1"},"canonical":"https:\/\/redenoticiaz.com.br\/litoralsp\/2022\/04\/20\/video-procurado-por-trafico-e-preso-com-mais-de-r-300-mil-e-armas-no-interior-de-sp","og_locale":"pt_BR","og_type":"article","og_title":"V\u00cdDEO - Procurado por tr\u00e1fico \u00e9 preso com mais de R$ 300 mil e armas no Interior de SP - Litoral SP","og_description":"opera\u00e7\u00e3o nesta quarta-feira (20), em Campinas, Interior de S\u00e3o Paulo. Um homem foi preso e ele era procurado por tr\u00e1fico de drogas.","og_url":"https:\/\/redenoticiaz.com.br\/litoralsp\/2022\/04\/20\/video-procurado-por-trafico-e-preso-com-mais-de-r-300-mil-e-armas-no-interior-de-sp","og_site_name":"Litoral SP","article_published_time":"2022-04-20T23:12:13+00:00","article_modified_time":"2022-04-21T00:14:46+00:00","author":"Leonardo Francisco","twitter_card":"summary_large_image","twitter_image":"https:\/\/redenoticiaz.com.br\/litoralsp\/wp-content\/uploads\/sites\/3\/2022\/04\/whatsapp-image-2022-04-20-at-18-32-41-e1650496280622.jpeg?v=1650496066","twitter_misc":{"Escrito por":"Leonardo Francisco","Est. tempo de leitura":"1 minuto"},"schema":{"@context":"https:\/\/schema.org","@graph":[{"@type":"Article","@id":"https:\/\/redenoticiaz.com.br\/litoralsp\/2022\/04\/20\/video-procurado-por-trafico-e-preso-com-mais-de-r-300-mil-e-armas-no-interior-de-sp#article","isPartOf":{"@id":"https:\/\/redenoticiaz.com.br\/litoralsp\/2022\/04\/20\/video-procurado-por-trafico-e-preso-com-mais-de-r-300-mil-e-armas-no-interior-de-sp"},"author":{"name":"Leonardo Francisco","@id":"https:\/\/redenoticiaz.com.br\/litoralsp\/#\/schema\/person\/0f0b8a5bdafefe82841e07ae8d81ecb3"},"headline":"V\u00cdDEO &#8211; Procurado por tr\u00e1fico \u00e9 preso com mais de R$ 300 mil e armas no Interior de SP","datePublished":"2022-04-20T23:12:13+00:00","dateModified":"2022-04-21T00:14:46+00:00","mainEntityOfPage":{"@id":"https:\/\/redenoticiaz.com.br\/litoralsp\/2022\/04\/20\/video-procurado-por-trafico-e-preso-com-mais-de-r-300-mil-e-armas-no-interior-de-sp"},"wordCount":248,"commentCount":0,"publisher":{"@id":"https:\/\/redenoticiaz.com.br\/litoralsp\/#organization"},"image":{"@id":"https:\/\/redenoticiaz.com.br\/litoralsp\/2022\/04\/20\/video-procurado-por-trafico-e-preso-com-mais-de-r-300-mil-e-armas-no-interior-de-sp#primaryimage"},"thumbnailUrl":"https:\/\/redenoticiaz.com.br\/litoralsp\/wp-content\/uploads\/sites\/3\/2022\/04\/whatsapp-image-2022-04-20-at-18-32-41-e1650496280622.jpeg?v=1650496066","keywords":["Baep","campinas","GAECO","Minist\u00e9rio P\u00fablico","policia militar","PROCURADO POR TR\u00c1FICO"],"articleSection":["Pol\u00edcia"],"inLanguage":"pt-BR","potentialAction":[{"@type":"CommentAction","name":"Comment","target":["https:\/\/redenoticiaz.com.br\/litoralsp\/2022\/04\/20\/video-procurado-por-trafico-e-preso-com-mais-de-r-300-mil-e-armas-no-interior-de-sp#respond"]}]},{"@type":"WebPage","@id":"https:\/\/redenoticiaz.com.br\/litoralsp\/2022\/04\/20\/video-procurado-por-trafico-e-preso-com-mais-de-r-300-mil-e-armas-no-interior-de-sp","url":"https:\/\/redenoticiaz.com.br\/litoralsp\/2022\/04\/20\/video-procurado-por-trafico-e-preso-com-mais-de-r-300-mil-e-armas-no-interior-de-sp","name":"V\u00cdDEO - Procurado por tr\u00e1fico \u00e9 preso com mais de R$ 300 mil e armas no Interior de SP - Litoral SP","isPartOf":{"@id":"https:\/\/redenoticiaz.com.br\/litoralsp\/#website"},"primaryImageOfPage":{"@id":"https:\/\/redenoticiaz.com.br\/litoralsp\/2022\/04\/20\/video-procurado-por-trafico-e-preso-com-mais-de-r-300-mil-e-armas-no-interior-de-sp#primaryimage"},"image":{"@id":"https:\/\/redenoticiaz.com.br\/litoralsp\/2022\/04\/20\/video-procurado-por-trafico-e-preso-com-mais-de-r-300-mil-e-armas-no-interior-de-sp#primaryimage"},"thumbnailUrl":"https:\/\/redenoticiaz.com.br\/litoralsp\/wp-content\/uploads\/sites\/3\/2022\/04\/whatsapp-image-2022-04-20-at-18-32-41-e1650496280622.jpeg?v=1650496066","datePublished":"2022-04-20T23:12:13+00:00","dateModified":"2022-04-21T00:14:46+00:00","description":"opera\u00e7\u00e3o nesta quarta-feira (20), em Campinas, Interior de S\u00e3o Paulo. Um homem foi preso e ele era procurado por tr\u00e1fico de drogas.","inLanguage":"pt-BR","potentialAction":[{"@type":"ReadAction","target":["https:\/\/redenoticiaz.com.br\/litoralsp\/2022\/04\/20\/video-procurado-por-trafico-e-preso-com-mais-de-r-300-mil-e-armas-no-interior-de-sp"]}]},{"@type":"ImageObject","inLanguage":"pt-BR","@id":"https:\/\/redenoticiaz.com.br\/litoralsp\/2022\/04\/20\/video-procurado-por-trafico-e-preso-com-mais-de-r-300-mil-e-armas-no-interior-de-sp#primaryimage","url":"https:\/\/redenoticiaz.com.br\/litoralsp\/wp-content\/uploads\/sites\/3\/2022\/04\/whatsapp-image-2022-04-20-at-18-32-41-e1650496280622.jpeg?v=1650496066","contentUrl":"https:\/\/redenoticiaz.com.br\/litoralsp\/wp-content\/uploads\/sites\/3\/2022\/04\/whatsapp-image-2022-04-20-at-18-32-41-e1650496280622.jpeg?v=1650496066","width":1600,"height":564,"caption":"Cr\u00e9ditos: Divulga\u00e7\u00e3o\/Pol\u00edcia Militar"},{"@type":"WebSite","@id":"https:\/\/redenoticiaz.com.br\/litoralsp\/#website","url":"https:\/\/redenoticiaz.com.br\/litoralsp\/","name":"Litoral SP","description":"Rede NoticiaZ","publisher":{"@id":"https:\/\/redenoticiaz.com.br\/litoralsp\/#organization"},"potentialAction":[{"@type":"SearchAction","target":{"@type":"EntryPoint","urlTemplate":"https:\/\/redenoticiaz.com.br\/litoralsp\/?s={search_term_string}"},"query-input":{"@type":"PropertyValueSpecification","valueRequired":true,"valueName":"search_term_string"}}],"inLanguage":"pt-BR"},{"@type":"Organization","@id":"https:\/\/redenoticiaz.com.br\/litoralsp\/#organization","name":"Litoral SP","url":"https:\/\/redenoticiaz.com.br\/litoralsp\/","logo":{"@type":"ImageObject","inLanguage":"pt-BR","@id":"https:\/\/redenoticiaz.com.br\/litoralsp\/#\/schema\/logo\/image\/","url":"https:\/\/redenoticiaz.com.br\/litoralsp\/wp-content\/uploads\/sites\/3\/2020\/11\/logo.jpg","contentUrl":"https:\/\/redenoticiaz.com.br\/litoralsp\/wp-content\/uploads\/sites\/3\/2020\/11\/logo.jpg","width":400,"height":250,"caption":"Litoral SP"},"image":{"@id":"https:\/\/redenoticiaz.com.br\/litoralsp\/#\/schema\/logo\/image\/"}},{"@type":"Person","@id":"https:\/\/redenoticiaz.com.br\/litoralsp\/#\/schema\/person\/0f0b8a5bdafefe82841e07ae8d81ecb3","name":"Leonardo Francisco","image":{"@type":"ImageObject","inLanguage":"pt-BR","@id":"https:\/\/secure.gravatar.com\/avatar\/a7358cb406a99b682ec6df1e77e31ae82e63601f6784e8a3df411d72b37864da?s=96&d=mm&r=g","url":"https:\/\/secure.gravatar.com\/avatar\/a7358cb406a99b682ec6df1e77e31ae82e63601f6784e8a3df411d72b37864da?s=96&d=mm&r=g","contentUrl":"https:\/\/secure.gravatar.com\/avatar\/a7358cb406a99b682ec6df1e77e31ae82e63601f6784e8a3df411d72b37864da?s=96&d=mm&r=g","caption":"Leonardo Francisco"},"url":"https:\/\/redenoticiaz.com.br\/litoralsp\/author\/leonardo-francisco"}]}},"_links":{"self":[{"href":"https:\/\/redenoticiaz.com.br\/litoralsp\/wp-json\/wp\/v2\/posts\/27021","targetHints":{"allow":["GET"]}}],"collection":[{"href":"https:\/\/redenoticiaz.com.br\/litoralsp\/wp-json\/wp\/v2\/posts"}],"about":[{"href":"https:\/\/redenoticiaz.com.br\/litoralsp\/wp-json\/wp\/v2\/types\/post"}],"author":[{"embeddable":true,"href":"https:\/\/redenoticiaz.com.br\/litoralsp\/wp-json\/wp\/v2\/users\/6"}],"replies":[{"embeddable":true,"href":"https:\/\/redenoticiaz.com.br\/litoralsp\/wp-json\/wp\/v2\/comments?post=27021"}],"version-history":[{"count":2,"href":"https:\/\/redenoticiaz.com.br\/litoralsp\/wp-json\/wp\/v2\/posts\/27021\/revisions"}],"predecessor-version":[{"id":27032,"href":"https:\/\/redenoticiaz.com.br\/litoralsp\/wp-json\/wp\/v2\/posts\/27021\/revisions\/27032"}],"wp:featuredmedia":[{"embeddable":true,"href":"https:\/\/redenoticiaz.com.br\/litoralsp\/wp-json\/wp\/v2\/media\/27022"}],"wp:attachment":[{"href":"https:\/\/redenoticiaz.com.br\/litoralsp\/wp-json\/wp\/v2\/media?parent=27021"}],"wp:term":[{"taxonomy":"category","embeddable":true,"href":"https:\/\/redenoticiaz.com.br\/litoralsp\/wp-json\/wp\/v2\/categories?post=27021"},{"taxonomy":"post_tag","embeddable":true,"href":"https:\/\/redenoticiaz.com.br\/litoralsp\/wp-json\/wp\/v2\/tags?post=27021"}],"curies":[{"name":"wp","href":"https:\/\/api.w.org\/{rel}","templated":true}]}}