{"id":27025,"date":"2022-04-20T20:53:17","date_gmt":"2022-04-20T23:53:17","guid":{"rendered":"https:\/\/redenoticiaz.com.br\/litoralsp\/?p=27025"},"modified":"2022-04-20T20:53:17","modified_gmt":"2022-04-20T23:53:17","slug":"video-vagoes-de-trem-com-celulose-pegam-fogo-em-cubatao","status":"publish","type":"post","link":"https:\/\/redenoticiaz.com.br\/litoralsp\/2022\/04\/20\/video-vagoes-de-trem-com-celulose-pegam-fogo-em-cubatao","title":{"rendered":"V\u00cdDEO &#8211; Vag\u00f5es de trem com celulose pegam fogo em Cubat\u00e3o"},"content":{"rendered":"<p>Um trem teve <strong>dois vag\u00f5es pegando fogo<\/strong> nesta quarta-feira (20), em <a href=\"https:\/\/www.cubatao.sp.gov.br\/\">Cubat\u00e3o<\/a>. As composi\u00e7\u00f5es levavam carga de celulose e a fuma\u00e7a p\u00f4de ser vista de diversos pontos da cidade. O Corpo de Bombeiros foi acionado para atender a ocorr\u00eancia.<\/p>\n<p>Nas imagens que circulam pelas redes sociais, \u00e9 poss\u00edvel ver as composi\u00e7\u00f5es pegando fogo e uma coluna de fuma\u00e7a se formou e chamou a aten\u00e7ao de moradores e motoristas de Cubat\u00e3o.<\/p>\n<p>Por volta das 17h50, o Corpo de Bombeiros chegou at\u00e9 o local e conseguiu controlar as chamas. Por sorte ningu\u00e9m ficou ferido.<\/p>\n<p>Em nota, a Rumo, respons\u00e1vel pelo trem, informou que o inc\u00eandio atingiu dois vag\u00f5es carregados com celulose e os bombeiros foram acionados imediatamente. A empresa informa que segue realizando o monitoramento da composi\u00e7\u00e3o e do local. As causas do inc\u00eandio ainda est\u00e3o sendo apuradas.<\/p>\n<p><strong>Veja o v\u00eddeo:<\/strong><\/p>\n<div style=\"width: 640px;\" class=\"wp-video\"><video class=\"wp-video-shortcode\" id=\"video-27025-1\" width=\"640\" height=\"360\" preload=\"metadata\" controls=\"controls\"><source type=\"video\/mp4\" src=\"https:\/\/redenoticiaz.com.br\/litoralsp\/wp-content\/uploads\/sites\/3\/2022\/04\/videoplayback-9.mp4?_=1\" \/><a href=\"https:\/\/redenoticiaz.com.br\/litoralsp\/wp-content\/uploads\/sites\/3\/2022\/04\/videoplayback-9.mp4\">https:\/\/redenoticiaz.com.br\/litoralsp\/wp-content\/uploads\/sites\/3\/2022\/04\/videoplayback-9.mp4<\/a><\/video><\/div>\n<p><strong>LEIA TAMB\u00c9M<\/strong><\/p>\n<p><a href=\"https:\/\/redenoticiaz.com.br\/litoralsp\/2022\/04\/19\/carro-pega-fogo-e-provoca-congestionamento-na-imigrantes\">Carro pega fogo e provoca congestionamento na Imigrantes<\/a><\/p>\n","protected":false},"excerpt":{"rendered":"<p>Um trem teve dois vag\u00f5es pegando fogo nesta quarta-feira (20), em Cubat\u00e3o. As composi\u00e7\u00f5es levavam carga de celulose e a fuma\u00e7a p\u00f4de ser vista de diversos pontos da cidade. O Corpo de Bombeiros foi acionado para atender a ocorr\u00eancia. Nas imagens que circulam pelas redes sociais, \u00e9 poss\u00edvel ver as composi\u00e7\u00f5es pegando fogo e uma &hellip;<\/p>\n","protected":false},"author":6,"featured_media":27026,"comment_status":"open","ping_status":"closed","sticky":false,"template":"","format":"standard","meta":{"footnotes":""},"categories":[186,10,88],"tags":[1024,22660,54222,54221,54220],"class_list":["post-27025","post","type-post","status-publish","format-standard","has-post-thumbnail","hentry","category-cubatao","category-policia","category-transportes","tag-cubatao","tag-linha-ferrea","tag-rumo","tag-trem-pega-fogo","tag-vagoes-incendiados"],"yoast_head":"<!-- This site is optimized with the Yoast SEO plugin v27.5 - https:\/\/yoast.com\/product\/yoast-seo-wordpress\/ -->\n<title>V\u00cdDEO - Vag\u00f5es de trem com celulose pegam fogo em Cubat\u00e3o - Litoral SP<\/title>\n<meta name=\"description\" content=\"Um trem teve dois vag\u00f5es pegando fogo nesta quarta-feira (20), em Cubat\u00e3o. As composi\u00e7\u00f5es levavam carga de celulose e a fuma\u00e7a\" \/>\n<meta name=\"robots\" content=\"index, follow, max-snippet:-1, max-image-preview:large, max-video-preview:-1\" \/>\n<link rel=\"canonical\" href=\"https:\/\/redenoticiaz.com.br\/litoralsp\/2022\/04\/20\/video-vagoes-de-trem-com-celulose-pegam-fogo-em-cubatao\" \/>\n<meta property=\"og:locale\" content=\"pt_BR\" \/>\n<meta property=\"og:type\" content=\"article\" \/>\n<meta property=\"og:title\" content=\"V\u00cdDEO - Vag\u00f5es de trem com celulose pegam fogo em Cubat\u00e3o - Litoral SP\" \/>\n<meta property=\"og:description\" content=\"Um trem teve dois vag\u00f5es pegando fogo nesta quarta-feira (20), em Cubat\u00e3o. As composi\u00e7\u00f5es levavam carga de celulose e a fuma\u00e7a\" \/>\n<meta property=\"og:url\" content=\"https:\/\/redenoticiaz.com.br\/litoralsp\/2022\/04\/20\/video-vagoes-de-trem-com-celulose-pegam-fogo-em-cubatao\" \/>\n<meta property=\"og:site_name\" content=\"Litoral SP\" \/>\n<meta property=\"article:published_time\" content=\"2022-04-20T23:53:17+00:00\" \/>\n<meta property=\"og:image\" content=\"https:\/\/redenoticiaz.com.br\/litoralsp\/wp-content\/uploads\/sites\/3\/2022\/04\/trem.jpg\" \/>\n\t<meta property=\"og:image:width\" content=\"900\" \/>\n\t<meta property=\"og:image:height\" content=\"600\" \/>\n\t<meta property=\"og:image:type\" content=\"image\/jpeg\" \/>\n<meta name=\"author\" content=\"Leonardo Francisco\" \/>\n<meta name=\"twitter:card\" content=\"summary_large_image\" \/>\n<meta name=\"twitter:label1\" content=\"Escrito por\" \/>\n\t<meta name=\"twitter:data1\" content=\"Leonardo Francisco\" \/>\n\t<meta name=\"twitter:label2\" content=\"Est. tempo de leitura\" \/>\n\t<meta name=\"twitter:data2\" content=\"1 minuto\" \/>\n<script type=\"application\/ld+json\" class=\"yoast-schema-graph\">{\"@context\":\"https:\\\/\\\/schema.org\",\"@graph\":[{\"@type\":\"Article\",\"@id\":\"https:\\\/\\\/redenoticiaz.com.br\\\/litoralsp\\\/2022\\\/04\\\/20\\\/video-vagoes-de-trem-com-celulose-pegam-fogo-em-cubatao#article\",\"isPartOf\":{\"@id\":\"https:\\\/\\\/redenoticiaz.com.br\\\/litoralsp\\\/2022\\\/04\\\/20\\\/video-vagoes-de-trem-com-celulose-pegam-fogo-em-cubatao\"},\"author\":{\"name\":\"Leonardo Francisco\",\"@id\":\"https:\\\/\\\/redenoticiaz.com.br\\\/litoralsp\\\/#\\\/schema\\\/person\\\/0f0b8a5bdafefe82841e07ae8d81ecb3\"},\"headline\":\"V\u00cdDEO &#8211; Vag\u00f5es de trem com celulose pegam fogo em Cubat\u00e3o\",\"datePublished\":\"2022-04-20T23:53:17+00:00\",\"mainEntityOfPage\":{\"@id\":\"https:\\\/\\\/redenoticiaz.com.br\\\/litoralsp\\\/2022\\\/04\\\/20\\\/video-vagoes-de-trem-com-celulose-pegam-fogo-em-cubatao\"},\"wordCount\":196,\"commentCount\":0,\"publisher\":{\"@id\":\"https:\\\/\\\/redenoticiaz.com.br\\\/litoralsp\\\/#organization\"},\"image\":{\"@id\":\"https:\\\/\\\/redenoticiaz.com.br\\\/litoralsp\\\/2022\\\/04\\\/20\\\/video-vagoes-de-trem-com-celulose-pegam-fogo-em-cubatao#primaryimage\"},\"thumbnailUrl\":\"https:\\\/\\\/redenoticiaz.com.br\\\/litoralsp\\\/wp-content\\\/uploads\\\/sites\\\/3\\\/2022\\\/04\\\/trem.jpg\",\"keywords\":[\"CUBAT\u00c3O\",\"LINHA F\u00c9RREA\",\"RUMO\",\"TREM PEGA FOGO\",\"VAG\u00d5ES INCENDIADOS\"],\"articleSection\":[\"Cubat\u00e3o\",\"Pol\u00edcia\",\"Transportes\"],\"inLanguage\":\"pt-BR\",\"potentialAction\":[{\"@type\":\"CommentAction\",\"name\":\"Comment\",\"target\":[\"https:\\\/\\\/redenoticiaz.com.br\\\/litoralsp\\\/2022\\\/04\\\/20\\\/video-vagoes-de-trem-com-celulose-pegam-fogo-em-cubatao#respond\"]}]},{\"@type\":\"WebPage\",\"@id\":\"https:\\\/\\\/redenoticiaz.com.br\\\/litoralsp\\\/2022\\\/04\\\/20\\\/video-vagoes-de-trem-com-celulose-pegam-fogo-em-cubatao\",\"url\":\"https:\\\/\\\/redenoticiaz.com.br\\\/litoralsp\\\/2022\\\/04\\\/20\\\/video-vagoes-de-trem-com-celulose-pegam-fogo-em-cubatao\",\"name\":\"V\u00cdDEO - Vag\u00f5es de trem com celulose pegam fogo em Cubat\u00e3o - Litoral SP\",\"isPartOf\":{\"@id\":\"https:\\\/\\\/redenoticiaz.com.br\\\/litoralsp\\\/#website\"},\"primaryImageOfPage\":{\"@id\":\"https:\\\/\\\/redenoticiaz.com.br\\\/litoralsp\\\/2022\\\/04\\\/20\\\/video-vagoes-de-trem-com-celulose-pegam-fogo-em-cubatao#primaryimage\"},\"image\":{\"@id\":\"https:\\\/\\\/redenoticiaz.com.br\\\/litoralsp\\\/2022\\\/04\\\/20\\\/video-vagoes-de-trem-com-celulose-pegam-fogo-em-cubatao#primaryimage\"},\"thumbnailUrl\":\"https:\\\/\\\/redenoticiaz.com.br\\\/litoralsp\\\/wp-content\\\/uploads\\\/sites\\\/3\\\/2022\\\/04\\\/trem.jpg\",\"datePublished\":\"2022-04-20T23:53:17+00:00\",\"description\":\"Um trem teve dois vag\u00f5es pegando fogo nesta quarta-feira (20), em Cubat\u00e3o. As composi\u00e7\u00f5es levavam carga de celulose e a fuma\u00e7a\",\"inLanguage\":\"pt-BR\",\"potentialAction\":[{\"@type\":\"ReadAction\",\"target\":[\"https:\\\/\\\/redenoticiaz.com.br\\\/litoralsp\\\/2022\\\/04\\\/20\\\/video-vagoes-de-trem-com-celulose-pegam-fogo-em-cubatao\"]}]},{\"@type\":\"ImageObject\",\"inLanguage\":\"pt-BR\",\"@id\":\"https:\\\/\\\/redenoticiaz.com.br\\\/litoralsp\\\/2022\\\/04\\\/20\\\/video-vagoes-de-trem-com-celulose-pegam-fogo-em-cubatao#primaryimage\",\"url\":\"https:\\\/\\\/redenoticiaz.com.br\\\/litoralsp\\\/wp-content\\\/uploads\\\/sites\\\/3\\\/2022\\\/04\\\/trem.jpg\",\"contentUrl\":\"https:\\\/\\\/redenoticiaz.com.br\\\/litoralsp\\\/wp-content\\\/uploads\\\/sites\\\/3\\\/2022\\\/04\\\/trem.jpg\",\"width\":900,\"height\":600,\"caption\":\"Cr\u00e9ditos: Reprodu\u00e7\u00e3o\\\/Cubat\u00e3o Mil Grau\"},{\"@type\":\"WebSite\",\"@id\":\"https:\\\/\\\/redenoticiaz.com.br\\\/litoralsp\\\/#website\",\"url\":\"https:\\\/\\\/redenoticiaz.com.br\\\/litoralsp\\\/\",\"name\":\"Litoral SP\",\"description\":\"Rede NoticiaZ\",\"publisher\":{\"@id\":\"https:\\\/\\\/redenoticiaz.com.br\\\/litoralsp\\\/#organization\"},\"potentialAction\":[{\"@type\":\"SearchAction\",\"target\":{\"@type\":\"EntryPoint\",\"urlTemplate\":\"https:\\\/\\\/redenoticiaz.com.br\\\/litoralsp\\\/?s={search_term_string}\"},\"query-input\":{\"@type\":\"PropertyValueSpecification\",\"valueRequired\":true,\"valueName\":\"search_term_string\"}}],\"inLanguage\":\"pt-BR\"},{\"@type\":\"Organization\",\"@id\":\"https:\\\/\\\/redenoticiaz.com.br\\\/litoralsp\\\/#organization\",\"name\":\"Litoral SP\",\"url\":\"https:\\\/\\\/redenoticiaz.com.br\\\/litoralsp\\\/\",\"logo\":{\"@type\":\"ImageObject\",\"inLanguage\":\"pt-BR\",\"@id\":\"https:\\\/\\\/redenoticiaz.com.br\\\/litoralsp\\\/#\\\/schema\\\/logo\\\/image\\\/\",\"url\":\"https:\\\/\\\/redenoticiaz.com.br\\\/litoralsp\\\/wp-content\\\/uploads\\\/sites\\\/3\\\/2020\\\/11\\\/logo.jpg\",\"contentUrl\":\"https:\\\/\\\/redenoticiaz.com.br\\\/litoralsp\\\/wp-content\\\/uploads\\\/sites\\\/3\\\/2020\\\/11\\\/logo.jpg\",\"width\":400,\"height\":250,\"caption\":\"Litoral SP\"},\"image\":{\"@id\":\"https:\\\/\\\/redenoticiaz.com.br\\\/litoralsp\\\/#\\\/schema\\\/logo\\\/image\\\/\"}},{\"@type\":\"Person\",\"@id\":\"https:\\\/\\\/redenoticiaz.com.br\\\/litoralsp\\\/#\\\/schema\\\/person\\\/0f0b8a5bdafefe82841e07ae8d81ecb3\",\"name\":\"Leonardo Francisco\",\"image\":{\"@type\":\"ImageObject\",\"inLanguage\":\"pt-BR\",\"@id\":\"https:\\\/\\\/secure.gravatar.com\\\/avatar\\\/a7358cb406a99b682ec6df1e77e31ae82e63601f6784e8a3df411d72b37864da?s=96&d=mm&r=g\",\"url\":\"https:\\\/\\\/secure.gravatar.com\\\/avatar\\\/a7358cb406a99b682ec6df1e77e31ae82e63601f6784e8a3df411d72b37864da?s=96&d=mm&r=g\",\"contentUrl\":\"https:\\\/\\\/secure.gravatar.com\\\/avatar\\\/a7358cb406a99b682ec6df1e77e31ae82e63601f6784e8a3df411d72b37864da?s=96&d=mm&r=g\",\"caption\":\"Leonardo Francisco\"},\"url\":\"https:\\\/\\\/redenoticiaz.com.br\\\/litoralsp\\\/author\\\/leonardo-francisco\"}]}<\/script>\n<!-- \/ Yoast SEO plugin. -->","yoast_head_json":{"title":"V\u00cdDEO - Vag\u00f5es de trem com celulose pegam fogo em Cubat\u00e3o - Litoral SP","description":"Um trem teve dois vag\u00f5es pegando fogo nesta quarta-feira (20), em Cubat\u00e3o. As composi\u00e7\u00f5es levavam carga de celulose e a fuma\u00e7a","robots":{"index":"index","follow":"follow","max-snippet":"max-snippet:-1","max-image-preview":"max-image-preview:large","max-video-preview":"max-video-preview:-1"},"canonical":"https:\/\/redenoticiaz.com.br\/litoralsp\/2022\/04\/20\/video-vagoes-de-trem-com-celulose-pegam-fogo-em-cubatao","og_locale":"pt_BR","og_type":"article","og_title":"V\u00cdDEO - Vag\u00f5es de trem com celulose pegam fogo em Cubat\u00e3o - Litoral SP","og_description":"Um trem teve dois vag\u00f5es pegando fogo nesta quarta-feira (20), em Cubat\u00e3o. As composi\u00e7\u00f5es levavam carga de celulose e a fuma\u00e7a","og_url":"https:\/\/redenoticiaz.com.br\/litoralsp\/2022\/04\/20\/video-vagoes-de-trem-com-celulose-pegam-fogo-em-cubatao","og_site_name":"Litoral SP","article_published_time":"2022-04-20T23:53:17+00:00","og_image":[{"width":900,"height":600,"url":"https:\/\/redenoticiaz.com.br\/litoralsp\/wp-content\/uploads\/sites\/3\/2022\/04\/trem.jpg","type":"image\/jpeg"}],"author":"Leonardo Francisco","twitter_card":"summary_large_image","twitter_misc":{"Escrito por":"Leonardo Francisco","Est. tempo de leitura":"1 minuto"},"schema":{"@context":"https:\/\/schema.org","@graph":[{"@type":"Article","@id":"https:\/\/redenoticiaz.com.br\/litoralsp\/2022\/04\/20\/video-vagoes-de-trem-com-celulose-pegam-fogo-em-cubatao#article","isPartOf":{"@id":"https:\/\/redenoticiaz.com.br\/litoralsp\/2022\/04\/20\/video-vagoes-de-trem-com-celulose-pegam-fogo-em-cubatao"},"author":{"name":"Leonardo Francisco","@id":"https:\/\/redenoticiaz.com.br\/litoralsp\/#\/schema\/person\/0f0b8a5bdafefe82841e07ae8d81ecb3"},"headline":"V\u00cdDEO &#8211; Vag\u00f5es de trem com celulose pegam fogo em Cubat\u00e3o","datePublished":"2022-04-20T23:53:17+00:00","mainEntityOfPage":{"@id":"https:\/\/redenoticiaz.com.br\/litoralsp\/2022\/04\/20\/video-vagoes-de-trem-com-celulose-pegam-fogo-em-cubatao"},"wordCount":196,"commentCount":0,"publisher":{"@id":"https:\/\/redenoticiaz.com.br\/litoralsp\/#organization"},"image":{"@id":"https:\/\/redenoticiaz.com.br\/litoralsp\/2022\/04\/20\/video-vagoes-de-trem-com-celulose-pegam-fogo-em-cubatao#primaryimage"},"thumbnailUrl":"https:\/\/redenoticiaz.com.br\/litoralsp\/wp-content\/uploads\/sites\/3\/2022\/04\/trem.jpg","keywords":["CUBAT\u00c3O","LINHA F\u00c9RREA","RUMO","TREM PEGA FOGO","VAG\u00d5ES INCENDIADOS"],"articleSection":["Cubat\u00e3o","Pol\u00edcia","Transportes"],"inLanguage":"pt-BR","potentialAction":[{"@type":"CommentAction","name":"Comment","target":["https:\/\/redenoticiaz.com.br\/litoralsp\/2022\/04\/20\/video-vagoes-de-trem-com-celulose-pegam-fogo-em-cubatao#respond"]}]},{"@type":"WebPage","@id":"https:\/\/redenoticiaz.com.br\/litoralsp\/2022\/04\/20\/video-vagoes-de-trem-com-celulose-pegam-fogo-em-cubatao","url":"https:\/\/redenoticiaz.com.br\/litoralsp\/2022\/04\/20\/video-vagoes-de-trem-com-celulose-pegam-fogo-em-cubatao","name":"V\u00cdDEO - Vag\u00f5es de trem com celulose pegam fogo em Cubat\u00e3o - Litoral SP","isPartOf":{"@id":"https:\/\/redenoticiaz.com.br\/litoralsp\/#website"},"primaryImageOfPage":{"@id":"https:\/\/redenoticiaz.com.br\/litoralsp\/2022\/04\/20\/video-vagoes-de-trem-com-celulose-pegam-fogo-em-cubatao#primaryimage"},"image":{"@id":"https:\/\/redenoticiaz.com.br\/litoralsp\/2022\/04\/20\/video-vagoes-de-trem-com-celulose-pegam-fogo-em-cubatao#primaryimage"},"thumbnailUrl":"https:\/\/redenoticiaz.com.br\/litoralsp\/wp-content\/uploads\/sites\/3\/2022\/04\/trem.jpg","datePublished":"2022-04-20T23:53:17+00:00","description":"Um trem teve dois vag\u00f5es pegando fogo nesta quarta-feira (20), em Cubat\u00e3o. As composi\u00e7\u00f5es levavam carga de celulose e a fuma\u00e7a","inLanguage":"pt-BR","potentialAction":[{"@type":"ReadAction","target":["https:\/\/redenoticiaz.com.br\/litoralsp\/2022\/04\/20\/video-vagoes-de-trem-com-celulose-pegam-fogo-em-cubatao"]}]},{"@type":"ImageObject","inLanguage":"pt-BR","@id":"https:\/\/redenoticiaz.com.br\/litoralsp\/2022\/04\/20\/video-vagoes-de-trem-com-celulose-pegam-fogo-em-cubatao#primaryimage","url":"https:\/\/redenoticiaz.com.br\/litoralsp\/wp-content\/uploads\/sites\/3\/2022\/04\/trem.jpg","contentUrl":"https:\/\/redenoticiaz.com.br\/litoralsp\/wp-content\/uploads\/sites\/3\/2022\/04\/trem.jpg","width":900,"height":600,"caption":"Cr\u00e9ditos: Reprodu\u00e7\u00e3o\/Cubat\u00e3o Mil Grau"},{"@type":"WebSite","@id":"https:\/\/redenoticiaz.com.br\/litoralsp\/#website","url":"https:\/\/redenoticiaz.com.br\/litoralsp\/","name":"Litoral SP","description":"Rede NoticiaZ","publisher":{"@id":"https:\/\/redenoticiaz.com.br\/litoralsp\/#organization"},"potentialAction":[{"@type":"SearchAction","target":{"@type":"EntryPoint","urlTemplate":"https:\/\/redenoticiaz.com.br\/litoralsp\/?s={search_term_string}"},"query-input":{"@type":"PropertyValueSpecification","valueRequired":true,"valueName":"search_term_string"}}],"inLanguage":"pt-BR"},{"@type":"Organization","@id":"https:\/\/redenoticiaz.com.br\/litoralsp\/#organization","name":"Litoral SP","url":"https:\/\/redenoticiaz.com.br\/litoralsp\/","logo":{"@type":"ImageObject","inLanguage":"pt-BR","@id":"https:\/\/redenoticiaz.com.br\/litoralsp\/#\/schema\/logo\/image\/","url":"https:\/\/redenoticiaz.com.br\/litoralsp\/wp-content\/uploads\/sites\/3\/2020\/11\/logo.jpg","contentUrl":"https:\/\/redenoticiaz.com.br\/litoralsp\/wp-content\/uploads\/sites\/3\/2020\/11\/logo.jpg","width":400,"height":250,"caption":"Litoral SP"},"image":{"@id":"https:\/\/redenoticiaz.com.br\/litoralsp\/#\/schema\/logo\/image\/"}},{"@type":"Person","@id":"https:\/\/redenoticiaz.com.br\/litoralsp\/#\/schema\/person\/0f0b8a5bdafefe82841e07ae8d81ecb3","name":"Leonardo Francisco","image":{"@type":"ImageObject","inLanguage":"pt-BR","@id":"https:\/\/secure.gravatar.com\/avatar\/a7358cb406a99b682ec6df1e77e31ae82e63601f6784e8a3df411d72b37864da?s=96&d=mm&r=g","url":"https:\/\/secure.gravatar.com\/avatar\/a7358cb406a99b682ec6df1e77e31ae82e63601f6784e8a3df411d72b37864da?s=96&d=mm&r=g","contentUrl":"https:\/\/secure.gravatar.com\/avatar\/a7358cb406a99b682ec6df1e77e31ae82e63601f6784e8a3df411d72b37864da?s=96&d=mm&r=g","caption":"Leonardo Francisco"},"url":"https:\/\/redenoticiaz.com.br\/litoralsp\/author\/leonardo-francisco"}]}},"_links":{"self":[{"href":"https:\/\/redenoticiaz.com.br\/litoralsp\/wp-json\/wp\/v2\/posts\/27025","targetHints":{"allow":["GET"]}}],"collection":[{"href":"https:\/\/redenoticiaz.com.br\/litoralsp\/wp-json\/wp\/v2\/posts"}],"about":[{"href":"https:\/\/redenoticiaz.com.br\/litoralsp\/wp-json\/wp\/v2\/types\/post"}],"author":[{"embeddable":true,"href":"https:\/\/redenoticiaz.com.br\/litoralsp\/wp-json\/wp\/v2\/users\/6"}],"replies":[{"embeddable":true,"href":"https:\/\/redenoticiaz.com.br\/litoralsp\/wp-json\/wp\/v2\/comments?post=27025"}],"version-history":[{"count":1,"href":"https:\/\/redenoticiaz.com.br\/litoralsp\/wp-json\/wp\/v2\/posts\/27025\/revisions"}],"predecessor-version":[{"id":27028,"href":"https:\/\/redenoticiaz.com.br\/litoralsp\/wp-json\/wp\/v2\/posts\/27025\/revisions\/27028"}],"wp:featuredmedia":[{"embeddable":true,"href":"https:\/\/redenoticiaz.com.br\/litoralsp\/wp-json\/wp\/v2\/media\/27026"}],"wp:attachment":[{"href":"https:\/\/redenoticiaz.com.br\/litoralsp\/wp-json\/wp\/v2\/media?parent=27025"}],"wp:term":[{"taxonomy":"category","embeddable":true,"href":"https:\/\/redenoticiaz.com.br\/litoralsp\/wp-json\/wp\/v2\/categories?post=27025"},{"taxonomy":"post_tag","embeddable":true,"href":"https:\/\/redenoticiaz.com.br\/litoralsp\/wp-json\/wp\/v2\/tags?post=27025"}],"curies":[{"name":"wp","href":"https:\/\/api.w.org\/{rel}","templated":true}]}}