{"id":27356,"date":"2022-04-26T12:41:49","date_gmt":"2022-04-26T15:41:49","guid":{"rendered":"https:\/\/redenoticiaz.com.br\/litoralsp\/?p=27356"},"modified":"2022-04-26T12:41:49","modified_gmt":"2022-04-26T15:41:49","slug":"greve-dos-funcionarios-da-cet-santos-termina-mas-negociacoes-continuam","status":"publish","type":"post","link":"https:\/\/redenoticiaz.com.br\/litoralsp\/2022\/04\/26\/greve-dos-funcionarios-da-cet-santos-termina-mas-negociacoes-continuam","title":{"rendered":"Greve dos funcion\u00e1rios da CET-Santos termina, mas negocia\u00e7\u00f5es continuam"},"content":{"rendered":"<p>Terminou a <strong>greve dos funcion\u00e1rios da Companhia de Engenharia de Tr\u00e1fego<\/strong> (CET) de <a href=\"https:\/\/www.santos.sp.gov.br\/\">Santos<\/a>. Foram cinco dias de protestos e de paralisa\u00e7\u00e3o dos servi\u00e7os. Os profissionais cobram reajuste salarial e de benef\u00edcios. A decis\u00e3o foi tomada durante assembleia geral dos trabalhadores nesta segunda-feira (25).<\/p>\n<div class=\"wall protected-content\">\n<div class=\"mc-column content-text active-extra-styles \" data-block-type=\"unstyled\" data-block-weight=\"53\" data-block-id=\"3\">\n<p class=\"content-text__container \" data-track-category=\"Link no Texto\" data-track-links=\"\">A reuni\u00e3o ocorreu, por volta de 18h30, na sede do Sindicato dos Trabalhadores Administrativos em Capatazia, nos Terminais Privativos e Retroportu\u00e1rios e na Administra\u00e7\u00e3o em geral dos Servi\u00e7os Portu\u00e1rios do estado de S\u00e3o Paulo (Sindaport). Durante a assembleia, os 150 trabalhadores presentes aprovaram a suspens\u00e3o da greve a partir de 23h desta segunda-feira.<\/p>\n<\/div>\n<div class=\"mc-column content-text active-extra-styles \" data-block-type=\"unstyled\" data-block-weight=\"54\" data-block-id=\"4\">\n<p class=\"content-text__container \" data-track-category=\"Link no Texto\" data-track-links=\"\">O diretor de Comunica\u00e7\u00e3o do Sindicato dos Trabalhadores do Sistema Vi\u00e1rio e Urbano do Estado de S\u00e3o Paulo (Sindvi\u00e1rios), Milton Santos Salgado, contou que os funcion\u00e1rios ainda aguardam poss\u00edveis propostas da negocia\u00e7\u00e3o. Ela deve ser feita tanto na media\u00e7\u00e3o do Tribunal Regional do Trabalho (TRT) quanto das reuni\u00f5es de negocia\u00e7\u00e3o. A previs\u00e3o \u00e9 que a reuni\u00e3o aconte\u00e7a na empresa at\u00e9 a pr\u00f3xima sexta-feira (29).<\/p>\n<p data-track-category=\"Link no Texto\" data-track-links=\"\">Al\u00e9m disso, na mesma sexta, tamb\u00e9m vai ocorrer a nova assembleia geral \u00e0s 18h30, tamb\u00e9m na sede do Sindaport, para a apresenta\u00e7\u00e3o de poss\u00edveis propostas ou defini\u00e7\u00e3o de uma nova data de greve. Caso a categoria decida pela greve, a data de in\u00edcio prevista \u00e9 13 de maio.<\/p>\n<h3 data-track-category=\"Link no Texto\">Motivo da suspens\u00e3o<\/h3>\n<div class=\"mc-column content-text active-extra-styles \" data-block-type=\"unstyled\" data-block-weight=\"42\" data-block-id=\"7\">\n<p class=\"content-text__container \" data-track-category=\"Link no Texto\" data-track-links=\"\">Segundo Salgado, o motivo da suspens\u00e3o da greve, que reivindicava reajuste salarial e de benef\u00edcios, \u00e9 a media\u00e7\u00e3o do Tribunal. \u201cHoje [ter\u00e7a-feira] vou para o TRT-2 para uma rodada de media\u00e7\u00e3o. L\u00e1 na Consola\u00e7\u00e3o e deve iniciar por volta de 12h\u201d.<\/p>\n<\/div>\n<div class=\"mc-column content-text active-extra-styles \" data-block-type=\"unstyled\" data-block-weight=\"58\" data-block-id=\"8\">\n<p class=\"content-text__container \" data-track-category=\"Link no Texto\" data-track-links=\"\">Na \u00faltima quarta-feira (20), o Tribunal Regional do Trabalho pediu ao Sindivi\u00e1rios o retorno de 50% do efetivo, sob pena de multa de R$ 50 mil por dia ao sindicato. Os funcion\u00e1rios CET-Santos, ent\u00e3o, aceitaram a medida em uma assembleia realizada durante a tarde. No mesmo dia, o sindicato protocolou uma peti\u00e7\u00e3o como pedido de media\u00e7\u00e3o ao TRT.<\/p>\n<div class=\"mc-column content-text active-extra-styles \" data-block-type=\"unstyled\" data-block-weight=\"26\" data-block-id=\"12\">\n<p class=\"content-text__container \" data-track-category=\"Link no Texto\" data-track-links=\"\">Os funcion\u00e1rios da CET-Santos reivindicam reajuste salarial e de benef\u00edcios. Segundo o Sindvi\u00e1rios, a categoria est\u00e1 desde 2019 sem receber reajuste salarial, por conta da pandemia.<\/p>\n<\/div>\n<div class=\"mc-column content-text active-extra-styles \" data-block-type=\"unstyled\" data-block-weight=\"29\" data-block-id=\"13\">\n<p class=\"content-text__container \" data-track-category=\"Link no Texto\" data-track-links=\"\">De acordo com Salgado, o aumento que a categoria deveria receber para suprir os tr\u00eas anos sem reajustes equivale a 10,06% do sal\u00e1rio, conforme calculado em fevereiro de 2022.<\/p>\n<p data-track-category=\"Link no Texto\" data-track-links=\"\"><strong>LEIA TAMB\u00c9M<\/strong><\/p>\n<p data-track-category=\"Link no Texto\" data-track-links=\"\"><a href=\"https:\/\/redenoticiaz.com.br\/litoralsp\/2022\/04\/21\/funcionarios-da-cet-santos-vao-voltar-ao-trabalho-apos-decisao-do-trt\">Funcion\u00e1rios da CET-Santos v\u00e3o voltar ao trabalho ap\u00f3s decis\u00e3o do TRT<\/a><\/p>\n<\/div>\n<\/div>\n<\/div>\n<\/div>\n","protected":false},"excerpt":{"rendered":"<p>Terminou a greve dos funcion\u00e1rios da Companhia de Engenharia de Tr\u00e1fego (CET) de Santos. Foram cinco dias de protestos e de paralisa\u00e7\u00e3o dos servi\u00e7os. Os profissionais cobram reajuste salarial e de benef\u00edcios. A decis\u00e3o foi tomada durante assembleia geral dos trabalhadores nesta segunda-feira (25). A reuni\u00e3o ocorreu, por volta de 18h30, na sede do Sindicato &hellip;<\/p>\n","protected":false},"author":6,"featured_media":27357,"comment_status":"open","ping_status":"closed","sticky":false,"template":"","format":"standard","meta":{"footnotes":""},"categories":[180,5],"tags":[5380,28726,54235,986,54638],"class_list":["post-27356","post","type-post","status-publish","format-standard","has-post-thumbnail","hentry","category-santos","category-transito","tag-cet-santos","tag-fim-da-greve","tag-funcionarios-da-cet","tag-santos","tag-sindiviarios"],"yoast_head":"<!-- This site is optimized with the Yoast SEO plugin v27.4 - https:\/\/yoast.com\/product\/yoast-seo-wordpress\/ -->\n<title>Greve dos funcion\u00e1rios da CET-Santos termina, mas negocia\u00e7\u00f5es continuam - Litoral SP<\/title>\n<meta name=\"description\" content=\"Terminou a greve dos funcion\u00e1rios da Companhia de Engenharia de Tr\u00e1fego (CET) de Santos. Foram cinco dias de protestos\" \/>\n<meta name=\"robots\" content=\"index, follow, max-snippet:-1, max-image-preview:large, max-video-preview:-1\" \/>\n<link rel=\"canonical\" href=\"https:\/\/redenoticiaz.com.br\/litoralsp\/2022\/04\/26\/greve-dos-funcionarios-da-cet-santos-termina-mas-negociacoes-continuam\" \/>\n<meta property=\"og:locale\" content=\"pt_BR\" \/>\n<meta property=\"og:type\" content=\"article\" \/>\n<meta property=\"og:title\" content=\"Greve dos funcion\u00e1rios da CET-Santos termina, mas negocia\u00e7\u00f5es continuam - Litoral SP\" \/>\n<meta property=\"og:description\" content=\"Terminou a greve dos funcion\u00e1rios da Companhia de Engenharia de Tr\u00e1fego (CET) de Santos. Foram cinco dias de protestos\" \/>\n<meta property=\"og:url\" content=\"https:\/\/redenoticiaz.com.br\/litoralsp\/2022\/04\/26\/greve-dos-funcionarios-da-cet-santos-termina-mas-negociacoes-continuam\" \/>\n<meta property=\"og:site_name\" content=\"Litoral SP\" \/>\n<meta property=\"article:published_time\" content=\"2022-04-26T15:41:49+00:00\" \/>\n<meta property=\"og:image\" content=\"https:\/\/redenoticiaz.com.br\/litoralsp\/wp-content\/uploads\/sites\/3\/2022\/04\/whatsapp-image-2022-04-19-at-19-30-16-1.jpeg\" \/>\n\t<meta property=\"og:image:width\" content=\"1440\" \/>\n\t<meta property=\"og:image:height\" content=\"1080\" \/>\n\t<meta property=\"og:image:type\" content=\"image\/jpeg\" \/>\n<meta name=\"author\" content=\"Leonardo Francisco\" \/>\n<meta name=\"twitter:card\" content=\"summary_large_image\" \/>\n<meta name=\"twitter:label1\" content=\"Escrito por\" \/>\n\t<meta name=\"twitter:data1\" content=\"Leonardo Francisco\" \/>\n\t<meta name=\"twitter:label2\" content=\"Est. tempo de leitura\" \/>\n\t<meta name=\"twitter:data2\" content=\"2 minutos\" \/>\n<script type=\"application\/ld+json\" class=\"yoast-schema-graph\">{\"@context\":\"https:\\\/\\\/schema.org\",\"@graph\":[{\"@type\":\"Article\",\"@id\":\"https:\\\/\\\/redenoticiaz.com.br\\\/litoralsp\\\/2022\\\/04\\\/26\\\/greve-dos-funcionarios-da-cet-santos-termina-mas-negociacoes-continuam#article\",\"isPartOf\":{\"@id\":\"https:\\\/\\\/redenoticiaz.com.br\\\/litoralsp\\\/2022\\\/04\\\/26\\\/greve-dos-funcionarios-da-cet-santos-termina-mas-negociacoes-continuam\"},\"author\":{\"name\":\"Leonardo Francisco\",\"@id\":\"https:\\\/\\\/redenoticiaz.com.br\\\/litoralsp\\\/#\\\/schema\\\/person\\\/0f0b8a5bdafefe82841e07ae8d81ecb3\"},\"headline\":\"Greve dos funcion\u00e1rios da CET-Santos termina, mas negocia\u00e7\u00f5es continuam\",\"datePublished\":\"2022-04-26T15:41:49+00:00\",\"mainEntityOfPage\":{\"@id\":\"https:\\\/\\\/redenoticiaz.com.br\\\/litoralsp\\\/2022\\\/04\\\/26\\\/greve-dos-funcionarios-da-cet-santos-termina-mas-negociacoes-continuam\"},\"wordCount\":433,\"commentCount\":0,\"publisher\":{\"@id\":\"https:\\\/\\\/redenoticiaz.com.br\\\/litoralsp\\\/#organization\"},\"image\":{\"@id\":\"https:\\\/\\\/redenoticiaz.com.br\\\/litoralsp\\\/2022\\\/04\\\/26\\\/greve-dos-funcionarios-da-cet-santos-termina-mas-negociacoes-continuam#primaryimage\"},\"thumbnailUrl\":\"https:\\\/\\\/redenoticiaz.com.br\\\/litoralsp\\\/wp-content\\\/uploads\\\/sites\\\/3\\\/2022\\\/04\\\/whatsapp-image-2022-04-19-at-19-30-16-1.jpeg\",\"keywords\":[\"CET-SANTOS\",\"FIM DA GREVE\",\"FUNCION\u00c1RIOS DA CET\",\"Santos\",\"SINDIVI\u00c1RIOS\"],\"articleSection\":[\"Santos\",\"Tr\u00e2nsito\"],\"inLanguage\":\"pt-BR\",\"potentialAction\":[{\"@type\":\"CommentAction\",\"name\":\"Comment\",\"target\":[\"https:\\\/\\\/redenoticiaz.com.br\\\/litoralsp\\\/2022\\\/04\\\/26\\\/greve-dos-funcionarios-da-cet-santos-termina-mas-negociacoes-continuam#respond\"]}]},{\"@type\":\"WebPage\",\"@id\":\"https:\\\/\\\/redenoticiaz.com.br\\\/litoralsp\\\/2022\\\/04\\\/26\\\/greve-dos-funcionarios-da-cet-santos-termina-mas-negociacoes-continuam\",\"url\":\"https:\\\/\\\/redenoticiaz.com.br\\\/litoralsp\\\/2022\\\/04\\\/26\\\/greve-dos-funcionarios-da-cet-santos-termina-mas-negociacoes-continuam\",\"name\":\"Greve dos funcion\u00e1rios da CET-Santos termina, mas negocia\u00e7\u00f5es continuam - Litoral SP\",\"isPartOf\":{\"@id\":\"https:\\\/\\\/redenoticiaz.com.br\\\/litoralsp\\\/#website\"},\"primaryImageOfPage\":{\"@id\":\"https:\\\/\\\/redenoticiaz.com.br\\\/litoralsp\\\/2022\\\/04\\\/26\\\/greve-dos-funcionarios-da-cet-santos-termina-mas-negociacoes-continuam#primaryimage\"},\"image\":{\"@id\":\"https:\\\/\\\/redenoticiaz.com.br\\\/litoralsp\\\/2022\\\/04\\\/26\\\/greve-dos-funcionarios-da-cet-santos-termina-mas-negociacoes-continuam#primaryimage\"},\"thumbnailUrl\":\"https:\\\/\\\/redenoticiaz.com.br\\\/litoralsp\\\/wp-content\\\/uploads\\\/sites\\\/3\\\/2022\\\/04\\\/whatsapp-image-2022-04-19-at-19-30-16-1.jpeg\",\"datePublished\":\"2022-04-26T15:41:49+00:00\",\"description\":\"Terminou a greve dos funcion\u00e1rios da Companhia de Engenharia de Tr\u00e1fego (CET) de Santos. Foram cinco dias de protestos\",\"inLanguage\":\"pt-BR\",\"potentialAction\":[{\"@type\":\"ReadAction\",\"target\":[\"https:\\\/\\\/redenoticiaz.com.br\\\/litoralsp\\\/2022\\\/04\\\/26\\\/greve-dos-funcionarios-da-cet-santos-termina-mas-negociacoes-continuam\"]}]},{\"@type\":\"ImageObject\",\"inLanguage\":\"pt-BR\",\"@id\":\"https:\\\/\\\/redenoticiaz.com.br\\\/litoralsp\\\/2022\\\/04\\\/26\\\/greve-dos-funcionarios-da-cet-santos-termina-mas-negociacoes-continuam#primaryimage\",\"url\":\"https:\\\/\\\/redenoticiaz.com.br\\\/litoralsp\\\/wp-content\\\/uploads\\\/sites\\\/3\\\/2022\\\/04\\\/whatsapp-image-2022-04-19-at-19-30-16-1.jpeg\",\"contentUrl\":\"https:\\\/\\\/redenoticiaz.com.br\\\/litoralsp\\\/wp-content\\\/uploads\\\/sites\\\/3\\\/2022\\\/04\\\/whatsapp-image-2022-04-19-at-19-30-16-1.jpeg\",\"width\":1440,\"height\":1080,\"caption\":\"Foram cinco dias de protestos e alguns sem\u00e1foros estavam sem reparos pela cidade, Cr\u00e9ditos: Leonardo Francisco\"},{\"@type\":\"WebSite\",\"@id\":\"https:\\\/\\\/redenoticiaz.com.br\\\/litoralsp\\\/#website\",\"url\":\"https:\\\/\\\/redenoticiaz.com.br\\\/litoralsp\\\/\",\"name\":\"Litoral SP\",\"description\":\"Rede NoticiaZ\",\"publisher\":{\"@id\":\"https:\\\/\\\/redenoticiaz.com.br\\\/litoralsp\\\/#organization\"},\"potentialAction\":[{\"@type\":\"SearchAction\",\"target\":{\"@type\":\"EntryPoint\",\"urlTemplate\":\"https:\\\/\\\/redenoticiaz.com.br\\\/litoralsp\\\/?s={search_term_string}\"},\"query-input\":{\"@type\":\"PropertyValueSpecification\",\"valueRequired\":true,\"valueName\":\"search_term_string\"}}],\"inLanguage\":\"pt-BR\"},{\"@type\":\"Organization\",\"@id\":\"https:\\\/\\\/redenoticiaz.com.br\\\/litoralsp\\\/#organization\",\"name\":\"Litoral SP\",\"url\":\"https:\\\/\\\/redenoticiaz.com.br\\\/litoralsp\\\/\",\"logo\":{\"@type\":\"ImageObject\",\"inLanguage\":\"pt-BR\",\"@id\":\"https:\\\/\\\/redenoticiaz.com.br\\\/litoralsp\\\/#\\\/schema\\\/logo\\\/image\\\/\",\"url\":\"https:\\\/\\\/redenoticiaz.com.br\\\/litoralsp\\\/wp-content\\\/uploads\\\/sites\\\/3\\\/2020\\\/11\\\/logo.jpg\",\"contentUrl\":\"https:\\\/\\\/redenoticiaz.com.br\\\/litoralsp\\\/wp-content\\\/uploads\\\/sites\\\/3\\\/2020\\\/11\\\/logo.jpg\",\"width\":400,\"height\":250,\"caption\":\"Litoral SP\"},\"image\":{\"@id\":\"https:\\\/\\\/redenoticiaz.com.br\\\/litoralsp\\\/#\\\/schema\\\/logo\\\/image\\\/\"}},{\"@type\":\"Person\",\"@id\":\"https:\\\/\\\/redenoticiaz.com.br\\\/litoralsp\\\/#\\\/schema\\\/person\\\/0f0b8a5bdafefe82841e07ae8d81ecb3\",\"name\":\"Leonardo Francisco\",\"image\":{\"@type\":\"ImageObject\",\"inLanguage\":\"pt-BR\",\"@id\":\"https:\\\/\\\/secure.gravatar.com\\\/avatar\\\/a7358cb406a99b682ec6df1e77e31ae82e63601f6784e8a3df411d72b37864da?s=96&d=mm&r=g\",\"url\":\"https:\\\/\\\/secure.gravatar.com\\\/avatar\\\/a7358cb406a99b682ec6df1e77e31ae82e63601f6784e8a3df411d72b37864da?s=96&d=mm&r=g\",\"contentUrl\":\"https:\\\/\\\/secure.gravatar.com\\\/avatar\\\/a7358cb406a99b682ec6df1e77e31ae82e63601f6784e8a3df411d72b37864da?s=96&d=mm&r=g\",\"caption\":\"Leonardo Francisco\"},\"url\":\"https:\\\/\\\/redenoticiaz.com.br\\\/litoralsp\\\/author\\\/leonardo-francisco\"}]}<\/script>\n<!-- \/ Yoast SEO plugin. -->","yoast_head_json":{"title":"Greve dos funcion\u00e1rios da CET-Santos termina, mas negocia\u00e7\u00f5es continuam - Litoral SP","description":"Terminou a greve dos funcion\u00e1rios da Companhia de Engenharia de Tr\u00e1fego (CET) de Santos. Foram cinco dias de protestos","robots":{"index":"index","follow":"follow","max-snippet":"max-snippet:-1","max-image-preview":"max-image-preview:large","max-video-preview":"max-video-preview:-1"},"canonical":"https:\/\/redenoticiaz.com.br\/litoralsp\/2022\/04\/26\/greve-dos-funcionarios-da-cet-santos-termina-mas-negociacoes-continuam","og_locale":"pt_BR","og_type":"article","og_title":"Greve dos funcion\u00e1rios da CET-Santos termina, mas negocia\u00e7\u00f5es continuam - Litoral SP","og_description":"Terminou a greve dos funcion\u00e1rios da Companhia de Engenharia de Tr\u00e1fego (CET) de Santos. Foram cinco dias de protestos","og_url":"https:\/\/redenoticiaz.com.br\/litoralsp\/2022\/04\/26\/greve-dos-funcionarios-da-cet-santos-termina-mas-negociacoes-continuam","og_site_name":"Litoral SP","article_published_time":"2022-04-26T15:41:49+00:00","og_image":[{"width":1440,"height":1080,"url":"https:\/\/redenoticiaz.com.br\/litoralsp\/wp-content\/uploads\/sites\/3\/2022\/04\/whatsapp-image-2022-04-19-at-19-30-16-1.jpeg","type":"image\/jpeg"}],"author":"Leonardo Francisco","twitter_card":"summary_large_image","twitter_misc":{"Escrito por":"Leonardo Francisco","Est. tempo de leitura":"2 minutos"},"schema":{"@context":"https:\/\/schema.org","@graph":[{"@type":"Article","@id":"https:\/\/redenoticiaz.com.br\/litoralsp\/2022\/04\/26\/greve-dos-funcionarios-da-cet-santos-termina-mas-negociacoes-continuam#article","isPartOf":{"@id":"https:\/\/redenoticiaz.com.br\/litoralsp\/2022\/04\/26\/greve-dos-funcionarios-da-cet-santos-termina-mas-negociacoes-continuam"},"author":{"name":"Leonardo Francisco","@id":"https:\/\/redenoticiaz.com.br\/litoralsp\/#\/schema\/person\/0f0b8a5bdafefe82841e07ae8d81ecb3"},"headline":"Greve dos funcion\u00e1rios da CET-Santos termina, mas negocia\u00e7\u00f5es continuam","datePublished":"2022-04-26T15:41:49+00:00","mainEntityOfPage":{"@id":"https:\/\/redenoticiaz.com.br\/litoralsp\/2022\/04\/26\/greve-dos-funcionarios-da-cet-santos-termina-mas-negociacoes-continuam"},"wordCount":433,"commentCount":0,"publisher":{"@id":"https:\/\/redenoticiaz.com.br\/litoralsp\/#organization"},"image":{"@id":"https:\/\/redenoticiaz.com.br\/litoralsp\/2022\/04\/26\/greve-dos-funcionarios-da-cet-santos-termina-mas-negociacoes-continuam#primaryimage"},"thumbnailUrl":"https:\/\/redenoticiaz.com.br\/litoralsp\/wp-content\/uploads\/sites\/3\/2022\/04\/whatsapp-image-2022-04-19-at-19-30-16-1.jpeg","keywords":["CET-SANTOS","FIM DA GREVE","FUNCION\u00c1RIOS DA CET","Santos","SINDIVI\u00c1RIOS"],"articleSection":["Santos","Tr\u00e2nsito"],"inLanguage":"pt-BR","potentialAction":[{"@type":"CommentAction","name":"Comment","target":["https:\/\/redenoticiaz.com.br\/litoralsp\/2022\/04\/26\/greve-dos-funcionarios-da-cet-santos-termina-mas-negociacoes-continuam#respond"]}]},{"@type":"WebPage","@id":"https:\/\/redenoticiaz.com.br\/litoralsp\/2022\/04\/26\/greve-dos-funcionarios-da-cet-santos-termina-mas-negociacoes-continuam","url":"https:\/\/redenoticiaz.com.br\/litoralsp\/2022\/04\/26\/greve-dos-funcionarios-da-cet-santos-termina-mas-negociacoes-continuam","name":"Greve dos funcion\u00e1rios da CET-Santos termina, mas negocia\u00e7\u00f5es continuam - Litoral SP","isPartOf":{"@id":"https:\/\/redenoticiaz.com.br\/litoralsp\/#website"},"primaryImageOfPage":{"@id":"https:\/\/redenoticiaz.com.br\/litoralsp\/2022\/04\/26\/greve-dos-funcionarios-da-cet-santos-termina-mas-negociacoes-continuam#primaryimage"},"image":{"@id":"https:\/\/redenoticiaz.com.br\/litoralsp\/2022\/04\/26\/greve-dos-funcionarios-da-cet-santos-termina-mas-negociacoes-continuam#primaryimage"},"thumbnailUrl":"https:\/\/redenoticiaz.com.br\/litoralsp\/wp-content\/uploads\/sites\/3\/2022\/04\/whatsapp-image-2022-04-19-at-19-30-16-1.jpeg","datePublished":"2022-04-26T15:41:49+00:00","description":"Terminou a greve dos funcion\u00e1rios da Companhia de Engenharia de Tr\u00e1fego (CET) de Santos. Foram cinco dias de protestos","inLanguage":"pt-BR","potentialAction":[{"@type":"ReadAction","target":["https:\/\/redenoticiaz.com.br\/litoralsp\/2022\/04\/26\/greve-dos-funcionarios-da-cet-santos-termina-mas-negociacoes-continuam"]}]},{"@type":"ImageObject","inLanguage":"pt-BR","@id":"https:\/\/redenoticiaz.com.br\/litoralsp\/2022\/04\/26\/greve-dos-funcionarios-da-cet-santos-termina-mas-negociacoes-continuam#primaryimage","url":"https:\/\/redenoticiaz.com.br\/litoralsp\/wp-content\/uploads\/sites\/3\/2022\/04\/whatsapp-image-2022-04-19-at-19-30-16-1.jpeg","contentUrl":"https:\/\/redenoticiaz.com.br\/litoralsp\/wp-content\/uploads\/sites\/3\/2022\/04\/whatsapp-image-2022-04-19-at-19-30-16-1.jpeg","width":1440,"height":1080,"caption":"Foram cinco dias de protestos e alguns sem\u00e1foros estavam sem reparos pela cidade, Cr\u00e9ditos: Leonardo Francisco"},{"@type":"WebSite","@id":"https:\/\/redenoticiaz.com.br\/litoralsp\/#website","url":"https:\/\/redenoticiaz.com.br\/litoralsp\/","name":"Litoral SP","description":"Rede NoticiaZ","publisher":{"@id":"https:\/\/redenoticiaz.com.br\/litoralsp\/#organization"},"potentialAction":[{"@type":"SearchAction","target":{"@type":"EntryPoint","urlTemplate":"https:\/\/redenoticiaz.com.br\/litoralsp\/?s={search_term_string}"},"query-input":{"@type":"PropertyValueSpecification","valueRequired":true,"valueName":"search_term_string"}}],"inLanguage":"pt-BR"},{"@type":"Organization","@id":"https:\/\/redenoticiaz.com.br\/litoralsp\/#organization","name":"Litoral SP","url":"https:\/\/redenoticiaz.com.br\/litoralsp\/","logo":{"@type":"ImageObject","inLanguage":"pt-BR","@id":"https:\/\/redenoticiaz.com.br\/litoralsp\/#\/schema\/logo\/image\/","url":"https:\/\/redenoticiaz.com.br\/litoralsp\/wp-content\/uploads\/sites\/3\/2020\/11\/logo.jpg","contentUrl":"https:\/\/redenoticiaz.com.br\/litoralsp\/wp-content\/uploads\/sites\/3\/2020\/11\/logo.jpg","width":400,"height":250,"caption":"Litoral SP"},"image":{"@id":"https:\/\/redenoticiaz.com.br\/litoralsp\/#\/schema\/logo\/image\/"}},{"@type":"Person","@id":"https:\/\/redenoticiaz.com.br\/litoralsp\/#\/schema\/person\/0f0b8a5bdafefe82841e07ae8d81ecb3","name":"Leonardo Francisco","image":{"@type":"ImageObject","inLanguage":"pt-BR","@id":"https:\/\/secure.gravatar.com\/avatar\/a7358cb406a99b682ec6df1e77e31ae82e63601f6784e8a3df411d72b37864da?s=96&d=mm&r=g","url":"https:\/\/secure.gravatar.com\/avatar\/a7358cb406a99b682ec6df1e77e31ae82e63601f6784e8a3df411d72b37864da?s=96&d=mm&r=g","contentUrl":"https:\/\/secure.gravatar.com\/avatar\/a7358cb406a99b682ec6df1e77e31ae82e63601f6784e8a3df411d72b37864da?s=96&d=mm&r=g","caption":"Leonardo Francisco"},"url":"https:\/\/redenoticiaz.com.br\/litoralsp\/author\/leonardo-francisco"}]}},"_links":{"self":[{"href":"https:\/\/redenoticiaz.com.br\/litoralsp\/wp-json\/wp\/v2\/posts\/27356","targetHints":{"allow":["GET"]}}],"collection":[{"href":"https:\/\/redenoticiaz.com.br\/litoralsp\/wp-json\/wp\/v2\/posts"}],"about":[{"href":"https:\/\/redenoticiaz.com.br\/litoralsp\/wp-json\/wp\/v2\/types\/post"}],"author":[{"embeddable":true,"href":"https:\/\/redenoticiaz.com.br\/litoralsp\/wp-json\/wp\/v2\/users\/6"}],"replies":[{"embeddable":true,"href":"https:\/\/redenoticiaz.com.br\/litoralsp\/wp-json\/wp\/v2\/comments?post=27356"}],"version-history":[{"count":1,"href":"https:\/\/redenoticiaz.com.br\/litoralsp\/wp-json\/wp\/v2\/posts\/27356\/revisions"}],"predecessor-version":[{"id":27358,"href":"https:\/\/redenoticiaz.com.br\/litoralsp\/wp-json\/wp\/v2\/posts\/27356\/revisions\/27358"}],"wp:featuredmedia":[{"embeddable":true,"href":"https:\/\/redenoticiaz.com.br\/litoralsp\/wp-json\/wp\/v2\/media\/27357"}],"wp:attachment":[{"href":"https:\/\/redenoticiaz.com.br\/litoralsp\/wp-json\/wp\/v2\/media?parent=27356"}],"wp:term":[{"taxonomy":"category","embeddable":true,"href":"https:\/\/redenoticiaz.com.br\/litoralsp\/wp-json\/wp\/v2\/categories?post=27356"},{"taxonomy":"post_tag","embeddable":true,"href":"https:\/\/redenoticiaz.com.br\/litoralsp\/wp-json\/wp\/v2\/tags?post=27356"}],"curies":[{"name":"wp","href":"https:\/\/api.w.org\/{rel}","templated":true}]}}