{"id":27447,"date":"2022-04-27T20:48:24","date_gmt":"2022-04-27T23:48:24","guid":{"rendered":"https:\/\/redenoticiaz.com.br\/litoralsp\/?p=27447"},"modified":"2022-04-27T20:48:24","modified_gmt":"2022-04-27T23:48:24","slug":"operacao-contra-a-pesca-ilegal-de-camarao-no-litoral-resulta-em-r-100-mil-em-multas","status":"publish","type":"post","link":"https:\/\/redenoticiaz.com.br\/litoralsp\/2022\/04\/27\/operacao-contra-a-pesca-ilegal-de-camarao-no-litoral-resulta-em-r-100-mil-em-multas","title":{"rendered":"Opera\u00e7\u00e3o contra a pesca ilegal de camar\u00e3o no Litoral resulta em R$ 100 mil em multas"},"content":{"rendered":"<p>A Opera\u00e7\u00e3o Decapoda, feita pelo Instituto Brasileiro do Meio Ambiente e dos Recursos Naturais Renov\u00e1veis (<a href=\"https:\/\/www.gov.br\/ibama\/pt-br\">Ibama<\/a>)<strong>, resultou na aplica\u00e7\u00e3o de mais de R$ 100 mil em multas. <\/strong>Os trabalhos desta quarta-feira (27), tamb\u00e9m contabilizaram um total de 117 pescadores abordados pelo Litoral de S\u00e3o Paulo. A a\u00e7\u00e3o vai seguir at\u00e9 31 de maio pela Baixada Santista e no Vale do Ribeira.<\/p>\n<p>Al\u00e9m do Ibama, tamb\u00e9m participaram dos trabalhos, a Marinha do Brasil, Pol\u00edcia Militar Ambiental e Funda\u00e7\u00e3o Florestal, com o apoio das pol\u00edcias Federal e Civil. A fiscaliza\u00e7\u00e3o do com\u00e9rcio e pesca acontece em todo o pa\u00eds.<\/p>\n<div class=\"mc-column content-text active-extra-styles \" data-block-type=\"unstyled\" data-block-weight=\"48\" data-block-id=\"6\">\n<p class=\"content-text__container \" data-track-category=\"Link no Texto\" data-track-links=\"\">\u201cAs empresas t\u00eam que declarar os estoques e a opera\u00e7\u00e3o est\u00e1 em cima da pesca ilegal. \u00c9 \u00e9poca de reprodu\u00e7\u00e3o e isso [a pesca ilegal] n\u00e3o pode acontecer, pois prejudica as gera\u00e7\u00f5es futuras\u201d, disse Ang\u00e9lica Alabarce, chefe do Ibama em Santos, no litoral de S\u00e3o Paulo.<\/p>\n<\/div>\n<div class=\"mc-column content-text active-extra-styles \" data-block-type=\"unstyled\" data-block-weight=\"46\" data-block-id=\"7\">\n<p class=\"content-text__container \" data-track-category=\"Link no Texto\" data-track-links=\"\">As inspe\u00e7\u00f5es s\u00e3o feitas atrav\u00e9s de patrulhamento em alto-mar, monitoramento a\u00e9reo e terrestre. As vistorias a barcos t\u00eam a finalidade de observar os petrechos usados na pesca e as cargas, tudo com o objetivo de identificar poss\u00edveis irregularidades. At\u00e9 esta tarde, 50 haviam sido fiscalizadas.<\/p>\n<\/div>\n<div class=\"mc-column content-text active-extra-styles\" data-block-type=\"raw\" data-block-weight=\"5\" data-block-id=\"8\">\n<div class=\"content-intertitle\">\n<h2>Danos causados pela pesca ilegal<\/h2>\n<\/div>\n<\/div>\n<div class=\"mc-column content-text active-extra-styles \" data-block-type=\"unstyled\" data-block-weight=\"36\" data-block-id=\"9\">\n<p class=\"content-text__container \" data-track-category=\"Link no Texto\" data-track-links=\"\">Em nota, o Ibama explica que a pesca ilegal de camar\u00e3o acarreta \u201cgrandes danos ao ecossistema estuarino, destruindo \u00e1reas com vegeta\u00e7\u00e3o submersa de gram\u00edneas marinhas, que constituem o ber\u00e7\u00e1rio de cria\u00e7\u00e3o de peixes e invertebrados\u201d.<\/p>\n<p data-track-category=\"Link no Texto\" data-track-links=\"\">Al\u00e9m disso, o \u00f3rg\u00e3o acrescenta que \u201ca irregularidade pode levar \u00e0 morte grande quantidade de recursos pesqueiros juvenis, com preju\u00edzo, inclusive, para os pr\u00f3prios pescadores, atingindo diretamente esp\u00e9cies de interesse como a corvina, tainha, peixe rei, siris, linguado e at\u00e9 esp\u00e9cies amea\u00e7adas de extin\u00e7\u00e3o, como a miraguaia e os bagres\u201d.<\/p>\n<p data-track-category=\"Link no Texto\" data-track-links=\"\"><strong>LEIA TAMB\u00c9M<\/strong><\/p>\n<p data-track-category=\"Link no Texto\" data-track-links=\"\"><a href=\"https:\/\/redenoticiaz.com.br\/litoralsp\/2022\/04\/21\/policia-ambiental-realiza-operacao-decapoda-contra-a-pesca-irregular-de-camarao\">Pol\u00edcia Ambiental realiza \u201cOpera\u00e7\u00e3o Dec\u00e1poda\u201d contra a pesca irregular de camar\u00e3o<\/a><\/p>\n<\/div>\n<div class=\"content-ads content-ads--reveal\" data-block-type=\"ads\" data-block-id=\"4\">\n<div id=\"banner_materia2\" class=\"tag-manager-publicidade-container mc-has-reveal mc-has-ad-lazyload tag-manager-publicidade-banner_materia2 tag-manager-publicidade-container--carregado tag-manager-publicidade-container--visivel\" data-id=\"banner_materia2\" data-req=\"true\" data-google-query-id=\"CMbkmf60tfcCFcAAuQYd-sIIYg\" data-cid=\"138389907096\" data-lid=\"5892287511\"><\/div>\n<\/div>\n","protected":false},"excerpt":{"rendered":"<p>A Opera\u00e7\u00e3o Decapoda, feita pelo Instituto Brasileiro do Meio Ambiente e dos Recursos Naturais Renov\u00e1veis (Ibama), resultou na aplica\u00e7\u00e3o de mais de R$ 100 mil em multas. Os trabalhos desta quarta-feira (27), tamb\u00e9m contabilizaram um total de 117 pescadores abordados pelo Litoral de S\u00e3o Paulo. A a\u00e7\u00e3o vai seguir at\u00e9 31 de maio pela Baixada &hellip;<\/p>\n","protected":false},"author":6,"featured_media":27448,"comment_status":"open","ping_status":"closed","sticky":false,"template":"","format":"standard","meta":{"footnotes":""},"categories":[1487,10],"tags":[1148,11704,17021,11496,4542,54255,2685,5035],"class_list":["post-27447","post","type-post","status-publish","format-standard","has-post-thumbnail","hentry","category-meio-ambiente","category-policia","tag-baixada-santista","tag-camarao-apreendido","tag-fundacao-florestal","tag-ibama","tag-marinha","tag-operacao-decapoda","tag-policia-ambiental","tag-vale-do-ribeira"],"yoast_head":"<!-- This site is optimized with the Yoast SEO plugin v27.5 - https:\/\/yoast.com\/product\/yoast-seo-wordpress\/ -->\n<title>Opera\u00e7\u00e3o contra a pesca ilegal de camar\u00e3o no Litoral resulta em R$ 100 mil em multas - Litoral SP<\/title>\n<meta name=\"description\" content=\"A Opera\u00e7\u00e3o Decapoda, feita pelo Instituto Brasileiro do Meio Ambiente e dos Recursos Naturais Renov\u00e1veis (Ibama), resultou na aplica\u00e7\u00e3o\" \/>\n<meta name=\"robots\" content=\"index, follow, max-snippet:-1, max-image-preview:large, max-video-preview:-1\" \/>\n<link rel=\"canonical\" href=\"https:\/\/redenoticiaz.com.br\/litoralsp\/2022\/04\/27\/operacao-contra-a-pesca-ilegal-de-camarao-no-litoral-resulta-em-r-100-mil-em-multas\" \/>\n<meta property=\"og:locale\" content=\"pt_BR\" \/>\n<meta property=\"og:type\" content=\"article\" \/>\n<meta property=\"og:title\" content=\"Opera\u00e7\u00e3o contra a pesca ilegal de camar\u00e3o no Litoral resulta em R$ 100 mil em multas - Litoral SP\" \/>\n<meta property=\"og:description\" content=\"A Opera\u00e7\u00e3o Decapoda, feita pelo Instituto Brasileiro do Meio Ambiente e dos Recursos Naturais Renov\u00e1veis (Ibama), resultou na aplica\u00e7\u00e3o\" \/>\n<meta property=\"og:url\" content=\"https:\/\/redenoticiaz.com.br\/litoralsp\/2022\/04\/27\/operacao-contra-a-pesca-ilegal-de-camarao-no-litoral-resulta-em-r-100-mil-em-multas\" \/>\n<meta property=\"og:site_name\" content=\"Litoral SP\" \/>\n<meta property=\"article:published_time\" content=\"2022-04-27T23:48:24+00:00\" \/>\n<meta property=\"og:image\" content=\"https:\/\/redenoticiaz.com.br\/litoralsp\/wp-content\/uploads\/sites\/3\/2022\/04\/ibama.jpeg\" \/>\n\t<meta property=\"og:image:width\" content=\"468\" \/>\n\t<meta property=\"og:image:height\" content=\"263\" \/>\n\t<meta property=\"og:image:type\" content=\"image\/jpeg\" \/>\n<meta name=\"author\" content=\"Leonardo Francisco\" \/>\n<meta name=\"twitter:card\" content=\"summary_large_image\" \/>\n<meta name=\"twitter:label1\" content=\"Escrito por\" \/>\n\t<meta name=\"twitter:data1\" content=\"Leonardo Francisco\" \/>\n\t<meta name=\"twitter:label2\" content=\"Est. tempo de leitura\" \/>\n\t<meta name=\"twitter:data2\" content=\"2 minutos\" \/>\n<script type=\"application\/ld+json\" class=\"yoast-schema-graph\">{\"@context\":\"https:\\\/\\\/schema.org\",\"@graph\":[{\"@type\":\"Article\",\"@id\":\"https:\\\/\\\/redenoticiaz.com.br\\\/litoralsp\\\/2022\\\/04\\\/27\\\/operacao-contra-a-pesca-ilegal-de-camarao-no-litoral-resulta-em-r-100-mil-em-multas#article\",\"isPartOf\":{\"@id\":\"https:\\\/\\\/redenoticiaz.com.br\\\/litoralsp\\\/2022\\\/04\\\/27\\\/operacao-contra-a-pesca-ilegal-de-camarao-no-litoral-resulta-em-r-100-mil-em-multas\"},\"author\":{\"name\":\"Leonardo Francisco\",\"@id\":\"https:\\\/\\\/redenoticiaz.com.br\\\/litoralsp\\\/#\\\/schema\\\/person\\\/0f0b8a5bdafefe82841e07ae8d81ecb3\"},\"headline\":\"Opera\u00e7\u00e3o contra a pesca ilegal de camar\u00e3o no Litoral resulta em R$ 100 mil em multas\",\"datePublished\":\"2022-04-27T23:48:24+00:00\",\"mainEntityOfPage\":{\"@id\":\"https:\\\/\\\/redenoticiaz.com.br\\\/litoralsp\\\/2022\\\/04\\\/27\\\/operacao-contra-a-pesca-ilegal-de-camarao-no-litoral-resulta-em-r-100-mil-em-multas\"},\"wordCount\":346,\"commentCount\":0,\"publisher\":{\"@id\":\"https:\\\/\\\/redenoticiaz.com.br\\\/litoralsp\\\/#organization\"},\"image\":{\"@id\":\"https:\\\/\\\/redenoticiaz.com.br\\\/litoralsp\\\/2022\\\/04\\\/27\\\/operacao-contra-a-pesca-ilegal-de-camarao-no-litoral-resulta-em-r-100-mil-em-multas#primaryimage\"},\"thumbnailUrl\":\"https:\\\/\\\/redenoticiaz.com.br\\\/litoralsp\\\/wp-content\\\/uploads\\\/sites\\\/3\\\/2022\\\/04\\\/ibama.jpeg\",\"keywords\":[\"BAIXADA SANTISTA\",\"CAMAR\u00c3O APREENDIDO\",\"FUNDA\u00c7\u00c3O FLORESTAL\",\"IBAMA\",\"MARINHA\",\"OPERA\u00c7\u00c3O DEC\u00c1PODA\",\"POL\u00cdCIA AMBIENTAL\",\"VALE DO RIBEIRA\"],\"articleSection\":[\"Meio Ambiente\",\"Pol\u00edcia\"],\"inLanguage\":\"pt-BR\",\"potentialAction\":[{\"@type\":\"CommentAction\",\"name\":\"Comment\",\"target\":[\"https:\\\/\\\/redenoticiaz.com.br\\\/litoralsp\\\/2022\\\/04\\\/27\\\/operacao-contra-a-pesca-ilegal-de-camarao-no-litoral-resulta-em-r-100-mil-em-multas#respond\"]}]},{\"@type\":\"WebPage\",\"@id\":\"https:\\\/\\\/redenoticiaz.com.br\\\/litoralsp\\\/2022\\\/04\\\/27\\\/operacao-contra-a-pesca-ilegal-de-camarao-no-litoral-resulta-em-r-100-mil-em-multas\",\"url\":\"https:\\\/\\\/redenoticiaz.com.br\\\/litoralsp\\\/2022\\\/04\\\/27\\\/operacao-contra-a-pesca-ilegal-de-camarao-no-litoral-resulta-em-r-100-mil-em-multas\",\"name\":\"Opera\u00e7\u00e3o contra a pesca ilegal de camar\u00e3o no Litoral resulta em R$ 100 mil em multas - Litoral SP\",\"isPartOf\":{\"@id\":\"https:\\\/\\\/redenoticiaz.com.br\\\/litoralsp\\\/#website\"},\"primaryImageOfPage\":{\"@id\":\"https:\\\/\\\/redenoticiaz.com.br\\\/litoralsp\\\/2022\\\/04\\\/27\\\/operacao-contra-a-pesca-ilegal-de-camarao-no-litoral-resulta-em-r-100-mil-em-multas#primaryimage\"},\"image\":{\"@id\":\"https:\\\/\\\/redenoticiaz.com.br\\\/litoralsp\\\/2022\\\/04\\\/27\\\/operacao-contra-a-pesca-ilegal-de-camarao-no-litoral-resulta-em-r-100-mil-em-multas#primaryimage\"},\"thumbnailUrl\":\"https:\\\/\\\/redenoticiaz.com.br\\\/litoralsp\\\/wp-content\\\/uploads\\\/sites\\\/3\\\/2022\\\/04\\\/ibama.jpeg\",\"datePublished\":\"2022-04-27T23:48:24+00:00\",\"description\":\"A Opera\u00e7\u00e3o Decapoda, feita pelo Instituto Brasileiro do Meio Ambiente e dos Recursos Naturais Renov\u00e1veis (Ibama), resultou na aplica\u00e7\u00e3o\",\"inLanguage\":\"pt-BR\",\"potentialAction\":[{\"@type\":\"ReadAction\",\"target\":[\"https:\\\/\\\/redenoticiaz.com.br\\\/litoralsp\\\/2022\\\/04\\\/27\\\/operacao-contra-a-pesca-ilegal-de-camarao-no-litoral-resulta-em-r-100-mil-em-multas\"]}]},{\"@type\":\"ImageObject\",\"inLanguage\":\"pt-BR\",\"@id\":\"https:\\\/\\\/redenoticiaz.com.br\\\/litoralsp\\\/2022\\\/04\\\/27\\\/operacao-contra-a-pesca-ilegal-de-camarao-no-litoral-resulta-em-r-100-mil-em-multas#primaryimage\",\"url\":\"https:\\\/\\\/redenoticiaz.com.br\\\/litoralsp\\\/wp-content\\\/uploads\\\/sites\\\/3\\\/2022\\\/04\\\/ibama.jpeg\",\"contentUrl\":\"https:\\\/\\\/redenoticiaz.com.br\\\/litoralsp\\\/wp-content\\\/uploads\\\/sites\\\/3\\\/2022\\\/04\\\/ibama.jpeg\",\"width\":468,\"height\":263,\"caption\":\"Cr\u00e9ditos: Divulga\u00e7\u00e3o\\\/Ibama\"},{\"@type\":\"WebSite\",\"@id\":\"https:\\\/\\\/redenoticiaz.com.br\\\/litoralsp\\\/#website\",\"url\":\"https:\\\/\\\/redenoticiaz.com.br\\\/litoralsp\\\/\",\"name\":\"Litoral SP\",\"description\":\"Rede NoticiaZ\",\"publisher\":{\"@id\":\"https:\\\/\\\/redenoticiaz.com.br\\\/litoralsp\\\/#organization\"},\"potentialAction\":[{\"@type\":\"SearchAction\",\"target\":{\"@type\":\"EntryPoint\",\"urlTemplate\":\"https:\\\/\\\/redenoticiaz.com.br\\\/litoralsp\\\/?s={search_term_string}\"},\"query-input\":{\"@type\":\"PropertyValueSpecification\",\"valueRequired\":true,\"valueName\":\"search_term_string\"}}],\"inLanguage\":\"pt-BR\"},{\"@type\":\"Organization\",\"@id\":\"https:\\\/\\\/redenoticiaz.com.br\\\/litoralsp\\\/#organization\",\"name\":\"Litoral SP\",\"url\":\"https:\\\/\\\/redenoticiaz.com.br\\\/litoralsp\\\/\",\"logo\":{\"@type\":\"ImageObject\",\"inLanguage\":\"pt-BR\",\"@id\":\"https:\\\/\\\/redenoticiaz.com.br\\\/litoralsp\\\/#\\\/schema\\\/logo\\\/image\\\/\",\"url\":\"https:\\\/\\\/redenoticiaz.com.br\\\/litoralsp\\\/wp-content\\\/uploads\\\/sites\\\/3\\\/2020\\\/11\\\/logo.jpg\",\"contentUrl\":\"https:\\\/\\\/redenoticiaz.com.br\\\/litoralsp\\\/wp-content\\\/uploads\\\/sites\\\/3\\\/2020\\\/11\\\/logo.jpg\",\"width\":400,\"height\":250,\"caption\":\"Litoral SP\"},\"image\":{\"@id\":\"https:\\\/\\\/redenoticiaz.com.br\\\/litoralsp\\\/#\\\/schema\\\/logo\\\/image\\\/\"}},{\"@type\":\"Person\",\"@id\":\"https:\\\/\\\/redenoticiaz.com.br\\\/litoralsp\\\/#\\\/schema\\\/person\\\/0f0b8a5bdafefe82841e07ae8d81ecb3\",\"name\":\"Leonardo Francisco\",\"image\":{\"@type\":\"ImageObject\",\"inLanguage\":\"pt-BR\",\"@id\":\"https:\\\/\\\/secure.gravatar.com\\\/avatar\\\/a7358cb406a99b682ec6df1e77e31ae82e63601f6784e8a3df411d72b37864da?s=96&d=mm&r=g\",\"url\":\"https:\\\/\\\/secure.gravatar.com\\\/avatar\\\/a7358cb406a99b682ec6df1e77e31ae82e63601f6784e8a3df411d72b37864da?s=96&d=mm&r=g\",\"contentUrl\":\"https:\\\/\\\/secure.gravatar.com\\\/avatar\\\/a7358cb406a99b682ec6df1e77e31ae82e63601f6784e8a3df411d72b37864da?s=96&d=mm&r=g\",\"caption\":\"Leonardo Francisco\"},\"url\":\"https:\\\/\\\/redenoticiaz.com.br\\\/litoralsp\\\/author\\\/leonardo-francisco\"}]}<\/script>\n<!-- \/ Yoast SEO plugin. -->","yoast_head_json":{"title":"Opera\u00e7\u00e3o contra a pesca ilegal de camar\u00e3o no Litoral resulta em R$ 100 mil em multas - Litoral SP","description":"A Opera\u00e7\u00e3o Decapoda, feita pelo Instituto Brasileiro do Meio Ambiente e dos Recursos Naturais Renov\u00e1veis (Ibama), resultou na aplica\u00e7\u00e3o","robots":{"index":"index","follow":"follow","max-snippet":"max-snippet:-1","max-image-preview":"max-image-preview:large","max-video-preview":"max-video-preview:-1"},"canonical":"https:\/\/redenoticiaz.com.br\/litoralsp\/2022\/04\/27\/operacao-contra-a-pesca-ilegal-de-camarao-no-litoral-resulta-em-r-100-mil-em-multas","og_locale":"pt_BR","og_type":"article","og_title":"Opera\u00e7\u00e3o contra a pesca ilegal de camar\u00e3o no Litoral resulta em R$ 100 mil em multas - Litoral SP","og_description":"A Opera\u00e7\u00e3o Decapoda, feita pelo Instituto Brasileiro do Meio Ambiente e dos Recursos Naturais Renov\u00e1veis (Ibama), resultou na aplica\u00e7\u00e3o","og_url":"https:\/\/redenoticiaz.com.br\/litoralsp\/2022\/04\/27\/operacao-contra-a-pesca-ilegal-de-camarao-no-litoral-resulta-em-r-100-mil-em-multas","og_site_name":"Litoral SP","article_published_time":"2022-04-27T23:48:24+00:00","og_image":[{"width":468,"height":263,"url":"https:\/\/redenoticiaz.com.br\/litoralsp\/wp-content\/uploads\/sites\/3\/2022\/04\/ibama.jpeg","type":"image\/jpeg"}],"author":"Leonardo Francisco","twitter_card":"summary_large_image","twitter_misc":{"Escrito por":"Leonardo Francisco","Est. tempo de leitura":"2 minutos"},"schema":{"@context":"https:\/\/schema.org","@graph":[{"@type":"Article","@id":"https:\/\/redenoticiaz.com.br\/litoralsp\/2022\/04\/27\/operacao-contra-a-pesca-ilegal-de-camarao-no-litoral-resulta-em-r-100-mil-em-multas#article","isPartOf":{"@id":"https:\/\/redenoticiaz.com.br\/litoralsp\/2022\/04\/27\/operacao-contra-a-pesca-ilegal-de-camarao-no-litoral-resulta-em-r-100-mil-em-multas"},"author":{"name":"Leonardo Francisco","@id":"https:\/\/redenoticiaz.com.br\/litoralsp\/#\/schema\/person\/0f0b8a5bdafefe82841e07ae8d81ecb3"},"headline":"Opera\u00e7\u00e3o contra a pesca ilegal de camar\u00e3o no Litoral resulta em R$ 100 mil em multas","datePublished":"2022-04-27T23:48:24+00:00","mainEntityOfPage":{"@id":"https:\/\/redenoticiaz.com.br\/litoralsp\/2022\/04\/27\/operacao-contra-a-pesca-ilegal-de-camarao-no-litoral-resulta-em-r-100-mil-em-multas"},"wordCount":346,"commentCount":0,"publisher":{"@id":"https:\/\/redenoticiaz.com.br\/litoralsp\/#organization"},"image":{"@id":"https:\/\/redenoticiaz.com.br\/litoralsp\/2022\/04\/27\/operacao-contra-a-pesca-ilegal-de-camarao-no-litoral-resulta-em-r-100-mil-em-multas#primaryimage"},"thumbnailUrl":"https:\/\/redenoticiaz.com.br\/litoralsp\/wp-content\/uploads\/sites\/3\/2022\/04\/ibama.jpeg","keywords":["BAIXADA SANTISTA","CAMAR\u00c3O APREENDIDO","FUNDA\u00c7\u00c3O FLORESTAL","IBAMA","MARINHA","OPERA\u00c7\u00c3O DEC\u00c1PODA","POL\u00cdCIA AMBIENTAL","VALE DO RIBEIRA"],"articleSection":["Meio Ambiente","Pol\u00edcia"],"inLanguage":"pt-BR","potentialAction":[{"@type":"CommentAction","name":"Comment","target":["https:\/\/redenoticiaz.com.br\/litoralsp\/2022\/04\/27\/operacao-contra-a-pesca-ilegal-de-camarao-no-litoral-resulta-em-r-100-mil-em-multas#respond"]}]},{"@type":"WebPage","@id":"https:\/\/redenoticiaz.com.br\/litoralsp\/2022\/04\/27\/operacao-contra-a-pesca-ilegal-de-camarao-no-litoral-resulta-em-r-100-mil-em-multas","url":"https:\/\/redenoticiaz.com.br\/litoralsp\/2022\/04\/27\/operacao-contra-a-pesca-ilegal-de-camarao-no-litoral-resulta-em-r-100-mil-em-multas","name":"Opera\u00e7\u00e3o contra a pesca ilegal de camar\u00e3o no Litoral resulta em R$ 100 mil em multas - Litoral SP","isPartOf":{"@id":"https:\/\/redenoticiaz.com.br\/litoralsp\/#website"},"primaryImageOfPage":{"@id":"https:\/\/redenoticiaz.com.br\/litoralsp\/2022\/04\/27\/operacao-contra-a-pesca-ilegal-de-camarao-no-litoral-resulta-em-r-100-mil-em-multas#primaryimage"},"image":{"@id":"https:\/\/redenoticiaz.com.br\/litoralsp\/2022\/04\/27\/operacao-contra-a-pesca-ilegal-de-camarao-no-litoral-resulta-em-r-100-mil-em-multas#primaryimage"},"thumbnailUrl":"https:\/\/redenoticiaz.com.br\/litoralsp\/wp-content\/uploads\/sites\/3\/2022\/04\/ibama.jpeg","datePublished":"2022-04-27T23:48:24+00:00","description":"A Opera\u00e7\u00e3o Decapoda, feita pelo Instituto Brasileiro do Meio Ambiente e dos Recursos Naturais Renov\u00e1veis (Ibama), resultou na aplica\u00e7\u00e3o","inLanguage":"pt-BR","potentialAction":[{"@type":"ReadAction","target":["https:\/\/redenoticiaz.com.br\/litoralsp\/2022\/04\/27\/operacao-contra-a-pesca-ilegal-de-camarao-no-litoral-resulta-em-r-100-mil-em-multas"]}]},{"@type":"ImageObject","inLanguage":"pt-BR","@id":"https:\/\/redenoticiaz.com.br\/litoralsp\/2022\/04\/27\/operacao-contra-a-pesca-ilegal-de-camarao-no-litoral-resulta-em-r-100-mil-em-multas#primaryimage","url":"https:\/\/redenoticiaz.com.br\/litoralsp\/wp-content\/uploads\/sites\/3\/2022\/04\/ibama.jpeg","contentUrl":"https:\/\/redenoticiaz.com.br\/litoralsp\/wp-content\/uploads\/sites\/3\/2022\/04\/ibama.jpeg","width":468,"height":263,"caption":"Cr\u00e9ditos: Divulga\u00e7\u00e3o\/Ibama"},{"@type":"WebSite","@id":"https:\/\/redenoticiaz.com.br\/litoralsp\/#website","url":"https:\/\/redenoticiaz.com.br\/litoralsp\/","name":"Litoral SP","description":"Rede NoticiaZ","publisher":{"@id":"https:\/\/redenoticiaz.com.br\/litoralsp\/#organization"},"potentialAction":[{"@type":"SearchAction","target":{"@type":"EntryPoint","urlTemplate":"https:\/\/redenoticiaz.com.br\/litoralsp\/?s={search_term_string}"},"query-input":{"@type":"PropertyValueSpecification","valueRequired":true,"valueName":"search_term_string"}}],"inLanguage":"pt-BR"},{"@type":"Organization","@id":"https:\/\/redenoticiaz.com.br\/litoralsp\/#organization","name":"Litoral SP","url":"https:\/\/redenoticiaz.com.br\/litoralsp\/","logo":{"@type":"ImageObject","inLanguage":"pt-BR","@id":"https:\/\/redenoticiaz.com.br\/litoralsp\/#\/schema\/logo\/image\/","url":"https:\/\/redenoticiaz.com.br\/litoralsp\/wp-content\/uploads\/sites\/3\/2020\/11\/logo.jpg","contentUrl":"https:\/\/redenoticiaz.com.br\/litoralsp\/wp-content\/uploads\/sites\/3\/2020\/11\/logo.jpg","width":400,"height":250,"caption":"Litoral SP"},"image":{"@id":"https:\/\/redenoticiaz.com.br\/litoralsp\/#\/schema\/logo\/image\/"}},{"@type":"Person","@id":"https:\/\/redenoticiaz.com.br\/litoralsp\/#\/schema\/person\/0f0b8a5bdafefe82841e07ae8d81ecb3","name":"Leonardo Francisco","image":{"@type":"ImageObject","inLanguage":"pt-BR","@id":"https:\/\/secure.gravatar.com\/avatar\/a7358cb406a99b682ec6df1e77e31ae82e63601f6784e8a3df411d72b37864da?s=96&d=mm&r=g","url":"https:\/\/secure.gravatar.com\/avatar\/a7358cb406a99b682ec6df1e77e31ae82e63601f6784e8a3df411d72b37864da?s=96&d=mm&r=g","contentUrl":"https:\/\/secure.gravatar.com\/avatar\/a7358cb406a99b682ec6df1e77e31ae82e63601f6784e8a3df411d72b37864da?s=96&d=mm&r=g","caption":"Leonardo Francisco"},"url":"https:\/\/redenoticiaz.com.br\/litoralsp\/author\/leonardo-francisco"}]}},"_links":{"self":[{"href":"https:\/\/redenoticiaz.com.br\/litoralsp\/wp-json\/wp\/v2\/posts\/27447","targetHints":{"allow":["GET"]}}],"collection":[{"href":"https:\/\/redenoticiaz.com.br\/litoralsp\/wp-json\/wp\/v2\/posts"}],"about":[{"href":"https:\/\/redenoticiaz.com.br\/litoralsp\/wp-json\/wp\/v2\/types\/post"}],"author":[{"embeddable":true,"href":"https:\/\/redenoticiaz.com.br\/litoralsp\/wp-json\/wp\/v2\/users\/6"}],"replies":[{"embeddable":true,"href":"https:\/\/redenoticiaz.com.br\/litoralsp\/wp-json\/wp\/v2\/comments?post=27447"}],"version-history":[{"count":1,"href":"https:\/\/redenoticiaz.com.br\/litoralsp\/wp-json\/wp\/v2\/posts\/27447\/revisions"}],"predecessor-version":[{"id":27449,"href":"https:\/\/redenoticiaz.com.br\/litoralsp\/wp-json\/wp\/v2\/posts\/27447\/revisions\/27449"}],"wp:featuredmedia":[{"embeddable":true,"href":"https:\/\/redenoticiaz.com.br\/litoralsp\/wp-json\/wp\/v2\/media\/27448"}],"wp:attachment":[{"href":"https:\/\/redenoticiaz.com.br\/litoralsp\/wp-json\/wp\/v2\/media?parent=27447"}],"wp:term":[{"taxonomy":"category","embeddable":true,"href":"https:\/\/redenoticiaz.com.br\/litoralsp\/wp-json\/wp\/v2\/categories?post=27447"},{"taxonomy":"post_tag","embeddable":true,"href":"https:\/\/redenoticiaz.com.br\/litoralsp\/wp-json\/wp\/v2\/tags?post=27447"}],"curies":[{"name":"wp","href":"https:\/\/api.w.org\/{rel}","templated":true}]}}