{"id":27479,"date":"2022-04-28T13:32:18","date_gmt":"2022-04-28T16:32:18","guid":{"rendered":"https:\/\/redenoticiaz.com.br\/litoralsp\/?p=27479"},"modified":"2022-04-28T13:32:18","modified_gmt":"2022-04-28T16:32:18","slug":"homem-cai-de-uma-altura-de-quatro-metros-ao-se-desequilibrar-em-uma-casa-noturna-de-guaruja","status":"publish","type":"post","link":"https:\/\/redenoticiaz.com.br\/litoralsp\/2022\/04\/28\/homem-cai-de-uma-altura-de-quatro-metros-ao-se-desequilibrar-em-uma-casa-noturna-de-guaruja","title":{"rendered":"Homem cai de uma altura de quatro metros ao se desequilibrar em uma casa noturna de Guaruj\u00e1"},"content":{"rendered":"<p>Um homem de 33 anos precisou ser hospitalizado ap\u00f3s cair do segundo andar de uma casa noturna no <a href=\"https:\/\/www.guaruja.sp.gov.br\/\">Guaruj\u00e1<\/a>. A queda foi de uma <strong>altura de quatro metros<\/strong> e neste momento encontra-se em uma Unidade de Terapia Intensiva (UTI) da Casa de Sa\u00fade. Familiares relataram que ele teve um quadro de hemorragia interna no c\u00e9rebro e fraturas no t\u00f3raz, mas encontra-se consciente e com movimentos &#8216;aceit\u00e1veis&#8217;.<\/p>\n<div class=\"mc-column content-text active-extra-styles \" data-block-type=\"unstyled\" data-block-weight=\"49\" data-block-id=\"3\">\n<p class=\"content-text__container \" data-track-category=\"Link no Texto\" data-track-links=\"\">O caso ocorreu em uma casa noturna Curv\u00e3o Surf House, localizada na avenida Miguel St\u00e9fano, no bairro da Enseada. Era por volta de 23h do domingo (24), quando o incidente ocorreu. Segundo a Pol\u00edcia Militar, uma equipe foi solicitada por frequentadores da casa noturna devido \u00e0 um acidente ocorrido no local.<\/p>\n<\/div>\n<div class=\"mc-column content-text active-extra-styles \" data-block-type=\"unstyled\" data-block-weight=\"46\" data-block-id=\"4\">\n<p class=\"content-text__container \" data-track-category=\"Link no Texto\" data-track-links=\"\">Os policiais averiguaram que o homem estava com um amigo no segundo andar da casa noturna. Os dois estavam sentados na cadeira, quando a v\u00edtima se desequilibrou e bateu contra o vidro do parapeito, que se rompeu. O homem caiu diretamente no t\u00e9rreo da casa.<\/p>\n<div class=\"mc-column content-text active-extra-styles \" data-block-type=\"unstyled\" data-block-weight=\"37\" data-block-id=\"7\">\n<p class=\"content-text__container \" data-track-category=\"Link no Texto\" data-track-links=\"\">O Servi\u00e7o de Atendimento M\u00f3vel de Urg\u00eancia (Samu) foi acionado e chegou ao local por volta de 23h20. Testemunhas relataram \u00e0 equipe do Samu que o homem caiu de uma altura de cerca de quatro metros.<\/p>\n<h3 data-track-category=\"Link no Texto\">Les\u00f5es<\/h3>\n<\/div>\n<div class=\"mc-column content-text active-extra-styles \" data-block-type=\"unstyled\" data-block-weight=\"40\" data-block-id=\"8\">\n<p class=\"content-text__container \" data-track-category=\"Link no Texto\" data-track-links=\"\">Segundo o Samu, o rapaz apresentou les\u00f5es pelo corpo e estava em um estado sonolento, mas com sinais de vida est\u00e1veis. Ele foi encaminhado ao Hospital Santo Amaro e depois deu entrada na UTI da Casa de Sa\u00fade de Guaruj\u00e1.<\/p>\n<\/div>\n<div class=\"mc-column content-text active-extra-styles \" data-block-type=\"unstyled\" data-block-weight=\"47\" data-block-id=\"9\">\n<p class=\"content-text__container \" data-track-category=\"Link no Texto\" data-track-links=\"\">A ocorr\u00eancia foi apresentada na Delegacia Sede de Guaruj\u00e1. O estabelecimento preferiu n\u00e3o se posicionar sobre o caso. No entanto, o Curv\u00e3o Surf House fez uma postagem nas redes sociais, na \u00faltima quarta-feira (27), informando que est\u00e1 dando o devido aux\u00edlio ao rapaz e \u00e0 fam\u00edlia. Os familiares se limitaram a dizer que o homem est\u00e1 consciente e com movimentos &#8216;aceit\u00e1veis&#8217;.<\/p>\n<p data-track-category=\"Link no Texto\" data-track-links=\"\"><strong>LEIA TAMB\u00c9M<\/strong><\/p>\n<p data-track-category=\"Link no Texto\" data-track-links=\"\"><a href=\"https:\/\/redenoticiaz.com.br\/litoralsp\/2022\/04\/27\/dupla-e-detida-sob-acusacao-de-trafico-de-drogas-em-peruibe\">Dupla \u00e9 detida sob acusa\u00e7\u00e3o de tr\u00e1fico de drogas em Peru\u00edbe<\/a><\/p>\n<\/div>\n<\/div>\n","protected":false},"excerpt":{"rendered":"<p>Um homem de 33 anos precisou ser hospitalizado ap\u00f3s cair do segundo andar de uma casa noturna no Guaruj\u00e1. A queda foi de uma altura de quatro metros e neste momento encontra-se em uma Unidade de Terapia Intensiva (UTI) da Casa de Sa\u00fade. Familiares relataram que ele teve um quadro de hemorragia interna no c\u00e9rebro &hellip;<\/p>\n","protected":false},"author":6,"featured_media":27483,"comment_status":"open","ping_status":"closed","sticky":false,"template":"","format":"standard","meta":{"footnotes":""},"categories":[187,10],"tags":[6398,1006,53147,54817],"class_list":["post-27479","post","type-post","status-publish","format-standard","has-post-thumbnail","hentry","category-guaruja","category-policia","tag-casa-noturna","tag-guaruja","tag-incidente","tag-queda-de-homem"],"yoast_head":"<!-- This site is optimized with the Yoast SEO plugin v27.4 - https:\/\/yoast.com\/product\/yoast-seo-wordpress\/ -->\n<title>Homem cai de uma altura de quatro metros ao se desequilibrar em uma casa noturna de Guaruj\u00e1 - Litoral SP<\/title>\n<meta name=\"description\" content=\"precisou ser hospitalizado ap\u00f3s cair do segundo andar de uma casa noturna no Guaruj\u00e1. A queda foi de uma altura de quatro metros e\" \/>\n<meta name=\"robots\" content=\"index, follow, max-snippet:-1, max-image-preview:large, max-video-preview:-1\" \/>\n<link rel=\"canonical\" href=\"https:\/\/redenoticiaz.com.br\/litoralsp\/2022\/04\/28\/homem-cai-de-uma-altura-de-quatro-metros-ao-se-desequilibrar-em-uma-casa-noturna-de-guaruja\" \/>\n<meta property=\"og:locale\" content=\"pt_BR\" \/>\n<meta property=\"og:type\" content=\"article\" \/>\n<meta property=\"og:title\" content=\"Homem cai de uma altura de quatro metros ao se desequilibrar em uma casa noturna de Guaruj\u00e1 - Litoral SP\" \/>\n<meta property=\"og:description\" content=\"precisou ser hospitalizado ap\u00f3s cair do segundo andar de uma casa noturna no Guaruj\u00e1. A queda foi de uma altura de quatro metros e\" \/>\n<meta property=\"og:url\" content=\"https:\/\/redenoticiaz.com.br\/litoralsp\/2022\/04\/28\/homem-cai-de-uma-altura-de-quatro-metros-ao-se-desequilibrar-em-uma-casa-noturna-de-guaruja\" \/>\n<meta property=\"og:site_name\" content=\"Litoral SP\" \/>\n<meta property=\"article:published_time\" content=\"2022-04-28T16:32:18+00:00\" \/>\n<meta property=\"og:image\" content=\"https:\/\/redenoticiaz.com.br\/litoralsp\/wp-content\/uploads\/sites\/3\/2022\/04\/casa-noturna.jpg\" \/>\n\t<meta property=\"og:image:width\" content=\"1024\" \/>\n\t<meta property=\"og:image:height\" content=\"681\" \/>\n\t<meta property=\"og:image:type\" content=\"image\/jpeg\" \/>\n<meta name=\"author\" content=\"Leonardo Francisco\" \/>\n<meta name=\"twitter:card\" content=\"summary_large_image\" \/>\n<meta name=\"twitter:label1\" content=\"Escrito por\" \/>\n\t<meta name=\"twitter:data1\" content=\"Leonardo Francisco\" \/>\n\t<meta name=\"twitter:label2\" content=\"Est. tempo de leitura\" \/>\n\t<meta name=\"twitter:data2\" content=\"2 minutos\" \/>\n<script type=\"application\/ld+json\" class=\"yoast-schema-graph\">{\"@context\":\"https:\\\/\\\/schema.org\",\"@graph\":[{\"@type\":\"Article\",\"@id\":\"https:\\\/\\\/redenoticiaz.com.br\\\/litoralsp\\\/2022\\\/04\\\/28\\\/homem-cai-de-uma-altura-de-quatro-metros-ao-se-desequilibrar-em-uma-casa-noturna-de-guaruja#article\",\"isPartOf\":{\"@id\":\"https:\\\/\\\/redenoticiaz.com.br\\\/litoralsp\\\/2022\\\/04\\\/28\\\/homem-cai-de-uma-altura-de-quatro-metros-ao-se-desequilibrar-em-uma-casa-noturna-de-guaruja\"},\"author\":{\"name\":\"Leonardo Francisco\",\"@id\":\"https:\\\/\\\/redenoticiaz.com.br\\\/litoralsp\\\/#\\\/schema\\\/person\\\/0f0b8a5bdafefe82841e07ae8d81ecb3\"},\"headline\":\"Homem cai de uma altura de quatro metros ao se desequilibrar em uma casa noturna de Guaruj\u00e1\",\"datePublished\":\"2022-04-28T16:32:18+00:00\",\"mainEntityOfPage\":{\"@id\":\"https:\\\/\\\/redenoticiaz.com.br\\\/litoralsp\\\/2022\\\/04\\\/28\\\/homem-cai-de-uma-altura-de-quatro-metros-ao-se-desequilibrar-em-uma-casa-noturna-de-guaruja\"},\"wordCount\":350,\"commentCount\":0,\"publisher\":{\"@id\":\"https:\\\/\\\/redenoticiaz.com.br\\\/litoralsp\\\/#organization\"},\"image\":{\"@id\":\"https:\\\/\\\/redenoticiaz.com.br\\\/litoralsp\\\/2022\\\/04\\\/28\\\/homem-cai-de-uma-altura-de-quatro-metros-ao-se-desequilibrar-em-uma-casa-noturna-de-guaruja#primaryimage\"},\"thumbnailUrl\":\"https:\\\/\\\/redenoticiaz.com.br\\\/litoralsp\\\/wp-content\\\/uploads\\\/sites\\\/3\\\/2022\\\/04\\\/casa-noturna.jpg\",\"keywords\":[\"CASA NOTURNA\",\"GUARUJ\u00c1\",\"INCIDENTE\",\"QUEDA DE HOMEM\"],\"articleSection\":[\"Guaruj\u00e1\",\"Pol\u00edcia\"],\"inLanguage\":\"pt-BR\",\"potentialAction\":[{\"@type\":\"CommentAction\",\"name\":\"Comment\",\"target\":[\"https:\\\/\\\/redenoticiaz.com.br\\\/litoralsp\\\/2022\\\/04\\\/28\\\/homem-cai-de-uma-altura-de-quatro-metros-ao-se-desequilibrar-em-uma-casa-noturna-de-guaruja#respond\"]}]},{\"@type\":\"WebPage\",\"@id\":\"https:\\\/\\\/redenoticiaz.com.br\\\/litoralsp\\\/2022\\\/04\\\/28\\\/homem-cai-de-uma-altura-de-quatro-metros-ao-se-desequilibrar-em-uma-casa-noturna-de-guaruja\",\"url\":\"https:\\\/\\\/redenoticiaz.com.br\\\/litoralsp\\\/2022\\\/04\\\/28\\\/homem-cai-de-uma-altura-de-quatro-metros-ao-se-desequilibrar-em-uma-casa-noturna-de-guaruja\",\"name\":\"Homem cai de uma altura de quatro metros ao se desequilibrar em uma casa noturna de Guaruj\u00e1 - Litoral SP\",\"isPartOf\":{\"@id\":\"https:\\\/\\\/redenoticiaz.com.br\\\/litoralsp\\\/#website\"},\"primaryImageOfPage\":{\"@id\":\"https:\\\/\\\/redenoticiaz.com.br\\\/litoralsp\\\/2022\\\/04\\\/28\\\/homem-cai-de-uma-altura-de-quatro-metros-ao-se-desequilibrar-em-uma-casa-noturna-de-guaruja#primaryimage\"},\"image\":{\"@id\":\"https:\\\/\\\/redenoticiaz.com.br\\\/litoralsp\\\/2022\\\/04\\\/28\\\/homem-cai-de-uma-altura-de-quatro-metros-ao-se-desequilibrar-em-uma-casa-noturna-de-guaruja#primaryimage\"},\"thumbnailUrl\":\"https:\\\/\\\/redenoticiaz.com.br\\\/litoralsp\\\/wp-content\\\/uploads\\\/sites\\\/3\\\/2022\\\/04\\\/casa-noturna.jpg\",\"datePublished\":\"2022-04-28T16:32:18+00:00\",\"description\":\"precisou ser hospitalizado ap\u00f3s cair do segundo andar de uma casa noturna no Guaruj\u00e1. A queda foi de uma altura de quatro metros e\",\"inLanguage\":\"pt-BR\",\"potentialAction\":[{\"@type\":\"ReadAction\",\"target\":[\"https:\\\/\\\/redenoticiaz.com.br\\\/litoralsp\\\/2022\\\/04\\\/28\\\/homem-cai-de-uma-altura-de-quatro-metros-ao-se-desequilibrar-em-uma-casa-noturna-de-guaruja\"]}]},{\"@type\":\"ImageObject\",\"inLanguage\":\"pt-BR\",\"@id\":\"https:\\\/\\\/redenoticiaz.com.br\\\/litoralsp\\\/2022\\\/04\\\/28\\\/homem-cai-de-uma-altura-de-quatro-metros-ao-se-desequilibrar-em-uma-casa-noturna-de-guaruja#primaryimage\",\"url\":\"https:\\\/\\\/redenoticiaz.com.br\\\/litoralsp\\\/wp-content\\\/uploads\\\/sites\\\/3\\\/2022\\\/04\\\/casa-noturna.jpg\",\"contentUrl\":\"https:\\\/\\\/redenoticiaz.com.br\\\/litoralsp\\\/wp-content\\\/uploads\\\/sites\\\/3\\\/2022\\\/04\\\/casa-noturna.jpg\",\"width\":1024,\"height\":681,\"caption\":\"Cr\u00e9ditos: Reprodu\u00e7\u00e3o\\\/Facebook\"},{\"@type\":\"WebSite\",\"@id\":\"https:\\\/\\\/redenoticiaz.com.br\\\/litoralsp\\\/#website\",\"url\":\"https:\\\/\\\/redenoticiaz.com.br\\\/litoralsp\\\/\",\"name\":\"Litoral SP\",\"description\":\"Rede NoticiaZ\",\"publisher\":{\"@id\":\"https:\\\/\\\/redenoticiaz.com.br\\\/litoralsp\\\/#organization\"},\"potentialAction\":[{\"@type\":\"SearchAction\",\"target\":{\"@type\":\"EntryPoint\",\"urlTemplate\":\"https:\\\/\\\/redenoticiaz.com.br\\\/litoralsp\\\/?s={search_term_string}\"},\"query-input\":{\"@type\":\"PropertyValueSpecification\",\"valueRequired\":true,\"valueName\":\"search_term_string\"}}],\"inLanguage\":\"pt-BR\"},{\"@type\":\"Organization\",\"@id\":\"https:\\\/\\\/redenoticiaz.com.br\\\/litoralsp\\\/#organization\",\"name\":\"Litoral SP\",\"url\":\"https:\\\/\\\/redenoticiaz.com.br\\\/litoralsp\\\/\",\"logo\":{\"@type\":\"ImageObject\",\"inLanguage\":\"pt-BR\",\"@id\":\"https:\\\/\\\/redenoticiaz.com.br\\\/litoralsp\\\/#\\\/schema\\\/logo\\\/image\\\/\",\"url\":\"https:\\\/\\\/redenoticiaz.com.br\\\/litoralsp\\\/wp-content\\\/uploads\\\/sites\\\/3\\\/2020\\\/11\\\/logo.jpg\",\"contentUrl\":\"https:\\\/\\\/redenoticiaz.com.br\\\/litoralsp\\\/wp-content\\\/uploads\\\/sites\\\/3\\\/2020\\\/11\\\/logo.jpg\",\"width\":400,\"height\":250,\"caption\":\"Litoral SP\"},\"image\":{\"@id\":\"https:\\\/\\\/redenoticiaz.com.br\\\/litoralsp\\\/#\\\/schema\\\/logo\\\/image\\\/\"}},{\"@type\":\"Person\",\"@id\":\"https:\\\/\\\/redenoticiaz.com.br\\\/litoralsp\\\/#\\\/schema\\\/person\\\/0f0b8a5bdafefe82841e07ae8d81ecb3\",\"name\":\"Leonardo Francisco\",\"image\":{\"@type\":\"ImageObject\",\"inLanguage\":\"pt-BR\",\"@id\":\"https:\\\/\\\/secure.gravatar.com\\\/avatar\\\/a7358cb406a99b682ec6df1e77e31ae82e63601f6784e8a3df411d72b37864da?s=96&d=mm&r=g\",\"url\":\"https:\\\/\\\/secure.gravatar.com\\\/avatar\\\/a7358cb406a99b682ec6df1e77e31ae82e63601f6784e8a3df411d72b37864da?s=96&d=mm&r=g\",\"contentUrl\":\"https:\\\/\\\/secure.gravatar.com\\\/avatar\\\/a7358cb406a99b682ec6df1e77e31ae82e63601f6784e8a3df411d72b37864da?s=96&d=mm&r=g\",\"caption\":\"Leonardo Francisco\"},\"url\":\"https:\\\/\\\/redenoticiaz.com.br\\\/litoralsp\\\/author\\\/leonardo-francisco\"}]}<\/script>\n<!-- \/ Yoast SEO plugin. -->","yoast_head_json":{"title":"Homem cai de uma altura de quatro metros ao se desequilibrar em uma casa noturna de Guaruj\u00e1 - Litoral SP","description":"precisou ser hospitalizado ap\u00f3s cair do segundo andar de uma casa noturna no Guaruj\u00e1. A queda foi de uma altura de quatro metros e","robots":{"index":"index","follow":"follow","max-snippet":"max-snippet:-1","max-image-preview":"max-image-preview:large","max-video-preview":"max-video-preview:-1"},"canonical":"https:\/\/redenoticiaz.com.br\/litoralsp\/2022\/04\/28\/homem-cai-de-uma-altura-de-quatro-metros-ao-se-desequilibrar-em-uma-casa-noturna-de-guaruja","og_locale":"pt_BR","og_type":"article","og_title":"Homem cai de uma altura de quatro metros ao se desequilibrar em uma casa noturna de Guaruj\u00e1 - Litoral SP","og_description":"precisou ser hospitalizado ap\u00f3s cair do segundo andar de uma casa noturna no Guaruj\u00e1. A queda foi de uma altura de quatro metros e","og_url":"https:\/\/redenoticiaz.com.br\/litoralsp\/2022\/04\/28\/homem-cai-de-uma-altura-de-quatro-metros-ao-se-desequilibrar-em-uma-casa-noturna-de-guaruja","og_site_name":"Litoral SP","article_published_time":"2022-04-28T16:32:18+00:00","og_image":[{"width":1024,"height":681,"url":"https:\/\/redenoticiaz.com.br\/litoralsp\/wp-content\/uploads\/sites\/3\/2022\/04\/casa-noturna.jpg","type":"image\/jpeg"}],"author":"Leonardo Francisco","twitter_card":"summary_large_image","twitter_misc":{"Escrito por":"Leonardo Francisco","Est. tempo de leitura":"2 minutos"},"schema":{"@context":"https:\/\/schema.org","@graph":[{"@type":"Article","@id":"https:\/\/redenoticiaz.com.br\/litoralsp\/2022\/04\/28\/homem-cai-de-uma-altura-de-quatro-metros-ao-se-desequilibrar-em-uma-casa-noturna-de-guaruja#article","isPartOf":{"@id":"https:\/\/redenoticiaz.com.br\/litoralsp\/2022\/04\/28\/homem-cai-de-uma-altura-de-quatro-metros-ao-se-desequilibrar-em-uma-casa-noturna-de-guaruja"},"author":{"name":"Leonardo Francisco","@id":"https:\/\/redenoticiaz.com.br\/litoralsp\/#\/schema\/person\/0f0b8a5bdafefe82841e07ae8d81ecb3"},"headline":"Homem cai de uma altura de quatro metros ao se desequilibrar em uma casa noturna de Guaruj\u00e1","datePublished":"2022-04-28T16:32:18+00:00","mainEntityOfPage":{"@id":"https:\/\/redenoticiaz.com.br\/litoralsp\/2022\/04\/28\/homem-cai-de-uma-altura-de-quatro-metros-ao-se-desequilibrar-em-uma-casa-noturna-de-guaruja"},"wordCount":350,"commentCount":0,"publisher":{"@id":"https:\/\/redenoticiaz.com.br\/litoralsp\/#organization"},"image":{"@id":"https:\/\/redenoticiaz.com.br\/litoralsp\/2022\/04\/28\/homem-cai-de-uma-altura-de-quatro-metros-ao-se-desequilibrar-em-uma-casa-noturna-de-guaruja#primaryimage"},"thumbnailUrl":"https:\/\/redenoticiaz.com.br\/litoralsp\/wp-content\/uploads\/sites\/3\/2022\/04\/casa-noturna.jpg","keywords":["CASA NOTURNA","GUARUJ\u00c1","INCIDENTE","QUEDA DE HOMEM"],"articleSection":["Guaruj\u00e1","Pol\u00edcia"],"inLanguage":"pt-BR","potentialAction":[{"@type":"CommentAction","name":"Comment","target":["https:\/\/redenoticiaz.com.br\/litoralsp\/2022\/04\/28\/homem-cai-de-uma-altura-de-quatro-metros-ao-se-desequilibrar-em-uma-casa-noturna-de-guaruja#respond"]}]},{"@type":"WebPage","@id":"https:\/\/redenoticiaz.com.br\/litoralsp\/2022\/04\/28\/homem-cai-de-uma-altura-de-quatro-metros-ao-se-desequilibrar-em-uma-casa-noturna-de-guaruja","url":"https:\/\/redenoticiaz.com.br\/litoralsp\/2022\/04\/28\/homem-cai-de-uma-altura-de-quatro-metros-ao-se-desequilibrar-em-uma-casa-noturna-de-guaruja","name":"Homem cai de uma altura de quatro metros ao se desequilibrar em uma casa noturna de Guaruj\u00e1 - Litoral SP","isPartOf":{"@id":"https:\/\/redenoticiaz.com.br\/litoralsp\/#website"},"primaryImageOfPage":{"@id":"https:\/\/redenoticiaz.com.br\/litoralsp\/2022\/04\/28\/homem-cai-de-uma-altura-de-quatro-metros-ao-se-desequilibrar-em-uma-casa-noturna-de-guaruja#primaryimage"},"image":{"@id":"https:\/\/redenoticiaz.com.br\/litoralsp\/2022\/04\/28\/homem-cai-de-uma-altura-de-quatro-metros-ao-se-desequilibrar-em-uma-casa-noturna-de-guaruja#primaryimage"},"thumbnailUrl":"https:\/\/redenoticiaz.com.br\/litoralsp\/wp-content\/uploads\/sites\/3\/2022\/04\/casa-noturna.jpg","datePublished":"2022-04-28T16:32:18+00:00","description":"precisou ser hospitalizado ap\u00f3s cair do segundo andar de uma casa noturna no Guaruj\u00e1. A queda foi de uma altura de quatro metros e","inLanguage":"pt-BR","potentialAction":[{"@type":"ReadAction","target":["https:\/\/redenoticiaz.com.br\/litoralsp\/2022\/04\/28\/homem-cai-de-uma-altura-de-quatro-metros-ao-se-desequilibrar-em-uma-casa-noturna-de-guaruja"]}]},{"@type":"ImageObject","inLanguage":"pt-BR","@id":"https:\/\/redenoticiaz.com.br\/litoralsp\/2022\/04\/28\/homem-cai-de-uma-altura-de-quatro-metros-ao-se-desequilibrar-em-uma-casa-noturna-de-guaruja#primaryimage","url":"https:\/\/redenoticiaz.com.br\/litoralsp\/wp-content\/uploads\/sites\/3\/2022\/04\/casa-noturna.jpg","contentUrl":"https:\/\/redenoticiaz.com.br\/litoralsp\/wp-content\/uploads\/sites\/3\/2022\/04\/casa-noturna.jpg","width":1024,"height":681,"caption":"Cr\u00e9ditos: Reprodu\u00e7\u00e3o\/Facebook"},{"@type":"WebSite","@id":"https:\/\/redenoticiaz.com.br\/litoralsp\/#website","url":"https:\/\/redenoticiaz.com.br\/litoralsp\/","name":"Litoral SP","description":"Rede NoticiaZ","publisher":{"@id":"https:\/\/redenoticiaz.com.br\/litoralsp\/#organization"},"potentialAction":[{"@type":"SearchAction","target":{"@type":"EntryPoint","urlTemplate":"https:\/\/redenoticiaz.com.br\/litoralsp\/?s={search_term_string}"},"query-input":{"@type":"PropertyValueSpecification","valueRequired":true,"valueName":"search_term_string"}}],"inLanguage":"pt-BR"},{"@type":"Organization","@id":"https:\/\/redenoticiaz.com.br\/litoralsp\/#organization","name":"Litoral SP","url":"https:\/\/redenoticiaz.com.br\/litoralsp\/","logo":{"@type":"ImageObject","inLanguage":"pt-BR","@id":"https:\/\/redenoticiaz.com.br\/litoralsp\/#\/schema\/logo\/image\/","url":"https:\/\/redenoticiaz.com.br\/litoralsp\/wp-content\/uploads\/sites\/3\/2020\/11\/logo.jpg","contentUrl":"https:\/\/redenoticiaz.com.br\/litoralsp\/wp-content\/uploads\/sites\/3\/2020\/11\/logo.jpg","width":400,"height":250,"caption":"Litoral SP"},"image":{"@id":"https:\/\/redenoticiaz.com.br\/litoralsp\/#\/schema\/logo\/image\/"}},{"@type":"Person","@id":"https:\/\/redenoticiaz.com.br\/litoralsp\/#\/schema\/person\/0f0b8a5bdafefe82841e07ae8d81ecb3","name":"Leonardo Francisco","image":{"@type":"ImageObject","inLanguage":"pt-BR","@id":"https:\/\/secure.gravatar.com\/avatar\/a7358cb406a99b682ec6df1e77e31ae82e63601f6784e8a3df411d72b37864da?s=96&d=mm&r=g","url":"https:\/\/secure.gravatar.com\/avatar\/a7358cb406a99b682ec6df1e77e31ae82e63601f6784e8a3df411d72b37864da?s=96&d=mm&r=g","contentUrl":"https:\/\/secure.gravatar.com\/avatar\/a7358cb406a99b682ec6df1e77e31ae82e63601f6784e8a3df411d72b37864da?s=96&d=mm&r=g","caption":"Leonardo Francisco"},"url":"https:\/\/redenoticiaz.com.br\/litoralsp\/author\/leonardo-francisco"}]}},"_links":{"self":[{"href":"https:\/\/redenoticiaz.com.br\/litoralsp\/wp-json\/wp\/v2\/posts\/27479","targetHints":{"allow":["GET"]}}],"collection":[{"href":"https:\/\/redenoticiaz.com.br\/litoralsp\/wp-json\/wp\/v2\/posts"}],"about":[{"href":"https:\/\/redenoticiaz.com.br\/litoralsp\/wp-json\/wp\/v2\/types\/post"}],"author":[{"embeddable":true,"href":"https:\/\/redenoticiaz.com.br\/litoralsp\/wp-json\/wp\/v2\/users\/6"}],"replies":[{"embeddable":true,"href":"https:\/\/redenoticiaz.com.br\/litoralsp\/wp-json\/wp\/v2\/comments?post=27479"}],"version-history":[{"count":1,"href":"https:\/\/redenoticiaz.com.br\/litoralsp\/wp-json\/wp\/v2\/posts\/27479\/revisions"}],"predecessor-version":[{"id":27484,"href":"https:\/\/redenoticiaz.com.br\/litoralsp\/wp-json\/wp\/v2\/posts\/27479\/revisions\/27484"}],"wp:featuredmedia":[{"embeddable":true,"href":"https:\/\/redenoticiaz.com.br\/litoralsp\/wp-json\/wp\/v2\/media\/27483"}],"wp:attachment":[{"href":"https:\/\/redenoticiaz.com.br\/litoralsp\/wp-json\/wp\/v2\/media?parent=27479"}],"wp:term":[{"taxonomy":"category","embeddable":true,"href":"https:\/\/redenoticiaz.com.br\/litoralsp\/wp-json\/wp\/v2\/categories?post=27479"},{"taxonomy":"post_tag","embeddable":true,"href":"https:\/\/redenoticiaz.com.br\/litoralsp\/wp-json\/wp\/v2\/tags?post=27479"}],"curies":[{"name":"wp","href":"https:\/\/api.w.org\/{rel}","templated":true}]}}