{"id":27541,"date":"2022-04-29T16:51:43","date_gmt":"2022-04-29T19:51:43","guid":{"rendered":"https:\/\/redenoticiaz.com.br\/litoralsp\/?p=27541"},"modified":"2022-04-29T16:51:43","modified_gmt":"2022-04-29T19:51:43","slug":"policial-militar-morre-atropelado-por-caminhao-na-rio-santos","status":"publish","type":"post","link":"https:\/\/redenoticiaz.com.br\/litoralsp\/2022\/04\/29\/policial-militar-morre-atropelado-por-caminhao-na-rio-santos","title":{"rendered":"Policial militar morre atropelado por caminh\u00e3o na Rio-Santos"},"content":{"rendered":"<p>Um <strong>policial militar morreu atropelado<\/strong> por um caminh\u00e3o na quinta-feira (28) na Rodovia Rio-Santos, em <a href=\"http:\/\/www.bertioga.sp.gov.br\/\">Bertioga<\/a>. Ele voltava para casa ap\u00f3s fazer uma escala extra e estava em uma motocicleta. Mas acabou sendo atingido pelo ve\u00edculo pesado. O caminhoneiro respons\u00e1vel pelo acidente fuiu sem prestar socorro.<\/p>\n<p>De acordo com a Pol\u00edcia Militar Rodovi\u00e1ria (PMR), o acidente aconteceu por volta das 17h, no trecho do bairro Vista Linda. O policial Elvis Lenon Martins havia ca\u00eddo na pista, ap\u00f3s bater em uma bicicleta que cruzou a via. Na sequ\u00eancia, um caminh\u00e3o o atropelou. N\u00e3o h\u00e1 informa\u00e7\u00f5es sobre o ciclista.<\/p>\n<p>Uma testemunha relatou aos policiais rodovi\u00e1rios que o policial foi atingido por um caminh\u00e3o ba\u00fa, na cor vermelha. At\u00e9 o momento, por\u00e9m, o motorista n\u00e3o foi localizado.<\/p>\n<div class=\"mc-column content-text active-extra-styles \" data-block-type=\"unstyled\" data-block-weight=\"41\" data-block-id=\"6\">\n<p class=\"content-text__container \" data-track-category=\"Link no Texto\" data-track-links=\"\">Martins foi socorrido e encaminhado ao Pronto-socorro (PS) de Bertioga. Mas, de acordo com a PMR, ele n\u00e3o resistiu aos ferimentos e morreu no trajeto \u00e0 unidade de sa\u00fade. O corpo foi encaminhado ao Instituto M\u00e9dico Legal (IML) de Praia Grande.<\/p>\n<h3 data-track-category=\"Link no Texto\">Respostas<\/h3>\n<p>O Instituto Nacional de Tecnologia e Sa\u00fade (INTS), respons\u00e1vel pela gest\u00e3o do Hospital Municipal de Bertioga, informou que a v\u00edtima foi atendida em parada cardiorrespirat\u00f3ria.<\/p>\n<div class=\"mc-column content-text active-extra-styles \" data-block-type=\"unstyled\" data-block-weight=\"62\" data-block-id=\"8\">\n<p class=\"content-text__container \" data-track-category=\"Link no Texto\" data-track-links=\"\">De acordo com a PMR, o policial estava fardado no momento do acidente. Ele trabalhava no 39\u00ba Batalh\u00e3o de Pol\u00edcia Militar, em S\u00e3o Vicente, no litoral de S\u00e3o Paulo, e voltava do Litoral Sul ap\u00f3s uma Di\u00e1ria Especial por Jornada Extraordin\u00e1ria de Trabalho Policial Militar (Dejem)\u2013fun\u00e7\u00e3o desempenhada nos dias de folga por meio de conv\u00eanio com prefeituras.<\/p>\n<p data-track-category=\"Link no Texto\" data-track-links=\"\">Questionado sobre a seguran\u00e7a do local, o Departamento de Estradas e Rodagem (DER), informou, por meio de nota que h\u00e1 projetos para reduzir o n\u00famero de acidentes na via. &#8220;Est\u00e3o sendo executados obras de melhorias na pavimenta\u00e7\u00e3o rodovia Rio-Santos (SP-55), do km 130 ao 247, que abrange os munic\u00edpios de S\u00e3o Sebasti\u00e3o,\u00a0Bertioga\u00a0e Santos. A sinaliza\u00e7\u00e3o tamb\u00e9m ser\u00e1 refor\u00e7ada para melhorar a seguran\u00e7a dos usu\u00e1rios. A previs\u00e3o para a conclus\u00e3o total dos trabalhos \u00e9 no pr\u00f3ximo ano&#8221;.<\/p>\n<p data-track-category=\"Link no Texto\" data-track-links=\"\"><strong>LEIA TAMB\u00c9M<\/strong><\/p>\n<p data-track-category=\"Link no Texto\" data-track-links=\"\"><a href=\"https:\/\/redenoticiaz.com.br\/litoralsp\/2022\/04\/28\/jovem-cai-em-buraco-na-orla-de-caraguatatuba-e-machuca-a-cabeca\">Jovem cai em buraco na orla de Caraguatatuba e machuca a cabe\u00e7a<\/a><\/p>\n<\/div>\n<\/div>\n","protected":false},"excerpt":{"rendered":"<p>Um policial militar morreu atropelado por um caminh\u00e3o na quinta-feira (28) na Rodovia Rio-Santos, em Bertioga. Ele voltava para casa ap\u00f3s fazer uma escala extra e estava em uma motocicleta. Mas acabou sendo atingido pelo ve\u00edculo pesado. O caminhoneiro respons\u00e1vel pelo acidente fuiu sem prestar socorro. De acordo com a Pol\u00edcia Militar Rodovi\u00e1ria (PMR), o &hellip;<\/p>\n","protected":false},"author":6,"featured_media":27542,"comment_status":"open","ping_status":"closed","sticky":false,"template":"","format":"standard","meta":{"footnotes":""},"categories":[1107,10],"tags":[4630,54880,1038,1766,32554,4629],"class_list":["post-27541","post","type-post","status-publish","format-standard","has-post-thumbnail","hentry","category-bertioga","category-policia","tag-atropelamento","tag-bairro-vista-linda","tag-bertioga","tag-policia-militar","tag-policial-militar-morto","tag-rodovia-rio-santos"],"yoast_head":"<!-- This site is optimized with the Yoast SEO plugin v27.5 - https:\/\/yoast.com\/product\/yoast-seo-wordpress\/ -->\n<title>Policial militar morre atropelado por caminh\u00e3o na Rio-Santos - Litoral SP<\/title>\n<meta name=\"description\" content=\"Um policial militar morreu atropelado por um caminh\u00e3o na quinta-feira (28) na Rodovia Rio-Santos, em Bertioga. Ele voltava\" \/>\n<meta name=\"robots\" content=\"index, follow, max-snippet:-1, max-image-preview:large, max-video-preview:-1\" \/>\n<link rel=\"canonical\" href=\"https:\/\/redenoticiaz.com.br\/litoralsp\/2022\/04\/29\/policial-militar-morre-atropelado-por-caminhao-na-rio-santos\" \/>\n<meta property=\"og:locale\" content=\"pt_BR\" \/>\n<meta property=\"og:type\" content=\"article\" \/>\n<meta property=\"og:title\" content=\"Policial militar morre atropelado por caminh\u00e3o na Rio-Santos - Litoral SP\" \/>\n<meta property=\"og:description\" content=\"Um policial militar morreu atropelado por um caminh\u00e3o na quinta-feira (28) na Rodovia Rio-Santos, em Bertioga. Ele voltava\" \/>\n<meta property=\"og:url\" content=\"https:\/\/redenoticiaz.com.br\/litoralsp\/2022\/04\/29\/policial-militar-morre-atropelado-por-caminhao-na-rio-santos\" \/>\n<meta property=\"og:site_name\" content=\"Litoral SP\" \/>\n<meta property=\"article:published_time\" content=\"2022-04-29T19:51:43+00:00\" \/>\n<meta property=\"og:image\" content=\"https:\/\/redenoticiaz.com.br\/litoralsp\/wp-content\/uploads\/sites\/3\/2022\/04\/policia-1-1.jpg\" \/>\n\t<meta property=\"og:image:width\" content=\"780\" \/>\n\t<meta property=\"og:image:height\" content=\"484\" \/>\n\t<meta property=\"og:image:type\" content=\"image\/jpeg\" \/>\n<meta name=\"author\" content=\"Leonardo Francisco\" \/>\n<meta name=\"twitter:card\" content=\"summary_large_image\" \/>\n<meta name=\"twitter:label1\" content=\"Escrito por\" \/>\n\t<meta name=\"twitter:data1\" content=\"Leonardo Francisco\" \/>\n\t<meta name=\"twitter:label2\" content=\"Est. tempo de leitura\" \/>\n\t<meta name=\"twitter:data2\" content=\"2 minutos\" \/>\n<script type=\"application\/ld+json\" class=\"yoast-schema-graph\">{\"@context\":\"https:\\\/\\\/schema.org\",\"@graph\":[{\"@type\":\"Article\",\"@id\":\"https:\\\/\\\/redenoticiaz.com.br\\\/litoralsp\\\/2022\\\/04\\\/29\\\/policial-militar-morre-atropelado-por-caminhao-na-rio-santos#article\",\"isPartOf\":{\"@id\":\"https:\\\/\\\/redenoticiaz.com.br\\\/litoralsp\\\/2022\\\/04\\\/29\\\/policial-militar-morre-atropelado-por-caminhao-na-rio-santos\"},\"author\":{\"name\":\"Leonardo Francisco\",\"@id\":\"https:\\\/\\\/redenoticiaz.com.br\\\/litoralsp\\\/#\\\/schema\\\/person\\\/0f0b8a5bdafefe82841e07ae8d81ecb3\"},\"headline\":\"Policial militar morre atropelado por caminh\u00e3o na Rio-Santos\",\"datePublished\":\"2022-04-29T19:51:43+00:00\",\"mainEntityOfPage\":{\"@id\":\"https:\\\/\\\/redenoticiaz.com.br\\\/litoralsp\\\/2022\\\/04\\\/29\\\/policial-militar-morre-atropelado-por-caminhao-na-rio-santos\"},\"wordCount\":394,\"commentCount\":0,\"publisher\":{\"@id\":\"https:\\\/\\\/redenoticiaz.com.br\\\/litoralsp\\\/#organization\"},\"image\":{\"@id\":\"https:\\\/\\\/redenoticiaz.com.br\\\/litoralsp\\\/2022\\\/04\\\/29\\\/policial-militar-morre-atropelado-por-caminhao-na-rio-santos#primaryimage\"},\"thumbnailUrl\":\"https:\\\/\\\/redenoticiaz.com.br\\\/litoralsp\\\/wp-content\\\/uploads\\\/sites\\\/3\\\/2022\\\/04\\\/policia-1-1.jpg\",\"keywords\":[\"atropelamento\",\"BAIRRO VISTA LINDA\",\"BERTIOGA\",\"policia militar\",\"POLICIAL MILITAR MORTO\",\"RODOVIA RIO-SANTOS\"],\"articleSection\":[\"Bertioga\",\"Pol\u00edcia\"],\"inLanguage\":\"pt-BR\",\"potentialAction\":[{\"@type\":\"CommentAction\",\"name\":\"Comment\",\"target\":[\"https:\\\/\\\/redenoticiaz.com.br\\\/litoralsp\\\/2022\\\/04\\\/29\\\/policial-militar-morre-atropelado-por-caminhao-na-rio-santos#respond\"]}]},{\"@type\":\"WebPage\",\"@id\":\"https:\\\/\\\/redenoticiaz.com.br\\\/litoralsp\\\/2022\\\/04\\\/29\\\/policial-militar-morre-atropelado-por-caminhao-na-rio-santos\",\"url\":\"https:\\\/\\\/redenoticiaz.com.br\\\/litoralsp\\\/2022\\\/04\\\/29\\\/policial-militar-morre-atropelado-por-caminhao-na-rio-santos\",\"name\":\"Policial militar morre atropelado por caminh\u00e3o na Rio-Santos - Litoral SP\",\"isPartOf\":{\"@id\":\"https:\\\/\\\/redenoticiaz.com.br\\\/litoralsp\\\/#website\"},\"primaryImageOfPage\":{\"@id\":\"https:\\\/\\\/redenoticiaz.com.br\\\/litoralsp\\\/2022\\\/04\\\/29\\\/policial-militar-morre-atropelado-por-caminhao-na-rio-santos#primaryimage\"},\"image\":{\"@id\":\"https:\\\/\\\/redenoticiaz.com.br\\\/litoralsp\\\/2022\\\/04\\\/29\\\/policial-militar-morre-atropelado-por-caminhao-na-rio-santos#primaryimage\"},\"thumbnailUrl\":\"https:\\\/\\\/redenoticiaz.com.br\\\/litoralsp\\\/wp-content\\\/uploads\\\/sites\\\/3\\\/2022\\\/04\\\/policia-1-1.jpg\",\"datePublished\":\"2022-04-29T19:51:43+00:00\",\"description\":\"Um policial militar morreu atropelado por um caminh\u00e3o na quinta-feira (28) na Rodovia Rio-Santos, em Bertioga. Ele voltava\",\"inLanguage\":\"pt-BR\",\"potentialAction\":[{\"@type\":\"ReadAction\",\"target\":[\"https:\\\/\\\/redenoticiaz.com.br\\\/litoralsp\\\/2022\\\/04\\\/29\\\/policial-militar-morre-atropelado-por-caminhao-na-rio-santos\"]}]},{\"@type\":\"ImageObject\",\"inLanguage\":\"pt-BR\",\"@id\":\"https:\\\/\\\/redenoticiaz.com.br\\\/litoralsp\\\/2022\\\/04\\\/29\\\/policial-militar-morre-atropelado-por-caminhao-na-rio-santos#primaryimage\",\"url\":\"https:\\\/\\\/redenoticiaz.com.br\\\/litoralsp\\\/wp-content\\\/uploads\\\/sites\\\/3\\\/2022\\\/04\\\/policia-1-1.jpg\",\"contentUrl\":\"https:\\\/\\\/redenoticiaz.com.br\\\/litoralsp\\\/wp-content\\\/uploads\\\/sites\\\/3\\\/2022\\\/04\\\/policia-1-1.jpg\",\"width\":780,\"height\":484,\"caption\":\"Cr\u00e9ditos: Reprodu\u00e7\u00e3o\"},{\"@type\":\"WebSite\",\"@id\":\"https:\\\/\\\/redenoticiaz.com.br\\\/litoralsp\\\/#website\",\"url\":\"https:\\\/\\\/redenoticiaz.com.br\\\/litoralsp\\\/\",\"name\":\"Litoral SP\",\"description\":\"Rede NoticiaZ\",\"publisher\":{\"@id\":\"https:\\\/\\\/redenoticiaz.com.br\\\/litoralsp\\\/#organization\"},\"potentialAction\":[{\"@type\":\"SearchAction\",\"target\":{\"@type\":\"EntryPoint\",\"urlTemplate\":\"https:\\\/\\\/redenoticiaz.com.br\\\/litoralsp\\\/?s={search_term_string}\"},\"query-input\":{\"@type\":\"PropertyValueSpecification\",\"valueRequired\":true,\"valueName\":\"search_term_string\"}}],\"inLanguage\":\"pt-BR\"},{\"@type\":\"Organization\",\"@id\":\"https:\\\/\\\/redenoticiaz.com.br\\\/litoralsp\\\/#organization\",\"name\":\"Litoral SP\",\"url\":\"https:\\\/\\\/redenoticiaz.com.br\\\/litoralsp\\\/\",\"logo\":{\"@type\":\"ImageObject\",\"inLanguage\":\"pt-BR\",\"@id\":\"https:\\\/\\\/redenoticiaz.com.br\\\/litoralsp\\\/#\\\/schema\\\/logo\\\/image\\\/\",\"url\":\"https:\\\/\\\/redenoticiaz.com.br\\\/litoralsp\\\/wp-content\\\/uploads\\\/sites\\\/3\\\/2020\\\/11\\\/logo.jpg\",\"contentUrl\":\"https:\\\/\\\/redenoticiaz.com.br\\\/litoralsp\\\/wp-content\\\/uploads\\\/sites\\\/3\\\/2020\\\/11\\\/logo.jpg\",\"width\":400,\"height\":250,\"caption\":\"Litoral SP\"},\"image\":{\"@id\":\"https:\\\/\\\/redenoticiaz.com.br\\\/litoralsp\\\/#\\\/schema\\\/logo\\\/image\\\/\"}},{\"@type\":\"Person\",\"@id\":\"https:\\\/\\\/redenoticiaz.com.br\\\/litoralsp\\\/#\\\/schema\\\/person\\\/0f0b8a5bdafefe82841e07ae8d81ecb3\",\"name\":\"Leonardo Francisco\",\"image\":{\"@type\":\"ImageObject\",\"inLanguage\":\"pt-BR\",\"@id\":\"https:\\\/\\\/secure.gravatar.com\\\/avatar\\\/a7358cb406a99b682ec6df1e77e31ae82e63601f6784e8a3df411d72b37864da?s=96&d=mm&r=g\",\"url\":\"https:\\\/\\\/secure.gravatar.com\\\/avatar\\\/a7358cb406a99b682ec6df1e77e31ae82e63601f6784e8a3df411d72b37864da?s=96&d=mm&r=g\",\"contentUrl\":\"https:\\\/\\\/secure.gravatar.com\\\/avatar\\\/a7358cb406a99b682ec6df1e77e31ae82e63601f6784e8a3df411d72b37864da?s=96&d=mm&r=g\",\"caption\":\"Leonardo Francisco\"},\"url\":\"https:\\\/\\\/redenoticiaz.com.br\\\/litoralsp\\\/author\\\/leonardo-francisco\"}]}<\/script>\n<!-- \/ Yoast SEO plugin. -->","yoast_head_json":{"title":"Policial militar morre atropelado por caminh\u00e3o na Rio-Santos - Litoral SP","description":"Um policial militar morreu atropelado por um caminh\u00e3o na quinta-feira (28) na Rodovia Rio-Santos, em Bertioga. Ele voltava","robots":{"index":"index","follow":"follow","max-snippet":"max-snippet:-1","max-image-preview":"max-image-preview:large","max-video-preview":"max-video-preview:-1"},"canonical":"https:\/\/redenoticiaz.com.br\/litoralsp\/2022\/04\/29\/policial-militar-morre-atropelado-por-caminhao-na-rio-santos","og_locale":"pt_BR","og_type":"article","og_title":"Policial militar morre atropelado por caminh\u00e3o na Rio-Santos - Litoral SP","og_description":"Um policial militar morreu atropelado por um caminh\u00e3o na quinta-feira (28) na Rodovia Rio-Santos, em Bertioga. Ele voltava","og_url":"https:\/\/redenoticiaz.com.br\/litoralsp\/2022\/04\/29\/policial-militar-morre-atropelado-por-caminhao-na-rio-santos","og_site_name":"Litoral SP","article_published_time":"2022-04-29T19:51:43+00:00","og_image":[{"width":780,"height":484,"url":"https:\/\/redenoticiaz.com.br\/litoralsp\/wp-content\/uploads\/sites\/3\/2022\/04\/policia-1-1.jpg","type":"image\/jpeg"}],"author":"Leonardo Francisco","twitter_card":"summary_large_image","twitter_misc":{"Escrito por":"Leonardo Francisco","Est. tempo de leitura":"2 minutos"},"schema":{"@context":"https:\/\/schema.org","@graph":[{"@type":"Article","@id":"https:\/\/redenoticiaz.com.br\/litoralsp\/2022\/04\/29\/policial-militar-morre-atropelado-por-caminhao-na-rio-santos#article","isPartOf":{"@id":"https:\/\/redenoticiaz.com.br\/litoralsp\/2022\/04\/29\/policial-militar-morre-atropelado-por-caminhao-na-rio-santos"},"author":{"name":"Leonardo Francisco","@id":"https:\/\/redenoticiaz.com.br\/litoralsp\/#\/schema\/person\/0f0b8a5bdafefe82841e07ae8d81ecb3"},"headline":"Policial militar morre atropelado por caminh\u00e3o na Rio-Santos","datePublished":"2022-04-29T19:51:43+00:00","mainEntityOfPage":{"@id":"https:\/\/redenoticiaz.com.br\/litoralsp\/2022\/04\/29\/policial-militar-morre-atropelado-por-caminhao-na-rio-santos"},"wordCount":394,"commentCount":0,"publisher":{"@id":"https:\/\/redenoticiaz.com.br\/litoralsp\/#organization"},"image":{"@id":"https:\/\/redenoticiaz.com.br\/litoralsp\/2022\/04\/29\/policial-militar-morre-atropelado-por-caminhao-na-rio-santos#primaryimage"},"thumbnailUrl":"https:\/\/redenoticiaz.com.br\/litoralsp\/wp-content\/uploads\/sites\/3\/2022\/04\/policia-1-1.jpg","keywords":["atropelamento","BAIRRO VISTA LINDA","BERTIOGA","policia militar","POLICIAL MILITAR MORTO","RODOVIA RIO-SANTOS"],"articleSection":["Bertioga","Pol\u00edcia"],"inLanguage":"pt-BR","potentialAction":[{"@type":"CommentAction","name":"Comment","target":["https:\/\/redenoticiaz.com.br\/litoralsp\/2022\/04\/29\/policial-militar-morre-atropelado-por-caminhao-na-rio-santos#respond"]}]},{"@type":"WebPage","@id":"https:\/\/redenoticiaz.com.br\/litoralsp\/2022\/04\/29\/policial-militar-morre-atropelado-por-caminhao-na-rio-santos","url":"https:\/\/redenoticiaz.com.br\/litoralsp\/2022\/04\/29\/policial-militar-morre-atropelado-por-caminhao-na-rio-santos","name":"Policial militar morre atropelado por caminh\u00e3o na Rio-Santos - Litoral SP","isPartOf":{"@id":"https:\/\/redenoticiaz.com.br\/litoralsp\/#website"},"primaryImageOfPage":{"@id":"https:\/\/redenoticiaz.com.br\/litoralsp\/2022\/04\/29\/policial-militar-morre-atropelado-por-caminhao-na-rio-santos#primaryimage"},"image":{"@id":"https:\/\/redenoticiaz.com.br\/litoralsp\/2022\/04\/29\/policial-militar-morre-atropelado-por-caminhao-na-rio-santos#primaryimage"},"thumbnailUrl":"https:\/\/redenoticiaz.com.br\/litoralsp\/wp-content\/uploads\/sites\/3\/2022\/04\/policia-1-1.jpg","datePublished":"2022-04-29T19:51:43+00:00","description":"Um policial militar morreu atropelado por um caminh\u00e3o na quinta-feira (28) na Rodovia Rio-Santos, em Bertioga. Ele voltava","inLanguage":"pt-BR","potentialAction":[{"@type":"ReadAction","target":["https:\/\/redenoticiaz.com.br\/litoralsp\/2022\/04\/29\/policial-militar-morre-atropelado-por-caminhao-na-rio-santos"]}]},{"@type":"ImageObject","inLanguage":"pt-BR","@id":"https:\/\/redenoticiaz.com.br\/litoralsp\/2022\/04\/29\/policial-militar-morre-atropelado-por-caminhao-na-rio-santos#primaryimage","url":"https:\/\/redenoticiaz.com.br\/litoralsp\/wp-content\/uploads\/sites\/3\/2022\/04\/policia-1-1.jpg","contentUrl":"https:\/\/redenoticiaz.com.br\/litoralsp\/wp-content\/uploads\/sites\/3\/2022\/04\/policia-1-1.jpg","width":780,"height":484,"caption":"Cr\u00e9ditos: Reprodu\u00e7\u00e3o"},{"@type":"WebSite","@id":"https:\/\/redenoticiaz.com.br\/litoralsp\/#website","url":"https:\/\/redenoticiaz.com.br\/litoralsp\/","name":"Litoral SP","description":"Rede NoticiaZ","publisher":{"@id":"https:\/\/redenoticiaz.com.br\/litoralsp\/#organization"},"potentialAction":[{"@type":"SearchAction","target":{"@type":"EntryPoint","urlTemplate":"https:\/\/redenoticiaz.com.br\/litoralsp\/?s={search_term_string}"},"query-input":{"@type":"PropertyValueSpecification","valueRequired":true,"valueName":"search_term_string"}}],"inLanguage":"pt-BR"},{"@type":"Organization","@id":"https:\/\/redenoticiaz.com.br\/litoralsp\/#organization","name":"Litoral SP","url":"https:\/\/redenoticiaz.com.br\/litoralsp\/","logo":{"@type":"ImageObject","inLanguage":"pt-BR","@id":"https:\/\/redenoticiaz.com.br\/litoralsp\/#\/schema\/logo\/image\/","url":"https:\/\/redenoticiaz.com.br\/litoralsp\/wp-content\/uploads\/sites\/3\/2020\/11\/logo.jpg","contentUrl":"https:\/\/redenoticiaz.com.br\/litoralsp\/wp-content\/uploads\/sites\/3\/2020\/11\/logo.jpg","width":400,"height":250,"caption":"Litoral SP"},"image":{"@id":"https:\/\/redenoticiaz.com.br\/litoralsp\/#\/schema\/logo\/image\/"}},{"@type":"Person","@id":"https:\/\/redenoticiaz.com.br\/litoralsp\/#\/schema\/person\/0f0b8a5bdafefe82841e07ae8d81ecb3","name":"Leonardo Francisco","image":{"@type":"ImageObject","inLanguage":"pt-BR","@id":"https:\/\/secure.gravatar.com\/avatar\/a7358cb406a99b682ec6df1e77e31ae82e63601f6784e8a3df411d72b37864da?s=96&d=mm&r=g","url":"https:\/\/secure.gravatar.com\/avatar\/a7358cb406a99b682ec6df1e77e31ae82e63601f6784e8a3df411d72b37864da?s=96&d=mm&r=g","contentUrl":"https:\/\/secure.gravatar.com\/avatar\/a7358cb406a99b682ec6df1e77e31ae82e63601f6784e8a3df411d72b37864da?s=96&d=mm&r=g","caption":"Leonardo Francisco"},"url":"https:\/\/redenoticiaz.com.br\/litoralsp\/author\/leonardo-francisco"}]}},"_links":{"self":[{"href":"https:\/\/redenoticiaz.com.br\/litoralsp\/wp-json\/wp\/v2\/posts\/27541","targetHints":{"allow":["GET"]}}],"collection":[{"href":"https:\/\/redenoticiaz.com.br\/litoralsp\/wp-json\/wp\/v2\/posts"}],"about":[{"href":"https:\/\/redenoticiaz.com.br\/litoralsp\/wp-json\/wp\/v2\/types\/post"}],"author":[{"embeddable":true,"href":"https:\/\/redenoticiaz.com.br\/litoralsp\/wp-json\/wp\/v2\/users\/6"}],"replies":[{"embeddable":true,"href":"https:\/\/redenoticiaz.com.br\/litoralsp\/wp-json\/wp\/v2\/comments?post=27541"}],"version-history":[{"count":1,"href":"https:\/\/redenoticiaz.com.br\/litoralsp\/wp-json\/wp\/v2\/posts\/27541\/revisions"}],"predecessor-version":[{"id":27543,"href":"https:\/\/redenoticiaz.com.br\/litoralsp\/wp-json\/wp\/v2\/posts\/27541\/revisions\/27543"}],"wp:featuredmedia":[{"embeddable":true,"href":"https:\/\/redenoticiaz.com.br\/litoralsp\/wp-json\/wp\/v2\/media\/27542"}],"wp:attachment":[{"href":"https:\/\/redenoticiaz.com.br\/litoralsp\/wp-json\/wp\/v2\/media?parent=27541"}],"wp:term":[{"taxonomy":"category","embeddable":true,"href":"https:\/\/redenoticiaz.com.br\/litoralsp\/wp-json\/wp\/v2\/categories?post=27541"},{"taxonomy":"post_tag","embeddable":true,"href":"https:\/\/redenoticiaz.com.br\/litoralsp\/wp-json\/wp\/v2\/tags?post=27541"}],"curies":[{"name":"wp","href":"https:\/\/api.w.org\/{rel}","templated":true}]}}