{"id":27565,"date":"2022-04-29T21:07:54","date_gmt":"2022-04-30T00:07:54","guid":{"rendered":"https:\/\/redenoticiaz.com.br\/litoralsp\/?p=27565"},"modified":"2022-04-29T21:07:54","modified_gmt":"2022-04-30T00:07:54","slug":"santos-conta-com-nova-linha-de-onibus-que-interliga-bairros-da-zona-noroeste","status":"publish","type":"post","link":"https:\/\/redenoticiaz.com.br\/litoralsp\/2022\/04\/29\/santos-conta-com-nova-linha-de-onibus-que-interliga-bairros-da-zona-noroeste","title":{"rendered":"Santos conta com nova linha de \u00f4nibus que interliga bairros da Zona Noroeste"},"content":{"rendered":"<p>Agora os moradores da Zona Noroeste de <a href=\"https:\/\/www.santos.sp.gov.br\/\">Santos<\/a> v\u00e3o contar com mais uma linha municipal de \u00f4nibus. Entrou em circula\u00e7\u00e3o a <strong>linha 198<\/strong>, que passa a ser uma interliga\u00e7\u00e3o entre os bairros da regi\u00e3o entre o\u00a0R\u00e1dio Clube, Bom Retiro, Santa Maria, S\u00e3o Manoel e Piratininga.<\/p>\n<p>De acordo com a Prefeitura, como os bairros S\u00e3o Manoel e Piratininga est\u00e3o situados nos extremos de Santos, a linha ser\u00e1 uma conex\u00e3o direta com a regi\u00e3o de com\u00e9rcios da Zona Noroeste. O itiner\u00e1rio da nova linha tem ponto inicial e final na Pra\u00e7a Jer\u00f4nimo La Terza, no R\u00e1dio Clube.<\/p>\n<p>Entre as diversas vias do percurso est\u00e3o acessos que foram constru\u00eddos a partir das obras da Nova Entrada de Santos. S\u00e3o elas: a Ponte Deputada Mari\u00e2ngela Duarte e a Avenida Jornalista Armando Gomes. A 198 entrou em circula\u00e7\u00e3o desde a segunda-feira (25). Dessa forma, o total de linhas do sistema municipal de transporte chegasse a 42.<\/p>\n<figure id=\"attachment_27567\" aria-describedby=\"caption-attachment-27567\" style=\"width: 618px\" class=\"wp-caption aligncenter\"><img loading=\"lazy\" decoding=\"async\" class=\" wp-image-27567\" src=\"https:\/\/redenoticiaz.com.br\/litoralsp\/wp-content\/uploads\/sites\/3\/2022\/04\/itinerario_linha_198_29-4-22-300x163.jpg\" alt=\"\" width=\"618\" height=\"336\" srcset=\"https:\/\/redenoticiaz.com.br\/litoralsp\/wp-content\/uploads\/sites\/3\/2022\/04\/itinerario_linha_198_29-4-22-300x163.jpg 300w, https:\/\/redenoticiaz.com.br\/litoralsp\/wp-content\/uploads\/sites\/3\/2022\/04\/itinerario_linha_198_29-4-22-1024x556.jpg 1024w, https:\/\/redenoticiaz.com.br\/litoralsp\/wp-content\/uploads\/sites\/3\/2022\/04\/itinerario_linha_198_29-4-22-768x417.jpg 768w, https:\/\/redenoticiaz.com.br\/litoralsp\/wp-content\/uploads\/sites\/3\/2022\/04\/itinerario_linha_198_29-4-22.jpg 1200w\" sizes=\"auto, (max-width: 618px) 100vw, 618px\" \/><figcaption id=\"caption-attachment-27567\" class=\"wp-caption-text\">Cr\u00e9ditos: Divulga\u00e7\u00e3o\/Prefeitura de Santos<\/figcaption><\/figure>\n<p><strong>LEIA TAMB\u00c9M<\/strong><\/p>\n<p><a href=\"https:\/\/redenoticiaz.com.br\/litoralsp\/2022\/04\/28\/cubatao-passa-a-contar-com-mais-duas-novas-linhas-de-onibus\">Cubat\u00e3o passa a contar com mais duas novas linhas de \u00f4nibus<\/a><\/p>\n","protected":false},"excerpt":{"rendered":"<p>Agora os moradores da Zona Noroeste de Santos v\u00e3o contar com mais uma linha municipal de \u00f4nibus. Entrou em circula\u00e7\u00e3o a linha 198, que passa a ser uma interliga\u00e7\u00e3o entre os bairros da regi\u00e3o entre o\u00a0R\u00e1dio Clube, Bom Retiro, Santa Maria, S\u00e3o Manoel e Piratininga. De acordo com a Prefeitura, como os bairros S\u00e3o Manoel &hellip;<\/p>\n","protected":false},"author":6,"featured_media":27566,"comment_status":"open","ping_status":"closed","sticky":false,"template":"","format":"standard","meta":{"footnotes":""},"categories":[180,88],"tags":[54997,5306,986,3073,6910],"class_list":["post-27565","post","type-post","status-publish","format-standard","has-post-thumbnail","hentry","category-santos","category-transportes","tag-linha-198","tag-linha-municipal","tag-santos","tag-transporte-coletivo","tag-zona-noroeste"],"yoast_head":"<!-- This site is optimized with the Yoast SEO plugin v27.5 - https:\/\/yoast.com\/product\/yoast-seo-wordpress\/ -->\n<title>Santos conta com nova linha de \u00f4nibus que interliga bairros da Zona Noroeste - Litoral SP<\/title>\n<meta name=\"description\" content=\"Agora os moradores da Zona Noroeste de Santos v\u00e3o contar com mais uma linha municipal de \u00f4nibus. Entrou em circula\u00e7\u00e3o a linha 198, que passa\" \/>\n<meta name=\"robots\" content=\"index, follow, max-snippet:-1, max-image-preview:large, max-video-preview:-1\" \/>\n<link rel=\"canonical\" href=\"https:\/\/redenoticiaz.com.br\/litoralsp\/2022\/04\/29\/santos-conta-com-nova-linha-de-onibus-que-interliga-bairros-da-zona-noroeste\" \/>\n<meta property=\"og:locale\" content=\"pt_BR\" \/>\n<meta property=\"og:type\" content=\"article\" \/>\n<meta property=\"og:title\" content=\"Santos conta com nova linha de \u00f4nibus que interliga bairros da Zona Noroeste - Litoral SP\" \/>\n<meta property=\"og:description\" content=\"Agora os moradores da Zona Noroeste de Santos v\u00e3o contar com mais uma linha municipal de \u00f4nibus. Entrou em circula\u00e7\u00e3o a linha 198, que passa\" \/>\n<meta property=\"og:url\" content=\"https:\/\/redenoticiaz.com.br\/litoralsp\/2022\/04\/29\/santos-conta-com-nova-linha-de-onibus-que-interliga-bairros-da-zona-noroeste\" \/>\n<meta property=\"og:site_name\" content=\"Litoral SP\" \/>\n<meta property=\"article:published_time\" content=\"2022-04-30T00:07:54+00:00\" \/>\n<meta property=\"og:image\" content=\"https:\/\/redenoticiaz.com.br\/litoralsp\/wp-content\/uploads\/sites\/3\/2022\/04\/busao.jpeg\" \/>\n\t<meta property=\"og:image:width\" content=\"927\" \/>\n\t<meta property=\"og:image:height\" content=\"618\" \/>\n\t<meta property=\"og:image:type\" content=\"image\/jpeg\" \/>\n<meta name=\"author\" content=\"Leonardo Francisco\" \/>\n<meta name=\"twitter:card\" content=\"summary_large_image\" \/>\n<meta name=\"twitter:label1\" content=\"Escrito por\" \/>\n\t<meta name=\"twitter:data1\" content=\"Leonardo Francisco\" \/>\n\t<meta name=\"twitter:label2\" content=\"Est. tempo de leitura\" \/>\n\t<meta name=\"twitter:data2\" content=\"1 minuto\" \/>\n<script type=\"application\/ld+json\" class=\"yoast-schema-graph\">{\"@context\":\"https:\\\/\\\/schema.org\",\"@graph\":[{\"@type\":\"Article\",\"@id\":\"https:\\\/\\\/redenoticiaz.com.br\\\/litoralsp\\\/2022\\\/04\\\/29\\\/santos-conta-com-nova-linha-de-onibus-que-interliga-bairros-da-zona-noroeste#article\",\"isPartOf\":{\"@id\":\"https:\\\/\\\/redenoticiaz.com.br\\\/litoralsp\\\/2022\\\/04\\\/29\\\/santos-conta-com-nova-linha-de-onibus-que-interliga-bairros-da-zona-noroeste\"},\"author\":{\"name\":\"Leonardo Francisco\",\"@id\":\"https:\\\/\\\/redenoticiaz.com.br\\\/litoralsp\\\/#\\\/schema\\\/person\\\/0f0b8a5bdafefe82841e07ae8d81ecb3\"},\"headline\":\"Santos conta com nova linha de \u00f4nibus que interliga bairros da Zona Noroeste\",\"datePublished\":\"2022-04-30T00:07:54+00:00\",\"mainEntityOfPage\":{\"@id\":\"https:\\\/\\\/redenoticiaz.com.br\\\/litoralsp\\\/2022\\\/04\\\/29\\\/santos-conta-com-nova-linha-de-onibus-que-interliga-bairros-da-zona-noroeste\"},\"wordCount\":210,\"commentCount\":0,\"publisher\":{\"@id\":\"https:\\\/\\\/redenoticiaz.com.br\\\/litoralsp\\\/#organization\"},\"image\":{\"@id\":\"https:\\\/\\\/redenoticiaz.com.br\\\/litoralsp\\\/2022\\\/04\\\/29\\\/santos-conta-com-nova-linha-de-onibus-que-interliga-bairros-da-zona-noroeste#primaryimage\"},\"thumbnailUrl\":\"https:\\\/\\\/redenoticiaz.com.br\\\/litoralsp\\\/wp-content\\\/uploads\\\/sites\\\/3\\\/2022\\\/04\\\/busao.jpeg\",\"keywords\":[\"LINHA 198\",\"LINHA MUNICIPAL\",\"Santos\",\"TRANSPORTE COLETIVO\",\"ZONA NOROESTE\"],\"articleSection\":[\"Santos\",\"Transportes\"],\"inLanguage\":\"pt-BR\",\"potentialAction\":[{\"@type\":\"CommentAction\",\"name\":\"Comment\",\"target\":[\"https:\\\/\\\/redenoticiaz.com.br\\\/litoralsp\\\/2022\\\/04\\\/29\\\/santos-conta-com-nova-linha-de-onibus-que-interliga-bairros-da-zona-noroeste#respond\"]}]},{\"@type\":\"WebPage\",\"@id\":\"https:\\\/\\\/redenoticiaz.com.br\\\/litoralsp\\\/2022\\\/04\\\/29\\\/santos-conta-com-nova-linha-de-onibus-que-interliga-bairros-da-zona-noroeste\",\"url\":\"https:\\\/\\\/redenoticiaz.com.br\\\/litoralsp\\\/2022\\\/04\\\/29\\\/santos-conta-com-nova-linha-de-onibus-que-interliga-bairros-da-zona-noroeste\",\"name\":\"Santos conta com nova linha de \u00f4nibus que interliga bairros da Zona Noroeste - Litoral SP\",\"isPartOf\":{\"@id\":\"https:\\\/\\\/redenoticiaz.com.br\\\/litoralsp\\\/#website\"},\"primaryImageOfPage\":{\"@id\":\"https:\\\/\\\/redenoticiaz.com.br\\\/litoralsp\\\/2022\\\/04\\\/29\\\/santos-conta-com-nova-linha-de-onibus-que-interliga-bairros-da-zona-noroeste#primaryimage\"},\"image\":{\"@id\":\"https:\\\/\\\/redenoticiaz.com.br\\\/litoralsp\\\/2022\\\/04\\\/29\\\/santos-conta-com-nova-linha-de-onibus-que-interliga-bairros-da-zona-noroeste#primaryimage\"},\"thumbnailUrl\":\"https:\\\/\\\/redenoticiaz.com.br\\\/litoralsp\\\/wp-content\\\/uploads\\\/sites\\\/3\\\/2022\\\/04\\\/busao.jpeg\",\"datePublished\":\"2022-04-30T00:07:54+00:00\",\"description\":\"Agora os moradores da Zona Noroeste de Santos v\u00e3o contar com mais uma linha municipal de \u00f4nibus. Entrou em circula\u00e7\u00e3o a linha 198, que passa\",\"inLanguage\":\"pt-BR\",\"potentialAction\":[{\"@type\":\"ReadAction\",\"target\":[\"https:\\\/\\\/redenoticiaz.com.br\\\/litoralsp\\\/2022\\\/04\\\/29\\\/santos-conta-com-nova-linha-de-onibus-que-interliga-bairros-da-zona-noroeste\"]}]},{\"@type\":\"ImageObject\",\"inLanguage\":\"pt-BR\",\"@id\":\"https:\\\/\\\/redenoticiaz.com.br\\\/litoralsp\\\/2022\\\/04\\\/29\\\/santos-conta-com-nova-linha-de-onibus-que-interliga-bairros-da-zona-noroeste#primaryimage\",\"url\":\"https:\\\/\\\/redenoticiaz.com.br\\\/litoralsp\\\/wp-content\\\/uploads\\\/sites\\\/3\\\/2022\\\/04\\\/busao.jpeg\",\"contentUrl\":\"https:\\\/\\\/redenoticiaz.com.br\\\/litoralsp\\\/wp-content\\\/uploads\\\/sites\\\/3\\\/2022\\\/04\\\/busao.jpeg\",\"width\":927,\"height\":618,\"caption\":\"Cr\u00e9ditos: Divulga\u00e7\u00e3o\\\/Prefeitura de Santos\"},{\"@type\":\"WebSite\",\"@id\":\"https:\\\/\\\/redenoticiaz.com.br\\\/litoralsp\\\/#website\",\"url\":\"https:\\\/\\\/redenoticiaz.com.br\\\/litoralsp\\\/\",\"name\":\"Litoral SP\",\"description\":\"Rede NoticiaZ\",\"publisher\":{\"@id\":\"https:\\\/\\\/redenoticiaz.com.br\\\/litoralsp\\\/#organization\"},\"potentialAction\":[{\"@type\":\"SearchAction\",\"target\":{\"@type\":\"EntryPoint\",\"urlTemplate\":\"https:\\\/\\\/redenoticiaz.com.br\\\/litoralsp\\\/?s={search_term_string}\"},\"query-input\":{\"@type\":\"PropertyValueSpecification\",\"valueRequired\":true,\"valueName\":\"search_term_string\"}}],\"inLanguage\":\"pt-BR\"},{\"@type\":\"Organization\",\"@id\":\"https:\\\/\\\/redenoticiaz.com.br\\\/litoralsp\\\/#organization\",\"name\":\"Litoral SP\",\"url\":\"https:\\\/\\\/redenoticiaz.com.br\\\/litoralsp\\\/\",\"logo\":{\"@type\":\"ImageObject\",\"inLanguage\":\"pt-BR\",\"@id\":\"https:\\\/\\\/redenoticiaz.com.br\\\/litoralsp\\\/#\\\/schema\\\/logo\\\/image\\\/\",\"url\":\"https:\\\/\\\/redenoticiaz.com.br\\\/litoralsp\\\/wp-content\\\/uploads\\\/sites\\\/3\\\/2020\\\/11\\\/logo.jpg\",\"contentUrl\":\"https:\\\/\\\/redenoticiaz.com.br\\\/litoralsp\\\/wp-content\\\/uploads\\\/sites\\\/3\\\/2020\\\/11\\\/logo.jpg\",\"width\":400,\"height\":250,\"caption\":\"Litoral SP\"},\"image\":{\"@id\":\"https:\\\/\\\/redenoticiaz.com.br\\\/litoralsp\\\/#\\\/schema\\\/logo\\\/image\\\/\"}},{\"@type\":\"Person\",\"@id\":\"https:\\\/\\\/redenoticiaz.com.br\\\/litoralsp\\\/#\\\/schema\\\/person\\\/0f0b8a5bdafefe82841e07ae8d81ecb3\",\"name\":\"Leonardo Francisco\",\"image\":{\"@type\":\"ImageObject\",\"inLanguage\":\"pt-BR\",\"@id\":\"https:\\\/\\\/secure.gravatar.com\\\/avatar\\\/a7358cb406a99b682ec6df1e77e31ae82e63601f6784e8a3df411d72b37864da?s=96&d=mm&r=g\",\"url\":\"https:\\\/\\\/secure.gravatar.com\\\/avatar\\\/a7358cb406a99b682ec6df1e77e31ae82e63601f6784e8a3df411d72b37864da?s=96&d=mm&r=g\",\"contentUrl\":\"https:\\\/\\\/secure.gravatar.com\\\/avatar\\\/a7358cb406a99b682ec6df1e77e31ae82e63601f6784e8a3df411d72b37864da?s=96&d=mm&r=g\",\"caption\":\"Leonardo Francisco\"},\"url\":\"https:\\\/\\\/redenoticiaz.com.br\\\/litoralsp\\\/author\\\/leonardo-francisco\"}]}<\/script>\n<!-- \/ Yoast SEO plugin. -->","yoast_head_json":{"title":"Santos conta com nova linha de \u00f4nibus que interliga bairros da Zona Noroeste - Litoral SP","description":"Agora os moradores da Zona Noroeste de Santos v\u00e3o contar com mais uma linha municipal de \u00f4nibus. Entrou em circula\u00e7\u00e3o a linha 198, que passa","robots":{"index":"index","follow":"follow","max-snippet":"max-snippet:-1","max-image-preview":"max-image-preview:large","max-video-preview":"max-video-preview:-1"},"canonical":"https:\/\/redenoticiaz.com.br\/litoralsp\/2022\/04\/29\/santos-conta-com-nova-linha-de-onibus-que-interliga-bairros-da-zona-noroeste","og_locale":"pt_BR","og_type":"article","og_title":"Santos conta com nova linha de \u00f4nibus que interliga bairros da Zona Noroeste - Litoral SP","og_description":"Agora os moradores da Zona Noroeste de Santos v\u00e3o contar com mais uma linha municipal de \u00f4nibus. Entrou em circula\u00e7\u00e3o a linha 198, que passa","og_url":"https:\/\/redenoticiaz.com.br\/litoralsp\/2022\/04\/29\/santos-conta-com-nova-linha-de-onibus-que-interliga-bairros-da-zona-noroeste","og_site_name":"Litoral SP","article_published_time":"2022-04-30T00:07:54+00:00","og_image":[{"width":927,"height":618,"url":"https:\/\/redenoticiaz.com.br\/litoralsp\/wp-content\/uploads\/sites\/3\/2022\/04\/busao.jpeg","type":"image\/jpeg"}],"author":"Leonardo Francisco","twitter_card":"summary_large_image","twitter_misc":{"Escrito por":"Leonardo Francisco","Est. tempo de leitura":"1 minuto"},"schema":{"@context":"https:\/\/schema.org","@graph":[{"@type":"Article","@id":"https:\/\/redenoticiaz.com.br\/litoralsp\/2022\/04\/29\/santos-conta-com-nova-linha-de-onibus-que-interliga-bairros-da-zona-noroeste#article","isPartOf":{"@id":"https:\/\/redenoticiaz.com.br\/litoralsp\/2022\/04\/29\/santos-conta-com-nova-linha-de-onibus-que-interliga-bairros-da-zona-noroeste"},"author":{"name":"Leonardo Francisco","@id":"https:\/\/redenoticiaz.com.br\/litoralsp\/#\/schema\/person\/0f0b8a5bdafefe82841e07ae8d81ecb3"},"headline":"Santos conta com nova linha de \u00f4nibus que interliga bairros da Zona Noroeste","datePublished":"2022-04-30T00:07:54+00:00","mainEntityOfPage":{"@id":"https:\/\/redenoticiaz.com.br\/litoralsp\/2022\/04\/29\/santos-conta-com-nova-linha-de-onibus-que-interliga-bairros-da-zona-noroeste"},"wordCount":210,"commentCount":0,"publisher":{"@id":"https:\/\/redenoticiaz.com.br\/litoralsp\/#organization"},"image":{"@id":"https:\/\/redenoticiaz.com.br\/litoralsp\/2022\/04\/29\/santos-conta-com-nova-linha-de-onibus-que-interliga-bairros-da-zona-noroeste#primaryimage"},"thumbnailUrl":"https:\/\/redenoticiaz.com.br\/litoralsp\/wp-content\/uploads\/sites\/3\/2022\/04\/busao.jpeg","keywords":["LINHA 198","LINHA MUNICIPAL","Santos","TRANSPORTE COLETIVO","ZONA NOROESTE"],"articleSection":["Santos","Transportes"],"inLanguage":"pt-BR","potentialAction":[{"@type":"CommentAction","name":"Comment","target":["https:\/\/redenoticiaz.com.br\/litoralsp\/2022\/04\/29\/santos-conta-com-nova-linha-de-onibus-que-interliga-bairros-da-zona-noroeste#respond"]}]},{"@type":"WebPage","@id":"https:\/\/redenoticiaz.com.br\/litoralsp\/2022\/04\/29\/santos-conta-com-nova-linha-de-onibus-que-interliga-bairros-da-zona-noroeste","url":"https:\/\/redenoticiaz.com.br\/litoralsp\/2022\/04\/29\/santos-conta-com-nova-linha-de-onibus-que-interliga-bairros-da-zona-noroeste","name":"Santos conta com nova linha de \u00f4nibus que interliga bairros da Zona Noroeste - Litoral SP","isPartOf":{"@id":"https:\/\/redenoticiaz.com.br\/litoralsp\/#website"},"primaryImageOfPage":{"@id":"https:\/\/redenoticiaz.com.br\/litoralsp\/2022\/04\/29\/santos-conta-com-nova-linha-de-onibus-que-interliga-bairros-da-zona-noroeste#primaryimage"},"image":{"@id":"https:\/\/redenoticiaz.com.br\/litoralsp\/2022\/04\/29\/santos-conta-com-nova-linha-de-onibus-que-interliga-bairros-da-zona-noroeste#primaryimage"},"thumbnailUrl":"https:\/\/redenoticiaz.com.br\/litoralsp\/wp-content\/uploads\/sites\/3\/2022\/04\/busao.jpeg","datePublished":"2022-04-30T00:07:54+00:00","description":"Agora os moradores da Zona Noroeste de Santos v\u00e3o contar com mais uma linha municipal de \u00f4nibus. Entrou em circula\u00e7\u00e3o a linha 198, que passa","inLanguage":"pt-BR","potentialAction":[{"@type":"ReadAction","target":["https:\/\/redenoticiaz.com.br\/litoralsp\/2022\/04\/29\/santos-conta-com-nova-linha-de-onibus-que-interliga-bairros-da-zona-noroeste"]}]},{"@type":"ImageObject","inLanguage":"pt-BR","@id":"https:\/\/redenoticiaz.com.br\/litoralsp\/2022\/04\/29\/santos-conta-com-nova-linha-de-onibus-que-interliga-bairros-da-zona-noroeste#primaryimage","url":"https:\/\/redenoticiaz.com.br\/litoralsp\/wp-content\/uploads\/sites\/3\/2022\/04\/busao.jpeg","contentUrl":"https:\/\/redenoticiaz.com.br\/litoralsp\/wp-content\/uploads\/sites\/3\/2022\/04\/busao.jpeg","width":927,"height":618,"caption":"Cr\u00e9ditos: Divulga\u00e7\u00e3o\/Prefeitura de Santos"},{"@type":"WebSite","@id":"https:\/\/redenoticiaz.com.br\/litoralsp\/#website","url":"https:\/\/redenoticiaz.com.br\/litoralsp\/","name":"Litoral SP","description":"Rede NoticiaZ","publisher":{"@id":"https:\/\/redenoticiaz.com.br\/litoralsp\/#organization"},"potentialAction":[{"@type":"SearchAction","target":{"@type":"EntryPoint","urlTemplate":"https:\/\/redenoticiaz.com.br\/litoralsp\/?s={search_term_string}"},"query-input":{"@type":"PropertyValueSpecification","valueRequired":true,"valueName":"search_term_string"}}],"inLanguage":"pt-BR"},{"@type":"Organization","@id":"https:\/\/redenoticiaz.com.br\/litoralsp\/#organization","name":"Litoral SP","url":"https:\/\/redenoticiaz.com.br\/litoralsp\/","logo":{"@type":"ImageObject","inLanguage":"pt-BR","@id":"https:\/\/redenoticiaz.com.br\/litoralsp\/#\/schema\/logo\/image\/","url":"https:\/\/redenoticiaz.com.br\/litoralsp\/wp-content\/uploads\/sites\/3\/2020\/11\/logo.jpg","contentUrl":"https:\/\/redenoticiaz.com.br\/litoralsp\/wp-content\/uploads\/sites\/3\/2020\/11\/logo.jpg","width":400,"height":250,"caption":"Litoral SP"},"image":{"@id":"https:\/\/redenoticiaz.com.br\/litoralsp\/#\/schema\/logo\/image\/"}},{"@type":"Person","@id":"https:\/\/redenoticiaz.com.br\/litoralsp\/#\/schema\/person\/0f0b8a5bdafefe82841e07ae8d81ecb3","name":"Leonardo Francisco","image":{"@type":"ImageObject","inLanguage":"pt-BR","@id":"https:\/\/secure.gravatar.com\/avatar\/a7358cb406a99b682ec6df1e77e31ae82e63601f6784e8a3df411d72b37864da?s=96&d=mm&r=g","url":"https:\/\/secure.gravatar.com\/avatar\/a7358cb406a99b682ec6df1e77e31ae82e63601f6784e8a3df411d72b37864da?s=96&d=mm&r=g","contentUrl":"https:\/\/secure.gravatar.com\/avatar\/a7358cb406a99b682ec6df1e77e31ae82e63601f6784e8a3df411d72b37864da?s=96&d=mm&r=g","caption":"Leonardo Francisco"},"url":"https:\/\/redenoticiaz.com.br\/litoralsp\/author\/leonardo-francisco"}]}},"_links":{"self":[{"href":"https:\/\/redenoticiaz.com.br\/litoralsp\/wp-json\/wp\/v2\/posts\/27565","targetHints":{"allow":["GET"]}}],"collection":[{"href":"https:\/\/redenoticiaz.com.br\/litoralsp\/wp-json\/wp\/v2\/posts"}],"about":[{"href":"https:\/\/redenoticiaz.com.br\/litoralsp\/wp-json\/wp\/v2\/types\/post"}],"author":[{"embeddable":true,"href":"https:\/\/redenoticiaz.com.br\/litoralsp\/wp-json\/wp\/v2\/users\/6"}],"replies":[{"embeddable":true,"href":"https:\/\/redenoticiaz.com.br\/litoralsp\/wp-json\/wp\/v2\/comments?post=27565"}],"version-history":[{"count":1,"href":"https:\/\/redenoticiaz.com.br\/litoralsp\/wp-json\/wp\/v2\/posts\/27565\/revisions"}],"predecessor-version":[{"id":27568,"href":"https:\/\/redenoticiaz.com.br\/litoralsp\/wp-json\/wp\/v2\/posts\/27565\/revisions\/27568"}],"wp:featuredmedia":[{"embeddable":true,"href":"https:\/\/redenoticiaz.com.br\/litoralsp\/wp-json\/wp\/v2\/media\/27566"}],"wp:attachment":[{"href":"https:\/\/redenoticiaz.com.br\/litoralsp\/wp-json\/wp\/v2\/media?parent=27565"}],"wp:term":[{"taxonomy":"category","embeddable":true,"href":"https:\/\/redenoticiaz.com.br\/litoralsp\/wp-json\/wp\/v2\/categories?post=27565"},{"taxonomy":"post_tag","embeddable":true,"href":"https:\/\/redenoticiaz.com.br\/litoralsp\/wp-json\/wp\/v2\/tags?post=27565"}],"curies":[{"name":"wp","href":"https:\/\/api.w.org\/{rel}","templated":true}]}}