{"id":27569,"date":"2022-04-29T21:20:10","date_gmt":"2022-04-30T00:20:10","guid":{"rendered":"https:\/\/redenoticiaz.com.br\/litoralsp\/2022\/04\/29\/video-falso-entregador-acusado-de-matar-jovem-e-encontrado-e-preso"},"modified":"2022-04-29T21:20:10","modified_gmt":"2022-04-30T00:20:10","slug":"video-falso-entregador-acusado-de-matar-jovem-e-encontrado-e-preso","status":"publish","type":"post","link":"https:\/\/redenoticiaz.com.br\/litoralsp\/2022\/04\/29\/video-falso-entregador-acusado-de-matar-jovem-e-encontrado-e-preso","title":{"rendered":"V\u00cdDEO &#8211; Falso entregador acusado de matar jovem \u00e9 encontrado e preso"},"content":{"rendered":"<div class=\"text\">\n<div>\n<p>Policiais da 1\u00aa Delegacia de Crimes Contra o Patrim\u00f4nio do DEIC de <a href=\"https:\/\/www.capital.sp.gov.br\/\">S\u00e3o Paulo<\/a> identificaram e prenderam o <strong>suspeito de ser o autor dos disparos<\/strong> que mataram o jovem Renan Silva Loureiro. Trata-se de\u00a0Acxel Gabriel de Holanda Peres, de 23 anos. Ele j\u00e1 tem passagem pela Pol\u00edcia por porte ilegal de armas.<\/p>\n<\/div>\n<\/div>\n<div class=\"text\">\n<div>\n<p>Na casa dele, em uma comunidade da zona sul, perto da Rodovia dos Imigrantes, a pol\u00edcia encontrou a arma do crime, de calibre 38. Tamb\u00e9m no local foi achada a jaqueta que ele utilizava no momento do crime e a bolsa da empresa de delivery usada por ele.<\/p>\n<h5>Veja o v\u00eddeo:<\/h5>\n<div style=\"width: 480px;\" class=\"wp-video\"><video class=\"wp-video-shortcode\" id=\"video-27569-1\" width=\"480\" height=\"848\" preload=\"metadata\" controls=\"controls\"><source type=\"video\/mp4\" src=\"https:\/\/redenoticiaz.com.br\/litoralsp\/wp-content\/uploads\/sites\/3\/2022\/04\/whatsapp-video-2022-04-29-at-14-59-31.mp4?_=1\" \/><a href=\"https:\/\/redenoticiaz.com.br\/litoralsp\/wp-content\/uploads\/sites\/3\/2022\/04\/whatsapp-video-2022-04-29-at-14-59-31.mp4\">https:\/\/redenoticiaz.com.br\/litoralsp\/wp-content\/uploads\/sites\/3\/2022\/04\/whatsapp-video-2022-04-29-at-14-59-31.mp4<\/a><\/video><\/div>\n<div>\n<p>Na \u00faltima segunda-feira (26), Renan Silva Loureiro, de 21 anos, caminhava com a namorada por uma rua quando foram abordados pelo falso entregador que anunciou o assalto e pediu o celular dos dois. Eles entregaram, mas Renan reagiu para proteger a namorada e acabou sendo baleado na cabe\u00e7a.<\/p>\n<\/div>\n<div>\n<p>Uma c\u00e2mera de seguran\u00e7a registrou a a\u00e7\u00e3o do criminoso, que ap\u00f3s balear Renan ainda pediu o celular da mo\u00e7a e fugiu.<\/p>\n<div>\n<p>Em um\u00a0segundo v\u00eddeo de seguran\u00e7a, gravado por um outro \u00e2ngulo, \u00e9 poss\u00edvel ver o momento em que Renan se ajoelha e diz &#8220;eu n\u00e3o tenho nada&#8221; antes de ser morto. Renan levou quatro tiros. A garota aparece nas imagens gritando por &#8220;socorro&#8221;.<\/p>\n<\/div>\n<div>\n<p>Renan e namorada trabalhavam juntos em uma cafeteria. Eles faziam o mesmo caminho todos os dias na volta para casa.<\/p>\n<p><strong>LEIA TAMB\u00c9M<\/strong><\/p>\n<p><a href=\"https:\/\/redenoticiaz.com.br\/blog\/2022\/04\/29\/homem-morre-apos-pneu-de-caminhao-explodir-em-louveira\">Homem morre ap\u00f3s pneu de caminh\u00e3o explodir em Louveira<\/a><\/p>\n<\/div>\n<\/div>\n<\/div>\n<\/div>\n","protected":false},"excerpt":{"rendered":"<p>Policiais da 1\u00aa Delegacia de Crimes Contra o Patrim\u00f4nio do DEIC de S\u00e3o Paulo identificaram e prenderam o suspeito de ser o autor dos disparos que mataram o jovem Renan Silva Loureiro. Trata-se de\u00a0Acxel Gabriel de Holanda Peres, de 23 anos. Ele j\u00e1 tem passagem pela Pol\u00edcia por porte ilegal de armas. Na casa dele, &hellip;<\/p>\n","protected":false},"author":6,"featured_media":27571,"comment_status":"open","ping_status":"closed","sticky":false,"template":"","format":"standard","meta":{"footnotes":""},"categories":[10],"tags":[1606,54998,6342,65,54999],"class_list":["post-27569","post","type-post","status-publish","format-standard","has-post-thumbnail","hentry","category-policia","tag-assassinato","tag-falso-entregador","tag-homem-preso","tag-sao-paulo","tag-zona-sul"],"yoast_head":"<!-- This site is optimized with the Yoast SEO plugin v27.5 - https:\/\/yoast.com\/product\/yoast-seo-wordpress\/ -->\n<title>V\u00cdDEO - Falso entregador acusado de matar jovem \u00e9 encontrado e preso - Litoral SP<\/title>\n<meta name=\"description\" content=\"Patrim\u00f4nio do DEIC de S\u00e3o Paulo identificaram e prenderam o suspeito de ser o autor dos disparos que mataram o jovem Renan Silva Loureiro\" \/>\n<meta name=\"robots\" content=\"index, follow, max-snippet:-1, max-image-preview:large, max-video-preview:-1\" \/>\n<link rel=\"canonical\" href=\"https:\/\/redenoticiaz.com.br\/litoralsp\/2022\/04\/29\/video-falso-entregador-acusado-de-matar-jovem-e-encontrado-e-preso\" \/>\n<meta property=\"og:locale\" content=\"pt_BR\" \/>\n<meta property=\"og:type\" content=\"article\" \/>\n<meta property=\"og:title\" content=\"V\u00cdDEO - Falso entregador acusado de matar jovem \u00e9 encontrado e preso - Litoral SP\" \/>\n<meta property=\"og:description\" content=\"Patrim\u00f4nio do DEIC de S\u00e3o Paulo identificaram e prenderam o suspeito de ser o autor dos disparos que mataram o jovem Renan Silva Loureiro\" \/>\n<meta property=\"og:url\" content=\"https:\/\/redenoticiaz.com.br\/litoralsp\/2022\/04\/29\/video-falso-entregador-acusado-de-matar-jovem-e-encontrado-e-preso\" \/>\n<meta property=\"og:site_name\" content=\"Litoral SP\" \/>\n<meta property=\"article:published_time\" content=\"2022-04-30T00:20:10+00:00\" \/>\n<meta name=\"author\" content=\"Leonardo Francisco\" \/>\n<meta name=\"twitter:card\" content=\"summary_large_image\" \/>\n<meta name=\"twitter:image\" content=\"https:\/\/redenoticiaz.com.br\/litoralsp\/wp-content\/uploads\/sites\/3\/2022\/04\/jovem-foi-morto-mesmo-apos-se-ajoelhar-aos-pes-do-falso-entregador-foto-reproducao-twitter.jpg?v=1651277805\" \/>\n<meta name=\"twitter:label1\" content=\"Escrito por\" \/>\n\t<meta name=\"twitter:data1\" content=\"Leonardo Francisco\" \/>\n\t<meta name=\"twitter:label2\" content=\"Est. tempo de leitura\" \/>\n\t<meta name=\"twitter:data2\" content=\"1 minuto\" \/>\n<script type=\"application\/ld+json\" class=\"yoast-schema-graph\">{\"@context\":\"https:\\\/\\\/schema.org\",\"@graph\":[{\"@type\":\"Article\",\"@id\":\"https:\\\/\\\/redenoticiaz.com.br\\\/litoralsp\\\/2022\\\/04\\\/29\\\/video-falso-entregador-acusado-de-matar-jovem-e-encontrado-e-preso#article\",\"isPartOf\":{\"@id\":\"https:\\\/\\\/redenoticiaz.com.br\\\/litoralsp\\\/2022\\\/04\\\/29\\\/video-falso-entregador-acusado-de-matar-jovem-e-encontrado-e-preso\"},\"author\":{\"name\":\"Leonardo Francisco\",\"@id\":\"https:\\\/\\\/redenoticiaz.com.br\\\/litoralsp\\\/#\\\/schema\\\/person\\\/0f0b8a5bdafefe82841e07ae8d81ecb3\"},\"headline\":\"V\u00cdDEO &#8211; Falso entregador acusado de matar jovem \u00e9 encontrado e preso\",\"datePublished\":\"2022-04-30T00:20:10+00:00\",\"mainEntityOfPage\":{\"@id\":\"https:\\\/\\\/redenoticiaz.com.br\\\/litoralsp\\\/2022\\\/04\\\/29\\\/video-falso-entregador-acusado-de-matar-jovem-e-encontrado-e-preso\"},\"wordCount\":292,\"commentCount\":0,\"publisher\":{\"@id\":\"https:\\\/\\\/redenoticiaz.com.br\\\/litoralsp\\\/#organization\"},\"image\":{\"@id\":\"https:\\\/\\\/redenoticiaz.com.br\\\/litoralsp\\\/2022\\\/04\\\/29\\\/video-falso-entregador-acusado-de-matar-jovem-e-encontrado-e-preso#primaryimage\"},\"thumbnailUrl\":\"https:\\\/\\\/redenoticiaz.com.br\\\/litoralsp\\\/wp-content\\\/uploads\\\/sites\\\/3\\\/2022\\\/04\\\/jovem-foi-morto-mesmo-apos-se-ajoelhar-aos-pes-do-falso-entregador-foto-reproducao-twitter.jpg?v=1651277805\",\"keywords\":[\"ASSASSINATO\",\"FALSO ENTREGADOR\",\"HOMEM PRESO\",\"S\u00e3o Paulo\",\"ZONA SUL\"],\"articleSection\":[\"Pol\u00edcia\"],\"inLanguage\":\"pt-BR\",\"potentialAction\":[{\"@type\":\"CommentAction\",\"name\":\"Comment\",\"target\":[\"https:\\\/\\\/redenoticiaz.com.br\\\/litoralsp\\\/2022\\\/04\\\/29\\\/video-falso-entregador-acusado-de-matar-jovem-e-encontrado-e-preso#respond\"]}]},{\"@type\":\"WebPage\",\"@id\":\"https:\\\/\\\/redenoticiaz.com.br\\\/litoralsp\\\/2022\\\/04\\\/29\\\/video-falso-entregador-acusado-de-matar-jovem-e-encontrado-e-preso\",\"url\":\"https:\\\/\\\/redenoticiaz.com.br\\\/litoralsp\\\/2022\\\/04\\\/29\\\/video-falso-entregador-acusado-de-matar-jovem-e-encontrado-e-preso\",\"name\":\"V\u00cdDEO - Falso entregador acusado de matar jovem \u00e9 encontrado e preso - Litoral SP\",\"isPartOf\":{\"@id\":\"https:\\\/\\\/redenoticiaz.com.br\\\/litoralsp\\\/#website\"},\"primaryImageOfPage\":{\"@id\":\"https:\\\/\\\/redenoticiaz.com.br\\\/litoralsp\\\/2022\\\/04\\\/29\\\/video-falso-entregador-acusado-de-matar-jovem-e-encontrado-e-preso#primaryimage\"},\"image\":{\"@id\":\"https:\\\/\\\/redenoticiaz.com.br\\\/litoralsp\\\/2022\\\/04\\\/29\\\/video-falso-entregador-acusado-de-matar-jovem-e-encontrado-e-preso#primaryimage\"},\"thumbnailUrl\":\"https:\\\/\\\/redenoticiaz.com.br\\\/litoralsp\\\/wp-content\\\/uploads\\\/sites\\\/3\\\/2022\\\/04\\\/jovem-foi-morto-mesmo-apos-se-ajoelhar-aos-pes-do-falso-entregador-foto-reproducao-twitter.jpg?v=1651277805\",\"datePublished\":\"2022-04-30T00:20:10+00:00\",\"description\":\"Patrim\u00f4nio do DEIC de S\u00e3o Paulo identificaram e prenderam o suspeito de ser o autor dos disparos que mataram o jovem Renan Silva Loureiro\",\"inLanguage\":\"pt-BR\",\"potentialAction\":[{\"@type\":\"ReadAction\",\"target\":[\"https:\\\/\\\/redenoticiaz.com.br\\\/litoralsp\\\/2022\\\/04\\\/29\\\/video-falso-entregador-acusado-de-matar-jovem-e-encontrado-e-preso\"]}]},{\"@type\":\"ImageObject\",\"inLanguage\":\"pt-BR\",\"@id\":\"https:\\\/\\\/redenoticiaz.com.br\\\/litoralsp\\\/2022\\\/04\\\/29\\\/video-falso-entregador-acusado-de-matar-jovem-e-encontrado-e-preso#primaryimage\",\"url\":\"https:\\\/\\\/redenoticiaz.com.br\\\/litoralsp\\\/wp-content\\\/uploads\\\/sites\\\/3\\\/2022\\\/04\\\/jovem-foi-morto-mesmo-apos-se-ajoelhar-aos-pes-do-falso-entregador-foto-reproducao-twitter.jpg?v=1651277805\",\"contentUrl\":\"https:\\\/\\\/redenoticiaz.com.br\\\/litoralsp\\\/wp-content\\\/uploads\\\/sites\\\/3\\\/2022\\\/04\\\/jovem-foi-morto-mesmo-apos-se-ajoelhar-aos-pes-do-falso-entregador-foto-reproducao-twitter.jpg?v=1651277805\",\"width\":1200,\"height\":673,\"caption\":\"Cr\u00e9ditos: Reprodu\u00e7\u00e3o\"},{\"@type\":\"WebSite\",\"@id\":\"https:\\\/\\\/redenoticiaz.com.br\\\/litoralsp\\\/#website\",\"url\":\"https:\\\/\\\/redenoticiaz.com.br\\\/litoralsp\\\/\",\"name\":\"Litoral SP\",\"description\":\"Rede NoticiaZ\",\"publisher\":{\"@id\":\"https:\\\/\\\/redenoticiaz.com.br\\\/litoralsp\\\/#organization\"},\"potentialAction\":[{\"@type\":\"SearchAction\",\"target\":{\"@type\":\"EntryPoint\",\"urlTemplate\":\"https:\\\/\\\/redenoticiaz.com.br\\\/litoralsp\\\/?s={search_term_string}\"},\"query-input\":{\"@type\":\"PropertyValueSpecification\",\"valueRequired\":true,\"valueName\":\"search_term_string\"}}],\"inLanguage\":\"pt-BR\"},{\"@type\":\"Organization\",\"@id\":\"https:\\\/\\\/redenoticiaz.com.br\\\/litoralsp\\\/#organization\",\"name\":\"Litoral SP\",\"url\":\"https:\\\/\\\/redenoticiaz.com.br\\\/litoralsp\\\/\",\"logo\":{\"@type\":\"ImageObject\",\"inLanguage\":\"pt-BR\",\"@id\":\"https:\\\/\\\/redenoticiaz.com.br\\\/litoralsp\\\/#\\\/schema\\\/logo\\\/image\\\/\",\"url\":\"https:\\\/\\\/redenoticiaz.com.br\\\/litoralsp\\\/wp-content\\\/uploads\\\/sites\\\/3\\\/2020\\\/11\\\/logo.jpg\",\"contentUrl\":\"https:\\\/\\\/redenoticiaz.com.br\\\/litoralsp\\\/wp-content\\\/uploads\\\/sites\\\/3\\\/2020\\\/11\\\/logo.jpg\",\"width\":400,\"height\":250,\"caption\":\"Litoral SP\"},\"image\":{\"@id\":\"https:\\\/\\\/redenoticiaz.com.br\\\/litoralsp\\\/#\\\/schema\\\/logo\\\/image\\\/\"}},{\"@type\":\"Person\",\"@id\":\"https:\\\/\\\/redenoticiaz.com.br\\\/litoralsp\\\/#\\\/schema\\\/person\\\/0f0b8a5bdafefe82841e07ae8d81ecb3\",\"name\":\"Leonardo Francisco\",\"image\":{\"@type\":\"ImageObject\",\"inLanguage\":\"pt-BR\",\"@id\":\"https:\\\/\\\/secure.gravatar.com\\\/avatar\\\/a7358cb406a99b682ec6df1e77e31ae82e63601f6784e8a3df411d72b37864da?s=96&d=mm&r=g\",\"url\":\"https:\\\/\\\/secure.gravatar.com\\\/avatar\\\/a7358cb406a99b682ec6df1e77e31ae82e63601f6784e8a3df411d72b37864da?s=96&d=mm&r=g\",\"contentUrl\":\"https:\\\/\\\/secure.gravatar.com\\\/avatar\\\/a7358cb406a99b682ec6df1e77e31ae82e63601f6784e8a3df411d72b37864da?s=96&d=mm&r=g\",\"caption\":\"Leonardo Francisco\"},\"url\":\"https:\\\/\\\/redenoticiaz.com.br\\\/litoralsp\\\/author\\\/leonardo-francisco\"}]}<\/script>\n<!-- \/ Yoast SEO plugin. -->","yoast_head_json":{"title":"V\u00cdDEO - Falso entregador acusado de matar jovem \u00e9 encontrado e preso - Litoral SP","description":"Patrim\u00f4nio do DEIC de S\u00e3o Paulo identificaram e prenderam o suspeito de ser o autor dos disparos que mataram o jovem Renan Silva Loureiro","robots":{"index":"index","follow":"follow","max-snippet":"max-snippet:-1","max-image-preview":"max-image-preview:large","max-video-preview":"max-video-preview:-1"},"canonical":"https:\/\/redenoticiaz.com.br\/litoralsp\/2022\/04\/29\/video-falso-entregador-acusado-de-matar-jovem-e-encontrado-e-preso","og_locale":"pt_BR","og_type":"article","og_title":"V\u00cdDEO - Falso entregador acusado de matar jovem \u00e9 encontrado e preso - Litoral SP","og_description":"Patrim\u00f4nio do DEIC de S\u00e3o Paulo identificaram e prenderam o suspeito de ser o autor dos disparos que mataram o jovem Renan Silva Loureiro","og_url":"https:\/\/redenoticiaz.com.br\/litoralsp\/2022\/04\/29\/video-falso-entregador-acusado-de-matar-jovem-e-encontrado-e-preso","og_site_name":"Litoral SP","article_published_time":"2022-04-30T00:20:10+00:00","author":"Leonardo Francisco","twitter_card":"summary_large_image","twitter_image":"https:\/\/redenoticiaz.com.br\/litoralsp\/wp-content\/uploads\/sites\/3\/2022\/04\/jovem-foi-morto-mesmo-apos-se-ajoelhar-aos-pes-do-falso-entregador-foto-reproducao-twitter.jpg?v=1651277805","twitter_misc":{"Escrito por":"Leonardo Francisco","Est. tempo de leitura":"1 minuto"},"schema":{"@context":"https:\/\/schema.org","@graph":[{"@type":"Article","@id":"https:\/\/redenoticiaz.com.br\/litoralsp\/2022\/04\/29\/video-falso-entregador-acusado-de-matar-jovem-e-encontrado-e-preso#article","isPartOf":{"@id":"https:\/\/redenoticiaz.com.br\/litoralsp\/2022\/04\/29\/video-falso-entregador-acusado-de-matar-jovem-e-encontrado-e-preso"},"author":{"name":"Leonardo Francisco","@id":"https:\/\/redenoticiaz.com.br\/litoralsp\/#\/schema\/person\/0f0b8a5bdafefe82841e07ae8d81ecb3"},"headline":"V\u00cdDEO &#8211; Falso entregador acusado de matar jovem \u00e9 encontrado e preso","datePublished":"2022-04-30T00:20:10+00:00","mainEntityOfPage":{"@id":"https:\/\/redenoticiaz.com.br\/litoralsp\/2022\/04\/29\/video-falso-entregador-acusado-de-matar-jovem-e-encontrado-e-preso"},"wordCount":292,"commentCount":0,"publisher":{"@id":"https:\/\/redenoticiaz.com.br\/litoralsp\/#organization"},"image":{"@id":"https:\/\/redenoticiaz.com.br\/litoralsp\/2022\/04\/29\/video-falso-entregador-acusado-de-matar-jovem-e-encontrado-e-preso#primaryimage"},"thumbnailUrl":"https:\/\/redenoticiaz.com.br\/litoralsp\/wp-content\/uploads\/sites\/3\/2022\/04\/jovem-foi-morto-mesmo-apos-se-ajoelhar-aos-pes-do-falso-entregador-foto-reproducao-twitter.jpg?v=1651277805","keywords":["ASSASSINATO","FALSO ENTREGADOR","HOMEM PRESO","S\u00e3o Paulo","ZONA SUL"],"articleSection":["Pol\u00edcia"],"inLanguage":"pt-BR","potentialAction":[{"@type":"CommentAction","name":"Comment","target":["https:\/\/redenoticiaz.com.br\/litoralsp\/2022\/04\/29\/video-falso-entregador-acusado-de-matar-jovem-e-encontrado-e-preso#respond"]}]},{"@type":"WebPage","@id":"https:\/\/redenoticiaz.com.br\/litoralsp\/2022\/04\/29\/video-falso-entregador-acusado-de-matar-jovem-e-encontrado-e-preso","url":"https:\/\/redenoticiaz.com.br\/litoralsp\/2022\/04\/29\/video-falso-entregador-acusado-de-matar-jovem-e-encontrado-e-preso","name":"V\u00cdDEO - Falso entregador acusado de matar jovem \u00e9 encontrado e preso - Litoral SP","isPartOf":{"@id":"https:\/\/redenoticiaz.com.br\/litoralsp\/#website"},"primaryImageOfPage":{"@id":"https:\/\/redenoticiaz.com.br\/litoralsp\/2022\/04\/29\/video-falso-entregador-acusado-de-matar-jovem-e-encontrado-e-preso#primaryimage"},"image":{"@id":"https:\/\/redenoticiaz.com.br\/litoralsp\/2022\/04\/29\/video-falso-entregador-acusado-de-matar-jovem-e-encontrado-e-preso#primaryimage"},"thumbnailUrl":"https:\/\/redenoticiaz.com.br\/litoralsp\/wp-content\/uploads\/sites\/3\/2022\/04\/jovem-foi-morto-mesmo-apos-se-ajoelhar-aos-pes-do-falso-entregador-foto-reproducao-twitter.jpg?v=1651277805","datePublished":"2022-04-30T00:20:10+00:00","description":"Patrim\u00f4nio do DEIC de S\u00e3o Paulo identificaram e prenderam o suspeito de ser o autor dos disparos que mataram o jovem Renan Silva Loureiro","inLanguage":"pt-BR","potentialAction":[{"@type":"ReadAction","target":["https:\/\/redenoticiaz.com.br\/litoralsp\/2022\/04\/29\/video-falso-entregador-acusado-de-matar-jovem-e-encontrado-e-preso"]}]},{"@type":"ImageObject","inLanguage":"pt-BR","@id":"https:\/\/redenoticiaz.com.br\/litoralsp\/2022\/04\/29\/video-falso-entregador-acusado-de-matar-jovem-e-encontrado-e-preso#primaryimage","url":"https:\/\/redenoticiaz.com.br\/litoralsp\/wp-content\/uploads\/sites\/3\/2022\/04\/jovem-foi-morto-mesmo-apos-se-ajoelhar-aos-pes-do-falso-entregador-foto-reproducao-twitter.jpg?v=1651277805","contentUrl":"https:\/\/redenoticiaz.com.br\/litoralsp\/wp-content\/uploads\/sites\/3\/2022\/04\/jovem-foi-morto-mesmo-apos-se-ajoelhar-aos-pes-do-falso-entregador-foto-reproducao-twitter.jpg?v=1651277805","width":1200,"height":673,"caption":"Cr\u00e9ditos: Reprodu\u00e7\u00e3o"},{"@type":"WebSite","@id":"https:\/\/redenoticiaz.com.br\/litoralsp\/#website","url":"https:\/\/redenoticiaz.com.br\/litoralsp\/","name":"Litoral SP","description":"Rede NoticiaZ","publisher":{"@id":"https:\/\/redenoticiaz.com.br\/litoralsp\/#organization"},"potentialAction":[{"@type":"SearchAction","target":{"@type":"EntryPoint","urlTemplate":"https:\/\/redenoticiaz.com.br\/litoralsp\/?s={search_term_string}"},"query-input":{"@type":"PropertyValueSpecification","valueRequired":true,"valueName":"search_term_string"}}],"inLanguage":"pt-BR"},{"@type":"Organization","@id":"https:\/\/redenoticiaz.com.br\/litoralsp\/#organization","name":"Litoral SP","url":"https:\/\/redenoticiaz.com.br\/litoralsp\/","logo":{"@type":"ImageObject","inLanguage":"pt-BR","@id":"https:\/\/redenoticiaz.com.br\/litoralsp\/#\/schema\/logo\/image\/","url":"https:\/\/redenoticiaz.com.br\/litoralsp\/wp-content\/uploads\/sites\/3\/2020\/11\/logo.jpg","contentUrl":"https:\/\/redenoticiaz.com.br\/litoralsp\/wp-content\/uploads\/sites\/3\/2020\/11\/logo.jpg","width":400,"height":250,"caption":"Litoral SP"},"image":{"@id":"https:\/\/redenoticiaz.com.br\/litoralsp\/#\/schema\/logo\/image\/"}},{"@type":"Person","@id":"https:\/\/redenoticiaz.com.br\/litoralsp\/#\/schema\/person\/0f0b8a5bdafefe82841e07ae8d81ecb3","name":"Leonardo Francisco","image":{"@type":"ImageObject","inLanguage":"pt-BR","@id":"https:\/\/secure.gravatar.com\/avatar\/a7358cb406a99b682ec6df1e77e31ae82e63601f6784e8a3df411d72b37864da?s=96&d=mm&r=g","url":"https:\/\/secure.gravatar.com\/avatar\/a7358cb406a99b682ec6df1e77e31ae82e63601f6784e8a3df411d72b37864da?s=96&d=mm&r=g","contentUrl":"https:\/\/secure.gravatar.com\/avatar\/a7358cb406a99b682ec6df1e77e31ae82e63601f6784e8a3df411d72b37864da?s=96&d=mm&r=g","caption":"Leonardo Francisco"},"url":"https:\/\/redenoticiaz.com.br\/litoralsp\/author\/leonardo-francisco"}]}},"_links":{"self":[{"href":"https:\/\/redenoticiaz.com.br\/litoralsp\/wp-json\/wp\/v2\/posts\/27569","targetHints":{"allow":["GET"]}}],"collection":[{"href":"https:\/\/redenoticiaz.com.br\/litoralsp\/wp-json\/wp\/v2\/posts"}],"about":[{"href":"https:\/\/redenoticiaz.com.br\/litoralsp\/wp-json\/wp\/v2\/types\/post"}],"author":[{"embeddable":true,"href":"https:\/\/redenoticiaz.com.br\/litoralsp\/wp-json\/wp\/v2\/users\/6"}],"replies":[{"embeddable":true,"href":"https:\/\/redenoticiaz.com.br\/litoralsp\/wp-json\/wp\/v2\/comments?post=27569"}],"version-history":[{"count":1,"href":"https:\/\/redenoticiaz.com.br\/litoralsp\/wp-json\/wp\/v2\/posts\/27569\/revisions"}],"predecessor-version":[{"id":27572,"href":"https:\/\/redenoticiaz.com.br\/litoralsp\/wp-json\/wp\/v2\/posts\/27569\/revisions\/27572"}],"wp:featuredmedia":[{"embeddable":true,"href":"https:\/\/redenoticiaz.com.br\/litoralsp\/wp-json\/wp\/v2\/media\/27571"}],"wp:attachment":[{"href":"https:\/\/redenoticiaz.com.br\/litoralsp\/wp-json\/wp\/v2\/media?parent=27569"}],"wp:term":[{"taxonomy":"category","embeddable":true,"href":"https:\/\/redenoticiaz.com.br\/litoralsp\/wp-json\/wp\/v2\/categories?post=27569"},{"taxonomy":"post_tag","embeddable":true,"href":"https:\/\/redenoticiaz.com.br\/litoralsp\/wp-json\/wp\/v2\/tags?post=27569"}],"curies":[{"name":"wp","href":"https:\/\/api.w.org\/{rel}","templated":true}]}}