{"id":27681,"date":"2022-05-03T19:30:10","date_gmt":"2022-05-03T22:30:10","guid":{"rendered":"https:\/\/redenoticiaz.com.br\/litoralsp\/?p=27681"},"modified":"2022-05-04T10:55:42","modified_gmt":"2022-05-04T13:55:42","slug":"de-tornozeleira-prefeito-afastado-de-guaruja-e-esposa-cumprem-medida-da-justica","status":"publish","type":"post","link":"https:\/\/redenoticiaz.com.br\/litoralsp\/2022\/05\/03\/de-tornozeleira-prefeito-afastado-de-guaruja-e-esposa-cumprem-medida-da-justica","title":{"rendered":"De tornozeleira! Prefeito afastado de Guaruj\u00e1 e esposa cumprem medida da Justi\u00e7a"},"content":{"rendered":"<p>Cumprindo uma determina\u00e7\u00e3o da Justi\u00e7a, o Prefeito afastado de Guaruj\u00e1 Valter Suman e sua esposa, Edna Suman colocaram tornozeleiras eletr\u00f4nicas na tarde desta ter\u00e7a &#8211; feira (3).<\/p>\n<p>O Casal esteve na Sede do F\u00f3rum Federal de Santos e foram filmados e fotografados saindo do local ap\u00f3s instalar o dispositivo.<\/p>\n<p>De acordo com a Controladoria Geral da Uni\u00e3o e do Tribunal de Contas da Uni\u00e3o, o casal est\u00e1 sendo investigado na segunda fase da Opera\u00e7\u00e3o N\u00e1car.\u00a0Segundo o advogado do casal, que estava no local afirmou que a Justi\u00e7a est\u00e1 cometendo um grande equ\u00edvoco.<\/p>\n<p><strong>Opera\u00e7\u00e3o<\/strong><\/p>\n<p>V\u00e1lter Suman, ent\u00e3o Prefeito de Guaruj\u00e1 e o seu Secret\u00e1rio de Educa\u00e7\u00e3o, Marcelo Nicolau foram presos pela Pol\u00edcia em 15 de Setembro. Ambos tiveram suas casas como alvos da Pol\u00edcia Federal de Santos devido a apura\u00e7\u00e3o de um esquema de desvio de dinheiro.\u00a0Em 17 de Setembro a Justi\u00e7a concedeu liberdade a ambos.<\/p>\n<div class=\"mc-column content-text active-extra-styles \" data-block-type=\"unstyled\" data-block-weight=\"47\" data-block-id=\"22\"><\/div>\n<div class=\"wall protected-content\">\n<div class=\"mc-column content-text active-extra-styles \" data-block-type=\"unstyled\" data-block-weight=\"44\" data-block-id=\"6\">\n<p class=\"content-text__container \" data-track-category=\"Link no Texto\" data-track-links=\"\">Em 29 de mar\u00e7o, V\u00e1lter Suman foi afastado do cargo e a Prefeitura da Cidade passou a ser gerida pela sua Vice, Adriana Machado.<\/p>\n<p data-track-category=\"Link no Texto\" data-track-links=\"\"><a href=\"https:\/\/redenoticiaz.com.br\/litoralsp\/2022\/04\/27\/valter-suman-e-notificado-pela-camara-de-guaruja-para-apresentar-defesa-contra-o-impeachment\">V\u00e1lter Suman \u00e9 notificado pela C\u00e2mara de Guaruj\u00e1 para apresentar defesa contra o impeachment<\/a><\/p>\n<\/div>\n<\/div>\n","protected":false},"excerpt":{"rendered":"<p>Cumprindo uma determina\u00e7\u00e3o da Justi\u00e7a, o Prefeito afastado de Guaruj\u00e1 Valter Suman e sua esposa, Edna Suman colocaram tornozeleiras eletr\u00f4nicas na tarde desta ter\u00e7a &#8211; feira (3). O Casal esteve na Sede do F\u00f3rum Federal de Santos e foram filmados e fotografados saindo do local ap\u00f3s instalar o dispositivo. De acordo com a Controladoria Geral &hellip;<\/p>\n","protected":false},"author":12,"featured_media":27682,"comment_status":"open","ping_status":"closed","sticky":false,"template":"","format":"standard","meta":{"footnotes":""},"categories":[22,10,15],"tags":[55144,1006,53063,1007],"class_list":["post-27681","post","type-post","status-publish","format-standard","has-post-thumbnail","hentry","category-justica","category-policia","category-politica","tag-afastado","tag-guaruja","tag-tornozeleira-eletronica","tag-valter-suman"],"yoast_head":"<!-- This site is optimized with the Yoast SEO plugin v27.5 - https:\/\/yoast.com\/product\/yoast-seo-wordpress\/ -->\n<title>Prefeito afastado de guaruja e esposa cumprem medida da justica<\/title>\n<meta name=\"description\" content=\"Cumprindo uma determina\u00e7\u00e3o da Justi\u00e7a, o Prefeito afastado de Guaruj\u00e1 Valter Suman e sua esposa, Edna Suman colocaram tornozeleiras eletr\u00f4nicas\" \/>\n<meta name=\"robots\" content=\"index, follow, max-snippet:-1, max-image-preview:large, max-video-preview:-1\" \/>\n<link rel=\"canonical\" href=\"https:\/\/redenoticiaz.com.br\/litoralsp\/2022\/05\/03\/de-tornozeleira-prefeito-afastado-de-guaruja-e-esposa-cumprem-medida-da-justica\" \/>\n<meta property=\"og:locale\" content=\"pt_BR\" \/>\n<meta property=\"og:type\" content=\"article\" \/>\n<meta property=\"og:title\" content=\"Prefeito afastado de guaruja e esposa cumprem medida da justica\" \/>\n<meta property=\"og:description\" content=\"Cumprindo uma determina\u00e7\u00e3o da Justi\u00e7a, o Prefeito afastado de Guaruj\u00e1 Valter Suman e sua esposa, Edna Suman colocaram tornozeleiras eletr\u00f4nicas\" \/>\n<meta property=\"og:url\" content=\"https:\/\/redenoticiaz.com.br\/litoralsp\/2022\/05\/03\/de-tornozeleira-prefeito-afastado-de-guaruja-e-esposa-cumprem-medida-da-justica\" \/>\n<meta property=\"og:site_name\" content=\"Litoral SP\" \/>\n<meta property=\"article:published_time\" content=\"2022-05-03T22:30:10+00:00\" \/>\n<meta property=\"article:modified_time\" content=\"2022-05-04T13:55:42+00:00\" \/>\n<meta property=\"og:image\" content=\"https:\/\/redenoticiaz.com.br\/litoralsp\/wp-content\/uploads\/sites\/3\/2022\/05\/gggg.jpg\" \/>\n\t<meta property=\"og:image:width\" content=\"1000\" \/>\n\t<meta property=\"og:image:height\" content=\"750\" \/>\n\t<meta property=\"og:image:type\" content=\"image\/jpeg\" \/>\n<meta name=\"author\" content=\"Gustavo Silva\" \/>\n<meta name=\"twitter:card\" content=\"summary_large_image\" \/>\n<meta name=\"twitter:label1\" content=\"Escrito por\" \/>\n\t<meta name=\"twitter:data1\" content=\"Gustavo Silva\" \/>\n\t<meta name=\"twitter:label2\" content=\"Est. tempo de leitura\" \/>\n\t<meta name=\"twitter:data2\" content=\"1 minuto\" \/>\n<script type=\"application\/ld+json\" class=\"yoast-schema-graph\">{\"@context\":\"https:\\\/\\\/schema.org\",\"@graph\":[{\"@type\":\"Article\",\"@id\":\"https:\\\/\\\/redenoticiaz.com.br\\\/litoralsp\\\/2022\\\/05\\\/03\\\/de-tornozeleira-prefeito-afastado-de-guaruja-e-esposa-cumprem-medida-da-justica#article\",\"isPartOf\":{\"@id\":\"https:\\\/\\\/redenoticiaz.com.br\\\/litoralsp\\\/2022\\\/05\\\/03\\\/de-tornozeleira-prefeito-afastado-de-guaruja-e-esposa-cumprem-medida-da-justica\"},\"author\":{\"name\":\"Gustavo Silva\",\"@id\":\"https:\\\/\\\/redenoticiaz.com.br\\\/litoralsp\\\/#\\\/schema\\\/person\\\/16057b37a3c0ee6b096d7f887c566e2e\"},\"headline\":\"De tornozeleira! Prefeito afastado de Guaruj\u00e1 e esposa cumprem medida da Justi\u00e7a\",\"datePublished\":\"2022-05-03T22:30:10+00:00\",\"dateModified\":\"2022-05-04T13:55:42+00:00\",\"mainEntityOfPage\":{\"@id\":\"https:\\\/\\\/redenoticiaz.com.br\\\/litoralsp\\\/2022\\\/05\\\/03\\\/de-tornozeleira-prefeito-afastado-de-guaruja-e-esposa-cumprem-medida-da-justica\"},\"wordCount\":218,\"commentCount\":0,\"publisher\":{\"@id\":\"https:\\\/\\\/redenoticiaz.com.br\\\/litoralsp\\\/#organization\"},\"image\":{\"@id\":\"https:\\\/\\\/redenoticiaz.com.br\\\/litoralsp\\\/2022\\\/05\\\/03\\\/de-tornozeleira-prefeito-afastado-de-guaruja-e-esposa-cumprem-medida-da-justica#primaryimage\"},\"thumbnailUrl\":\"https:\\\/\\\/redenoticiaz.com.br\\\/litoralsp\\\/wp-content\\\/uploads\\\/sites\\\/3\\\/2022\\\/05\\\/gggg.jpg\",\"keywords\":[\"afastado\",\"GUARUJ\u00c1\",\"TORNOZELEIRA ELETR\u00d4NICA\",\"V\u00c1LTER SUMAN\"],\"articleSection\":[\"Justi\u00e7a\",\"Pol\u00edcia\",\"Pol\u00edtica\"],\"inLanguage\":\"pt-BR\",\"potentialAction\":[{\"@type\":\"CommentAction\",\"name\":\"Comment\",\"target\":[\"https:\\\/\\\/redenoticiaz.com.br\\\/litoralsp\\\/2022\\\/05\\\/03\\\/de-tornozeleira-prefeito-afastado-de-guaruja-e-esposa-cumprem-medida-da-justica#respond\"]}]},{\"@type\":\"WebPage\",\"@id\":\"https:\\\/\\\/redenoticiaz.com.br\\\/litoralsp\\\/2022\\\/05\\\/03\\\/de-tornozeleira-prefeito-afastado-de-guaruja-e-esposa-cumprem-medida-da-justica\",\"url\":\"https:\\\/\\\/redenoticiaz.com.br\\\/litoralsp\\\/2022\\\/05\\\/03\\\/de-tornozeleira-prefeito-afastado-de-guaruja-e-esposa-cumprem-medida-da-justica\",\"name\":\"Prefeito afastado de guaruja e esposa cumprem medida da justica\",\"isPartOf\":{\"@id\":\"https:\\\/\\\/redenoticiaz.com.br\\\/litoralsp\\\/#website\"},\"primaryImageOfPage\":{\"@id\":\"https:\\\/\\\/redenoticiaz.com.br\\\/litoralsp\\\/2022\\\/05\\\/03\\\/de-tornozeleira-prefeito-afastado-de-guaruja-e-esposa-cumprem-medida-da-justica#primaryimage\"},\"image\":{\"@id\":\"https:\\\/\\\/redenoticiaz.com.br\\\/litoralsp\\\/2022\\\/05\\\/03\\\/de-tornozeleira-prefeito-afastado-de-guaruja-e-esposa-cumprem-medida-da-justica#primaryimage\"},\"thumbnailUrl\":\"https:\\\/\\\/redenoticiaz.com.br\\\/litoralsp\\\/wp-content\\\/uploads\\\/sites\\\/3\\\/2022\\\/05\\\/gggg.jpg\",\"datePublished\":\"2022-05-03T22:30:10+00:00\",\"dateModified\":\"2022-05-04T13:55:42+00:00\",\"description\":\"Cumprindo uma determina\u00e7\u00e3o da Justi\u00e7a, o Prefeito afastado de Guaruj\u00e1 Valter Suman e sua esposa, Edna Suman colocaram tornozeleiras eletr\u00f4nicas\",\"inLanguage\":\"pt-BR\",\"potentialAction\":[{\"@type\":\"ReadAction\",\"target\":[\"https:\\\/\\\/redenoticiaz.com.br\\\/litoralsp\\\/2022\\\/05\\\/03\\\/de-tornozeleira-prefeito-afastado-de-guaruja-e-esposa-cumprem-medida-da-justica\"]}]},{\"@type\":\"ImageObject\",\"inLanguage\":\"pt-BR\",\"@id\":\"https:\\\/\\\/redenoticiaz.com.br\\\/litoralsp\\\/2022\\\/05\\\/03\\\/de-tornozeleira-prefeito-afastado-de-guaruja-e-esposa-cumprem-medida-da-justica#primaryimage\",\"url\":\"https:\\\/\\\/redenoticiaz.com.br\\\/litoralsp\\\/wp-content\\\/uploads\\\/sites\\\/3\\\/2022\\\/05\\\/gggg.jpg\",\"contentUrl\":\"https:\\\/\\\/redenoticiaz.com.br\\\/litoralsp\\\/wp-content\\\/uploads\\\/sites\\\/3\\\/2022\\\/05\\\/gggg.jpg\",\"width\":1000,\"height\":750,\"caption\":\"De tornozoleira! Prefeito afastado de Guaruj\u00e1 e esposa cumprem medida da Justi\u00e7a\"},{\"@type\":\"WebSite\",\"@id\":\"https:\\\/\\\/redenoticiaz.com.br\\\/litoralsp\\\/#website\",\"url\":\"https:\\\/\\\/redenoticiaz.com.br\\\/litoralsp\\\/\",\"name\":\"Litoral SP\",\"description\":\"Rede NoticiaZ\",\"publisher\":{\"@id\":\"https:\\\/\\\/redenoticiaz.com.br\\\/litoralsp\\\/#organization\"},\"potentialAction\":[{\"@type\":\"SearchAction\",\"target\":{\"@type\":\"EntryPoint\",\"urlTemplate\":\"https:\\\/\\\/redenoticiaz.com.br\\\/litoralsp\\\/?s={search_term_string}\"},\"query-input\":{\"@type\":\"PropertyValueSpecification\",\"valueRequired\":true,\"valueName\":\"search_term_string\"}}],\"inLanguage\":\"pt-BR\"},{\"@type\":\"Organization\",\"@id\":\"https:\\\/\\\/redenoticiaz.com.br\\\/litoralsp\\\/#organization\",\"name\":\"Litoral SP\",\"url\":\"https:\\\/\\\/redenoticiaz.com.br\\\/litoralsp\\\/\",\"logo\":{\"@type\":\"ImageObject\",\"inLanguage\":\"pt-BR\",\"@id\":\"https:\\\/\\\/redenoticiaz.com.br\\\/litoralsp\\\/#\\\/schema\\\/logo\\\/image\\\/\",\"url\":\"https:\\\/\\\/redenoticiaz.com.br\\\/litoralsp\\\/wp-content\\\/uploads\\\/sites\\\/3\\\/2020\\\/11\\\/logo.jpg\",\"contentUrl\":\"https:\\\/\\\/redenoticiaz.com.br\\\/litoralsp\\\/wp-content\\\/uploads\\\/sites\\\/3\\\/2020\\\/11\\\/logo.jpg\",\"width\":400,\"height\":250,\"caption\":\"Litoral SP\"},\"image\":{\"@id\":\"https:\\\/\\\/redenoticiaz.com.br\\\/litoralsp\\\/#\\\/schema\\\/logo\\\/image\\\/\"}},{\"@type\":\"Person\",\"@id\":\"https:\\\/\\\/redenoticiaz.com.br\\\/litoralsp\\\/#\\\/schema\\\/person\\\/16057b37a3c0ee6b096d7f887c566e2e\",\"name\":\"Gustavo Silva\",\"image\":{\"@type\":\"ImageObject\",\"inLanguage\":\"pt-BR\",\"@id\":\"https:\\\/\\\/secure.gravatar.com\\\/avatar\\\/3ee4e82f93b26de0a7cf4ea5eb7893da637ed6bb0c9170c58065944c56e28a33?s=96&d=mm&r=g\",\"url\":\"https:\\\/\\\/secure.gravatar.com\\\/avatar\\\/3ee4e82f93b26de0a7cf4ea5eb7893da637ed6bb0c9170c58065944c56e28a33?s=96&d=mm&r=g\",\"contentUrl\":\"https:\\\/\\\/secure.gravatar.com\\\/avatar\\\/3ee4e82f93b26de0a7cf4ea5eb7893da637ed6bb0c9170c58065944c56e28a33?s=96&d=mm&r=g\",\"caption\":\"Gustavo Silva\"},\"url\":\"https:\\\/\\\/redenoticiaz.com.br\\\/litoralsp\\\/author\\\/gustavosilva\"}]}<\/script>\n<!-- \/ Yoast SEO plugin. -->","yoast_head_json":{"title":"Prefeito afastado de guaruja e esposa cumprem medida da justica","description":"Cumprindo uma determina\u00e7\u00e3o da Justi\u00e7a, o Prefeito afastado de Guaruj\u00e1 Valter Suman e sua esposa, Edna Suman colocaram tornozeleiras eletr\u00f4nicas","robots":{"index":"index","follow":"follow","max-snippet":"max-snippet:-1","max-image-preview":"max-image-preview:large","max-video-preview":"max-video-preview:-1"},"canonical":"https:\/\/redenoticiaz.com.br\/litoralsp\/2022\/05\/03\/de-tornozeleira-prefeito-afastado-de-guaruja-e-esposa-cumprem-medida-da-justica","og_locale":"pt_BR","og_type":"article","og_title":"Prefeito afastado de guaruja e esposa cumprem medida da justica","og_description":"Cumprindo uma determina\u00e7\u00e3o da Justi\u00e7a, o Prefeito afastado de Guaruj\u00e1 Valter Suman e sua esposa, Edna Suman colocaram tornozeleiras eletr\u00f4nicas","og_url":"https:\/\/redenoticiaz.com.br\/litoralsp\/2022\/05\/03\/de-tornozeleira-prefeito-afastado-de-guaruja-e-esposa-cumprem-medida-da-justica","og_site_name":"Litoral SP","article_published_time":"2022-05-03T22:30:10+00:00","article_modified_time":"2022-05-04T13:55:42+00:00","og_image":[{"width":1000,"height":750,"url":"https:\/\/redenoticiaz.com.br\/litoralsp\/wp-content\/uploads\/sites\/3\/2022\/05\/gggg.jpg","type":"image\/jpeg"}],"author":"Gustavo Silva","twitter_card":"summary_large_image","twitter_misc":{"Escrito por":"Gustavo Silva","Est. tempo de leitura":"1 minuto"},"schema":{"@context":"https:\/\/schema.org","@graph":[{"@type":"Article","@id":"https:\/\/redenoticiaz.com.br\/litoralsp\/2022\/05\/03\/de-tornozeleira-prefeito-afastado-de-guaruja-e-esposa-cumprem-medida-da-justica#article","isPartOf":{"@id":"https:\/\/redenoticiaz.com.br\/litoralsp\/2022\/05\/03\/de-tornozeleira-prefeito-afastado-de-guaruja-e-esposa-cumprem-medida-da-justica"},"author":{"name":"Gustavo Silva","@id":"https:\/\/redenoticiaz.com.br\/litoralsp\/#\/schema\/person\/16057b37a3c0ee6b096d7f887c566e2e"},"headline":"De tornozeleira! Prefeito afastado de Guaruj\u00e1 e esposa cumprem medida da Justi\u00e7a","datePublished":"2022-05-03T22:30:10+00:00","dateModified":"2022-05-04T13:55:42+00:00","mainEntityOfPage":{"@id":"https:\/\/redenoticiaz.com.br\/litoralsp\/2022\/05\/03\/de-tornozeleira-prefeito-afastado-de-guaruja-e-esposa-cumprem-medida-da-justica"},"wordCount":218,"commentCount":0,"publisher":{"@id":"https:\/\/redenoticiaz.com.br\/litoralsp\/#organization"},"image":{"@id":"https:\/\/redenoticiaz.com.br\/litoralsp\/2022\/05\/03\/de-tornozeleira-prefeito-afastado-de-guaruja-e-esposa-cumprem-medida-da-justica#primaryimage"},"thumbnailUrl":"https:\/\/redenoticiaz.com.br\/litoralsp\/wp-content\/uploads\/sites\/3\/2022\/05\/gggg.jpg","keywords":["afastado","GUARUJ\u00c1","TORNOZELEIRA ELETR\u00d4NICA","V\u00c1LTER SUMAN"],"articleSection":["Justi\u00e7a","Pol\u00edcia","Pol\u00edtica"],"inLanguage":"pt-BR","potentialAction":[{"@type":"CommentAction","name":"Comment","target":["https:\/\/redenoticiaz.com.br\/litoralsp\/2022\/05\/03\/de-tornozeleira-prefeito-afastado-de-guaruja-e-esposa-cumprem-medida-da-justica#respond"]}]},{"@type":"WebPage","@id":"https:\/\/redenoticiaz.com.br\/litoralsp\/2022\/05\/03\/de-tornozeleira-prefeito-afastado-de-guaruja-e-esposa-cumprem-medida-da-justica","url":"https:\/\/redenoticiaz.com.br\/litoralsp\/2022\/05\/03\/de-tornozeleira-prefeito-afastado-de-guaruja-e-esposa-cumprem-medida-da-justica","name":"Prefeito afastado de guaruja e esposa cumprem medida da justica","isPartOf":{"@id":"https:\/\/redenoticiaz.com.br\/litoralsp\/#website"},"primaryImageOfPage":{"@id":"https:\/\/redenoticiaz.com.br\/litoralsp\/2022\/05\/03\/de-tornozeleira-prefeito-afastado-de-guaruja-e-esposa-cumprem-medida-da-justica#primaryimage"},"image":{"@id":"https:\/\/redenoticiaz.com.br\/litoralsp\/2022\/05\/03\/de-tornozeleira-prefeito-afastado-de-guaruja-e-esposa-cumprem-medida-da-justica#primaryimage"},"thumbnailUrl":"https:\/\/redenoticiaz.com.br\/litoralsp\/wp-content\/uploads\/sites\/3\/2022\/05\/gggg.jpg","datePublished":"2022-05-03T22:30:10+00:00","dateModified":"2022-05-04T13:55:42+00:00","description":"Cumprindo uma determina\u00e7\u00e3o da Justi\u00e7a, o Prefeito afastado de Guaruj\u00e1 Valter Suman e sua esposa, Edna Suman colocaram tornozeleiras eletr\u00f4nicas","inLanguage":"pt-BR","potentialAction":[{"@type":"ReadAction","target":["https:\/\/redenoticiaz.com.br\/litoralsp\/2022\/05\/03\/de-tornozeleira-prefeito-afastado-de-guaruja-e-esposa-cumprem-medida-da-justica"]}]},{"@type":"ImageObject","inLanguage":"pt-BR","@id":"https:\/\/redenoticiaz.com.br\/litoralsp\/2022\/05\/03\/de-tornozeleira-prefeito-afastado-de-guaruja-e-esposa-cumprem-medida-da-justica#primaryimage","url":"https:\/\/redenoticiaz.com.br\/litoralsp\/wp-content\/uploads\/sites\/3\/2022\/05\/gggg.jpg","contentUrl":"https:\/\/redenoticiaz.com.br\/litoralsp\/wp-content\/uploads\/sites\/3\/2022\/05\/gggg.jpg","width":1000,"height":750,"caption":"De tornozoleira! Prefeito afastado de Guaruj\u00e1 e esposa cumprem medida da Justi\u00e7a"},{"@type":"WebSite","@id":"https:\/\/redenoticiaz.com.br\/litoralsp\/#website","url":"https:\/\/redenoticiaz.com.br\/litoralsp\/","name":"Litoral SP","description":"Rede NoticiaZ","publisher":{"@id":"https:\/\/redenoticiaz.com.br\/litoralsp\/#organization"},"potentialAction":[{"@type":"SearchAction","target":{"@type":"EntryPoint","urlTemplate":"https:\/\/redenoticiaz.com.br\/litoralsp\/?s={search_term_string}"},"query-input":{"@type":"PropertyValueSpecification","valueRequired":true,"valueName":"search_term_string"}}],"inLanguage":"pt-BR"},{"@type":"Organization","@id":"https:\/\/redenoticiaz.com.br\/litoralsp\/#organization","name":"Litoral SP","url":"https:\/\/redenoticiaz.com.br\/litoralsp\/","logo":{"@type":"ImageObject","inLanguage":"pt-BR","@id":"https:\/\/redenoticiaz.com.br\/litoralsp\/#\/schema\/logo\/image\/","url":"https:\/\/redenoticiaz.com.br\/litoralsp\/wp-content\/uploads\/sites\/3\/2020\/11\/logo.jpg","contentUrl":"https:\/\/redenoticiaz.com.br\/litoralsp\/wp-content\/uploads\/sites\/3\/2020\/11\/logo.jpg","width":400,"height":250,"caption":"Litoral SP"},"image":{"@id":"https:\/\/redenoticiaz.com.br\/litoralsp\/#\/schema\/logo\/image\/"}},{"@type":"Person","@id":"https:\/\/redenoticiaz.com.br\/litoralsp\/#\/schema\/person\/16057b37a3c0ee6b096d7f887c566e2e","name":"Gustavo Silva","image":{"@type":"ImageObject","inLanguage":"pt-BR","@id":"https:\/\/secure.gravatar.com\/avatar\/3ee4e82f93b26de0a7cf4ea5eb7893da637ed6bb0c9170c58065944c56e28a33?s=96&d=mm&r=g","url":"https:\/\/secure.gravatar.com\/avatar\/3ee4e82f93b26de0a7cf4ea5eb7893da637ed6bb0c9170c58065944c56e28a33?s=96&d=mm&r=g","contentUrl":"https:\/\/secure.gravatar.com\/avatar\/3ee4e82f93b26de0a7cf4ea5eb7893da637ed6bb0c9170c58065944c56e28a33?s=96&d=mm&r=g","caption":"Gustavo Silva"},"url":"https:\/\/redenoticiaz.com.br\/litoralsp\/author\/gustavosilva"}]}},"_links":{"self":[{"href":"https:\/\/redenoticiaz.com.br\/litoralsp\/wp-json\/wp\/v2\/posts\/27681","targetHints":{"allow":["GET"]}}],"collection":[{"href":"https:\/\/redenoticiaz.com.br\/litoralsp\/wp-json\/wp\/v2\/posts"}],"about":[{"href":"https:\/\/redenoticiaz.com.br\/litoralsp\/wp-json\/wp\/v2\/types\/post"}],"author":[{"embeddable":true,"href":"https:\/\/redenoticiaz.com.br\/litoralsp\/wp-json\/wp\/v2\/users\/12"}],"replies":[{"embeddable":true,"href":"https:\/\/redenoticiaz.com.br\/litoralsp\/wp-json\/wp\/v2\/comments?post=27681"}],"version-history":[{"count":1,"href":"https:\/\/redenoticiaz.com.br\/litoralsp\/wp-json\/wp\/v2\/posts\/27681\/revisions"}],"predecessor-version":[{"id":27683,"href":"https:\/\/redenoticiaz.com.br\/litoralsp\/wp-json\/wp\/v2\/posts\/27681\/revisions\/27683"}],"wp:featuredmedia":[{"embeddable":true,"href":"https:\/\/redenoticiaz.com.br\/litoralsp\/wp-json\/wp\/v2\/media\/27682"}],"wp:attachment":[{"href":"https:\/\/redenoticiaz.com.br\/litoralsp\/wp-json\/wp\/v2\/media?parent=27681"}],"wp:term":[{"taxonomy":"category","embeddable":true,"href":"https:\/\/redenoticiaz.com.br\/litoralsp\/wp-json\/wp\/v2\/categories?post=27681"},{"taxonomy":"post_tag","embeddable":true,"href":"https:\/\/redenoticiaz.com.br\/litoralsp\/wp-json\/wp\/v2\/tags?post=27681"}],"curies":[{"name":"wp","href":"https:\/\/api.w.org\/{rel}","templated":true}]}}