{"id":27779,"date":"2022-05-05T18:16:52","date_gmt":"2022-05-05T21:16:52","guid":{"rendered":"https:\/\/redenoticiaz.com.br\/litoralsp\/?p=27779"},"modified":"2022-05-05T18:16:52","modified_gmt":"2022-05-05T21:16:52","slug":"trio-com-quase-8-kilos-de-drogas-e-preso-em-peruibe","status":"publish","type":"post","link":"https:\/\/redenoticiaz.com.br\/litoralsp\/2022\/05\/05\/trio-com-quase-8-kilos-de-drogas-e-preso-em-peruibe","title":{"rendered":"Trio com quase 8 Kilos de Drogas \u00e9 preso em Peru\u00edbe"},"content":{"rendered":"<p>A Dise de <a href=\"https:\/\/www.praiagrande.sp.gov.br\/\">Praia Grande<\/a> prendeu um flagrante um trio de homens suspeitos de comercializarem drogas na Cidade de Peru\u00edbe. O Caso aconteceu na noite desta \u00faltima quarta &#8211; feira (4).<\/p>\n<p>De acordo com a Pol\u00edcia, os investigadores descobriram um im\u00f3vel no bairro Caraguava que era utilizado como dep\u00f3sito de drogas que vinham de S\u00e3o Vicente. Estes produtos seriam vendidos em Peru\u00edbe.<\/p>\n<p>Houve o monitoramento do local e foi constatado que o trio agia dentro do im\u00f3vel. As equipes entraram na resid\u00eancia e prenderam em flagrante todos os suspeitos. Um destes homens tentou fugir, mas foi surpreendido por uma equipe que estava fora da resid\u00eancia.<\/p>\n<p>Segundo a Pol\u00edcia, foram apreendidos 3079 por\u00e7\u00f5es de maconha, 1293 pinos com coca\u00edna , 93 pedras de crack , um tijolo e um saco a granel com maconha. De acordo com as equipes, 12 celulares, r\u00e1dio e duas balan\u00e7as de precis\u00e3o foram apreendidos. Uma quantia de R$ 446,00 foi encontrada.<\/p>\n<p>Os suspeitos continuam presos para que as equipes possam continuar com as investiga\u00e7\u00f5es.<\/p>\n<p>Leia Mais<\/p>\n<p><a href=\"https:\/\/redenoticiaz.com.br\/litoralsp\/2022\/04\/27\/dupla-e-detida-sob-acusacao-de-trafico-de-drogas-em-peruibe\">Dupla \u00e9 detida sob acusa\u00e7\u00e3o de tr\u00e1fico de drogas em Peru\u00edbe<\/a><\/p>\n","protected":false},"excerpt":{"rendered":"<p>A Dise de Praia Grande prendeu um flagrante um trio de homens suspeitos de comercializarem drogas na Cidade de Peru\u00edbe. O Caso aconteceu na noite desta \u00faltima quarta &#8211; feira (4). De acordo com a Pol\u00edcia, os investigadores descobriram um im\u00f3vel no bairro Caraguava que era utilizado como dep\u00f3sito de drogas que vinham de S\u00e3o &hellip;<\/p>\n","protected":false},"author":12,"featured_media":27780,"comment_status":"open","ping_status":"closed","sticky":false,"template":"","format":"standard","meta":{"footnotes":""},"categories":[182],"tags":[72,1101,7568],"class_list":["post-27779","post","type-post","status-publish","format-standard","has-post-thumbnail","hentry","category-praia-grande","tag-drogas","tag-praia-grande","tag-trafico"],"yoast_head":"<!-- This site is optimized with the Yoast SEO plugin v27.5 - https:\/\/yoast.com\/product\/yoast-seo-wordpress\/ -->\n<title>Trio com quase 8 Kilos de Drogas \u00e9 preso em Peru\u00edbe - Litoral SP<\/title>\n<meta name=\"description\" content=\"A Dise de Praia Grande prendeu um flagrante um trio de homens suspeitos de comercializarem drogas na Cidade de Peru\u00edbe. O Caso aconteceu nesta quarta (4).\" \/>\n<meta name=\"robots\" content=\"index, follow, max-snippet:-1, max-image-preview:large, max-video-preview:-1\" \/>\n<link rel=\"canonical\" href=\"https:\/\/redenoticiaz.com.br\/litoralsp\/2022\/05\/05\/trio-com-quase-8-kilos-de-drogas-e-preso-em-peruibe\" \/>\n<meta property=\"og:locale\" content=\"pt_BR\" \/>\n<meta property=\"og:type\" content=\"article\" \/>\n<meta property=\"og:title\" content=\"Trio com quase 8 Kilos de Drogas \u00e9 preso em Peru\u00edbe - Litoral SP\" \/>\n<meta property=\"og:description\" content=\"A Dise de Praia Grande prendeu um flagrante um trio de homens suspeitos de comercializarem drogas na Cidade de Peru\u00edbe. O Caso aconteceu nesta quarta (4).\" \/>\n<meta property=\"og:url\" content=\"https:\/\/redenoticiaz.com.br\/litoralsp\/2022\/05\/05\/trio-com-quase-8-kilos-de-drogas-e-preso-em-peruibe\" \/>\n<meta property=\"og:site_name\" content=\"Litoral SP\" \/>\n<meta property=\"article:published_time\" content=\"2022-05-05T21:16:52+00:00\" \/>\n<meta property=\"og:image\" content=\"https:\/\/redenoticiaz.com.br\/litoralsp\/wp-content\/uploads\/sites\/3\/2022\/05\/trafico.jpg\" \/>\n\t<meta property=\"og:image:width\" content=\"1600\" \/>\n\t<meta property=\"og:image:height\" content=\"900\" \/>\n\t<meta property=\"og:image:type\" content=\"image\/jpeg\" \/>\n<meta name=\"author\" content=\"Gustavo Silva\" \/>\n<meta name=\"twitter:card\" content=\"summary_large_image\" \/>\n<meta name=\"twitter:label1\" content=\"Escrito por\" \/>\n\t<meta name=\"twitter:data1\" content=\"Gustavo Silva\" \/>\n\t<meta name=\"twitter:label2\" content=\"Est. tempo de leitura\" \/>\n\t<meta name=\"twitter:data2\" content=\"1 minuto\" \/>\n<script type=\"application\/ld+json\" class=\"yoast-schema-graph\">{\"@context\":\"https:\\\/\\\/schema.org\",\"@graph\":[{\"@type\":\"Article\",\"@id\":\"https:\\\/\\\/redenoticiaz.com.br\\\/litoralsp\\\/2022\\\/05\\\/05\\\/trio-com-quase-8-kilos-de-drogas-e-preso-em-peruibe#article\",\"isPartOf\":{\"@id\":\"https:\\\/\\\/redenoticiaz.com.br\\\/litoralsp\\\/2022\\\/05\\\/05\\\/trio-com-quase-8-kilos-de-drogas-e-preso-em-peruibe\"},\"author\":{\"name\":\"Gustavo Silva\",\"@id\":\"https:\\\/\\\/redenoticiaz.com.br\\\/litoralsp\\\/#\\\/schema\\\/person\\\/16057b37a3c0ee6b096d7f887c566e2e\"},\"headline\":\"Trio com quase 8 Kilos de Drogas \u00e9 preso em Peru\u00edbe\",\"datePublished\":\"2022-05-05T21:16:52+00:00\",\"mainEntityOfPage\":{\"@id\":\"https:\\\/\\\/redenoticiaz.com.br\\\/litoralsp\\\/2022\\\/05\\\/05\\\/trio-com-quase-8-kilos-de-drogas-e-preso-em-peruibe\"},\"wordCount\":201,\"commentCount\":0,\"publisher\":{\"@id\":\"https:\\\/\\\/redenoticiaz.com.br\\\/litoralsp\\\/#organization\"},\"image\":{\"@id\":\"https:\\\/\\\/redenoticiaz.com.br\\\/litoralsp\\\/2022\\\/05\\\/05\\\/trio-com-quase-8-kilos-de-drogas-e-preso-em-peruibe#primaryimage\"},\"thumbnailUrl\":\"https:\\\/\\\/redenoticiaz.com.br\\\/litoralsp\\\/wp-content\\\/uploads\\\/sites\\\/3\\\/2022\\\/05\\\/trafico.jpg\",\"keywords\":[\"drogas\",\"PRAIA GRANDE\",\"Tr\u00e1fico\"],\"articleSection\":[\"Praia Grande\"],\"inLanguage\":\"pt-BR\",\"potentialAction\":[{\"@type\":\"CommentAction\",\"name\":\"Comment\",\"target\":[\"https:\\\/\\\/redenoticiaz.com.br\\\/litoralsp\\\/2022\\\/05\\\/05\\\/trio-com-quase-8-kilos-de-drogas-e-preso-em-peruibe#respond\"]}]},{\"@type\":\"WebPage\",\"@id\":\"https:\\\/\\\/redenoticiaz.com.br\\\/litoralsp\\\/2022\\\/05\\\/05\\\/trio-com-quase-8-kilos-de-drogas-e-preso-em-peruibe\",\"url\":\"https:\\\/\\\/redenoticiaz.com.br\\\/litoralsp\\\/2022\\\/05\\\/05\\\/trio-com-quase-8-kilos-de-drogas-e-preso-em-peruibe\",\"name\":\"Trio com quase 8 Kilos de Drogas \u00e9 preso em Peru\u00edbe - Litoral SP\",\"isPartOf\":{\"@id\":\"https:\\\/\\\/redenoticiaz.com.br\\\/litoralsp\\\/#website\"},\"primaryImageOfPage\":{\"@id\":\"https:\\\/\\\/redenoticiaz.com.br\\\/litoralsp\\\/2022\\\/05\\\/05\\\/trio-com-quase-8-kilos-de-drogas-e-preso-em-peruibe#primaryimage\"},\"image\":{\"@id\":\"https:\\\/\\\/redenoticiaz.com.br\\\/litoralsp\\\/2022\\\/05\\\/05\\\/trio-com-quase-8-kilos-de-drogas-e-preso-em-peruibe#primaryimage\"},\"thumbnailUrl\":\"https:\\\/\\\/redenoticiaz.com.br\\\/litoralsp\\\/wp-content\\\/uploads\\\/sites\\\/3\\\/2022\\\/05\\\/trafico.jpg\",\"datePublished\":\"2022-05-05T21:16:52+00:00\",\"description\":\"A Dise de Praia Grande prendeu um flagrante um trio de homens suspeitos de comercializarem drogas na Cidade de Peru\u00edbe. O Caso aconteceu nesta quarta (4).\",\"inLanguage\":\"pt-BR\",\"potentialAction\":[{\"@type\":\"ReadAction\",\"target\":[\"https:\\\/\\\/redenoticiaz.com.br\\\/litoralsp\\\/2022\\\/05\\\/05\\\/trio-com-quase-8-kilos-de-drogas-e-preso-em-peruibe\"]}]},{\"@type\":\"ImageObject\",\"inLanguage\":\"pt-BR\",\"@id\":\"https:\\\/\\\/redenoticiaz.com.br\\\/litoralsp\\\/2022\\\/05\\\/05\\\/trio-com-quase-8-kilos-de-drogas-e-preso-em-peruibe#primaryimage\",\"url\":\"https:\\\/\\\/redenoticiaz.com.br\\\/litoralsp\\\/wp-content\\\/uploads\\\/sites\\\/3\\\/2022\\\/05\\\/trafico.jpg\",\"contentUrl\":\"https:\\\/\\\/redenoticiaz.com.br\\\/litoralsp\\\/wp-content\\\/uploads\\\/sites\\\/3\\\/2022\\\/05\\\/trafico.jpg\",\"width\":1600,\"height\":900,\"caption\":\"Trio com quase 8 Kilos de Drogas \u00e9 preso em Peru\u00edbe\"},{\"@type\":\"WebSite\",\"@id\":\"https:\\\/\\\/redenoticiaz.com.br\\\/litoralsp\\\/#website\",\"url\":\"https:\\\/\\\/redenoticiaz.com.br\\\/litoralsp\\\/\",\"name\":\"Litoral SP\",\"description\":\"Rede NoticiaZ\",\"publisher\":{\"@id\":\"https:\\\/\\\/redenoticiaz.com.br\\\/litoralsp\\\/#organization\"},\"potentialAction\":[{\"@type\":\"SearchAction\",\"target\":{\"@type\":\"EntryPoint\",\"urlTemplate\":\"https:\\\/\\\/redenoticiaz.com.br\\\/litoralsp\\\/?s={search_term_string}\"},\"query-input\":{\"@type\":\"PropertyValueSpecification\",\"valueRequired\":true,\"valueName\":\"search_term_string\"}}],\"inLanguage\":\"pt-BR\"},{\"@type\":\"Organization\",\"@id\":\"https:\\\/\\\/redenoticiaz.com.br\\\/litoralsp\\\/#organization\",\"name\":\"Litoral SP\",\"url\":\"https:\\\/\\\/redenoticiaz.com.br\\\/litoralsp\\\/\",\"logo\":{\"@type\":\"ImageObject\",\"inLanguage\":\"pt-BR\",\"@id\":\"https:\\\/\\\/redenoticiaz.com.br\\\/litoralsp\\\/#\\\/schema\\\/logo\\\/image\\\/\",\"url\":\"https:\\\/\\\/redenoticiaz.com.br\\\/litoralsp\\\/wp-content\\\/uploads\\\/sites\\\/3\\\/2020\\\/11\\\/logo.jpg\",\"contentUrl\":\"https:\\\/\\\/redenoticiaz.com.br\\\/litoralsp\\\/wp-content\\\/uploads\\\/sites\\\/3\\\/2020\\\/11\\\/logo.jpg\",\"width\":400,\"height\":250,\"caption\":\"Litoral SP\"},\"image\":{\"@id\":\"https:\\\/\\\/redenoticiaz.com.br\\\/litoralsp\\\/#\\\/schema\\\/logo\\\/image\\\/\"}},{\"@type\":\"Person\",\"@id\":\"https:\\\/\\\/redenoticiaz.com.br\\\/litoralsp\\\/#\\\/schema\\\/person\\\/16057b37a3c0ee6b096d7f887c566e2e\",\"name\":\"Gustavo Silva\",\"image\":{\"@type\":\"ImageObject\",\"inLanguage\":\"pt-BR\",\"@id\":\"https:\\\/\\\/secure.gravatar.com\\\/avatar\\\/3ee4e82f93b26de0a7cf4ea5eb7893da637ed6bb0c9170c58065944c56e28a33?s=96&d=mm&r=g\",\"url\":\"https:\\\/\\\/secure.gravatar.com\\\/avatar\\\/3ee4e82f93b26de0a7cf4ea5eb7893da637ed6bb0c9170c58065944c56e28a33?s=96&d=mm&r=g\",\"contentUrl\":\"https:\\\/\\\/secure.gravatar.com\\\/avatar\\\/3ee4e82f93b26de0a7cf4ea5eb7893da637ed6bb0c9170c58065944c56e28a33?s=96&d=mm&r=g\",\"caption\":\"Gustavo Silva\"},\"url\":\"https:\\\/\\\/redenoticiaz.com.br\\\/litoralsp\\\/author\\\/gustavosilva\"}]}<\/script>\n<!-- \/ Yoast SEO plugin. -->","yoast_head_json":{"title":"Trio com quase 8 Kilos de Drogas \u00e9 preso em Peru\u00edbe - Litoral SP","description":"A Dise de Praia Grande prendeu um flagrante um trio de homens suspeitos de comercializarem drogas na Cidade de Peru\u00edbe. O Caso aconteceu nesta quarta (4).","robots":{"index":"index","follow":"follow","max-snippet":"max-snippet:-1","max-image-preview":"max-image-preview:large","max-video-preview":"max-video-preview:-1"},"canonical":"https:\/\/redenoticiaz.com.br\/litoralsp\/2022\/05\/05\/trio-com-quase-8-kilos-de-drogas-e-preso-em-peruibe","og_locale":"pt_BR","og_type":"article","og_title":"Trio com quase 8 Kilos de Drogas \u00e9 preso em Peru\u00edbe - Litoral SP","og_description":"A Dise de Praia Grande prendeu um flagrante um trio de homens suspeitos de comercializarem drogas na Cidade de Peru\u00edbe. O Caso aconteceu nesta quarta (4).","og_url":"https:\/\/redenoticiaz.com.br\/litoralsp\/2022\/05\/05\/trio-com-quase-8-kilos-de-drogas-e-preso-em-peruibe","og_site_name":"Litoral SP","article_published_time":"2022-05-05T21:16:52+00:00","og_image":[{"width":1600,"height":900,"url":"https:\/\/redenoticiaz.com.br\/litoralsp\/wp-content\/uploads\/sites\/3\/2022\/05\/trafico.jpg","type":"image\/jpeg"}],"author":"Gustavo Silva","twitter_card":"summary_large_image","twitter_misc":{"Escrito por":"Gustavo Silva","Est. tempo de leitura":"1 minuto"},"schema":{"@context":"https:\/\/schema.org","@graph":[{"@type":"Article","@id":"https:\/\/redenoticiaz.com.br\/litoralsp\/2022\/05\/05\/trio-com-quase-8-kilos-de-drogas-e-preso-em-peruibe#article","isPartOf":{"@id":"https:\/\/redenoticiaz.com.br\/litoralsp\/2022\/05\/05\/trio-com-quase-8-kilos-de-drogas-e-preso-em-peruibe"},"author":{"name":"Gustavo Silva","@id":"https:\/\/redenoticiaz.com.br\/litoralsp\/#\/schema\/person\/16057b37a3c0ee6b096d7f887c566e2e"},"headline":"Trio com quase 8 Kilos de Drogas \u00e9 preso em Peru\u00edbe","datePublished":"2022-05-05T21:16:52+00:00","mainEntityOfPage":{"@id":"https:\/\/redenoticiaz.com.br\/litoralsp\/2022\/05\/05\/trio-com-quase-8-kilos-de-drogas-e-preso-em-peruibe"},"wordCount":201,"commentCount":0,"publisher":{"@id":"https:\/\/redenoticiaz.com.br\/litoralsp\/#organization"},"image":{"@id":"https:\/\/redenoticiaz.com.br\/litoralsp\/2022\/05\/05\/trio-com-quase-8-kilos-de-drogas-e-preso-em-peruibe#primaryimage"},"thumbnailUrl":"https:\/\/redenoticiaz.com.br\/litoralsp\/wp-content\/uploads\/sites\/3\/2022\/05\/trafico.jpg","keywords":["drogas","PRAIA GRANDE","Tr\u00e1fico"],"articleSection":["Praia Grande"],"inLanguage":"pt-BR","potentialAction":[{"@type":"CommentAction","name":"Comment","target":["https:\/\/redenoticiaz.com.br\/litoralsp\/2022\/05\/05\/trio-com-quase-8-kilos-de-drogas-e-preso-em-peruibe#respond"]}]},{"@type":"WebPage","@id":"https:\/\/redenoticiaz.com.br\/litoralsp\/2022\/05\/05\/trio-com-quase-8-kilos-de-drogas-e-preso-em-peruibe","url":"https:\/\/redenoticiaz.com.br\/litoralsp\/2022\/05\/05\/trio-com-quase-8-kilos-de-drogas-e-preso-em-peruibe","name":"Trio com quase 8 Kilos de Drogas \u00e9 preso em Peru\u00edbe - Litoral SP","isPartOf":{"@id":"https:\/\/redenoticiaz.com.br\/litoralsp\/#website"},"primaryImageOfPage":{"@id":"https:\/\/redenoticiaz.com.br\/litoralsp\/2022\/05\/05\/trio-com-quase-8-kilos-de-drogas-e-preso-em-peruibe#primaryimage"},"image":{"@id":"https:\/\/redenoticiaz.com.br\/litoralsp\/2022\/05\/05\/trio-com-quase-8-kilos-de-drogas-e-preso-em-peruibe#primaryimage"},"thumbnailUrl":"https:\/\/redenoticiaz.com.br\/litoralsp\/wp-content\/uploads\/sites\/3\/2022\/05\/trafico.jpg","datePublished":"2022-05-05T21:16:52+00:00","description":"A Dise de Praia Grande prendeu um flagrante um trio de homens suspeitos de comercializarem drogas na Cidade de Peru\u00edbe. O Caso aconteceu nesta quarta (4).","inLanguage":"pt-BR","potentialAction":[{"@type":"ReadAction","target":["https:\/\/redenoticiaz.com.br\/litoralsp\/2022\/05\/05\/trio-com-quase-8-kilos-de-drogas-e-preso-em-peruibe"]}]},{"@type":"ImageObject","inLanguage":"pt-BR","@id":"https:\/\/redenoticiaz.com.br\/litoralsp\/2022\/05\/05\/trio-com-quase-8-kilos-de-drogas-e-preso-em-peruibe#primaryimage","url":"https:\/\/redenoticiaz.com.br\/litoralsp\/wp-content\/uploads\/sites\/3\/2022\/05\/trafico.jpg","contentUrl":"https:\/\/redenoticiaz.com.br\/litoralsp\/wp-content\/uploads\/sites\/3\/2022\/05\/trafico.jpg","width":1600,"height":900,"caption":"Trio com quase 8 Kilos de Drogas \u00e9 preso em Peru\u00edbe"},{"@type":"WebSite","@id":"https:\/\/redenoticiaz.com.br\/litoralsp\/#website","url":"https:\/\/redenoticiaz.com.br\/litoralsp\/","name":"Litoral SP","description":"Rede NoticiaZ","publisher":{"@id":"https:\/\/redenoticiaz.com.br\/litoralsp\/#organization"},"potentialAction":[{"@type":"SearchAction","target":{"@type":"EntryPoint","urlTemplate":"https:\/\/redenoticiaz.com.br\/litoralsp\/?s={search_term_string}"},"query-input":{"@type":"PropertyValueSpecification","valueRequired":true,"valueName":"search_term_string"}}],"inLanguage":"pt-BR"},{"@type":"Organization","@id":"https:\/\/redenoticiaz.com.br\/litoralsp\/#organization","name":"Litoral SP","url":"https:\/\/redenoticiaz.com.br\/litoralsp\/","logo":{"@type":"ImageObject","inLanguage":"pt-BR","@id":"https:\/\/redenoticiaz.com.br\/litoralsp\/#\/schema\/logo\/image\/","url":"https:\/\/redenoticiaz.com.br\/litoralsp\/wp-content\/uploads\/sites\/3\/2020\/11\/logo.jpg","contentUrl":"https:\/\/redenoticiaz.com.br\/litoralsp\/wp-content\/uploads\/sites\/3\/2020\/11\/logo.jpg","width":400,"height":250,"caption":"Litoral SP"},"image":{"@id":"https:\/\/redenoticiaz.com.br\/litoralsp\/#\/schema\/logo\/image\/"}},{"@type":"Person","@id":"https:\/\/redenoticiaz.com.br\/litoralsp\/#\/schema\/person\/16057b37a3c0ee6b096d7f887c566e2e","name":"Gustavo Silva","image":{"@type":"ImageObject","inLanguage":"pt-BR","@id":"https:\/\/secure.gravatar.com\/avatar\/3ee4e82f93b26de0a7cf4ea5eb7893da637ed6bb0c9170c58065944c56e28a33?s=96&d=mm&r=g","url":"https:\/\/secure.gravatar.com\/avatar\/3ee4e82f93b26de0a7cf4ea5eb7893da637ed6bb0c9170c58065944c56e28a33?s=96&d=mm&r=g","contentUrl":"https:\/\/secure.gravatar.com\/avatar\/3ee4e82f93b26de0a7cf4ea5eb7893da637ed6bb0c9170c58065944c56e28a33?s=96&d=mm&r=g","caption":"Gustavo Silva"},"url":"https:\/\/redenoticiaz.com.br\/litoralsp\/author\/gustavosilva"}]}},"_links":{"self":[{"href":"https:\/\/redenoticiaz.com.br\/litoralsp\/wp-json\/wp\/v2\/posts\/27779","targetHints":{"allow":["GET"]}}],"collection":[{"href":"https:\/\/redenoticiaz.com.br\/litoralsp\/wp-json\/wp\/v2\/posts"}],"about":[{"href":"https:\/\/redenoticiaz.com.br\/litoralsp\/wp-json\/wp\/v2\/types\/post"}],"author":[{"embeddable":true,"href":"https:\/\/redenoticiaz.com.br\/litoralsp\/wp-json\/wp\/v2\/users\/12"}],"replies":[{"embeddable":true,"href":"https:\/\/redenoticiaz.com.br\/litoralsp\/wp-json\/wp\/v2\/comments?post=27779"}],"version-history":[{"count":1,"href":"https:\/\/redenoticiaz.com.br\/litoralsp\/wp-json\/wp\/v2\/posts\/27779\/revisions"}],"predecessor-version":[{"id":27781,"href":"https:\/\/redenoticiaz.com.br\/litoralsp\/wp-json\/wp\/v2\/posts\/27779\/revisions\/27781"}],"wp:featuredmedia":[{"embeddable":true,"href":"https:\/\/redenoticiaz.com.br\/litoralsp\/wp-json\/wp\/v2\/media\/27780"}],"wp:attachment":[{"href":"https:\/\/redenoticiaz.com.br\/litoralsp\/wp-json\/wp\/v2\/media?parent=27779"}],"wp:term":[{"taxonomy":"category","embeddable":true,"href":"https:\/\/redenoticiaz.com.br\/litoralsp\/wp-json\/wp\/v2\/categories?post=27779"},{"taxonomy":"post_tag","embeddable":true,"href":"https:\/\/redenoticiaz.com.br\/litoralsp\/wp-json\/wp\/v2\/tags?post=27779"}],"curies":[{"name":"wp","href":"https:\/\/api.w.org\/{rel}","templated":true}]}}