{"id":27785,"date":"2022-05-08T12:00:24","date_gmt":"2022-05-08T15:00:24","guid":{"rendered":"https:\/\/redenoticiaz.com.br\/litoralsp\/?p=27785"},"modified":"2022-05-24T10:12:49","modified_gmt":"2022-05-24T13:12:49","slug":"disney-anuncia-grande-evento-da-pixar-no-brasil","status":"publish","type":"post","link":"https:\/\/redenoticiaz.com.br\/litoralsp\/2022\/05\/08\/disney-anuncia-grande-evento-da-pixar-no-brasil","title":{"rendered":"Disney anuncia grande evento da Pixar no Brasil"},"content":{"rendered":"<p>Quem nunca sonhou em conhecer espa\u00e7os tem\u00e1ticos inspirados nos filmes: Toy Story, Procurando Nemo, Carros, Divertida Mente, Up: Altas aventuras, Soul, Ratatouille entre muitos outros. Saiba que isso se tornar\u00e1 realidade muito em breve, a <strong>The Walt Disney Company Brasil<\/strong>\u00a0 anunciou recentemente um mega evento da <strong>Pixar Animation Studios<\/strong>, que se chamar\u00e1 o <strong>\u201cMundo Pixar\u201d<\/strong>, e contar\u00e1 com um espa\u00e7o de 2.800 m\u00b2 de \u00e1rea total.<\/p>\n<p>O Mundo Pixar, ser\u00e1 uma experi\u00eancia imersiva onde voc\u00ea poder\u00e1 explorar as anima\u00e7\u00f5es da Pixar<strong>, <\/strong>assim como os espa\u00e7os tem\u00e1ticos e cen\u00e1rios interativos. Al\u00e9m disso, haver\u00e1 uma loja com produtos exclusivos licenciados da marca, inclusive para n\u00e3o-visitantes. O evento est\u00e1 previsto para acontecer entre os meses de julho a outubro de 2022, no Shopping Eldorado, na zona oeste da capital paulista.<\/p>\n<p>Os ingressos ser\u00e3o vendidos em breve pelo site <a href=\"https:\/\/www.eventim.com.br\/\">Eventin<\/a>, e clientes com cart\u00f5es Bradesco, Next ou Bradecard (qualquer bandeira), ter\u00e3o 20% de desconto na pr\u00e9-venda, que ocorrer\u00e1 5 dias antes do lan\u00e7amento oficial do evento, assim como ter\u00e1 o direito de comprar 4 ingresso por CPF.<\/p>\n<p>Clique aqui e saiba mais sobre o evento.<\/p>\n<p>LEIA TAMB\u00c9M:\u00a0<a href=\"https:\/\/redenoticiaz.com.br\/blog\/2022\/04\/10\/nao-perca-a-bienal-do-livro-sao-paulo-2022\">N\u00e3o perca a Bienal do Livro S\u00e3o Paulo 2022<\/a><\/p>\n<p>&nbsp;<\/p>\n","protected":false},"excerpt":{"rendered":"<p>Quem nunca sonhou em conhecer espa\u00e7os tem\u00e1ticos inspirados nos filmes: Toy Story, Procurando Nemo, Carros, Divertida Mente, Up: Altas aventuras, Soul, Ratatouille entre muitos outros. Saiba que isso se tornar\u00e1 realidade muito em breve, a The Walt Disney Company Brasil\u00a0 anunciou recentemente um mega evento da Pixar Animation Studios, que se chamar\u00e1 o \u201cMundo Pixar\u201d, &hellip;<\/p>\n","protected":false},"author":30,"featured_media":13279,"comment_status":"open","ping_status":"closed","sticky":false,"template":"","format":"standard","meta":{"footnotes":""},"categories":[169],"tags":[6404,35798,55313,55314,55315],"class_list":["post-27785","post","type-post","status-publish","format-standard","has-post-thumbnail","hentry","category-cultura","tag-disney","tag-evento","tag-eventopixar","tag-mundopixar","tag-pixar"],"yoast_head":"<!-- This site is optimized with the Yoast SEO plugin v27.5 - https:\/\/yoast.com\/product\/yoast-seo-wordpress\/ -->\n<title>Disney anuncia grande evento da Pixar no Brasil - Litoral SP<\/title>\n<meta name=\"description\" content=\"O Mundo Pixar, ser\u00e1 uma experi\u00eancia imersiva onde voc\u00ea poder\u00e1 explorar as anima\u00e7\u00f5es da Pixar, assim como os espa\u00e7os tem\u00e1ticos que ser\u00e3o interativos...\" \/>\n<meta name=\"robots\" content=\"index, follow, max-snippet:-1, max-image-preview:large, max-video-preview:-1\" \/>\n<link rel=\"canonical\" href=\"https:\/\/redenoticiaz.com.br\/litoralsp\/2022\/05\/08\/disney-anuncia-grande-evento-da-pixar-no-brasil\" \/>\n<meta property=\"og:locale\" content=\"pt_BR\" \/>\n<meta property=\"og:type\" content=\"article\" \/>\n<meta property=\"og:title\" content=\"Disney anuncia grande evento da Pixar no Brasil - Litoral SP\" \/>\n<meta property=\"og:description\" content=\"O Mundo Pixar, ser\u00e1 uma experi\u00eancia imersiva onde voc\u00ea poder\u00e1 explorar as anima\u00e7\u00f5es da Pixar, assim como os espa\u00e7os tem\u00e1ticos que ser\u00e3o interativos...\" \/>\n<meta property=\"og:url\" content=\"https:\/\/redenoticiaz.com.br\/litoralsp\/2022\/05\/08\/disney-anuncia-grande-evento-da-pixar-no-brasil\" \/>\n<meta property=\"og:site_name\" content=\"Litoral SP\" \/>\n<meta property=\"article:published_time\" content=\"2022-05-08T15:00:24+00:00\" \/>\n<meta property=\"article:modified_time\" content=\"2022-05-24T13:12:49+00:00\" \/>\n<meta property=\"og:image\" content=\"https:\/\/redenoticiaz.com.br\/litoralsp\/wp-content\/uploads\/sites\/3\/2021\/08\/image-9.jpg\" \/>\n\t<meta property=\"og:image:width\" content=\"1016\" \/>\n\t<meta property=\"og:image:height\" content=\"508\" \/>\n\t<meta property=\"og:image:type\" content=\"image\/jpeg\" \/>\n<meta name=\"author\" content=\"Carina Reifonas\" \/>\n<meta name=\"twitter:card\" content=\"summary_large_image\" \/>\n<meta name=\"twitter:label1\" content=\"Escrito por\" \/>\n\t<meta name=\"twitter:data1\" content=\"Carina Reifonas\" \/>\n\t<meta name=\"twitter:label2\" content=\"Est. tempo de leitura\" \/>\n\t<meta name=\"twitter:data2\" content=\"1 minuto\" \/>\n<script type=\"application\/ld+json\" class=\"yoast-schema-graph\">{\"@context\":\"https:\\\/\\\/schema.org\",\"@graph\":[{\"@type\":\"Article\",\"@id\":\"https:\\\/\\\/redenoticiaz.com.br\\\/litoralsp\\\/2022\\\/05\\\/08\\\/disney-anuncia-grande-evento-da-pixar-no-brasil#article\",\"isPartOf\":{\"@id\":\"https:\\\/\\\/redenoticiaz.com.br\\\/litoralsp\\\/2022\\\/05\\\/08\\\/disney-anuncia-grande-evento-da-pixar-no-brasil\"},\"author\":{\"name\":\"Carina Reifonas\",\"@id\":\"https:\\\/\\\/redenoticiaz.com.br\\\/litoralsp\\\/#\\\/schema\\\/person\\\/1f84d6e94e6a62d2d81199d7503e9e90\"},\"headline\":\"Disney anuncia grande evento da Pixar no Brasil\",\"datePublished\":\"2022-05-08T15:00:24+00:00\",\"dateModified\":\"2022-05-24T13:12:49+00:00\",\"mainEntityOfPage\":{\"@id\":\"https:\\\/\\\/redenoticiaz.com.br\\\/litoralsp\\\/2022\\\/05\\\/08\\\/disney-anuncia-grande-evento-da-pixar-no-brasil\"},\"wordCount\":213,\"commentCount\":0,\"publisher\":{\"@id\":\"https:\\\/\\\/redenoticiaz.com.br\\\/litoralsp\\\/#organization\"},\"image\":{\"@id\":\"https:\\\/\\\/redenoticiaz.com.br\\\/litoralsp\\\/2022\\\/05\\\/08\\\/disney-anuncia-grande-evento-da-pixar-no-brasil#primaryimage\"},\"thumbnailUrl\":\"https:\\\/\\\/redenoticiaz.com.br\\\/litoralsp\\\/wp-content\\\/uploads\\\/sites\\\/3\\\/2021\\\/08\\\/image-9.jpg\",\"keywords\":[\"DISNEY\",\"EVENTO\",\"EVENTOPIXAR\",\"MUNDOPIXAR\",\"PIXAR\"],\"articleSection\":[\"Cultura\"],\"inLanguage\":\"pt-BR\",\"potentialAction\":[{\"@type\":\"CommentAction\",\"name\":\"Comment\",\"target\":[\"https:\\\/\\\/redenoticiaz.com.br\\\/litoralsp\\\/2022\\\/05\\\/08\\\/disney-anuncia-grande-evento-da-pixar-no-brasil#respond\"]}]},{\"@type\":\"WebPage\",\"@id\":\"https:\\\/\\\/redenoticiaz.com.br\\\/litoralsp\\\/2022\\\/05\\\/08\\\/disney-anuncia-grande-evento-da-pixar-no-brasil\",\"url\":\"https:\\\/\\\/redenoticiaz.com.br\\\/litoralsp\\\/2022\\\/05\\\/08\\\/disney-anuncia-grande-evento-da-pixar-no-brasil\",\"name\":\"Disney anuncia grande evento da Pixar no Brasil - Litoral SP\",\"isPartOf\":{\"@id\":\"https:\\\/\\\/redenoticiaz.com.br\\\/litoralsp\\\/#website\"},\"primaryImageOfPage\":{\"@id\":\"https:\\\/\\\/redenoticiaz.com.br\\\/litoralsp\\\/2022\\\/05\\\/08\\\/disney-anuncia-grande-evento-da-pixar-no-brasil#primaryimage\"},\"image\":{\"@id\":\"https:\\\/\\\/redenoticiaz.com.br\\\/litoralsp\\\/2022\\\/05\\\/08\\\/disney-anuncia-grande-evento-da-pixar-no-brasil#primaryimage\"},\"thumbnailUrl\":\"https:\\\/\\\/redenoticiaz.com.br\\\/litoralsp\\\/wp-content\\\/uploads\\\/sites\\\/3\\\/2021\\\/08\\\/image-9.jpg\",\"datePublished\":\"2022-05-08T15:00:24+00:00\",\"dateModified\":\"2022-05-24T13:12:49+00:00\",\"description\":\"O Mundo Pixar, ser\u00e1 uma experi\u00eancia imersiva onde voc\u00ea poder\u00e1 explorar as anima\u00e7\u00f5es da Pixar, assim como os espa\u00e7os tem\u00e1ticos que ser\u00e3o interativos...\",\"inLanguage\":\"pt-BR\",\"potentialAction\":[{\"@type\":\"ReadAction\",\"target\":[\"https:\\\/\\\/redenoticiaz.com.br\\\/litoralsp\\\/2022\\\/05\\\/08\\\/disney-anuncia-grande-evento-da-pixar-no-brasil\"]}]},{\"@type\":\"ImageObject\",\"inLanguage\":\"pt-BR\",\"@id\":\"https:\\\/\\\/redenoticiaz.com.br\\\/litoralsp\\\/2022\\\/05\\\/08\\\/disney-anuncia-grande-evento-da-pixar-no-brasil#primaryimage\",\"url\":\"https:\\\/\\\/redenoticiaz.com.br\\\/litoralsp\\\/wp-content\\\/uploads\\\/sites\\\/3\\\/2021\\\/08\\\/image-9.jpg\",\"contentUrl\":\"https:\\\/\\\/redenoticiaz.com.br\\\/litoralsp\\\/wp-content\\\/uploads\\\/sites\\\/3\\\/2021\\\/08\\\/image-9.jpg\",\"width\":1016,\"height\":508,\"caption\":\"Drogas apreendidas pela PM (Foto: Vig\u00e9simo BPMI)\"},{\"@type\":\"WebSite\",\"@id\":\"https:\\\/\\\/redenoticiaz.com.br\\\/litoralsp\\\/#website\",\"url\":\"https:\\\/\\\/redenoticiaz.com.br\\\/litoralsp\\\/\",\"name\":\"Litoral SP\",\"description\":\"Rede NoticiaZ\",\"publisher\":{\"@id\":\"https:\\\/\\\/redenoticiaz.com.br\\\/litoralsp\\\/#organization\"},\"potentialAction\":[{\"@type\":\"SearchAction\",\"target\":{\"@type\":\"EntryPoint\",\"urlTemplate\":\"https:\\\/\\\/redenoticiaz.com.br\\\/litoralsp\\\/?s={search_term_string}\"},\"query-input\":{\"@type\":\"PropertyValueSpecification\",\"valueRequired\":true,\"valueName\":\"search_term_string\"}}],\"inLanguage\":\"pt-BR\"},{\"@type\":\"Organization\",\"@id\":\"https:\\\/\\\/redenoticiaz.com.br\\\/litoralsp\\\/#organization\",\"name\":\"Litoral SP\",\"url\":\"https:\\\/\\\/redenoticiaz.com.br\\\/litoralsp\\\/\",\"logo\":{\"@type\":\"ImageObject\",\"inLanguage\":\"pt-BR\",\"@id\":\"https:\\\/\\\/redenoticiaz.com.br\\\/litoralsp\\\/#\\\/schema\\\/logo\\\/image\\\/\",\"url\":\"https:\\\/\\\/redenoticiaz.com.br\\\/litoralsp\\\/wp-content\\\/uploads\\\/sites\\\/3\\\/2020\\\/11\\\/logo.jpg\",\"contentUrl\":\"https:\\\/\\\/redenoticiaz.com.br\\\/litoralsp\\\/wp-content\\\/uploads\\\/sites\\\/3\\\/2020\\\/11\\\/logo.jpg\",\"width\":400,\"height\":250,\"caption\":\"Litoral SP\"},\"image\":{\"@id\":\"https:\\\/\\\/redenoticiaz.com.br\\\/litoralsp\\\/#\\\/schema\\\/logo\\\/image\\\/\"}},{\"@type\":\"Person\",\"@id\":\"https:\\\/\\\/redenoticiaz.com.br\\\/litoralsp\\\/#\\\/schema\\\/person\\\/1f84d6e94e6a62d2d81199d7503e9e90\",\"name\":\"Carina Reifonas\",\"image\":{\"@type\":\"ImageObject\",\"inLanguage\":\"pt-BR\",\"@id\":\"https:\\\/\\\/secure.gravatar.com\\\/avatar\\\/04c59859b23696cf867715880f81d5c037e60109730bdb4e6670ec2a2245bc97?s=96&d=mm&r=g\",\"url\":\"https:\\\/\\\/secure.gravatar.com\\\/avatar\\\/04c59859b23696cf867715880f81d5c037e60109730bdb4e6670ec2a2245bc97?s=96&d=mm&r=g\",\"contentUrl\":\"https:\\\/\\\/secure.gravatar.com\\\/avatar\\\/04c59859b23696cf867715880f81d5c037e60109730bdb4e6670ec2a2245bc97?s=96&d=mm&r=g\",\"caption\":\"Carina Reifonas\"},\"url\":\"https:\\\/\\\/redenoticiaz.com.br\\\/litoralsp\\\/author\\\/carinareifonas\"}]}<\/script>\n<!-- \/ Yoast SEO plugin. -->","yoast_head_json":{"title":"Disney anuncia grande evento da Pixar no Brasil - Litoral SP","description":"O Mundo Pixar, ser\u00e1 uma experi\u00eancia imersiva onde voc\u00ea poder\u00e1 explorar as anima\u00e7\u00f5es da Pixar, assim como os espa\u00e7os tem\u00e1ticos que ser\u00e3o interativos...","robots":{"index":"index","follow":"follow","max-snippet":"max-snippet:-1","max-image-preview":"max-image-preview:large","max-video-preview":"max-video-preview:-1"},"canonical":"https:\/\/redenoticiaz.com.br\/litoralsp\/2022\/05\/08\/disney-anuncia-grande-evento-da-pixar-no-brasil","og_locale":"pt_BR","og_type":"article","og_title":"Disney anuncia grande evento da Pixar no Brasil - Litoral SP","og_description":"O Mundo Pixar, ser\u00e1 uma experi\u00eancia imersiva onde voc\u00ea poder\u00e1 explorar as anima\u00e7\u00f5es da Pixar, assim como os espa\u00e7os tem\u00e1ticos que ser\u00e3o interativos...","og_url":"https:\/\/redenoticiaz.com.br\/litoralsp\/2022\/05\/08\/disney-anuncia-grande-evento-da-pixar-no-brasil","og_site_name":"Litoral SP","article_published_time":"2022-05-08T15:00:24+00:00","article_modified_time":"2022-05-24T13:12:49+00:00","og_image":[{"width":1016,"height":508,"url":"https:\/\/redenoticiaz.com.br\/litoralsp\/wp-content\/uploads\/sites\/3\/2021\/08\/image-9.jpg","type":"image\/jpeg"}],"author":"Carina Reifonas","twitter_card":"summary_large_image","twitter_misc":{"Escrito por":"Carina Reifonas","Est. tempo de leitura":"1 minuto"},"schema":{"@context":"https:\/\/schema.org","@graph":[{"@type":"Article","@id":"https:\/\/redenoticiaz.com.br\/litoralsp\/2022\/05\/08\/disney-anuncia-grande-evento-da-pixar-no-brasil#article","isPartOf":{"@id":"https:\/\/redenoticiaz.com.br\/litoralsp\/2022\/05\/08\/disney-anuncia-grande-evento-da-pixar-no-brasil"},"author":{"name":"Carina Reifonas","@id":"https:\/\/redenoticiaz.com.br\/litoralsp\/#\/schema\/person\/1f84d6e94e6a62d2d81199d7503e9e90"},"headline":"Disney anuncia grande evento da Pixar no Brasil","datePublished":"2022-05-08T15:00:24+00:00","dateModified":"2022-05-24T13:12:49+00:00","mainEntityOfPage":{"@id":"https:\/\/redenoticiaz.com.br\/litoralsp\/2022\/05\/08\/disney-anuncia-grande-evento-da-pixar-no-brasil"},"wordCount":213,"commentCount":0,"publisher":{"@id":"https:\/\/redenoticiaz.com.br\/litoralsp\/#organization"},"image":{"@id":"https:\/\/redenoticiaz.com.br\/litoralsp\/2022\/05\/08\/disney-anuncia-grande-evento-da-pixar-no-brasil#primaryimage"},"thumbnailUrl":"https:\/\/redenoticiaz.com.br\/litoralsp\/wp-content\/uploads\/sites\/3\/2021\/08\/image-9.jpg","keywords":["DISNEY","EVENTO","EVENTOPIXAR","MUNDOPIXAR","PIXAR"],"articleSection":["Cultura"],"inLanguage":"pt-BR","potentialAction":[{"@type":"CommentAction","name":"Comment","target":["https:\/\/redenoticiaz.com.br\/litoralsp\/2022\/05\/08\/disney-anuncia-grande-evento-da-pixar-no-brasil#respond"]}]},{"@type":"WebPage","@id":"https:\/\/redenoticiaz.com.br\/litoralsp\/2022\/05\/08\/disney-anuncia-grande-evento-da-pixar-no-brasil","url":"https:\/\/redenoticiaz.com.br\/litoralsp\/2022\/05\/08\/disney-anuncia-grande-evento-da-pixar-no-brasil","name":"Disney anuncia grande evento da Pixar no Brasil - Litoral SP","isPartOf":{"@id":"https:\/\/redenoticiaz.com.br\/litoralsp\/#website"},"primaryImageOfPage":{"@id":"https:\/\/redenoticiaz.com.br\/litoralsp\/2022\/05\/08\/disney-anuncia-grande-evento-da-pixar-no-brasil#primaryimage"},"image":{"@id":"https:\/\/redenoticiaz.com.br\/litoralsp\/2022\/05\/08\/disney-anuncia-grande-evento-da-pixar-no-brasil#primaryimage"},"thumbnailUrl":"https:\/\/redenoticiaz.com.br\/litoralsp\/wp-content\/uploads\/sites\/3\/2021\/08\/image-9.jpg","datePublished":"2022-05-08T15:00:24+00:00","dateModified":"2022-05-24T13:12:49+00:00","description":"O Mundo Pixar, ser\u00e1 uma experi\u00eancia imersiva onde voc\u00ea poder\u00e1 explorar as anima\u00e7\u00f5es da Pixar, assim como os espa\u00e7os tem\u00e1ticos que ser\u00e3o interativos...","inLanguage":"pt-BR","potentialAction":[{"@type":"ReadAction","target":["https:\/\/redenoticiaz.com.br\/litoralsp\/2022\/05\/08\/disney-anuncia-grande-evento-da-pixar-no-brasil"]}]},{"@type":"ImageObject","inLanguage":"pt-BR","@id":"https:\/\/redenoticiaz.com.br\/litoralsp\/2022\/05\/08\/disney-anuncia-grande-evento-da-pixar-no-brasil#primaryimage","url":"https:\/\/redenoticiaz.com.br\/litoralsp\/wp-content\/uploads\/sites\/3\/2021\/08\/image-9.jpg","contentUrl":"https:\/\/redenoticiaz.com.br\/litoralsp\/wp-content\/uploads\/sites\/3\/2021\/08\/image-9.jpg","width":1016,"height":508,"caption":"Drogas apreendidas pela PM (Foto: Vig\u00e9simo BPMI)"},{"@type":"WebSite","@id":"https:\/\/redenoticiaz.com.br\/litoralsp\/#website","url":"https:\/\/redenoticiaz.com.br\/litoralsp\/","name":"Litoral SP","description":"Rede NoticiaZ","publisher":{"@id":"https:\/\/redenoticiaz.com.br\/litoralsp\/#organization"},"potentialAction":[{"@type":"SearchAction","target":{"@type":"EntryPoint","urlTemplate":"https:\/\/redenoticiaz.com.br\/litoralsp\/?s={search_term_string}"},"query-input":{"@type":"PropertyValueSpecification","valueRequired":true,"valueName":"search_term_string"}}],"inLanguage":"pt-BR"},{"@type":"Organization","@id":"https:\/\/redenoticiaz.com.br\/litoralsp\/#organization","name":"Litoral SP","url":"https:\/\/redenoticiaz.com.br\/litoralsp\/","logo":{"@type":"ImageObject","inLanguage":"pt-BR","@id":"https:\/\/redenoticiaz.com.br\/litoralsp\/#\/schema\/logo\/image\/","url":"https:\/\/redenoticiaz.com.br\/litoralsp\/wp-content\/uploads\/sites\/3\/2020\/11\/logo.jpg","contentUrl":"https:\/\/redenoticiaz.com.br\/litoralsp\/wp-content\/uploads\/sites\/3\/2020\/11\/logo.jpg","width":400,"height":250,"caption":"Litoral SP"},"image":{"@id":"https:\/\/redenoticiaz.com.br\/litoralsp\/#\/schema\/logo\/image\/"}},{"@type":"Person","@id":"https:\/\/redenoticiaz.com.br\/litoralsp\/#\/schema\/person\/1f84d6e94e6a62d2d81199d7503e9e90","name":"Carina Reifonas","image":{"@type":"ImageObject","inLanguage":"pt-BR","@id":"https:\/\/secure.gravatar.com\/avatar\/04c59859b23696cf867715880f81d5c037e60109730bdb4e6670ec2a2245bc97?s=96&d=mm&r=g","url":"https:\/\/secure.gravatar.com\/avatar\/04c59859b23696cf867715880f81d5c037e60109730bdb4e6670ec2a2245bc97?s=96&d=mm&r=g","contentUrl":"https:\/\/secure.gravatar.com\/avatar\/04c59859b23696cf867715880f81d5c037e60109730bdb4e6670ec2a2245bc97?s=96&d=mm&r=g","caption":"Carina Reifonas"},"url":"https:\/\/redenoticiaz.com.br\/litoralsp\/author\/carinareifonas"}]}},"_links":{"self":[{"href":"https:\/\/redenoticiaz.com.br\/litoralsp\/wp-json\/wp\/v2\/posts\/27785","targetHints":{"allow":["GET"]}}],"collection":[{"href":"https:\/\/redenoticiaz.com.br\/litoralsp\/wp-json\/wp\/v2\/posts"}],"about":[{"href":"https:\/\/redenoticiaz.com.br\/litoralsp\/wp-json\/wp\/v2\/types\/post"}],"author":[{"embeddable":true,"href":"https:\/\/redenoticiaz.com.br\/litoralsp\/wp-json\/wp\/v2\/users\/30"}],"replies":[{"embeddable":true,"href":"https:\/\/redenoticiaz.com.br\/litoralsp\/wp-json\/wp\/v2\/comments?post=27785"}],"version-history":[{"count":2,"href":"https:\/\/redenoticiaz.com.br\/litoralsp\/wp-json\/wp\/v2\/posts\/27785\/revisions"}],"predecessor-version":[{"id":28600,"href":"https:\/\/redenoticiaz.com.br\/litoralsp\/wp-json\/wp\/v2\/posts\/27785\/revisions\/28600"}],"wp:featuredmedia":[{"embeddable":true,"href":"https:\/\/redenoticiaz.com.br\/litoralsp\/wp-json\/wp\/v2\/media\/13279"}],"wp:attachment":[{"href":"https:\/\/redenoticiaz.com.br\/litoralsp\/wp-json\/wp\/v2\/media?parent=27785"}],"wp:term":[{"taxonomy":"category","embeddable":true,"href":"https:\/\/redenoticiaz.com.br\/litoralsp\/wp-json\/wp\/v2\/categories?post=27785"},{"taxonomy":"post_tag","embeddable":true,"href":"https:\/\/redenoticiaz.com.br\/litoralsp\/wp-json\/wp\/v2\/tags?post=27785"}],"curies":[{"name":"wp","href":"https:\/\/api.w.org\/{rel}","templated":true}]}}