{"id":27963,"date":"2022-05-10T13:45:25","date_gmt":"2022-05-10T16:45:25","guid":{"rendered":"https:\/\/redenoticiaz.com.br\/litoralsp\/?p=27963"},"modified":"2022-05-10T13:45:25","modified_gmt":"2022-05-10T16:45:25","slug":"maniaco-da-peruca-sera-julgado-nesta-terca-feira-em-santos","status":"publish","type":"post","link":"https:\/\/redenoticiaz.com.br\/litoralsp\/2022\/05\/10\/maniaco-da-peruca-sera-julgado-nesta-terca-feira-em-santos","title":{"rendered":"Man\u00edaco da Peruca ser\u00e1 julgado nesta ter\u00e7a-feira em Santos"},"content":{"rendered":"<div class=\"mc-column content-text active-extra-styles \" data-block-type=\"unstyled\" data-block-weight=\"57\" data-block-id=\"2\">\n<p data-track-category=\"Link no Texto\" data-track-links=\"\">O dentista Fl\u00e1vio do Nascimento Gra\u00e7a de 39 anos, mais conhecido como Man\u00edaco da Peruca, ser\u00e1 julgado nesta ter\u00e7a-feira(10) em Santos. Ele \u00e9 acusado de cometer uma s\u00e9rie de crimes utilizando uma peruca como disfarce.<\/p>\n<p data-track-category=\"Link no Texto\" data-track-links=\"\">O julgamento que seria realizado em abril, foi adiado devido a um perito estadual que n\u00e3o foi encontrado pela Justi\u00e7a. De acordo com informa\u00e7\u00f5es do F\u00f3rum de Santos, a previs\u00e3o \u00e9 que todos os trabalhos sejam realizados em at\u00e9 tr\u00eas dias.<\/p>\n<p data-track-category=\"Link no Texto\" data-track-links=\"\"><strong>Crimes<\/strong><\/p>\n<p data-track-category=\"Link no Texto\" data-track-links=\"\">De acordo com a Pol\u00edcia, os crimes foram cometidos por vingan\u00e7a, j\u00e1 que Fl\u00e1vio havia declarado fal\u00eancia e atribu\u00eda isto a sua concorr\u00eancia. Ele perseguiu donos e ex-funcion\u00e1rios de cl\u00ednicas que ele considerava seus concorrentes com a inten\u00e7\u00e3o de matar.<\/p>\n<div class=\"mc-column content-text active-extra-styles \" data-block-type=\"unstyled\" data-block-weight=\"48\" data-block-id=\"8\">\n<p class=\"content-text__container \" data-track-category=\"Link no Texto\" data-track-links=\"\">Ainda de acordo com a Pol\u00edcia, ap\u00f3s an\u00e1lise das imagens de c\u00e2meras de monitoramento, foi descoberto que o acusado monitorava suas v\u00edtimas.<\/p>\n<\/div>\n<div class=\"mc-column content-text active-extra-styles \" data-block-type=\"unstyled\" data-block-weight=\"49\" data-block-id=\"9\">\n<p class=\"content-text__container \" data-track-category=\"Link no Texto\" data-track-links=\"\"><strong>Pris\u00e3o<\/strong><\/p>\n<p data-track-category=\"Link no Texto\" data-track-links=\"\">O dentista, foi preso somente em 2018, quatro anos ap\u00f3s os crimes. O Juiz alegou que a pris\u00e3o preventiva levantava a d\u00favida sobre o risco \u00e0 sociedade que Fl\u00e1vio apresentava.<\/p>\n<\/div>\n<\/div>\n<div class=\"mc-column content-text active-extra-styles \" data-block-type=\"unstyled\" data-block-weight=\"35\" data-block-id=\"25\"><\/div>\n<div class=\"row medium-uncollapsed content-media content-photo\" data-block-type=\"backstage-photo\" data-block-id=\"26\">\n<div class=\"mc-column content-media__container\">\n<div class=\"content-media-container glb-skeleton-box\"><\/div>\n<\/div>\n<\/div>\n<div class=\"mc-column content-text active-extra-styles \" data-block-type=\"unstyled\" data-block-weight=\"57\" data-block-id=\"2\">\n<div class=\"mc-column content-text active-extra-styles \" data-block-type=\"unstyled\" data-block-weight=\"49\" data-block-id=\"9\">\n<p data-track-category=\"Link no Texto\" data-track-links=\"\">\n<\/div>\n<\/div>\n","protected":false},"excerpt":{"rendered":"<p>O dentista Fl\u00e1vio do Nascimento Gra\u00e7a de 39 anos, mais conhecido como Man\u00edaco da Peruca, ser\u00e1 julgado nesta ter\u00e7a-feira(10) em Santos. Ele \u00e9 acusado de cometer uma s\u00e9rie de crimes utilizando uma peruca como disfarce. O julgamento que seria realizado em abril, foi adiado devido a um perito estadual que n\u00e3o foi encontrado pela Justi\u00e7a. &hellip;<\/p>\n","protected":false},"author":12,"featured_media":27964,"comment_status":"open","ping_status":"closed","sticky":false,"template":"","format":"standard","meta":{"footnotes":""},"categories":[180],"tags":[19002,51799,986],"class_list":["post-27963","post","type-post","status-publish","format-standard","has-post-thumbnail","hentry","category-santos","tag-crime","tag-maniaco-da-peruca","tag-santos"],"yoast_head":"<!-- This site is optimized with the Yoast SEO plugin v27.4 - https:\/\/yoast.com\/product\/yoast-seo-wordpress\/ -->\n<title>Man\u00edaco da Peruca ser\u00e1 julgado nesta ter\u00e7a-feira em Santos - Litoral SP<\/title>\n<meta name=\"description\" content=\"O dentista Fl\u00e1vio do Nascimento Gra\u00e7a de 39 anos, mais conhecido como Man\u00edaco da Peruca, ser\u00e1 julgado nesta ter\u00e7a-feira(10) em Santos.\" \/>\n<meta name=\"robots\" content=\"index, follow, max-snippet:-1, max-image-preview:large, max-video-preview:-1\" \/>\n<link rel=\"canonical\" href=\"https:\/\/redenoticiaz.com.br\/litoralsp\/2022\/05\/10\/maniaco-da-peruca-sera-julgado-nesta-terca-feira-em-santos\" \/>\n<meta property=\"og:locale\" content=\"pt_BR\" \/>\n<meta property=\"og:type\" content=\"article\" \/>\n<meta property=\"og:title\" content=\"Man\u00edaco da Peruca ser\u00e1 julgado nesta ter\u00e7a-feira em Santos - Litoral SP\" \/>\n<meta property=\"og:description\" content=\"O dentista Fl\u00e1vio do Nascimento Gra\u00e7a de 39 anos, mais conhecido como Man\u00edaco da Peruca, ser\u00e1 julgado nesta ter\u00e7a-feira(10) em Santos.\" \/>\n<meta property=\"og:url\" content=\"https:\/\/redenoticiaz.com.br\/litoralsp\/2022\/05\/10\/maniaco-da-peruca-sera-julgado-nesta-terca-feira-em-santos\" \/>\n<meta property=\"og:site_name\" content=\"Litoral SP\" \/>\n<meta property=\"article:published_time\" content=\"2022-05-10T16:45:25+00:00\" \/>\n<meta property=\"og:image\" content=\"https:\/\/redenoticiaz.com.br\/litoralsp\/wp-content\/uploads\/sites\/3\/2022\/05\/peruca.jpg\" \/>\n\t<meta property=\"og:image:width\" content=\"1000\" \/>\n\t<meta property=\"og:image:height\" content=\"663\" \/>\n\t<meta property=\"og:image:type\" content=\"image\/jpeg\" \/>\n<meta name=\"author\" content=\"Gustavo Silva\" \/>\n<meta name=\"twitter:card\" content=\"summary_large_image\" \/>\n<meta name=\"twitter:label1\" content=\"Escrito por\" \/>\n\t<meta name=\"twitter:data1\" content=\"Gustavo Silva\" \/>\n\t<meta name=\"twitter:label2\" content=\"Est. tempo de leitura\" \/>\n\t<meta name=\"twitter:data2\" content=\"1 minuto\" \/>\n<script type=\"application\/ld+json\" class=\"yoast-schema-graph\">{\"@context\":\"https:\\\/\\\/schema.org\",\"@graph\":[{\"@type\":\"Article\",\"@id\":\"https:\\\/\\\/redenoticiaz.com.br\\\/litoralsp\\\/2022\\\/05\\\/10\\\/maniaco-da-peruca-sera-julgado-nesta-terca-feira-em-santos#article\",\"isPartOf\":{\"@id\":\"https:\\\/\\\/redenoticiaz.com.br\\\/litoralsp\\\/2022\\\/05\\\/10\\\/maniaco-da-peruca-sera-julgado-nesta-terca-feira-em-santos\"},\"author\":{\"name\":\"Gustavo Silva\",\"@id\":\"https:\\\/\\\/redenoticiaz.com.br\\\/litoralsp\\\/#\\\/schema\\\/person\\\/16057b37a3c0ee6b096d7f887c566e2e\"},\"headline\":\"Man\u00edaco da Peruca ser\u00e1 julgado nesta ter\u00e7a-feira em Santos\",\"datePublished\":\"2022-05-10T16:45:25+00:00\",\"mainEntityOfPage\":{\"@id\":\"https:\\\/\\\/redenoticiaz.com.br\\\/litoralsp\\\/2022\\\/05\\\/10\\\/maniaco-da-peruca-sera-julgado-nesta-terca-feira-em-santos\"},\"wordCount\":206,\"commentCount\":0,\"publisher\":{\"@id\":\"https:\\\/\\\/redenoticiaz.com.br\\\/litoralsp\\\/#organization\"},\"image\":{\"@id\":\"https:\\\/\\\/redenoticiaz.com.br\\\/litoralsp\\\/2022\\\/05\\\/10\\\/maniaco-da-peruca-sera-julgado-nesta-terca-feira-em-santos#primaryimage\"},\"thumbnailUrl\":\"https:\\\/\\\/redenoticiaz.com.br\\\/litoralsp\\\/wp-content\\\/uploads\\\/sites\\\/3\\\/2022\\\/05\\\/peruca.jpg\",\"keywords\":[\"CRIME\",\"MAN\u00cdACO DA PERUCA\",\"Santos\"],\"articleSection\":[\"Santos\"],\"inLanguage\":\"pt-BR\",\"potentialAction\":[{\"@type\":\"CommentAction\",\"name\":\"Comment\",\"target\":[\"https:\\\/\\\/redenoticiaz.com.br\\\/litoralsp\\\/2022\\\/05\\\/10\\\/maniaco-da-peruca-sera-julgado-nesta-terca-feira-em-santos#respond\"]}]},{\"@type\":\"WebPage\",\"@id\":\"https:\\\/\\\/redenoticiaz.com.br\\\/litoralsp\\\/2022\\\/05\\\/10\\\/maniaco-da-peruca-sera-julgado-nesta-terca-feira-em-santos\",\"url\":\"https:\\\/\\\/redenoticiaz.com.br\\\/litoralsp\\\/2022\\\/05\\\/10\\\/maniaco-da-peruca-sera-julgado-nesta-terca-feira-em-santos\",\"name\":\"Man\u00edaco da Peruca ser\u00e1 julgado nesta ter\u00e7a-feira em Santos - Litoral SP\",\"isPartOf\":{\"@id\":\"https:\\\/\\\/redenoticiaz.com.br\\\/litoralsp\\\/#website\"},\"primaryImageOfPage\":{\"@id\":\"https:\\\/\\\/redenoticiaz.com.br\\\/litoralsp\\\/2022\\\/05\\\/10\\\/maniaco-da-peruca-sera-julgado-nesta-terca-feira-em-santos#primaryimage\"},\"image\":{\"@id\":\"https:\\\/\\\/redenoticiaz.com.br\\\/litoralsp\\\/2022\\\/05\\\/10\\\/maniaco-da-peruca-sera-julgado-nesta-terca-feira-em-santos#primaryimage\"},\"thumbnailUrl\":\"https:\\\/\\\/redenoticiaz.com.br\\\/litoralsp\\\/wp-content\\\/uploads\\\/sites\\\/3\\\/2022\\\/05\\\/peruca.jpg\",\"datePublished\":\"2022-05-10T16:45:25+00:00\",\"description\":\"O dentista Fl\u00e1vio do Nascimento Gra\u00e7a de 39 anos, mais conhecido como Man\u00edaco da Peruca, ser\u00e1 julgado nesta ter\u00e7a-feira(10) em Santos.\",\"inLanguage\":\"pt-BR\",\"potentialAction\":[{\"@type\":\"ReadAction\",\"target\":[\"https:\\\/\\\/redenoticiaz.com.br\\\/litoralsp\\\/2022\\\/05\\\/10\\\/maniaco-da-peruca-sera-julgado-nesta-terca-feira-em-santos\"]}]},{\"@type\":\"ImageObject\",\"inLanguage\":\"pt-BR\",\"@id\":\"https:\\\/\\\/redenoticiaz.com.br\\\/litoralsp\\\/2022\\\/05\\\/10\\\/maniaco-da-peruca-sera-julgado-nesta-terca-feira-em-santos#primaryimage\",\"url\":\"https:\\\/\\\/redenoticiaz.com.br\\\/litoralsp\\\/wp-content\\\/uploads\\\/sites\\\/3\\\/2022\\\/05\\\/peruca.jpg\",\"contentUrl\":\"https:\\\/\\\/redenoticiaz.com.br\\\/litoralsp\\\/wp-content\\\/uploads\\\/sites\\\/3\\\/2022\\\/05\\\/peruca.jpg\",\"width\":1000,\"height\":663,\"caption\":\"Man\u00edaco da Peruca ser\u00e1 julgado nesta ter\u00e7a-feira em Santos\"},{\"@type\":\"WebSite\",\"@id\":\"https:\\\/\\\/redenoticiaz.com.br\\\/litoralsp\\\/#website\",\"url\":\"https:\\\/\\\/redenoticiaz.com.br\\\/litoralsp\\\/\",\"name\":\"Litoral SP\",\"description\":\"Rede NoticiaZ\",\"publisher\":{\"@id\":\"https:\\\/\\\/redenoticiaz.com.br\\\/litoralsp\\\/#organization\"},\"potentialAction\":[{\"@type\":\"SearchAction\",\"target\":{\"@type\":\"EntryPoint\",\"urlTemplate\":\"https:\\\/\\\/redenoticiaz.com.br\\\/litoralsp\\\/?s={search_term_string}\"},\"query-input\":{\"@type\":\"PropertyValueSpecification\",\"valueRequired\":true,\"valueName\":\"search_term_string\"}}],\"inLanguage\":\"pt-BR\"},{\"@type\":\"Organization\",\"@id\":\"https:\\\/\\\/redenoticiaz.com.br\\\/litoralsp\\\/#organization\",\"name\":\"Litoral SP\",\"url\":\"https:\\\/\\\/redenoticiaz.com.br\\\/litoralsp\\\/\",\"logo\":{\"@type\":\"ImageObject\",\"inLanguage\":\"pt-BR\",\"@id\":\"https:\\\/\\\/redenoticiaz.com.br\\\/litoralsp\\\/#\\\/schema\\\/logo\\\/image\\\/\",\"url\":\"https:\\\/\\\/redenoticiaz.com.br\\\/litoralsp\\\/wp-content\\\/uploads\\\/sites\\\/3\\\/2020\\\/11\\\/logo.jpg\",\"contentUrl\":\"https:\\\/\\\/redenoticiaz.com.br\\\/litoralsp\\\/wp-content\\\/uploads\\\/sites\\\/3\\\/2020\\\/11\\\/logo.jpg\",\"width\":400,\"height\":250,\"caption\":\"Litoral SP\"},\"image\":{\"@id\":\"https:\\\/\\\/redenoticiaz.com.br\\\/litoralsp\\\/#\\\/schema\\\/logo\\\/image\\\/\"}},{\"@type\":\"Person\",\"@id\":\"https:\\\/\\\/redenoticiaz.com.br\\\/litoralsp\\\/#\\\/schema\\\/person\\\/16057b37a3c0ee6b096d7f887c566e2e\",\"name\":\"Gustavo Silva\",\"image\":{\"@type\":\"ImageObject\",\"inLanguage\":\"pt-BR\",\"@id\":\"https:\\\/\\\/secure.gravatar.com\\\/avatar\\\/3ee4e82f93b26de0a7cf4ea5eb7893da637ed6bb0c9170c58065944c56e28a33?s=96&d=mm&r=g\",\"url\":\"https:\\\/\\\/secure.gravatar.com\\\/avatar\\\/3ee4e82f93b26de0a7cf4ea5eb7893da637ed6bb0c9170c58065944c56e28a33?s=96&d=mm&r=g\",\"contentUrl\":\"https:\\\/\\\/secure.gravatar.com\\\/avatar\\\/3ee4e82f93b26de0a7cf4ea5eb7893da637ed6bb0c9170c58065944c56e28a33?s=96&d=mm&r=g\",\"caption\":\"Gustavo Silva\"},\"url\":\"https:\\\/\\\/redenoticiaz.com.br\\\/litoralsp\\\/author\\\/gustavosilva\"}]}<\/script>\n<!-- \/ Yoast SEO plugin. -->","yoast_head_json":{"title":"Man\u00edaco da Peruca ser\u00e1 julgado nesta ter\u00e7a-feira em Santos - Litoral SP","description":"O dentista Fl\u00e1vio do Nascimento Gra\u00e7a de 39 anos, mais conhecido como Man\u00edaco da Peruca, ser\u00e1 julgado nesta ter\u00e7a-feira(10) em Santos.","robots":{"index":"index","follow":"follow","max-snippet":"max-snippet:-1","max-image-preview":"max-image-preview:large","max-video-preview":"max-video-preview:-1"},"canonical":"https:\/\/redenoticiaz.com.br\/litoralsp\/2022\/05\/10\/maniaco-da-peruca-sera-julgado-nesta-terca-feira-em-santos","og_locale":"pt_BR","og_type":"article","og_title":"Man\u00edaco da Peruca ser\u00e1 julgado nesta ter\u00e7a-feira em Santos - Litoral SP","og_description":"O dentista Fl\u00e1vio do Nascimento Gra\u00e7a de 39 anos, mais conhecido como Man\u00edaco da Peruca, ser\u00e1 julgado nesta ter\u00e7a-feira(10) em Santos.","og_url":"https:\/\/redenoticiaz.com.br\/litoralsp\/2022\/05\/10\/maniaco-da-peruca-sera-julgado-nesta-terca-feira-em-santos","og_site_name":"Litoral SP","article_published_time":"2022-05-10T16:45:25+00:00","og_image":[{"width":1000,"height":663,"url":"https:\/\/redenoticiaz.com.br\/litoralsp\/wp-content\/uploads\/sites\/3\/2022\/05\/peruca.jpg","type":"image\/jpeg"}],"author":"Gustavo Silva","twitter_card":"summary_large_image","twitter_misc":{"Escrito por":"Gustavo Silva","Est. tempo de leitura":"1 minuto"},"schema":{"@context":"https:\/\/schema.org","@graph":[{"@type":"Article","@id":"https:\/\/redenoticiaz.com.br\/litoralsp\/2022\/05\/10\/maniaco-da-peruca-sera-julgado-nesta-terca-feira-em-santos#article","isPartOf":{"@id":"https:\/\/redenoticiaz.com.br\/litoralsp\/2022\/05\/10\/maniaco-da-peruca-sera-julgado-nesta-terca-feira-em-santos"},"author":{"name":"Gustavo Silva","@id":"https:\/\/redenoticiaz.com.br\/litoralsp\/#\/schema\/person\/16057b37a3c0ee6b096d7f887c566e2e"},"headline":"Man\u00edaco da Peruca ser\u00e1 julgado nesta ter\u00e7a-feira em Santos","datePublished":"2022-05-10T16:45:25+00:00","mainEntityOfPage":{"@id":"https:\/\/redenoticiaz.com.br\/litoralsp\/2022\/05\/10\/maniaco-da-peruca-sera-julgado-nesta-terca-feira-em-santos"},"wordCount":206,"commentCount":0,"publisher":{"@id":"https:\/\/redenoticiaz.com.br\/litoralsp\/#organization"},"image":{"@id":"https:\/\/redenoticiaz.com.br\/litoralsp\/2022\/05\/10\/maniaco-da-peruca-sera-julgado-nesta-terca-feira-em-santos#primaryimage"},"thumbnailUrl":"https:\/\/redenoticiaz.com.br\/litoralsp\/wp-content\/uploads\/sites\/3\/2022\/05\/peruca.jpg","keywords":["CRIME","MAN\u00cdACO DA PERUCA","Santos"],"articleSection":["Santos"],"inLanguage":"pt-BR","potentialAction":[{"@type":"CommentAction","name":"Comment","target":["https:\/\/redenoticiaz.com.br\/litoralsp\/2022\/05\/10\/maniaco-da-peruca-sera-julgado-nesta-terca-feira-em-santos#respond"]}]},{"@type":"WebPage","@id":"https:\/\/redenoticiaz.com.br\/litoralsp\/2022\/05\/10\/maniaco-da-peruca-sera-julgado-nesta-terca-feira-em-santos","url":"https:\/\/redenoticiaz.com.br\/litoralsp\/2022\/05\/10\/maniaco-da-peruca-sera-julgado-nesta-terca-feira-em-santos","name":"Man\u00edaco da Peruca ser\u00e1 julgado nesta ter\u00e7a-feira em Santos - Litoral SP","isPartOf":{"@id":"https:\/\/redenoticiaz.com.br\/litoralsp\/#website"},"primaryImageOfPage":{"@id":"https:\/\/redenoticiaz.com.br\/litoralsp\/2022\/05\/10\/maniaco-da-peruca-sera-julgado-nesta-terca-feira-em-santos#primaryimage"},"image":{"@id":"https:\/\/redenoticiaz.com.br\/litoralsp\/2022\/05\/10\/maniaco-da-peruca-sera-julgado-nesta-terca-feira-em-santos#primaryimage"},"thumbnailUrl":"https:\/\/redenoticiaz.com.br\/litoralsp\/wp-content\/uploads\/sites\/3\/2022\/05\/peruca.jpg","datePublished":"2022-05-10T16:45:25+00:00","description":"O dentista Fl\u00e1vio do Nascimento Gra\u00e7a de 39 anos, mais conhecido como Man\u00edaco da Peruca, ser\u00e1 julgado nesta ter\u00e7a-feira(10) em Santos.","inLanguage":"pt-BR","potentialAction":[{"@type":"ReadAction","target":["https:\/\/redenoticiaz.com.br\/litoralsp\/2022\/05\/10\/maniaco-da-peruca-sera-julgado-nesta-terca-feira-em-santos"]}]},{"@type":"ImageObject","inLanguage":"pt-BR","@id":"https:\/\/redenoticiaz.com.br\/litoralsp\/2022\/05\/10\/maniaco-da-peruca-sera-julgado-nesta-terca-feira-em-santos#primaryimage","url":"https:\/\/redenoticiaz.com.br\/litoralsp\/wp-content\/uploads\/sites\/3\/2022\/05\/peruca.jpg","contentUrl":"https:\/\/redenoticiaz.com.br\/litoralsp\/wp-content\/uploads\/sites\/3\/2022\/05\/peruca.jpg","width":1000,"height":663,"caption":"Man\u00edaco da Peruca ser\u00e1 julgado nesta ter\u00e7a-feira em Santos"},{"@type":"WebSite","@id":"https:\/\/redenoticiaz.com.br\/litoralsp\/#website","url":"https:\/\/redenoticiaz.com.br\/litoralsp\/","name":"Litoral SP","description":"Rede NoticiaZ","publisher":{"@id":"https:\/\/redenoticiaz.com.br\/litoralsp\/#organization"},"potentialAction":[{"@type":"SearchAction","target":{"@type":"EntryPoint","urlTemplate":"https:\/\/redenoticiaz.com.br\/litoralsp\/?s={search_term_string}"},"query-input":{"@type":"PropertyValueSpecification","valueRequired":true,"valueName":"search_term_string"}}],"inLanguage":"pt-BR"},{"@type":"Organization","@id":"https:\/\/redenoticiaz.com.br\/litoralsp\/#organization","name":"Litoral SP","url":"https:\/\/redenoticiaz.com.br\/litoralsp\/","logo":{"@type":"ImageObject","inLanguage":"pt-BR","@id":"https:\/\/redenoticiaz.com.br\/litoralsp\/#\/schema\/logo\/image\/","url":"https:\/\/redenoticiaz.com.br\/litoralsp\/wp-content\/uploads\/sites\/3\/2020\/11\/logo.jpg","contentUrl":"https:\/\/redenoticiaz.com.br\/litoralsp\/wp-content\/uploads\/sites\/3\/2020\/11\/logo.jpg","width":400,"height":250,"caption":"Litoral SP"},"image":{"@id":"https:\/\/redenoticiaz.com.br\/litoralsp\/#\/schema\/logo\/image\/"}},{"@type":"Person","@id":"https:\/\/redenoticiaz.com.br\/litoralsp\/#\/schema\/person\/16057b37a3c0ee6b096d7f887c566e2e","name":"Gustavo Silva","image":{"@type":"ImageObject","inLanguage":"pt-BR","@id":"https:\/\/secure.gravatar.com\/avatar\/3ee4e82f93b26de0a7cf4ea5eb7893da637ed6bb0c9170c58065944c56e28a33?s=96&d=mm&r=g","url":"https:\/\/secure.gravatar.com\/avatar\/3ee4e82f93b26de0a7cf4ea5eb7893da637ed6bb0c9170c58065944c56e28a33?s=96&d=mm&r=g","contentUrl":"https:\/\/secure.gravatar.com\/avatar\/3ee4e82f93b26de0a7cf4ea5eb7893da637ed6bb0c9170c58065944c56e28a33?s=96&d=mm&r=g","caption":"Gustavo Silva"},"url":"https:\/\/redenoticiaz.com.br\/litoralsp\/author\/gustavosilva"}]}},"_links":{"self":[{"href":"https:\/\/redenoticiaz.com.br\/litoralsp\/wp-json\/wp\/v2\/posts\/27963","targetHints":{"allow":["GET"]}}],"collection":[{"href":"https:\/\/redenoticiaz.com.br\/litoralsp\/wp-json\/wp\/v2\/posts"}],"about":[{"href":"https:\/\/redenoticiaz.com.br\/litoralsp\/wp-json\/wp\/v2\/types\/post"}],"author":[{"embeddable":true,"href":"https:\/\/redenoticiaz.com.br\/litoralsp\/wp-json\/wp\/v2\/users\/12"}],"replies":[{"embeddable":true,"href":"https:\/\/redenoticiaz.com.br\/litoralsp\/wp-json\/wp\/v2\/comments?post=27963"}],"version-history":[{"count":1,"href":"https:\/\/redenoticiaz.com.br\/litoralsp\/wp-json\/wp\/v2\/posts\/27963\/revisions"}],"predecessor-version":[{"id":27965,"href":"https:\/\/redenoticiaz.com.br\/litoralsp\/wp-json\/wp\/v2\/posts\/27963\/revisions\/27965"}],"wp:featuredmedia":[{"embeddable":true,"href":"https:\/\/redenoticiaz.com.br\/litoralsp\/wp-json\/wp\/v2\/media\/27964"}],"wp:attachment":[{"href":"https:\/\/redenoticiaz.com.br\/litoralsp\/wp-json\/wp\/v2\/media?parent=27963"}],"wp:term":[{"taxonomy":"category","embeddable":true,"href":"https:\/\/redenoticiaz.com.br\/litoralsp\/wp-json\/wp\/v2\/categories?post=27963"},{"taxonomy":"post_tag","embeddable":true,"href":"https:\/\/redenoticiaz.com.br\/litoralsp\/wp-json\/wp\/v2\/tags?post=27963"}],"curies":[{"name":"wp","href":"https:\/\/api.w.org\/{rel}","templated":true}]}}