{"id":28113,"date":"2022-05-13T11:38:20","date_gmt":"2022-05-13T14:38:20","guid":{"rendered":"https:\/\/redenoticiaz.com.br\/litoralsp\/?p=28113"},"modified":"2022-05-13T11:38:20","modified_gmt":"2022-05-13T14:38:20","slug":"justica-de-santos-condena-maniaco-da-peruca-a-60-anos-de-prisao-em-regime-fechado","status":"publish","type":"post","link":"https:\/\/redenoticiaz.com.br\/litoralsp\/2022\/05\/13\/justica-de-santos-condena-maniaco-da-peruca-a-60-anos-de-prisao-em-regime-fechado","title":{"rendered":"Justi\u00e7a de Santos condena &#8220;Man\u00edaco da Peruca&#8221; a 60 anos de pris\u00e3o em regime fechado"},"content":{"rendered":"<p>Ap\u00f3s tr\u00eas dias de julgamento, saiu a senten\u00e7a do caso do &#8220;Man\u00edaco da Peruca&#8221;. O r\u00e9u Fl\u00e1vio Nascimento Gra\u00e7a, de 39 anos, foi condenado no F\u00f3rum de <a href=\"https:\/\/www.santos.sp.gov.br\/\">Santos<\/a> a cumprir <strong>60 anos de pris\u00e3o<\/strong> em regime fechado e sem possibilidade de apela\u00e7\u00e3o. Ele foi respons\u00e1vel por cometer tr\u00eas homic\u00eddios e outras duas tentativas. A senten\u00e7a saiu na quinta-feira (12).<\/p>\n<p>No julgamento, o advogado de defesa de Fl\u00e1vio, Eug\u00eanio Malavasi, apresentou dois laudos sobre a sanidade mental do acusado feitos por peritos do F\u00f3rum. Segundo ele, os documentos atestaram que o r\u00e9u \u00e9 inimput\u00e1vel, ou seja, teria doen\u00e7a mental, o que compromete a sanidade ao cometer os crimes. Ele tamb\u00e9m reivindicou acesso a tratamento ap\u00f3s a aplica\u00e7\u00e3o da pena &#8220;por que ele (Fl\u00e1vio) tem problema&#8221;.<\/p>\n<div class=\"mc-column content-text active-extra-styles \" data-block-type=\"unstyled\" data-block-weight=\"41\" data-block-id=\"6\">\n<p class=\"content-text__container \" data-track-category=\"Link no Texto\" data-track-links=\"\">O advogado de acusa\u00e7\u00e3o, Augusto Miglioli, por sua vez, sustentou que Fl\u00e1vio tinha plena consci\u00eancia, capacidade e entendimento em rela\u00e7\u00e3o aos crimes. Assim como a defesa do r\u00e9u, a acusa\u00e7\u00e3o tamb\u00e9m apresentou um laudo sobre a sanidade do &#8220;Man\u00edaco da Peruca&#8221;.<\/p>\n<\/div>\n<div class=\"mc-column content-text active-extra-styles \" data-block-type=\"unstyled\" data-block-weight=\"19\" data-block-id=\"7\">\n<p class=\"content-text__container \" data-track-category=\"Link no Texto\" data-track-links=\"\">As diverg\u00eancias reveladas nos laudos motivou a Justi\u00e7a a determinar que o caso fosse decidido por j\u00fari popular.<\/p>\n<h3 data-track-category=\"Link no Texto\">Entenda o crime<\/h3>\n<div class=\"mc-column content-text active-extra-styles \" data-block-type=\"unstyled\" data-block-weight=\"47\" data-block-id=\"17\">\n<p class=\"content-text__container \" data-track-category=\"Link no Texto\" data-track-links=\"\">Fl\u00e1vio \u00e9 apontado como autor de tr\u00eas homic\u00eddios dolosos (com inten\u00e7\u00e3o de matar) e duas tentativas de homic\u00eddio contra os donos e uma ex-funcion\u00e1ria da Cl\u00ednica Americana, rede de cl\u00ednicas dent\u00e1rias que possu\u00eda unidades na Baixada Santista. A rede seria concorrente ao consult\u00f3rio do &#8220;Man\u00edaco da Peruca&#8221;. Os crimes aconteceram entre os anos de 2014 e 2015.<\/p>\n<\/div>\n<div class=\"content-ads content-ads--reveal\" data-block-type=\"ads\" data-block-id=\"18\"><\/div>\n<div class=\"mc-column content-text active-extra-styles \" data-block-type=\"unstyled\" data-block-weight=\"47\" data-block-id=\"19\">\n<p class=\"content-text__container \" data-track-category=\"Link no Texto\" data-track-links=\"\">Depois de analisar imagens de monitoramento, a pol\u00edcia descobriu que Fl\u00e1vio monitorava os passos das v\u00edtimas e, de acordo com a investiga\u00e7\u00e3o, cometeu os crimes por vingan\u00e7a. O dentista havia declarado fal\u00eancia e atribu\u00eda isso \u00e0 concorr\u00eancia. O r\u00e9u foi preso quatro anos ap\u00f3s o primeiro crime.<\/p>\n<p data-track-category=\"Link no Texto\" data-track-links=\"\">O &#8220;Man\u00edaco da Peruca&#8221;, como Fl\u00e1vio ficou conhecido por atacar as v\u00edtimas com o adere\u00e7o para disfarce, foi considerado imput\u00e1vel pelo j\u00fari. Isso significa que o conselho julgador entendeu diante das apresenta\u00e7\u00f5es que o autor dos crimes sabia o que estava fazendo quando matou as v\u00edtimas, e \u00e9 capaz de responder criminalmente pelos atos.<\/p>\n<h3 data-track-category=\"Link no Texto\">As mortes<\/h3>\n<div class=\"mc-column content-text active-extra-styles \" data-block-type=\"unstyled\" data-block-weight=\"47\" data-block-id=\"29\">\n<p class=\"content-text__container \" data-track-category=\"Link no Texto\" data-track-links=\"\">Em 23 de dezembro de 2014, o empres\u00e1rio Agilson Corr\u00eaa de Carvalho, de 54 anos,\u00a0foi morto com um tiro na cabe\u00e7a quando sa\u00eda da cl\u00ednica dent\u00e1ria em que trabalhava. De acordo com testemunhas, o criminoso agiu sozinho e a rua onde ocorreram os disparos estava movimentada.<\/p>\n<\/div>\n<div class=\"mc-column content-text active-extra-styles \" data-block-type=\"unstyled\" data-block-weight=\"55\" data-block-id=\"30\">\n<p class=\"content-text__container \" data-track-category=\"Link no Texto\" data-track-links=\"\">No dia 15 de julho de 2015, Aldacy Correa de Carvalho, de 56 anos, tamb\u00e9m\u00a0foi assassinada ao sair de uma das unidades da cl\u00ednica, no Centro de\u00a0Santos. Ela estava acompanhada por outras duas pessoas que tamb\u00e9m foram alvos. Uma delas, Arnaldo Correa de Carvalho, de 54 anos, morreu\u00a0ap\u00f3s passar quatro meses internado.<\/p>\n<\/div>\n<div class=\"content-ads content-ads--reveal\" data-block-type=\"ads\" data-block-id=\"31\"><\/div>\n<div class=\"mc-column content-text active-extra-styles \" data-block-type=\"unstyled\" data-block-weight=\"59\" data-block-id=\"32\">\n<p class=\"content-text__container \" data-track-category=\"Link no Texto\" data-track-links=\"\">Outro alvo do &#8220;Man\u00edaco da Peruca&#8221; foi um sobrinho de Agilson, um jovem de 21 anos, que foi atingido pelos disparos, mas sobreviveu. Os tiros acertaram de rasp\u00e3o o nariz e a nuca da v\u00edtima, que tamb\u00e9m precisou ser hospitalizada. A segunda sobrevivente foi uma mulher, de 40, baleada em 23 de setembro de 2015, no bairro do Gonzaga.<\/p>\n<\/div>\n<div class=\"mc-column content-text active-extra-styles \" data-block-type=\"unstyled\" data-block-weight=\"35\" data-block-id=\"33\">\n<p class=\"content-text__container \" data-track-category=\"Link no Texto\" data-track-links=\"\">Fl\u00e1vio foi preso em novembro de 2018, quatro anos ap\u00f3s o primeiro crime. Na \u00e9poca, o juiz alegou que o homem oferecia risco \u00e0 sociedade e, por isso, determinou sua deten\u00e7\u00e3o preventiva at\u00e9 o julgamento.<\/p>\n<p data-track-category=\"Link no Texto\" data-track-links=\"\"><strong>LEIA TAMB\u00c9M<\/strong><\/p>\n<p data-track-category=\"Link no Texto\" data-track-links=\"\"><a href=\"https:\/\/redenoticiaz.com.br\/litoralsp\/2022\/05\/10\/maniaco-da-peruca-sera-julgado-nesta-terca-feira-em-santos\">Man\u00edaco da Peruca ser\u00e1 julgado nesta ter\u00e7a-feira em Santos<\/a><\/p>\n<\/div>\n<\/div>\n<\/div>\n","protected":false},"excerpt":{"rendered":"<p>Ap\u00f3s tr\u00eas dias de julgamento, saiu a senten\u00e7a do caso do &#8220;Man\u00edaco da Peruca&#8221;. O r\u00e9u Fl\u00e1vio Nascimento Gra\u00e7a, de 39 anos, foi condenado no F\u00f3rum de Santos a cumprir 60 anos de pris\u00e3o em regime fechado e sem possibilidade de apela\u00e7\u00e3o. Ele foi respons\u00e1vel por cometer tr\u00eas homic\u00eddios e outras duas tentativas. A senten\u00e7a &hellip;<\/p>\n","protected":false},"author":6,"featured_media":28114,"comment_status":"open","ping_status":"closed","sticky":false,"template":"","format":"standard","meta":{"footnotes":""},"categories":[22,180],"tags":[55956,55957,38787,51799,986],"class_list":["post-28113","post","type-post","status-publish","format-standard","has-post-thumbnail","hentry","category-justica","category-santos","tag-60-anos-de-prisao","tag-assassinatos-em-serie","tag-forum-de-santos","tag-maniaco-da-peruca","tag-santos"],"yoast_head":"<!-- This site is optimized with the Yoast SEO plugin v27.4 - https:\/\/yoast.com\/product\/yoast-seo-wordpress\/ -->\n<title>Justi\u00e7a de Santos condena &quot;Man\u00edaco da Peruca&quot; a 60 anos de pris\u00e3o em regime fechado - Litoral SP<\/title>\n<meta name=\"description\" content=\"do &quot;Man\u00edaco da Peruca&quot;. O r\u00e9u Fl\u00e1vio Nascimento Gra\u00e7a, de 39 anos, foi condenado no F\u00f3rum de Santos a cumprir 60 anos de pris\u00e3o em\" \/>\n<meta name=\"robots\" content=\"index, follow, max-snippet:-1, max-image-preview:large, max-video-preview:-1\" \/>\n<link rel=\"canonical\" href=\"https:\/\/redenoticiaz.com.br\/litoralsp\/2022\/05\/13\/justica-de-santos-condena-maniaco-da-peruca-a-60-anos-de-prisao-em-regime-fechado\" \/>\n<meta property=\"og:locale\" content=\"pt_BR\" \/>\n<meta property=\"og:type\" content=\"article\" \/>\n<meta property=\"og:title\" content=\"Justi\u00e7a de Santos condena &quot;Man\u00edaco da Peruca&quot; a 60 anos de pris\u00e3o em regime fechado - Litoral SP\" \/>\n<meta property=\"og:description\" content=\"do &quot;Man\u00edaco da Peruca&quot;. O r\u00e9u Fl\u00e1vio Nascimento Gra\u00e7a, de 39 anos, foi condenado no F\u00f3rum de Santos a cumprir 60 anos de pris\u00e3o em\" \/>\n<meta property=\"og:url\" content=\"https:\/\/redenoticiaz.com.br\/litoralsp\/2022\/05\/13\/justica-de-santos-condena-maniaco-da-peruca-a-60-anos-de-prisao-em-regime-fechado\" \/>\n<meta property=\"og:site_name\" content=\"Litoral SP\" \/>\n<meta property=\"article:published_time\" content=\"2022-05-13T14:38:20+00:00\" \/>\n<meta property=\"og:image\" content=\"https:\/\/redenoticiaz.com.br\/litoralsp\/wp-content\/uploads\/sites\/3\/2022\/05\/suspeito-preso.jpg\" \/>\n\t<meta property=\"og:image:width\" content=\"1280\" \/>\n\t<meta property=\"og:image:height\" content=\"959\" \/>\n\t<meta property=\"og:image:type\" content=\"image\/jpeg\" \/>\n<meta name=\"author\" content=\"Leonardo Francisco\" \/>\n<meta name=\"twitter:card\" content=\"summary_large_image\" \/>\n<meta name=\"twitter:label1\" content=\"Escrito por\" \/>\n\t<meta name=\"twitter:data1\" content=\"Leonardo Francisco\" \/>\n\t<meta name=\"twitter:label2\" content=\"Est. tempo de leitura\" \/>\n\t<meta name=\"twitter:data2\" content=\"3 minutos\" \/>\n<script type=\"application\/ld+json\" class=\"yoast-schema-graph\">{\"@context\":\"https:\\\/\\\/schema.org\",\"@graph\":[{\"@type\":\"Article\",\"@id\":\"https:\\\/\\\/redenoticiaz.com.br\\\/litoralsp\\\/2022\\\/05\\\/13\\\/justica-de-santos-condena-maniaco-da-peruca-a-60-anos-de-prisao-em-regime-fechado#article\",\"isPartOf\":{\"@id\":\"https:\\\/\\\/redenoticiaz.com.br\\\/litoralsp\\\/2022\\\/05\\\/13\\\/justica-de-santos-condena-maniaco-da-peruca-a-60-anos-de-prisao-em-regime-fechado\"},\"author\":{\"name\":\"Leonardo Francisco\",\"@id\":\"https:\\\/\\\/redenoticiaz.com.br\\\/litoralsp\\\/#\\\/schema\\\/person\\\/0f0b8a5bdafefe82841e07ae8d81ecb3\"},\"headline\":\"Justi\u00e7a de Santos condena &#8220;Man\u00edaco da Peruca&#8221; a 60 anos de pris\u00e3o em regime fechado\",\"datePublished\":\"2022-05-13T14:38:20+00:00\",\"mainEntityOfPage\":{\"@id\":\"https:\\\/\\\/redenoticiaz.com.br\\\/litoralsp\\\/2022\\\/05\\\/13\\\/justica-de-santos-condena-maniaco-da-peruca-a-60-anos-de-prisao-em-regime-fechado\"},\"wordCount\":633,\"commentCount\":0,\"publisher\":{\"@id\":\"https:\\\/\\\/redenoticiaz.com.br\\\/litoralsp\\\/#organization\"},\"image\":{\"@id\":\"https:\\\/\\\/redenoticiaz.com.br\\\/litoralsp\\\/2022\\\/05\\\/13\\\/justica-de-santos-condena-maniaco-da-peruca-a-60-anos-de-prisao-em-regime-fechado#primaryimage\"},\"thumbnailUrl\":\"https:\\\/\\\/redenoticiaz.com.br\\\/litoralsp\\\/wp-content\\\/uploads\\\/sites\\\/3\\\/2022\\\/05\\\/suspeito-preso.jpg\",\"keywords\":[\"60 ANOS DE PRIS\u00c3O\",\"ASSASSINATOS EM S\u00c9RIE\",\"F\u00d3RUM DE SANTOS\",\"MAN\u00cdACO DA PERUCA\",\"Santos\"],\"articleSection\":[\"Justi\u00e7a\",\"Santos\"],\"inLanguage\":\"pt-BR\",\"potentialAction\":[{\"@type\":\"CommentAction\",\"name\":\"Comment\",\"target\":[\"https:\\\/\\\/redenoticiaz.com.br\\\/litoralsp\\\/2022\\\/05\\\/13\\\/justica-de-santos-condena-maniaco-da-peruca-a-60-anos-de-prisao-em-regime-fechado#respond\"]}]},{\"@type\":\"WebPage\",\"@id\":\"https:\\\/\\\/redenoticiaz.com.br\\\/litoralsp\\\/2022\\\/05\\\/13\\\/justica-de-santos-condena-maniaco-da-peruca-a-60-anos-de-prisao-em-regime-fechado\",\"url\":\"https:\\\/\\\/redenoticiaz.com.br\\\/litoralsp\\\/2022\\\/05\\\/13\\\/justica-de-santos-condena-maniaco-da-peruca-a-60-anos-de-prisao-em-regime-fechado\",\"name\":\"Justi\u00e7a de Santos condena \\\"Man\u00edaco da Peruca\\\" a 60 anos de pris\u00e3o em regime fechado - Litoral SP\",\"isPartOf\":{\"@id\":\"https:\\\/\\\/redenoticiaz.com.br\\\/litoralsp\\\/#website\"},\"primaryImageOfPage\":{\"@id\":\"https:\\\/\\\/redenoticiaz.com.br\\\/litoralsp\\\/2022\\\/05\\\/13\\\/justica-de-santos-condena-maniaco-da-peruca-a-60-anos-de-prisao-em-regime-fechado#primaryimage\"},\"image\":{\"@id\":\"https:\\\/\\\/redenoticiaz.com.br\\\/litoralsp\\\/2022\\\/05\\\/13\\\/justica-de-santos-condena-maniaco-da-peruca-a-60-anos-de-prisao-em-regime-fechado#primaryimage\"},\"thumbnailUrl\":\"https:\\\/\\\/redenoticiaz.com.br\\\/litoralsp\\\/wp-content\\\/uploads\\\/sites\\\/3\\\/2022\\\/05\\\/suspeito-preso.jpg\",\"datePublished\":\"2022-05-13T14:38:20+00:00\",\"description\":\"do \\\"Man\u00edaco da Peruca\\\". O r\u00e9u Fl\u00e1vio Nascimento Gra\u00e7a, de 39 anos, foi condenado no F\u00f3rum de Santos a cumprir 60 anos de pris\u00e3o em\",\"inLanguage\":\"pt-BR\",\"potentialAction\":[{\"@type\":\"ReadAction\",\"target\":[\"https:\\\/\\\/redenoticiaz.com.br\\\/litoralsp\\\/2022\\\/05\\\/13\\\/justica-de-santos-condena-maniaco-da-peruca-a-60-anos-de-prisao-em-regime-fechado\"]}]},{\"@type\":\"ImageObject\",\"inLanguage\":\"pt-BR\",\"@id\":\"https:\\\/\\\/redenoticiaz.com.br\\\/litoralsp\\\/2022\\\/05\\\/13\\\/justica-de-santos-condena-maniaco-da-peruca-a-60-anos-de-prisao-em-regime-fechado#primaryimage\",\"url\":\"https:\\\/\\\/redenoticiaz.com.br\\\/litoralsp\\\/wp-content\\\/uploads\\\/sites\\\/3\\\/2022\\\/05\\\/suspeito-preso.jpg\",\"contentUrl\":\"https:\\\/\\\/redenoticiaz.com.br\\\/litoralsp\\\/wp-content\\\/uploads\\\/sites\\\/3\\\/2022\\\/05\\\/suspeito-preso.jpg\",\"width\":1280,\"height\":959,\"caption\":\"Cr\u00e9ditos: Reprodu\u00e7\u00e3o\"},{\"@type\":\"WebSite\",\"@id\":\"https:\\\/\\\/redenoticiaz.com.br\\\/litoralsp\\\/#website\",\"url\":\"https:\\\/\\\/redenoticiaz.com.br\\\/litoralsp\\\/\",\"name\":\"Litoral SP\",\"description\":\"Rede NoticiaZ\",\"publisher\":{\"@id\":\"https:\\\/\\\/redenoticiaz.com.br\\\/litoralsp\\\/#organization\"},\"potentialAction\":[{\"@type\":\"SearchAction\",\"target\":{\"@type\":\"EntryPoint\",\"urlTemplate\":\"https:\\\/\\\/redenoticiaz.com.br\\\/litoralsp\\\/?s={search_term_string}\"},\"query-input\":{\"@type\":\"PropertyValueSpecification\",\"valueRequired\":true,\"valueName\":\"search_term_string\"}}],\"inLanguage\":\"pt-BR\"},{\"@type\":\"Organization\",\"@id\":\"https:\\\/\\\/redenoticiaz.com.br\\\/litoralsp\\\/#organization\",\"name\":\"Litoral SP\",\"url\":\"https:\\\/\\\/redenoticiaz.com.br\\\/litoralsp\\\/\",\"logo\":{\"@type\":\"ImageObject\",\"inLanguage\":\"pt-BR\",\"@id\":\"https:\\\/\\\/redenoticiaz.com.br\\\/litoralsp\\\/#\\\/schema\\\/logo\\\/image\\\/\",\"url\":\"https:\\\/\\\/redenoticiaz.com.br\\\/litoralsp\\\/wp-content\\\/uploads\\\/sites\\\/3\\\/2020\\\/11\\\/logo.jpg\",\"contentUrl\":\"https:\\\/\\\/redenoticiaz.com.br\\\/litoralsp\\\/wp-content\\\/uploads\\\/sites\\\/3\\\/2020\\\/11\\\/logo.jpg\",\"width\":400,\"height\":250,\"caption\":\"Litoral SP\"},\"image\":{\"@id\":\"https:\\\/\\\/redenoticiaz.com.br\\\/litoralsp\\\/#\\\/schema\\\/logo\\\/image\\\/\"}},{\"@type\":\"Person\",\"@id\":\"https:\\\/\\\/redenoticiaz.com.br\\\/litoralsp\\\/#\\\/schema\\\/person\\\/0f0b8a5bdafefe82841e07ae8d81ecb3\",\"name\":\"Leonardo Francisco\",\"image\":{\"@type\":\"ImageObject\",\"inLanguage\":\"pt-BR\",\"@id\":\"https:\\\/\\\/secure.gravatar.com\\\/avatar\\\/a7358cb406a99b682ec6df1e77e31ae82e63601f6784e8a3df411d72b37864da?s=96&d=mm&r=g\",\"url\":\"https:\\\/\\\/secure.gravatar.com\\\/avatar\\\/a7358cb406a99b682ec6df1e77e31ae82e63601f6784e8a3df411d72b37864da?s=96&d=mm&r=g\",\"contentUrl\":\"https:\\\/\\\/secure.gravatar.com\\\/avatar\\\/a7358cb406a99b682ec6df1e77e31ae82e63601f6784e8a3df411d72b37864da?s=96&d=mm&r=g\",\"caption\":\"Leonardo Francisco\"},\"url\":\"https:\\\/\\\/redenoticiaz.com.br\\\/litoralsp\\\/author\\\/leonardo-francisco\"}]}<\/script>\n<!-- \/ Yoast SEO plugin. -->","yoast_head_json":{"title":"Justi\u00e7a de Santos condena \"Man\u00edaco da Peruca\" a 60 anos de pris\u00e3o em regime fechado - Litoral SP","description":"do \"Man\u00edaco da Peruca\". O r\u00e9u Fl\u00e1vio Nascimento Gra\u00e7a, de 39 anos, foi condenado no F\u00f3rum de Santos a cumprir 60 anos de pris\u00e3o em","robots":{"index":"index","follow":"follow","max-snippet":"max-snippet:-1","max-image-preview":"max-image-preview:large","max-video-preview":"max-video-preview:-1"},"canonical":"https:\/\/redenoticiaz.com.br\/litoralsp\/2022\/05\/13\/justica-de-santos-condena-maniaco-da-peruca-a-60-anos-de-prisao-em-regime-fechado","og_locale":"pt_BR","og_type":"article","og_title":"Justi\u00e7a de Santos condena \"Man\u00edaco da Peruca\" a 60 anos de pris\u00e3o em regime fechado - Litoral SP","og_description":"do \"Man\u00edaco da Peruca\". O r\u00e9u Fl\u00e1vio Nascimento Gra\u00e7a, de 39 anos, foi condenado no F\u00f3rum de Santos a cumprir 60 anos de pris\u00e3o em","og_url":"https:\/\/redenoticiaz.com.br\/litoralsp\/2022\/05\/13\/justica-de-santos-condena-maniaco-da-peruca-a-60-anos-de-prisao-em-regime-fechado","og_site_name":"Litoral SP","article_published_time":"2022-05-13T14:38:20+00:00","og_image":[{"width":1280,"height":959,"url":"https:\/\/redenoticiaz.com.br\/litoralsp\/wp-content\/uploads\/sites\/3\/2022\/05\/suspeito-preso.jpg","type":"image\/jpeg"}],"author":"Leonardo Francisco","twitter_card":"summary_large_image","twitter_misc":{"Escrito por":"Leonardo Francisco","Est. tempo de leitura":"3 minutos"},"schema":{"@context":"https:\/\/schema.org","@graph":[{"@type":"Article","@id":"https:\/\/redenoticiaz.com.br\/litoralsp\/2022\/05\/13\/justica-de-santos-condena-maniaco-da-peruca-a-60-anos-de-prisao-em-regime-fechado#article","isPartOf":{"@id":"https:\/\/redenoticiaz.com.br\/litoralsp\/2022\/05\/13\/justica-de-santos-condena-maniaco-da-peruca-a-60-anos-de-prisao-em-regime-fechado"},"author":{"name":"Leonardo Francisco","@id":"https:\/\/redenoticiaz.com.br\/litoralsp\/#\/schema\/person\/0f0b8a5bdafefe82841e07ae8d81ecb3"},"headline":"Justi\u00e7a de Santos condena &#8220;Man\u00edaco da Peruca&#8221; a 60 anos de pris\u00e3o em regime fechado","datePublished":"2022-05-13T14:38:20+00:00","mainEntityOfPage":{"@id":"https:\/\/redenoticiaz.com.br\/litoralsp\/2022\/05\/13\/justica-de-santos-condena-maniaco-da-peruca-a-60-anos-de-prisao-em-regime-fechado"},"wordCount":633,"commentCount":0,"publisher":{"@id":"https:\/\/redenoticiaz.com.br\/litoralsp\/#organization"},"image":{"@id":"https:\/\/redenoticiaz.com.br\/litoralsp\/2022\/05\/13\/justica-de-santos-condena-maniaco-da-peruca-a-60-anos-de-prisao-em-regime-fechado#primaryimage"},"thumbnailUrl":"https:\/\/redenoticiaz.com.br\/litoralsp\/wp-content\/uploads\/sites\/3\/2022\/05\/suspeito-preso.jpg","keywords":["60 ANOS DE PRIS\u00c3O","ASSASSINATOS EM S\u00c9RIE","F\u00d3RUM DE SANTOS","MAN\u00cdACO DA PERUCA","Santos"],"articleSection":["Justi\u00e7a","Santos"],"inLanguage":"pt-BR","potentialAction":[{"@type":"CommentAction","name":"Comment","target":["https:\/\/redenoticiaz.com.br\/litoralsp\/2022\/05\/13\/justica-de-santos-condena-maniaco-da-peruca-a-60-anos-de-prisao-em-regime-fechado#respond"]}]},{"@type":"WebPage","@id":"https:\/\/redenoticiaz.com.br\/litoralsp\/2022\/05\/13\/justica-de-santos-condena-maniaco-da-peruca-a-60-anos-de-prisao-em-regime-fechado","url":"https:\/\/redenoticiaz.com.br\/litoralsp\/2022\/05\/13\/justica-de-santos-condena-maniaco-da-peruca-a-60-anos-de-prisao-em-regime-fechado","name":"Justi\u00e7a de Santos condena \"Man\u00edaco da Peruca\" a 60 anos de pris\u00e3o em regime fechado - Litoral SP","isPartOf":{"@id":"https:\/\/redenoticiaz.com.br\/litoralsp\/#website"},"primaryImageOfPage":{"@id":"https:\/\/redenoticiaz.com.br\/litoralsp\/2022\/05\/13\/justica-de-santos-condena-maniaco-da-peruca-a-60-anos-de-prisao-em-regime-fechado#primaryimage"},"image":{"@id":"https:\/\/redenoticiaz.com.br\/litoralsp\/2022\/05\/13\/justica-de-santos-condena-maniaco-da-peruca-a-60-anos-de-prisao-em-regime-fechado#primaryimage"},"thumbnailUrl":"https:\/\/redenoticiaz.com.br\/litoralsp\/wp-content\/uploads\/sites\/3\/2022\/05\/suspeito-preso.jpg","datePublished":"2022-05-13T14:38:20+00:00","description":"do \"Man\u00edaco da Peruca\". O r\u00e9u Fl\u00e1vio Nascimento Gra\u00e7a, de 39 anos, foi condenado no F\u00f3rum de Santos a cumprir 60 anos de pris\u00e3o em","inLanguage":"pt-BR","potentialAction":[{"@type":"ReadAction","target":["https:\/\/redenoticiaz.com.br\/litoralsp\/2022\/05\/13\/justica-de-santos-condena-maniaco-da-peruca-a-60-anos-de-prisao-em-regime-fechado"]}]},{"@type":"ImageObject","inLanguage":"pt-BR","@id":"https:\/\/redenoticiaz.com.br\/litoralsp\/2022\/05\/13\/justica-de-santos-condena-maniaco-da-peruca-a-60-anos-de-prisao-em-regime-fechado#primaryimage","url":"https:\/\/redenoticiaz.com.br\/litoralsp\/wp-content\/uploads\/sites\/3\/2022\/05\/suspeito-preso.jpg","contentUrl":"https:\/\/redenoticiaz.com.br\/litoralsp\/wp-content\/uploads\/sites\/3\/2022\/05\/suspeito-preso.jpg","width":1280,"height":959,"caption":"Cr\u00e9ditos: Reprodu\u00e7\u00e3o"},{"@type":"WebSite","@id":"https:\/\/redenoticiaz.com.br\/litoralsp\/#website","url":"https:\/\/redenoticiaz.com.br\/litoralsp\/","name":"Litoral SP","description":"Rede NoticiaZ","publisher":{"@id":"https:\/\/redenoticiaz.com.br\/litoralsp\/#organization"},"potentialAction":[{"@type":"SearchAction","target":{"@type":"EntryPoint","urlTemplate":"https:\/\/redenoticiaz.com.br\/litoralsp\/?s={search_term_string}"},"query-input":{"@type":"PropertyValueSpecification","valueRequired":true,"valueName":"search_term_string"}}],"inLanguage":"pt-BR"},{"@type":"Organization","@id":"https:\/\/redenoticiaz.com.br\/litoralsp\/#organization","name":"Litoral SP","url":"https:\/\/redenoticiaz.com.br\/litoralsp\/","logo":{"@type":"ImageObject","inLanguage":"pt-BR","@id":"https:\/\/redenoticiaz.com.br\/litoralsp\/#\/schema\/logo\/image\/","url":"https:\/\/redenoticiaz.com.br\/litoralsp\/wp-content\/uploads\/sites\/3\/2020\/11\/logo.jpg","contentUrl":"https:\/\/redenoticiaz.com.br\/litoralsp\/wp-content\/uploads\/sites\/3\/2020\/11\/logo.jpg","width":400,"height":250,"caption":"Litoral SP"},"image":{"@id":"https:\/\/redenoticiaz.com.br\/litoralsp\/#\/schema\/logo\/image\/"}},{"@type":"Person","@id":"https:\/\/redenoticiaz.com.br\/litoralsp\/#\/schema\/person\/0f0b8a5bdafefe82841e07ae8d81ecb3","name":"Leonardo Francisco","image":{"@type":"ImageObject","inLanguage":"pt-BR","@id":"https:\/\/secure.gravatar.com\/avatar\/a7358cb406a99b682ec6df1e77e31ae82e63601f6784e8a3df411d72b37864da?s=96&d=mm&r=g","url":"https:\/\/secure.gravatar.com\/avatar\/a7358cb406a99b682ec6df1e77e31ae82e63601f6784e8a3df411d72b37864da?s=96&d=mm&r=g","contentUrl":"https:\/\/secure.gravatar.com\/avatar\/a7358cb406a99b682ec6df1e77e31ae82e63601f6784e8a3df411d72b37864da?s=96&d=mm&r=g","caption":"Leonardo Francisco"},"url":"https:\/\/redenoticiaz.com.br\/litoralsp\/author\/leonardo-francisco"}]}},"_links":{"self":[{"href":"https:\/\/redenoticiaz.com.br\/litoralsp\/wp-json\/wp\/v2\/posts\/28113","targetHints":{"allow":["GET"]}}],"collection":[{"href":"https:\/\/redenoticiaz.com.br\/litoralsp\/wp-json\/wp\/v2\/posts"}],"about":[{"href":"https:\/\/redenoticiaz.com.br\/litoralsp\/wp-json\/wp\/v2\/types\/post"}],"author":[{"embeddable":true,"href":"https:\/\/redenoticiaz.com.br\/litoralsp\/wp-json\/wp\/v2\/users\/6"}],"replies":[{"embeddable":true,"href":"https:\/\/redenoticiaz.com.br\/litoralsp\/wp-json\/wp\/v2\/comments?post=28113"}],"version-history":[{"count":1,"href":"https:\/\/redenoticiaz.com.br\/litoralsp\/wp-json\/wp\/v2\/posts\/28113\/revisions"}],"predecessor-version":[{"id":28115,"href":"https:\/\/redenoticiaz.com.br\/litoralsp\/wp-json\/wp\/v2\/posts\/28113\/revisions\/28115"}],"wp:featuredmedia":[{"embeddable":true,"href":"https:\/\/redenoticiaz.com.br\/litoralsp\/wp-json\/wp\/v2\/media\/28114"}],"wp:attachment":[{"href":"https:\/\/redenoticiaz.com.br\/litoralsp\/wp-json\/wp\/v2\/media?parent=28113"}],"wp:term":[{"taxonomy":"category","embeddable":true,"href":"https:\/\/redenoticiaz.com.br\/litoralsp\/wp-json\/wp\/v2\/categories?post=28113"},{"taxonomy":"post_tag","embeddable":true,"href":"https:\/\/redenoticiaz.com.br\/litoralsp\/wp-json\/wp\/v2\/tags?post=28113"}],"curies":[{"name":"wp","href":"https:\/\/api.w.org\/{rel}","templated":true}]}}