{"id":28116,"date":"2022-05-13T16:27:27","date_gmt":"2022-05-13T19:27:27","guid":{"rendered":"https:\/\/redenoticiaz.com.br\/litoralsp\/?p=28116"},"modified":"2022-05-13T16:27:27","modified_gmt":"2022-05-13T19:27:27","slug":"video-mostra-confusao-entre-guarda-civil-e-moradores-de-praia-grande","status":"publish","type":"post","link":"https:\/\/redenoticiaz.com.br\/litoralsp\/2022\/05\/13\/video-mostra-confusao-entre-guarda-civil-e-moradores-de-praia-grande","title":{"rendered":"V\u00eddeo mostra confus\u00e3o entre Guarda civil e moradores de Praia Grande"},"content":{"rendered":"<div class=\"mc-column content-text active-extra-styles \" data-block-type=\"unstyled\" data-block-weight=\"65\" data-block-id=\"2\">\n<p data-track-category=\"Link no Texto\" data-track-links=\"\">Um v\u00eddeo compartilhado em redes sociais mostra uma confus\u00e3o entre agentes da Guarda Civil de Praia Grande e moradores em um bar no bairro Vila S\u00f4nia nesta \u00faltima quarta-feira(11).<\/p>\n<p data-track-category=\"Link no Texto\" data-track-links=\"\">A briga aconteceu enquanto os guardas patrulhavam a regi\u00e3o onde um GCM foi morto na manh\u00e3 do mesmo dia. O bar fica apenas a 900 metros de onde houve o assassinato.<\/p>\n<div style=\"width: 848px;\" class=\"wp-video\"><video class=\"wp-video-shortcode\" id=\"video-28116-1\" width=\"848\" height=\"480\" preload=\"metadata\" controls=\"controls\"><source type=\"video\/mp4\" src=\"https:\/\/redenoticiaz.com.br\/litoralsp\/wp-content\/uploads\/sites\/3\/2022\/05\/whatsapp-video-2022-05-13-at-15-59-54.mp4?_=1\" \/><a href=\"https:\/\/redenoticiaz.com.br\/litoralsp\/wp-content\/uploads\/sites\/3\/2022\/05\/whatsapp-video-2022-05-13-at-15-59-54.mp4\">https:\/\/redenoticiaz.com.br\/litoralsp\/wp-content\/uploads\/sites\/3\/2022\/05\/whatsapp-video-2022-05-13-at-15-59-54.mp4<\/a><\/video><\/div>\n<\/div>\n<div class=\"wall protected-content\">\n<div class=\"mc-column content-text active-extra-styles \" data-block-type=\"unstyled\" data-block-weight=\"43\" data-block-id=\"3\">\n<p data-track-category=\"Link no Texto\" data-track-links=\"\">De acordo com as imagens uma viatura com cinco guardas estava pr\u00f3ximo ao local sendo que dois assistiram o desenrolar do fato e outros dois que estavam armados estavam afastando os clientes. Um dos agentes mobilizava um jovem pelo pesco\u00e7o. No v\u00eddeo, pessoas gritam &#8220;n\u00f3s \u00e9 morador&#8221; para evitar uma situa\u00e7\u00e3o ainda mais grave.<\/p>\n<\/div>\n<div class=\"content-ads content-ads--reveal\" data-block-type=\"ads\" data-block-id=\"4\">\n<p data-track-category=\"Link no Texto\" data-track-links=\"\">Ainda de acordo com o autor do v\u00eddeo, os guardas entraram no local para &#8220;tumultuar&#8221; e que ningu\u00e9m estava fazendo nada de errado.Esta pessoa afirmou que os agentes mandaram que o bar fechasse.<\/p>\n<p data-track-category=\"Link no Texto\" data-track-links=\"\">Segundo ele, uma das propriet\u00e1rias dos com\u00e9rcios afirmou que n\u00e3o teria como \u201cganhar o p\u00e3o\u201d com o bar fechado.<\/p>\n<div id=\"banner_materia2\" class=\"tag-manager-publicidade-container mc-has-reveal mc-has-ad-lazyload tag-manager-publicidade-banner_materia2 tag-manager-publicidade-container--carregado tag-manager-publicidade-container--visivel\" data-id=\"banner_materia2\" data-req=\"true\" data-cid=\"138388731265\" data-lid=\"5982229428\" data-google-query-id=\"COLC2q6T3fcCFbuWlQIddxMIjg\">\n<div class=\"bs-video-block mc-column  content-media content-video\" data-block-type=\"backstage-video\" data-block-id=\"6\">\n<div class=\"content-media__container\">\n<div class=\"content-video__bigger-player-description-fixer\">\n<article class=\"content-video\">\n<section class=\"content-video__video-container\">\n<div class=\"content-video__video\">\n<div class=\"content-video__placeholder\" data-video-id=\"10569641\" data-video-has-viewport-play=\"True\">\n<div class=\"mc-column content-text active-extra-styles \" data-block-type=\"unstyled\" data-block-weight=\"34\" data-block-id=\"13\">\n<p class=\"content-text__container \" data-track-category=\"Link no Texto\" data-track-links=\"\">Em nota, a Prefeitura de Praia Grande informou que a GCM realizou a\u00e7\u00f5es nesta quarta-feira por diversas ruas do Bairro Vila S\u00f4nia. Durante uma abordagem, algumas pessoas se exaltaram sendo necess\u00e1ria a conten\u00e7\u00e3o.<\/p>\n<\/div>\n<div class=\"mc-column content-text active-extra-styles \" data-block-type=\"unstyled\" data-block-weight=\"44\" data-block-id=\"14\">\n<p class=\"content-text__container \" data-track-category=\"Link no Texto\" data-track-links=\"\">A Guarda Civil Municipal de Praia Grande possui autoriza\u00e7\u00e3o para o porte de arma desde 2009, quando firmou conv\u00eanio com a Pol\u00edcia Federal. A prefeitura informou, ainda, que a corpora\u00e7\u00e3o conta com corregedoria interna para apurar eventuais irregularidades sobre a conduta de seus integrantes.<\/p>\n<p data-track-category=\"Link no Texto\" data-track-links=\"\">Leia mais<\/p>\n<p data-track-category=\"Link no Texto\" data-track-links=\"\"><a href=\"https:\/\/redenoticiaz.com.br\/litoralsp\/2022\/05\/12\/adolescentes-sao-gravadas-brigando-em-escola-de-praia-grande\">Adolescentes s\u00e3o gravadas brigando em escola de Praia Grande<\/a><\/p>\n<\/div>\n<\/div>\n<\/div>\n<\/section>\n<\/article>\n<\/div>\n<\/div>\n<\/div>\n<\/div>\n<\/div>\n<\/div>\n","protected":false},"excerpt":{"rendered":"<p>Um v\u00eddeo compartilhado em redes sociais mostra uma confus\u00e3o entre agentes da Guarda Civil de Praia Grande e moradores em um bar no bairro Vila S\u00f4nia nesta \u00faltima quarta-feira(11). A briga aconteceu enquanto os guardas patrulhavam a regi\u00e3o onde um GCM foi morto na manh\u00e3 do mesmo dia. O bar fica apenas a 900 metros &hellip;<\/p>\n","protected":false},"author":12,"featured_media":28118,"comment_status":"open","ping_status":"closed","sticky":false,"template":"","format":"standard","meta":{"footnotes":""},"categories":[182],"tags":[55969,55968,55967],"class_list":["post-28116","post","type-post","status-publish","format-standard","has-post-thumbnail","hentry","category-praia-grande","tag-bar-praia-grande","tag-briga-em-bar-de-praia-grande","tag-confusao-em-praia-grande"],"yoast_head":"<!-- This site is optimized with the Yoast SEO plugin v27.4 - https:\/\/yoast.com\/product\/yoast-seo-wordpress\/ -->\n<title>V\u00eddeo mostra confus\u00e3o entre Guarda civil e moradores de Praia Grande -<\/title>\n<meta name=\"description\" content=\"Um v\u00eddeo compartilhado em redes sociais mostra uma confus\u00e3o entre agentes da Guarda Civil de Praia Grande e moradores de um bar nesta quarta-feira(11).\" \/>\n<meta name=\"robots\" content=\"index, follow, max-snippet:-1, max-image-preview:large, max-video-preview:-1\" \/>\n<link rel=\"canonical\" href=\"https:\/\/redenoticiaz.com.br\/litoralsp\/2022\/05\/13\/video-mostra-confusao-entre-guarda-civil-e-moradores-de-praia-grande\" \/>\n<meta property=\"og:locale\" content=\"pt_BR\" \/>\n<meta property=\"og:type\" content=\"article\" \/>\n<meta property=\"og:title\" content=\"V\u00eddeo mostra confus\u00e3o entre Guarda civil e moradores de Praia Grande -\" \/>\n<meta property=\"og:description\" content=\"Um v\u00eddeo compartilhado em redes sociais mostra uma confus\u00e3o entre agentes da Guarda Civil de Praia Grande e moradores de um bar nesta quarta-feira(11).\" \/>\n<meta property=\"og:url\" content=\"https:\/\/redenoticiaz.com.br\/litoralsp\/2022\/05\/13\/video-mostra-confusao-entre-guarda-civil-e-moradores-de-praia-grande\" \/>\n<meta property=\"og:site_name\" content=\"Litoral SP\" \/>\n<meta property=\"article:published_time\" content=\"2022-05-13T19:27:27+00:00\" \/>\n<meta property=\"og:image\" content=\"https:\/\/redenoticiaz.com.br\/litoralsp\/wp-content\/uploads\/sites\/3\/2022\/05\/frame-novo-video-gcm.jpg\" \/>\n\t<meta property=\"og:image:width\" content=\"906\" \/>\n\t<meta property=\"og:image:height\" content=\"563\" \/>\n\t<meta property=\"og:image:type\" content=\"image\/jpeg\" \/>\n<meta name=\"author\" content=\"Gustavo Silva\" \/>\n<meta name=\"twitter:card\" content=\"summary_large_image\" \/>\n<meta name=\"twitter:label1\" content=\"Escrito por\" \/>\n\t<meta name=\"twitter:data1\" content=\"Gustavo Silva\" \/>\n\t<meta name=\"twitter:label2\" content=\"Est. tempo de leitura\" \/>\n\t<meta name=\"twitter:data2\" content=\"1 minuto\" \/>\n<script type=\"application\/ld+json\" class=\"yoast-schema-graph\">{\"@context\":\"https:\\\/\\\/schema.org\",\"@graph\":[{\"@type\":\"Article\",\"@id\":\"https:\\\/\\\/redenoticiaz.com.br\\\/litoralsp\\\/2022\\\/05\\\/13\\\/video-mostra-confusao-entre-guarda-civil-e-moradores-de-praia-grande#article\",\"isPartOf\":{\"@id\":\"https:\\\/\\\/redenoticiaz.com.br\\\/litoralsp\\\/2022\\\/05\\\/13\\\/video-mostra-confusao-entre-guarda-civil-e-moradores-de-praia-grande\"},\"author\":{\"name\":\"Gustavo Silva\",\"@id\":\"https:\\\/\\\/redenoticiaz.com.br\\\/litoralsp\\\/#\\\/schema\\\/person\\\/16057b37a3c0ee6b096d7f887c566e2e\"},\"headline\":\"V\u00eddeo mostra confus\u00e3o entre Guarda civil e moradores de Praia Grande\",\"datePublished\":\"2022-05-13T19:27:27+00:00\",\"mainEntityOfPage\":{\"@id\":\"https:\\\/\\\/redenoticiaz.com.br\\\/litoralsp\\\/2022\\\/05\\\/13\\\/video-mostra-confusao-entre-guarda-civil-e-moradores-de-praia-grande\"},\"wordCount\":309,\"commentCount\":0,\"publisher\":{\"@id\":\"https:\\\/\\\/redenoticiaz.com.br\\\/litoralsp\\\/#organization\"},\"image\":{\"@id\":\"https:\\\/\\\/redenoticiaz.com.br\\\/litoralsp\\\/2022\\\/05\\\/13\\\/video-mostra-confusao-entre-guarda-civil-e-moradores-de-praia-grande#primaryimage\"},\"thumbnailUrl\":\"https:\\\/\\\/redenoticiaz.com.br\\\/litoralsp\\\/wp-content\\\/uploads\\\/sites\\\/3\\\/2022\\\/05\\\/frame-novo-video-gcm.jpg\",\"keywords\":[\"bar praia grande\",\"briga em bar de praia grande\",\"confus\u00e3o em praia grande\"],\"articleSection\":[\"Praia Grande\"],\"inLanguage\":\"pt-BR\",\"potentialAction\":[{\"@type\":\"CommentAction\",\"name\":\"Comment\",\"target\":[\"https:\\\/\\\/redenoticiaz.com.br\\\/litoralsp\\\/2022\\\/05\\\/13\\\/video-mostra-confusao-entre-guarda-civil-e-moradores-de-praia-grande#respond\"]}]},{\"@type\":\"WebPage\",\"@id\":\"https:\\\/\\\/redenoticiaz.com.br\\\/litoralsp\\\/2022\\\/05\\\/13\\\/video-mostra-confusao-entre-guarda-civil-e-moradores-de-praia-grande\",\"url\":\"https:\\\/\\\/redenoticiaz.com.br\\\/litoralsp\\\/2022\\\/05\\\/13\\\/video-mostra-confusao-entre-guarda-civil-e-moradores-de-praia-grande\",\"name\":\"V\u00eddeo mostra confus\u00e3o entre Guarda civil e moradores de Praia Grande -\",\"isPartOf\":{\"@id\":\"https:\\\/\\\/redenoticiaz.com.br\\\/litoralsp\\\/#website\"},\"primaryImageOfPage\":{\"@id\":\"https:\\\/\\\/redenoticiaz.com.br\\\/litoralsp\\\/2022\\\/05\\\/13\\\/video-mostra-confusao-entre-guarda-civil-e-moradores-de-praia-grande#primaryimage\"},\"image\":{\"@id\":\"https:\\\/\\\/redenoticiaz.com.br\\\/litoralsp\\\/2022\\\/05\\\/13\\\/video-mostra-confusao-entre-guarda-civil-e-moradores-de-praia-grande#primaryimage\"},\"thumbnailUrl\":\"https:\\\/\\\/redenoticiaz.com.br\\\/litoralsp\\\/wp-content\\\/uploads\\\/sites\\\/3\\\/2022\\\/05\\\/frame-novo-video-gcm.jpg\",\"datePublished\":\"2022-05-13T19:27:27+00:00\",\"description\":\"Um v\u00eddeo compartilhado em redes sociais mostra uma confus\u00e3o entre agentes da Guarda Civil de Praia Grande e moradores de um bar nesta quarta-feira(11).\",\"inLanguage\":\"pt-BR\",\"potentialAction\":[{\"@type\":\"ReadAction\",\"target\":[\"https:\\\/\\\/redenoticiaz.com.br\\\/litoralsp\\\/2022\\\/05\\\/13\\\/video-mostra-confusao-entre-guarda-civil-e-moradores-de-praia-grande\"]}]},{\"@type\":\"ImageObject\",\"inLanguage\":\"pt-BR\",\"@id\":\"https:\\\/\\\/redenoticiaz.com.br\\\/litoralsp\\\/2022\\\/05\\\/13\\\/video-mostra-confusao-entre-guarda-civil-e-moradores-de-praia-grande#primaryimage\",\"url\":\"https:\\\/\\\/redenoticiaz.com.br\\\/litoralsp\\\/wp-content\\\/uploads\\\/sites\\\/3\\\/2022\\\/05\\\/frame-novo-video-gcm.jpg\",\"contentUrl\":\"https:\\\/\\\/redenoticiaz.com.br\\\/litoralsp\\\/wp-content\\\/uploads\\\/sites\\\/3\\\/2022\\\/05\\\/frame-novo-video-gcm.jpg\",\"width\":906,\"height\":563,\"caption\":\"V\u00eddeo mostra confus\u00e3o entre Guarda civil e moradores de Praia Grande\"},{\"@type\":\"WebSite\",\"@id\":\"https:\\\/\\\/redenoticiaz.com.br\\\/litoralsp\\\/#website\",\"url\":\"https:\\\/\\\/redenoticiaz.com.br\\\/litoralsp\\\/\",\"name\":\"Litoral SP\",\"description\":\"Rede NoticiaZ\",\"publisher\":{\"@id\":\"https:\\\/\\\/redenoticiaz.com.br\\\/litoralsp\\\/#organization\"},\"potentialAction\":[{\"@type\":\"SearchAction\",\"target\":{\"@type\":\"EntryPoint\",\"urlTemplate\":\"https:\\\/\\\/redenoticiaz.com.br\\\/litoralsp\\\/?s={search_term_string}\"},\"query-input\":{\"@type\":\"PropertyValueSpecification\",\"valueRequired\":true,\"valueName\":\"search_term_string\"}}],\"inLanguage\":\"pt-BR\"},{\"@type\":\"Organization\",\"@id\":\"https:\\\/\\\/redenoticiaz.com.br\\\/litoralsp\\\/#organization\",\"name\":\"Litoral SP\",\"url\":\"https:\\\/\\\/redenoticiaz.com.br\\\/litoralsp\\\/\",\"logo\":{\"@type\":\"ImageObject\",\"inLanguage\":\"pt-BR\",\"@id\":\"https:\\\/\\\/redenoticiaz.com.br\\\/litoralsp\\\/#\\\/schema\\\/logo\\\/image\\\/\",\"url\":\"https:\\\/\\\/redenoticiaz.com.br\\\/litoralsp\\\/wp-content\\\/uploads\\\/sites\\\/3\\\/2020\\\/11\\\/logo.jpg\",\"contentUrl\":\"https:\\\/\\\/redenoticiaz.com.br\\\/litoralsp\\\/wp-content\\\/uploads\\\/sites\\\/3\\\/2020\\\/11\\\/logo.jpg\",\"width\":400,\"height\":250,\"caption\":\"Litoral SP\"},\"image\":{\"@id\":\"https:\\\/\\\/redenoticiaz.com.br\\\/litoralsp\\\/#\\\/schema\\\/logo\\\/image\\\/\"}},{\"@type\":\"Person\",\"@id\":\"https:\\\/\\\/redenoticiaz.com.br\\\/litoralsp\\\/#\\\/schema\\\/person\\\/16057b37a3c0ee6b096d7f887c566e2e\",\"name\":\"Gustavo Silva\",\"image\":{\"@type\":\"ImageObject\",\"inLanguage\":\"pt-BR\",\"@id\":\"https:\\\/\\\/secure.gravatar.com\\\/avatar\\\/3ee4e82f93b26de0a7cf4ea5eb7893da637ed6bb0c9170c58065944c56e28a33?s=96&d=mm&r=g\",\"url\":\"https:\\\/\\\/secure.gravatar.com\\\/avatar\\\/3ee4e82f93b26de0a7cf4ea5eb7893da637ed6bb0c9170c58065944c56e28a33?s=96&d=mm&r=g\",\"contentUrl\":\"https:\\\/\\\/secure.gravatar.com\\\/avatar\\\/3ee4e82f93b26de0a7cf4ea5eb7893da637ed6bb0c9170c58065944c56e28a33?s=96&d=mm&r=g\",\"caption\":\"Gustavo Silva\"},\"url\":\"https:\\\/\\\/redenoticiaz.com.br\\\/litoralsp\\\/author\\\/gustavosilva\"}]}<\/script>\n<!-- \/ Yoast SEO plugin. -->","yoast_head_json":{"title":"V\u00eddeo mostra confus\u00e3o entre Guarda civil e moradores de Praia Grande -","description":"Um v\u00eddeo compartilhado em redes sociais mostra uma confus\u00e3o entre agentes da Guarda Civil de Praia Grande e moradores de um bar nesta quarta-feira(11).","robots":{"index":"index","follow":"follow","max-snippet":"max-snippet:-1","max-image-preview":"max-image-preview:large","max-video-preview":"max-video-preview:-1"},"canonical":"https:\/\/redenoticiaz.com.br\/litoralsp\/2022\/05\/13\/video-mostra-confusao-entre-guarda-civil-e-moradores-de-praia-grande","og_locale":"pt_BR","og_type":"article","og_title":"V\u00eddeo mostra confus\u00e3o entre Guarda civil e moradores de Praia Grande -","og_description":"Um v\u00eddeo compartilhado em redes sociais mostra uma confus\u00e3o entre agentes da Guarda Civil de Praia Grande e moradores de um bar nesta quarta-feira(11).","og_url":"https:\/\/redenoticiaz.com.br\/litoralsp\/2022\/05\/13\/video-mostra-confusao-entre-guarda-civil-e-moradores-de-praia-grande","og_site_name":"Litoral SP","article_published_time":"2022-05-13T19:27:27+00:00","og_image":[{"width":906,"height":563,"url":"https:\/\/redenoticiaz.com.br\/litoralsp\/wp-content\/uploads\/sites\/3\/2022\/05\/frame-novo-video-gcm.jpg","type":"image\/jpeg"}],"author":"Gustavo Silva","twitter_card":"summary_large_image","twitter_misc":{"Escrito por":"Gustavo Silva","Est. tempo de leitura":"1 minuto"},"schema":{"@context":"https:\/\/schema.org","@graph":[{"@type":"Article","@id":"https:\/\/redenoticiaz.com.br\/litoralsp\/2022\/05\/13\/video-mostra-confusao-entre-guarda-civil-e-moradores-de-praia-grande#article","isPartOf":{"@id":"https:\/\/redenoticiaz.com.br\/litoralsp\/2022\/05\/13\/video-mostra-confusao-entre-guarda-civil-e-moradores-de-praia-grande"},"author":{"name":"Gustavo Silva","@id":"https:\/\/redenoticiaz.com.br\/litoralsp\/#\/schema\/person\/16057b37a3c0ee6b096d7f887c566e2e"},"headline":"V\u00eddeo mostra confus\u00e3o entre Guarda civil e moradores de Praia Grande","datePublished":"2022-05-13T19:27:27+00:00","mainEntityOfPage":{"@id":"https:\/\/redenoticiaz.com.br\/litoralsp\/2022\/05\/13\/video-mostra-confusao-entre-guarda-civil-e-moradores-de-praia-grande"},"wordCount":309,"commentCount":0,"publisher":{"@id":"https:\/\/redenoticiaz.com.br\/litoralsp\/#organization"},"image":{"@id":"https:\/\/redenoticiaz.com.br\/litoralsp\/2022\/05\/13\/video-mostra-confusao-entre-guarda-civil-e-moradores-de-praia-grande#primaryimage"},"thumbnailUrl":"https:\/\/redenoticiaz.com.br\/litoralsp\/wp-content\/uploads\/sites\/3\/2022\/05\/frame-novo-video-gcm.jpg","keywords":["bar praia grande","briga em bar de praia grande","confus\u00e3o em praia grande"],"articleSection":["Praia Grande"],"inLanguage":"pt-BR","potentialAction":[{"@type":"CommentAction","name":"Comment","target":["https:\/\/redenoticiaz.com.br\/litoralsp\/2022\/05\/13\/video-mostra-confusao-entre-guarda-civil-e-moradores-de-praia-grande#respond"]}]},{"@type":"WebPage","@id":"https:\/\/redenoticiaz.com.br\/litoralsp\/2022\/05\/13\/video-mostra-confusao-entre-guarda-civil-e-moradores-de-praia-grande","url":"https:\/\/redenoticiaz.com.br\/litoralsp\/2022\/05\/13\/video-mostra-confusao-entre-guarda-civil-e-moradores-de-praia-grande","name":"V\u00eddeo mostra confus\u00e3o entre Guarda civil e moradores de Praia Grande -","isPartOf":{"@id":"https:\/\/redenoticiaz.com.br\/litoralsp\/#website"},"primaryImageOfPage":{"@id":"https:\/\/redenoticiaz.com.br\/litoralsp\/2022\/05\/13\/video-mostra-confusao-entre-guarda-civil-e-moradores-de-praia-grande#primaryimage"},"image":{"@id":"https:\/\/redenoticiaz.com.br\/litoralsp\/2022\/05\/13\/video-mostra-confusao-entre-guarda-civil-e-moradores-de-praia-grande#primaryimage"},"thumbnailUrl":"https:\/\/redenoticiaz.com.br\/litoralsp\/wp-content\/uploads\/sites\/3\/2022\/05\/frame-novo-video-gcm.jpg","datePublished":"2022-05-13T19:27:27+00:00","description":"Um v\u00eddeo compartilhado em redes sociais mostra uma confus\u00e3o entre agentes da Guarda Civil de Praia Grande e moradores de um bar nesta quarta-feira(11).","inLanguage":"pt-BR","potentialAction":[{"@type":"ReadAction","target":["https:\/\/redenoticiaz.com.br\/litoralsp\/2022\/05\/13\/video-mostra-confusao-entre-guarda-civil-e-moradores-de-praia-grande"]}]},{"@type":"ImageObject","inLanguage":"pt-BR","@id":"https:\/\/redenoticiaz.com.br\/litoralsp\/2022\/05\/13\/video-mostra-confusao-entre-guarda-civil-e-moradores-de-praia-grande#primaryimage","url":"https:\/\/redenoticiaz.com.br\/litoralsp\/wp-content\/uploads\/sites\/3\/2022\/05\/frame-novo-video-gcm.jpg","contentUrl":"https:\/\/redenoticiaz.com.br\/litoralsp\/wp-content\/uploads\/sites\/3\/2022\/05\/frame-novo-video-gcm.jpg","width":906,"height":563,"caption":"V\u00eddeo mostra confus\u00e3o entre Guarda civil e moradores de Praia Grande"},{"@type":"WebSite","@id":"https:\/\/redenoticiaz.com.br\/litoralsp\/#website","url":"https:\/\/redenoticiaz.com.br\/litoralsp\/","name":"Litoral SP","description":"Rede NoticiaZ","publisher":{"@id":"https:\/\/redenoticiaz.com.br\/litoralsp\/#organization"},"potentialAction":[{"@type":"SearchAction","target":{"@type":"EntryPoint","urlTemplate":"https:\/\/redenoticiaz.com.br\/litoralsp\/?s={search_term_string}"},"query-input":{"@type":"PropertyValueSpecification","valueRequired":true,"valueName":"search_term_string"}}],"inLanguage":"pt-BR"},{"@type":"Organization","@id":"https:\/\/redenoticiaz.com.br\/litoralsp\/#organization","name":"Litoral SP","url":"https:\/\/redenoticiaz.com.br\/litoralsp\/","logo":{"@type":"ImageObject","inLanguage":"pt-BR","@id":"https:\/\/redenoticiaz.com.br\/litoralsp\/#\/schema\/logo\/image\/","url":"https:\/\/redenoticiaz.com.br\/litoralsp\/wp-content\/uploads\/sites\/3\/2020\/11\/logo.jpg","contentUrl":"https:\/\/redenoticiaz.com.br\/litoralsp\/wp-content\/uploads\/sites\/3\/2020\/11\/logo.jpg","width":400,"height":250,"caption":"Litoral SP"},"image":{"@id":"https:\/\/redenoticiaz.com.br\/litoralsp\/#\/schema\/logo\/image\/"}},{"@type":"Person","@id":"https:\/\/redenoticiaz.com.br\/litoralsp\/#\/schema\/person\/16057b37a3c0ee6b096d7f887c566e2e","name":"Gustavo Silva","image":{"@type":"ImageObject","inLanguage":"pt-BR","@id":"https:\/\/secure.gravatar.com\/avatar\/3ee4e82f93b26de0a7cf4ea5eb7893da637ed6bb0c9170c58065944c56e28a33?s=96&d=mm&r=g","url":"https:\/\/secure.gravatar.com\/avatar\/3ee4e82f93b26de0a7cf4ea5eb7893da637ed6bb0c9170c58065944c56e28a33?s=96&d=mm&r=g","contentUrl":"https:\/\/secure.gravatar.com\/avatar\/3ee4e82f93b26de0a7cf4ea5eb7893da637ed6bb0c9170c58065944c56e28a33?s=96&d=mm&r=g","caption":"Gustavo Silva"},"url":"https:\/\/redenoticiaz.com.br\/litoralsp\/author\/gustavosilva"}]}},"_links":{"self":[{"href":"https:\/\/redenoticiaz.com.br\/litoralsp\/wp-json\/wp\/v2\/posts\/28116","targetHints":{"allow":["GET"]}}],"collection":[{"href":"https:\/\/redenoticiaz.com.br\/litoralsp\/wp-json\/wp\/v2\/posts"}],"about":[{"href":"https:\/\/redenoticiaz.com.br\/litoralsp\/wp-json\/wp\/v2\/types\/post"}],"author":[{"embeddable":true,"href":"https:\/\/redenoticiaz.com.br\/litoralsp\/wp-json\/wp\/v2\/users\/12"}],"replies":[{"embeddable":true,"href":"https:\/\/redenoticiaz.com.br\/litoralsp\/wp-json\/wp\/v2\/comments?post=28116"}],"version-history":[{"count":1,"href":"https:\/\/redenoticiaz.com.br\/litoralsp\/wp-json\/wp\/v2\/posts\/28116\/revisions"}],"predecessor-version":[{"id":28119,"href":"https:\/\/redenoticiaz.com.br\/litoralsp\/wp-json\/wp\/v2\/posts\/28116\/revisions\/28119"}],"wp:featuredmedia":[{"embeddable":true,"href":"https:\/\/redenoticiaz.com.br\/litoralsp\/wp-json\/wp\/v2\/media\/28118"}],"wp:attachment":[{"href":"https:\/\/redenoticiaz.com.br\/litoralsp\/wp-json\/wp\/v2\/media?parent=28116"}],"wp:term":[{"taxonomy":"category","embeddable":true,"href":"https:\/\/redenoticiaz.com.br\/litoralsp\/wp-json\/wp\/v2\/categories?post=28116"},{"taxonomy":"post_tag","embeddable":true,"href":"https:\/\/redenoticiaz.com.br\/litoralsp\/wp-json\/wp\/v2\/tags?post=28116"}],"curies":[{"name":"wp","href":"https:\/\/api.w.org\/{rel}","templated":true}]}}