{"id":28201,"date":"2022-05-16T14:28:31","date_gmt":"2022-05-16T17:28:31","guid":{"rendered":"https:\/\/redenoticiaz.com.br\/litoralsp\/?p=28201"},"modified":"2022-05-16T14:28:46","modified_gmt":"2022-05-16T17:28:46","slug":"prefeito-afastado-de-guaruja-e-tema-de-reportagem-do-fantastico","status":"publish","type":"post","link":"https:\/\/redenoticiaz.com.br\/litoralsp\/2022\/05\/16\/prefeito-afastado-de-guaruja-e-tema-de-reportagem-do-fantastico","title":{"rendered":"Prefeito afastado de Guaruj\u00e1 \u00e9 tema de reportagem do Fant\u00e1stico"},"content":{"rendered":"<p>O prefeito afastado de Guaruj\u00e1, V\u00e1lter Suman (PSDB) foi tema de reportagem do Fant\u00e1stico da Rede Globo neste domingo (15) e afirmou em entrevista que n\u00e3o houve fraude em licita\u00e7\u00f5es na cidade e nem favorecimento de empresas.<\/p>\n<p>De acordo com V\u00e1lter Suman, n\u00e3o existe a possibilidade dele ter ficado com dinheiro da sa\u00fade e educa\u00e7\u00e3o atrav\u00e9s do favorecimento de empresas durante a Pandemia. Ainda de acordo com a PF a ind\u00edcios do desvio de R$ 150 milh\u00f5es das \u00e1reas da sa\u00fade e educa\u00e7\u00e3o.<\/p>\n<p>Suman ainda falou sobre os gastos milion\u00e1rios de sua esposa, Edna Suman em lojas de roupas e j\u00f3ias. Ele disse que geralmente deu presentes caros em datas comemorativas e que todo o valor gasto em lojas ser\u00e1 comprovado na justi\u00e7a.<\/p>\n<p><img loading=\"lazy\" decoding=\"async\" class=\"aligncenter size-medium wp-image-28202\" src=\"https:\/\/redenoticiaz.com.br\/litoralsp\/wp-content\/uploads\/sites\/3\/2022\/05\/censurado1145616411472-300x201.jpg\" alt=\"Prefeito afastado de Guaruj\u00e1 \u00e9 tema de reportagem do Fant\u00e1stico\" width=\"300\" height=\"201\" srcset=\"https:\/\/redenoticiaz.com.br\/litoralsp\/wp-content\/uploads\/sites\/3\/2022\/05\/censurado1145616411472-300x201.jpg 300w, https:\/\/redenoticiaz.com.br\/litoralsp\/wp-content\/uploads\/sites\/3\/2022\/05\/censurado1145616411472-1024x685.jpg 1024w, https:\/\/redenoticiaz.com.br\/litoralsp\/wp-content\/uploads\/sites\/3\/2022\/05\/censurado1145616411472-768x514.jpg 768w, https:\/\/redenoticiaz.com.br\/litoralsp\/wp-content\/uploads\/sites\/3\/2022\/05\/censurado1145616411472.jpg 1066w\" sizes=\"auto, (max-width: 300px) 100vw, 300px\" \/><\/p>\n<p>Segundo a Pol\u00edcia Federal \u00e9 que a organiza\u00e7\u00e3o criminosa era liderada pelo casal Suman e que o respons\u00e1vel pelas transa\u00e7\u00f5es era o Secret\u00e1rio de Educa\u00e7\u00e3o, Marcelo Nicolau que tamb\u00e9m foi afastado. Tanto o casal Suman, quando o ex-secret\u00e1rio est\u00e3o usando tornozeleiras eletr\u00f4nicas.<\/p>\n<div class=\"wall protected-content\">\n<div class=\"mc-column content-text active-extra-styles \" data-block-type=\"unstyled\" data-block-weight=\"55\" data-block-id=\"3\">\n<p class=\"content-text__container \" data-track-category=\"Link no Texto\" data-track-links=\"\"><strong>OS<\/strong><\/p>\n<p data-track-category=\"Link no Texto\" data-track-links=\"\">De acordo com a mat\u00e9ria, o empres\u00e1rio Almir Mattias foi um dos beneficiados pelo casal Suman. Ele \u00e9 suspeito no esquema de desvio de verbas e foi favorecido ao assumir a responsabilidade da Sa\u00fade da Cidade. Sua empresa Pr\u00f3-vida gerenciava as Unidades de Sa\u00fade da Fam\u00edlia.<\/p>\n<p data-track-category=\"Link no Texto\" data-track-links=\"\">Ainda de acordo com as informa\u00e7\u00f5es divulgadas, Mattias teria desviado 70% do valor que recebeu para gerenciar os servi\u00e7os de Sa\u00fade.<\/p>\n<div class=\"mc-column content-text active-extra-styles \" data-block-type=\"unstyled\" data-block-weight=\"41\" data-block-id=\"5\">\n<p class=\"content-text__container \" data-track-category=\"Link no Texto\" data-track-links=\"\"><strong>Opera\u00e7\u00e3o<\/strong><\/p>\n<p data-track-category=\"Link no Texto\" data-track-links=\"\">Segundo a Pol\u00edcia Federal a 2\u00aa Fase da Opera\u00e7\u00e3o N\u00e1car \u00e9 realizada de forma integrada pela Controladoria-Geral da Uni\u00e3o (CGU) e com o Tribunal de Contas da Uni\u00e3o (TCU) e pretende aprofundar as investiga\u00e7\u00f5es que apuram poss\u00edveis fraudes realizadas pela Prefeitura de Guaruj\u00e1.<\/p>\n<\/div>\n<\/div>\n<div class=\"content-ads content-ads--reveal\" data-block-type=\"ads\" data-block-id=\"4\">\n<div id=\"banner_materia2\" class=\"tag-manager-publicidade-container mc-has-reveal mc-has-ad-lazyload tag-manager-publicidade-banner_materia2 tag-manager-publicidade-container--carregado tag-manager-publicidade-container--visivel\" data-id=\"banner_materia2\" data-req=\"true\" data-google-query-id=\"CMn8_sXC5PcCFR0BuQYdV4oAFw\" data-cid=\"138388731265\" data-lid=\"5982229428\">\n<div class=\"mc-column content-text active-extra-styles \" data-block-type=\"unstyled\" data-block-weight=\"53\" data-block-id=\"31\">\n<p class=\"content-text__container \" data-track-category=\"Link no Texto\" data-track-links=\"\"><strong>Leia mais<\/strong><\/p>\n<p data-track-category=\"Link no Texto\" data-track-links=\"\"><a href=\"https:\/\/redenoticiaz.com.br\/litoralsp\/2022\/03\/29\/valter-suman-e-afastado-do-cargo-de-prefeito-de-guaruja-por-ser-alvo-da-policia-federal\">V\u00e1lter Suman \u00e9 notificado pela C\u00e2mara de Guaruj\u00e1 para apresentar defesa contra o impeachment<\/a><\/p>\n<\/div>\n<\/div>\n<\/div>\n<\/div>\n","protected":false},"excerpt":{"rendered":"<p>O prefeito afastado de Guaruj\u00e1, V\u00e1lter Suman (PSDB) foi tema de reportagem do Fant\u00e1stico da Rede Globo neste domingo (15) e afirmou em entrevista que n\u00e3o houve fraude em licita\u00e7\u00f5es na cidade e nem favorecimento de empresas. De acordo com V\u00e1lter Suman, n\u00e3o existe a possibilidade dele ter ficado com dinheiro da sa\u00fade e educa\u00e7\u00e3o &hellip;<\/p>\n","protected":false},"author":12,"featured_media":28203,"comment_status":"open","ping_status":"closed","sticky":false,"template":"","format":"standard","meta":{"footnotes":""},"categories":[187],"tags":[56340,56338,56339],"class_list":["post-28201","post","type-post","status-publish","format-standard","has-post-thumbnail","hentry","category-guaruja","tag-materia-sobre-fraudes-guaruja","tag-prefeito-afastado-valter-suman","tag-suman-materia-fantastico"],"yoast_head":"<!-- This site is optimized with the Yoast SEO plugin v27.4 - https:\/\/yoast.com\/product\/yoast-seo-wordpress\/ -->\n<title>Prefeito afastado de Guaruj\u00e1 \u00e9 tema de reportagem do Fant\u00e1stico -<\/title>\n<meta name=\"description\" content=\"O prefeito afastado de Guaruj\u00e1, V\u00e1lter Suman (PSDB) foi tema de reportagem do Fant\u00e1stico da Rede Globo neste domingo (15)\" \/>\n<meta name=\"robots\" content=\"index, follow, max-snippet:-1, max-image-preview:large, max-video-preview:-1\" \/>\n<link rel=\"canonical\" href=\"https:\/\/redenoticiaz.com.br\/litoralsp\/2022\/05\/16\/prefeito-afastado-de-guaruja-e-tema-de-reportagem-do-fantastico\" \/>\n<meta property=\"og:locale\" content=\"pt_BR\" \/>\n<meta property=\"og:type\" content=\"article\" \/>\n<meta property=\"og:title\" content=\"Prefeito afastado de Guaruj\u00e1 \u00e9 tema de reportagem do Fant\u00e1stico -\" \/>\n<meta property=\"og:description\" content=\"O prefeito afastado de Guaruj\u00e1, V\u00e1lter Suman (PSDB) foi tema de reportagem do Fant\u00e1stico da Rede Globo neste domingo (15)\" \/>\n<meta property=\"og:url\" content=\"https:\/\/redenoticiaz.com.br\/litoralsp\/2022\/05\/16\/prefeito-afastado-de-guaruja-e-tema-de-reportagem-do-fantastico\" \/>\n<meta property=\"og:site_name\" content=\"Litoral SP\" \/>\n<meta property=\"article:published_time\" content=\"2022-05-16T17:28:31+00:00\" \/>\n<meta property=\"article:modified_time\" content=\"2022-05-16T17:28:46+00:00\" \/>\n<meta property=\"og:image\" content=\"https:\/\/redenoticiaz.com.br\/litoralsp\/wp-content\/uploads\/sites\/3\/2022\/05\/censurado1811798811128.jpg\" \/>\n\t<meta property=\"og:image:width\" content=\"1066\" \/>\n\t<meta property=\"og:image:height\" content=\"713\" \/>\n\t<meta property=\"og:image:type\" content=\"image\/jpeg\" \/>\n<meta name=\"author\" content=\"Gustavo Silva\" \/>\n<meta name=\"twitter:card\" content=\"summary_large_image\" \/>\n<meta name=\"twitter:label1\" content=\"Escrito por\" \/>\n\t<meta name=\"twitter:data1\" content=\"Gustavo Silva\" \/>\n\t<meta name=\"twitter:label2\" content=\"Est. tempo de leitura\" \/>\n\t<meta name=\"twitter:data2\" content=\"2 minutos\" \/>\n<script type=\"application\/ld+json\" class=\"yoast-schema-graph\">{\"@context\":\"https:\\\/\\\/schema.org\",\"@graph\":[{\"@type\":\"Article\",\"@id\":\"https:\\\/\\\/redenoticiaz.com.br\\\/litoralsp\\\/2022\\\/05\\\/16\\\/prefeito-afastado-de-guaruja-e-tema-de-reportagem-do-fantastico#article\",\"isPartOf\":{\"@id\":\"https:\\\/\\\/redenoticiaz.com.br\\\/litoralsp\\\/2022\\\/05\\\/16\\\/prefeito-afastado-de-guaruja-e-tema-de-reportagem-do-fantastico\"},\"author\":{\"name\":\"Gustavo Silva\",\"@id\":\"https:\\\/\\\/redenoticiaz.com.br\\\/litoralsp\\\/#\\\/schema\\\/person\\\/16057b37a3c0ee6b096d7f887c566e2e\"},\"headline\":\"Prefeito afastado de Guaruj\u00e1 \u00e9 tema de reportagem do Fant\u00e1stico\",\"datePublished\":\"2022-05-16T17:28:31+00:00\",\"dateModified\":\"2022-05-16T17:28:46+00:00\",\"mainEntityOfPage\":{\"@id\":\"https:\\\/\\\/redenoticiaz.com.br\\\/litoralsp\\\/2022\\\/05\\\/16\\\/prefeito-afastado-de-guaruja-e-tema-de-reportagem-do-fantastico\"},\"wordCount\":340,\"commentCount\":0,\"publisher\":{\"@id\":\"https:\\\/\\\/redenoticiaz.com.br\\\/litoralsp\\\/#organization\"},\"image\":{\"@id\":\"https:\\\/\\\/redenoticiaz.com.br\\\/litoralsp\\\/2022\\\/05\\\/16\\\/prefeito-afastado-de-guaruja-e-tema-de-reportagem-do-fantastico#primaryimage\"},\"thumbnailUrl\":\"https:\\\/\\\/redenoticiaz.com.br\\\/litoralsp\\\/wp-content\\\/uploads\\\/sites\\\/3\\\/2022\\\/05\\\/censurado1811798811128.jpg\",\"keywords\":[\"mat\u00e9ria sobre fraudes guaruj\u00e1\",\"prefeito afastado valter suman\",\"suman mat\u00e9ria fantastico\"],\"articleSection\":[\"Guaruj\u00e1\"],\"inLanguage\":\"pt-BR\",\"potentialAction\":[{\"@type\":\"CommentAction\",\"name\":\"Comment\",\"target\":[\"https:\\\/\\\/redenoticiaz.com.br\\\/litoralsp\\\/2022\\\/05\\\/16\\\/prefeito-afastado-de-guaruja-e-tema-de-reportagem-do-fantastico#respond\"]}]},{\"@type\":\"WebPage\",\"@id\":\"https:\\\/\\\/redenoticiaz.com.br\\\/litoralsp\\\/2022\\\/05\\\/16\\\/prefeito-afastado-de-guaruja-e-tema-de-reportagem-do-fantastico\",\"url\":\"https:\\\/\\\/redenoticiaz.com.br\\\/litoralsp\\\/2022\\\/05\\\/16\\\/prefeito-afastado-de-guaruja-e-tema-de-reportagem-do-fantastico\",\"name\":\"Prefeito afastado de Guaruj\u00e1 \u00e9 tema de reportagem do Fant\u00e1stico -\",\"isPartOf\":{\"@id\":\"https:\\\/\\\/redenoticiaz.com.br\\\/litoralsp\\\/#website\"},\"primaryImageOfPage\":{\"@id\":\"https:\\\/\\\/redenoticiaz.com.br\\\/litoralsp\\\/2022\\\/05\\\/16\\\/prefeito-afastado-de-guaruja-e-tema-de-reportagem-do-fantastico#primaryimage\"},\"image\":{\"@id\":\"https:\\\/\\\/redenoticiaz.com.br\\\/litoralsp\\\/2022\\\/05\\\/16\\\/prefeito-afastado-de-guaruja-e-tema-de-reportagem-do-fantastico#primaryimage\"},\"thumbnailUrl\":\"https:\\\/\\\/redenoticiaz.com.br\\\/litoralsp\\\/wp-content\\\/uploads\\\/sites\\\/3\\\/2022\\\/05\\\/censurado1811798811128.jpg\",\"datePublished\":\"2022-05-16T17:28:31+00:00\",\"dateModified\":\"2022-05-16T17:28:46+00:00\",\"description\":\"O prefeito afastado de Guaruj\u00e1, V\u00e1lter Suman (PSDB) foi tema de reportagem do Fant\u00e1stico da Rede Globo neste domingo (15)\",\"inLanguage\":\"pt-BR\",\"potentialAction\":[{\"@type\":\"ReadAction\",\"target\":[\"https:\\\/\\\/redenoticiaz.com.br\\\/litoralsp\\\/2022\\\/05\\\/16\\\/prefeito-afastado-de-guaruja-e-tema-de-reportagem-do-fantastico\"]}]},{\"@type\":\"ImageObject\",\"inLanguage\":\"pt-BR\",\"@id\":\"https:\\\/\\\/redenoticiaz.com.br\\\/litoralsp\\\/2022\\\/05\\\/16\\\/prefeito-afastado-de-guaruja-e-tema-de-reportagem-do-fantastico#primaryimage\",\"url\":\"https:\\\/\\\/redenoticiaz.com.br\\\/litoralsp\\\/wp-content\\\/uploads\\\/sites\\\/3\\\/2022\\\/05\\\/censurado1811798811128.jpg\",\"contentUrl\":\"https:\\\/\\\/redenoticiaz.com.br\\\/litoralsp\\\/wp-content\\\/uploads\\\/sites\\\/3\\\/2022\\\/05\\\/censurado1811798811128.jpg\",\"width\":1066,\"height\":713,\"caption\":\"Prefeito afastado de Guaruj\u00e1 \u00e9 tema de reportagem do Fant\u00e1stico\"},{\"@type\":\"WebSite\",\"@id\":\"https:\\\/\\\/redenoticiaz.com.br\\\/litoralsp\\\/#website\",\"url\":\"https:\\\/\\\/redenoticiaz.com.br\\\/litoralsp\\\/\",\"name\":\"Litoral SP\",\"description\":\"Rede NoticiaZ\",\"publisher\":{\"@id\":\"https:\\\/\\\/redenoticiaz.com.br\\\/litoralsp\\\/#organization\"},\"potentialAction\":[{\"@type\":\"SearchAction\",\"target\":{\"@type\":\"EntryPoint\",\"urlTemplate\":\"https:\\\/\\\/redenoticiaz.com.br\\\/litoralsp\\\/?s={search_term_string}\"},\"query-input\":{\"@type\":\"PropertyValueSpecification\",\"valueRequired\":true,\"valueName\":\"search_term_string\"}}],\"inLanguage\":\"pt-BR\"},{\"@type\":\"Organization\",\"@id\":\"https:\\\/\\\/redenoticiaz.com.br\\\/litoralsp\\\/#organization\",\"name\":\"Litoral SP\",\"url\":\"https:\\\/\\\/redenoticiaz.com.br\\\/litoralsp\\\/\",\"logo\":{\"@type\":\"ImageObject\",\"inLanguage\":\"pt-BR\",\"@id\":\"https:\\\/\\\/redenoticiaz.com.br\\\/litoralsp\\\/#\\\/schema\\\/logo\\\/image\\\/\",\"url\":\"https:\\\/\\\/redenoticiaz.com.br\\\/litoralsp\\\/wp-content\\\/uploads\\\/sites\\\/3\\\/2020\\\/11\\\/logo.jpg\",\"contentUrl\":\"https:\\\/\\\/redenoticiaz.com.br\\\/litoralsp\\\/wp-content\\\/uploads\\\/sites\\\/3\\\/2020\\\/11\\\/logo.jpg\",\"width\":400,\"height\":250,\"caption\":\"Litoral SP\"},\"image\":{\"@id\":\"https:\\\/\\\/redenoticiaz.com.br\\\/litoralsp\\\/#\\\/schema\\\/logo\\\/image\\\/\"}},{\"@type\":\"Person\",\"@id\":\"https:\\\/\\\/redenoticiaz.com.br\\\/litoralsp\\\/#\\\/schema\\\/person\\\/16057b37a3c0ee6b096d7f887c566e2e\",\"name\":\"Gustavo Silva\",\"image\":{\"@type\":\"ImageObject\",\"inLanguage\":\"pt-BR\",\"@id\":\"https:\\\/\\\/secure.gravatar.com\\\/avatar\\\/3ee4e82f93b26de0a7cf4ea5eb7893da637ed6bb0c9170c58065944c56e28a33?s=96&d=mm&r=g\",\"url\":\"https:\\\/\\\/secure.gravatar.com\\\/avatar\\\/3ee4e82f93b26de0a7cf4ea5eb7893da637ed6bb0c9170c58065944c56e28a33?s=96&d=mm&r=g\",\"contentUrl\":\"https:\\\/\\\/secure.gravatar.com\\\/avatar\\\/3ee4e82f93b26de0a7cf4ea5eb7893da637ed6bb0c9170c58065944c56e28a33?s=96&d=mm&r=g\",\"caption\":\"Gustavo Silva\"},\"url\":\"https:\\\/\\\/redenoticiaz.com.br\\\/litoralsp\\\/author\\\/gustavosilva\"}]}<\/script>\n<!-- \/ Yoast SEO plugin. -->","yoast_head_json":{"title":"Prefeito afastado de Guaruj\u00e1 \u00e9 tema de reportagem do Fant\u00e1stico -","description":"O prefeito afastado de Guaruj\u00e1, V\u00e1lter Suman (PSDB) foi tema de reportagem do Fant\u00e1stico da Rede Globo neste domingo (15)","robots":{"index":"index","follow":"follow","max-snippet":"max-snippet:-1","max-image-preview":"max-image-preview:large","max-video-preview":"max-video-preview:-1"},"canonical":"https:\/\/redenoticiaz.com.br\/litoralsp\/2022\/05\/16\/prefeito-afastado-de-guaruja-e-tema-de-reportagem-do-fantastico","og_locale":"pt_BR","og_type":"article","og_title":"Prefeito afastado de Guaruj\u00e1 \u00e9 tema de reportagem do Fant\u00e1stico -","og_description":"O prefeito afastado de Guaruj\u00e1, V\u00e1lter Suman (PSDB) foi tema de reportagem do Fant\u00e1stico da Rede Globo neste domingo (15)","og_url":"https:\/\/redenoticiaz.com.br\/litoralsp\/2022\/05\/16\/prefeito-afastado-de-guaruja-e-tema-de-reportagem-do-fantastico","og_site_name":"Litoral SP","article_published_time":"2022-05-16T17:28:31+00:00","article_modified_time":"2022-05-16T17:28:46+00:00","og_image":[{"width":1066,"height":713,"url":"https:\/\/redenoticiaz.com.br\/litoralsp\/wp-content\/uploads\/sites\/3\/2022\/05\/censurado1811798811128.jpg","type":"image\/jpeg"}],"author":"Gustavo Silva","twitter_card":"summary_large_image","twitter_misc":{"Escrito por":"Gustavo Silva","Est. tempo de leitura":"2 minutos"},"schema":{"@context":"https:\/\/schema.org","@graph":[{"@type":"Article","@id":"https:\/\/redenoticiaz.com.br\/litoralsp\/2022\/05\/16\/prefeito-afastado-de-guaruja-e-tema-de-reportagem-do-fantastico#article","isPartOf":{"@id":"https:\/\/redenoticiaz.com.br\/litoralsp\/2022\/05\/16\/prefeito-afastado-de-guaruja-e-tema-de-reportagem-do-fantastico"},"author":{"name":"Gustavo Silva","@id":"https:\/\/redenoticiaz.com.br\/litoralsp\/#\/schema\/person\/16057b37a3c0ee6b096d7f887c566e2e"},"headline":"Prefeito afastado de Guaruj\u00e1 \u00e9 tema de reportagem do Fant\u00e1stico","datePublished":"2022-05-16T17:28:31+00:00","dateModified":"2022-05-16T17:28:46+00:00","mainEntityOfPage":{"@id":"https:\/\/redenoticiaz.com.br\/litoralsp\/2022\/05\/16\/prefeito-afastado-de-guaruja-e-tema-de-reportagem-do-fantastico"},"wordCount":340,"commentCount":0,"publisher":{"@id":"https:\/\/redenoticiaz.com.br\/litoralsp\/#organization"},"image":{"@id":"https:\/\/redenoticiaz.com.br\/litoralsp\/2022\/05\/16\/prefeito-afastado-de-guaruja-e-tema-de-reportagem-do-fantastico#primaryimage"},"thumbnailUrl":"https:\/\/redenoticiaz.com.br\/litoralsp\/wp-content\/uploads\/sites\/3\/2022\/05\/censurado1811798811128.jpg","keywords":["mat\u00e9ria sobre fraudes guaruj\u00e1","prefeito afastado valter suman","suman mat\u00e9ria fantastico"],"articleSection":["Guaruj\u00e1"],"inLanguage":"pt-BR","potentialAction":[{"@type":"CommentAction","name":"Comment","target":["https:\/\/redenoticiaz.com.br\/litoralsp\/2022\/05\/16\/prefeito-afastado-de-guaruja-e-tema-de-reportagem-do-fantastico#respond"]}]},{"@type":"WebPage","@id":"https:\/\/redenoticiaz.com.br\/litoralsp\/2022\/05\/16\/prefeito-afastado-de-guaruja-e-tema-de-reportagem-do-fantastico","url":"https:\/\/redenoticiaz.com.br\/litoralsp\/2022\/05\/16\/prefeito-afastado-de-guaruja-e-tema-de-reportagem-do-fantastico","name":"Prefeito afastado de Guaruj\u00e1 \u00e9 tema de reportagem do Fant\u00e1stico -","isPartOf":{"@id":"https:\/\/redenoticiaz.com.br\/litoralsp\/#website"},"primaryImageOfPage":{"@id":"https:\/\/redenoticiaz.com.br\/litoralsp\/2022\/05\/16\/prefeito-afastado-de-guaruja-e-tema-de-reportagem-do-fantastico#primaryimage"},"image":{"@id":"https:\/\/redenoticiaz.com.br\/litoralsp\/2022\/05\/16\/prefeito-afastado-de-guaruja-e-tema-de-reportagem-do-fantastico#primaryimage"},"thumbnailUrl":"https:\/\/redenoticiaz.com.br\/litoralsp\/wp-content\/uploads\/sites\/3\/2022\/05\/censurado1811798811128.jpg","datePublished":"2022-05-16T17:28:31+00:00","dateModified":"2022-05-16T17:28:46+00:00","description":"O prefeito afastado de Guaruj\u00e1, V\u00e1lter Suman (PSDB) foi tema de reportagem do Fant\u00e1stico da Rede Globo neste domingo (15)","inLanguage":"pt-BR","potentialAction":[{"@type":"ReadAction","target":["https:\/\/redenoticiaz.com.br\/litoralsp\/2022\/05\/16\/prefeito-afastado-de-guaruja-e-tema-de-reportagem-do-fantastico"]}]},{"@type":"ImageObject","inLanguage":"pt-BR","@id":"https:\/\/redenoticiaz.com.br\/litoralsp\/2022\/05\/16\/prefeito-afastado-de-guaruja-e-tema-de-reportagem-do-fantastico#primaryimage","url":"https:\/\/redenoticiaz.com.br\/litoralsp\/wp-content\/uploads\/sites\/3\/2022\/05\/censurado1811798811128.jpg","contentUrl":"https:\/\/redenoticiaz.com.br\/litoralsp\/wp-content\/uploads\/sites\/3\/2022\/05\/censurado1811798811128.jpg","width":1066,"height":713,"caption":"Prefeito afastado de Guaruj\u00e1 \u00e9 tema de reportagem do Fant\u00e1stico"},{"@type":"WebSite","@id":"https:\/\/redenoticiaz.com.br\/litoralsp\/#website","url":"https:\/\/redenoticiaz.com.br\/litoralsp\/","name":"Litoral SP","description":"Rede NoticiaZ","publisher":{"@id":"https:\/\/redenoticiaz.com.br\/litoralsp\/#organization"},"potentialAction":[{"@type":"SearchAction","target":{"@type":"EntryPoint","urlTemplate":"https:\/\/redenoticiaz.com.br\/litoralsp\/?s={search_term_string}"},"query-input":{"@type":"PropertyValueSpecification","valueRequired":true,"valueName":"search_term_string"}}],"inLanguage":"pt-BR"},{"@type":"Organization","@id":"https:\/\/redenoticiaz.com.br\/litoralsp\/#organization","name":"Litoral SP","url":"https:\/\/redenoticiaz.com.br\/litoralsp\/","logo":{"@type":"ImageObject","inLanguage":"pt-BR","@id":"https:\/\/redenoticiaz.com.br\/litoralsp\/#\/schema\/logo\/image\/","url":"https:\/\/redenoticiaz.com.br\/litoralsp\/wp-content\/uploads\/sites\/3\/2020\/11\/logo.jpg","contentUrl":"https:\/\/redenoticiaz.com.br\/litoralsp\/wp-content\/uploads\/sites\/3\/2020\/11\/logo.jpg","width":400,"height":250,"caption":"Litoral SP"},"image":{"@id":"https:\/\/redenoticiaz.com.br\/litoralsp\/#\/schema\/logo\/image\/"}},{"@type":"Person","@id":"https:\/\/redenoticiaz.com.br\/litoralsp\/#\/schema\/person\/16057b37a3c0ee6b096d7f887c566e2e","name":"Gustavo Silva","image":{"@type":"ImageObject","inLanguage":"pt-BR","@id":"https:\/\/secure.gravatar.com\/avatar\/3ee4e82f93b26de0a7cf4ea5eb7893da637ed6bb0c9170c58065944c56e28a33?s=96&d=mm&r=g","url":"https:\/\/secure.gravatar.com\/avatar\/3ee4e82f93b26de0a7cf4ea5eb7893da637ed6bb0c9170c58065944c56e28a33?s=96&d=mm&r=g","contentUrl":"https:\/\/secure.gravatar.com\/avatar\/3ee4e82f93b26de0a7cf4ea5eb7893da637ed6bb0c9170c58065944c56e28a33?s=96&d=mm&r=g","caption":"Gustavo Silva"},"url":"https:\/\/redenoticiaz.com.br\/litoralsp\/author\/gustavosilva"}]}},"_links":{"self":[{"href":"https:\/\/redenoticiaz.com.br\/litoralsp\/wp-json\/wp\/v2\/posts\/28201","targetHints":{"allow":["GET"]}}],"collection":[{"href":"https:\/\/redenoticiaz.com.br\/litoralsp\/wp-json\/wp\/v2\/posts"}],"about":[{"href":"https:\/\/redenoticiaz.com.br\/litoralsp\/wp-json\/wp\/v2\/types\/post"}],"author":[{"embeddable":true,"href":"https:\/\/redenoticiaz.com.br\/litoralsp\/wp-json\/wp\/v2\/users\/12"}],"replies":[{"embeddable":true,"href":"https:\/\/redenoticiaz.com.br\/litoralsp\/wp-json\/wp\/v2\/comments?post=28201"}],"version-history":[{"count":1,"href":"https:\/\/redenoticiaz.com.br\/litoralsp\/wp-json\/wp\/v2\/posts\/28201\/revisions"}],"predecessor-version":[{"id":28204,"href":"https:\/\/redenoticiaz.com.br\/litoralsp\/wp-json\/wp\/v2\/posts\/28201\/revisions\/28204"}],"wp:featuredmedia":[{"embeddable":true,"href":"https:\/\/redenoticiaz.com.br\/litoralsp\/wp-json\/wp\/v2\/media\/28203"}],"wp:attachment":[{"href":"https:\/\/redenoticiaz.com.br\/litoralsp\/wp-json\/wp\/v2\/media?parent=28201"}],"wp:term":[{"taxonomy":"category","embeddable":true,"href":"https:\/\/redenoticiaz.com.br\/litoralsp\/wp-json\/wp\/v2\/categories?post=28201"},{"taxonomy":"post_tag","embeddable":true,"href":"https:\/\/redenoticiaz.com.br\/litoralsp\/wp-json\/wp\/v2\/tags?post=28201"}],"curies":[{"name":"wp","href":"https:\/\/api.w.org\/{rel}","templated":true}]}}