{"id":28206,"date":"2022-05-21T08:00:55","date_gmt":"2022-05-21T11:00:55","guid":{"rendered":"https:\/\/redenoticiaz.com.br\/litoralsp\/?p=28206"},"modified":"2022-05-16T18:18:16","modified_gmt":"2022-05-16T21:18:16","slug":"sintonia-terceira-temporada-tem-data-de-estreia-anunciada","status":"publish","type":"post","link":"https:\/\/redenoticiaz.com.br\/litoralsp\/2022\/05\/21\/sintonia-terceira-temporada-tem-data-de-estreia-anunciada","title":{"rendered":"Sintonia: Terceira temporada tem data de estreia anunciada"},"content":{"rendered":"<p dir=\"ltr\">O c\u00e9u \u00e9 o limite para Rita (Bruna Mascarenhas), Nando (Christian Malheiros) e Doni (Jottap\u00ea) na nova temporada de\u00a0<strong><em>Sintonia<\/em><\/strong>, uma das s\u00e9ries brasileiras de maior sucesso da <a href=\"http:\/\/www.netflix.com\">Netflix<\/a>. Mais maduros e enfrentando desafios cada vez maiores, os tr\u00eas amigos v\u00e3o fazer altos &#8220;corres&#8221; para conquistar seus sonhos.<\/p>\n<h4>Planos mais ambiciosos<\/h4>\n<p dir=\"ltr\">Os novos epis\u00f3dios trazem planos ainda mais ambiciosos para a vida de cada um dos tr\u00eas jovens da Vila \u00c1urea, bairro fict\u00edcio em S\u00e3o Paulo: Rita se prepara para concorrer \u00e0 vaga de vereadora pela congrega\u00e7\u00e3o; Doni luta para se manter em evid\u00eancia na m\u00fasica, depois de ter atingido o topo das paradas de funk; e Nando, que passou a ser um dos criminosos mais procurados do Brasil, questiona se vale a pena continuar no mundo do tr\u00e1fico de drogas. Agora, o relacionamento deles custa caro &#8211; qualquer exposi\u00e7\u00e3o pode arruinar suas carreiras e at\u00e9 lev\u00e1-los \u00e0 pris\u00e3o.<\/p>\n<p dir=\"ltr\">Produzida pela Gullane,\u00a0<em>Sintonia<\/em>\u00a0baseia-se em uma ideia original de KondZilla e foi criada por KondZilla, Felipe Braga e Guilherme Quintella. A dire\u00e7\u00e3o dos epis\u00f3dios \u00e9 de Johnny Ara\u00fajo, Daniela Carvalho e\u00a0 Gabriel Zerra, e a produ\u00e7\u00e3o \u00e9 de Caio Gullane e Fabiano Gullane.<\/p>\n<p dir=\"ltr\">A terceira temporada da produ\u00e7\u00e3o chega no dia 13 de julho na Netflix.<\/p>\n<p dir=\"ltr\">VEJA TAMB\u00c9M:\u00a0<a href=\"https:\/\/redenoticiaz.com.br\/barretos-regiao\/sp\/2022\/05\/14\/trailer-conheca-as-protagonistas-de-maldivas-serie-brasileira-da-netflix\">Trailer: Conhe\u00e7a as protagonistas de Maldivas, s\u00e9rie brasileira da Netflix<\/a><\/p>\n","protected":false},"excerpt":{"rendered":"<p>O c\u00e9u \u00e9 o limite para Rita (Bruna Mascarenhas), Nando (Christian Malheiros) e Doni (Jottap\u00ea) na nova temporada de\u00a0Sintonia, uma das s\u00e9ries brasileiras de maior sucesso da Netflix. Mais maduros e enfrentando desafios cada vez maiores, os tr\u00eas amigos v\u00e3o fazer altos &#8220;corres&#8221; para conquistar seus sonhos. Planos mais ambiciosos Os novos epis\u00f3dios trazem planos &hellip;<\/p>\n","protected":false},"author":15,"featured_media":28207,"comment_status":"open","ping_status":"closed","sticky":false,"template":"","format":"standard","meta":{"footnotes":""},"categories":[2001],"tags":[56375,4755,56376,56377],"class_list":["post-28206","post","type-post","status-publish","format-standard","has-post-thumbnail","hentry","category-cultura-e-musica","tag-data-de-estreia","tag-netflix","tag-sintonia","tag-terceira-temporada"],"yoast_head":"<!-- This site is optimized with the Yoast SEO plugin v27.4 - https:\/\/yoast.com\/product\/yoast-seo-wordpress\/ -->\n<title>Sintonia: Terceira temporada tem data de estreia anunciada - Litoral SP<\/title>\n<meta name=\"description\" content=\"O c\u00e9u \u00e9 o limite para Rita (Bruna Mascarenhas), Nando (Christian Malheiros) e Doni (Jottap\u00ea) na nova temporada de\u00a0Sintonia, uma s\u00e9rie brasileira.\" \/>\n<meta name=\"robots\" content=\"index, follow, max-snippet:-1, max-image-preview:large, max-video-preview:-1\" \/>\n<link rel=\"canonical\" href=\"https:\/\/redenoticiaz.com.br\/litoralsp\/2022\/05\/21\/sintonia-terceira-temporada-tem-data-de-estreia-anunciada\" \/>\n<meta property=\"og:locale\" content=\"pt_BR\" \/>\n<meta property=\"og:type\" content=\"article\" \/>\n<meta property=\"og:title\" content=\"Sintonia: Terceira temporada tem data de estreia anunciada - Litoral SP\" \/>\n<meta property=\"og:description\" content=\"O c\u00e9u \u00e9 o limite para Rita (Bruna Mascarenhas), Nando (Christian Malheiros) e Doni (Jottap\u00ea) na nova temporada de\u00a0Sintonia, uma s\u00e9rie brasileira.\" \/>\n<meta property=\"og:url\" content=\"https:\/\/redenoticiaz.com.br\/litoralsp\/2022\/05\/21\/sintonia-terceira-temporada-tem-data-de-estreia-anunciada\" \/>\n<meta property=\"og:site_name\" content=\"Litoral SP\" \/>\n<meta property=\"article:published_time\" content=\"2022-05-21T11:00:55+00:00\" \/>\n<meta property=\"og:image\" content=\"https:\/\/redenoticiaz.com.br\/litoralsp\/wp-content\/uploads\/sites\/3\/2022\/05\/sin_306-doni_rita_nando_0008_r220220510-4490-11kvkf9.jpg\" \/>\n\t<meta property=\"og:image:width\" content=\"1620\" \/>\n\t<meta property=\"og:image:height\" content=\"1080\" \/>\n\t<meta property=\"og:image:type\" content=\"image\/jpeg\" \/>\n<meta name=\"twitter:card\" content=\"summary_large_image\" \/>\n<meta name=\"twitter:label1\" content=\"Escrito por\" \/>\n\t<meta name=\"twitter:data1\" content=\"\" \/>\n\t<meta name=\"twitter:label2\" content=\"Est. tempo de leitura\" \/>\n\t<meta name=\"twitter:data2\" content=\"1 minuto\" \/>\n<script type=\"application\/ld+json\" class=\"yoast-schema-graph\">{\"@context\":\"https:\\\/\\\/schema.org\",\"@graph\":[{\"@type\":\"Article\",\"@id\":\"https:\\\/\\\/redenoticiaz.com.br\\\/litoralsp\\\/2022\\\/05\\\/21\\\/sintonia-terceira-temporada-tem-data-de-estreia-anunciada#article\",\"isPartOf\":{\"@id\":\"https:\\\/\\\/redenoticiaz.com.br\\\/litoralsp\\\/2022\\\/05\\\/21\\\/sintonia-terceira-temporada-tem-data-de-estreia-anunciada\"},\"author\":{\"name\":\"\",\"@id\":\"\"},\"headline\":\"Sintonia: Terceira temporada tem data de estreia anunciada\",\"datePublished\":\"2022-05-21T11:00:55+00:00\",\"mainEntityOfPage\":{\"@id\":\"https:\\\/\\\/redenoticiaz.com.br\\\/litoralsp\\\/2022\\\/05\\\/21\\\/sintonia-terceira-temporada-tem-data-de-estreia-anunciada\"},\"wordCount\":243,\"commentCount\":0,\"publisher\":{\"@id\":\"https:\\\/\\\/redenoticiaz.com.br\\\/litoralsp\\\/#organization\"},\"image\":{\"@id\":\"https:\\\/\\\/redenoticiaz.com.br\\\/litoralsp\\\/2022\\\/05\\\/21\\\/sintonia-terceira-temporada-tem-data-de-estreia-anunciada#primaryimage\"},\"thumbnailUrl\":\"https:\\\/\\\/redenoticiaz.com.br\\\/litoralsp\\\/wp-content\\\/uploads\\\/sites\\\/3\\\/2022\\\/05\\\/sin_306-doni_rita_nando_0008_r220220510-4490-11kvkf9.jpg\",\"keywords\":[\"DATA DE ESTREIA\",\"NETFLIX\",\"SINTONIA\",\"TERCEIRA TEMPORADA\"],\"articleSection\":[\"Cultura e M\u00fasica\"],\"inLanguage\":\"pt-BR\",\"potentialAction\":[{\"@type\":\"CommentAction\",\"name\":\"Comment\",\"target\":[\"https:\\\/\\\/redenoticiaz.com.br\\\/litoralsp\\\/2022\\\/05\\\/21\\\/sintonia-terceira-temporada-tem-data-de-estreia-anunciada#respond\"]}]},{\"@type\":\"WebPage\",\"@id\":\"https:\\\/\\\/redenoticiaz.com.br\\\/litoralsp\\\/2022\\\/05\\\/21\\\/sintonia-terceira-temporada-tem-data-de-estreia-anunciada\",\"url\":\"https:\\\/\\\/redenoticiaz.com.br\\\/litoralsp\\\/2022\\\/05\\\/21\\\/sintonia-terceira-temporada-tem-data-de-estreia-anunciada\",\"name\":\"Sintonia: Terceira temporada tem data de estreia anunciada - Litoral SP\",\"isPartOf\":{\"@id\":\"https:\\\/\\\/redenoticiaz.com.br\\\/litoralsp\\\/#website\"},\"primaryImageOfPage\":{\"@id\":\"https:\\\/\\\/redenoticiaz.com.br\\\/litoralsp\\\/2022\\\/05\\\/21\\\/sintonia-terceira-temporada-tem-data-de-estreia-anunciada#primaryimage\"},\"image\":{\"@id\":\"https:\\\/\\\/redenoticiaz.com.br\\\/litoralsp\\\/2022\\\/05\\\/21\\\/sintonia-terceira-temporada-tem-data-de-estreia-anunciada#primaryimage\"},\"thumbnailUrl\":\"https:\\\/\\\/redenoticiaz.com.br\\\/litoralsp\\\/wp-content\\\/uploads\\\/sites\\\/3\\\/2022\\\/05\\\/sin_306-doni_rita_nando_0008_r220220510-4490-11kvkf9.jpg\",\"datePublished\":\"2022-05-21T11:00:55+00:00\",\"description\":\"O c\u00e9u \u00e9 o limite para Rita (Bruna Mascarenhas), Nando (Christian Malheiros) e Doni (Jottap\u00ea) na nova temporada de\u00a0Sintonia, uma s\u00e9rie brasileira.\",\"inLanguage\":\"pt-BR\",\"potentialAction\":[{\"@type\":\"ReadAction\",\"target\":[\"https:\\\/\\\/redenoticiaz.com.br\\\/litoralsp\\\/2022\\\/05\\\/21\\\/sintonia-terceira-temporada-tem-data-de-estreia-anunciada\"]}]},{\"@type\":\"ImageObject\",\"inLanguage\":\"pt-BR\",\"@id\":\"https:\\\/\\\/redenoticiaz.com.br\\\/litoralsp\\\/2022\\\/05\\\/21\\\/sintonia-terceira-temporada-tem-data-de-estreia-anunciada#primaryimage\",\"url\":\"https:\\\/\\\/redenoticiaz.com.br\\\/litoralsp\\\/wp-content\\\/uploads\\\/sites\\\/3\\\/2022\\\/05\\\/sin_306-doni_rita_nando_0008_r220220510-4490-11kvkf9.jpg\",\"contentUrl\":\"https:\\\/\\\/redenoticiaz.com.br\\\/litoralsp\\\/wp-content\\\/uploads\\\/sites\\\/3\\\/2022\\\/05\\\/sin_306-doni_rita_nando_0008_r220220510-4490-11kvkf9.jpg\",\"width\":1620,\"height\":1080,\"caption\":\"Terceira temporada: Cr\u00e9dito: Divulga\u00e7\u00e3o\"},{\"@type\":\"WebSite\",\"@id\":\"https:\\\/\\\/redenoticiaz.com.br\\\/litoralsp\\\/#website\",\"url\":\"https:\\\/\\\/redenoticiaz.com.br\\\/litoralsp\\\/\",\"name\":\"Litoral SP\",\"description\":\"Rede NoticiaZ\",\"publisher\":{\"@id\":\"https:\\\/\\\/redenoticiaz.com.br\\\/litoralsp\\\/#organization\"},\"potentialAction\":[{\"@type\":\"SearchAction\",\"target\":{\"@type\":\"EntryPoint\",\"urlTemplate\":\"https:\\\/\\\/redenoticiaz.com.br\\\/litoralsp\\\/?s={search_term_string}\"},\"query-input\":{\"@type\":\"PropertyValueSpecification\",\"valueRequired\":true,\"valueName\":\"search_term_string\"}}],\"inLanguage\":\"pt-BR\"},{\"@type\":\"Organization\",\"@id\":\"https:\\\/\\\/redenoticiaz.com.br\\\/litoralsp\\\/#organization\",\"name\":\"Litoral SP\",\"url\":\"https:\\\/\\\/redenoticiaz.com.br\\\/litoralsp\\\/\",\"logo\":{\"@type\":\"ImageObject\",\"inLanguage\":\"pt-BR\",\"@id\":\"https:\\\/\\\/redenoticiaz.com.br\\\/litoralsp\\\/#\\\/schema\\\/logo\\\/image\\\/\",\"url\":\"https:\\\/\\\/redenoticiaz.com.br\\\/litoralsp\\\/wp-content\\\/uploads\\\/sites\\\/3\\\/2020\\\/11\\\/logo.jpg\",\"contentUrl\":\"https:\\\/\\\/redenoticiaz.com.br\\\/litoralsp\\\/wp-content\\\/uploads\\\/sites\\\/3\\\/2020\\\/11\\\/logo.jpg\",\"width\":400,\"height\":250,\"caption\":\"Litoral SP\"},\"image\":{\"@id\":\"https:\\\/\\\/redenoticiaz.com.br\\\/litoralsp\\\/#\\\/schema\\\/logo\\\/image\\\/\"}},{\"@type\":\"Person\",\"@id\":\"\",\"url\":\"https:\\\/\\\/redenoticiaz.com.br\\\/litoralsp\\\/author\"}]}<\/script>\n<!-- \/ Yoast SEO plugin. -->","yoast_head_json":{"title":"Sintonia: Terceira temporada tem data de estreia anunciada - Litoral SP","description":"O c\u00e9u \u00e9 o limite para Rita (Bruna Mascarenhas), Nando (Christian Malheiros) e Doni (Jottap\u00ea) na nova temporada de\u00a0Sintonia, uma s\u00e9rie brasileira.","robots":{"index":"index","follow":"follow","max-snippet":"max-snippet:-1","max-image-preview":"max-image-preview:large","max-video-preview":"max-video-preview:-1"},"canonical":"https:\/\/redenoticiaz.com.br\/litoralsp\/2022\/05\/21\/sintonia-terceira-temporada-tem-data-de-estreia-anunciada","og_locale":"pt_BR","og_type":"article","og_title":"Sintonia: Terceira temporada tem data de estreia anunciada - Litoral SP","og_description":"O c\u00e9u \u00e9 o limite para Rita (Bruna Mascarenhas), Nando (Christian Malheiros) e Doni (Jottap\u00ea) na nova temporada de\u00a0Sintonia, uma s\u00e9rie brasileira.","og_url":"https:\/\/redenoticiaz.com.br\/litoralsp\/2022\/05\/21\/sintonia-terceira-temporada-tem-data-de-estreia-anunciada","og_site_name":"Litoral SP","article_published_time":"2022-05-21T11:00:55+00:00","og_image":[{"width":1620,"height":1080,"url":"https:\/\/redenoticiaz.com.br\/litoralsp\/wp-content\/uploads\/sites\/3\/2022\/05\/sin_306-doni_rita_nando_0008_r220220510-4490-11kvkf9.jpg","type":"image\/jpeg"}],"twitter_card":"summary_large_image","twitter_misc":{"Escrito por":"","Est. tempo de leitura":"1 minuto"},"schema":{"@context":"https:\/\/schema.org","@graph":[{"@type":"Article","@id":"https:\/\/redenoticiaz.com.br\/litoralsp\/2022\/05\/21\/sintonia-terceira-temporada-tem-data-de-estreia-anunciada#article","isPartOf":{"@id":"https:\/\/redenoticiaz.com.br\/litoralsp\/2022\/05\/21\/sintonia-terceira-temporada-tem-data-de-estreia-anunciada"},"author":{"name":"","@id":""},"headline":"Sintonia: Terceira temporada tem data de estreia anunciada","datePublished":"2022-05-21T11:00:55+00:00","mainEntityOfPage":{"@id":"https:\/\/redenoticiaz.com.br\/litoralsp\/2022\/05\/21\/sintonia-terceira-temporada-tem-data-de-estreia-anunciada"},"wordCount":243,"commentCount":0,"publisher":{"@id":"https:\/\/redenoticiaz.com.br\/litoralsp\/#organization"},"image":{"@id":"https:\/\/redenoticiaz.com.br\/litoralsp\/2022\/05\/21\/sintonia-terceira-temporada-tem-data-de-estreia-anunciada#primaryimage"},"thumbnailUrl":"https:\/\/redenoticiaz.com.br\/litoralsp\/wp-content\/uploads\/sites\/3\/2022\/05\/sin_306-doni_rita_nando_0008_r220220510-4490-11kvkf9.jpg","keywords":["DATA DE ESTREIA","NETFLIX","SINTONIA","TERCEIRA TEMPORADA"],"articleSection":["Cultura e M\u00fasica"],"inLanguage":"pt-BR","potentialAction":[{"@type":"CommentAction","name":"Comment","target":["https:\/\/redenoticiaz.com.br\/litoralsp\/2022\/05\/21\/sintonia-terceira-temporada-tem-data-de-estreia-anunciada#respond"]}]},{"@type":"WebPage","@id":"https:\/\/redenoticiaz.com.br\/litoralsp\/2022\/05\/21\/sintonia-terceira-temporada-tem-data-de-estreia-anunciada","url":"https:\/\/redenoticiaz.com.br\/litoralsp\/2022\/05\/21\/sintonia-terceira-temporada-tem-data-de-estreia-anunciada","name":"Sintonia: Terceira temporada tem data de estreia anunciada - Litoral SP","isPartOf":{"@id":"https:\/\/redenoticiaz.com.br\/litoralsp\/#website"},"primaryImageOfPage":{"@id":"https:\/\/redenoticiaz.com.br\/litoralsp\/2022\/05\/21\/sintonia-terceira-temporada-tem-data-de-estreia-anunciada#primaryimage"},"image":{"@id":"https:\/\/redenoticiaz.com.br\/litoralsp\/2022\/05\/21\/sintonia-terceira-temporada-tem-data-de-estreia-anunciada#primaryimage"},"thumbnailUrl":"https:\/\/redenoticiaz.com.br\/litoralsp\/wp-content\/uploads\/sites\/3\/2022\/05\/sin_306-doni_rita_nando_0008_r220220510-4490-11kvkf9.jpg","datePublished":"2022-05-21T11:00:55+00:00","description":"O c\u00e9u \u00e9 o limite para Rita (Bruna Mascarenhas), Nando (Christian Malheiros) e Doni (Jottap\u00ea) na nova temporada de\u00a0Sintonia, uma s\u00e9rie brasileira.","inLanguage":"pt-BR","potentialAction":[{"@type":"ReadAction","target":["https:\/\/redenoticiaz.com.br\/litoralsp\/2022\/05\/21\/sintonia-terceira-temporada-tem-data-de-estreia-anunciada"]}]},{"@type":"ImageObject","inLanguage":"pt-BR","@id":"https:\/\/redenoticiaz.com.br\/litoralsp\/2022\/05\/21\/sintonia-terceira-temporada-tem-data-de-estreia-anunciada#primaryimage","url":"https:\/\/redenoticiaz.com.br\/litoralsp\/wp-content\/uploads\/sites\/3\/2022\/05\/sin_306-doni_rita_nando_0008_r220220510-4490-11kvkf9.jpg","contentUrl":"https:\/\/redenoticiaz.com.br\/litoralsp\/wp-content\/uploads\/sites\/3\/2022\/05\/sin_306-doni_rita_nando_0008_r220220510-4490-11kvkf9.jpg","width":1620,"height":1080,"caption":"Terceira temporada: Cr\u00e9dito: Divulga\u00e7\u00e3o"},{"@type":"WebSite","@id":"https:\/\/redenoticiaz.com.br\/litoralsp\/#website","url":"https:\/\/redenoticiaz.com.br\/litoralsp\/","name":"Litoral SP","description":"Rede NoticiaZ","publisher":{"@id":"https:\/\/redenoticiaz.com.br\/litoralsp\/#organization"},"potentialAction":[{"@type":"SearchAction","target":{"@type":"EntryPoint","urlTemplate":"https:\/\/redenoticiaz.com.br\/litoralsp\/?s={search_term_string}"},"query-input":{"@type":"PropertyValueSpecification","valueRequired":true,"valueName":"search_term_string"}}],"inLanguage":"pt-BR"},{"@type":"Organization","@id":"https:\/\/redenoticiaz.com.br\/litoralsp\/#organization","name":"Litoral SP","url":"https:\/\/redenoticiaz.com.br\/litoralsp\/","logo":{"@type":"ImageObject","inLanguage":"pt-BR","@id":"https:\/\/redenoticiaz.com.br\/litoralsp\/#\/schema\/logo\/image\/","url":"https:\/\/redenoticiaz.com.br\/litoralsp\/wp-content\/uploads\/sites\/3\/2020\/11\/logo.jpg","contentUrl":"https:\/\/redenoticiaz.com.br\/litoralsp\/wp-content\/uploads\/sites\/3\/2020\/11\/logo.jpg","width":400,"height":250,"caption":"Litoral SP"},"image":{"@id":"https:\/\/redenoticiaz.com.br\/litoralsp\/#\/schema\/logo\/image\/"}},{"@type":"Person","@id":"","url":"https:\/\/redenoticiaz.com.br\/litoralsp\/author"}]}},"_links":{"self":[{"href":"https:\/\/redenoticiaz.com.br\/litoralsp\/wp-json\/wp\/v2\/posts\/28206","targetHints":{"allow":["GET"]}}],"collection":[{"href":"https:\/\/redenoticiaz.com.br\/litoralsp\/wp-json\/wp\/v2\/posts"}],"about":[{"href":"https:\/\/redenoticiaz.com.br\/litoralsp\/wp-json\/wp\/v2\/types\/post"}],"author":[{"embeddable":true,"href":"https:\/\/redenoticiaz.com.br\/litoralsp\/wp-json\/wp\/v2\/users\/15"}],"replies":[{"embeddable":true,"href":"https:\/\/redenoticiaz.com.br\/litoralsp\/wp-json\/wp\/v2\/comments?post=28206"}],"version-history":[{"count":0,"href":"https:\/\/redenoticiaz.com.br\/litoralsp\/wp-json\/wp\/v2\/posts\/28206\/revisions"}],"wp:featuredmedia":[{"embeddable":true,"href":"https:\/\/redenoticiaz.com.br\/litoralsp\/wp-json\/wp\/v2\/media\/28207"}],"wp:attachment":[{"href":"https:\/\/redenoticiaz.com.br\/litoralsp\/wp-json\/wp\/v2\/media?parent=28206"}],"wp:term":[{"taxonomy":"category","embeddable":true,"href":"https:\/\/redenoticiaz.com.br\/litoralsp\/wp-json\/wp\/v2\/categories?post=28206"},{"taxonomy":"post_tag","embeddable":true,"href":"https:\/\/redenoticiaz.com.br\/litoralsp\/wp-json\/wp\/v2\/tags?post=28206"}],"curies":[{"name":"wp","href":"https:\/\/api.w.org\/{rel}","templated":true}]}}