{"id":28208,"date":"2022-05-16T18:17:49","date_gmt":"2022-05-16T21:17:49","guid":{"rendered":"https:\/\/redenoticiaz.com.br\/litoralsp\/2022\/05\/16\/assassino-do-ator-rafael-miguel-paulo-cupertino-e-preso-em-sao-paulo"},"modified":"2022-05-16T18:24:10","modified_gmt":"2022-05-16T21:24:10","slug":"assassino-do-ator-rafael-miguel-paulo-cupertino-e-preso-em-sao-paulo","status":"publish","type":"post","link":"https:\/\/redenoticiaz.com.br\/litoralsp\/2022\/05\/16\/assassino-do-ator-rafael-miguel-paulo-cupertino-e-preso-em-sao-paulo","title":{"rendered":"Assassino do ator Rafael Miguel, Paulo Cupertino \u00e9 preso em S\u00e3o Paulo"},"content":{"rendered":"<div class=\"mc-column content-text active-extra-styles \" data-block-type=\"unstyled\" data-block-weight=\"37\" data-block-id=\"2\">\n<p data-track-category=\"Link no Texto\" data-track-links=\"\">O assassino do ator Rafael Miguel, Paulo Cupertino foi preso em S\u00e3o Paulo nesta segunda-feira(16) pela Pol\u00edcia. O crime aconteceu no dia 9 de Junho de 2019.<\/p>\n<p data-track-category=\"Link no Texto\" data-track-links=\"\">De acordo com Policias da 6\u00aa. Seccional, as equipes receberam uma informa\u00e7\u00e3o de que Cupertino estaria na capital paulista e se dirigiram at\u00e9 o endere\u00e7o onde o procurado poderia estar. Assim que a pris\u00e3o foi realizada ele foi encaminhado ao Instituto M\u00e9dico Legal para exame de corpo e delito e ficar\u00e1 no Departamento de Homic\u00eddios e Prote\u00e7\u00e3o \u00e0 Pessoa (DHPP).<\/p>\n<p data-track-category=\"Link no Texto\" data-track-links=\"\"><img loading=\"lazy\" decoding=\"async\" class=\"aligncenter size-medium wp-image-28210\" src=\"https:\/\/redenoticiaz.com.br\/litoralsp\/wp-content\/uploads\/sites\/3\/2022\/05\/cupertino-225x300.jpg\" alt=\"Assassino do ator Rafael Miguel, Paulo Cupertino \u00e9 preso em S\u00e3o Paulo\" width=\"225\" height=\"300\" srcset=\"https:\/\/redenoticiaz.com.br\/litoralsp\/wp-content\/uploads\/sites\/3\/2022\/05\/cupertino-225x300.jpg?v=1652735390 225w, https:\/\/redenoticiaz.com.br\/litoralsp\/wp-content\/uploads\/sites\/3\/2022\/05\/cupertino-768x1024.jpg?v=1652735390 768w, https:\/\/redenoticiaz.com.br\/litoralsp\/wp-content\/uploads\/sites\/3\/2022\/05\/cupertino.jpg?v=1652735390 810w\" sizes=\"auto, (max-width: 225px) 100vw, 225px\" \/><\/p>\n<p data-track-category=\"Link no Texto\" data-track-links=\"\">Ainda de acordo com a Pol\u00edcia, Cupertino estava no topo da lista dos criminosos mais perigosos e procurados do Estado de S\u00e3o Paulo. Ele \u00e9 acusado de homic\u00eddio duplamente qualificado.<\/p>\n<p data-track-category=\"Link no Texto\" data-track-links=\"\"><strong>Crime<\/strong><\/p>\n<p data-track-category=\"Link no Texto\" data-track-links=\"\">Paulo Cupertino cometeu o assassinato de Rafael Miguel na casa onde Isabela, sua filha morava com a m\u00e3e. Os pais de Miguel foram at\u00e9 o local conversar com a fam\u00edlia sobre o relacionamento de ambos. Ao chegarem no local encontraram Paulo que estava armado e ap\u00f3s discuss\u00e3o baleou o jovem ator e seus pais. O menino morreu no local e o\u00a0empres\u00e1rio fugiu.<\/p>\n<p data-track-category=\"Link no Texto\" data-track-links=\"\"><img loading=\"lazy\" decoding=\"async\" class=\"aligncenter size-medium wp-image-28209\" src=\"https:\/\/redenoticiaz.com.br\/litoralsp\/wp-content\/uploads\/sites\/3\/2022\/05\/familiares-300x201.jpg\" alt=\"Assassino do ator Rafael Miguel, Paulo Cupertino \u00e9 preso em S\u00e3o Paulo\" width=\"300\" height=\"201\" srcset=\"https:\/\/redenoticiaz.com.br\/litoralsp\/wp-content\/uploads\/sites\/3\/2022\/05\/familiares-300x201.jpg?v=1652735688 300w, https:\/\/redenoticiaz.com.br\/litoralsp\/wp-content\/uploads\/sites\/3\/2022\/05\/familiares.jpg?v=1652735688 700w\" sizes=\"auto, (max-width: 300px) 100vw, 300px\" \/><\/p>\n<p data-track-category=\"Link no Texto\" data-track-links=\"\"><strong>Leia mais<\/strong><\/p>\n<p data-track-category=\"Link no Texto\" data-track-links=\"\"><a href=\"https:\/\/redenoticiaz.com.br\/blog\/2020\/10\/28\/delegado-de-sp-desmente-prisao-de-assassino-de-ator\">Delegado de SP desmente pris\u00e3o de assassino de ator<\/a><\/p>\n<div class=\"row medium-uncollapsed content-media content-photo\" data-block-type=\"backstage-photo\" data-block-id=\"13\">\n<div class=\"mc-column content-media__container\">\n<div class=\"content-media-container glb-skeleton-box\"><\/div>\n<\/div>\n<\/div>\n<\/div>\n","protected":false},"excerpt":{"rendered":"<p>O assassino do ator Rafael Miguel, Paulo Cupertino foi preso em S\u00e3o Paulo nesta segunda-feira(16) pela Pol\u00edcia. O crime aconteceu no dia 9 de Junho de 2019. De acordo com Policias da 6\u00aa. Seccional, as equipes receberam uma informa\u00e7\u00e3o de que Cupertino estaria na capital paulista e se dirigiram at\u00e9 o endere\u00e7o onde o procurado &hellip;<\/p>\n","protected":false},"author":12,"featured_media":28211,"comment_status":"open","ping_status":"closed","sticky":false,"template":"","format":"standard","meta":{"footnotes":""},"categories":[10],"tags":[56384,56385,56386],"class_list":["post-28208","post","type-post","status-publish","format-standard","has-post-thumbnail","hentry","category-policia","tag-prisao-de-assassino-de-ator","tag-prisao-paulo-cupertino","tag-rafael-miguel"],"yoast_head":"<!-- This site is optimized with the Yoast SEO plugin v27.4 - https:\/\/yoast.com\/product\/yoast-seo-wordpress\/ -->\n<title>Assassino do ator Rafael Miguel, Paulo Cupertino \u00e9 preso em S\u00e3o Paulo -<\/title>\n<meta name=\"description\" content=\"O assassino do ator Rafael Miguel, Paulo Cupertino foi preso em S\u00e3o Paulo nesta segunda-feira(16) pela Pol\u00edcia. O crime aconteceu no dia 9 de Junho de 2019.\" \/>\n<meta name=\"robots\" content=\"index, follow, max-snippet:-1, max-image-preview:large, max-video-preview:-1\" \/>\n<link rel=\"canonical\" href=\"https:\/\/redenoticiaz.com.br\/litoralsp\/2022\/05\/16\/assassino-do-ator-rafael-miguel-paulo-cupertino-e-preso-em-sao-paulo\" \/>\n<meta property=\"og:locale\" content=\"pt_BR\" \/>\n<meta property=\"og:type\" content=\"article\" \/>\n<meta property=\"og:title\" content=\"Assassino do ator Rafael Miguel, Paulo Cupertino \u00e9 preso em S\u00e3o Paulo -\" \/>\n<meta property=\"og:description\" content=\"O assassino do ator Rafael Miguel, Paulo Cupertino foi preso em S\u00e3o Paulo nesta segunda-feira(16) pela Pol\u00edcia. O crime aconteceu no dia 9 de Junho de 2019.\" \/>\n<meta property=\"og:url\" content=\"https:\/\/redenoticiaz.com.br\/litoralsp\/2022\/05\/16\/assassino-do-ator-rafael-miguel-paulo-cupertino-e-preso-em-sao-paulo\" \/>\n<meta property=\"og:site_name\" content=\"Litoral SP\" \/>\n<meta property=\"article:published_time\" content=\"2022-05-16T21:17:49+00:00\" \/>\n<meta property=\"article:modified_time\" content=\"2022-05-16T21:24:10+00:00\" \/>\n<meta property=\"og:image\" content=\"https:\/\/redenoticiaz.com.br\/litoralsp\/wp-content\/uploads\/sites\/3\/2022\/05\/cupertino-2.jpg?v=1652735359\" \/>\n\t<meta property=\"og:image:width\" content=\"962\" \/>\n\t<meta property=\"og:image:height\" content=\"534\" \/>\n\t<meta property=\"og:image:type\" content=\"image\/jpeg\" \/>\n<meta name=\"author\" content=\"Gustavo Silva\" \/>\n<meta name=\"twitter:card\" content=\"summary_large_image\" \/>\n<meta name=\"twitter:label1\" content=\"Escrito por\" \/>\n\t<meta name=\"twitter:data1\" content=\"Gustavo Silva\" \/>\n\t<meta name=\"twitter:label2\" content=\"Est. tempo de leitura\" \/>\n\t<meta name=\"twitter:data2\" content=\"1 minuto\" \/>\n<script type=\"application\/ld+json\" class=\"yoast-schema-graph\">{\"@context\":\"https:\\\/\\\/schema.org\",\"@graph\":[{\"@type\":\"Article\",\"@id\":\"https:\\\/\\\/redenoticiaz.com.br\\\/litoralsp\\\/2022\\\/05\\\/16\\\/assassino-do-ator-rafael-miguel-paulo-cupertino-e-preso-em-sao-paulo#article\",\"isPartOf\":{\"@id\":\"https:\\\/\\\/redenoticiaz.com.br\\\/litoralsp\\\/2022\\\/05\\\/16\\\/assassino-do-ator-rafael-miguel-paulo-cupertino-e-preso-em-sao-paulo\"},\"author\":{\"name\":\"Gustavo Silva\",\"@id\":\"https:\\\/\\\/redenoticiaz.com.br\\\/litoralsp\\\/#\\\/schema\\\/person\\\/16057b37a3c0ee6b096d7f887c566e2e\"},\"headline\":\"Assassino do ator Rafael Miguel, Paulo Cupertino \u00e9 preso em S\u00e3o Paulo\",\"datePublished\":\"2022-05-16T21:17:49+00:00\",\"dateModified\":\"2022-05-16T21:24:10+00:00\",\"mainEntityOfPage\":{\"@id\":\"https:\\\/\\\/redenoticiaz.com.br\\\/litoralsp\\\/2022\\\/05\\\/16\\\/assassino-do-ator-rafael-miguel-paulo-cupertino-e-preso-em-sao-paulo\"},\"wordCount\":216,\"commentCount\":0,\"publisher\":{\"@id\":\"https:\\\/\\\/redenoticiaz.com.br\\\/litoralsp\\\/#organization\"},\"image\":{\"@id\":\"https:\\\/\\\/redenoticiaz.com.br\\\/litoralsp\\\/2022\\\/05\\\/16\\\/assassino-do-ator-rafael-miguel-paulo-cupertino-e-preso-em-sao-paulo#primaryimage\"},\"thumbnailUrl\":\"https:\\\/\\\/redenoticiaz.com.br\\\/litoralsp\\\/wp-content\\\/uploads\\\/sites\\\/3\\\/2022\\\/05\\\/cupertino-2.jpg?v=1652735359\",\"keywords\":[\"pris\u00e3o de assassino de ator\",\"pris\u00e3o paulo cupertino\",\"rafael miguel\"],\"articleSection\":[\"Pol\u00edcia\"],\"inLanguage\":\"pt-BR\",\"potentialAction\":[{\"@type\":\"CommentAction\",\"name\":\"Comment\",\"target\":[\"https:\\\/\\\/redenoticiaz.com.br\\\/litoralsp\\\/2022\\\/05\\\/16\\\/assassino-do-ator-rafael-miguel-paulo-cupertino-e-preso-em-sao-paulo#respond\"]}]},{\"@type\":\"WebPage\",\"@id\":\"https:\\\/\\\/redenoticiaz.com.br\\\/litoralsp\\\/2022\\\/05\\\/16\\\/assassino-do-ator-rafael-miguel-paulo-cupertino-e-preso-em-sao-paulo\",\"url\":\"https:\\\/\\\/redenoticiaz.com.br\\\/litoralsp\\\/2022\\\/05\\\/16\\\/assassino-do-ator-rafael-miguel-paulo-cupertino-e-preso-em-sao-paulo\",\"name\":\"Assassino do ator Rafael Miguel, Paulo Cupertino \u00e9 preso em S\u00e3o Paulo -\",\"isPartOf\":{\"@id\":\"https:\\\/\\\/redenoticiaz.com.br\\\/litoralsp\\\/#website\"},\"primaryImageOfPage\":{\"@id\":\"https:\\\/\\\/redenoticiaz.com.br\\\/litoralsp\\\/2022\\\/05\\\/16\\\/assassino-do-ator-rafael-miguel-paulo-cupertino-e-preso-em-sao-paulo#primaryimage\"},\"image\":{\"@id\":\"https:\\\/\\\/redenoticiaz.com.br\\\/litoralsp\\\/2022\\\/05\\\/16\\\/assassino-do-ator-rafael-miguel-paulo-cupertino-e-preso-em-sao-paulo#primaryimage\"},\"thumbnailUrl\":\"https:\\\/\\\/redenoticiaz.com.br\\\/litoralsp\\\/wp-content\\\/uploads\\\/sites\\\/3\\\/2022\\\/05\\\/cupertino-2.jpg?v=1652735359\",\"datePublished\":\"2022-05-16T21:17:49+00:00\",\"dateModified\":\"2022-05-16T21:24:10+00:00\",\"description\":\"O assassino do ator Rafael Miguel, Paulo Cupertino foi preso em S\u00e3o Paulo nesta segunda-feira(16) pela Pol\u00edcia. O crime aconteceu no dia 9 de Junho de 2019.\",\"inLanguage\":\"pt-BR\",\"potentialAction\":[{\"@type\":\"ReadAction\",\"target\":[\"https:\\\/\\\/redenoticiaz.com.br\\\/litoralsp\\\/2022\\\/05\\\/16\\\/assassino-do-ator-rafael-miguel-paulo-cupertino-e-preso-em-sao-paulo\"]}]},{\"@type\":\"ImageObject\",\"inLanguage\":\"pt-BR\",\"@id\":\"https:\\\/\\\/redenoticiaz.com.br\\\/litoralsp\\\/2022\\\/05\\\/16\\\/assassino-do-ator-rafael-miguel-paulo-cupertino-e-preso-em-sao-paulo#primaryimage\",\"url\":\"https:\\\/\\\/redenoticiaz.com.br\\\/litoralsp\\\/wp-content\\\/uploads\\\/sites\\\/3\\\/2022\\\/05\\\/cupertino-2.jpg?v=1652735359\",\"contentUrl\":\"https:\\\/\\\/redenoticiaz.com.br\\\/litoralsp\\\/wp-content\\\/uploads\\\/sites\\\/3\\\/2022\\\/05\\\/cupertino-2.jpg?v=1652735359\",\"width\":962,\"height\":534,\"caption\":\"Assassino do ator Rafael Miguel, Paulo Cupertino \u00e9 preso em S\u00e3o Paulo\"},{\"@type\":\"WebSite\",\"@id\":\"https:\\\/\\\/redenoticiaz.com.br\\\/litoralsp\\\/#website\",\"url\":\"https:\\\/\\\/redenoticiaz.com.br\\\/litoralsp\\\/\",\"name\":\"Litoral SP\",\"description\":\"Rede NoticiaZ\",\"publisher\":{\"@id\":\"https:\\\/\\\/redenoticiaz.com.br\\\/litoralsp\\\/#organization\"},\"potentialAction\":[{\"@type\":\"SearchAction\",\"target\":{\"@type\":\"EntryPoint\",\"urlTemplate\":\"https:\\\/\\\/redenoticiaz.com.br\\\/litoralsp\\\/?s={search_term_string}\"},\"query-input\":{\"@type\":\"PropertyValueSpecification\",\"valueRequired\":true,\"valueName\":\"search_term_string\"}}],\"inLanguage\":\"pt-BR\"},{\"@type\":\"Organization\",\"@id\":\"https:\\\/\\\/redenoticiaz.com.br\\\/litoralsp\\\/#organization\",\"name\":\"Litoral SP\",\"url\":\"https:\\\/\\\/redenoticiaz.com.br\\\/litoralsp\\\/\",\"logo\":{\"@type\":\"ImageObject\",\"inLanguage\":\"pt-BR\",\"@id\":\"https:\\\/\\\/redenoticiaz.com.br\\\/litoralsp\\\/#\\\/schema\\\/logo\\\/image\\\/\",\"url\":\"https:\\\/\\\/redenoticiaz.com.br\\\/litoralsp\\\/wp-content\\\/uploads\\\/sites\\\/3\\\/2020\\\/11\\\/logo.jpg\",\"contentUrl\":\"https:\\\/\\\/redenoticiaz.com.br\\\/litoralsp\\\/wp-content\\\/uploads\\\/sites\\\/3\\\/2020\\\/11\\\/logo.jpg\",\"width\":400,\"height\":250,\"caption\":\"Litoral SP\"},\"image\":{\"@id\":\"https:\\\/\\\/redenoticiaz.com.br\\\/litoralsp\\\/#\\\/schema\\\/logo\\\/image\\\/\"}},{\"@type\":\"Person\",\"@id\":\"https:\\\/\\\/redenoticiaz.com.br\\\/litoralsp\\\/#\\\/schema\\\/person\\\/16057b37a3c0ee6b096d7f887c566e2e\",\"name\":\"Gustavo Silva\",\"image\":{\"@type\":\"ImageObject\",\"inLanguage\":\"pt-BR\",\"@id\":\"https:\\\/\\\/secure.gravatar.com\\\/avatar\\\/3ee4e82f93b26de0a7cf4ea5eb7893da637ed6bb0c9170c58065944c56e28a33?s=96&d=mm&r=g\",\"url\":\"https:\\\/\\\/secure.gravatar.com\\\/avatar\\\/3ee4e82f93b26de0a7cf4ea5eb7893da637ed6bb0c9170c58065944c56e28a33?s=96&d=mm&r=g\",\"contentUrl\":\"https:\\\/\\\/secure.gravatar.com\\\/avatar\\\/3ee4e82f93b26de0a7cf4ea5eb7893da637ed6bb0c9170c58065944c56e28a33?s=96&d=mm&r=g\",\"caption\":\"Gustavo Silva\"},\"url\":\"https:\\\/\\\/redenoticiaz.com.br\\\/litoralsp\\\/author\\\/gustavosilva\"}]}<\/script>\n<!-- \/ Yoast SEO plugin. -->","yoast_head_json":{"title":"Assassino do ator Rafael Miguel, Paulo Cupertino \u00e9 preso em S\u00e3o Paulo -","description":"O assassino do ator Rafael Miguel, Paulo Cupertino foi preso em S\u00e3o Paulo nesta segunda-feira(16) pela Pol\u00edcia. O crime aconteceu no dia 9 de Junho de 2019.","robots":{"index":"index","follow":"follow","max-snippet":"max-snippet:-1","max-image-preview":"max-image-preview:large","max-video-preview":"max-video-preview:-1"},"canonical":"https:\/\/redenoticiaz.com.br\/litoralsp\/2022\/05\/16\/assassino-do-ator-rafael-miguel-paulo-cupertino-e-preso-em-sao-paulo","og_locale":"pt_BR","og_type":"article","og_title":"Assassino do ator Rafael Miguel, Paulo Cupertino \u00e9 preso em S\u00e3o Paulo -","og_description":"O assassino do ator Rafael Miguel, Paulo Cupertino foi preso em S\u00e3o Paulo nesta segunda-feira(16) pela Pol\u00edcia. O crime aconteceu no dia 9 de Junho de 2019.","og_url":"https:\/\/redenoticiaz.com.br\/litoralsp\/2022\/05\/16\/assassino-do-ator-rafael-miguel-paulo-cupertino-e-preso-em-sao-paulo","og_site_name":"Litoral SP","article_published_time":"2022-05-16T21:17:49+00:00","article_modified_time":"2022-05-16T21:24:10+00:00","og_image":[{"width":962,"height":534,"url":"https:\/\/redenoticiaz.com.br\/litoralsp\/wp-content\/uploads\/sites\/3\/2022\/05\/cupertino-2.jpg?v=1652735359","type":"image\/jpeg"}],"author":"Gustavo Silva","twitter_card":"summary_large_image","twitter_misc":{"Escrito por":"Gustavo Silva","Est. tempo de leitura":"1 minuto"},"schema":{"@context":"https:\/\/schema.org","@graph":[{"@type":"Article","@id":"https:\/\/redenoticiaz.com.br\/litoralsp\/2022\/05\/16\/assassino-do-ator-rafael-miguel-paulo-cupertino-e-preso-em-sao-paulo#article","isPartOf":{"@id":"https:\/\/redenoticiaz.com.br\/litoralsp\/2022\/05\/16\/assassino-do-ator-rafael-miguel-paulo-cupertino-e-preso-em-sao-paulo"},"author":{"name":"Gustavo Silva","@id":"https:\/\/redenoticiaz.com.br\/litoralsp\/#\/schema\/person\/16057b37a3c0ee6b096d7f887c566e2e"},"headline":"Assassino do ator Rafael Miguel, Paulo Cupertino \u00e9 preso em S\u00e3o Paulo","datePublished":"2022-05-16T21:17:49+00:00","dateModified":"2022-05-16T21:24:10+00:00","mainEntityOfPage":{"@id":"https:\/\/redenoticiaz.com.br\/litoralsp\/2022\/05\/16\/assassino-do-ator-rafael-miguel-paulo-cupertino-e-preso-em-sao-paulo"},"wordCount":216,"commentCount":0,"publisher":{"@id":"https:\/\/redenoticiaz.com.br\/litoralsp\/#organization"},"image":{"@id":"https:\/\/redenoticiaz.com.br\/litoralsp\/2022\/05\/16\/assassino-do-ator-rafael-miguel-paulo-cupertino-e-preso-em-sao-paulo#primaryimage"},"thumbnailUrl":"https:\/\/redenoticiaz.com.br\/litoralsp\/wp-content\/uploads\/sites\/3\/2022\/05\/cupertino-2.jpg?v=1652735359","keywords":["pris\u00e3o de assassino de ator","pris\u00e3o paulo cupertino","rafael miguel"],"articleSection":["Pol\u00edcia"],"inLanguage":"pt-BR","potentialAction":[{"@type":"CommentAction","name":"Comment","target":["https:\/\/redenoticiaz.com.br\/litoralsp\/2022\/05\/16\/assassino-do-ator-rafael-miguel-paulo-cupertino-e-preso-em-sao-paulo#respond"]}]},{"@type":"WebPage","@id":"https:\/\/redenoticiaz.com.br\/litoralsp\/2022\/05\/16\/assassino-do-ator-rafael-miguel-paulo-cupertino-e-preso-em-sao-paulo","url":"https:\/\/redenoticiaz.com.br\/litoralsp\/2022\/05\/16\/assassino-do-ator-rafael-miguel-paulo-cupertino-e-preso-em-sao-paulo","name":"Assassino do ator Rafael Miguel, Paulo Cupertino \u00e9 preso em S\u00e3o Paulo -","isPartOf":{"@id":"https:\/\/redenoticiaz.com.br\/litoralsp\/#website"},"primaryImageOfPage":{"@id":"https:\/\/redenoticiaz.com.br\/litoralsp\/2022\/05\/16\/assassino-do-ator-rafael-miguel-paulo-cupertino-e-preso-em-sao-paulo#primaryimage"},"image":{"@id":"https:\/\/redenoticiaz.com.br\/litoralsp\/2022\/05\/16\/assassino-do-ator-rafael-miguel-paulo-cupertino-e-preso-em-sao-paulo#primaryimage"},"thumbnailUrl":"https:\/\/redenoticiaz.com.br\/litoralsp\/wp-content\/uploads\/sites\/3\/2022\/05\/cupertino-2.jpg?v=1652735359","datePublished":"2022-05-16T21:17:49+00:00","dateModified":"2022-05-16T21:24:10+00:00","description":"O assassino do ator Rafael Miguel, Paulo Cupertino foi preso em S\u00e3o Paulo nesta segunda-feira(16) pela Pol\u00edcia. O crime aconteceu no dia 9 de Junho de 2019.","inLanguage":"pt-BR","potentialAction":[{"@type":"ReadAction","target":["https:\/\/redenoticiaz.com.br\/litoralsp\/2022\/05\/16\/assassino-do-ator-rafael-miguel-paulo-cupertino-e-preso-em-sao-paulo"]}]},{"@type":"ImageObject","inLanguage":"pt-BR","@id":"https:\/\/redenoticiaz.com.br\/litoralsp\/2022\/05\/16\/assassino-do-ator-rafael-miguel-paulo-cupertino-e-preso-em-sao-paulo#primaryimage","url":"https:\/\/redenoticiaz.com.br\/litoralsp\/wp-content\/uploads\/sites\/3\/2022\/05\/cupertino-2.jpg?v=1652735359","contentUrl":"https:\/\/redenoticiaz.com.br\/litoralsp\/wp-content\/uploads\/sites\/3\/2022\/05\/cupertino-2.jpg?v=1652735359","width":962,"height":534,"caption":"Assassino do ator Rafael Miguel, Paulo Cupertino \u00e9 preso em S\u00e3o Paulo"},{"@type":"WebSite","@id":"https:\/\/redenoticiaz.com.br\/litoralsp\/#website","url":"https:\/\/redenoticiaz.com.br\/litoralsp\/","name":"Litoral SP","description":"Rede NoticiaZ","publisher":{"@id":"https:\/\/redenoticiaz.com.br\/litoralsp\/#organization"},"potentialAction":[{"@type":"SearchAction","target":{"@type":"EntryPoint","urlTemplate":"https:\/\/redenoticiaz.com.br\/litoralsp\/?s={search_term_string}"},"query-input":{"@type":"PropertyValueSpecification","valueRequired":true,"valueName":"search_term_string"}}],"inLanguage":"pt-BR"},{"@type":"Organization","@id":"https:\/\/redenoticiaz.com.br\/litoralsp\/#organization","name":"Litoral SP","url":"https:\/\/redenoticiaz.com.br\/litoralsp\/","logo":{"@type":"ImageObject","inLanguage":"pt-BR","@id":"https:\/\/redenoticiaz.com.br\/litoralsp\/#\/schema\/logo\/image\/","url":"https:\/\/redenoticiaz.com.br\/litoralsp\/wp-content\/uploads\/sites\/3\/2020\/11\/logo.jpg","contentUrl":"https:\/\/redenoticiaz.com.br\/litoralsp\/wp-content\/uploads\/sites\/3\/2020\/11\/logo.jpg","width":400,"height":250,"caption":"Litoral SP"},"image":{"@id":"https:\/\/redenoticiaz.com.br\/litoralsp\/#\/schema\/logo\/image\/"}},{"@type":"Person","@id":"https:\/\/redenoticiaz.com.br\/litoralsp\/#\/schema\/person\/16057b37a3c0ee6b096d7f887c566e2e","name":"Gustavo Silva","image":{"@type":"ImageObject","inLanguage":"pt-BR","@id":"https:\/\/secure.gravatar.com\/avatar\/3ee4e82f93b26de0a7cf4ea5eb7893da637ed6bb0c9170c58065944c56e28a33?s=96&d=mm&r=g","url":"https:\/\/secure.gravatar.com\/avatar\/3ee4e82f93b26de0a7cf4ea5eb7893da637ed6bb0c9170c58065944c56e28a33?s=96&d=mm&r=g","contentUrl":"https:\/\/secure.gravatar.com\/avatar\/3ee4e82f93b26de0a7cf4ea5eb7893da637ed6bb0c9170c58065944c56e28a33?s=96&d=mm&r=g","caption":"Gustavo Silva"},"url":"https:\/\/redenoticiaz.com.br\/litoralsp\/author\/gustavosilva"}]}},"_links":{"self":[{"href":"https:\/\/redenoticiaz.com.br\/litoralsp\/wp-json\/wp\/v2\/posts\/28208","targetHints":{"allow":["GET"]}}],"collection":[{"href":"https:\/\/redenoticiaz.com.br\/litoralsp\/wp-json\/wp\/v2\/posts"}],"about":[{"href":"https:\/\/redenoticiaz.com.br\/litoralsp\/wp-json\/wp\/v2\/types\/post"}],"author":[{"embeddable":true,"href":"https:\/\/redenoticiaz.com.br\/litoralsp\/wp-json\/wp\/v2\/users\/12"}],"replies":[{"embeddable":true,"href":"https:\/\/redenoticiaz.com.br\/litoralsp\/wp-json\/wp\/v2\/comments?post=28208"}],"version-history":[{"count":2,"href":"https:\/\/redenoticiaz.com.br\/litoralsp\/wp-json\/wp\/v2\/posts\/28208\/revisions"}],"predecessor-version":[{"id":28213,"href":"https:\/\/redenoticiaz.com.br\/litoralsp\/wp-json\/wp\/v2\/posts\/28208\/revisions\/28213"}],"wp:featuredmedia":[{"embeddable":true,"href":"https:\/\/redenoticiaz.com.br\/litoralsp\/wp-json\/wp\/v2\/media\/28211"}],"wp:attachment":[{"href":"https:\/\/redenoticiaz.com.br\/litoralsp\/wp-json\/wp\/v2\/media?parent=28208"}],"wp:term":[{"taxonomy":"category","embeddable":true,"href":"https:\/\/redenoticiaz.com.br\/litoralsp\/wp-json\/wp\/v2\/categories?post=28208"},{"taxonomy":"post_tag","embeddable":true,"href":"https:\/\/redenoticiaz.com.br\/litoralsp\/wp-json\/wp\/v2\/tags?post=28208"}],"curies":[{"name":"wp","href":"https:\/\/api.w.org\/{rel}","templated":true}]}}