{"id":28483,"date":"2022-05-21T17:11:04","date_gmt":"2022-05-21T20:11:04","guid":{"rendered":"https:\/\/redenoticiaz.com.br\/litoralsp\/?p=28483"},"modified":"2022-05-21T17:11:04","modified_gmt":"2022-05-21T20:11:04","slug":"samu-de-santos-e-atormentado-com-mais-de-7-7-mil-trotes","status":"publish","type":"post","link":"https:\/\/redenoticiaz.com.br\/litoralsp\/2022\/05\/21\/samu-de-santos-e-atormentado-com-mais-de-7-7-mil-trotes","title":{"rendered":"Samu de Santos \u00e9 atormentado com mais de 7, 7 mil trotes"},"content":{"rendered":"<p>Muito tem se falado dos cuidados de n\u00e3o levar informa\u00e7\u00e3o falsa. Elas podem ser prejudiciais para toda uma sociedade pode at\u00e9 custar uma vida. Isto vale tamb\u00e9m para as liga\u00e7\u00f5es ao Samu. O \u00f3rg\u00e3o de <a href=\"https:\/\/www.santos.sp.gov.br\/\">Santos<\/a>, que tamb\u00e9m cuida das unidades de Guaruj\u00e1 e Bertioga vem sofrendo com os <strong>trotes<\/strong> e prejudicados na hora de atender quem realmente precisa de socorro.<\/p>\n<p>De acordo com a prefeitura, entre os meses de janeiro a abril deste ano foram 38.796 liga\u00e7\u00f5es, mas desse total, 7.759 eram trotes. Na pr\u00e1tica, o Samu chegou ao local, mas n\u00e3o cosntatou nenhuma ocorr\u00eancia.<\/p>\n<p>Quando uma liga\u00e7\u00e3o \u00e9 feita, o t\u00e9cnico pede o\u00a0nome completo e telefone de quem est\u00e1 acionando, a idade, o endere\u00e7o onde a v\u00edtima est\u00e1, um ponto de refer\u00eancia para chegar ao local e o motivo do chamado.<\/p>\n<p>Na sequ\u00eancia, a liga\u00e7\u00e3o \u00e9 transferida para um m\u00e9dico que faz perguntas sobre o estado da v\u00edtima e orienta as pessoas que est\u00e3o com ela a observar se o caso \u00e9 emergencial (risco elevado de morte). Dependendo da resposta, o trote j\u00e1 pode ser identificado.<\/p>\n<p>O coordenador do Samu de Santos, Marcelo Ismail fala destes trotes e que a popula\u00e7\u00e3o precisa de consci\u00eancia s\u00e9ria neste momento. &#8220;Por\u00e9m, nem sempre isso ocorre e em algumas situa\u00e7\u00f5es deslocamos equipes. Al\u00e9m do gasto material, demandamos um tempo precioso dos nossos profissionais, enquanto outras pessoas continuam esperando. \u00c9 preciso ter empatia e utilizar o servi\u00e7o com responsabilidade&#8221;.<\/p>\n<p>O chefe do Departamento de Aten\u00e7\u00e3o Pr\u00e9-Hospitalar e Hospitalar da Secretaria de Sa\u00fade, Luiz Carlos Espindola Junior, informa que 90% das emerg\u00eancias s\u00e3o atendidas pelo Samu em at\u00e9 oito minutos. &#8220;O indicado pela Organiza\u00e7\u00e3o Mundial de Sa\u00fade (OMS) s\u00e3o 10 minutos&#8221;, complementa Luiz.<\/p>\n<h3 id=\"menu2\">O atendimento do Samu<\/h3>\n<p>Conforme o n\u00famero de chamados, Santos pode atuar com at\u00e9 quatro motol\u00e2ncias e 17 ambul\u00e2ncias, sendo um de suporte avan\u00e7ado de vida (SAV), com motorista, m\u00e9dico e enfermeiro e equipamentos de UTI; tr\u00eas de suporte intermedi\u00e1rio de vida (SIV), com condutor, t\u00e9cnico e enfermeiro; 13 de suporte b\u00e1sico, com motorista e t\u00e9cnico de enfermagem.<\/p>\n<p>Com 433.656 habitantes, Santos possui uma quantidade de ve\u00edculos do Samu superior ao recomendado pelo Minist\u00e9rio da Sa\u00fade, que orienta a ter uma ambul\u00e2ncia de suporte b\u00e1sico a cada 100 mil habitantes e uma de suporte avan\u00e7ado a cada 400 mil.<\/p>\n<h5 id=\"menu3\">SAIBA QUANDO ACIONAR O SAMU (telefone 192 \u2013 chamada gratuita)<\/h5>\n<ul>\n<li>Problemas cardiorrespirat\u00f3rios<\/li>\n<li>Situa\u00e7\u00f5es de intoxica\u00e7\u00e3o (produtos qu\u00edmicos, veneno, medica\u00e7\u00e3o)<\/li>\n<li>Queimaduras graves; afogamentos (em conjunto com o Corpo de Bombeiros \u2013 193)<\/li>\n<li>Na ocorr\u00eancia de maus-tratos (em conjunto com a Pol\u00edcia Militar &#8211; 190)<\/li>\n<li>Trabalhos de parto com risco de morte da m\u00e3e e do feto<\/li>\n<li>Crises hipertensivas<\/li>\n<li>Acidentes\/trauma com v\u00edtimas (em conjunto com Bombeiros \u2013 193)<\/li>\n<li>Tentativa de suic\u00eddio (em conjunto com PM \u2013 190 ou Bombeiros &#8211; 193)<\/li>\n<li>Surtos psiqui\u00e1tricos (em alguns casos, em conjunto com PM \u2013 190)<\/li>\n<li>Viol\u00eancia sexual\/agress\u00e3o (em conjunto com PM \u2013 190)<\/li>\n<li>Situa\u00e7\u00f5es de choque el\u00e9trico (em conjunto com Bombeiros \u2013 193)<\/li>\n<li>Acidentes com produtos perigosos (com Bombeiros \u2013 193)<\/li>\n<\/ul>\n<p><strong>LEIA TAMB\u00c9M<\/strong><\/p>\n<p><a href=\"https:\/\/redenoticiaz.com.br\/litoralsp\/2022\/05\/21\/carro-bate-em-coqueiro-e-pega-fogo\">Carro bate em coqueiro e pega fogo<\/a><\/p>\n","protected":false},"excerpt":{"rendered":"<p>Muito tem se falado dos cuidados de n\u00e3o levar informa\u00e7\u00e3o falsa. Elas podem ser prejudiciais para toda uma sociedade pode at\u00e9 custar uma vida. Isto vale tamb\u00e9m para as liga\u00e7\u00f5es ao Samu. O \u00f3rg\u00e3o de Santos, que tamb\u00e9m cuida das unidades de Guaruj\u00e1 e Bertioga vem sofrendo com os trotes e prejudicados na hora de &hellip;<\/p>\n","protected":false},"author":6,"featured_media":28484,"comment_status":"open","ping_status":"closed","sticky":false,"template":"","format":"standard","meta":{"footnotes":""},"categories":[180,23],"tags":[9201,3143,986,96,56606],"class_list":["post-28483","post","type-post","status-publish","format-standard","has-post-thumbnail","hentry","category-santos","category-saude","tag-alerta","tag-samu","tag-santos","tag-saude","tag-trotes"],"yoast_head":"<!-- This site is optimized with the Yoast SEO plugin v27.4 - https:\/\/yoast.com\/product\/yoast-seo-wordpress\/ -->\n<title>Samu de Santos \u00e9 atormentado com mais de 7, 7 mil trotes - Litoral SP<\/title>\n<meta name=\"description\" content=\"para as liga\u00e7\u00f5es ao Samu. O \u00f3rg\u00e3o de Santos, que tamb\u00e9m cuida das unidades de Guaruj\u00e1 e Bertioga vem sofrendo com os trotes e\" \/>\n<meta name=\"robots\" content=\"index, follow, max-snippet:-1, max-image-preview:large, max-video-preview:-1\" \/>\n<link rel=\"canonical\" href=\"https:\/\/redenoticiaz.com.br\/litoralsp\/2022\/05\/21\/samu-de-santos-e-atormentado-com-mais-de-7-7-mil-trotes\" \/>\n<meta property=\"og:locale\" content=\"pt_BR\" \/>\n<meta property=\"og:type\" content=\"article\" \/>\n<meta property=\"og:title\" content=\"Samu de Santos \u00e9 atormentado com mais de 7, 7 mil trotes - Litoral SP\" \/>\n<meta property=\"og:description\" content=\"para as liga\u00e7\u00f5es ao Samu. O \u00f3rg\u00e3o de Santos, que tamb\u00e9m cuida das unidades de Guaruj\u00e1 e Bertioga vem sofrendo com os trotes e\" \/>\n<meta property=\"og:url\" content=\"https:\/\/redenoticiaz.com.br\/litoralsp\/2022\/05\/21\/samu-de-santos-e-atormentado-com-mais-de-7-7-mil-trotes\" \/>\n<meta property=\"og:site_name\" content=\"Litoral SP\" \/>\n<meta property=\"article:published_time\" content=\"2022-05-21T20:11:04+00:00\" \/>\n<meta property=\"og:image\" content=\"https:\/\/redenoticiaz.com.br\/litoralsp\/wp-content\/uploads\/sites\/3\/2022\/05\/samu_1_fa.jpg\" \/>\n\t<meta property=\"og:image:width\" content=\"927\" \/>\n\t<meta property=\"og:image:height\" content=\"618\" \/>\n\t<meta property=\"og:image:type\" content=\"image\/jpeg\" \/>\n<meta name=\"author\" content=\"Leonardo Francisco\" \/>\n<meta name=\"twitter:card\" content=\"summary_large_image\" \/>\n<meta name=\"twitter:label1\" content=\"Escrito por\" \/>\n\t<meta name=\"twitter:data1\" content=\"Leonardo Francisco\" \/>\n\t<meta name=\"twitter:label2\" content=\"Est. tempo de leitura\" \/>\n\t<meta name=\"twitter:data2\" content=\"3 minutos\" \/>\n<script type=\"application\/ld+json\" class=\"yoast-schema-graph\">{\"@context\":\"https:\\\/\\\/schema.org\",\"@graph\":[{\"@type\":\"Article\",\"@id\":\"https:\\\/\\\/redenoticiaz.com.br\\\/litoralsp\\\/2022\\\/05\\\/21\\\/samu-de-santos-e-atormentado-com-mais-de-7-7-mil-trotes#article\",\"isPartOf\":{\"@id\":\"https:\\\/\\\/redenoticiaz.com.br\\\/litoralsp\\\/2022\\\/05\\\/21\\\/samu-de-santos-e-atormentado-com-mais-de-7-7-mil-trotes\"},\"author\":{\"name\":\"Leonardo Francisco\",\"@id\":\"https:\\\/\\\/redenoticiaz.com.br\\\/litoralsp\\\/#\\\/schema\\\/person\\\/0f0b8a5bdafefe82841e07ae8d81ecb3\"},\"headline\":\"Samu de Santos \u00e9 atormentado com mais de 7, 7 mil trotes\",\"datePublished\":\"2022-05-21T20:11:04+00:00\",\"mainEntityOfPage\":{\"@id\":\"https:\\\/\\\/redenoticiaz.com.br\\\/litoralsp\\\/2022\\\/05\\\/21\\\/samu-de-santos-e-atormentado-com-mais-de-7-7-mil-trotes\"},\"wordCount\":551,\"commentCount\":0,\"publisher\":{\"@id\":\"https:\\\/\\\/redenoticiaz.com.br\\\/litoralsp\\\/#organization\"},\"image\":{\"@id\":\"https:\\\/\\\/redenoticiaz.com.br\\\/litoralsp\\\/2022\\\/05\\\/21\\\/samu-de-santos-e-atormentado-com-mais-de-7-7-mil-trotes#primaryimage\"},\"thumbnailUrl\":\"https:\\\/\\\/redenoticiaz.com.br\\\/litoralsp\\\/wp-content\\\/uploads\\\/sites\\\/3\\\/2022\\\/05\\\/samu_1_fa.jpg\",\"keywords\":[\"ALERTA\",\"SAMU\",\"Santos\",\"saude\",\"TROTES\"],\"articleSection\":[\"Santos\",\"Sa\u00fade\"],\"inLanguage\":\"pt-BR\",\"potentialAction\":[{\"@type\":\"CommentAction\",\"name\":\"Comment\",\"target\":[\"https:\\\/\\\/redenoticiaz.com.br\\\/litoralsp\\\/2022\\\/05\\\/21\\\/samu-de-santos-e-atormentado-com-mais-de-7-7-mil-trotes#respond\"]}]},{\"@type\":\"WebPage\",\"@id\":\"https:\\\/\\\/redenoticiaz.com.br\\\/litoralsp\\\/2022\\\/05\\\/21\\\/samu-de-santos-e-atormentado-com-mais-de-7-7-mil-trotes\",\"url\":\"https:\\\/\\\/redenoticiaz.com.br\\\/litoralsp\\\/2022\\\/05\\\/21\\\/samu-de-santos-e-atormentado-com-mais-de-7-7-mil-trotes\",\"name\":\"Samu de Santos \u00e9 atormentado com mais de 7, 7 mil trotes - Litoral SP\",\"isPartOf\":{\"@id\":\"https:\\\/\\\/redenoticiaz.com.br\\\/litoralsp\\\/#website\"},\"primaryImageOfPage\":{\"@id\":\"https:\\\/\\\/redenoticiaz.com.br\\\/litoralsp\\\/2022\\\/05\\\/21\\\/samu-de-santos-e-atormentado-com-mais-de-7-7-mil-trotes#primaryimage\"},\"image\":{\"@id\":\"https:\\\/\\\/redenoticiaz.com.br\\\/litoralsp\\\/2022\\\/05\\\/21\\\/samu-de-santos-e-atormentado-com-mais-de-7-7-mil-trotes#primaryimage\"},\"thumbnailUrl\":\"https:\\\/\\\/redenoticiaz.com.br\\\/litoralsp\\\/wp-content\\\/uploads\\\/sites\\\/3\\\/2022\\\/05\\\/samu_1_fa.jpg\",\"datePublished\":\"2022-05-21T20:11:04+00:00\",\"description\":\"para as liga\u00e7\u00f5es ao Samu. O \u00f3rg\u00e3o de Santos, que tamb\u00e9m cuida das unidades de Guaruj\u00e1 e Bertioga vem sofrendo com os trotes e\",\"inLanguage\":\"pt-BR\",\"potentialAction\":[{\"@type\":\"ReadAction\",\"target\":[\"https:\\\/\\\/redenoticiaz.com.br\\\/litoralsp\\\/2022\\\/05\\\/21\\\/samu-de-santos-e-atormentado-com-mais-de-7-7-mil-trotes\"]}]},{\"@type\":\"ImageObject\",\"inLanguage\":\"pt-BR\",\"@id\":\"https:\\\/\\\/redenoticiaz.com.br\\\/litoralsp\\\/2022\\\/05\\\/21\\\/samu-de-santos-e-atormentado-com-mais-de-7-7-mil-trotes#primaryimage\",\"url\":\"https:\\\/\\\/redenoticiaz.com.br\\\/litoralsp\\\/wp-content\\\/uploads\\\/sites\\\/3\\\/2022\\\/05\\\/samu_1_fa.jpg\",\"contentUrl\":\"https:\\\/\\\/redenoticiaz.com.br\\\/litoralsp\\\/wp-content\\\/uploads\\\/sites\\\/3\\\/2022\\\/05\\\/samu_1_fa.jpg\",\"width\":927,\"height\":618,\"caption\":\"Cr\u00e9ditos: Divulga\u00e7\u00e3o\\\/Prefeitura de Santos\"},{\"@type\":\"WebSite\",\"@id\":\"https:\\\/\\\/redenoticiaz.com.br\\\/litoralsp\\\/#website\",\"url\":\"https:\\\/\\\/redenoticiaz.com.br\\\/litoralsp\\\/\",\"name\":\"Litoral SP\",\"description\":\"Rede NoticiaZ\",\"publisher\":{\"@id\":\"https:\\\/\\\/redenoticiaz.com.br\\\/litoralsp\\\/#organization\"},\"potentialAction\":[{\"@type\":\"SearchAction\",\"target\":{\"@type\":\"EntryPoint\",\"urlTemplate\":\"https:\\\/\\\/redenoticiaz.com.br\\\/litoralsp\\\/?s={search_term_string}\"},\"query-input\":{\"@type\":\"PropertyValueSpecification\",\"valueRequired\":true,\"valueName\":\"search_term_string\"}}],\"inLanguage\":\"pt-BR\"},{\"@type\":\"Organization\",\"@id\":\"https:\\\/\\\/redenoticiaz.com.br\\\/litoralsp\\\/#organization\",\"name\":\"Litoral SP\",\"url\":\"https:\\\/\\\/redenoticiaz.com.br\\\/litoralsp\\\/\",\"logo\":{\"@type\":\"ImageObject\",\"inLanguage\":\"pt-BR\",\"@id\":\"https:\\\/\\\/redenoticiaz.com.br\\\/litoralsp\\\/#\\\/schema\\\/logo\\\/image\\\/\",\"url\":\"https:\\\/\\\/redenoticiaz.com.br\\\/litoralsp\\\/wp-content\\\/uploads\\\/sites\\\/3\\\/2020\\\/11\\\/logo.jpg\",\"contentUrl\":\"https:\\\/\\\/redenoticiaz.com.br\\\/litoralsp\\\/wp-content\\\/uploads\\\/sites\\\/3\\\/2020\\\/11\\\/logo.jpg\",\"width\":400,\"height\":250,\"caption\":\"Litoral SP\"},\"image\":{\"@id\":\"https:\\\/\\\/redenoticiaz.com.br\\\/litoralsp\\\/#\\\/schema\\\/logo\\\/image\\\/\"}},{\"@type\":\"Person\",\"@id\":\"https:\\\/\\\/redenoticiaz.com.br\\\/litoralsp\\\/#\\\/schema\\\/person\\\/0f0b8a5bdafefe82841e07ae8d81ecb3\",\"name\":\"Leonardo Francisco\",\"image\":{\"@type\":\"ImageObject\",\"inLanguage\":\"pt-BR\",\"@id\":\"https:\\\/\\\/secure.gravatar.com\\\/avatar\\\/a7358cb406a99b682ec6df1e77e31ae82e63601f6784e8a3df411d72b37864da?s=96&d=mm&r=g\",\"url\":\"https:\\\/\\\/secure.gravatar.com\\\/avatar\\\/a7358cb406a99b682ec6df1e77e31ae82e63601f6784e8a3df411d72b37864da?s=96&d=mm&r=g\",\"contentUrl\":\"https:\\\/\\\/secure.gravatar.com\\\/avatar\\\/a7358cb406a99b682ec6df1e77e31ae82e63601f6784e8a3df411d72b37864da?s=96&d=mm&r=g\",\"caption\":\"Leonardo Francisco\"},\"url\":\"https:\\\/\\\/redenoticiaz.com.br\\\/litoralsp\\\/author\\\/leonardo-francisco\"}]}<\/script>\n<!-- \/ Yoast SEO plugin. -->","yoast_head_json":{"title":"Samu de Santos \u00e9 atormentado com mais de 7, 7 mil trotes - Litoral SP","description":"para as liga\u00e7\u00f5es ao Samu. O \u00f3rg\u00e3o de Santos, que tamb\u00e9m cuida das unidades de Guaruj\u00e1 e Bertioga vem sofrendo com os trotes e","robots":{"index":"index","follow":"follow","max-snippet":"max-snippet:-1","max-image-preview":"max-image-preview:large","max-video-preview":"max-video-preview:-1"},"canonical":"https:\/\/redenoticiaz.com.br\/litoralsp\/2022\/05\/21\/samu-de-santos-e-atormentado-com-mais-de-7-7-mil-trotes","og_locale":"pt_BR","og_type":"article","og_title":"Samu de Santos \u00e9 atormentado com mais de 7, 7 mil trotes - Litoral SP","og_description":"para as liga\u00e7\u00f5es ao Samu. O \u00f3rg\u00e3o de Santos, que tamb\u00e9m cuida das unidades de Guaruj\u00e1 e Bertioga vem sofrendo com os trotes e","og_url":"https:\/\/redenoticiaz.com.br\/litoralsp\/2022\/05\/21\/samu-de-santos-e-atormentado-com-mais-de-7-7-mil-trotes","og_site_name":"Litoral SP","article_published_time":"2022-05-21T20:11:04+00:00","og_image":[{"width":927,"height":618,"url":"https:\/\/redenoticiaz.com.br\/litoralsp\/wp-content\/uploads\/sites\/3\/2022\/05\/samu_1_fa.jpg","type":"image\/jpeg"}],"author":"Leonardo Francisco","twitter_card":"summary_large_image","twitter_misc":{"Escrito por":"Leonardo Francisco","Est. tempo de leitura":"3 minutos"},"schema":{"@context":"https:\/\/schema.org","@graph":[{"@type":"Article","@id":"https:\/\/redenoticiaz.com.br\/litoralsp\/2022\/05\/21\/samu-de-santos-e-atormentado-com-mais-de-7-7-mil-trotes#article","isPartOf":{"@id":"https:\/\/redenoticiaz.com.br\/litoralsp\/2022\/05\/21\/samu-de-santos-e-atormentado-com-mais-de-7-7-mil-trotes"},"author":{"name":"Leonardo Francisco","@id":"https:\/\/redenoticiaz.com.br\/litoralsp\/#\/schema\/person\/0f0b8a5bdafefe82841e07ae8d81ecb3"},"headline":"Samu de Santos \u00e9 atormentado com mais de 7, 7 mil trotes","datePublished":"2022-05-21T20:11:04+00:00","mainEntityOfPage":{"@id":"https:\/\/redenoticiaz.com.br\/litoralsp\/2022\/05\/21\/samu-de-santos-e-atormentado-com-mais-de-7-7-mil-trotes"},"wordCount":551,"commentCount":0,"publisher":{"@id":"https:\/\/redenoticiaz.com.br\/litoralsp\/#organization"},"image":{"@id":"https:\/\/redenoticiaz.com.br\/litoralsp\/2022\/05\/21\/samu-de-santos-e-atormentado-com-mais-de-7-7-mil-trotes#primaryimage"},"thumbnailUrl":"https:\/\/redenoticiaz.com.br\/litoralsp\/wp-content\/uploads\/sites\/3\/2022\/05\/samu_1_fa.jpg","keywords":["ALERTA","SAMU","Santos","saude","TROTES"],"articleSection":["Santos","Sa\u00fade"],"inLanguage":"pt-BR","potentialAction":[{"@type":"CommentAction","name":"Comment","target":["https:\/\/redenoticiaz.com.br\/litoralsp\/2022\/05\/21\/samu-de-santos-e-atormentado-com-mais-de-7-7-mil-trotes#respond"]}]},{"@type":"WebPage","@id":"https:\/\/redenoticiaz.com.br\/litoralsp\/2022\/05\/21\/samu-de-santos-e-atormentado-com-mais-de-7-7-mil-trotes","url":"https:\/\/redenoticiaz.com.br\/litoralsp\/2022\/05\/21\/samu-de-santos-e-atormentado-com-mais-de-7-7-mil-trotes","name":"Samu de Santos \u00e9 atormentado com mais de 7, 7 mil trotes - Litoral SP","isPartOf":{"@id":"https:\/\/redenoticiaz.com.br\/litoralsp\/#website"},"primaryImageOfPage":{"@id":"https:\/\/redenoticiaz.com.br\/litoralsp\/2022\/05\/21\/samu-de-santos-e-atormentado-com-mais-de-7-7-mil-trotes#primaryimage"},"image":{"@id":"https:\/\/redenoticiaz.com.br\/litoralsp\/2022\/05\/21\/samu-de-santos-e-atormentado-com-mais-de-7-7-mil-trotes#primaryimage"},"thumbnailUrl":"https:\/\/redenoticiaz.com.br\/litoralsp\/wp-content\/uploads\/sites\/3\/2022\/05\/samu_1_fa.jpg","datePublished":"2022-05-21T20:11:04+00:00","description":"para as liga\u00e7\u00f5es ao Samu. O \u00f3rg\u00e3o de Santos, que tamb\u00e9m cuida das unidades de Guaruj\u00e1 e Bertioga vem sofrendo com os trotes e","inLanguage":"pt-BR","potentialAction":[{"@type":"ReadAction","target":["https:\/\/redenoticiaz.com.br\/litoralsp\/2022\/05\/21\/samu-de-santos-e-atormentado-com-mais-de-7-7-mil-trotes"]}]},{"@type":"ImageObject","inLanguage":"pt-BR","@id":"https:\/\/redenoticiaz.com.br\/litoralsp\/2022\/05\/21\/samu-de-santos-e-atormentado-com-mais-de-7-7-mil-trotes#primaryimage","url":"https:\/\/redenoticiaz.com.br\/litoralsp\/wp-content\/uploads\/sites\/3\/2022\/05\/samu_1_fa.jpg","contentUrl":"https:\/\/redenoticiaz.com.br\/litoralsp\/wp-content\/uploads\/sites\/3\/2022\/05\/samu_1_fa.jpg","width":927,"height":618,"caption":"Cr\u00e9ditos: Divulga\u00e7\u00e3o\/Prefeitura de Santos"},{"@type":"WebSite","@id":"https:\/\/redenoticiaz.com.br\/litoralsp\/#website","url":"https:\/\/redenoticiaz.com.br\/litoralsp\/","name":"Litoral SP","description":"Rede NoticiaZ","publisher":{"@id":"https:\/\/redenoticiaz.com.br\/litoralsp\/#organization"},"potentialAction":[{"@type":"SearchAction","target":{"@type":"EntryPoint","urlTemplate":"https:\/\/redenoticiaz.com.br\/litoralsp\/?s={search_term_string}"},"query-input":{"@type":"PropertyValueSpecification","valueRequired":true,"valueName":"search_term_string"}}],"inLanguage":"pt-BR"},{"@type":"Organization","@id":"https:\/\/redenoticiaz.com.br\/litoralsp\/#organization","name":"Litoral SP","url":"https:\/\/redenoticiaz.com.br\/litoralsp\/","logo":{"@type":"ImageObject","inLanguage":"pt-BR","@id":"https:\/\/redenoticiaz.com.br\/litoralsp\/#\/schema\/logo\/image\/","url":"https:\/\/redenoticiaz.com.br\/litoralsp\/wp-content\/uploads\/sites\/3\/2020\/11\/logo.jpg","contentUrl":"https:\/\/redenoticiaz.com.br\/litoralsp\/wp-content\/uploads\/sites\/3\/2020\/11\/logo.jpg","width":400,"height":250,"caption":"Litoral SP"},"image":{"@id":"https:\/\/redenoticiaz.com.br\/litoralsp\/#\/schema\/logo\/image\/"}},{"@type":"Person","@id":"https:\/\/redenoticiaz.com.br\/litoralsp\/#\/schema\/person\/0f0b8a5bdafefe82841e07ae8d81ecb3","name":"Leonardo Francisco","image":{"@type":"ImageObject","inLanguage":"pt-BR","@id":"https:\/\/secure.gravatar.com\/avatar\/a7358cb406a99b682ec6df1e77e31ae82e63601f6784e8a3df411d72b37864da?s=96&d=mm&r=g","url":"https:\/\/secure.gravatar.com\/avatar\/a7358cb406a99b682ec6df1e77e31ae82e63601f6784e8a3df411d72b37864da?s=96&d=mm&r=g","contentUrl":"https:\/\/secure.gravatar.com\/avatar\/a7358cb406a99b682ec6df1e77e31ae82e63601f6784e8a3df411d72b37864da?s=96&d=mm&r=g","caption":"Leonardo Francisco"},"url":"https:\/\/redenoticiaz.com.br\/litoralsp\/author\/leonardo-francisco"}]}},"_links":{"self":[{"href":"https:\/\/redenoticiaz.com.br\/litoralsp\/wp-json\/wp\/v2\/posts\/28483","targetHints":{"allow":["GET"]}}],"collection":[{"href":"https:\/\/redenoticiaz.com.br\/litoralsp\/wp-json\/wp\/v2\/posts"}],"about":[{"href":"https:\/\/redenoticiaz.com.br\/litoralsp\/wp-json\/wp\/v2\/types\/post"}],"author":[{"embeddable":true,"href":"https:\/\/redenoticiaz.com.br\/litoralsp\/wp-json\/wp\/v2\/users\/6"}],"replies":[{"embeddable":true,"href":"https:\/\/redenoticiaz.com.br\/litoralsp\/wp-json\/wp\/v2\/comments?post=28483"}],"version-history":[{"count":1,"href":"https:\/\/redenoticiaz.com.br\/litoralsp\/wp-json\/wp\/v2\/posts\/28483\/revisions"}],"predecessor-version":[{"id":28485,"href":"https:\/\/redenoticiaz.com.br\/litoralsp\/wp-json\/wp\/v2\/posts\/28483\/revisions\/28485"}],"wp:featuredmedia":[{"embeddable":true,"href":"https:\/\/redenoticiaz.com.br\/litoralsp\/wp-json\/wp\/v2\/media\/28484"}],"wp:attachment":[{"href":"https:\/\/redenoticiaz.com.br\/litoralsp\/wp-json\/wp\/v2\/media?parent=28483"}],"wp:term":[{"taxonomy":"category","embeddable":true,"href":"https:\/\/redenoticiaz.com.br\/litoralsp\/wp-json\/wp\/v2\/categories?post=28483"},{"taxonomy":"post_tag","embeddable":true,"href":"https:\/\/redenoticiaz.com.br\/litoralsp\/wp-json\/wp\/v2\/tags?post=28483"}],"curies":[{"name":"wp","href":"https:\/\/api.w.org\/{rel}","templated":true}]}}