{"id":2859,"date":"2021-01-16T08:23:35","date_gmt":"2021-01-16T11:23:35","guid":{"rendered":"https:\/\/redenoticiaz.com.br\/litoralsp\/2021\/01\/16\/panelaco-pelo-pais-pede-saida-de-bolsonaro"},"modified":"2021-01-16T08:27:12","modified_gmt":"2021-01-16T11:27:12","slug":"panelaco-pelo-pais-pede-saida-de-bolsonaro","status":"publish","type":"post","link":"https:\/\/redenoticiaz.com.br\/litoralsp\/2021\/01\/16\/panelaco-pelo-pais-pede-saida-de-bolsonaro","title":{"rendered":"Panela\u00e7o pelo pais pede sa\u00edda de Bolsonaro"},"content":{"rendered":"<p>Um panela\u00e7o ecoou pelo pa\u00eds para pedir a sa\u00edda do <a href=\"https:\/\/pt.wikipedia.org\/wiki\/Jair_Bolsonaro\">Presidente Jair Bolsonaro<\/a>. A manifesta\u00e7\u00e3o foi na noite de\u00a0 sexta-feira (15) reprova a gest\u00e3o de Bolsonaro durante a pandemia da Covid-19 no pa\u00eds.<\/p>\n<p>O que detonou a insatisfa\u00e7\u00e3o de parte dos brasileiros \u00e9 a grave crise hospital que tem um n\u00famero recorde de casos de covid-19 e a falta de oxig\u00eanio. O g\u00e1s medicinal \u00e9 item b\u00e1sico para manter vivo o paciente que tem o pulm\u00e3o comprometido pelo coronav\u00edrus. Apesar do socorro tardio para muitos pacientes que morreram a FAB estava fazendo uma ponte a\u00e9rea para levar cilindros de oxig\u00eanio para Manaus.<\/p>\n<p>A Foto da reportagem reproduzida de uma postagem no Instagran. A proje\u00e7\u00e3o foi registra na parede de um dos pr\u00e9dios no Minhoc\u00e3o, Centro de SP.. Ela retrata um sentimento de grande parte dos brasileiros que n\u00e3o se sentem representados\u00a0 pelo governo Bolsonaro.<\/p>\n<p>&nbsp;<\/p>\n<p><strong>LEIA TAMB\u00c9M<\/strong><\/p>\n<p><a href=\"https:\/\/redenoticiaz.com.br\/blog\/2021\/01\/16\/manaus-faltam-cilindros-de-oxigenio-para-salvar-pacientes\">Manaus: faltam cilindros de oxig\u00eanio para salvar pacientes<\/a><\/p>\n<p>&nbsp;<\/p>\n","protected":false},"excerpt":{"rendered":"<p>Um panela\u00e7o ecoou pelo pa\u00eds para pedir a sa\u00edda do Presidente Jair Bolsonaro. A manifesta\u00e7\u00e3o foi na noite de\u00a0 sexta-feira (15) reprova a gest\u00e3o de Bolsonaro durante a pandemia da Covid-19 no pa\u00eds. O que detonou a insatisfa\u00e7\u00e3o de parte dos brasileiros \u00e9 a grave crise hospital que tem um n\u00famero recorde de casos de &hellip;<\/p>\n","protected":false},"author":5,"featured_media":2860,"comment_status":"open","ping_status":"closed","sticky":false,"template":"","format":"standard","meta":{"footnotes":""},"categories":[4],"tags":[8896,8897,8898,8899,8900],"class_list":["post-2859","post","type-post","status-publish","format-standard","has-post-thumbnail","hentry","category-geral","tag-manifestacao-contra-governo-bolsonaro","tag-protesto-contra-bolsonaro","tag-sem-governo","tag-sem-oxigenio","tag-sem-vacina"],"yoast_head":"<!-- This site is optimized with the Yoast SEO plugin v27.4 - https:\/\/yoast.com\/product\/yoast-seo-wordpress\/ -->\n<title>Panela\u00e7o pelo pais pede sa\u00edda de Bolsonaro - Litoral SP<\/title>\n<meta name=\"description\" content=\"Um panela\u00e7o ecoou pelo pa\u00eds para pedir a sa\u00edda do Presidente Jair Bolsonaro. A manifesta\u00e7\u00e3o foi na noite de\u00a0 sexta-feira (15) reprova a gest\u00e3o de Bolsonaro\" \/>\n<meta name=\"robots\" content=\"index, follow, max-snippet:-1, max-image-preview:large, max-video-preview:-1\" \/>\n<link rel=\"canonical\" href=\"https:\/\/redenoticiaz.com.br\/litoralsp\/2021\/01\/16\/panelaco-pelo-pais-pede-saida-de-bolsonaro\" \/>\n<meta property=\"og:locale\" content=\"pt_BR\" \/>\n<meta property=\"og:type\" content=\"article\" \/>\n<meta property=\"og:title\" content=\"Panela\u00e7o pelo pais pede sa\u00edda de Bolsonaro - Litoral SP\" \/>\n<meta property=\"og:description\" content=\"Um panela\u00e7o ecoou pelo pa\u00eds para pedir a sa\u00edda do Presidente Jair Bolsonaro. A manifesta\u00e7\u00e3o foi na noite de\u00a0 sexta-feira (15) reprova a gest\u00e3o de Bolsonaro\" \/>\n<meta property=\"og:url\" content=\"https:\/\/redenoticiaz.com.br\/litoralsp\/2021\/01\/16\/panelaco-pelo-pais-pede-saida-de-bolsonaro\" \/>\n<meta property=\"og:site_name\" content=\"Litoral SP\" \/>\n<meta property=\"article:published_time\" content=\"2021-01-16T11:23:35+00:00\" \/>\n<meta property=\"article:modified_time\" content=\"2021-01-16T11:27:12+00:00\" \/>\n<meta property=\"og:image\" content=\"https:\/\/redenoticiaz.com.br\/litoralsp\/wp-content\/uploads\/sites\/3\/2021\/01\/projecao.jpg\" \/>\n\t<meta property=\"og:image:width\" content=\"696\" \/>\n\t<meta property=\"og:image:height\" content=\"369\" \/>\n\t<meta property=\"og:image:type\" content=\"image\/jpeg\" \/>\n<meta name=\"author\" content=\"Patr\u00edcia Prado\" \/>\n<meta name=\"twitter:card\" content=\"summary_large_image\" \/>\n<meta name=\"twitter:label1\" content=\"Escrito por\" \/>\n\t<meta name=\"twitter:data1\" content=\"Patr\u00edcia Prado\" \/>\n\t<meta name=\"twitter:label2\" content=\"Est. tempo de leitura\" \/>\n\t<meta name=\"twitter:data2\" content=\"1 minuto\" \/>\n<script type=\"application\/ld+json\" class=\"yoast-schema-graph\">{\"@context\":\"https:\\\/\\\/schema.org\",\"@graph\":[{\"@type\":\"Article\",\"@id\":\"https:\\\/\\\/redenoticiaz.com.br\\\/litoralsp\\\/2021\\\/01\\\/16\\\/panelaco-pelo-pais-pede-saida-de-bolsonaro#article\",\"isPartOf\":{\"@id\":\"https:\\\/\\\/redenoticiaz.com.br\\\/litoralsp\\\/2021\\\/01\\\/16\\\/panelaco-pelo-pais-pede-saida-de-bolsonaro\"},\"author\":{\"name\":\"Patr\u00edcia Prado\",\"@id\":\"https:\\\/\\\/redenoticiaz.com.br\\\/litoralsp\\\/#\\\/schema\\\/person\\\/e1b0bd8c2637e2c1b6ddcbc2c33b116f\"},\"headline\":\"Panela\u00e7o pelo pais pede sa\u00edda de Bolsonaro\",\"datePublished\":\"2021-01-16T11:23:35+00:00\",\"dateModified\":\"2021-01-16T11:27:12+00:00\",\"mainEntityOfPage\":{\"@id\":\"https:\\\/\\\/redenoticiaz.com.br\\\/litoralsp\\\/2021\\\/01\\\/16\\\/panelaco-pelo-pais-pede-saida-de-bolsonaro\"},\"wordCount\":183,\"commentCount\":0,\"publisher\":{\"@id\":\"https:\\\/\\\/redenoticiaz.com.br\\\/litoralsp\\\/#organization\"},\"image\":{\"@id\":\"https:\\\/\\\/redenoticiaz.com.br\\\/litoralsp\\\/2021\\\/01\\\/16\\\/panelaco-pelo-pais-pede-saida-de-bolsonaro#primaryimage\"},\"thumbnailUrl\":\"https:\\\/\\\/redenoticiaz.com.br\\\/litoralsp\\\/wp-content\\\/uploads\\\/sites\\\/3\\\/2021\\\/01\\\/projecao.jpg\",\"keywords\":[\"MANIFESTA\u00c7\u00c3O CONTRA GOVERNO BOLSONARO\",\"PROTESTO CONTRA BOLSONARO\",\"SEM GOVERNO\",\"SEM OXIG\u00caNIO\",\"SEM VACINA\"],\"articleSection\":[\"Geral\"],\"inLanguage\":\"pt-BR\",\"potentialAction\":[{\"@type\":\"CommentAction\",\"name\":\"Comment\",\"target\":[\"https:\\\/\\\/redenoticiaz.com.br\\\/litoralsp\\\/2021\\\/01\\\/16\\\/panelaco-pelo-pais-pede-saida-de-bolsonaro#respond\"]}]},{\"@type\":\"WebPage\",\"@id\":\"https:\\\/\\\/redenoticiaz.com.br\\\/litoralsp\\\/2021\\\/01\\\/16\\\/panelaco-pelo-pais-pede-saida-de-bolsonaro\",\"url\":\"https:\\\/\\\/redenoticiaz.com.br\\\/litoralsp\\\/2021\\\/01\\\/16\\\/panelaco-pelo-pais-pede-saida-de-bolsonaro\",\"name\":\"Panela\u00e7o pelo pais pede sa\u00edda de Bolsonaro - Litoral SP\",\"isPartOf\":{\"@id\":\"https:\\\/\\\/redenoticiaz.com.br\\\/litoralsp\\\/#website\"},\"primaryImageOfPage\":{\"@id\":\"https:\\\/\\\/redenoticiaz.com.br\\\/litoralsp\\\/2021\\\/01\\\/16\\\/panelaco-pelo-pais-pede-saida-de-bolsonaro#primaryimage\"},\"image\":{\"@id\":\"https:\\\/\\\/redenoticiaz.com.br\\\/litoralsp\\\/2021\\\/01\\\/16\\\/panelaco-pelo-pais-pede-saida-de-bolsonaro#primaryimage\"},\"thumbnailUrl\":\"https:\\\/\\\/redenoticiaz.com.br\\\/litoralsp\\\/wp-content\\\/uploads\\\/sites\\\/3\\\/2021\\\/01\\\/projecao.jpg\",\"datePublished\":\"2021-01-16T11:23:35+00:00\",\"dateModified\":\"2021-01-16T11:27:12+00:00\",\"description\":\"Um panela\u00e7o ecoou pelo pa\u00eds para pedir a sa\u00edda do Presidente Jair Bolsonaro. A manifesta\u00e7\u00e3o foi na noite de\u00a0 sexta-feira (15) reprova a gest\u00e3o de Bolsonaro\",\"inLanguage\":\"pt-BR\",\"potentialAction\":[{\"@type\":\"ReadAction\",\"target\":[\"https:\\\/\\\/redenoticiaz.com.br\\\/litoralsp\\\/2021\\\/01\\\/16\\\/panelaco-pelo-pais-pede-saida-de-bolsonaro\"]}]},{\"@type\":\"ImageObject\",\"inLanguage\":\"pt-BR\",\"@id\":\"https:\\\/\\\/redenoticiaz.com.br\\\/litoralsp\\\/2021\\\/01\\\/16\\\/panelaco-pelo-pais-pede-saida-de-bolsonaro#primaryimage\",\"url\":\"https:\\\/\\\/redenoticiaz.com.br\\\/litoralsp\\\/wp-content\\\/uploads\\\/sites\\\/3\\\/2021\\\/01\\\/projecao.jpg\",\"contentUrl\":\"https:\\\/\\\/redenoticiaz.com.br\\\/litoralsp\\\/wp-content\\\/uploads\\\/sites\\\/3\\\/2021\\\/01\\\/projecao.jpg\",\"width\":696,\"height\":369,\"caption\":\"Proje\u00e7\u00e3o contra o presidente Jair Bolsonaro nesta sexta-feira (15) no Minhoc\u00e3o, Centro de SP. \u2014 Foto: Reprodu\u00e7\u00e3o\\\/Instagram\"},{\"@type\":\"WebSite\",\"@id\":\"https:\\\/\\\/redenoticiaz.com.br\\\/litoralsp\\\/#website\",\"url\":\"https:\\\/\\\/redenoticiaz.com.br\\\/litoralsp\\\/\",\"name\":\"Litoral SP\",\"description\":\"Rede NoticiaZ\",\"publisher\":{\"@id\":\"https:\\\/\\\/redenoticiaz.com.br\\\/litoralsp\\\/#organization\"},\"potentialAction\":[{\"@type\":\"SearchAction\",\"target\":{\"@type\":\"EntryPoint\",\"urlTemplate\":\"https:\\\/\\\/redenoticiaz.com.br\\\/litoralsp\\\/?s={search_term_string}\"},\"query-input\":{\"@type\":\"PropertyValueSpecification\",\"valueRequired\":true,\"valueName\":\"search_term_string\"}}],\"inLanguage\":\"pt-BR\"},{\"@type\":\"Organization\",\"@id\":\"https:\\\/\\\/redenoticiaz.com.br\\\/litoralsp\\\/#organization\",\"name\":\"Litoral SP\",\"url\":\"https:\\\/\\\/redenoticiaz.com.br\\\/litoralsp\\\/\",\"logo\":{\"@type\":\"ImageObject\",\"inLanguage\":\"pt-BR\",\"@id\":\"https:\\\/\\\/redenoticiaz.com.br\\\/litoralsp\\\/#\\\/schema\\\/logo\\\/image\\\/\",\"url\":\"https:\\\/\\\/redenoticiaz.com.br\\\/litoralsp\\\/wp-content\\\/uploads\\\/sites\\\/3\\\/2020\\\/11\\\/logo.jpg\",\"contentUrl\":\"https:\\\/\\\/redenoticiaz.com.br\\\/litoralsp\\\/wp-content\\\/uploads\\\/sites\\\/3\\\/2020\\\/11\\\/logo.jpg\",\"width\":400,\"height\":250,\"caption\":\"Litoral SP\"},\"image\":{\"@id\":\"https:\\\/\\\/redenoticiaz.com.br\\\/litoralsp\\\/#\\\/schema\\\/logo\\\/image\\\/\"}},{\"@type\":\"Person\",\"@id\":\"https:\\\/\\\/redenoticiaz.com.br\\\/litoralsp\\\/#\\\/schema\\\/person\\\/e1b0bd8c2637e2c1b6ddcbc2c33b116f\",\"name\":\"Patr\u00edcia Prado\",\"image\":{\"@type\":\"ImageObject\",\"inLanguage\":\"pt-BR\",\"@id\":\"https:\\\/\\\/secure.gravatar.com\\\/avatar\\\/92e358bef22cfcec15e054ae4d9fee04dadf0c772dc4a17b382b8a34a15354c2?s=96&d=mm&r=g\",\"url\":\"https:\\\/\\\/secure.gravatar.com\\\/avatar\\\/92e358bef22cfcec15e054ae4d9fee04dadf0c772dc4a17b382b8a34a15354c2?s=96&d=mm&r=g\",\"contentUrl\":\"https:\\\/\\\/secure.gravatar.com\\\/avatar\\\/92e358bef22cfcec15e054ae4d9fee04dadf0c772dc4a17b382b8a34a15354c2?s=96&d=mm&r=g\",\"caption\":\"Patr\u00edcia Prado\"},\"url\":\"https:\\\/\\\/redenoticiaz.com.br\\\/litoralsp\\\/author\\\/patricia-prado\"}]}<\/script>\n<!-- \/ Yoast SEO plugin. -->","yoast_head_json":{"title":"Panela\u00e7o pelo pais pede sa\u00edda de Bolsonaro - Litoral SP","description":"Um panela\u00e7o ecoou pelo pa\u00eds para pedir a sa\u00edda do Presidente Jair Bolsonaro. A manifesta\u00e7\u00e3o foi na noite de\u00a0 sexta-feira (15) reprova a gest\u00e3o de Bolsonaro","robots":{"index":"index","follow":"follow","max-snippet":"max-snippet:-1","max-image-preview":"max-image-preview:large","max-video-preview":"max-video-preview:-1"},"canonical":"https:\/\/redenoticiaz.com.br\/litoralsp\/2021\/01\/16\/panelaco-pelo-pais-pede-saida-de-bolsonaro","og_locale":"pt_BR","og_type":"article","og_title":"Panela\u00e7o pelo pais pede sa\u00edda de Bolsonaro - Litoral SP","og_description":"Um panela\u00e7o ecoou pelo pa\u00eds para pedir a sa\u00edda do Presidente Jair Bolsonaro. A manifesta\u00e7\u00e3o foi na noite de\u00a0 sexta-feira (15) reprova a gest\u00e3o de Bolsonaro","og_url":"https:\/\/redenoticiaz.com.br\/litoralsp\/2021\/01\/16\/panelaco-pelo-pais-pede-saida-de-bolsonaro","og_site_name":"Litoral SP","article_published_time":"2021-01-16T11:23:35+00:00","article_modified_time":"2021-01-16T11:27:12+00:00","og_image":[{"width":696,"height":369,"url":"https:\/\/redenoticiaz.com.br\/litoralsp\/wp-content\/uploads\/sites\/3\/2021\/01\/projecao.jpg","type":"image\/jpeg"}],"author":"Patr\u00edcia Prado","twitter_card":"summary_large_image","twitter_misc":{"Escrito por":"Patr\u00edcia Prado","Est. tempo de leitura":"1 minuto"},"schema":{"@context":"https:\/\/schema.org","@graph":[{"@type":"Article","@id":"https:\/\/redenoticiaz.com.br\/litoralsp\/2021\/01\/16\/panelaco-pelo-pais-pede-saida-de-bolsonaro#article","isPartOf":{"@id":"https:\/\/redenoticiaz.com.br\/litoralsp\/2021\/01\/16\/panelaco-pelo-pais-pede-saida-de-bolsonaro"},"author":{"name":"Patr\u00edcia Prado","@id":"https:\/\/redenoticiaz.com.br\/litoralsp\/#\/schema\/person\/e1b0bd8c2637e2c1b6ddcbc2c33b116f"},"headline":"Panela\u00e7o pelo pais pede sa\u00edda de Bolsonaro","datePublished":"2021-01-16T11:23:35+00:00","dateModified":"2021-01-16T11:27:12+00:00","mainEntityOfPage":{"@id":"https:\/\/redenoticiaz.com.br\/litoralsp\/2021\/01\/16\/panelaco-pelo-pais-pede-saida-de-bolsonaro"},"wordCount":183,"commentCount":0,"publisher":{"@id":"https:\/\/redenoticiaz.com.br\/litoralsp\/#organization"},"image":{"@id":"https:\/\/redenoticiaz.com.br\/litoralsp\/2021\/01\/16\/panelaco-pelo-pais-pede-saida-de-bolsonaro#primaryimage"},"thumbnailUrl":"https:\/\/redenoticiaz.com.br\/litoralsp\/wp-content\/uploads\/sites\/3\/2021\/01\/projecao.jpg","keywords":["MANIFESTA\u00c7\u00c3O CONTRA GOVERNO BOLSONARO","PROTESTO CONTRA BOLSONARO","SEM GOVERNO","SEM OXIG\u00caNIO","SEM VACINA"],"articleSection":["Geral"],"inLanguage":"pt-BR","potentialAction":[{"@type":"CommentAction","name":"Comment","target":["https:\/\/redenoticiaz.com.br\/litoralsp\/2021\/01\/16\/panelaco-pelo-pais-pede-saida-de-bolsonaro#respond"]}]},{"@type":"WebPage","@id":"https:\/\/redenoticiaz.com.br\/litoralsp\/2021\/01\/16\/panelaco-pelo-pais-pede-saida-de-bolsonaro","url":"https:\/\/redenoticiaz.com.br\/litoralsp\/2021\/01\/16\/panelaco-pelo-pais-pede-saida-de-bolsonaro","name":"Panela\u00e7o pelo pais pede sa\u00edda de Bolsonaro - Litoral SP","isPartOf":{"@id":"https:\/\/redenoticiaz.com.br\/litoralsp\/#website"},"primaryImageOfPage":{"@id":"https:\/\/redenoticiaz.com.br\/litoralsp\/2021\/01\/16\/panelaco-pelo-pais-pede-saida-de-bolsonaro#primaryimage"},"image":{"@id":"https:\/\/redenoticiaz.com.br\/litoralsp\/2021\/01\/16\/panelaco-pelo-pais-pede-saida-de-bolsonaro#primaryimage"},"thumbnailUrl":"https:\/\/redenoticiaz.com.br\/litoralsp\/wp-content\/uploads\/sites\/3\/2021\/01\/projecao.jpg","datePublished":"2021-01-16T11:23:35+00:00","dateModified":"2021-01-16T11:27:12+00:00","description":"Um panela\u00e7o ecoou pelo pa\u00eds para pedir a sa\u00edda do Presidente Jair Bolsonaro. A manifesta\u00e7\u00e3o foi na noite de\u00a0 sexta-feira (15) reprova a gest\u00e3o de Bolsonaro","inLanguage":"pt-BR","potentialAction":[{"@type":"ReadAction","target":["https:\/\/redenoticiaz.com.br\/litoralsp\/2021\/01\/16\/panelaco-pelo-pais-pede-saida-de-bolsonaro"]}]},{"@type":"ImageObject","inLanguage":"pt-BR","@id":"https:\/\/redenoticiaz.com.br\/litoralsp\/2021\/01\/16\/panelaco-pelo-pais-pede-saida-de-bolsonaro#primaryimage","url":"https:\/\/redenoticiaz.com.br\/litoralsp\/wp-content\/uploads\/sites\/3\/2021\/01\/projecao.jpg","contentUrl":"https:\/\/redenoticiaz.com.br\/litoralsp\/wp-content\/uploads\/sites\/3\/2021\/01\/projecao.jpg","width":696,"height":369,"caption":"Proje\u00e7\u00e3o contra o presidente Jair Bolsonaro nesta sexta-feira (15) no Minhoc\u00e3o, Centro de SP. \u2014 Foto: Reprodu\u00e7\u00e3o\/Instagram"},{"@type":"WebSite","@id":"https:\/\/redenoticiaz.com.br\/litoralsp\/#website","url":"https:\/\/redenoticiaz.com.br\/litoralsp\/","name":"Litoral SP","description":"Rede NoticiaZ","publisher":{"@id":"https:\/\/redenoticiaz.com.br\/litoralsp\/#organization"},"potentialAction":[{"@type":"SearchAction","target":{"@type":"EntryPoint","urlTemplate":"https:\/\/redenoticiaz.com.br\/litoralsp\/?s={search_term_string}"},"query-input":{"@type":"PropertyValueSpecification","valueRequired":true,"valueName":"search_term_string"}}],"inLanguage":"pt-BR"},{"@type":"Organization","@id":"https:\/\/redenoticiaz.com.br\/litoralsp\/#organization","name":"Litoral SP","url":"https:\/\/redenoticiaz.com.br\/litoralsp\/","logo":{"@type":"ImageObject","inLanguage":"pt-BR","@id":"https:\/\/redenoticiaz.com.br\/litoralsp\/#\/schema\/logo\/image\/","url":"https:\/\/redenoticiaz.com.br\/litoralsp\/wp-content\/uploads\/sites\/3\/2020\/11\/logo.jpg","contentUrl":"https:\/\/redenoticiaz.com.br\/litoralsp\/wp-content\/uploads\/sites\/3\/2020\/11\/logo.jpg","width":400,"height":250,"caption":"Litoral SP"},"image":{"@id":"https:\/\/redenoticiaz.com.br\/litoralsp\/#\/schema\/logo\/image\/"}},{"@type":"Person","@id":"https:\/\/redenoticiaz.com.br\/litoralsp\/#\/schema\/person\/e1b0bd8c2637e2c1b6ddcbc2c33b116f","name":"Patr\u00edcia Prado","image":{"@type":"ImageObject","inLanguage":"pt-BR","@id":"https:\/\/secure.gravatar.com\/avatar\/92e358bef22cfcec15e054ae4d9fee04dadf0c772dc4a17b382b8a34a15354c2?s=96&d=mm&r=g","url":"https:\/\/secure.gravatar.com\/avatar\/92e358bef22cfcec15e054ae4d9fee04dadf0c772dc4a17b382b8a34a15354c2?s=96&d=mm&r=g","contentUrl":"https:\/\/secure.gravatar.com\/avatar\/92e358bef22cfcec15e054ae4d9fee04dadf0c772dc4a17b382b8a34a15354c2?s=96&d=mm&r=g","caption":"Patr\u00edcia Prado"},"url":"https:\/\/redenoticiaz.com.br\/litoralsp\/author\/patricia-prado"}]}},"_links":{"self":[{"href":"https:\/\/redenoticiaz.com.br\/litoralsp\/wp-json\/wp\/v2\/posts\/2859","targetHints":{"allow":["GET"]}}],"collection":[{"href":"https:\/\/redenoticiaz.com.br\/litoralsp\/wp-json\/wp\/v2\/posts"}],"about":[{"href":"https:\/\/redenoticiaz.com.br\/litoralsp\/wp-json\/wp\/v2\/types\/post"}],"author":[{"embeddable":true,"href":"https:\/\/redenoticiaz.com.br\/litoralsp\/wp-json\/wp\/v2\/users\/5"}],"replies":[{"embeddable":true,"href":"https:\/\/redenoticiaz.com.br\/litoralsp\/wp-json\/wp\/v2\/comments?post=2859"}],"version-history":[{"count":1,"href":"https:\/\/redenoticiaz.com.br\/litoralsp\/wp-json\/wp\/v2\/posts\/2859\/revisions"}],"predecessor-version":[{"id":2861,"href":"https:\/\/redenoticiaz.com.br\/litoralsp\/wp-json\/wp\/v2\/posts\/2859\/revisions\/2861"}],"wp:featuredmedia":[{"embeddable":true,"href":"https:\/\/redenoticiaz.com.br\/litoralsp\/wp-json\/wp\/v2\/media\/2860"}],"wp:attachment":[{"href":"https:\/\/redenoticiaz.com.br\/litoralsp\/wp-json\/wp\/v2\/media?parent=2859"}],"wp:term":[{"taxonomy":"category","embeddable":true,"href":"https:\/\/redenoticiaz.com.br\/litoralsp\/wp-json\/wp\/v2\/categories?post=2859"},{"taxonomy":"post_tag","embeddable":true,"href":"https:\/\/redenoticiaz.com.br\/litoralsp\/wp-json\/wp\/v2\/tags?post=2859"}],"curies":[{"name":"wp","href":"https:\/\/api.w.org\/{rel}","templated":true}]}}