{"id":2869,"date":"2021-01-16T16:56:17","date_gmt":"2021-01-16T19:56:17","guid":{"rendered":"https:\/\/redenoticiaz.com.br\/litoralsp\/?p=2869"},"modified":"2021-01-16T16:56:17","modified_gmt":"2021-01-16T19:56:17","slug":"pm-desaparecido-foi-executado-e-enterrado-em-cemiterio-clandestino","status":"publish","type":"post","link":"https:\/\/redenoticiaz.com.br\/litoralsp\/2021\/01\/16\/pm-desaparecido-foi-executado-e-enterrado-em-cemiterio-clandestino","title":{"rendered":"PM desaparecido foi executado e enterrado em cemit\u00e9rio clandestino"},"content":{"rendered":"<div class=\"mc-column content-text active-extra-styles \" data-block-type=\"unstyled\" data-block-weight=\"61\" data-block-id=\"2\">\n<p data-track-category=\"Link no Texto\" data-track-links=\"\">O corpo do Policial Militar Bruno Gilbertoni, de 30 anos, que estava desaparecido foi encontrado em uma \u00e1rea enterrado em um cemit\u00e9rio clandestino, na Vila esperan\u00e7a, em <a href=\"https:\/\/pt.wikipedia.org\/wiki\/Cubat%C3%A3o\">Cubat\u00e3o<\/a>. O local \u00e9 uma \u00e1rea de mangue usado para desovar corpos por uma fac\u00e7\u00e3o criminosa. Bruno estava enterrado em uma cova rasa, com as m\u00e3os amarradas, os olhos vendados e marcas de tiros. Pelo local e a forma com que o corpo foi encontrado n\u00e3o h\u00e1 d\u00favida que Bruno foi executado possivelmente por ser PM.<\/p>\n<\/div>\n<div class=\"wall protected-content\">\n<div class=\"mc-column content-text active-extra-styles \" data-block-type=\"unstyled\" data-block-weight=\"46\" data-block-id=\"3\">\n<p class=\"content-text__container \" data-track-category=\"Link no Texto\" data-track-links=\"\">O corpo foi encontrado por policiais em uma \u00e1rea de mangue, na regi\u00e3o conhecida como Ilha Bela, no bairro Vila Esperan\u00e7a. De acordo com as primeiras informa\u00e7\u00f5es da Pol\u00edcia Militar, o corpo estava enterrado em uma cova rasa, com as m\u00e3os amarradas e marcas de tiros.<\/p>\n<\/div>\n<div class=\"mc-column content-text active-extra-styles \" data-block-type=\"unstyled\" data-block-weight=\"53\" data-block-id=\"4\">\n<p class=\"content-text__container \" data-track-category=\"Link no Texto\" data-track-links=\"\">O corpo s\u00f3 foi achado depois de uma den\u00fancia an\u00f4nima. O acesso ao local s\u00f3 pode ser feito de barco. V\u00e1rias ossadas j\u00e1 foram encontradas no local.<\/p>\n<p data-track-category=\"Link no Texto\" data-track-links=\"\">O Policia Militar Bruno saiu de casa na ter\u00e7a-feira(12), para assistir a um jogo de futebol. Bruno morava em Praia Grande e trabalhava em S\u00e3o Bernardo do Campo.<\/p>\n<p data-track-category=\"Link no Texto\" data-track-links=\"\">Caso registrado na delegacia de Cubat\u00e3o.<\/p>\n<\/div>\n<p data-track-category=\"Link no Texto\" data-track-links=\"\"><strong>LEIA TAMB\u00c9M<\/strong><\/p>\n<p data-track-category=\"Link no Texto\" data-track-links=\"\"><a href=\"https:\/\/redenoticiaz.com.br\/litoralsp\/2021\/01\/16\/panelaco-pelo-pais-pede-saida-de-bolsonaro\">Panela\u00e7o pelo pais pede sa\u00edda de Bolsonaro<\/a><\/p>\n<\/div>\n","protected":false},"excerpt":{"rendered":"<p>O corpo do Policial Militar Bruno Gilbertoni, de 30 anos, que estava desaparecido foi encontrado em uma \u00e1rea enterrado em um cemit\u00e9rio clandestino, na Vila esperan\u00e7a, em Cubat\u00e3o. O local \u00e9 uma \u00e1rea de mangue usado para desovar corpos por uma fac\u00e7\u00e3o criminosa. Bruno estava enterrado em uma cova rasa, com as m\u00e3os amarradas, os &hellip;<\/p>\n","protected":false},"author":5,"featured_media":2870,"comment_status":"open","ping_status":"closed","sticky":false,"template":"","format":"standard","meta":{"footnotes":""},"categories":[186,10,182],"tags":[8947,8946,8945,8944,8943],"class_list":["post-2869","post","type-post","status-publish","format-standard","has-post-thumbnail","hentry","category-cubatao","category-policia","category-praia-grande","tag-cemiterio-clandestino-cubatao","tag-corpo-de-pm-em-cova-rasa","tag-pm-de-praia-grande-morto","tag-pm-executado-em-cubatao","tag-pm-executado-maos-amarradas"],"yoast_head":"<!-- This site is optimized with the Yoast SEO plugin v27.4 - https:\/\/yoast.com\/product\/yoast-seo-wordpress\/ -->\n<title>PM desaparecido foi executado e enterrado em cemit\u00e9rio clandestino - Litoral SP<\/title>\n<meta name=\"description\" content=\"estava desaparecido foi encontrado em uma \u00e1rea enterrado em um cemit\u00e9rio clandestino, na Vila esperan\u00e7a, em Cubat\u00e3o. O local \u00e9 uma \u00e1rea de mangue usado\" \/>\n<meta name=\"robots\" content=\"index, follow, max-snippet:-1, max-image-preview:large, max-video-preview:-1\" \/>\n<link rel=\"canonical\" href=\"https:\/\/redenoticiaz.com.br\/litoralsp\/2021\/01\/16\/pm-desaparecido-foi-executado-e-enterrado-em-cemiterio-clandestino\" \/>\n<meta property=\"og:locale\" content=\"pt_BR\" \/>\n<meta property=\"og:type\" content=\"article\" \/>\n<meta property=\"og:title\" content=\"PM desaparecido foi executado e enterrado em cemit\u00e9rio clandestino - Litoral SP\" \/>\n<meta property=\"og:description\" content=\"estava desaparecido foi encontrado em uma \u00e1rea enterrado em um cemit\u00e9rio clandestino, na Vila esperan\u00e7a, em Cubat\u00e3o. O local \u00e9 uma \u00e1rea de mangue usado\" \/>\n<meta property=\"og:url\" content=\"https:\/\/redenoticiaz.com.br\/litoralsp\/2021\/01\/16\/pm-desaparecido-foi-executado-e-enterrado-em-cemiterio-clandestino\" \/>\n<meta property=\"og:site_name\" content=\"Litoral SP\" \/>\n<meta property=\"article:published_time\" content=\"2021-01-16T19:56:17+00:00\" \/>\n<meta property=\"og:image\" content=\"https:\/\/redenoticiaz.com.br\/litoralsp\/wp-content\/uploads\/sites\/3\/2021\/01\/pm-executado.jpg\" \/>\n\t<meta property=\"og:image:width\" content=\"984\" \/>\n\t<meta property=\"og:image:height\" content=\"984\" \/>\n\t<meta property=\"og:image:type\" content=\"image\/jpeg\" \/>\n<meta name=\"author\" content=\"Patr\u00edcia Prado\" \/>\n<meta name=\"twitter:card\" content=\"summary_large_image\" \/>\n<meta name=\"twitter:label1\" content=\"Escrito por\" \/>\n\t<meta name=\"twitter:data1\" content=\"Patr\u00edcia Prado\" \/>\n\t<meta name=\"twitter:label2\" content=\"Est. tempo de leitura\" \/>\n\t<meta name=\"twitter:data2\" content=\"1 minuto\" \/>\n<script type=\"application\/ld+json\" class=\"yoast-schema-graph\">{\"@context\":\"https:\\\/\\\/schema.org\",\"@graph\":[{\"@type\":\"Article\",\"@id\":\"https:\\\/\\\/redenoticiaz.com.br\\\/litoralsp\\\/2021\\\/01\\\/16\\\/pm-desaparecido-foi-executado-e-enterrado-em-cemiterio-clandestino#article\",\"isPartOf\":{\"@id\":\"https:\\\/\\\/redenoticiaz.com.br\\\/litoralsp\\\/2021\\\/01\\\/16\\\/pm-desaparecido-foi-executado-e-enterrado-em-cemiterio-clandestino\"},\"author\":{\"name\":\"Patr\u00edcia Prado\",\"@id\":\"https:\\\/\\\/redenoticiaz.com.br\\\/litoralsp\\\/#\\\/schema\\\/person\\\/e1b0bd8c2637e2c1b6ddcbc2c33b116f\"},\"headline\":\"PM desaparecido foi executado e enterrado em cemit\u00e9rio clandestino\",\"datePublished\":\"2021-01-16T19:56:17+00:00\",\"mainEntityOfPage\":{\"@id\":\"https:\\\/\\\/redenoticiaz.com.br\\\/litoralsp\\\/2021\\\/01\\\/16\\\/pm-desaparecido-foi-executado-e-enterrado-em-cemiterio-clandestino\"},\"wordCount\":228,\"commentCount\":0,\"publisher\":{\"@id\":\"https:\\\/\\\/redenoticiaz.com.br\\\/litoralsp\\\/#organization\"},\"image\":{\"@id\":\"https:\\\/\\\/redenoticiaz.com.br\\\/litoralsp\\\/2021\\\/01\\\/16\\\/pm-desaparecido-foi-executado-e-enterrado-em-cemiterio-clandestino#primaryimage\"},\"thumbnailUrl\":\"https:\\\/\\\/redenoticiaz.com.br\\\/litoralsp\\\/wp-content\\\/uploads\\\/sites\\\/3\\\/2021\\\/01\\\/pm-executado.jpg\",\"keywords\":[\"CEMIT\u00c9RIO CLANDESTINO CUBAT\u00c3O\",\"CORPO DE PM EM COVA RASA\",\"PM DE PRAIA GRANDE MORTO\",\"PM EXECUTADO EM CUBAT\u00c3O\",\"PM EXECUTADO M\u00c3OS AMARRADAS\"],\"articleSection\":[\"Cubat\u00e3o\",\"Pol\u00edcia\",\"Praia Grande\"],\"inLanguage\":\"pt-BR\",\"potentialAction\":[{\"@type\":\"CommentAction\",\"name\":\"Comment\",\"target\":[\"https:\\\/\\\/redenoticiaz.com.br\\\/litoralsp\\\/2021\\\/01\\\/16\\\/pm-desaparecido-foi-executado-e-enterrado-em-cemiterio-clandestino#respond\"]}]},{\"@type\":\"WebPage\",\"@id\":\"https:\\\/\\\/redenoticiaz.com.br\\\/litoralsp\\\/2021\\\/01\\\/16\\\/pm-desaparecido-foi-executado-e-enterrado-em-cemiterio-clandestino\",\"url\":\"https:\\\/\\\/redenoticiaz.com.br\\\/litoralsp\\\/2021\\\/01\\\/16\\\/pm-desaparecido-foi-executado-e-enterrado-em-cemiterio-clandestino\",\"name\":\"PM desaparecido foi executado e enterrado em cemit\u00e9rio clandestino - Litoral SP\",\"isPartOf\":{\"@id\":\"https:\\\/\\\/redenoticiaz.com.br\\\/litoralsp\\\/#website\"},\"primaryImageOfPage\":{\"@id\":\"https:\\\/\\\/redenoticiaz.com.br\\\/litoralsp\\\/2021\\\/01\\\/16\\\/pm-desaparecido-foi-executado-e-enterrado-em-cemiterio-clandestino#primaryimage\"},\"image\":{\"@id\":\"https:\\\/\\\/redenoticiaz.com.br\\\/litoralsp\\\/2021\\\/01\\\/16\\\/pm-desaparecido-foi-executado-e-enterrado-em-cemiterio-clandestino#primaryimage\"},\"thumbnailUrl\":\"https:\\\/\\\/redenoticiaz.com.br\\\/litoralsp\\\/wp-content\\\/uploads\\\/sites\\\/3\\\/2021\\\/01\\\/pm-executado.jpg\",\"datePublished\":\"2021-01-16T19:56:17+00:00\",\"description\":\"estava desaparecido foi encontrado em uma \u00e1rea enterrado em um cemit\u00e9rio clandestino, na Vila esperan\u00e7a, em Cubat\u00e3o. O local \u00e9 uma \u00e1rea de mangue usado\",\"inLanguage\":\"pt-BR\",\"potentialAction\":[{\"@type\":\"ReadAction\",\"target\":[\"https:\\\/\\\/redenoticiaz.com.br\\\/litoralsp\\\/2021\\\/01\\\/16\\\/pm-desaparecido-foi-executado-e-enterrado-em-cemiterio-clandestino\"]}]},{\"@type\":\"ImageObject\",\"inLanguage\":\"pt-BR\",\"@id\":\"https:\\\/\\\/redenoticiaz.com.br\\\/litoralsp\\\/2021\\\/01\\\/16\\\/pm-desaparecido-foi-executado-e-enterrado-em-cemiterio-clandestino#primaryimage\",\"url\":\"https:\\\/\\\/redenoticiaz.com.br\\\/litoralsp\\\/wp-content\\\/uploads\\\/sites\\\/3\\\/2021\\\/01\\\/pm-executado.jpg\",\"contentUrl\":\"https:\\\/\\\/redenoticiaz.com.br\\\/litoralsp\\\/wp-content\\\/uploads\\\/sites\\\/3\\\/2021\\\/01\\\/pm-executado.jpg\",\"width\":984,\"height\":984,\"caption\":\"PM desaparecido foi executado e enterrado em cemit\u00e9rio clandestino\"},{\"@type\":\"WebSite\",\"@id\":\"https:\\\/\\\/redenoticiaz.com.br\\\/litoralsp\\\/#website\",\"url\":\"https:\\\/\\\/redenoticiaz.com.br\\\/litoralsp\\\/\",\"name\":\"Litoral SP\",\"description\":\"Rede NoticiaZ\",\"publisher\":{\"@id\":\"https:\\\/\\\/redenoticiaz.com.br\\\/litoralsp\\\/#organization\"},\"potentialAction\":[{\"@type\":\"SearchAction\",\"target\":{\"@type\":\"EntryPoint\",\"urlTemplate\":\"https:\\\/\\\/redenoticiaz.com.br\\\/litoralsp\\\/?s={search_term_string}\"},\"query-input\":{\"@type\":\"PropertyValueSpecification\",\"valueRequired\":true,\"valueName\":\"search_term_string\"}}],\"inLanguage\":\"pt-BR\"},{\"@type\":\"Organization\",\"@id\":\"https:\\\/\\\/redenoticiaz.com.br\\\/litoralsp\\\/#organization\",\"name\":\"Litoral SP\",\"url\":\"https:\\\/\\\/redenoticiaz.com.br\\\/litoralsp\\\/\",\"logo\":{\"@type\":\"ImageObject\",\"inLanguage\":\"pt-BR\",\"@id\":\"https:\\\/\\\/redenoticiaz.com.br\\\/litoralsp\\\/#\\\/schema\\\/logo\\\/image\\\/\",\"url\":\"https:\\\/\\\/redenoticiaz.com.br\\\/litoralsp\\\/wp-content\\\/uploads\\\/sites\\\/3\\\/2020\\\/11\\\/logo.jpg\",\"contentUrl\":\"https:\\\/\\\/redenoticiaz.com.br\\\/litoralsp\\\/wp-content\\\/uploads\\\/sites\\\/3\\\/2020\\\/11\\\/logo.jpg\",\"width\":400,\"height\":250,\"caption\":\"Litoral SP\"},\"image\":{\"@id\":\"https:\\\/\\\/redenoticiaz.com.br\\\/litoralsp\\\/#\\\/schema\\\/logo\\\/image\\\/\"}},{\"@type\":\"Person\",\"@id\":\"https:\\\/\\\/redenoticiaz.com.br\\\/litoralsp\\\/#\\\/schema\\\/person\\\/e1b0bd8c2637e2c1b6ddcbc2c33b116f\",\"name\":\"Patr\u00edcia Prado\",\"image\":{\"@type\":\"ImageObject\",\"inLanguage\":\"pt-BR\",\"@id\":\"https:\\\/\\\/secure.gravatar.com\\\/avatar\\\/92e358bef22cfcec15e054ae4d9fee04dadf0c772dc4a17b382b8a34a15354c2?s=96&d=mm&r=g\",\"url\":\"https:\\\/\\\/secure.gravatar.com\\\/avatar\\\/92e358bef22cfcec15e054ae4d9fee04dadf0c772dc4a17b382b8a34a15354c2?s=96&d=mm&r=g\",\"contentUrl\":\"https:\\\/\\\/secure.gravatar.com\\\/avatar\\\/92e358bef22cfcec15e054ae4d9fee04dadf0c772dc4a17b382b8a34a15354c2?s=96&d=mm&r=g\",\"caption\":\"Patr\u00edcia Prado\"},\"url\":\"https:\\\/\\\/redenoticiaz.com.br\\\/litoralsp\\\/author\\\/patricia-prado\"}]}<\/script>\n<!-- \/ Yoast SEO plugin. -->","yoast_head_json":{"title":"PM desaparecido foi executado e enterrado em cemit\u00e9rio clandestino - Litoral SP","description":"estava desaparecido foi encontrado em uma \u00e1rea enterrado em um cemit\u00e9rio clandestino, na Vila esperan\u00e7a, em Cubat\u00e3o. O local \u00e9 uma \u00e1rea de mangue usado","robots":{"index":"index","follow":"follow","max-snippet":"max-snippet:-1","max-image-preview":"max-image-preview:large","max-video-preview":"max-video-preview:-1"},"canonical":"https:\/\/redenoticiaz.com.br\/litoralsp\/2021\/01\/16\/pm-desaparecido-foi-executado-e-enterrado-em-cemiterio-clandestino","og_locale":"pt_BR","og_type":"article","og_title":"PM desaparecido foi executado e enterrado em cemit\u00e9rio clandestino - Litoral SP","og_description":"estava desaparecido foi encontrado em uma \u00e1rea enterrado em um cemit\u00e9rio clandestino, na Vila esperan\u00e7a, em Cubat\u00e3o. O local \u00e9 uma \u00e1rea de mangue usado","og_url":"https:\/\/redenoticiaz.com.br\/litoralsp\/2021\/01\/16\/pm-desaparecido-foi-executado-e-enterrado-em-cemiterio-clandestino","og_site_name":"Litoral SP","article_published_time":"2021-01-16T19:56:17+00:00","og_image":[{"width":984,"height":984,"url":"https:\/\/redenoticiaz.com.br\/litoralsp\/wp-content\/uploads\/sites\/3\/2021\/01\/pm-executado.jpg","type":"image\/jpeg"}],"author":"Patr\u00edcia Prado","twitter_card":"summary_large_image","twitter_misc":{"Escrito por":"Patr\u00edcia Prado","Est. tempo de leitura":"1 minuto"},"schema":{"@context":"https:\/\/schema.org","@graph":[{"@type":"Article","@id":"https:\/\/redenoticiaz.com.br\/litoralsp\/2021\/01\/16\/pm-desaparecido-foi-executado-e-enterrado-em-cemiterio-clandestino#article","isPartOf":{"@id":"https:\/\/redenoticiaz.com.br\/litoralsp\/2021\/01\/16\/pm-desaparecido-foi-executado-e-enterrado-em-cemiterio-clandestino"},"author":{"name":"Patr\u00edcia Prado","@id":"https:\/\/redenoticiaz.com.br\/litoralsp\/#\/schema\/person\/e1b0bd8c2637e2c1b6ddcbc2c33b116f"},"headline":"PM desaparecido foi executado e enterrado em cemit\u00e9rio clandestino","datePublished":"2021-01-16T19:56:17+00:00","mainEntityOfPage":{"@id":"https:\/\/redenoticiaz.com.br\/litoralsp\/2021\/01\/16\/pm-desaparecido-foi-executado-e-enterrado-em-cemiterio-clandestino"},"wordCount":228,"commentCount":0,"publisher":{"@id":"https:\/\/redenoticiaz.com.br\/litoralsp\/#organization"},"image":{"@id":"https:\/\/redenoticiaz.com.br\/litoralsp\/2021\/01\/16\/pm-desaparecido-foi-executado-e-enterrado-em-cemiterio-clandestino#primaryimage"},"thumbnailUrl":"https:\/\/redenoticiaz.com.br\/litoralsp\/wp-content\/uploads\/sites\/3\/2021\/01\/pm-executado.jpg","keywords":["CEMIT\u00c9RIO CLANDESTINO CUBAT\u00c3O","CORPO DE PM EM COVA RASA","PM DE PRAIA GRANDE MORTO","PM EXECUTADO EM CUBAT\u00c3O","PM EXECUTADO M\u00c3OS AMARRADAS"],"articleSection":["Cubat\u00e3o","Pol\u00edcia","Praia Grande"],"inLanguage":"pt-BR","potentialAction":[{"@type":"CommentAction","name":"Comment","target":["https:\/\/redenoticiaz.com.br\/litoralsp\/2021\/01\/16\/pm-desaparecido-foi-executado-e-enterrado-em-cemiterio-clandestino#respond"]}]},{"@type":"WebPage","@id":"https:\/\/redenoticiaz.com.br\/litoralsp\/2021\/01\/16\/pm-desaparecido-foi-executado-e-enterrado-em-cemiterio-clandestino","url":"https:\/\/redenoticiaz.com.br\/litoralsp\/2021\/01\/16\/pm-desaparecido-foi-executado-e-enterrado-em-cemiterio-clandestino","name":"PM desaparecido foi executado e enterrado em cemit\u00e9rio clandestino - Litoral SP","isPartOf":{"@id":"https:\/\/redenoticiaz.com.br\/litoralsp\/#website"},"primaryImageOfPage":{"@id":"https:\/\/redenoticiaz.com.br\/litoralsp\/2021\/01\/16\/pm-desaparecido-foi-executado-e-enterrado-em-cemiterio-clandestino#primaryimage"},"image":{"@id":"https:\/\/redenoticiaz.com.br\/litoralsp\/2021\/01\/16\/pm-desaparecido-foi-executado-e-enterrado-em-cemiterio-clandestino#primaryimage"},"thumbnailUrl":"https:\/\/redenoticiaz.com.br\/litoralsp\/wp-content\/uploads\/sites\/3\/2021\/01\/pm-executado.jpg","datePublished":"2021-01-16T19:56:17+00:00","description":"estava desaparecido foi encontrado em uma \u00e1rea enterrado em um cemit\u00e9rio clandestino, na Vila esperan\u00e7a, em Cubat\u00e3o. O local \u00e9 uma \u00e1rea de mangue usado","inLanguage":"pt-BR","potentialAction":[{"@type":"ReadAction","target":["https:\/\/redenoticiaz.com.br\/litoralsp\/2021\/01\/16\/pm-desaparecido-foi-executado-e-enterrado-em-cemiterio-clandestino"]}]},{"@type":"ImageObject","inLanguage":"pt-BR","@id":"https:\/\/redenoticiaz.com.br\/litoralsp\/2021\/01\/16\/pm-desaparecido-foi-executado-e-enterrado-em-cemiterio-clandestino#primaryimage","url":"https:\/\/redenoticiaz.com.br\/litoralsp\/wp-content\/uploads\/sites\/3\/2021\/01\/pm-executado.jpg","contentUrl":"https:\/\/redenoticiaz.com.br\/litoralsp\/wp-content\/uploads\/sites\/3\/2021\/01\/pm-executado.jpg","width":984,"height":984,"caption":"PM desaparecido foi executado e enterrado em cemit\u00e9rio clandestino"},{"@type":"WebSite","@id":"https:\/\/redenoticiaz.com.br\/litoralsp\/#website","url":"https:\/\/redenoticiaz.com.br\/litoralsp\/","name":"Litoral SP","description":"Rede NoticiaZ","publisher":{"@id":"https:\/\/redenoticiaz.com.br\/litoralsp\/#organization"},"potentialAction":[{"@type":"SearchAction","target":{"@type":"EntryPoint","urlTemplate":"https:\/\/redenoticiaz.com.br\/litoralsp\/?s={search_term_string}"},"query-input":{"@type":"PropertyValueSpecification","valueRequired":true,"valueName":"search_term_string"}}],"inLanguage":"pt-BR"},{"@type":"Organization","@id":"https:\/\/redenoticiaz.com.br\/litoralsp\/#organization","name":"Litoral SP","url":"https:\/\/redenoticiaz.com.br\/litoralsp\/","logo":{"@type":"ImageObject","inLanguage":"pt-BR","@id":"https:\/\/redenoticiaz.com.br\/litoralsp\/#\/schema\/logo\/image\/","url":"https:\/\/redenoticiaz.com.br\/litoralsp\/wp-content\/uploads\/sites\/3\/2020\/11\/logo.jpg","contentUrl":"https:\/\/redenoticiaz.com.br\/litoralsp\/wp-content\/uploads\/sites\/3\/2020\/11\/logo.jpg","width":400,"height":250,"caption":"Litoral SP"},"image":{"@id":"https:\/\/redenoticiaz.com.br\/litoralsp\/#\/schema\/logo\/image\/"}},{"@type":"Person","@id":"https:\/\/redenoticiaz.com.br\/litoralsp\/#\/schema\/person\/e1b0bd8c2637e2c1b6ddcbc2c33b116f","name":"Patr\u00edcia Prado","image":{"@type":"ImageObject","inLanguage":"pt-BR","@id":"https:\/\/secure.gravatar.com\/avatar\/92e358bef22cfcec15e054ae4d9fee04dadf0c772dc4a17b382b8a34a15354c2?s=96&d=mm&r=g","url":"https:\/\/secure.gravatar.com\/avatar\/92e358bef22cfcec15e054ae4d9fee04dadf0c772dc4a17b382b8a34a15354c2?s=96&d=mm&r=g","contentUrl":"https:\/\/secure.gravatar.com\/avatar\/92e358bef22cfcec15e054ae4d9fee04dadf0c772dc4a17b382b8a34a15354c2?s=96&d=mm&r=g","caption":"Patr\u00edcia Prado"},"url":"https:\/\/redenoticiaz.com.br\/litoralsp\/author\/patricia-prado"}]}},"_links":{"self":[{"href":"https:\/\/redenoticiaz.com.br\/litoralsp\/wp-json\/wp\/v2\/posts\/2869","targetHints":{"allow":["GET"]}}],"collection":[{"href":"https:\/\/redenoticiaz.com.br\/litoralsp\/wp-json\/wp\/v2\/posts"}],"about":[{"href":"https:\/\/redenoticiaz.com.br\/litoralsp\/wp-json\/wp\/v2\/types\/post"}],"author":[{"embeddable":true,"href":"https:\/\/redenoticiaz.com.br\/litoralsp\/wp-json\/wp\/v2\/users\/5"}],"replies":[{"embeddable":true,"href":"https:\/\/redenoticiaz.com.br\/litoralsp\/wp-json\/wp\/v2\/comments?post=2869"}],"version-history":[{"count":1,"href":"https:\/\/redenoticiaz.com.br\/litoralsp\/wp-json\/wp\/v2\/posts\/2869\/revisions"}],"predecessor-version":[{"id":2871,"href":"https:\/\/redenoticiaz.com.br\/litoralsp\/wp-json\/wp\/v2\/posts\/2869\/revisions\/2871"}],"wp:featuredmedia":[{"embeddable":true,"href":"https:\/\/redenoticiaz.com.br\/litoralsp\/wp-json\/wp\/v2\/media\/2870"}],"wp:attachment":[{"href":"https:\/\/redenoticiaz.com.br\/litoralsp\/wp-json\/wp\/v2\/media?parent=2869"}],"wp:term":[{"taxonomy":"category","embeddable":true,"href":"https:\/\/redenoticiaz.com.br\/litoralsp\/wp-json\/wp\/v2\/categories?post=2869"},{"taxonomy":"post_tag","embeddable":true,"href":"https:\/\/redenoticiaz.com.br\/litoralsp\/wp-json\/wp\/v2\/tags?post=2869"}],"curies":[{"name":"wp","href":"https:\/\/api.w.org\/{rel}","templated":true}]}}