{"id":2872,"date":"2021-01-16T18:36:45","date_gmt":"2021-01-16T21:36:45","guid":{"rendered":"https:\/\/redenoticiaz.com.br\/litoralsp\/2021\/01\/16\/anvisa-recebe-pedido-para-uso-emergencial-da-sputnik-v"},"modified":"2021-01-16T18:40:27","modified_gmt":"2021-01-16T21:40:27","slug":"anvisa-recebe-pedido-para-uso-emergencial-da-sputnik-v","status":"publish","type":"post","link":"https:\/\/redenoticiaz.com.br\/litoralsp\/2021\/01\/16\/anvisa-recebe-pedido-para-uso-emergencial-da-sputnik-v","title":{"rendered":"Anvisa recebe pedido para uso emergencial da Sputnik V"},"content":{"rendered":"<p>A empresa Uni\u00e3o Qu\u00edmica informou hoje (16) que protocolou na Ag\u00eancia Nacional de Vigil\u00e2ncia Sanit\u00e1ria (Anvisa) um pedido. O documento pede uso emergencial no Brasil da <a href=\"https:\/\/pt.wikipedia.org\/wiki\/Gam-COVID-Vac\">vacina Sputnik V,<\/a> contra a covid-19.<img decoding=\"async\" src=\"https:\/\/agenciabrasil.ebc.com.br\/ebc.png?id=1398820&amp;o=node\" \/><img decoding=\"async\" src=\"https:\/\/agenciabrasil.ebc.com.br\/ebc.gif?id=1398820&amp;o=node\" \/><\/p>\n<p>O pedido, feito em conjunto com o Fundo de Investimentos Diretos da R\u00fassia (RDIF). Sendo assim, o Fundo prev\u00ea a disponibiliza\u00e7\u00e3o de dez milh\u00f5es de doses do imunizante neste primeiro trimestre do ano.<\/p>\n<p>&#8220;A Sputnik V (&#8230;) ser\u00e1 produzida em nossas f\u00e1bricas de Bras\u00edlia e de Guarulhos, atrav\u00e9s de acordo de transfer\u00eancia de tecnologia firmado entre a companhia e o RDIF&#8221;, afirmou a Uni\u00e3o Qu\u00edmica, em comunicado.<\/p>\n<p>Neste domingo, a diretoria da Anvisa tem reuni\u00e3o para decidir sobre pedidos de aval para uso emergencial das vacinas contra covid-19 do Instituto Butantan e da Fiocruz. Sendo assim, respectivamente a CoronaVac e a AstraZeneca-Oxford.(agenciabrasil)<\/p>\n<p><strong>LEIA TAMB\u00c9M<\/strong><\/p>\n<p><a href=\"https:\/\/redenoticiaz.com.br\/blog\/2021\/01\/16\/video-motorista-sequestrado-que-teve-a-carreta-roubada-conta-que-sofreu-tortura-psicologica\">V\u00cdDEO \u2013 Motorista sequestrado que teve a carreta roubada conta que sofreu tortura psicol\u00f3gica<\/a><\/p>\n","protected":false},"excerpt":{"rendered":"<p>A empresa Uni\u00e3o Qu\u00edmica informou hoje (16) que protocolou na Ag\u00eancia Nacional de Vigil\u00e2ncia Sanit\u00e1ria (Anvisa) um pedido. O documento pede uso emergencial no Brasil da vacina Sputnik V, contra a covid-19. O pedido, feito em conjunto com o Fundo de Investimentos Diretos da R\u00fassia (RDIF). Sendo assim, o Fundo prev\u00ea a disponibiliza\u00e7\u00e3o de dez &hellip;<\/p>\n","protected":false},"author":5,"featured_media":2873,"comment_status":"open","ping_status":"closed","sticky":false,"template":"","format":"standard","meta":{"footnotes":""},"categories":[23],"tags":[8948,4107,87],"class_list":["post-2872","post","type-post","status-publish","format-standard","has-post-thumbnail","hentry","category-saude","tag-sputnik-uso-emergencial","tag-sputnik-v","tag-vacina"],"yoast_head":"<!-- This site is optimized with the Yoast SEO plugin v27.4 - https:\/\/yoast.com\/product\/yoast-seo-wordpress\/ -->\n<title>Anvisa recebe pedido para uso emergencial da Sputnik V - Litoral SP<\/title>\n<meta name=\"description\" content=\"A empresa protocolou na Ag\u00eancia Nacional de Vigil\u00e2ncia Sanit\u00e1ria (Anvisa) um pedido. O documento pede uso emergencial no Brasil da vacina Sputnik V,\" \/>\n<meta name=\"robots\" content=\"index, follow, max-snippet:-1, max-image-preview:large, max-video-preview:-1\" \/>\n<link rel=\"canonical\" href=\"https:\/\/redenoticiaz.com.br\/litoralsp\/2021\/01\/16\/anvisa-recebe-pedido-para-uso-emergencial-da-sputnik-v\" \/>\n<meta property=\"og:locale\" content=\"pt_BR\" \/>\n<meta property=\"og:type\" content=\"article\" \/>\n<meta property=\"og:title\" content=\"Anvisa recebe pedido para uso emergencial da Sputnik V - Litoral SP\" \/>\n<meta property=\"og:description\" content=\"A empresa protocolou na Ag\u00eancia Nacional de Vigil\u00e2ncia Sanit\u00e1ria (Anvisa) um pedido. O documento pede uso emergencial no Brasil da vacina Sputnik V,\" \/>\n<meta property=\"og:url\" content=\"https:\/\/redenoticiaz.com.br\/litoralsp\/2021\/01\/16\/anvisa-recebe-pedido-para-uso-emergencial-da-sputnik-v\" \/>\n<meta property=\"og:site_name\" content=\"Litoral SP\" \/>\n<meta property=\"article:published_time\" content=\"2021-01-16T21:36:45+00:00\" \/>\n<meta property=\"article:modified_time\" content=\"2021-01-16T21:40:27+00:00\" \/>\n<meta property=\"og:image\" content=\"https:\/\/redenoticiaz.com.br\/litoralsp\/wp-content\/uploads\/sites\/3\/2021\/01\/sputnik.jpg\" \/>\n\t<meta property=\"og:image:width\" content=\"600\" \/>\n\t<meta property=\"og:image:height\" content=\"400\" \/>\n\t<meta property=\"og:image:type\" content=\"image\/jpeg\" \/>\n<meta name=\"author\" content=\"Patr\u00edcia Prado\" \/>\n<meta name=\"twitter:card\" content=\"summary_large_image\" \/>\n<meta name=\"twitter:label1\" content=\"Escrito por\" \/>\n\t<meta name=\"twitter:data1\" content=\"Patr\u00edcia Prado\" \/>\n\t<meta name=\"twitter:label2\" content=\"Est. tempo de leitura\" \/>\n\t<meta name=\"twitter:data2\" content=\"1 minuto\" \/>\n<script type=\"application\/ld+json\" class=\"yoast-schema-graph\">{\"@context\":\"https:\\\/\\\/schema.org\",\"@graph\":[{\"@type\":\"Article\",\"@id\":\"https:\\\/\\\/redenoticiaz.com.br\\\/litoralsp\\\/2021\\\/01\\\/16\\\/anvisa-recebe-pedido-para-uso-emergencial-da-sputnik-v#article\",\"isPartOf\":{\"@id\":\"https:\\\/\\\/redenoticiaz.com.br\\\/litoralsp\\\/2021\\\/01\\\/16\\\/anvisa-recebe-pedido-para-uso-emergencial-da-sputnik-v\"},\"author\":{\"name\":\"Patr\u00edcia Prado\",\"@id\":\"https:\\\/\\\/redenoticiaz.com.br\\\/litoralsp\\\/#\\\/schema\\\/person\\\/e1b0bd8c2637e2c1b6ddcbc2c33b116f\"},\"headline\":\"Anvisa recebe pedido para uso emergencial da Sputnik V\",\"datePublished\":\"2021-01-16T21:36:45+00:00\",\"dateModified\":\"2021-01-16T21:40:27+00:00\",\"mainEntityOfPage\":{\"@id\":\"https:\\\/\\\/redenoticiaz.com.br\\\/litoralsp\\\/2021\\\/01\\\/16\\\/anvisa-recebe-pedido-para-uso-emergencial-da-sputnik-v\"},\"wordCount\":175,\"commentCount\":0,\"publisher\":{\"@id\":\"https:\\\/\\\/redenoticiaz.com.br\\\/litoralsp\\\/#organization\"},\"image\":{\"@id\":\"https:\\\/\\\/redenoticiaz.com.br\\\/litoralsp\\\/2021\\\/01\\\/16\\\/anvisa-recebe-pedido-para-uso-emergencial-da-sputnik-v#primaryimage\"},\"thumbnailUrl\":\"https:\\\/\\\/redenoticiaz.com.br\\\/litoralsp\\\/wp-content\\\/uploads\\\/sites\\\/3\\\/2021\\\/01\\\/sputnik.jpg\",\"keywords\":[\"SPUTNIK USO EMERGENCIAL\",\"SPUTNIK V\",\"vacina\"],\"articleSection\":[\"Sa\u00fade\"],\"inLanguage\":\"pt-BR\",\"potentialAction\":[{\"@type\":\"CommentAction\",\"name\":\"Comment\",\"target\":[\"https:\\\/\\\/redenoticiaz.com.br\\\/litoralsp\\\/2021\\\/01\\\/16\\\/anvisa-recebe-pedido-para-uso-emergencial-da-sputnik-v#respond\"]}]},{\"@type\":\"WebPage\",\"@id\":\"https:\\\/\\\/redenoticiaz.com.br\\\/litoralsp\\\/2021\\\/01\\\/16\\\/anvisa-recebe-pedido-para-uso-emergencial-da-sputnik-v\",\"url\":\"https:\\\/\\\/redenoticiaz.com.br\\\/litoralsp\\\/2021\\\/01\\\/16\\\/anvisa-recebe-pedido-para-uso-emergencial-da-sputnik-v\",\"name\":\"Anvisa recebe pedido para uso emergencial da Sputnik V - Litoral SP\",\"isPartOf\":{\"@id\":\"https:\\\/\\\/redenoticiaz.com.br\\\/litoralsp\\\/#website\"},\"primaryImageOfPage\":{\"@id\":\"https:\\\/\\\/redenoticiaz.com.br\\\/litoralsp\\\/2021\\\/01\\\/16\\\/anvisa-recebe-pedido-para-uso-emergencial-da-sputnik-v#primaryimage\"},\"image\":{\"@id\":\"https:\\\/\\\/redenoticiaz.com.br\\\/litoralsp\\\/2021\\\/01\\\/16\\\/anvisa-recebe-pedido-para-uso-emergencial-da-sputnik-v#primaryimage\"},\"thumbnailUrl\":\"https:\\\/\\\/redenoticiaz.com.br\\\/litoralsp\\\/wp-content\\\/uploads\\\/sites\\\/3\\\/2021\\\/01\\\/sputnik.jpg\",\"datePublished\":\"2021-01-16T21:36:45+00:00\",\"dateModified\":\"2021-01-16T21:40:27+00:00\",\"description\":\"A empresa protocolou na Ag\u00eancia Nacional de Vigil\u00e2ncia Sanit\u00e1ria (Anvisa) um pedido. O documento pede uso emergencial no Brasil da vacina Sputnik V,\",\"inLanguage\":\"pt-BR\",\"potentialAction\":[{\"@type\":\"ReadAction\",\"target\":[\"https:\\\/\\\/redenoticiaz.com.br\\\/litoralsp\\\/2021\\\/01\\\/16\\\/anvisa-recebe-pedido-para-uso-emergencial-da-sputnik-v\"]}]},{\"@type\":\"ImageObject\",\"inLanguage\":\"pt-BR\",\"@id\":\"https:\\\/\\\/redenoticiaz.com.br\\\/litoralsp\\\/2021\\\/01\\\/16\\\/anvisa-recebe-pedido-para-uso-emergencial-da-sputnik-v#primaryimage\",\"url\":\"https:\\\/\\\/redenoticiaz.com.br\\\/litoralsp\\\/wp-content\\\/uploads\\\/sites\\\/3\\\/2021\\\/01\\\/sputnik.jpg\",\"contentUrl\":\"https:\\\/\\\/redenoticiaz.com.br\\\/litoralsp\\\/wp-content\\\/uploads\\\/sites\\\/3\\\/2021\\\/01\\\/sputnik.jpg\",\"width\":600,\"height\":400,\"caption\":\"Sputnik V - Anvisa suspende an\u00e1lise por falta de documentos\"},{\"@type\":\"WebSite\",\"@id\":\"https:\\\/\\\/redenoticiaz.com.br\\\/litoralsp\\\/#website\",\"url\":\"https:\\\/\\\/redenoticiaz.com.br\\\/litoralsp\\\/\",\"name\":\"Litoral SP\",\"description\":\"Rede NoticiaZ\",\"publisher\":{\"@id\":\"https:\\\/\\\/redenoticiaz.com.br\\\/litoralsp\\\/#organization\"},\"potentialAction\":[{\"@type\":\"SearchAction\",\"target\":{\"@type\":\"EntryPoint\",\"urlTemplate\":\"https:\\\/\\\/redenoticiaz.com.br\\\/litoralsp\\\/?s={search_term_string}\"},\"query-input\":{\"@type\":\"PropertyValueSpecification\",\"valueRequired\":true,\"valueName\":\"search_term_string\"}}],\"inLanguage\":\"pt-BR\"},{\"@type\":\"Organization\",\"@id\":\"https:\\\/\\\/redenoticiaz.com.br\\\/litoralsp\\\/#organization\",\"name\":\"Litoral SP\",\"url\":\"https:\\\/\\\/redenoticiaz.com.br\\\/litoralsp\\\/\",\"logo\":{\"@type\":\"ImageObject\",\"inLanguage\":\"pt-BR\",\"@id\":\"https:\\\/\\\/redenoticiaz.com.br\\\/litoralsp\\\/#\\\/schema\\\/logo\\\/image\\\/\",\"url\":\"https:\\\/\\\/redenoticiaz.com.br\\\/litoralsp\\\/wp-content\\\/uploads\\\/sites\\\/3\\\/2020\\\/11\\\/logo.jpg\",\"contentUrl\":\"https:\\\/\\\/redenoticiaz.com.br\\\/litoralsp\\\/wp-content\\\/uploads\\\/sites\\\/3\\\/2020\\\/11\\\/logo.jpg\",\"width\":400,\"height\":250,\"caption\":\"Litoral SP\"},\"image\":{\"@id\":\"https:\\\/\\\/redenoticiaz.com.br\\\/litoralsp\\\/#\\\/schema\\\/logo\\\/image\\\/\"}},{\"@type\":\"Person\",\"@id\":\"https:\\\/\\\/redenoticiaz.com.br\\\/litoralsp\\\/#\\\/schema\\\/person\\\/e1b0bd8c2637e2c1b6ddcbc2c33b116f\",\"name\":\"Patr\u00edcia Prado\",\"image\":{\"@type\":\"ImageObject\",\"inLanguage\":\"pt-BR\",\"@id\":\"https:\\\/\\\/secure.gravatar.com\\\/avatar\\\/92e358bef22cfcec15e054ae4d9fee04dadf0c772dc4a17b382b8a34a15354c2?s=96&d=mm&r=g\",\"url\":\"https:\\\/\\\/secure.gravatar.com\\\/avatar\\\/92e358bef22cfcec15e054ae4d9fee04dadf0c772dc4a17b382b8a34a15354c2?s=96&d=mm&r=g\",\"contentUrl\":\"https:\\\/\\\/secure.gravatar.com\\\/avatar\\\/92e358bef22cfcec15e054ae4d9fee04dadf0c772dc4a17b382b8a34a15354c2?s=96&d=mm&r=g\",\"caption\":\"Patr\u00edcia Prado\"},\"url\":\"https:\\\/\\\/redenoticiaz.com.br\\\/litoralsp\\\/author\\\/patricia-prado\"}]}<\/script>\n<!-- \/ Yoast SEO plugin. -->","yoast_head_json":{"title":"Anvisa recebe pedido para uso emergencial da Sputnik V - Litoral SP","description":"A empresa protocolou na Ag\u00eancia Nacional de Vigil\u00e2ncia Sanit\u00e1ria (Anvisa) um pedido. O documento pede uso emergencial no Brasil da vacina Sputnik V,","robots":{"index":"index","follow":"follow","max-snippet":"max-snippet:-1","max-image-preview":"max-image-preview:large","max-video-preview":"max-video-preview:-1"},"canonical":"https:\/\/redenoticiaz.com.br\/litoralsp\/2021\/01\/16\/anvisa-recebe-pedido-para-uso-emergencial-da-sputnik-v","og_locale":"pt_BR","og_type":"article","og_title":"Anvisa recebe pedido para uso emergencial da Sputnik V - Litoral SP","og_description":"A empresa protocolou na Ag\u00eancia Nacional de Vigil\u00e2ncia Sanit\u00e1ria (Anvisa) um pedido. O documento pede uso emergencial no Brasil da vacina Sputnik V,","og_url":"https:\/\/redenoticiaz.com.br\/litoralsp\/2021\/01\/16\/anvisa-recebe-pedido-para-uso-emergencial-da-sputnik-v","og_site_name":"Litoral SP","article_published_time":"2021-01-16T21:36:45+00:00","article_modified_time":"2021-01-16T21:40:27+00:00","og_image":[{"width":600,"height":400,"url":"https:\/\/redenoticiaz.com.br\/litoralsp\/wp-content\/uploads\/sites\/3\/2021\/01\/sputnik.jpg","type":"image\/jpeg"}],"author":"Patr\u00edcia Prado","twitter_card":"summary_large_image","twitter_misc":{"Escrito por":"Patr\u00edcia Prado","Est. tempo de leitura":"1 minuto"},"schema":{"@context":"https:\/\/schema.org","@graph":[{"@type":"Article","@id":"https:\/\/redenoticiaz.com.br\/litoralsp\/2021\/01\/16\/anvisa-recebe-pedido-para-uso-emergencial-da-sputnik-v#article","isPartOf":{"@id":"https:\/\/redenoticiaz.com.br\/litoralsp\/2021\/01\/16\/anvisa-recebe-pedido-para-uso-emergencial-da-sputnik-v"},"author":{"name":"Patr\u00edcia Prado","@id":"https:\/\/redenoticiaz.com.br\/litoralsp\/#\/schema\/person\/e1b0bd8c2637e2c1b6ddcbc2c33b116f"},"headline":"Anvisa recebe pedido para uso emergencial da Sputnik V","datePublished":"2021-01-16T21:36:45+00:00","dateModified":"2021-01-16T21:40:27+00:00","mainEntityOfPage":{"@id":"https:\/\/redenoticiaz.com.br\/litoralsp\/2021\/01\/16\/anvisa-recebe-pedido-para-uso-emergencial-da-sputnik-v"},"wordCount":175,"commentCount":0,"publisher":{"@id":"https:\/\/redenoticiaz.com.br\/litoralsp\/#organization"},"image":{"@id":"https:\/\/redenoticiaz.com.br\/litoralsp\/2021\/01\/16\/anvisa-recebe-pedido-para-uso-emergencial-da-sputnik-v#primaryimage"},"thumbnailUrl":"https:\/\/redenoticiaz.com.br\/litoralsp\/wp-content\/uploads\/sites\/3\/2021\/01\/sputnik.jpg","keywords":["SPUTNIK USO EMERGENCIAL","SPUTNIK V","vacina"],"articleSection":["Sa\u00fade"],"inLanguage":"pt-BR","potentialAction":[{"@type":"CommentAction","name":"Comment","target":["https:\/\/redenoticiaz.com.br\/litoralsp\/2021\/01\/16\/anvisa-recebe-pedido-para-uso-emergencial-da-sputnik-v#respond"]}]},{"@type":"WebPage","@id":"https:\/\/redenoticiaz.com.br\/litoralsp\/2021\/01\/16\/anvisa-recebe-pedido-para-uso-emergencial-da-sputnik-v","url":"https:\/\/redenoticiaz.com.br\/litoralsp\/2021\/01\/16\/anvisa-recebe-pedido-para-uso-emergencial-da-sputnik-v","name":"Anvisa recebe pedido para uso emergencial da Sputnik V - Litoral SP","isPartOf":{"@id":"https:\/\/redenoticiaz.com.br\/litoralsp\/#website"},"primaryImageOfPage":{"@id":"https:\/\/redenoticiaz.com.br\/litoralsp\/2021\/01\/16\/anvisa-recebe-pedido-para-uso-emergencial-da-sputnik-v#primaryimage"},"image":{"@id":"https:\/\/redenoticiaz.com.br\/litoralsp\/2021\/01\/16\/anvisa-recebe-pedido-para-uso-emergencial-da-sputnik-v#primaryimage"},"thumbnailUrl":"https:\/\/redenoticiaz.com.br\/litoralsp\/wp-content\/uploads\/sites\/3\/2021\/01\/sputnik.jpg","datePublished":"2021-01-16T21:36:45+00:00","dateModified":"2021-01-16T21:40:27+00:00","description":"A empresa protocolou na Ag\u00eancia Nacional de Vigil\u00e2ncia Sanit\u00e1ria (Anvisa) um pedido. O documento pede uso emergencial no Brasil da vacina Sputnik V,","inLanguage":"pt-BR","potentialAction":[{"@type":"ReadAction","target":["https:\/\/redenoticiaz.com.br\/litoralsp\/2021\/01\/16\/anvisa-recebe-pedido-para-uso-emergencial-da-sputnik-v"]}]},{"@type":"ImageObject","inLanguage":"pt-BR","@id":"https:\/\/redenoticiaz.com.br\/litoralsp\/2021\/01\/16\/anvisa-recebe-pedido-para-uso-emergencial-da-sputnik-v#primaryimage","url":"https:\/\/redenoticiaz.com.br\/litoralsp\/wp-content\/uploads\/sites\/3\/2021\/01\/sputnik.jpg","contentUrl":"https:\/\/redenoticiaz.com.br\/litoralsp\/wp-content\/uploads\/sites\/3\/2021\/01\/sputnik.jpg","width":600,"height":400,"caption":"Sputnik V - Anvisa suspende an\u00e1lise por falta de documentos"},{"@type":"WebSite","@id":"https:\/\/redenoticiaz.com.br\/litoralsp\/#website","url":"https:\/\/redenoticiaz.com.br\/litoralsp\/","name":"Litoral SP","description":"Rede NoticiaZ","publisher":{"@id":"https:\/\/redenoticiaz.com.br\/litoralsp\/#organization"},"potentialAction":[{"@type":"SearchAction","target":{"@type":"EntryPoint","urlTemplate":"https:\/\/redenoticiaz.com.br\/litoralsp\/?s={search_term_string}"},"query-input":{"@type":"PropertyValueSpecification","valueRequired":true,"valueName":"search_term_string"}}],"inLanguage":"pt-BR"},{"@type":"Organization","@id":"https:\/\/redenoticiaz.com.br\/litoralsp\/#organization","name":"Litoral SP","url":"https:\/\/redenoticiaz.com.br\/litoralsp\/","logo":{"@type":"ImageObject","inLanguage":"pt-BR","@id":"https:\/\/redenoticiaz.com.br\/litoralsp\/#\/schema\/logo\/image\/","url":"https:\/\/redenoticiaz.com.br\/litoralsp\/wp-content\/uploads\/sites\/3\/2020\/11\/logo.jpg","contentUrl":"https:\/\/redenoticiaz.com.br\/litoralsp\/wp-content\/uploads\/sites\/3\/2020\/11\/logo.jpg","width":400,"height":250,"caption":"Litoral SP"},"image":{"@id":"https:\/\/redenoticiaz.com.br\/litoralsp\/#\/schema\/logo\/image\/"}},{"@type":"Person","@id":"https:\/\/redenoticiaz.com.br\/litoralsp\/#\/schema\/person\/e1b0bd8c2637e2c1b6ddcbc2c33b116f","name":"Patr\u00edcia Prado","image":{"@type":"ImageObject","inLanguage":"pt-BR","@id":"https:\/\/secure.gravatar.com\/avatar\/92e358bef22cfcec15e054ae4d9fee04dadf0c772dc4a17b382b8a34a15354c2?s=96&d=mm&r=g","url":"https:\/\/secure.gravatar.com\/avatar\/92e358bef22cfcec15e054ae4d9fee04dadf0c772dc4a17b382b8a34a15354c2?s=96&d=mm&r=g","contentUrl":"https:\/\/secure.gravatar.com\/avatar\/92e358bef22cfcec15e054ae4d9fee04dadf0c772dc4a17b382b8a34a15354c2?s=96&d=mm&r=g","caption":"Patr\u00edcia Prado"},"url":"https:\/\/redenoticiaz.com.br\/litoralsp\/author\/patricia-prado"}]}},"_links":{"self":[{"href":"https:\/\/redenoticiaz.com.br\/litoralsp\/wp-json\/wp\/v2\/posts\/2872","targetHints":{"allow":["GET"]}}],"collection":[{"href":"https:\/\/redenoticiaz.com.br\/litoralsp\/wp-json\/wp\/v2\/posts"}],"about":[{"href":"https:\/\/redenoticiaz.com.br\/litoralsp\/wp-json\/wp\/v2\/types\/post"}],"author":[{"embeddable":true,"href":"https:\/\/redenoticiaz.com.br\/litoralsp\/wp-json\/wp\/v2\/users\/5"}],"replies":[{"embeddable":true,"href":"https:\/\/redenoticiaz.com.br\/litoralsp\/wp-json\/wp\/v2\/comments?post=2872"}],"version-history":[{"count":1,"href":"https:\/\/redenoticiaz.com.br\/litoralsp\/wp-json\/wp\/v2\/posts\/2872\/revisions"}],"predecessor-version":[{"id":2874,"href":"https:\/\/redenoticiaz.com.br\/litoralsp\/wp-json\/wp\/v2\/posts\/2872\/revisions\/2874"}],"wp:featuredmedia":[{"embeddable":true,"href":"https:\/\/redenoticiaz.com.br\/litoralsp\/wp-json\/wp\/v2\/media\/2873"}],"wp:attachment":[{"href":"https:\/\/redenoticiaz.com.br\/litoralsp\/wp-json\/wp\/v2\/media?parent=2872"}],"wp:term":[{"taxonomy":"category","embeddable":true,"href":"https:\/\/redenoticiaz.com.br\/litoralsp\/wp-json\/wp\/v2\/categories?post=2872"},{"taxonomy":"post_tag","embeddable":true,"href":"https:\/\/redenoticiaz.com.br\/litoralsp\/wp-json\/wp\/v2\/tags?post=2872"}],"curies":[{"name":"wp","href":"https:\/\/api.w.org\/{rel}","templated":true}]}}