{"id":2877,"date":"2021-01-17T07:30:04","date_gmt":"2021-01-17T10:30:04","guid":{"rendered":"https:\/\/redenoticiaz.com.br\/litoralsp\/2021\/01\/17\/post-do-ministerio-da-saude-sobre-tratamento-precoce-recebe-marca-de-enganoso-pelo-twitter"},"modified":"2021-01-17T07:33:53","modified_gmt":"2021-01-17T10:33:53","slug":"post-do-ministerio-da-saude-sobre-tratamento-precoce-recebe-marca-de-enganoso-pelo-twitter","status":"publish","type":"post","link":"https:\/\/redenoticiaz.com.br\/litoralsp\/2021\/01\/17\/post-do-ministerio-da-saude-sobre-tratamento-precoce-recebe-marca-de-enganoso-pelo-twitter","title":{"rendered":"Post do Minist\u00e9rio da Sa\u00fade sobre tratamento precoce recebe marca de enganoso pelo Twitter"},"content":{"rendered":"<p>O Twitter marcou como enganoso e potencialmente prejudicial o post do Minist\u00e9rio da Sa\u00fade sobre tratamento precoce da covid-19. O Minist\u00e9rio da Sa\u00fade recomenda n\u00e3o esperar e come\u00e7ar o tratamento da covid-19 mais cedo. O que supostamente aumentaria as chances de recupera\u00e7\u00e3o. Refor\u00e7a ainda que ao apresentar sintomas da covid-19 procure uma unidade de sa\u00fade e solicite o tratamento precoce.<\/p>\n<p>Tratamento precoce j\u00e1 foi indicado pelo Ministro da Sa\u00fade Eduardo Pazuello, que \u00e9 General do Ex\u00e9rcito, militar da ativa, e pelo Presidente Jair Bolsonaro que \u00e9 Capit\u00e3o do Ex\u00e9rcito, na reserva. Tanto Ministro quanto Presidente entendem, mesmo sem comprova\u00e7\u00e3o cientifica, que a cloroquina e a invermectina podem ser usadas no tratamento precoce da covid-19.<\/p>\n<p>Uma outra postagem do Presidente Jair Bolsonaro sobre tratamento precoce j\u00e1 recebeu a mesma marca do Twitter. Informa\u00e7\u00f5es enganosas e potencialmente prejudiciais relacionadas a <a href=\"https:\/\/pt.wikipedia.org\/wiki\/COVID-19\">covid-19.\u00a0<\/a><\/p>\n<p><a href=\"https:\/\/redenoticiaz.com.br\/wp-content\/uploads\/2021\/01\/post-enganoso.jpg\"><img loading=\"lazy\" decoding=\"async\" class=\"aligncenter wp-image-51614 size-full\" src=\"https:\/\/redenoticiaz.com.br\/wp-content\/uploads\/2021\/01\/post-enganoso.jpg\" alt=\"\" width=\"432\" height=\"768\" \/><\/a><\/p>\n<p><strong>LEIA TAMB\u00c9M<\/strong><\/p>\n<p><a href=\"https:\/\/redenoticiaz.com.br\/blog\/2021\/01\/17\/pedido-de-uso-emergencial-da-vacina-sputnik-e-rejeitado\">Pedido de uso emergencial da vacina Sputnik \u00e9 rejeitado<\/a><\/p>\n","protected":false},"excerpt":{"rendered":"<p>O Twitter marcou como enganoso e potencialmente prejudicial o post do Minist\u00e9rio da Sa\u00fade sobre tratamento precoce da covid-19. O Minist\u00e9rio da Sa\u00fade recomenda n\u00e3o esperar e come\u00e7ar o tratamento da covid-19 mais cedo. O que supostamente aumentaria as chances de recupera\u00e7\u00e3o. Refor\u00e7a ainda que ao apresentar sintomas da covid-19 procure uma unidade de sa\u00fade &hellip;<\/p>\n","protected":false},"author":5,"featured_media":2878,"comment_status":"open","ping_status":"closed","sticky":false,"template":"","format":"standard","meta":{"footnotes":""},"categories":[23],"tags":[8972,8973,8974,8975],"class_list":["post-2877","post","type-post","status-publish","format-standard","has-post-thumbnail","hentry","category-saude","tag-combate-a-covid-19","tag-post-enganoso-e-prejudicial-do-ministerio","tag-publicacao-enganosa-da-ministerio-da-saude","tag-twitter-marcou-como-enganoso-e-prejudicial"],"yoast_head":"<!-- This site is optimized with the Yoast SEO plugin v27.5 - https:\/\/yoast.com\/product\/yoast-seo-wordpress\/ -->\n<title>Post do Minist\u00e9rio da Sa\u00fade sobre tratamento precoce recebe marca de enganoso pelo Twitter - Litoral SP<\/title>\n<meta name=\"description\" content=\"O Twitter marcou como enganoso e potencialmente prejudicial o post do Minist\u00e9rio da Sa\u00fade sobre tratamento precoce da covid-19. O Minist\u00e9rio da Sa\u00fade\" \/>\n<meta name=\"robots\" content=\"index, follow, max-snippet:-1, max-image-preview:large, max-video-preview:-1\" \/>\n<link rel=\"canonical\" href=\"https:\/\/redenoticiaz.com.br\/litoralsp\/2021\/01\/17\/post-do-ministerio-da-saude-sobre-tratamento-precoce-recebe-marca-de-enganoso-pelo-twitter\" \/>\n<meta property=\"og:locale\" content=\"pt_BR\" \/>\n<meta property=\"og:type\" content=\"article\" \/>\n<meta property=\"og:title\" content=\"Post do Minist\u00e9rio da Sa\u00fade sobre tratamento precoce recebe marca de enganoso pelo Twitter - Litoral SP\" \/>\n<meta property=\"og:description\" content=\"O Twitter marcou como enganoso e potencialmente prejudicial o post do Minist\u00e9rio da Sa\u00fade sobre tratamento precoce da covid-19. O Minist\u00e9rio da Sa\u00fade\" \/>\n<meta property=\"og:url\" content=\"https:\/\/redenoticiaz.com.br\/litoralsp\/2021\/01\/17\/post-do-ministerio-da-saude-sobre-tratamento-precoce-recebe-marca-de-enganoso-pelo-twitter\" \/>\n<meta property=\"og:site_name\" content=\"Litoral SP\" \/>\n<meta property=\"article:published_time\" content=\"2021-01-17T10:30:04+00:00\" \/>\n<meta property=\"article:modified_time\" content=\"2021-01-17T10:33:53+00:00\" \/>\n<meta property=\"og:image\" content=\"https:\/\/redenoticiaz.com.br\/litoralsp\/wp-content\/uploads\/sites\/3\/2021\/01\/ministerio-da-saude.jpg\" \/>\n\t<meta property=\"og:image:width\" content=\"1170\" \/>\n\t<meta property=\"og:image:height\" content=\"700\" \/>\n\t<meta property=\"og:image:type\" content=\"image\/jpeg\" \/>\n<meta name=\"author\" content=\"Patr\u00edcia Prado\" \/>\n<meta name=\"twitter:card\" content=\"summary_large_image\" \/>\n<meta name=\"twitter:label1\" content=\"Escrito por\" \/>\n\t<meta name=\"twitter:data1\" content=\"Patr\u00edcia Prado\" \/>\n\t<meta name=\"twitter:label2\" content=\"Est. tempo de leitura\" \/>\n\t<meta name=\"twitter:data2\" content=\"1 minuto\" \/>\n<script type=\"application\/ld+json\" class=\"yoast-schema-graph\">{\"@context\":\"https:\\\/\\\/schema.org\",\"@graph\":[{\"@type\":\"Article\",\"@id\":\"https:\\\/\\\/redenoticiaz.com.br\\\/litoralsp\\\/2021\\\/01\\\/17\\\/post-do-ministerio-da-saude-sobre-tratamento-precoce-recebe-marca-de-enganoso-pelo-twitter#article\",\"isPartOf\":{\"@id\":\"https:\\\/\\\/redenoticiaz.com.br\\\/litoralsp\\\/2021\\\/01\\\/17\\\/post-do-ministerio-da-saude-sobre-tratamento-precoce-recebe-marca-de-enganoso-pelo-twitter\"},\"author\":{\"name\":\"Patr\u00edcia Prado\",\"@id\":\"https:\\\/\\\/redenoticiaz.com.br\\\/litoralsp\\\/#\\\/schema\\\/person\\\/e1b0bd8c2637e2c1b6ddcbc2c33b116f\"},\"headline\":\"Post do Minist\u00e9rio da Sa\u00fade sobre tratamento precoce recebe marca de enganoso pelo Twitter\",\"datePublished\":\"2021-01-17T10:30:04+00:00\",\"dateModified\":\"2021-01-17T10:33:53+00:00\",\"mainEntityOfPage\":{\"@id\":\"https:\\\/\\\/redenoticiaz.com.br\\\/litoralsp\\\/2021\\\/01\\\/17\\\/post-do-ministerio-da-saude-sobre-tratamento-precoce-recebe-marca-de-enganoso-pelo-twitter\"},\"wordCount\":179,\"commentCount\":0,\"publisher\":{\"@id\":\"https:\\\/\\\/redenoticiaz.com.br\\\/litoralsp\\\/#organization\"},\"image\":{\"@id\":\"https:\\\/\\\/redenoticiaz.com.br\\\/litoralsp\\\/2021\\\/01\\\/17\\\/post-do-ministerio-da-saude-sobre-tratamento-precoce-recebe-marca-de-enganoso-pelo-twitter#primaryimage\"},\"thumbnailUrl\":\"https:\\\/\\\/redenoticiaz.com.br\\\/litoralsp\\\/wp-content\\\/uploads\\\/sites\\\/3\\\/2021\\\/01\\\/ministerio-da-saude.jpg\",\"keywords\":[\"COMBATE A COVID-19\",\"POST ENGANOSO E PREJUDICIAL DO MINIST\u00c9RIO\",\"PUBLICA\u00c7\u00c3O ENGANOSA DA MINIST\u00c9RIO DA SA\u00daDE\",\"TWITTER MARCOU COMO ENGANOSO E PREJUDICIAL\"],\"articleSection\":[\"Sa\u00fade\"],\"inLanguage\":\"pt-BR\",\"potentialAction\":[{\"@type\":\"CommentAction\",\"name\":\"Comment\",\"target\":[\"https:\\\/\\\/redenoticiaz.com.br\\\/litoralsp\\\/2021\\\/01\\\/17\\\/post-do-ministerio-da-saude-sobre-tratamento-precoce-recebe-marca-de-enganoso-pelo-twitter#respond\"]}]},{\"@type\":\"WebPage\",\"@id\":\"https:\\\/\\\/redenoticiaz.com.br\\\/litoralsp\\\/2021\\\/01\\\/17\\\/post-do-ministerio-da-saude-sobre-tratamento-precoce-recebe-marca-de-enganoso-pelo-twitter\",\"url\":\"https:\\\/\\\/redenoticiaz.com.br\\\/litoralsp\\\/2021\\\/01\\\/17\\\/post-do-ministerio-da-saude-sobre-tratamento-precoce-recebe-marca-de-enganoso-pelo-twitter\",\"name\":\"Post do Minist\u00e9rio da Sa\u00fade sobre tratamento precoce recebe marca de enganoso pelo Twitter - Litoral SP\",\"isPartOf\":{\"@id\":\"https:\\\/\\\/redenoticiaz.com.br\\\/litoralsp\\\/#website\"},\"primaryImageOfPage\":{\"@id\":\"https:\\\/\\\/redenoticiaz.com.br\\\/litoralsp\\\/2021\\\/01\\\/17\\\/post-do-ministerio-da-saude-sobre-tratamento-precoce-recebe-marca-de-enganoso-pelo-twitter#primaryimage\"},\"image\":{\"@id\":\"https:\\\/\\\/redenoticiaz.com.br\\\/litoralsp\\\/2021\\\/01\\\/17\\\/post-do-ministerio-da-saude-sobre-tratamento-precoce-recebe-marca-de-enganoso-pelo-twitter#primaryimage\"},\"thumbnailUrl\":\"https:\\\/\\\/redenoticiaz.com.br\\\/litoralsp\\\/wp-content\\\/uploads\\\/sites\\\/3\\\/2021\\\/01\\\/ministerio-da-saude.jpg\",\"datePublished\":\"2021-01-17T10:30:04+00:00\",\"dateModified\":\"2021-01-17T10:33:53+00:00\",\"description\":\"O Twitter marcou como enganoso e potencialmente prejudicial o post do Minist\u00e9rio da Sa\u00fade sobre tratamento precoce da covid-19. O Minist\u00e9rio da Sa\u00fade\",\"inLanguage\":\"pt-BR\",\"potentialAction\":[{\"@type\":\"ReadAction\",\"target\":[\"https:\\\/\\\/redenoticiaz.com.br\\\/litoralsp\\\/2021\\\/01\\\/17\\\/post-do-ministerio-da-saude-sobre-tratamento-precoce-recebe-marca-de-enganoso-pelo-twitter\"]}]},{\"@type\":\"ImageObject\",\"inLanguage\":\"pt-BR\",\"@id\":\"https:\\\/\\\/redenoticiaz.com.br\\\/litoralsp\\\/2021\\\/01\\\/17\\\/post-do-ministerio-da-saude-sobre-tratamento-precoce-recebe-marca-de-enganoso-pelo-twitter#primaryimage\",\"url\":\"https:\\\/\\\/redenoticiaz.com.br\\\/litoralsp\\\/wp-content\\\/uploads\\\/sites\\\/3\\\/2021\\\/01\\\/ministerio-da-saude.jpg\",\"contentUrl\":\"https:\\\/\\\/redenoticiaz.com.br\\\/litoralsp\\\/wp-content\\\/uploads\\\/sites\\\/3\\\/2021\\\/01\\\/ministerio-da-saude.jpg\",\"width\":1170,\"height\":700,\"caption\":\"Fachada do Minist\u00e9rio da Sa\u00fade na Esplanada dos Minist\u00e9rios\"},{\"@type\":\"WebSite\",\"@id\":\"https:\\\/\\\/redenoticiaz.com.br\\\/litoralsp\\\/#website\",\"url\":\"https:\\\/\\\/redenoticiaz.com.br\\\/litoralsp\\\/\",\"name\":\"Litoral SP\",\"description\":\"Rede NoticiaZ\",\"publisher\":{\"@id\":\"https:\\\/\\\/redenoticiaz.com.br\\\/litoralsp\\\/#organization\"},\"potentialAction\":[{\"@type\":\"SearchAction\",\"target\":{\"@type\":\"EntryPoint\",\"urlTemplate\":\"https:\\\/\\\/redenoticiaz.com.br\\\/litoralsp\\\/?s={search_term_string}\"},\"query-input\":{\"@type\":\"PropertyValueSpecification\",\"valueRequired\":true,\"valueName\":\"search_term_string\"}}],\"inLanguage\":\"pt-BR\"},{\"@type\":\"Organization\",\"@id\":\"https:\\\/\\\/redenoticiaz.com.br\\\/litoralsp\\\/#organization\",\"name\":\"Litoral SP\",\"url\":\"https:\\\/\\\/redenoticiaz.com.br\\\/litoralsp\\\/\",\"logo\":{\"@type\":\"ImageObject\",\"inLanguage\":\"pt-BR\",\"@id\":\"https:\\\/\\\/redenoticiaz.com.br\\\/litoralsp\\\/#\\\/schema\\\/logo\\\/image\\\/\",\"url\":\"https:\\\/\\\/redenoticiaz.com.br\\\/litoralsp\\\/wp-content\\\/uploads\\\/sites\\\/3\\\/2020\\\/11\\\/logo.jpg\",\"contentUrl\":\"https:\\\/\\\/redenoticiaz.com.br\\\/litoralsp\\\/wp-content\\\/uploads\\\/sites\\\/3\\\/2020\\\/11\\\/logo.jpg\",\"width\":400,\"height\":250,\"caption\":\"Litoral SP\"},\"image\":{\"@id\":\"https:\\\/\\\/redenoticiaz.com.br\\\/litoralsp\\\/#\\\/schema\\\/logo\\\/image\\\/\"}},{\"@type\":\"Person\",\"@id\":\"https:\\\/\\\/redenoticiaz.com.br\\\/litoralsp\\\/#\\\/schema\\\/person\\\/e1b0bd8c2637e2c1b6ddcbc2c33b116f\",\"name\":\"Patr\u00edcia Prado\",\"image\":{\"@type\":\"ImageObject\",\"inLanguage\":\"pt-BR\",\"@id\":\"https:\\\/\\\/secure.gravatar.com\\\/avatar\\\/92e358bef22cfcec15e054ae4d9fee04dadf0c772dc4a17b382b8a34a15354c2?s=96&d=mm&r=g\",\"url\":\"https:\\\/\\\/secure.gravatar.com\\\/avatar\\\/92e358bef22cfcec15e054ae4d9fee04dadf0c772dc4a17b382b8a34a15354c2?s=96&d=mm&r=g\",\"contentUrl\":\"https:\\\/\\\/secure.gravatar.com\\\/avatar\\\/92e358bef22cfcec15e054ae4d9fee04dadf0c772dc4a17b382b8a34a15354c2?s=96&d=mm&r=g\",\"caption\":\"Patr\u00edcia Prado\"},\"url\":\"https:\\\/\\\/redenoticiaz.com.br\\\/litoralsp\\\/author\\\/patricia-prado\"}]}<\/script>\n<!-- \/ Yoast SEO plugin. -->","yoast_head_json":{"title":"Post do Minist\u00e9rio da Sa\u00fade sobre tratamento precoce recebe marca de enganoso pelo Twitter - Litoral SP","description":"O Twitter marcou como enganoso e potencialmente prejudicial o post do Minist\u00e9rio da Sa\u00fade sobre tratamento precoce da covid-19. O Minist\u00e9rio da Sa\u00fade","robots":{"index":"index","follow":"follow","max-snippet":"max-snippet:-1","max-image-preview":"max-image-preview:large","max-video-preview":"max-video-preview:-1"},"canonical":"https:\/\/redenoticiaz.com.br\/litoralsp\/2021\/01\/17\/post-do-ministerio-da-saude-sobre-tratamento-precoce-recebe-marca-de-enganoso-pelo-twitter","og_locale":"pt_BR","og_type":"article","og_title":"Post do Minist\u00e9rio da Sa\u00fade sobre tratamento precoce recebe marca de enganoso pelo Twitter - Litoral SP","og_description":"O Twitter marcou como enganoso e potencialmente prejudicial o post do Minist\u00e9rio da Sa\u00fade sobre tratamento precoce da covid-19. O Minist\u00e9rio da Sa\u00fade","og_url":"https:\/\/redenoticiaz.com.br\/litoralsp\/2021\/01\/17\/post-do-ministerio-da-saude-sobre-tratamento-precoce-recebe-marca-de-enganoso-pelo-twitter","og_site_name":"Litoral SP","article_published_time":"2021-01-17T10:30:04+00:00","article_modified_time":"2021-01-17T10:33:53+00:00","og_image":[{"width":1170,"height":700,"url":"https:\/\/redenoticiaz.com.br\/litoralsp\/wp-content\/uploads\/sites\/3\/2021\/01\/ministerio-da-saude.jpg","type":"image\/jpeg"}],"author":"Patr\u00edcia Prado","twitter_card":"summary_large_image","twitter_misc":{"Escrito por":"Patr\u00edcia Prado","Est. tempo de leitura":"1 minuto"},"schema":{"@context":"https:\/\/schema.org","@graph":[{"@type":"Article","@id":"https:\/\/redenoticiaz.com.br\/litoralsp\/2021\/01\/17\/post-do-ministerio-da-saude-sobre-tratamento-precoce-recebe-marca-de-enganoso-pelo-twitter#article","isPartOf":{"@id":"https:\/\/redenoticiaz.com.br\/litoralsp\/2021\/01\/17\/post-do-ministerio-da-saude-sobre-tratamento-precoce-recebe-marca-de-enganoso-pelo-twitter"},"author":{"name":"Patr\u00edcia Prado","@id":"https:\/\/redenoticiaz.com.br\/litoralsp\/#\/schema\/person\/e1b0bd8c2637e2c1b6ddcbc2c33b116f"},"headline":"Post do Minist\u00e9rio da Sa\u00fade sobre tratamento precoce recebe marca de enganoso pelo Twitter","datePublished":"2021-01-17T10:30:04+00:00","dateModified":"2021-01-17T10:33:53+00:00","mainEntityOfPage":{"@id":"https:\/\/redenoticiaz.com.br\/litoralsp\/2021\/01\/17\/post-do-ministerio-da-saude-sobre-tratamento-precoce-recebe-marca-de-enganoso-pelo-twitter"},"wordCount":179,"commentCount":0,"publisher":{"@id":"https:\/\/redenoticiaz.com.br\/litoralsp\/#organization"},"image":{"@id":"https:\/\/redenoticiaz.com.br\/litoralsp\/2021\/01\/17\/post-do-ministerio-da-saude-sobre-tratamento-precoce-recebe-marca-de-enganoso-pelo-twitter#primaryimage"},"thumbnailUrl":"https:\/\/redenoticiaz.com.br\/litoralsp\/wp-content\/uploads\/sites\/3\/2021\/01\/ministerio-da-saude.jpg","keywords":["COMBATE A COVID-19","POST ENGANOSO E PREJUDICIAL DO MINIST\u00c9RIO","PUBLICA\u00c7\u00c3O ENGANOSA DA MINIST\u00c9RIO DA SA\u00daDE","TWITTER MARCOU COMO ENGANOSO E PREJUDICIAL"],"articleSection":["Sa\u00fade"],"inLanguage":"pt-BR","potentialAction":[{"@type":"CommentAction","name":"Comment","target":["https:\/\/redenoticiaz.com.br\/litoralsp\/2021\/01\/17\/post-do-ministerio-da-saude-sobre-tratamento-precoce-recebe-marca-de-enganoso-pelo-twitter#respond"]}]},{"@type":"WebPage","@id":"https:\/\/redenoticiaz.com.br\/litoralsp\/2021\/01\/17\/post-do-ministerio-da-saude-sobre-tratamento-precoce-recebe-marca-de-enganoso-pelo-twitter","url":"https:\/\/redenoticiaz.com.br\/litoralsp\/2021\/01\/17\/post-do-ministerio-da-saude-sobre-tratamento-precoce-recebe-marca-de-enganoso-pelo-twitter","name":"Post do Minist\u00e9rio da Sa\u00fade sobre tratamento precoce recebe marca de enganoso pelo Twitter - Litoral SP","isPartOf":{"@id":"https:\/\/redenoticiaz.com.br\/litoralsp\/#website"},"primaryImageOfPage":{"@id":"https:\/\/redenoticiaz.com.br\/litoralsp\/2021\/01\/17\/post-do-ministerio-da-saude-sobre-tratamento-precoce-recebe-marca-de-enganoso-pelo-twitter#primaryimage"},"image":{"@id":"https:\/\/redenoticiaz.com.br\/litoralsp\/2021\/01\/17\/post-do-ministerio-da-saude-sobre-tratamento-precoce-recebe-marca-de-enganoso-pelo-twitter#primaryimage"},"thumbnailUrl":"https:\/\/redenoticiaz.com.br\/litoralsp\/wp-content\/uploads\/sites\/3\/2021\/01\/ministerio-da-saude.jpg","datePublished":"2021-01-17T10:30:04+00:00","dateModified":"2021-01-17T10:33:53+00:00","description":"O Twitter marcou como enganoso e potencialmente prejudicial o post do Minist\u00e9rio da Sa\u00fade sobre tratamento precoce da covid-19. O Minist\u00e9rio da Sa\u00fade","inLanguage":"pt-BR","potentialAction":[{"@type":"ReadAction","target":["https:\/\/redenoticiaz.com.br\/litoralsp\/2021\/01\/17\/post-do-ministerio-da-saude-sobre-tratamento-precoce-recebe-marca-de-enganoso-pelo-twitter"]}]},{"@type":"ImageObject","inLanguage":"pt-BR","@id":"https:\/\/redenoticiaz.com.br\/litoralsp\/2021\/01\/17\/post-do-ministerio-da-saude-sobre-tratamento-precoce-recebe-marca-de-enganoso-pelo-twitter#primaryimage","url":"https:\/\/redenoticiaz.com.br\/litoralsp\/wp-content\/uploads\/sites\/3\/2021\/01\/ministerio-da-saude.jpg","contentUrl":"https:\/\/redenoticiaz.com.br\/litoralsp\/wp-content\/uploads\/sites\/3\/2021\/01\/ministerio-da-saude.jpg","width":1170,"height":700,"caption":"Fachada do Minist\u00e9rio da Sa\u00fade na Esplanada dos Minist\u00e9rios"},{"@type":"WebSite","@id":"https:\/\/redenoticiaz.com.br\/litoralsp\/#website","url":"https:\/\/redenoticiaz.com.br\/litoralsp\/","name":"Litoral SP","description":"Rede NoticiaZ","publisher":{"@id":"https:\/\/redenoticiaz.com.br\/litoralsp\/#organization"},"potentialAction":[{"@type":"SearchAction","target":{"@type":"EntryPoint","urlTemplate":"https:\/\/redenoticiaz.com.br\/litoralsp\/?s={search_term_string}"},"query-input":{"@type":"PropertyValueSpecification","valueRequired":true,"valueName":"search_term_string"}}],"inLanguage":"pt-BR"},{"@type":"Organization","@id":"https:\/\/redenoticiaz.com.br\/litoralsp\/#organization","name":"Litoral SP","url":"https:\/\/redenoticiaz.com.br\/litoralsp\/","logo":{"@type":"ImageObject","inLanguage":"pt-BR","@id":"https:\/\/redenoticiaz.com.br\/litoralsp\/#\/schema\/logo\/image\/","url":"https:\/\/redenoticiaz.com.br\/litoralsp\/wp-content\/uploads\/sites\/3\/2020\/11\/logo.jpg","contentUrl":"https:\/\/redenoticiaz.com.br\/litoralsp\/wp-content\/uploads\/sites\/3\/2020\/11\/logo.jpg","width":400,"height":250,"caption":"Litoral SP"},"image":{"@id":"https:\/\/redenoticiaz.com.br\/litoralsp\/#\/schema\/logo\/image\/"}},{"@type":"Person","@id":"https:\/\/redenoticiaz.com.br\/litoralsp\/#\/schema\/person\/e1b0bd8c2637e2c1b6ddcbc2c33b116f","name":"Patr\u00edcia Prado","image":{"@type":"ImageObject","inLanguage":"pt-BR","@id":"https:\/\/secure.gravatar.com\/avatar\/92e358bef22cfcec15e054ae4d9fee04dadf0c772dc4a17b382b8a34a15354c2?s=96&d=mm&r=g","url":"https:\/\/secure.gravatar.com\/avatar\/92e358bef22cfcec15e054ae4d9fee04dadf0c772dc4a17b382b8a34a15354c2?s=96&d=mm&r=g","contentUrl":"https:\/\/secure.gravatar.com\/avatar\/92e358bef22cfcec15e054ae4d9fee04dadf0c772dc4a17b382b8a34a15354c2?s=96&d=mm&r=g","caption":"Patr\u00edcia Prado"},"url":"https:\/\/redenoticiaz.com.br\/litoralsp\/author\/patricia-prado"}]}},"_links":{"self":[{"href":"https:\/\/redenoticiaz.com.br\/litoralsp\/wp-json\/wp\/v2\/posts\/2877","targetHints":{"allow":["GET"]}}],"collection":[{"href":"https:\/\/redenoticiaz.com.br\/litoralsp\/wp-json\/wp\/v2\/posts"}],"about":[{"href":"https:\/\/redenoticiaz.com.br\/litoralsp\/wp-json\/wp\/v2\/types\/post"}],"author":[{"embeddable":true,"href":"https:\/\/redenoticiaz.com.br\/litoralsp\/wp-json\/wp\/v2\/users\/5"}],"replies":[{"embeddable":true,"href":"https:\/\/redenoticiaz.com.br\/litoralsp\/wp-json\/wp\/v2\/comments?post=2877"}],"version-history":[{"count":1,"href":"https:\/\/redenoticiaz.com.br\/litoralsp\/wp-json\/wp\/v2\/posts\/2877\/revisions"}],"predecessor-version":[{"id":2879,"href":"https:\/\/redenoticiaz.com.br\/litoralsp\/wp-json\/wp\/v2\/posts\/2877\/revisions\/2879"}],"wp:featuredmedia":[{"embeddable":true,"href":"https:\/\/redenoticiaz.com.br\/litoralsp\/wp-json\/wp\/v2\/media\/2878"}],"wp:attachment":[{"href":"https:\/\/redenoticiaz.com.br\/litoralsp\/wp-json\/wp\/v2\/media?parent=2877"}],"wp:term":[{"taxonomy":"category","embeddable":true,"href":"https:\/\/redenoticiaz.com.br\/litoralsp\/wp-json\/wp\/v2\/categories?post=2877"},{"taxonomy":"post_tag","embeddable":true,"href":"https:\/\/redenoticiaz.com.br\/litoralsp\/wp-json\/wp\/v2\/tags?post=2877"}],"curies":[{"name":"wp","href":"https:\/\/api.w.org\/{rel}","templated":true}]}}