{"id":28911,"date":"2022-05-30T11:12:47","date_gmt":"2022-05-30T14:12:47","guid":{"rendered":"https:\/\/redenoticiaz.com.br\/litoralsp\/?p=28911"},"modified":"2022-05-30T11:13:56","modified_gmt":"2022-05-30T14:13:56","slug":"morador-de-sao-paulo-e-sorteado-e-vira-o-dono-do-triplex-de-guaruja","status":"publish","type":"post","link":"https:\/\/redenoticiaz.com.br\/litoralsp\/2022\/05\/30\/morador-de-sao-paulo-e-sorteado-e-vira-o-dono-do-triplex-de-guaruja","title":{"rendered":"Morador de S\u00e3o Paulo \u00e9 sorteado e vira o dono do &#8220;Triplex de Guaruj\u00e1&#8221;"},"content":{"rendered":"<p>O triplex do <a href=\"https:\/\/www.guaruja.sp.gov.br\/\">Guaruj\u00e1<\/a>, que ficou famoso ao ser atribu\u00eddo ao ex-presidente Luiz In\u00e1cio Lula da Silva (PT), agora tem dono. No s\u00e1bado (28) aconteceu o sorteio da Loteria Federal da Caixa e o sorteado foi um <strong>morador do Jardim Iguatemi<\/strong>, Zona Leste de S\u00e3o Paulo. O n\u00famero sorteado para adquirir o im\u00f3vel avaliado em R$ 3 milh\u00f5es foi 0196198.<\/p>\n<p>De acordo com a empresa &#8216;Pancad\u00e3o de Pr\u00eamios&#8217;, a entrega do im\u00f3vel ao novo propriet\u00e1rio, que n\u00e3o teve a identidade divulgada, ocorre j\u00e1 nesta segunda-feira (30).<\/p>\n<p>A campanha para sortear o<span class=\"highlight highlighted\">\u00a0triplex avaliado em R$ 3 milh\u00f5es\u00a0<\/span>foi iniciada em 20 de novembro de 2021. Os candidatos a dono do im\u00f3vel precisaram pagar uma mensalidade de R$ 19,90 ao m\u00eas para participar do sorteio at\u00e9 23h59 de sexta-feira (27).<\/p>\n<p>O apartamento 164-A de tr\u00eas andares, no Condom\u00ednio Solaris, est\u00e1 localizado na Avenida General Monteiro de Barros, 638, no bairro Vila Luis Antonio, regi\u00e3o das Ast\u00farias em Guaruj\u00e1.<\/p>\n<p><strong>LEIA TAMB\u00c9M<\/strong><\/p>\n<p><a href=\"https:\/\/redenoticiaz.com.br\/litoralsp\/2022\/05\/28\/triplex-do-guaruja-de-r-3-milhoes-atribuido-a-lula-sera-sorteado\">Triplex do Guaruj\u00e1 de R$ 3 milh\u00f5es atribu\u00eddo a Lula ser\u00e1 sorteado<\/a><\/p>\n","protected":false},"excerpt":{"rendered":"<p>O triplex do Guaruj\u00e1, que ficou famoso ao ser atribu\u00eddo ao ex-presidente Luiz In\u00e1cio Lula da Silva (PT), agora tem dono. No s\u00e1bado (28) aconteceu o sorteio da Loteria Federal da Caixa e o sorteado foi um morador do Jardim Iguatemi, Zona Leste de S\u00e3o Paulo. O n\u00famero sorteado para adquirir o im\u00f3vel avaliado em &hellip;<\/p>\n","protected":false},"author":6,"featured_media":28843,"comment_status":"open","ping_status":"closed","sticky":false,"template":"","format":"standard","meta":{"footnotes":""},"categories":[4,187],"tags":[1006,56771,56770,3714,13581],"class_list":["post-28911","post","type-post","status-publish","format-standard","has-post-thumbnail","hentry","category-geral","category-guaruja","tag-guaruja","tag-jardim-iguatemi","tag-novo-morador","tag-sorteio","tag-triplex"],"yoast_head":"<!-- This site is optimized with the Yoast SEO plugin v27.4 - https:\/\/yoast.com\/product\/yoast-seo-wordpress\/ -->\n<title>Morador de S\u00e3o Paulo \u00e9 sorteado e vira o dono do &quot;Triplex de Guaruj\u00e1&quot; - Litoral SP<\/title>\n<meta name=\"description\" content=\"O triplex do Guaruj\u00e1, que ficou famoso ao ser atribu\u00eddo ao ex-presidente Luiz In\u00e1cio Lula da Silva (PT), agora tem dono. No s\u00e1bado\" \/>\n<meta name=\"robots\" content=\"index, follow, max-snippet:-1, max-image-preview:large, max-video-preview:-1\" \/>\n<link rel=\"canonical\" href=\"https:\/\/redenoticiaz.com.br\/litoralsp\/2022\/05\/30\/morador-de-sao-paulo-e-sorteado-e-vira-o-dono-do-triplex-de-guaruja\" \/>\n<meta property=\"og:locale\" content=\"pt_BR\" \/>\n<meta property=\"og:type\" content=\"article\" \/>\n<meta property=\"og:title\" content=\"Morador de S\u00e3o Paulo \u00e9 sorteado e vira o dono do &quot;Triplex de Guaruj\u00e1&quot; - Litoral SP\" \/>\n<meta property=\"og:description\" content=\"O triplex do Guaruj\u00e1, que ficou famoso ao ser atribu\u00eddo ao ex-presidente Luiz In\u00e1cio Lula da Silva (PT), agora tem dono. No s\u00e1bado\" \/>\n<meta property=\"og:url\" content=\"https:\/\/redenoticiaz.com.br\/litoralsp\/2022\/05\/30\/morador-de-sao-paulo-e-sorteado-e-vira-o-dono-do-triplex-de-guaruja\" \/>\n<meta property=\"og:site_name\" content=\"Litoral SP\" \/>\n<meta property=\"article:published_time\" content=\"2022-05-30T14:12:47+00:00\" \/>\n<meta property=\"article:modified_time\" content=\"2022-05-30T14:13:56+00:00\" \/>\n<meta property=\"og:image\" content=\"https:\/\/redenoticiaz.com.br\/litoralsp\/wp-content\/uploads\/sites\/3\/2022\/05\/triplex.jpg\" \/>\n\t<meta property=\"og:image:width\" content=\"640\" \/>\n\t<meta property=\"og:image:height\" content=\"426\" \/>\n\t<meta property=\"og:image:type\" content=\"image\/jpeg\" \/>\n<meta name=\"author\" content=\"Leonardo Francisco\" \/>\n<meta name=\"twitter:card\" content=\"summary_large_image\" \/>\n<meta name=\"twitter:label1\" content=\"Escrito por\" \/>\n\t<meta name=\"twitter:data1\" content=\"Leonardo Francisco\" \/>\n\t<meta name=\"twitter:label2\" content=\"Est. tempo de leitura\" \/>\n\t<meta name=\"twitter:data2\" content=\"1 minuto\" \/>\n<script type=\"application\/ld+json\" class=\"yoast-schema-graph\">{\"@context\":\"https:\\\/\\\/schema.org\",\"@graph\":[{\"@type\":\"Article\",\"@id\":\"https:\\\/\\\/redenoticiaz.com.br\\\/litoralsp\\\/2022\\\/05\\\/30\\\/morador-de-sao-paulo-e-sorteado-e-vira-o-dono-do-triplex-de-guaruja#article\",\"isPartOf\":{\"@id\":\"https:\\\/\\\/redenoticiaz.com.br\\\/litoralsp\\\/2022\\\/05\\\/30\\\/morador-de-sao-paulo-e-sorteado-e-vira-o-dono-do-triplex-de-guaruja\"},\"author\":{\"name\":\"Leonardo Francisco\",\"@id\":\"https:\\\/\\\/redenoticiaz.com.br\\\/litoralsp\\\/#\\\/schema\\\/person\\\/0f0b8a5bdafefe82841e07ae8d81ecb3\"},\"headline\":\"Morador de S\u00e3o Paulo \u00e9 sorteado e vira o dono do &#8220;Triplex de Guaruj\u00e1&#8221;\",\"datePublished\":\"2022-05-30T14:12:47+00:00\",\"dateModified\":\"2022-05-30T14:13:56+00:00\",\"mainEntityOfPage\":{\"@id\":\"https:\\\/\\\/redenoticiaz.com.br\\\/litoralsp\\\/2022\\\/05\\\/30\\\/morador-de-sao-paulo-e-sorteado-e-vira-o-dono-do-triplex-de-guaruja\"},\"wordCount\":196,\"commentCount\":0,\"publisher\":{\"@id\":\"https:\\\/\\\/redenoticiaz.com.br\\\/litoralsp\\\/#organization\"},\"image\":{\"@id\":\"https:\\\/\\\/redenoticiaz.com.br\\\/litoralsp\\\/2022\\\/05\\\/30\\\/morador-de-sao-paulo-e-sorteado-e-vira-o-dono-do-triplex-de-guaruja#primaryimage\"},\"thumbnailUrl\":\"https:\\\/\\\/redenoticiaz.com.br\\\/litoralsp\\\/wp-content\\\/uploads\\\/sites\\\/3\\\/2022\\\/05\\\/triplex.jpg\",\"keywords\":[\"GUARUJ\u00c1\",\"JARDIM IGUATEMI\",\"NOVO MORADOR\",\"sorteio\",\"TR\u00cdPLEX\"],\"articleSection\":[\"Geral\",\"Guaruj\u00e1\"],\"inLanguage\":\"pt-BR\",\"potentialAction\":[{\"@type\":\"CommentAction\",\"name\":\"Comment\",\"target\":[\"https:\\\/\\\/redenoticiaz.com.br\\\/litoralsp\\\/2022\\\/05\\\/30\\\/morador-de-sao-paulo-e-sorteado-e-vira-o-dono-do-triplex-de-guaruja#respond\"]}]},{\"@type\":\"WebPage\",\"@id\":\"https:\\\/\\\/redenoticiaz.com.br\\\/litoralsp\\\/2022\\\/05\\\/30\\\/morador-de-sao-paulo-e-sorteado-e-vira-o-dono-do-triplex-de-guaruja\",\"url\":\"https:\\\/\\\/redenoticiaz.com.br\\\/litoralsp\\\/2022\\\/05\\\/30\\\/morador-de-sao-paulo-e-sorteado-e-vira-o-dono-do-triplex-de-guaruja\",\"name\":\"Morador de S\u00e3o Paulo \u00e9 sorteado e vira o dono do \\\"Triplex de Guaruj\u00e1\\\" - Litoral SP\",\"isPartOf\":{\"@id\":\"https:\\\/\\\/redenoticiaz.com.br\\\/litoralsp\\\/#website\"},\"primaryImageOfPage\":{\"@id\":\"https:\\\/\\\/redenoticiaz.com.br\\\/litoralsp\\\/2022\\\/05\\\/30\\\/morador-de-sao-paulo-e-sorteado-e-vira-o-dono-do-triplex-de-guaruja#primaryimage\"},\"image\":{\"@id\":\"https:\\\/\\\/redenoticiaz.com.br\\\/litoralsp\\\/2022\\\/05\\\/30\\\/morador-de-sao-paulo-e-sorteado-e-vira-o-dono-do-triplex-de-guaruja#primaryimage\"},\"thumbnailUrl\":\"https:\\\/\\\/redenoticiaz.com.br\\\/litoralsp\\\/wp-content\\\/uploads\\\/sites\\\/3\\\/2022\\\/05\\\/triplex.jpg\",\"datePublished\":\"2022-05-30T14:12:47+00:00\",\"dateModified\":\"2022-05-30T14:13:56+00:00\",\"description\":\"O triplex do Guaruj\u00e1, que ficou famoso ao ser atribu\u00eddo ao ex-presidente Luiz In\u00e1cio Lula da Silva (PT), agora tem dono. No s\u00e1bado\",\"inLanguage\":\"pt-BR\",\"potentialAction\":[{\"@type\":\"ReadAction\",\"target\":[\"https:\\\/\\\/redenoticiaz.com.br\\\/litoralsp\\\/2022\\\/05\\\/30\\\/morador-de-sao-paulo-e-sorteado-e-vira-o-dono-do-triplex-de-guaruja\"]}]},{\"@type\":\"ImageObject\",\"inLanguage\":\"pt-BR\",\"@id\":\"https:\\\/\\\/redenoticiaz.com.br\\\/litoralsp\\\/2022\\\/05\\\/30\\\/morador-de-sao-paulo-e-sorteado-e-vira-o-dono-do-triplex-de-guaruja#primaryimage\",\"url\":\"https:\\\/\\\/redenoticiaz.com.br\\\/litoralsp\\\/wp-content\\\/uploads\\\/sites\\\/3\\\/2022\\\/05\\\/triplex.jpg\",\"contentUrl\":\"https:\\\/\\\/redenoticiaz.com.br\\\/litoralsp\\\/wp-content\\\/uploads\\\/sites\\\/3\\\/2022\\\/05\\\/triplex.jpg\",\"width\":640,\"height\":426,\"caption\":\"Cr\u00e9ditos: Reprodu\u00e7\u00e3o\"},{\"@type\":\"WebSite\",\"@id\":\"https:\\\/\\\/redenoticiaz.com.br\\\/litoralsp\\\/#website\",\"url\":\"https:\\\/\\\/redenoticiaz.com.br\\\/litoralsp\\\/\",\"name\":\"Litoral SP\",\"description\":\"Rede NoticiaZ\",\"publisher\":{\"@id\":\"https:\\\/\\\/redenoticiaz.com.br\\\/litoralsp\\\/#organization\"},\"potentialAction\":[{\"@type\":\"SearchAction\",\"target\":{\"@type\":\"EntryPoint\",\"urlTemplate\":\"https:\\\/\\\/redenoticiaz.com.br\\\/litoralsp\\\/?s={search_term_string}\"},\"query-input\":{\"@type\":\"PropertyValueSpecification\",\"valueRequired\":true,\"valueName\":\"search_term_string\"}}],\"inLanguage\":\"pt-BR\"},{\"@type\":\"Organization\",\"@id\":\"https:\\\/\\\/redenoticiaz.com.br\\\/litoralsp\\\/#organization\",\"name\":\"Litoral SP\",\"url\":\"https:\\\/\\\/redenoticiaz.com.br\\\/litoralsp\\\/\",\"logo\":{\"@type\":\"ImageObject\",\"inLanguage\":\"pt-BR\",\"@id\":\"https:\\\/\\\/redenoticiaz.com.br\\\/litoralsp\\\/#\\\/schema\\\/logo\\\/image\\\/\",\"url\":\"https:\\\/\\\/redenoticiaz.com.br\\\/litoralsp\\\/wp-content\\\/uploads\\\/sites\\\/3\\\/2020\\\/11\\\/logo.jpg\",\"contentUrl\":\"https:\\\/\\\/redenoticiaz.com.br\\\/litoralsp\\\/wp-content\\\/uploads\\\/sites\\\/3\\\/2020\\\/11\\\/logo.jpg\",\"width\":400,\"height\":250,\"caption\":\"Litoral SP\"},\"image\":{\"@id\":\"https:\\\/\\\/redenoticiaz.com.br\\\/litoralsp\\\/#\\\/schema\\\/logo\\\/image\\\/\"}},{\"@type\":\"Person\",\"@id\":\"https:\\\/\\\/redenoticiaz.com.br\\\/litoralsp\\\/#\\\/schema\\\/person\\\/0f0b8a5bdafefe82841e07ae8d81ecb3\",\"name\":\"Leonardo Francisco\",\"image\":{\"@type\":\"ImageObject\",\"inLanguage\":\"pt-BR\",\"@id\":\"https:\\\/\\\/secure.gravatar.com\\\/avatar\\\/a7358cb406a99b682ec6df1e77e31ae82e63601f6784e8a3df411d72b37864da?s=96&d=mm&r=g\",\"url\":\"https:\\\/\\\/secure.gravatar.com\\\/avatar\\\/a7358cb406a99b682ec6df1e77e31ae82e63601f6784e8a3df411d72b37864da?s=96&d=mm&r=g\",\"contentUrl\":\"https:\\\/\\\/secure.gravatar.com\\\/avatar\\\/a7358cb406a99b682ec6df1e77e31ae82e63601f6784e8a3df411d72b37864da?s=96&d=mm&r=g\",\"caption\":\"Leonardo Francisco\"},\"url\":\"https:\\\/\\\/redenoticiaz.com.br\\\/litoralsp\\\/author\\\/leonardo-francisco\"}]}<\/script>\n<!-- \/ Yoast SEO plugin. -->","yoast_head_json":{"title":"Morador de S\u00e3o Paulo \u00e9 sorteado e vira o dono do \"Triplex de Guaruj\u00e1\" - Litoral SP","description":"O triplex do Guaruj\u00e1, que ficou famoso ao ser atribu\u00eddo ao ex-presidente Luiz In\u00e1cio Lula da Silva (PT), agora tem dono. No s\u00e1bado","robots":{"index":"index","follow":"follow","max-snippet":"max-snippet:-1","max-image-preview":"max-image-preview:large","max-video-preview":"max-video-preview:-1"},"canonical":"https:\/\/redenoticiaz.com.br\/litoralsp\/2022\/05\/30\/morador-de-sao-paulo-e-sorteado-e-vira-o-dono-do-triplex-de-guaruja","og_locale":"pt_BR","og_type":"article","og_title":"Morador de S\u00e3o Paulo \u00e9 sorteado e vira o dono do \"Triplex de Guaruj\u00e1\" - Litoral SP","og_description":"O triplex do Guaruj\u00e1, que ficou famoso ao ser atribu\u00eddo ao ex-presidente Luiz In\u00e1cio Lula da Silva (PT), agora tem dono. No s\u00e1bado","og_url":"https:\/\/redenoticiaz.com.br\/litoralsp\/2022\/05\/30\/morador-de-sao-paulo-e-sorteado-e-vira-o-dono-do-triplex-de-guaruja","og_site_name":"Litoral SP","article_published_time":"2022-05-30T14:12:47+00:00","article_modified_time":"2022-05-30T14:13:56+00:00","og_image":[{"width":640,"height":426,"url":"https:\/\/redenoticiaz.com.br\/litoralsp\/wp-content\/uploads\/sites\/3\/2022\/05\/triplex.jpg","type":"image\/jpeg"}],"author":"Leonardo Francisco","twitter_card":"summary_large_image","twitter_misc":{"Escrito por":"Leonardo Francisco","Est. tempo de leitura":"1 minuto"},"schema":{"@context":"https:\/\/schema.org","@graph":[{"@type":"Article","@id":"https:\/\/redenoticiaz.com.br\/litoralsp\/2022\/05\/30\/morador-de-sao-paulo-e-sorteado-e-vira-o-dono-do-triplex-de-guaruja#article","isPartOf":{"@id":"https:\/\/redenoticiaz.com.br\/litoralsp\/2022\/05\/30\/morador-de-sao-paulo-e-sorteado-e-vira-o-dono-do-triplex-de-guaruja"},"author":{"name":"Leonardo Francisco","@id":"https:\/\/redenoticiaz.com.br\/litoralsp\/#\/schema\/person\/0f0b8a5bdafefe82841e07ae8d81ecb3"},"headline":"Morador de S\u00e3o Paulo \u00e9 sorteado e vira o dono do &#8220;Triplex de Guaruj\u00e1&#8221;","datePublished":"2022-05-30T14:12:47+00:00","dateModified":"2022-05-30T14:13:56+00:00","mainEntityOfPage":{"@id":"https:\/\/redenoticiaz.com.br\/litoralsp\/2022\/05\/30\/morador-de-sao-paulo-e-sorteado-e-vira-o-dono-do-triplex-de-guaruja"},"wordCount":196,"commentCount":0,"publisher":{"@id":"https:\/\/redenoticiaz.com.br\/litoralsp\/#organization"},"image":{"@id":"https:\/\/redenoticiaz.com.br\/litoralsp\/2022\/05\/30\/morador-de-sao-paulo-e-sorteado-e-vira-o-dono-do-triplex-de-guaruja#primaryimage"},"thumbnailUrl":"https:\/\/redenoticiaz.com.br\/litoralsp\/wp-content\/uploads\/sites\/3\/2022\/05\/triplex.jpg","keywords":["GUARUJ\u00c1","JARDIM IGUATEMI","NOVO MORADOR","sorteio","TR\u00cdPLEX"],"articleSection":["Geral","Guaruj\u00e1"],"inLanguage":"pt-BR","potentialAction":[{"@type":"CommentAction","name":"Comment","target":["https:\/\/redenoticiaz.com.br\/litoralsp\/2022\/05\/30\/morador-de-sao-paulo-e-sorteado-e-vira-o-dono-do-triplex-de-guaruja#respond"]}]},{"@type":"WebPage","@id":"https:\/\/redenoticiaz.com.br\/litoralsp\/2022\/05\/30\/morador-de-sao-paulo-e-sorteado-e-vira-o-dono-do-triplex-de-guaruja","url":"https:\/\/redenoticiaz.com.br\/litoralsp\/2022\/05\/30\/morador-de-sao-paulo-e-sorteado-e-vira-o-dono-do-triplex-de-guaruja","name":"Morador de S\u00e3o Paulo \u00e9 sorteado e vira o dono do \"Triplex de Guaruj\u00e1\" - Litoral SP","isPartOf":{"@id":"https:\/\/redenoticiaz.com.br\/litoralsp\/#website"},"primaryImageOfPage":{"@id":"https:\/\/redenoticiaz.com.br\/litoralsp\/2022\/05\/30\/morador-de-sao-paulo-e-sorteado-e-vira-o-dono-do-triplex-de-guaruja#primaryimage"},"image":{"@id":"https:\/\/redenoticiaz.com.br\/litoralsp\/2022\/05\/30\/morador-de-sao-paulo-e-sorteado-e-vira-o-dono-do-triplex-de-guaruja#primaryimage"},"thumbnailUrl":"https:\/\/redenoticiaz.com.br\/litoralsp\/wp-content\/uploads\/sites\/3\/2022\/05\/triplex.jpg","datePublished":"2022-05-30T14:12:47+00:00","dateModified":"2022-05-30T14:13:56+00:00","description":"O triplex do Guaruj\u00e1, que ficou famoso ao ser atribu\u00eddo ao ex-presidente Luiz In\u00e1cio Lula da Silva (PT), agora tem dono. No s\u00e1bado","inLanguage":"pt-BR","potentialAction":[{"@type":"ReadAction","target":["https:\/\/redenoticiaz.com.br\/litoralsp\/2022\/05\/30\/morador-de-sao-paulo-e-sorteado-e-vira-o-dono-do-triplex-de-guaruja"]}]},{"@type":"ImageObject","inLanguage":"pt-BR","@id":"https:\/\/redenoticiaz.com.br\/litoralsp\/2022\/05\/30\/morador-de-sao-paulo-e-sorteado-e-vira-o-dono-do-triplex-de-guaruja#primaryimage","url":"https:\/\/redenoticiaz.com.br\/litoralsp\/wp-content\/uploads\/sites\/3\/2022\/05\/triplex.jpg","contentUrl":"https:\/\/redenoticiaz.com.br\/litoralsp\/wp-content\/uploads\/sites\/3\/2022\/05\/triplex.jpg","width":640,"height":426,"caption":"Cr\u00e9ditos: Reprodu\u00e7\u00e3o"},{"@type":"WebSite","@id":"https:\/\/redenoticiaz.com.br\/litoralsp\/#website","url":"https:\/\/redenoticiaz.com.br\/litoralsp\/","name":"Litoral SP","description":"Rede NoticiaZ","publisher":{"@id":"https:\/\/redenoticiaz.com.br\/litoralsp\/#organization"},"potentialAction":[{"@type":"SearchAction","target":{"@type":"EntryPoint","urlTemplate":"https:\/\/redenoticiaz.com.br\/litoralsp\/?s={search_term_string}"},"query-input":{"@type":"PropertyValueSpecification","valueRequired":true,"valueName":"search_term_string"}}],"inLanguage":"pt-BR"},{"@type":"Organization","@id":"https:\/\/redenoticiaz.com.br\/litoralsp\/#organization","name":"Litoral SP","url":"https:\/\/redenoticiaz.com.br\/litoralsp\/","logo":{"@type":"ImageObject","inLanguage":"pt-BR","@id":"https:\/\/redenoticiaz.com.br\/litoralsp\/#\/schema\/logo\/image\/","url":"https:\/\/redenoticiaz.com.br\/litoralsp\/wp-content\/uploads\/sites\/3\/2020\/11\/logo.jpg","contentUrl":"https:\/\/redenoticiaz.com.br\/litoralsp\/wp-content\/uploads\/sites\/3\/2020\/11\/logo.jpg","width":400,"height":250,"caption":"Litoral SP"},"image":{"@id":"https:\/\/redenoticiaz.com.br\/litoralsp\/#\/schema\/logo\/image\/"}},{"@type":"Person","@id":"https:\/\/redenoticiaz.com.br\/litoralsp\/#\/schema\/person\/0f0b8a5bdafefe82841e07ae8d81ecb3","name":"Leonardo Francisco","image":{"@type":"ImageObject","inLanguage":"pt-BR","@id":"https:\/\/secure.gravatar.com\/avatar\/a7358cb406a99b682ec6df1e77e31ae82e63601f6784e8a3df411d72b37864da?s=96&d=mm&r=g","url":"https:\/\/secure.gravatar.com\/avatar\/a7358cb406a99b682ec6df1e77e31ae82e63601f6784e8a3df411d72b37864da?s=96&d=mm&r=g","contentUrl":"https:\/\/secure.gravatar.com\/avatar\/a7358cb406a99b682ec6df1e77e31ae82e63601f6784e8a3df411d72b37864da?s=96&d=mm&r=g","caption":"Leonardo Francisco"},"url":"https:\/\/redenoticiaz.com.br\/litoralsp\/author\/leonardo-francisco"}]}},"_links":{"self":[{"href":"https:\/\/redenoticiaz.com.br\/litoralsp\/wp-json\/wp\/v2\/posts\/28911","targetHints":{"allow":["GET"]}}],"collection":[{"href":"https:\/\/redenoticiaz.com.br\/litoralsp\/wp-json\/wp\/v2\/posts"}],"about":[{"href":"https:\/\/redenoticiaz.com.br\/litoralsp\/wp-json\/wp\/v2\/types\/post"}],"author":[{"embeddable":true,"href":"https:\/\/redenoticiaz.com.br\/litoralsp\/wp-json\/wp\/v2\/users\/6"}],"replies":[{"embeddable":true,"href":"https:\/\/redenoticiaz.com.br\/litoralsp\/wp-json\/wp\/v2\/comments?post=28911"}],"version-history":[{"count":2,"href":"https:\/\/redenoticiaz.com.br\/litoralsp\/wp-json\/wp\/v2\/posts\/28911\/revisions"}],"predecessor-version":[{"id":28913,"href":"https:\/\/redenoticiaz.com.br\/litoralsp\/wp-json\/wp\/v2\/posts\/28911\/revisions\/28913"}],"wp:featuredmedia":[{"embeddable":true,"href":"https:\/\/redenoticiaz.com.br\/litoralsp\/wp-json\/wp\/v2\/media\/28843"}],"wp:attachment":[{"href":"https:\/\/redenoticiaz.com.br\/litoralsp\/wp-json\/wp\/v2\/media?parent=28911"}],"wp:term":[{"taxonomy":"category","embeddable":true,"href":"https:\/\/redenoticiaz.com.br\/litoralsp\/wp-json\/wp\/v2\/categories?post=28911"},{"taxonomy":"post_tag","embeddable":true,"href":"https:\/\/redenoticiaz.com.br\/litoralsp\/wp-json\/wp\/v2\/tags?post=28911"}],"curies":[{"name":"wp","href":"https:\/\/api.w.org\/{rel}","templated":true}]}}