{"id":2978,"date":"2021-01-19T12:10:27","date_gmt":"2021-01-19T15:10:27","guid":{"rendered":"https:\/\/redenoticiaz.com.br\/litoralsp\/?p=2978"},"modified":"2021-01-19T12:10:44","modified_gmt":"2021-01-19T15:10:44","slug":"parabens-praia-grande-sao-54-anos-de-desenvolvimento-e-grandes-perspectivas","status":"publish","type":"post","link":"https:\/\/redenoticiaz.com.br\/litoralsp\/2021\/01\/19\/parabens-praia-grande-sao-54-anos-de-desenvolvimento-e-grandes-perspectivas","title":{"rendered":"Parab\u00e9ns Praia Grande! S\u00e3o 54 anos de desenvolvimento e grandes perspectivas"},"content":{"rendered":"<p><a href=\"http:\/\/www.praiagrande.sp.gov.br\/index.asp\">Praia Grande<\/a> est\u00e1 recebendo os parab\u00e9ns por mais um ano de vida. A cidade completa 54 anos de muito desenvolvimento, grandes perspectivas para o futuro, mas tamb\u00e9m com enormes desafios a serem enfrentados. A come\u00e7ar pelo combate ao coronav\u00edrus, onde por enquanto ainda n\u00e3o h\u00e1 uma data espec\u00edfica para come\u00e7ar a vacinar.<\/p>\n<p>A prefeita Raquel Chini (PSDB) est\u00e1 esperando as decis\u00f5es do estado para ter a certeza de quantas doses chegar\u00e3o, para a\u00ed sim informar o in\u00edcio da campanha. &#8220;Devemos ser atendidos em breve e, s\u00f3 assim, poderemos afirmar com certeza as diretrizes da campanha. De qualquer forma, o que se pode adiantar \u00e9 sobre os postos de vacina\u00e7\u00e3o. Profissionais da Sa\u00fade ser\u00e3o vacinados nos locais de trabalho e, na sequ\u00eancia, idosos devem ser convocados a polos de atendimento&#8221;.<\/p>\n<p>O que se sabe de concreto \u00e9 que as Unidades de Sa\u00fade B\u00e1sica da Fam\u00edlia (Usafas) est\u00e3o descartadas como postos de vacina\u00e7\u00e3o, para que continuem funcionando efetivamente na urg\u00eancia\/emerg\u00eancia, incluindo casos mais leves da pr\u00f3pria COVID-19.<\/p>\n<h3>Hist\u00f3ria<\/h3>\n<p>No s\u00e9culo XVI, Praia Grande, que estava estrategicamente localizada entre S\u00e3o Vicente e\u00a0Itanha\u00e9m, foi caminho do padre\u00a0Jos\u00e9 de Anchieta. Na \u00e9poca, a regi\u00e3o do munic\u00edpio era conhecida como &#8220;Praia da Concei\u00e7\u00e3o&#8221;.<sup id=\"cite_ref-:0_12-0\" class=\"reference\"><\/sup><sup id=\"cite_ref-:1_13-0\" class=\"reference\"><\/sup><\/p>\n<p>No s\u00e9culo XVII, na regi\u00e3o em que hoje se situam os bairros do Boqueir\u00e3o e do Canto do Forte, forma-se um n\u00facleo populacional de car\u00e1ter essencialmente agr\u00edcola e surgem v\u00e1rios s\u00edtios ao longo da atual orla de Praia Grande e no n\u00facleo populacional anteriormente citado. Estes s\u00edtios produziam produtos agr\u00edcolas e artesanais, vendidos nas vilas de\u00a0Santos\u00a0e S\u00e3o Vicente. O transporte da produ\u00e7\u00e3o era feito ou em canoas que percorriam o\u00a0Rio Pia\u00e7abu\u00e7u\u00a0at\u00e9 o Porto do Pia\u00e7abu\u00e7u, no atual bairro de\u00a0Caieiras, ou saindo de S\u00e3o Vicente e chegando num porto, hoje localizado na atual regi\u00e3o do Portinho.<\/p>\n<p><sup id=\"cite_ref-:0_12-1\" class=\"reference\"><\/sup><sup id=\"cite_ref-:1_13-1\" class=\"reference\"><\/sup>No in\u00edcio do s\u00e9culo XX, com a abertura da\u00a0Fortaleza de Itaipu\u00a0(1902), da\u00a0Estrada de Ferro Santos-Juqui\u00e1\u00a0(1912) e, principalmente, da\u00a0Ponte P\u00eansil\u00a0(1914), investidores imobili\u00e1rios se interessam pela faixa de 22,5 km de praias cont\u00ednuas, que mais tarde seria a cidade de Praia Grande, e os s\u00edtios come\u00e7aram a ceder lugar aos primeiros loteamentos. Nessa \u00e9poca, os banhos de mar em Praia Grande eram recomendados com fins terap\u00eauticos, para tratar da sa\u00fade, por conta da concentra\u00e7\u00e3o de\u00a0iodo, mas, com o passar do tempo, o banho de mar com fins terap\u00eauticos foi perdendo import\u00e2ncia.<\/p>\n<h3>A emancipa\u00e7\u00e3o<\/h3>\n<p>O movimento pela emancipa\u00e7\u00e3o pol\u00edtica de Praia Grande come\u00e7ou na d\u00e9cada de 1950, devido \u00e0 infraestrutura prec\u00e1ria, com falta de saneamento b\u00e1sico, escolas, transporte, hospitais, abastecimento de \u00e1gua, luz e vias de acesso, mas houve resist\u00eancia por parte de S\u00e3o Vicente. Em 1963, houve um plebiscito sobre a emancipa\u00e7\u00e3o de Praia Grande, no qual a grande maioria da popula\u00e7\u00e3o votou a favor da emancipa\u00e7\u00e3o.<\/p>\n<p>Em 19 de janeiro de 1967, Praia Grande se desmembra de S\u00e3o Vicente, tornando-se um munic\u00edpio, e o engenheiro\u00a0Nicolau Paal\u00a0foi nomeado interventor federal no munic\u00edpio, com instala\u00e7\u00e3o provis\u00f3ria da prefeitura no\u00a0Ocian Praia Clube. A primeira elei\u00e7\u00e3o municipal em Praia Grande foi realizada em 15 de novembro de 1968, tendo como prefeito eleito\u00a0Dorivaldo Loria J\u00fanior.<\/p>\n<h3>Desafios<\/h3>\n<p>Al\u00e9m de trabalhar para melhorar a sa\u00fade, especialmente no combate ao coronav\u00edrus, Praia Grande tamb\u00e9m ter\u00e1 outros desafios para seguir promovendo o desenvolvimento da cidade. Na quest\u00e3o do emprego, a prefeita Raquel Chini cita que a cidade perdeu 2 mil postos de emprego. E para recuperar, o caminho \u00e9 a capacita\u00e7\u00e3o profissional, especialmente no com\u00e9rcio e turismo, considerado os carros chefes da economia.<\/p>\n<p>&#8220;As praias s\u00e3o nosso cart\u00e3o de visita. Contamos com os ambulantes, restaurantes, hot\u00e9is, lojas para atender o turista e manter ativa a cidade. Tamb\u00e9m acreditamos na isen\u00e7\u00e3o de impostos como um chamariz \u00e0s empresas que contratarem jovens aprendizes, ofertando a primeira vaga de emprego&#8221;.<\/p>\n<p>Outro trabalho que vem sendo feito de forma intensa na cidade \u00e9 a urbaniza\u00e7\u00e3o. Nos \u00faltimos anos Praia Grande teve uma grande evolu\u00e7\u00e3o neste setor, mas a chefe do Executivo sabe que ainda h\u00e1 muito a ser feito para consolidar de vez a cidade como uma das melhores para se viver.<\/p>\n<p>&#8220;Toda Praia Grande \u00e9 provida de coleta de lixo pavimenta\u00e7\u00e3o&#8230; Os poucos locais onde n\u00e3o chegamos ainda s\u00e3o os que precisam de\u00a0licen\u00e7a ambiental, que entram outros aspectos. Mas \u00e9 o cuidado de cada um, somado \u00e0 a\u00e7\u00e3o do Poder P\u00fablico, que melhora seu bairro&#8221;.<\/p>\n<p>Por isso em pleno anivers\u00e1rio da cidade, a prefeita ir\u00e1 participar de eventos e solenidades. Mas tamb\u00e9m vai percorrer ruas e avenidas para ouvir a popula\u00e7\u00e3o assim ajudar o servi\u00e7o p\u00fablico a ser executado da melhor forma.<\/p>\n<p>Leia tamb\u00e9m<\/p>\n<p><a href=\"https:\/\/redenoticiaz.com.br\/litoralsp\/2021\/01\/18\/programacao-de-aniversario-de-praia-grande-e-informada\">Programa\u00e7\u00e3o de anivers\u00e1rio de Praia Grande \u00e9 informada<\/a><\/p>\n<p>&nbsp;<\/p>\n","protected":false},"excerpt":{"rendered":"<p>Praia Grande est\u00e1 recebendo os parab\u00e9ns por mais um ano de vida. A cidade completa 54 anos de muito desenvolvimento, grandes perspectivas para o futuro, mas tamb\u00e9m com enormes desafios a serem enfrentados. A come\u00e7ar pelo combate ao coronav\u00edrus, onde por enquanto ainda n\u00e3o h\u00e1 uma data espec\u00edfica para come\u00e7ar a vacinar. A prefeita Raquel &hellip;<\/p>\n","protected":false},"author":6,"featured_media":2979,"comment_status":"open","ping_status":"closed","sticky":false,"template":"","format":"standard","meta":{"footnotes":""},"categories":[4,1579,182,23],"tags":[9211,36,9213,9212,9214,8352,1101,96,2315,8353,87],"class_list":["post-2978","post","type-post","status-publish","format-standard","has-post-thumbnail","hentry","category-geral","category-obras","category-praia-grande","category-saude","tag-54-anos","tag-covid-19","tag-desafios","tag-emancipacao-politico-administrativa","tag-emprego","tag-historia","tag-praia-grande","tag-saude","tag-turismo","tag-urbanismo","tag-vacina"],"yoast_head":"<!-- This site is optimized with the Yoast SEO plugin v27.4 - https:\/\/yoast.com\/product\/yoast-seo-wordpress\/ -->\n<title>Parab\u00e9ns Praia Grande! S\u00e3o 54 anos de desenvolvimento e grandes perspectivas - Litoral SP<\/title>\n<meta name=\"description\" content=\"Praia Grande est\u00e1 recebendo os parab\u00e9ns por mais um ano de vida. A cidade completa 54 anos de muito desenvolvimento, grandes perspectivas para o futuro\" \/>\n<meta name=\"robots\" content=\"index, follow, max-snippet:-1, max-image-preview:large, max-video-preview:-1\" \/>\n<link rel=\"canonical\" href=\"https:\/\/redenoticiaz.com.br\/litoralsp\/2021\/01\/19\/parabens-praia-grande-sao-54-anos-de-desenvolvimento-e-grandes-perspectivas\" \/>\n<meta property=\"og:locale\" content=\"pt_BR\" \/>\n<meta property=\"og:type\" content=\"article\" \/>\n<meta property=\"og:title\" content=\"Parab\u00e9ns Praia Grande! S\u00e3o 54 anos de desenvolvimento e grandes perspectivas - Litoral SP\" \/>\n<meta property=\"og:description\" content=\"Praia Grande est\u00e1 recebendo os parab\u00e9ns por mais um ano de vida. A cidade completa 54 anos de muito desenvolvimento, grandes perspectivas para o futuro\" \/>\n<meta property=\"og:url\" content=\"https:\/\/redenoticiaz.com.br\/litoralsp\/2021\/01\/19\/parabens-praia-grande-sao-54-anos-de-desenvolvimento-e-grandes-perspectivas\" \/>\n<meta property=\"og:site_name\" content=\"Litoral SP\" \/>\n<meta property=\"article:published_time\" content=\"2021-01-19T15:10:27+00:00\" \/>\n<meta property=\"article:modified_time\" content=\"2021-01-19T15:10:44+00:00\" \/>\n<meta property=\"og:image\" content=\"https:\/\/redenoticiaz.com.br\/litoralsp\/wp-content\/uploads\/sites\/3\/2021\/01\/pg-1.jpg\" \/>\n\t<meta property=\"og:image:width\" content=\"900\" \/>\n\t<meta property=\"og:image:height\" content=\"408\" \/>\n\t<meta property=\"og:image:type\" content=\"image\/jpeg\" \/>\n<meta name=\"author\" content=\"Leonardo Francisco\" \/>\n<meta name=\"twitter:card\" content=\"summary_large_image\" \/>\n<meta name=\"twitter:label1\" content=\"Escrito por\" \/>\n\t<meta name=\"twitter:data1\" content=\"Leonardo Francisco\" \/>\n\t<meta name=\"twitter:label2\" content=\"Est. tempo de leitura\" \/>\n\t<meta name=\"twitter:data2\" content=\"4 minutos\" \/>\n<script type=\"application\/ld+json\" class=\"yoast-schema-graph\">{\"@context\":\"https:\\\/\\\/schema.org\",\"@graph\":[{\"@type\":\"Article\",\"@id\":\"https:\\\/\\\/redenoticiaz.com.br\\\/litoralsp\\\/2021\\\/01\\\/19\\\/parabens-praia-grande-sao-54-anos-de-desenvolvimento-e-grandes-perspectivas#article\",\"isPartOf\":{\"@id\":\"https:\\\/\\\/redenoticiaz.com.br\\\/litoralsp\\\/2021\\\/01\\\/19\\\/parabens-praia-grande-sao-54-anos-de-desenvolvimento-e-grandes-perspectivas\"},\"author\":{\"name\":\"Leonardo Francisco\",\"@id\":\"https:\\\/\\\/redenoticiaz.com.br\\\/litoralsp\\\/#\\\/schema\\\/person\\\/0f0b8a5bdafefe82841e07ae8d81ecb3\"},\"headline\":\"Parab\u00e9ns Praia Grande! S\u00e3o 54 anos de desenvolvimento e grandes perspectivas\",\"datePublished\":\"2021-01-19T15:10:27+00:00\",\"dateModified\":\"2021-01-19T15:10:44+00:00\",\"mainEntityOfPage\":{\"@id\":\"https:\\\/\\\/redenoticiaz.com.br\\\/litoralsp\\\/2021\\\/01\\\/19\\\/parabens-praia-grande-sao-54-anos-de-desenvolvimento-e-grandes-perspectivas\"},\"wordCount\":870,\"commentCount\":0,\"publisher\":{\"@id\":\"https:\\\/\\\/redenoticiaz.com.br\\\/litoralsp\\\/#organization\"},\"image\":{\"@id\":\"https:\\\/\\\/redenoticiaz.com.br\\\/litoralsp\\\/2021\\\/01\\\/19\\\/parabens-praia-grande-sao-54-anos-de-desenvolvimento-e-grandes-perspectivas#primaryimage\"},\"thumbnailUrl\":\"https:\\\/\\\/redenoticiaz.com.br\\\/litoralsp\\\/wp-content\\\/uploads\\\/sites\\\/3\\\/2021\\\/01\\\/pg-1.jpg\",\"keywords\":[\"54 ANOS\",\"Covid-19\",\"DESAFIOS\",\"EMANCIPA\u00c7\u00c3O POL\u00cdTICO-ADMINISTRATIVA\",\"EMPREGO\",\"HIST\u00d3RIA\",\"PRAIA GRANDE\",\"saude\",\"turismo\",\"URBANISMO\",\"vacina\"],\"articleSection\":[\"Geral\",\"Obras\",\"Praia Grande\",\"Sa\u00fade\"],\"inLanguage\":\"pt-BR\",\"potentialAction\":[{\"@type\":\"CommentAction\",\"name\":\"Comment\",\"target\":[\"https:\\\/\\\/redenoticiaz.com.br\\\/litoralsp\\\/2021\\\/01\\\/19\\\/parabens-praia-grande-sao-54-anos-de-desenvolvimento-e-grandes-perspectivas#respond\"]}]},{\"@type\":\"WebPage\",\"@id\":\"https:\\\/\\\/redenoticiaz.com.br\\\/litoralsp\\\/2021\\\/01\\\/19\\\/parabens-praia-grande-sao-54-anos-de-desenvolvimento-e-grandes-perspectivas\",\"url\":\"https:\\\/\\\/redenoticiaz.com.br\\\/litoralsp\\\/2021\\\/01\\\/19\\\/parabens-praia-grande-sao-54-anos-de-desenvolvimento-e-grandes-perspectivas\",\"name\":\"Parab\u00e9ns Praia Grande! S\u00e3o 54 anos de desenvolvimento e grandes perspectivas - Litoral SP\",\"isPartOf\":{\"@id\":\"https:\\\/\\\/redenoticiaz.com.br\\\/litoralsp\\\/#website\"},\"primaryImageOfPage\":{\"@id\":\"https:\\\/\\\/redenoticiaz.com.br\\\/litoralsp\\\/2021\\\/01\\\/19\\\/parabens-praia-grande-sao-54-anos-de-desenvolvimento-e-grandes-perspectivas#primaryimage\"},\"image\":{\"@id\":\"https:\\\/\\\/redenoticiaz.com.br\\\/litoralsp\\\/2021\\\/01\\\/19\\\/parabens-praia-grande-sao-54-anos-de-desenvolvimento-e-grandes-perspectivas#primaryimage\"},\"thumbnailUrl\":\"https:\\\/\\\/redenoticiaz.com.br\\\/litoralsp\\\/wp-content\\\/uploads\\\/sites\\\/3\\\/2021\\\/01\\\/pg-1.jpg\",\"datePublished\":\"2021-01-19T15:10:27+00:00\",\"dateModified\":\"2021-01-19T15:10:44+00:00\",\"description\":\"Praia Grande est\u00e1 recebendo os parab\u00e9ns por mais um ano de vida. A cidade completa 54 anos de muito desenvolvimento, grandes perspectivas para o futuro\",\"inLanguage\":\"pt-BR\",\"potentialAction\":[{\"@type\":\"ReadAction\",\"target\":[\"https:\\\/\\\/redenoticiaz.com.br\\\/litoralsp\\\/2021\\\/01\\\/19\\\/parabens-praia-grande-sao-54-anos-de-desenvolvimento-e-grandes-perspectivas\"]}]},{\"@type\":\"ImageObject\",\"inLanguage\":\"pt-BR\",\"@id\":\"https:\\\/\\\/redenoticiaz.com.br\\\/litoralsp\\\/2021\\\/01\\\/19\\\/parabens-praia-grande-sao-54-anos-de-desenvolvimento-e-grandes-perspectivas#primaryimage\",\"url\":\"https:\\\/\\\/redenoticiaz.com.br\\\/litoralsp\\\/wp-content\\\/uploads\\\/sites\\\/3\\\/2021\\\/01\\\/pg-1.jpg\",\"contentUrl\":\"https:\\\/\\\/redenoticiaz.com.br\\\/litoralsp\\\/wp-content\\\/uploads\\\/sites\\\/3\\\/2021\\\/01\\\/pg-1.jpg\",\"width\":900,\"height\":408,\"caption\":\"Parab\u00e9ns Praia Grande! S\u00e3o 54 anos de desenvolvimento e grandes perspectivas\"},{\"@type\":\"WebSite\",\"@id\":\"https:\\\/\\\/redenoticiaz.com.br\\\/litoralsp\\\/#website\",\"url\":\"https:\\\/\\\/redenoticiaz.com.br\\\/litoralsp\\\/\",\"name\":\"Litoral SP\",\"description\":\"Rede NoticiaZ\",\"publisher\":{\"@id\":\"https:\\\/\\\/redenoticiaz.com.br\\\/litoralsp\\\/#organization\"},\"potentialAction\":[{\"@type\":\"SearchAction\",\"target\":{\"@type\":\"EntryPoint\",\"urlTemplate\":\"https:\\\/\\\/redenoticiaz.com.br\\\/litoralsp\\\/?s={search_term_string}\"},\"query-input\":{\"@type\":\"PropertyValueSpecification\",\"valueRequired\":true,\"valueName\":\"search_term_string\"}}],\"inLanguage\":\"pt-BR\"},{\"@type\":\"Organization\",\"@id\":\"https:\\\/\\\/redenoticiaz.com.br\\\/litoralsp\\\/#organization\",\"name\":\"Litoral SP\",\"url\":\"https:\\\/\\\/redenoticiaz.com.br\\\/litoralsp\\\/\",\"logo\":{\"@type\":\"ImageObject\",\"inLanguage\":\"pt-BR\",\"@id\":\"https:\\\/\\\/redenoticiaz.com.br\\\/litoralsp\\\/#\\\/schema\\\/logo\\\/image\\\/\",\"url\":\"https:\\\/\\\/redenoticiaz.com.br\\\/litoralsp\\\/wp-content\\\/uploads\\\/sites\\\/3\\\/2020\\\/11\\\/logo.jpg\",\"contentUrl\":\"https:\\\/\\\/redenoticiaz.com.br\\\/litoralsp\\\/wp-content\\\/uploads\\\/sites\\\/3\\\/2020\\\/11\\\/logo.jpg\",\"width\":400,\"height\":250,\"caption\":\"Litoral SP\"},\"image\":{\"@id\":\"https:\\\/\\\/redenoticiaz.com.br\\\/litoralsp\\\/#\\\/schema\\\/logo\\\/image\\\/\"}},{\"@type\":\"Person\",\"@id\":\"https:\\\/\\\/redenoticiaz.com.br\\\/litoralsp\\\/#\\\/schema\\\/person\\\/0f0b8a5bdafefe82841e07ae8d81ecb3\",\"name\":\"Leonardo Francisco\",\"image\":{\"@type\":\"ImageObject\",\"inLanguage\":\"pt-BR\",\"@id\":\"https:\\\/\\\/secure.gravatar.com\\\/avatar\\\/a7358cb406a99b682ec6df1e77e31ae82e63601f6784e8a3df411d72b37864da?s=96&d=mm&r=g\",\"url\":\"https:\\\/\\\/secure.gravatar.com\\\/avatar\\\/a7358cb406a99b682ec6df1e77e31ae82e63601f6784e8a3df411d72b37864da?s=96&d=mm&r=g\",\"contentUrl\":\"https:\\\/\\\/secure.gravatar.com\\\/avatar\\\/a7358cb406a99b682ec6df1e77e31ae82e63601f6784e8a3df411d72b37864da?s=96&d=mm&r=g\",\"caption\":\"Leonardo Francisco\"},\"url\":\"https:\\\/\\\/redenoticiaz.com.br\\\/litoralsp\\\/author\\\/leonardo-francisco\"}]}<\/script>\n<!-- \/ Yoast SEO plugin. -->","yoast_head_json":{"title":"Parab\u00e9ns Praia Grande! S\u00e3o 54 anos de desenvolvimento e grandes perspectivas - Litoral SP","description":"Praia Grande est\u00e1 recebendo os parab\u00e9ns por mais um ano de vida. A cidade completa 54 anos de muito desenvolvimento, grandes perspectivas para o futuro","robots":{"index":"index","follow":"follow","max-snippet":"max-snippet:-1","max-image-preview":"max-image-preview:large","max-video-preview":"max-video-preview:-1"},"canonical":"https:\/\/redenoticiaz.com.br\/litoralsp\/2021\/01\/19\/parabens-praia-grande-sao-54-anos-de-desenvolvimento-e-grandes-perspectivas","og_locale":"pt_BR","og_type":"article","og_title":"Parab\u00e9ns Praia Grande! S\u00e3o 54 anos de desenvolvimento e grandes perspectivas - Litoral SP","og_description":"Praia Grande est\u00e1 recebendo os parab\u00e9ns por mais um ano de vida. A cidade completa 54 anos de muito desenvolvimento, grandes perspectivas para o futuro","og_url":"https:\/\/redenoticiaz.com.br\/litoralsp\/2021\/01\/19\/parabens-praia-grande-sao-54-anos-de-desenvolvimento-e-grandes-perspectivas","og_site_name":"Litoral SP","article_published_time":"2021-01-19T15:10:27+00:00","article_modified_time":"2021-01-19T15:10:44+00:00","og_image":[{"width":900,"height":408,"url":"https:\/\/redenoticiaz.com.br\/litoralsp\/wp-content\/uploads\/sites\/3\/2021\/01\/pg-1.jpg","type":"image\/jpeg"}],"author":"Leonardo Francisco","twitter_card":"summary_large_image","twitter_misc":{"Escrito por":"Leonardo Francisco","Est. tempo de leitura":"4 minutos"},"schema":{"@context":"https:\/\/schema.org","@graph":[{"@type":"Article","@id":"https:\/\/redenoticiaz.com.br\/litoralsp\/2021\/01\/19\/parabens-praia-grande-sao-54-anos-de-desenvolvimento-e-grandes-perspectivas#article","isPartOf":{"@id":"https:\/\/redenoticiaz.com.br\/litoralsp\/2021\/01\/19\/parabens-praia-grande-sao-54-anos-de-desenvolvimento-e-grandes-perspectivas"},"author":{"name":"Leonardo Francisco","@id":"https:\/\/redenoticiaz.com.br\/litoralsp\/#\/schema\/person\/0f0b8a5bdafefe82841e07ae8d81ecb3"},"headline":"Parab\u00e9ns Praia Grande! S\u00e3o 54 anos de desenvolvimento e grandes perspectivas","datePublished":"2021-01-19T15:10:27+00:00","dateModified":"2021-01-19T15:10:44+00:00","mainEntityOfPage":{"@id":"https:\/\/redenoticiaz.com.br\/litoralsp\/2021\/01\/19\/parabens-praia-grande-sao-54-anos-de-desenvolvimento-e-grandes-perspectivas"},"wordCount":870,"commentCount":0,"publisher":{"@id":"https:\/\/redenoticiaz.com.br\/litoralsp\/#organization"},"image":{"@id":"https:\/\/redenoticiaz.com.br\/litoralsp\/2021\/01\/19\/parabens-praia-grande-sao-54-anos-de-desenvolvimento-e-grandes-perspectivas#primaryimage"},"thumbnailUrl":"https:\/\/redenoticiaz.com.br\/litoralsp\/wp-content\/uploads\/sites\/3\/2021\/01\/pg-1.jpg","keywords":["54 ANOS","Covid-19","DESAFIOS","EMANCIPA\u00c7\u00c3O POL\u00cdTICO-ADMINISTRATIVA","EMPREGO","HIST\u00d3RIA","PRAIA GRANDE","saude","turismo","URBANISMO","vacina"],"articleSection":["Geral","Obras","Praia Grande","Sa\u00fade"],"inLanguage":"pt-BR","potentialAction":[{"@type":"CommentAction","name":"Comment","target":["https:\/\/redenoticiaz.com.br\/litoralsp\/2021\/01\/19\/parabens-praia-grande-sao-54-anos-de-desenvolvimento-e-grandes-perspectivas#respond"]}]},{"@type":"WebPage","@id":"https:\/\/redenoticiaz.com.br\/litoralsp\/2021\/01\/19\/parabens-praia-grande-sao-54-anos-de-desenvolvimento-e-grandes-perspectivas","url":"https:\/\/redenoticiaz.com.br\/litoralsp\/2021\/01\/19\/parabens-praia-grande-sao-54-anos-de-desenvolvimento-e-grandes-perspectivas","name":"Parab\u00e9ns Praia Grande! S\u00e3o 54 anos de desenvolvimento e grandes perspectivas - Litoral SP","isPartOf":{"@id":"https:\/\/redenoticiaz.com.br\/litoralsp\/#website"},"primaryImageOfPage":{"@id":"https:\/\/redenoticiaz.com.br\/litoralsp\/2021\/01\/19\/parabens-praia-grande-sao-54-anos-de-desenvolvimento-e-grandes-perspectivas#primaryimage"},"image":{"@id":"https:\/\/redenoticiaz.com.br\/litoralsp\/2021\/01\/19\/parabens-praia-grande-sao-54-anos-de-desenvolvimento-e-grandes-perspectivas#primaryimage"},"thumbnailUrl":"https:\/\/redenoticiaz.com.br\/litoralsp\/wp-content\/uploads\/sites\/3\/2021\/01\/pg-1.jpg","datePublished":"2021-01-19T15:10:27+00:00","dateModified":"2021-01-19T15:10:44+00:00","description":"Praia Grande est\u00e1 recebendo os parab\u00e9ns por mais um ano de vida. A cidade completa 54 anos de muito desenvolvimento, grandes perspectivas para o futuro","inLanguage":"pt-BR","potentialAction":[{"@type":"ReadAction","target":["https:\/\/redenoticiaz.com.br\/litoralsp\/2021\/01\/19\/parabens-praia-grande-sao-54-anos-de-desenvolvimento-e-grandes-perspectivas"]}]},{"@type":"ImageObject","inLanguage":"pt-BR","@id":"https:\/\/redenoticiaz.com.br\/litoralsp\/2021\/01\/19\/parabens-praia-grande-sao-54-anos-de-desenvolvimento-e-grandes-perspectivas#primaryimage","url":"https:\/\/redenoticiaz.com.br\/litoralsp\/wp-content\/uploads\/sites\/3\/2021\/01\/pg-1.jpg","contentUrl":"https:\/\/redenoticiaz.com.br\/litoralsp\/wp-content\/uploads\/sites\/3\/2021\/01\/pg-1.jpg","width":900,"height":408,"caption":"Parab\u00e9ns Praia Grande! S\u00e3o 54 anos de desenvolvimento e grandes perspectivas"},{"@type":"WebSite","@id":"https:\/\/redenoticiaz.com.br\/litoralsp\/#website","url":"https:\/\/redenoticiaz.com.br\/litoralsp\/","name":"Litoral SP","description":"Rede NoticiaZ","publisher":{"@id":"https:\/\/redenoticiaz.com.br\/litoralsp\/#organization"},"potentialAction":[{"@type":"SearchAction","target":{"@type":"EntryPoint","urlTemplate":"https:\/\/redenoticiaz.com.br\/litoralsp\/?s={search_term_string}"},"query-input":{"@type":"PropertyValueSpecification","valueRequired":true,"valueName":"search_term_string"}}],"inLanguage":"pt-BR"},{"@type":"Organization","@id":"https:\/\/redenoticiaz.com.br\/litoralsp\/#organization","name":"Litoral SP","url":"https:\/\/redenoticiaz.com.br\/litoralsp\/","logo":{"@type":"ImageObject","inLanguage":"pt-BR","@id":"https:\/\/redenoticiaz.com.br\/litoralsp\/#\/schema\/logo\/image\/","url":"https:\/\/redenoticiaz.com.br\/litoralsp\/wp-content\/uploads\/sites\/3\/2020\/11\/logo.jpg","contentUrl":"https:\/\/redenoticiaz.com.br\/litoralsp\/wp-content\/uploads\/sites\/3\/2020\/11\/logo.jpg","width":400,"height":250,"caption":"Litoral SP"},"image":{"@id":"https:\/\/redenoticiaz.com.br\/litoralsp\/#\/schema\/logo\/image\/"}},{"@type":"Person","@id":"https:\/\/redenoticiaz.com.br\/litoralsp\/#\/schema\/person\/0f0b8a5bdafefe82841e07ae8d81ecb3","name":"Leonardo Francisco","image":{"@type":"ImageObject","inLanguage":"pt-BR","@id":"https:\/\/secure.gravatar.com\/avatar\/a7358cb406a99b682ec6df1e77e31ae82e63601f6784e8a3df411d72b37864da?s=96&d=mm&r=g","url":"https:\/\/secure.gravatar.com\/avatar\/a7358cb406a99b682ec6df1e77e31ae82e63601f6784e8a3df411d72b37864da?s=96&d=mm&r=g","contentUrl":"https:\/\/secure.gravatar.com\/avatar\/a7358cb406a99b682ec6df1e77e31ae82e63601f6784e8a3df411d72b37864da?s=96&d=mm&r=g","caption":"Leonardo Francisco"},"url":"https:\/\/redenoticiaz.com.br\/litoralsp\/author\/leonardo-francisco"}]}},"_links":{"self":[{"href":"https:\/\/redenoticiaz.com.br\/litoralsp\/wp-json\/wp\/v2\/posts\/2978","targetHints":{"allow":["GET"]}}],"collection":[{"href":"https:\/\/redenoticiaz.com.br\/litoralsp\/wp-json\/wp\/v2\/posts"}],"about":[{"href":"https:\/\/redenoticiaz.com.br\/litoralsp\/wp-json\/wp\/v2\/types\/post"}],"author":[{"embeddable":true,"href":"https:\/\/redenoticiaz.com.br\/litoralsp\/wp-json\/wp\/v2\/users\/6"}],"replies":[{"embeddable":true,"href":"https:\/\/redenoticiaz.com.br\/litoralsp\/wp-json\/wp\/v2\/comments?post=2978"}],"version-history":[{"count":1,"href":"https:\/\/redenoticiaz.com.br\/litoralsp\/wp-json\/wp\/v2\/posts\/2978\/revisions"}],"predecessor-version":[{"id":2980,"href":"https:\/\/redenoticiaz.com.br\/litoralsp\/wp-json\/wp\/v2\/posts\/2978\/revisions\/2980"}],"wp:featuredmedia":[{"embeddable":true,"href":"https:\/\/redenoticiaz.com.br\/litoralsp\/wp-json\/wp\/v2\/media\/2979"}],"wp:attachment":[{"href":"https:\/\/redenoticiaz.com.br\/litoralsp\/wp-json\/wp\/v2\/media?parent=2978"}],"wp:term":[{"taxonomy":"category","embeddable":true,"href":"https:\/\/redenoticiaz.com.br\/litoralsp\/wp-json\/wp\/v2\/categories?post=2978"},{"taxonomy":"post_tag","embeddable":true,"href":"https:\/\/redenoticiaz.com.br\/litoralsp\/wp-json\/wp\/v2\/tags?post=2978"}],"curies":[{"name":"wp","href":"https:\/\/api.w.org\/{rel}","templated":true}]}}