{"id":2987,"date":"2021-01-19T13:50:42","date_gmt":"2021-01-19T16:50:42","guid":{"rendered":"https:\/\/redenoticiaz.com.br\/litoralsp\/2021\/01\/19\/brasil-registra-mais-de-210-mil-mortes-por-covid-19"},"modified":"2021-01-19T13:52:25","modified_gmt":"2021-01-19T16:52:25","slug":"brasil-registra-mais-de-210-mil-mortes-por-covid-19","status":"publish","type":"post","link":"https:\/\/redenoticiaz.com.br\/litoralsp\/2021\/01\/19\/brasil-registra-mais-de-210-mil-mortes-por-covid-19","title":{"rendered":"Brasil registra mais de 210 mil mortes por COVID-19"},"content":{"rendered":"<p>O <a href=\"https:\/\/www.gov.br\/pt-br\">Brasil<\/a> registrou a triste marca de mais de 210 mil mortes causadas pela COVID-19. Segundo o levantamento do cons\u00f3rcio de ve\u00edculos de imprensa, este resultado aponta que a m\u00e9dia m\u00f3vel est\u00e1 em 959, um aumento de 33%, se comparado aos \u00edndices dos \u00faltimos 14 dias.<\/p>\n<p>J\u00e1 o n\u00famero de casos confirmados, o pa\u00eds est\u00e1 com 8.512.238 pessoas que j\u00e1 foram infectadas pela doen\u00e7a. O aumento \u00e9 de 53% acima do que vinha sendo registrado nos \u00faltimos sete dias e a m\u00e9dia foi de mais 54.058 novos casos.<\/p>\n<p>O coronav\u00edrus segue tend\u00eancia de alta nos estados de Alagoas, Amazonas, Goi\u00e1s, Minas Gerais, Pernambuco Rio de Janeiro, Rond\u00f4nia, Roraima, S\u00e3o Paulo, Sergipe e Tocantins. Em situa\u00e7\u00e3o de estabilidade encontram-se os estados do Amap\u00e1, Bahia, Distrito Federal, Esp\u00edrito Santo, Mato Grosso, Par\u00e1, Piau\u00ed, Rio Grande do Norte, Rio Grande do Sul e Santa Catarina.<\/p>\n<p>J\u00e1 os estados que est\u00e3o em queda s\u00e3o o Acre, Mato Grosso do Sul, Para\u00edba e o Paran\u00e1. O Cear\u00e1 n\u00e3o atualizou a situa\u00e7\u00e3o da COVID-19.<\/p>\n<h3>Vacina<\/h3>\n<p>O \u00faltimo estado a receber as doses da vacina contra o coronav\u00edrus foi Rond\u00f4nia. O imunizante da CoronaVac desembarcou em Porto Velho e j\u00e1 come\u00e7ou a ser realizada a imuniza\u00e7\u00e3o. Inicialmente ser\u00e3o os profissionais de sa\u00fade e os ind\u00edgenas que ser\u00e3o imunizados.<\/p>\n<p>Embora todo o Brasil j\u00e1 tenha iniciado a campanha da vacina\u00e7\u00e3o contra a COVID-19, as doses existentes n\u00e3o ser\u00e3o suficiente e podem acabar no final de janeiro. Por isso as buscas por mais insumos e doses est\u00e3o a todo vapor.<\/p>\n<p>O Governo de S\u00e3o Paulo espera receber mais insumo para criar mais 5,5 milh\u00f5es de doses na semana que vem. As negocia\u00e7\u00f5es com a China est\u00e3o em andamento para liberar o IFA, sigla para &#8220;ingrediente farmac\u00eautico ativo&#8221;.<\/p>\n<p>J\u00e1 a Funda\u00e7\u00e3o Oswaldo Cruz (Fiocruz) diz que vai receber as vacinas da AstraZeneca e produzir no futuro parte das doses aqui. Mas tamb\u00e9m depende do IFA que vem da China. Os chineses e os indianos s\u00e3o os maiores produtores do mundo de insumos para a ind\u00fastria farmac\u00eautica.<\/p>\n<div class=\"mc-column content-text active-extra-styles \" data-block-type=\"unstyled\" data-block-weight=\"81\" data-block-id=\"9\">\n<p data-track-category=\"Link no Texto\" data-track-links=\"\">O diretor-presidente do Instituto Butantan, Dimas Covas cobra mais agilidade para a vinda dos insumos. E ainda falou que o presidente Jair Bolsonaro defenda a vacina e interceda pela libera\u00e7\u00e3o do insumo.<\/p>\n<p data-track-category=\"Link no Texto\" data-track-links=\"\">&#8220;Se a vacina agora \u00e9 do Brasil, o nosso presidente tenha a dignidade de defend\u00ea-la e de solicitar, inclusive, apoio, pro seu Minist\u00e9rio de Rela\u00e7\u00f5es Exteriores na conversa com o governo da China. \u00c9 o que n\u00f3s esperamos\u201d, disse.<\/p>\n<p data-track-category=\"Link no Texto\" data-track-links=\"\">Leia tamb\u00e9m<\/p>\n<p data-track-category=\"Link no Texto\" data-track-links=\"\"><a href=\"https:\/\/redenoticiaz.com.br\/blog\/2021\/01\/18\/jundiai-contabiliza-mais-quatro-mortes-pelo-coronavirus\">Jundia\u00ed contabiliza mais quatro mortes pelo coronav\u00edrus<\/a><\/p>\n<\/div>\n","protected":false},"excerpt":{"rendered":"<p>O Brasil registrou a triste marca de mais de 210 mil mortes causadas pela COVID-19. Segundo o levantamento do cons\u00f3rcio de ve\u00edculos de imprensa, este resultado aponta que a m\u00e9dia m\u00f3vel est\u00e1 em 959, um aumento de 33%, se comparado aos \u00edndices dos \u00faltimos 14 dias. J\u00e1 o n\u00famero de casos confirmados, o pa\u00eds est\u00e1 &hellip;<\/p>\n","protected":false},"author":6,"featured_media":77,"comment_status":"open","ping_status":"closed","sticky":false,"template":"","format":"standard","meta":{"footnotes":""},"categories":[23],"tags":[9220,173,7725,9221,25,36,9222,2948,79,9223,87],"class_list":["post-2987","post","type-post","status-publish","format-standard","has-post-thumbnail","hentry","category-saude","tag-alta","tag-brasil","tag-casos","tag-china","tag-coronavac","tag-covid-19","tag-estados","tag-insumos","tag-mortes","tag-rondonia","tag-vacina"],"yoast_head":"<!-- This site is optimized with the Yoast SEO plugin v27.5 - https:\/\/yoast.com\/product\/yoast-seo-wordpress\/ -->\n<title>Brasil registra mais de 210 mil mortes por COVID-19 - Litoral SP<\/title>\n<meta name=\"description\" content=\"O Brasil registrou a triste marca de mais de 210 mil mortes causadas pela COVID-19. Segundo o levantamento do cons\u00f3rcio de ve\u00edculos de imprensa\" \/>\n<meta name=\"robots\" content=\"index, follow, max-snippet:-1, max-image-preview:large, max-video-preview:-1\" \/>\n<link rel=\"canonical\" href=\"https:\/\/redenoticiaz.com.br\/litoralsp\/2021\/01\/19\/brasil-registra-mais-de-210-mil-mortes-por-covid-19\" \/>\n<meta property=\"og:locale\" content=\"pt_BR\" \/>\n<meta property=\"og:type\" content=\"article\" \/>\n<meta property=\"og:title\" content=\"Brasil registra mais de 210 mil mortes por COVID-19 - Litoral SP\" \/>\n<meta property=\"og:description\" content=\"O Brasil registrou a triste marca de mais de 210 mil mortes causadas pela COVID-19. Segundo o levantamento do cons\u00f3rcio de ve\u00edculos de imprensa\" \/>\n<meta property=\"og:url\" content=\"https:\/\/redenoticiaz.com.br\/litoralsp\/2021\/01\/19\/brasil-registra-mais-de-210-mil-mortes-por-covid-19\" \/>\n<meta property=\"og:site_name\" content=\"Litoral SP\" \/>\n<meta property=\"article:published_time\" content=\"2021-01-19T16:50:42+00:00\" \/>\n<meta property=\"article:modified_time\" content=\"2021-01-19T16:52:25+00:00\" \/>\n<meta property=\"og:image\" content=\"https:\/\/redenoticiaz.com.br\/litoralsp\/wp-content\/uploads\/sites\/3\/2020\/11\/cemiterio-1.jpg\" \/>\n\t<meta property=\"og:image:width\" content=\"1008\" \/>\n\t<meta property=\"og:image:height\" content=\"648\" \/>\n\t<meta property=\"og:image:type\" content=\"image\/jpeg\" \/>\n<meta name=\"author\" content=\"Leonardo Francisco\" \/>\n<meta name=\"twitter:card\" content=\"summary_large_image\" \/>\n<meta name=\"twitter:label1\" content=\"Escrito por\" \/>\n\t<meta name=\"twitter:data1\" content=\"Leonardo Francisco\" \/>\n\t<meta name=\"twitter:label2\" content=\"Est. tempo de leitura\" \/>\n\t<meta name=\"twitter:data2\" content=\"2 minutos\" \/>\n<script type=\"application\/ld+json\" class=\"yoast-schema-graph\">{\"@context\":\"https:\\\/\\\/schema.org\",\"@graph\":[{\"@type\":\"Article\",\"@id\":\"https:\\\/\\\/redenoticiaz.com.br\\\/litoralsp\\\/2021\\\/01\\\/19\\\/brasil-registra-mais-de-210-mil-mortes-por-covid-19#article\",\"isPartOf\":{\"@id\":\"https:\\\/\\\/redenoticiaz.com.br\\\/litoralsp\\\/2021\\\/01\\\/19\\\/brasil-registra-mais-de-210-mil-mortes-por-covid-19\"},\"author\":{\"name\":\"Leonardo Francisco\",\"@id\":\"https:\\\/\\\/redenoticiaz.com.br\\\/litoralsp\\\/#\\\/schema\\\/person\\\/0f0b8a5bdafefe82841e07ae8d81ecb3\"},\"headline\":\"Brasil registra mais de 210 mil mortes por COVID-19\",\"datePublished\":\"2021-01-19T16:50:42+00:00\",\"dateModified\":\"2021-01-19T16:52:25+00:00\",\"mainEntityOfPage\":{\"@id\":\"https:\\\/\\\/redenoticiaz.com.br\\\/litoralsp\\\/2021\\\/01\\\/19\\\/brasil-registra-mais-de-210-mil-mortes-por-covid-19\"},\"wordCount\":462,\"commentCount\":0,\"publisher\":{\"@id\":\"https:\\\/\\\/redenoticiaz.com.br\\\/litoralsp\\\/#organization\"},\"image\":{\"@id\":\"https:\\\/\\\/redenoticiaz.com.br\\\/litoralsp\\\/2021\\\/01\\\/19\\\/brasil-registra-mais-de-210-mil-mortes-por-covid-19#primaryimage\"},\"thumbnailUrl\":\"https:\\\/\\\/redenoticiaz.com.br\\\/litoralsp\\\/wp-content\\\/uploads\\\/sites\\\/3\\\/2020\\\/11\\\/cemiterio-1.jpg\",\"keywords\":[\"alta\",\"Brasil\",\"CASOS\",\"China\",\"CoronaVac\",\"Covid-19\",\"ESTADOS\",\"INSUMOS\",\"MORTES\",\"ROND\u00d4NIA\",\"vacina\"],\"articleSection\":[\"Sa\u00fade\"],\"inLanguage\":\"pt-BR\",\"potentialAction\":[{\"@type\":\"CommentAction\",\"name\":\"Comment\",\"target\":[\"https:\\\/\\\/redenoticiaz.com.br\\\/litoralsp\\\/2021\\\/01\\\/19\\\/brasil-registra-mais-de-210-mil-mortes-por-covid-19#respond\"]}]},{\"@type\":\"WebPage\",\"@id\":\"https:\\\/\\\/redenoticiaz.com.br\\\/litoralsp\\\/2021\\\/01\\\/19\\\/brasil-registra-mais-de-210-mil-mortes-por-covid-19\",\"url\":\"https:\\\/\\\/redenoticiaz.com.br\\\/litoralsp\\\/2021\\\/01\\\/19\\\/brasil-registra-mais-de-210-mil-mortes-por-covid-19\",\"name\":\"Brasil registra mais de 210 mil mortes por COVID-19 - Litoral SP\",\"isPartOf\":{\"@id\":\"https:\\\/\\\/redenoticiaz.com.br\\\/litoralsp\\\/#website\"},\"primaryImageOfPage\":{\"@id\":\"https:\\\/\\\/redenoticiaz.com.br\\\/litoralsp\\\/2021\\\/01\\\/19\\\/brasil-registra-mais-de-210-mil-mortes-por-covid-19#primaryimage\"},\"image\":{\"@id\":\"https:\\\/\\\/redenoticiaz.com.br\\\/litoralsp\\\/2021\\\/01\\\/19\\\/brasil-registra-mais-de-210-mil-mortes-por-covid-19#primaryimage\"},\"thumbnailUrl\":\"https:\\\/\\\/redenoticiaz.com.br\\\/litoralsp\\\/wp-content\\\/uploads\\\/sites\\\/3\\\/2020\\\/11\\\/cemiterio-1.jpg\",\"datePublished\":\"2021-01-19T16:50:42+00:00\",\"dateModified\":\"2021-01-19T16:52:25+00:00\",\"description\":\"O Brasil registrou a triste marca de mais de 210 mil mortes causadas pela COVID-19. Segundo o levantamento do cons\u00f3rcio de ve\u00edculos de imprensa\",\"inLanguage\":\"pt-BR\",\"potentialAction\":[{\"@type\":\"ReadAction\",\"target\":[\"https:\\\/\\\/redenoticiaz.com.br\\\/litoralsp\\\/2021\\\/01\\\/19\\\/brasil-registra-mais-de-210-mil-mortes-por-covid-19\"]}]},{\"@type\":\"ImageObject\",\"inLanguage\":\"pt-BR\",\"@id\":\"https:\\\/\\\/redenoticiaz.com.br\\\/litoralsp\\\/2021\\\/01\\\/19\\\/brasil-registra-mais-de-210-mil-mortes-por-covid-19#primaryimage\",\"url\":\"https:\\\/\\\/redenoticiaz.com.br\\\/litoralsp\\\/wp-content\\\/uploads\\\/sites\\\/3\\\/2020\\\/11\\\/cemiterio-1.jpg\",\"contentUrl\":\"https:\\\/\\\/redenoticiaz.com.br\\\/litoralsp\\\/wp-content\\\/uploads\\\/sites\\\/3\\\/2020\\\/11\\\/cemiterio-1.jpg\",\"width\":1008,\"height\":648,\"caption\":\"Brasil: Mais 3.600 mil mortes por Covid-19 s\u00e3o registradas\"},{\"@type\":\"WebSite\",\"@id\":\"https:\\\/\\\/redenoticiaz.com.br\\\/litoralsp\\\/#website\",\"url\":\"https:\\\/\\\/redenoticiaz.com.br\\\/litoralsp\\\/\",\"name\":\"Litoral SP\",\"description\":\"Rede NoticiaZ\",\"publisher\":{\"@id\":\"https:\\\/\\\/redenoticiaz.com.br\\\/litoralsp\\\/#organization\"},\"potentialAction\":[{\"@type\":\"SearchAction\",\"target\":{\"@type\":\"EntryPoint\",\"urlTemplate\":\"https:\\\/\\\/redenoticiaz.com.br\\\/litoralsp\\\/?s={search_term_string}\"},\"query-input\":{\"@type\":\"PropertyValueSpecification\",\"valueRequired\":true,\"valueName\":\"search_term_string\"}}],\"inLanguage\":\"pt-BR\"},{\"@type\":\"Organization\",\"@id\":\"https:\\\/\\\/redenoticiaz.com.br\\\/litoralsp\\\/#organization\",\"name\":\"Litoral SP\",\"url\":\"https:\\\/\\\/redenoticiaz.com.br\\\/litoralsp\\\/\",\"logo\":{\"@type\":\"ImageObject\",\"inLanguage\":\"pt-BR\",\"@id\":\"https:\\\/\\\/redenoticiaz.com.br\\\/litoralsp\\\/#\\\/schema\\\/logo\\\/image\\\/\",\"url\":\"https:\\\/\\\/redenoticiaz.com.br\\\/litoralsp\\\/wp-content\\\/uploads\\\/sites\\\/3\\\/2020\\\/11\\\/logo.jpg\",\"contentUrl\":\"https:\\\/\\\/redenoticiaz.com.br\\\/litoralsp\\\/wp-content\\\/uploads\\\/sites\\\/3\\\/2020\\\/11\\\/logo.jpg\",\"width\":400,\"height\":250,\"caption\":\"Litoral SP\"},\"image\":{\"@id\":\"https:\\\/\\\/redenoticiaz.com.br\\\/litoralsp\\\/#\\\/schema\\\/logo\\\/image\\\/\"}},{\"@type\":\"Person\",\"@id\":\"https:\\\/\\\/redenoticiaz.com.br\\\/litoralsp\\\/#\\\/schema\\\/person\\\/0f0b8a5bdafefe82841e07ae8d81ecb3\",\"name\":\"Leonardo Francisco\",\"image\":{\"@type\":\"ImageObject\",\"inLanguage\":\"pt-BR\",\"@id\":\"https:\\\/\\\/secure.gravatar.com\\\/avatar\\\/a7358cb406a99b682ec6df1e77e31ae82e63601f6784e8a3df411d72b37864da?s=96&d=mm&r=g\",\"url\":\"https:\\\/\\\/secure.gravatar.com\\\/avatar\\\/a7358cb406a99b682ec6df1e77e31ae82e63601f6784e8a3df411d72b37864da?s=96&d=mm&r=g\",\"contentUrl\":\"https:\\\/\\\/secure.gravatar.com\\\/avatar\\\/a7358cb406a99b682ec6df1e77e31ae82e63601f6784e8a3df411d72b37864da?s=96&d=mm&r=g\",\"caption\":\"Leonardo Francisco\"},\"url\":\"https:\\\/\\\/redenoticiaz.com.br\\\/litoralsp\\\/author\\\/leonardo-francisco\"}]}<\/script>\n<!-- \/ Yoast SEO plugin. -->","yoast_head_json":{"title":"Brasil registra mais de 210 mil mortes por COVID-19 - Litoral SP","description":"O Brasil registrou a triste marca de mais de 210 mil mortes causadas pela COVID-19. Segundo o levantamento do cons\u00f3rcio de ve\u00edculos de imprensa","robots":{"index":"index","follow":"follow","max-snippet":"max-snippet:-1","max-image-preview":"max-image-preview:large","max-video-preview":"max-video-preview:-1"},"canonical":"https:\/\/redenoticiaz.com.br\/litoralsp\/2021\/01\/19\/brasil-registra-mais-de-210-mil-mortes-por-covid-19","og_locale":"pt_BR","og_type":"article","og_title":"Brasil registra mais de 210 mil mortes por COVID-19 - Litoral SP","og_description":"O Brasil registrou a triste marca de mais de 210 mil mortes causadas pela COVID-19. Segundo o levantamento do cons\u00f3rcio de ve\u00edculos de imprensa","og_url":"https:\/\/redenoticiaz.com.br\/litoralsp\/2021\/01\/19\/brasil-registra-mais-de-210-mil-mortes-por-covid-19","og_site_name":"Litoral SP","article_published_time":"2021-01-19T16:50:42+00:00","article_modified_time":"2021-01-19T16:52:25+00:00","og_image":[{"width":1008,"height":648,"url":"https:\/\/redenoticiaz.com.br\/litoralsp\/wp-content\/uploads\/sites\/3\/2020\/11\/cemiterio-1.jpg","type":"image\/jpeg"}],"author":"Leonardo Francisco","twitter_card":"summary_large_image","twitter_misc":{"Escrito por":"Leonardo Francisco","Est. tempo de leitura":"2 minutos"},"schema":{"@context":"https:\/\/schema.org","@graph":[{"@type":"Article","@id":"https:\/\/redenoticiaz.com.br\/litoralsp\/2021\/01\/19\/brasil-registra-mais-de-210-mil-mortes-por-covid-19#article","isPartOf":{"@id":"https:\/\/redenoticiaz.com.br\/litoralsp\/2021\/01\/19\/brasil-registra-mais-de-210-mil-mortes-por-covid-19"},"author":{"name":"Leonardo Francisco","@id":"https:\/\/redenoticiaz.com.br\/litoralsp\/#\/schema\/person\/0f0b8a5bdafefe82841e07ae8d81ecb3"},"headline":"Brasil registra mais de 210 mil mortes por COVID-19","datePublished":"2021-01-19T16:50:42+00:00","dateModified":"2021-01-19T16:52:25+00:00","mainEntityOfPage":{"@id":"https:\/\/redenoticiaz.com.br\/litoralsp\/2021\/01\/19\/brasil-registra-mais-de-210-mil-mortes-por-covid-19"},"wordCount":462,"commentCount":0,"publisher":{"@id":"https:\/\/redenoticiaz.com.br\/litoralsp\/#organization"},"image":{"@id":"https:\/\/redenoticiaz.com.br\/litoralsp\/2021\/01\/19\/brasil-registra-mais-de-210-mil-mortes-por-covid-19#primaryimage"},"thumbnailUrl":"https:\/\/redenoticiaz.com.br\/litoralsp\/wp-content\/uploads\/sites\/3\/2020\/11\/cemiterio-1.jpg","keywords":["alta","Brasil","CASOS","China","CoronaVac","Covid-19","ESTADOS","INSUMOS","MORTES","ROND\u00d4NIA","vacina"],"articleSection":["Sa\u00fade"],"inLanguage":"pt-BR","potentialAction":[{"@type":"CommentAction","name":"Comment","target":["https:\/\/redenoticiaz.com.br\/litoralsp\/2021\/01\/19\/brasil-registra-mais-de-210-mil-mortes-por-covid-19#respond"]}]},{"@type":"WebPage","@id":"https:\/\/redenoticiaz.com.br\/litoralsp\/2021\/01\/19\/brasil-registra-mais-de-210-mil-mortes-por-covid-19","url":"https:\/\/redenoticiaz.com.br\/litoralsp\/2021\/01\/19\/brasil-registra-mais-de-210-mil-mortes-por-covid-19","name":"Brasil registra mais de 210 mil mortes por COVID-19 - Litoral SP","isPartOf":{"@id":"https:\/\/redenoticiaz.com.br\/litoralsp\/#website"},"primaryImageOfPage":{"@id":"https:\/\/redenoticiaz.com.br\/litoralsp\/2021\/01\/19\/brasil-registra-mais-de-210-mil-mortes-por-covid-19#primaryimage"},"image":{"@id":"https:\/\/redenoticiaz.com.br\/litoralsp\/2021\/01\/19\/brasil-registra-mais-de-210-mil-mortes-por-covid-19#primaryimage"},"thumbnailUrl":"https:\/\/redenoticiaz.com.br\/litoralsp\/wp-content\/uploads\/sites\/3\/2020\/11\/cemiterio-1.jpg","datePublished":"2021-01-19T16:50:42+00:00","dateModified":"2021-01-19T16:52:25+00:00","description":"O Brasil registrou a triste marca de mais de 210 mil mortes causadas pela COVID-19. Segundo o levantamento do cons\u00f3rcio de ve\u00edculos de imprensa","inLanguage":"pt-BR","potentialAction":[{"@type":"ReadAction","target":["https:\/\/redenoticiaz.com.br\/litoralsp\/2021\/01\/19\/brasil-registra-mais-de-210-mil-mortes-por-covid-19"]}]},{"@type":"ImageObject","inLanguage":"pt-BR","@id":"https:\/\/redenoticiaz.com.br\/litoralsp\/2021\/01\/19\/brasil-registra-mais-de-210-mil-mortes-por-covid-19#primaryimage","url":"https:\/\/redenoticiaz.com.br\/litoralsp\/wp-content\/uploads\/sites\/3\/2020\/11\/cemiterio-1.jpg","contentUrl":"https:\/\/redenoticiaz.com.br\/litoralsp\/wp-content\/uploads\/sites\/3\/2020\/11\/cemiterio-1.jpg","width":1008,"height":648,"caption":"Brasil: Mais 3.600 mil mortes por Covid-19 s\u00e3o registradas"},{"@type":"WebSite","@id":"https:\/\/redenoticiaz.com.br\/litoralsp\/#website","url":"https:\/\/redenoticiaz.com.br\/litoralsp\/","name":"Litoral SP","description":"Rede NoticiaZ","publisher":{"@id":"https:\/\/redenoticiaz.com.br\/litoralsp\/#organization"},"potentialAction":[{"@type":"SearchAction","target":{"@type":"EntryPoint","urlTemplate":"https:\/\/redenoticiaz.com.br\/litoralsp\/?s={search_term_string}"},"query-input":{"@type":"PropertyValueSpecification","valueRequired":true,"valueName":"search_term_string"}}],"inLanguage":"pt-BR"},{"@type":"Organization","@id":"https:\/\/redenoticiaz.com.br\/litoralsp\/#organization","name":"Litoral SP","url":"https:\/\/redenoticiaz.com.br\/litoralsp\/","logo":{"@type":"ImageObject","inLanguage":"pt-BR","@id":"https:\/\/redenoticiaz.com.br\/litoralsp\/#\/schema\/logo\/image\/","url":"https:\/\/redenoticiaz.com.br\/litoralsp\/wp-content\/uploads\/sites\/3\/2020\/11\/logo.jpg","contentUrl":"https:\/\/redenoticiaz.com.br\/litoralsp\/wp-content\/uploads\/sites\/3\/2020\/11\/logo.jpg","width":400,"height":250,"caption":"Litoral SP"},"image":{"@id":"https:\/\/redenoticiaz.com.br\/litoralsp\/#\/schema\/logo\/image\/"}},{"@type":"Person","@id":"https:\/\/redenoticiaz.com.br\/litoralsp\/#\/schema\/person\/0f0b8a5bdafefe82841e07ae8d81ecb3","name":"Leonardo Francisco","image":{"@type":"ImageObject","inLanguage":"pt-BR","@id":"https:\/\/secure.gravatar.com\/avatar\/a7358cb406a99b682ec6df1e77e31ae82e63601f6784e8a3df411d72b37864da?s=96&d=mm&r=g","url":"https:\/\/secure.gravatar.com\/avatar\/a7358cb406a99b682ec6df1e77e31ae82e63601f6784e8a3df411d72b37864da?s=96&d=mm&r=g","contentUrl":"https:\/\/secure.gravatar.com\/avatar\/a7358cb406a99b682ec6df1e77e31ae82e63601f6784e8a3df411d72b37864da?s=96&d=mm&r=g","caption":"Leonardo Francisco"},"url":"https:\/\/redenoticiaz.com.br\/litoralsp\/author\/leonardo-francisco"}]}},"_links":{"self":[{"href":"https:\/\/redenoticiaz.com.br\/litoralsp\/wp-json\/wp\/v2\/posts\/2987","targetHints":{"allow":["GET"]}}],"collection":[{"href":"https:\/\/redenoticiaz.com.br\/litoralsp\/wp-json\/wp\/v2\/posts"}],"about":[{"href":"https:\/\/redenoticiaz.com.br\/litoralsp\/wp-json\/wp\/v2\/types\/post"}],"author":[{"embeddable":true,"href":"https:\/\/redenoticiaz.com.br\/litoralsp\/wp-json\/wp\/v2\/users\/6"}],"replies":[{"embeddable":true,"href":"https:\/\/redenoticiaz.com.br\/litoralsp\/wp-json\/wp\/v2\/comments?post=2987"}],"version-history":[{"count":1,"href":"https:\/\/redenoticiaz.com.br\/litoralsp\/wp-json\/wp\/v2\/posts\/2987\/revisions"}],"predecessor-version":[{"id":2988,"href":"https:\/\/redenoticiaz.com.br\/litoralsp\/wp-json\/wp\/v2\/posts\/2987\/revisions\/2988"}],"wp:featuredmedia":[{"embeddable":true,"href":"https:\/\/redenoticiaz.com.br\/litoralsp\/wp-json\/wp\/v2\/media\/77"}],"wp:attachment":[{"href":"https:\/\/redenoticiaz.com.br\/litoralsp\/wp-json\/wp\/v2\/media?parent=2987"}],"wp:term":[{"taxonomy":"category","embeddable":true,"href":"https:\/\/redenoticiaz.com.br\/litoralsp\/wp-json\/wp\/v2\/categories?post=2987"},{"taxonomy":"post_tag","embeddable":true,"href":"https:\/\/redenoticiaz.com.br\/litoralsp\/wp-json\/wp\/v2\/tags?post=2987"}],"curies":[{"name":"wp","href":"https:\/\/api.w.org\/{rel}","templated":true}]}}