{"id":3120,"date":"2021-01-22T12:11:39","date_gmt":"2021-01-22T15:11:39","guid":{"rendered":"https:\/\/redenoticiaz.com.br\/litoralsp\/?p=3120"},"modified":"2021-01-22T12:13:50","modified_gmt":"2021-01-22T15:13:50","slug":"sao-vicente-completa-489-anos-com-programacao-diversificada","status":"publish","type":"post","link":"https:\/\/redenoticiaz.com.br\/litoralsp\/2021\/01\/22\/sao-vicente-completa-489-anos-com-programacao-diversificada","title":{"rendered":"S\u00e3o Vicente completa 489 anos com programa\u00e7\u00e3o diversificada"},"content":{"rendered":"<p>A cidade de <a href=\"http:\/\/www.saovicente.sp.gov.br\/publico\/\">S\u00e3o Vicente<\/a> est\u00e1 em festa. Nesta sexta-feira (22) ela completa 489 anos e ter\u00e1 uma programa\u00e7\u00e3o especial, mesmo com diversas adapta\u00e7\u00f5es feitas para a prote\u00e7\u00e3o contra o coronav\u00edrus. Uma delas \u00e9 a tradicional Encena\u00e7\u00e3o da Funda\u00e7\u00e3o da Vila de S\u00e3o Vicente, que n\u00e3o ser\u00e1 encenada na Praia da Biquinha, mas est\u00e1 sendo exibida por meio de uma web serie dividida em cap\u00edtulos.<\/p>\n<p>Entre as atra\u00e7\u00f5es que ser\u00e3o feitas est\u00e3o missas especiais, um culto evang\u00e9lico de a\u00e7\u00e3o de gra\u00e7as, atividades culturais e hasteamento de bandeiras. Al\u00e9m disso a celebra\u00e7\u00e3o do anivers\u00e1rio da cidade ter\u00e1 a presen\u00e7a do tenor italiano Ezio Bonini, que cantar\u00e1 seus sucessos homenageando o munic\u00edpio.<\/p>\n<h3>Veja a programa\u00e7\u00e3o:<\/h3>\n<div class=\"mc-column content-text active-extra-styles\" data-block-type=\"raw\" data-block-weight=\"167\" data-block-id=\"9\">\n<ul class=\"content-unordered-list\">\n<li>8h &#8211; Hasteamento de Bandeiras e B\u00ean\u00e7\u00e3o \u00e0 Cidade &#8211; Local: Subprefeitura (Av. Ulisses Guimar\u00e3es, 211 Rio Branco);<\/li>\n<li>9h &#8211; Plantio de \u00c1rvores &#8211; Projeto Mem\u00f3ria Viva &#8211; Local: Pra\u00e7a dos Ambientalistas (Jardim Rio Branco &#8211; \u00c1rea Continental);<\/li>\n<li>10h &#8211; Missa &#8211; Local: Igreja Matriz S\u00e3o Vicente M\u00e1rtir (Pra\u00e7a Jo\u00e3o Pessoa, s\/n &#8211; Centro);<\/li>\n<li>11h &#8211; Prociss\u00e3o;<\/li>\n<li>11h30 &#8211; Renova\u00e7\u00e3o da Consagra\u00e7\u00e3o da Cidade de S\u00e3o Vicente &#8211; Local: Pa\u00e7o Municipal (Rua Frei Gaspar, 384 &#8211; Centro);<\/li>\n<li>12h &#8211; Miniexposi\u00e7\u00e3o TV Primeira &#8211; Local: Sagu\u00e3o do Pa\u00e7o Municipal;<\/li>\n<li>15h &#8211; Atividades Esportivas &#8211; Local: Pra\u00e7a dos Ambientalistas (Jardim Rio Branco &#8211; \u00c1rea Continental);<\/li>\n<li>17h &#8211; Atividades esportivas &#8211; Local: Pra\u00e7a Tom Jobim e Praia do Gonzaguinha;<\/li>\n<li>19h30 &#8211; Culto de A\u00e7\u00e3o de Gra\u00e7as &#8211; Local: Igreja Assembleia de Deus &#8211; Minist\u00e9rio Santos &#8211; Congrega\u00e7\u00e3o Campos Sales (Rua Campos Sales, 153 &#8211; Centro);<\/li>\n<li>19h30 &#8211; Exibi\u00e7\u00e3o do \u00faltimo cap\u00edtulo do document\u00e1rio &#8220;Encena\u00e7\u00e3o 2021 &#8211; O povo conta a sua hist\u00f3ria&#8221;, no canal da TV Primeira Youtube.<\/li>\n<\/ul>\n<h3>Hist\u00f3ria<\/h3>\n<p>A hist\u00f3ria da origem do nome de S\u00e3o Vicente come\u00e7ou h\u00e1 muito tempo, no ano 325, na cidade espanhola de Huesca, uma ent\u00e3o Prov\u00edncia de Zaragoza. L\u00e1 nasceu o jovem Vicente, padre dedicado que se destacava por seu trabalho, tanto que o bispo da regi\u00e3o, Val\u00e9rio, lhe confiou a miss\u00e3o de pregador crist\u00e3o e doutrinador catequ\u00e9tico.<\/p>\n<p>Val\u00e9rio e Vicente enfrentavam, naquela \u00e9poca, o imperador Diocleciano, que perseguia os crist\u00e3os na Espanha. Hist\u00f3ria da Cidade. Os dois acabaram sendo presos por um dos homens de confian\u00e7a do imperador, Daciano, que baniu o bispo e condenou Vicente \u00e0 tortura. O mart\u00edrio sofrido por Vicente foi t\u00e3o brutal, a ponto de surpreender os carrascos. Eles relataram a impressionante resist\u00eancia do rapaz que, mesmo com gravetos de ferro entre as unhas e colocado sobre uma grelha de ferro para ser queimado aos poucos, n\u00e3o negou a f\u00e9 crist\u00e3.<\/p>\n<p>Ao final daquele dia 22 de janeiro, os carrascos decidiram matar com garfos de ferro, dilacerando-o completamente. Seu corpo foi jogado \u00e0s aves de rapina. Os relatos d\u00e3o conta de que uma delas, um corvo, espantava as outras aves, evitando a aproxima\u00e7\u00e3o das demais. Os carrascos decidiram, ent\u00e3o, jog\u00e1-lo ao mar.<\/p>\n<p>O corpo de Vicente foi resgatado por crist\u00e3os, que o sepultaram em uma capela perto de Val\u00eancia. Depois, seus restos mortais foram levados \u00e0 Abadia de Castes, na Fran\u00e7a, onde foram registrados milagres. Em seguida, foram levados para Lisboa, na Catedral da S\u00e9, onde est\u00e3o at\u00e9 hoje. Vicente foi canonizado e recebeu o nome de S\u00e3o Hist\u00f3ria da Cidade Vicente M\u00e1rtir, hoje santo padroeiro de S\u00e3o Vicente e de Lisboa. Desde ent\u00e3o, o dia 22 de janeiro \u00e9 dedicado a ele.<\/p>\n<h3>A vinda \u00e0 ilha<\/h3>\n<p>Por isso, quando a expedi\u00e7\u00e3o portuguesa comandada por Gaspar de Lemos chegou aqui, em 22 de janeiro de 1502, deu \u00e0 ilha o nome de S\u00e3o Vicente, pois o local era conhecido, at\u00e9 ent\u00e3o, como Ilha de Gohay\u00f3.<\/p>\n<p>Outro navegador portugu\u00eas, Martim Afonso de Sousa, chegou aqui exatamente 30 anos depois, em 22 de janeiro de 1532. Ele foi enviado pela Coroa Portuguesa para constituir aqui a primeira Vila do Brasil e resolveu batiz\u00e1-la reafirmando o nome do santo daquele dia, S\u00e3o Vicente, pois era reconhecidamente um cat\u00f3lico fervoroso.<\/p>\n<p>Leia tamb\u00e9m<\/p>\n<p><a href=\"https:\/\/redenoticiaz.com.br\/litoralsp\/2021\/01\/18\/programacao-de-aniversario-de-praia-grande-e-informada\">Programa\u00e7\u00e3o de anivers\u00e1rio de Praia Grande \u00e9 informada<\/a><\/p>\n<\/div>\n<div class=\"block-podcast\"><\/div>\n","protected":false},"excerpt":{"rendered":"<p>A cidade de S\u00e3o Vicente est\u00e1 em festa. Nesta sexta-feira (22) ela completa 489 anos e ter\u00e1 uma programa\u00e7\u00e3o especial, mesmo com diversas adapta\u00e7\u00f5es feitas para a prote\u00e7\u00e3o contra o coronav\u00edrus. Uma delas \u00e9 a tradicional Encena\u00e7\u00e3o da Funda\u00e7\u00e3o da Vila de S\u00e3o Vicente, que n\u00e3o ser\u00e1 encenada na Praia da Biquinha, mas est\u00e1 sendo &hellip;<\/p>\n","protected":false},"author":6,"featured_media":3122,"comment_status":"open","ping_status":"closed","sticky":false,"template":"","format":"standard","meta":{"footnotes":""},"categories":[169,181],"tags":[8414,3539,9554,8352,9102,33],"class_list":["post-3120","post","type-post","status-publish","format-standard","has-post-thumbnail","hentry","category-cultura","category-sao-vicente","tag-489-anos","tag-aniversario","tag-atracoes","tag-historia","tag-programacao","tag-sao-vicente"],"yoast_head":"<!-- This site is optimized with the Yoast SEO plugin v27.5 - https:\/\/yoast.com\/product\/yoast-seo-wordpress\/ -->\n<title>S\u00e3o Vicente completa 489 anos com programa\u00e7\u00e3o diversificada - Litoral SP<\/title>\n<meta name=\"description\" content=\"A cidade de S\u00e3o Vicente est\u00e1 em festa. Nesta sexta-feira (22) ela completa 489 anos e ter\u00e1 uma programa\u00e7\u00e3o especial, mesmo com diversas\" \/>\n<meta name=\"robots\" content=\"index, follow, max-snippet:-1, max-image-preview:large, max-video-preview:-1\" \/>\n<link rel=\"canonical\" href=\"https:\/\/redenoticiaz.com.br\/litoralsp\/2021\/01\/22\/sao-vicente-completa-489-anos-com-programacao-diversificada\" \/>\n<meta property=\"og:locale\" content=\"pt_BR\" \/>\n<meta property=\"og:type\" content=\"article\" \/>\n<meta property=\"og:title\" content=\"S\u00e3o Vicente completa 489 anos com programa\u00e7\u00e3o diversificada - Litoral SP\" \/>\n<meta property=\"og:description\" content=\"A cidade de S\u00e3o Vicente est\u00e1 em festa. Nesta sexta-feira (22) ela completa 489 anos e ter\u00e1 uma programa\u00e7\u00e3o especial, mesmo com diversas\" \/>\n<meta property=\"og:url\" content=\"https:\/\/redenoticiaz.com.br\/litoralsp\/2021\/01\/22\/sao-vicente-completa-489-anos-com-programacao-diversificada\" \/>\n<meta property=\"og:site_name\" content=\"Litoral SP\" \/>\n<meta property=\"article:published_time\" content=\"2021-01-22T15:11:39+00:00\" \/>\n<meta property=\"article:modified_time\" content=\"2021-01-22T15:13:50+00:00\" \/>\n<meta property=\"og:image\" content=\"https:\/\/redenoticiaz.com.br\/litoralsp\/wp-content\/uploads\/sites\/3\/2021\/01\/20209282021437g.jpg\" \/>\n\t<meta property=\"og:image:width\" content=\"780\" \/>\n\t<meta property=\"og:image:height\" content=\"585\" \/>\n\t<meta property=\"og:image:type\" content=\"image\/jpeg\" \/>\n<meta name=\"author\" content=\"Leonardo Francisco\" \/>\n<meta name=\"twitter:card\" content=\"summary_large_image\" \/>\n<meta name=\"twitter:label1\" content=\"Escrito por\" \/>\n\t<meta name=\"twitter:data1\" content=\"Leonardo Francisco\" \/>\n\t<meta name=\"twitter:label2\" content=\"Est. tempo de leitura\" \/>\n\t<meta name=\"twitter:data2\" content=\"4 minutos\" \/>\n<script type=\"application\/ld+json\" class=\"yoast-schema-graph\">{\"@context\":\"https:\\\/\\\/schema.org\",\"@graph\":[{\"@type\":\"Article\",\"@id\":\"https:\\\/\\\/redenoticiaz.com.br\\\/litoralsp\\\/2021\\\/01\\\/22\\\/sao-vicente-completa-489-anos-com-programacao-diversificada#article\",\"isPartOf\":{\"@id\":\"https:\\\/\\\/redenoticiaz.com.br\\\/litoralsp\\\/2021\\\/01\\\/22\\\/sao-vicente-completa-489-anos-com-programacao-diversificada\"},\"author\":{\"name\":\"Leonardo Francisco\",\"@id\":\"https:\\\/\\\/redenoticiaz.com.br\\\/litoralsp\\\/#\\\/schema\\\/person\\\/0f0b8a5bdafefe82841e07ae8d81ecb3\"},\"headline\":\"S\u00e3o Vicente completa 489 anos com programa\u00e7\u00e3o diversificada\",\"datePublished\":\"2021-01-22T15:11:39+00:00\",\"dateModified\":\"2021-01-22T15:13:50+00:00\",\"mainEntityOfPage\":{\"@id\":\"https:\\\/\\\/redenoticiaz.com.br\\\/litoralsp\\\/2021\\\/01\\\/22\\\/sao-vicente-completa-489-anos-com-programacao-diversificada\"},\"wordCount\":738,\"commentCount\":0,\"publisher\":{\"@id\":\"https:\\\/\\\/redenoticiaz.com.br\\\/litoralsp\\\/#organization\"},\"image\":{\"@id\":\"https:\\\/\\\/redenoticiaz.com.br\\\/litoralsp\\\/2021\\\/01\\\/22\\\/sao-vicente-completa-489-anos-com-programacao-diversificada#primaryimage\"},\"thumbnailUrl\":\"https:\\\/\\\/redenoticiaz.com.br\\\/litoralsp\\\/wp-content\\\/uploads\\\/sites\\\/3\\\/2021\\\/01\\\/20209282021437g.jpg\",\"keywords\":[\"489 ANOS\",\"ANIVERS\u00c1RIO\",\"ATRA\u00c7\u00d5ES\",\"HIST\u00d3RIA\",\"PROGRAMA\u00c7\u00c3O\",\"S\u00e3o Vicente\"],\"articleSection\":[\"Cultura\",\"S\u00e3o Vicente\"],\"inLanguage\":\"pt-BR\",\"potentialAction\":[{\"@type\":\"CommentAction\",\"name\":\"Comment\",\"target\":[\"https:\\\/\\\/redenoticiaz.com.br\\\/litoralsp\\\/2021\\\/01\\\/22\\\/sao-vicente-completa-489-anos-com-programacao-diversificada#respond\"]}]},{\"@type\":\"WebPage\",\"@id\":\"https:\\\/\\\/redenoticiaz.com.br\\\/litoralsp\\\/2021\\\/01\\\/22\\\/sao-vicente-completa-489-anos-com-programacao-diversificada\",\"url\":\"https:\\\/\\\/redenoticiaz.com.br\\\/litoralsp\\\/2021\\\/01\\\/22\\\/sao-vicente-completa-489-anos-com-programacao-diversificada\",\"name\":\"S\u00e3o Vicente completa 489 anos com programa\u00e7\u00e3o diversificada - Litoral SP\",\"isPartOf\":{\"@id\":\"https:\\\/\\\/redenoticiaz.com.br\\\/litoralsp\\\/#website\"},\"primaryImageOfPage\":{\"@id\":\"https:\\\/\\\/redenoticiaz.com.br\\\/litoralsp\\\/2021\\\/01\\\/22\\\/sao-vicente-completa-489-anos-com-programacao-diversificada#primaryimage\"},\"image\":{\"@id\":\"https:\\\/\\\/redenoticiaz.com.br\\\/litoralsp\\\/2021\\\/01\\\/22\\\/sao-vicente-completa-489-anos-com-programacao-diversificada#primaryimage\"},\"thumbnailUrl\":\"https:\\\/\\\/redenoticiaz.com.br\\\/litoralsp\\\/wp-content\\\/uploads\\\/sites\\\/3\\\/2021\\\/01\\\/20209282021437g.jpg\",\"datePublished\":\"2021-01-22T15:11:39+00:00\",\"dateModified\":\"2021-01-22T15:13:50+00:00\",\"description\":\"A cidade de S\u00e3o Vicente est\u00e1 em festa. Nesta sexta-feira (22) ela completa 489 anos e ter\u00e1 uma programa\u00e7\u00e3o especial, mesmo com diversas\",\"inLanguage\":\"pt-BR\",\"potentialAction\":[{\"@type\":\"ReadAction\",\"target\":[\"https:\\\/\\\/redenoticiaz.com.br\\\/litoralsp\\\/2021\\\/01\\\/22\\\/sao-vicente-completa-489-anos-com-programacao-diversificada\"]}]},{\"@type\":\"ImageObject\",\"inLanguage\":\"pt-BR\",\"@id\":\"https:\\\/\\\/redenoticiaz.com.br\\\/litoralsp\\\/2021\\\/01\\\/22\\\/sao-vicente-completa-489-anos-com-programacao-diversificada#primaryimage\",\"url\":\"https:\\\/\\\/redenoticiaz.com.br\\\/litoralsp\\\/wp-content\\\/uploads\\\/sites\\\/3\\\/2021\\\/01\\\/20209282021437g.jpg\",\"contentUrl\":\"https:\\\/\\\/redenoticiaz.com.br\\\/litoralsp\\\/wp-content\\\/uploads\\\/sites\\\/3\\\/2021\\\/01\\\/20209282021437g.jpg\",\"width\":780,\"height\":585,\"caption\":\"S\u00e3o Vicente completa 489 anos com programa\u00e7\u00e3o diversificada\"},{\"@type\":\"WebSite\",\"@id\":\"https:\\\/\\\/redenoticiaz.com.br\\\/litoralsp\\\/#website\",\"url\":\"https:\\\/\\\/redenoticiaz.com.br\\\/litoralsp\\\/\",\"name\":\"Litoral SP\",\"description\":\"Rede NoticiaZ\",\"publisher\":{\"@id\":\"https:\\\/\\\/redenoticiaz.com.br\\\/litoralsp\\\/#organization\"},\"potentialAction\":[{\"@type\":\"SearchAction\",\"target\":{\"@type\":\"EntryPoint\",\"urlTemplate\":\"https:\\\/\\\/redenoticiaz.com.br\\\/litoralsp\\\/?s={search_term_string}\"},\"query-input\":{\"@type\":\"PropertyValueSpecification\",\"valueRequired\":true,\"valueName\":\"search_term_string\"}}],\"inLanguage\":\"pt-BR\"},{\"@type\":\"Organization\",\"@id\":\"https:\\\/\\\/redenoticiaz.com.br\\\/litoralsp\\\/#organization\",\"name\":\"Litoral SP\",\"url\":\"https:\\\/\\\/redenoticiaz.com.br\\\/litoralsp\\\/\",\"logo\":{\"@type\":\"ImageObject\",\"inLanguage\":\"pt-BR\",\"@id\":\"https:\\\/\\\/redenoticiaz.com.br\\\/litoralsp\\\/#\\\/schema\\\/logo\\\/image\\\/\",\"url\":\"https:\\\/\\\/redenoticiaz.com.br\\\/litoralsp\\\/wp-content\\\/uploads\\\/sites\\\/3\\\/2020\\\/11\\\/logo.jpg\",\"contentUrl\":\"https:\\\/\\\/redenoticiaz.com.br\\\/litoralsp\\\/wp-content\\\/uploads\\\/sites\\\/3\\\/2020\\\/11\\\/logo.jpg\",\"width\":400,\"height\":250,\"caption\":\"Litoral SP\"},\"image\":{\"@id\":\"https:\\\/\\\/redenoticiaz.com.br\\\/litoralsp\\\/#\\\/schema\\\/logo\\\/image\\\/\"}},{\"@type\":\"Person\",\"@id\":\"https:\\\/\\\/redenoticiaz.com.br\\\/litoralsp\\\/#\\\/schema\\\/person\\\/0f0b8a5bdafefe82841e07ae8d81ecb3\",\"name\":\"Leonardo Francisco\",\"image\":{\"@type\":\"ImageObject\",\"inLanguage\":\"pt-BR\",\"@id\":\"https:\\\/\\\/secure.gravatar.com\\\/avatar\\\/a7358cb406a99b682ec6df1e77e31ae82e63601f6784e8a3df411d72b37864da?s=96&d=mm&r=g\",\"url\":\"https:\\\/\\\/secure.gravatar.com\\\/avatar\\\/a7358cb406a99b682ec6df1e77e31ae82e63601f6784e8a3df411d72b37864da?s=96&d=mm&r=g\",\"contentUrl\":\"https:\\\/\\\/secure.gravatar.com\\\/avatar\\\/a7358cb406a99b682ec6df1e77e31ae82e63601f6784e8a3df411d72b37864da?s=96&d=mm&r=g\",\"caption\":\"Leonardo Francisco\"},\"url\":\"https:\\\/\\\/redenoticiaz.com.br\\\/litoralsp\\\/author\\\/leonardo-francisco\"}]}<\/script>\n<!-- \/ Yoast SEO plugin. -->","yoast_head_json":{"title":"S\u00e3o Vicente completa 489 anos com programa\u00e7\u00e3o diversificada - Litoral SP","description":"A cidade de S\u00e3o Vicente est\u00e1 em festa. Nesta sexta-feira (22) ela completa 489 anos e ter\u00e1 uma programa\u00e7\u00e3o especial, mesmo com diversas","robots":{"index":"index","follow":"follow","max-snippet":"max-snippet:-1","max-image-preview":"max-image-preview:large","max-video-preview":"max-video-preview:-1"},"canonical":"https:\/\/redenoticiaz.com.br\/litoralsp\/2021\/01\/22\/sao-vicente-completa-489-anos-com-programacao-diversificada","og_locale":"pt_BR","og_type":"article","og_title":"S\u00e3o Vicente completa 489 anos com programa\u00e7\u00e3o diversificada - Litoral SP","og_description":"A cidade de S\u00e3o Vicente est\u00e1 em festa. Nesta sexta-feira (22) ela completa 489 anos e ter\u00e1 uma programa\u00e7\u00e3o especial, mesmo com diversas","og_url":"https:\/\/redenoticiaz.com.br\/litoralsp\/2021\/01\/22\/sao-vicente-completa-489-anos-com-programacao-diversificada","og_site_name":"Litoral SP","article_published_time":"2021-01-22T15:11:39+00:00","article_modified_time":"2021-01-22T15:13:50+00:00","og_image":[{"width":780,"height":585,"url":"https:\/\/redenoticiaz.com.br\/litoralsp\/wp-content\/uploads\/sites\/3\/2021\/01\/20209282021437g.jpg","type":"image\/jpeg"}],"author":"Leonardo Francisco","twitter_card":"summary_large_image","twitter_misc":{"Escrito por":"Leonardo Francisco","Est. tempo de leitura":"4 minutos"},"schema":{"@context":"https:\/\/schema.org","@graph":[{"@type":"Article","@id":"https:\/\/redenoticiaz.com.br\/litoralsp\/2021\/01\/22\/sao-vicente-completa-489-anos-com-programacao-diversificada#article","isPartOf":{"@id":"https:\/\/redenoticiaz.com.br\/litoralsp\/2021\/01\/22\/sao-vicente-completa-489-anos-com-programacao-diversificada"},"author":{"name":"Leonardo Francisco","@id":"https:\/\/redenoticiaz.com.br\/litoralsp\/#\/schema\/person\/0f0b8a5bdafefe82841e07ae8d81ecb3"},"headline":"S\u00e3o Vicente completa 489 anos com programa\u00e7\u00e3o diversificada","datePublished":"2021-01-22T15:11:39+00:00","dateModified":"2021-01-22T15:13:50+00:00","mainEntityOfPage":{"@id":"https:\/\/redenoticiaz.com.br\/litoralsp\/2021\/01\/22\/sao-vicente-completa-489-anos-com-programacao-diversificada"},"wordCount":738,"commentCount":0,"publisher":{"@id":"https:\/\/redenoticiaz.com.br\/litoralsp\/#organization"},"image":{"@id":"https:\/\/redenoticiaz.com.br\/litoralsp\/2021\/01\/22\/sao-vicente-completa-489-anos-com-programacao-diversificada#primaryimage"},"thumbnailUrl":"https:\/\/redenoticiaz.com.br\/litoralsp\/wp-content\/uploads\/sites\/3\/2021\/01\/20209282021437g.jpg","keywords":["489 ANOS","ANIVERS\u00c1RIO","ATRA\u00c7\u00d5ES","HIST\u00d3RIA","PROGRAMA\u00c7\u00c3O","S\u00e3o Vicente"],"articleSection":["Cultura","S\u00e3o Vicente"],"inLanguage":"pt-BR","potentialAction":[{"@type":"CommentAction","name":"Comment","target":["https:\/\/redenoticiaz.com.br\/litoralsp\/2021\/01\/22\/sao-vicente-completa-489-anos-com-programacao-diversificada#respond"]}]},{"@type":"WebPage","@id":"https:\/\/redenoticiaz.com.br\/litoralsp\/2021\/01\/22\/sao-vicente-completa-489-anos-com-programacao-diversificada","url":"https:\/\/redenoticiaz.com.br\/litoralsp\/2021\/01\/22\/sao-vicente-completa-489-anos-com-programacao-diversificada","name":"S\u00e3o Vicente completa 489 anos com programa\u00e7\u00e3o diversificada - Litoral SP","isPartOf":{"@id":"https:\/\/redenoticiaz.com.br\/litoralsp\/#website"},"primaryImageOfPage":{"@id":"https:\/\/redenoticiaz.com.br\/litoralsp\/2021\/01\/22\/sao-vicente-completa-489-anos-com-programacao-diversificada#primaryimage"},"image":{"@id":"https:\/\/redenoticiaz.com.br\/litoralsp\/2021\/01\/22\/sao-vicente-completa-489-anos-com-programacao-diversificada#primaryimage"},"thumbnailUrl":"https:\/\/redenoticiaz.com.br\/litoralsp\/wp-content\/uploads\/sites\/3\/2021\/01\/20209282021437g.jpg","datePublished":"2021-01-22T15:11:39+00:00","dateModified":"2021-01-22T15:13:50+00:00","description":"A cidade de S\u00e3o Vicente est\u00e1 em festa. Nesta sexta-feira (22) ela completa 489 anos e ter\u00e1 uma programa\u00e7\u00e3o especial, mesmo com diversas","inLanguage":"pt-BR","potentialAction":[{"@type":"ReadAction","target":["https:\/\/redenoticiaz.com.br\/litoralsp\/2021\/01\/22\/sao-vicente-completa-489-anos-com-programacao-diversificada"]}]},{"@type":"ImageObject","inLanguage":"pt-BR","@id":"https:\/\/redenoticiaz.com.br\/litoralsp\/2021\/01\/22\/sao-vicente-completa-489-anos-com-programacao-diversificada#primaryimage","url":"https:\/\/redenoticiaz.com.br\/litoralsp\/wp-content\/uploads\/sites\/3\/2021\/01\/20209282021437g.jpg","contentUrl":"https:\/\/redenoticiaz.com.br\/litoralsp\/wp-content\/uploads\/sites\/3\/2021\/01\/20209282021437g.jpg","width":780,"height":585,"caption":"S\u00e3o Vicente completa 489 anos com programa\u00e7\u00e3o diversificada"},{"@type":"WebSite","@id":"https:\/\/redenoticiaz.com.br\/litoralsp\/#website","url":"https:\/\/redenoticiaz.com.br\/litoralsp\/","name":"Litoral SP","description":"Rede NoticiaZ","publisher":{"@id":"https:\/\/redenoticiaz.com.br\/litoralsp\/#organization"},"potentialAction":[{"@type":"SearchAction","target":{"@type":"EntryPoint","urlTemplate":"https:\/\/redenoticiaz.com.br\/litoralsp\/?s={search_term_string}"},"query-input":{"@type":"PropertyValueSpecification","valueRequired":true,"valueName":"search_term_string"}}],"inLanguage":"pt-BR"},{"@type":"Organization","@id":"https:\/\/redenoticiaz.com.br\/litoralsp\/#organization","name":"Litoral SP","url":"https:\/\/redenoticiaz.com.br\/litoralsp\/","logo":{"@type":"ImageObject","inLanguage":"pt-BR","@id":"https:\/\/redenoticiaz.com.br\/litoralsp\/#\/schema\/logo\/image\/","url":"https:\/\/redenoticiaz.com.br\/litoralsp\/wp-content\/uploads\/sites\/3\/2020\/11\/logo.jpg","contentUrl":"https:\/\/redenoticiaz.com.br\/litoralsp\/wp-content\/uploads\/sites\/3\/2020\/11\/logo.jpg","width":400,"height":250,"caption":"Litoral SP"},"image":{"@id":"https:\/\/redenoticiaz.com.br\/litoralsp\/#\/schema\/logo\/image\/"}},{"@type":"Person","@id":"https:\/\/redenoticiaz.com.br\/litoralsp\/#\/schema\/person\/0f0b8a5bdafefe82841e07ae8d81ecb3","name":"Leonardo Francisco","image":{"@type":"ImageObject","inLanguage":"pt-BR","@id":"https:\/\/secure.gravatar.com\/avatar\/a7358cb406a99b682ec6df1e77e31ae82e63601f6784e8a3df411d72b37864da?s=96&d=mm&r=g","url":"https:\/\/secure.gravatar.com\/avatar\/a7358cb406a99b682ec6df1e77e31ae82e63601f6784e8a3df411d72b37864da?s=96&d=mm&r=g","contentUrl":"https:\/\/secure.gravatar.com\/avatar\/a7358cb406a99b682ec6df1e77e31ae82e63601f6784e8a3df411d72b37864da?s=96&d=mm&r=g","caption":"Leonardo Francisco"},"url":"https:\/\/redenoticiaz.com.br\/litoralsp\/author\/leonardo-francisco"}]}},"_links":{"self":[{"href":"https:\/\/redenoticiaz.com.br\/litoralsp\/wp-json\/wp\/v2\/posts\/3120","targetHints":{"allow":["GET"]}}],"collection":[{"href":"https:\/\/redenoticiaz.com.br\/litoralsp\/wp-json\/wp\/v2\/posts"}],"about":[{"href":"https:\/\/redenoticiaz.com.br\/litoralsp\/wp-json\/wp\/v2\/types\/post"}],"author":[{"embeddable":true,"href":"https:\/\/redenoticiaz.com.br\/litoralsp\/wp-json\/wp\/v2\/users\/6"}],"replies":[{"embeddable":true,"href":"https:\/\/redenoticiaz.com.br\/litoralsp\/wp-json\/wp\/v2\/comments?post=3120"}],"version-history":[{"count":1,"href":"https:\/\/redenoticiaz.com.br\/litoralsp\/wp-json\/wp\/v2\/posts\/3120\/revisions"}],"predecessor-version":[{"id":3123,"href":"https:\/\/redenoticiaz.com.br\/litoralsp\/wp-json\/wp\/v2\/posts\/3120\/revisions\/3123"}],"wp:featuredmedia":[{"embeddable":true,"href":"https:\/\/redenoticiaz.com.br\/litoralsp\/wp-json\/wp\/v2\/media\/3122"}],"wp:attachment":[{"href":"https:\/\/redenoticiaz.com.br\/litoralsp\/wp-json\/wp\/v2\/media?parent=3120"}],"wp:term":[{"taxonomy":"category","embeddable":true,"href":"https:\/\/redenoticiaz.com.br\/litoralsp\/wp-json\/wp\/v2\/categories?post=3120"},{"taxonomy":"post_tag","embeddable":true,"href":"https:\/\/redenoticiaz.com.br\/litoralsp\/wp-json\/wp\/v2\/tags?post=3120"}],"curies":[{"name":"wp","href":"https:\/\/api.w.org\/{rel}","templated":true}]}}