{"id":3661,"date":"2021-02-04T12:20:28","date_gmt":"2021-02-04T15:20:28","guid":{"rendered":"https:\/\/redenoticiaz.com.br\/litoralsp\/?p=3661"},"modified":"2021-02-04T12:27:51","modified_gmt":"2021-02-04T15:27:51","slug":"cadeia-de-caraguatatuba-e-interditada-pela-justica","status":"publish","type":"post","link":"https:\/\/redenoticiaz.com.br\/litoralsp\/2021\/02\/04\/cadeia-de-caraguatatuba-e-interditada-pela-justica","title":{"rendered":"Cadeia de Caraguatatuba \u00e9 interditada pela Justi\u00e7a"},"content":{"rendered":"<p>Devido as condi\u00e7\u00f5es prec\u00e1rias que os presos convivem, foi determinado pela Justi\u00e7a que a cadeia da Delegacia de <a href=\"https:\/\/www.caraguatatuba.sp.gov.br\/pmc\/\">Caraguatatuba<\/a> seja interditada. As celas do local precisar\u00e3o passar por reformas e elas devem ser conclu\u00eddas em 60 dias. Por conta disso os presos do local ter\u00e3o de ser transferidos para outras unidades prisionais.<\/p>\n<p>O Minist\u00e9rio P\u00fablico entrou com uma a\u00e7\u00e3o alegando as m\u00e1s condi\u00e7\u00f5es apresentadas no local. Diversas fiscaliza\u00e7\u00f5es foram feitas ao longo de 2020 e a Pol\u00edcia Civil recebeu a notifica\u00e7\u00e3o para que realizasse as melhorias. S\u00f3 que at\u00e9 agora nada foi feito nas instala\u00e7\u00f5es.<\/p>\n<p>A Cadeia de Caraguatatuba abriga os presos tempor\u00e1rios, que aguardam decis\u00f5es da Justi\u00e7a para serem encaminhados a outros pres\u00eddios ou se ser\u00e3o liberados. O relat\u00f3rio do MP aponta os problemas existentes.<\/p>\n<p>&#8220;A carceragem masculina fica ao final do corredor e as celas se encontram isoladas em fileiras em formato de \u201cu\u201d com o p\u00e1tio para banho de sol no centro. Estas celas apresentam p\u00e9ssimo estado de asseio, organiza\u00e7\u00e3o e manuten\u00e7\u00e3o geral. As paredes e teto apresentam umidade, bolor, infiltra\u00e7\u00f5es e descascamento. Quase n\u00e3o h\u00e1 ventila\u00e7\u00e3o natural. Al\u00e9m disso, verificamos ac\u00famulo de poeira e lixo pelo local&#8221;, diz relat\u00f3rio.<\/p>\n<h3>O espa\u00e7o<\/h3>\n<div class=\"mc-column content-text active-extra-styles \" data-block-type=\"unstyled\" data-block-weight=\"60\" data-block-id=\"8\">\n<p class=\"content-text__container \" data-track-category=\"Link no Texto\" data-track-links=\"\">Ao todo, s\u00e3o nove instala\u00e7\u00f5es carcer\u00e1rias na delegacia, sendo quatro celas masculinas espec\u00edficas para crimes hediondos e equiparados, uma feminina, onde as mulheres ficam por 12 horas, at\u00e9 que s\u00e3o encaminhadas \u00e0 carceragem feminina de Ubatuba, outras duas para detentos devedores de pens\u00e3o aliment\u00edcia, uma para adolescentes infratores e outra para detentos especiais. Todas foram consideradas inadequadas pelo Minist\u00e9rio P\u00fablico.<\/p>\n<\/div>\n<div class=\"mc-column content-text active-extra-styles \" data-block-type=\"unstyled\" data-block-weight=\"70\" data-block-id=\"9\">\n<p class=\"content-text__container \" data-track-category=\"Link no Texto\" data-track-links=\"\">&#8220;A cela feminina apresentava precariedade de asseio e organiza\u00e7\u00e3o. A ventila\u00e7\u00e3o e insola\u00e7\u00e3o s\u00e3o reduzidas devido ao tamanho pequeno da janela. No momento da \u00faltima vistoria, havia apenas uma detenta, que estava deitada no ch\u00e3o em cima de roupas de cama. Verificamos bandejas de isopor sujas, as quais s\u00e3o utilizadas para o transporte das marmitas dos detentos, acumuladas no ch\u00e3o do corredor&#8221;, completou o documento sobre as celas da delegacia.<\/p>\n<h3 data-track-category=\"Link no Texto\">Resposta<\/h3>\n<p>Em nota, a Pol\u00edcia Civil de Caraguatatuba informou que as celas j\u00e1 passaram por uma manuten\u00e7\u00e3o el\u00e9trica e hidr\u00e1ulica no ano de 2020 e que, at\u00e9 o momento, n\u00e3o recebeu novas notifica\u00e7\u00f5es do Minist\u00e9rio P\u00fablico ou do Poder Judici\u00e1rio sobre a unidade.<\/p>\n<p>Leia tamb\u00e9m<\/p>\n<p><a href=\"https:\/\/redenoticiaz.com.br\/litoralsp\/2021\/02\/02\/falsos-policiais-federais-tentam-sequestrar-crianca\">Falsos policiais federais tentam sequestrar crian\u00e7a<\/a><\/p>\n<\/div>\n","protected":false},"excerpt":{"rendered":"<p>Devido as condi\u00e7\u00f5es prec\u00e1rias que os presos convivem, foi determinado pela Justi\u00e7a que a cadeia da Delegacia de Caraguatatuba seja interditada. As celas do local precisar\u00e3o passar por reformas e elas devem ser conclu\u00eddas em 60 dias. Por conta disso os presos do local ter\u00e3o de ser transferidos para outras unidades prisionais. O Minist\u00e9rio P\u00fablico &hellip;<\/p>\n","protected":false},"author":6,"featured_media":3662,"comment_status":"open","ping_status":"closed","sticky":false,"template":"","format":"standard","meta":{"footnotes":""},"categories":[2881,10],"tags":[10815,2742,10817,10816,10818,5779,3922,1431,1762,10682],"class_list":["post-3661","post","type-post","status-publish","format-standard","has-post-thumbnail","hentry","category-caraguatatuba","category-policia","tag-cadeia","tag-caraguatatuba","tag-celas","tag-delegacia","tag-detentos","tag-interdicao","tag-justica","tag-ministerio-publico","tag-policia-civil","tag-reforma"],"yoast_head":"<!-- This site is optimized with the Yoast SEO plugin v27.5 - https:\/\/yoast.com\/product\/yoast-seo-wordpress\/ -->\n<title>Cadeia de Caraguatatuba \u00e9 interditada pela Justi\u00e7a - Litoral SP<\/title>\n<meta name=\"description\" content=\"Devido as condi\u00e7\u00f5es prec\u00e1rias que os presos convivem, foi determinado pela Justi\u00e7a que a cadeia da Delegacia de Caraguatatuba seja interditada. As\" \/>\n<meta name=\"robots\" content=\"index, follow, max-snippet:-1, max-image-preview:large, max-video-preview:-1\" \/>\n<link rel=\"canonical\" href=\"https:\/\/redenoticiaz.com.br\/litoralsp\/2021\/02\/04\/cadeia-de-caraguatatuba-e-interditada-pela-justica\" \/>\n<meta property=\"og:locale\" content=\"pt_BR\" \/>\n<meta property=\"og:type\" content=\"article\" \/>\n<meta property=\"og:title\" content=\"Cadeia de Caraguatatuba \u00e9 interditada pela Justi\u00e7a - Litoral SP\" \/>\n<meta property=\"og:description\" content=\"Devido as condi\u00e7\u00f5es prec\u00e1rias que os presos convivem, foi determinado pela Justi\u00e7a que a cadeia da Delegacia de Caraguatatuba seja interditada. As\" \/>\n<meta property=\"og:url\" content=\"https:\/\/redenoticiaz.com.br\/litoralsp\/2021\/02\/04\/cadeia-de-caraguatatuba-e-interditada-pela-justica\" \/>\n<meta property=\"og:site_name\" content=\"Litoral SP\" \/>\n<meta property=\"article:published_time\" content=\"2021-02-04T15:20:28+00:00\" \/>\n<meta property=\"article:modified_time\" content=\"2021-02-04T15:27:51+00:00\" \/>\n<meta property=\"og:image\" content=\"https:\/\/redenoticiaz.com.br\/litoralsp\/wp-content\/uploads\/sites\/3\/2021\/02\/celas.jpg\" \/>\n\t<meta property=\"og:image:width\" content=\"836\" \/>\n\t<meta property=\"og:image:height\" content=\"1080\" \/>\n\t<meta property=\"og:image:type\" content=\"image\/jpeg\" \/>\n<meta name=\"author\" content=\"Leonardo Francisco\" \/>\n<meta name=\"twitter:card\" content=\"summary_large_image\" \/>\n<meta name=\"twitter:label1\" content=\"Escrito por\" \/>\n\t<meta name=\"twitter:data1\" content=\"Leonardo Francisco\" \/>\n\t<meta name=\"twitter:label2\" content=\"Est. tempo de leitura\" \/>\n\t<meta name=\"twitter:data2\" content=\"2 minutos\" \/>\n<script type=\"application\/ld+json\" class=\"yoast-schema-graph\">{\"@context\":\"https:\\\/\\\/schema.org\",\"@graph\":[{\"@type\":\"Article\",\"@id\":\"https:\\\/\\\/redenoticiaz.com.br\\\/litoralsp\\\/2021\\\/02\\\/04\\\/cadeia-de-caraguatatuba-e-interditada-pela-justica#article\",\"isPartOf\":{\"@id\":\"https:\\\/\\\/redenoticiaz.com.br\\\/litoralsp\\\/2021\\\/02\\\/04\\\/cadeia-de-caraguatatuba-e-interditada-pela-justica\"},\"author\":{\"name\":\"Leonardo Francisco\",\"@id\":\"https:\\\/\\\/redenoticiaz.com.br\\\/litoralsp\\\/#\\\/schema\\\/person\\\/0f0b8a5bdafefe82841e07ae8d81ecb3\"},\"headline\":\"Cadeia de Caraguatatuba \u00e9 interditada pela Justi\u00e7a\",\"datePublished\":\"2021-02-04T15:20:28+00:00\",\"dateModified\":\"2021-02-04T15:27:51+00:00\",\"mainEntityOfPage\":{\"@id\":\"https:\\\/\\\/redenoticiaz.com.br\\\/litoralsp\\\/2021\\\/02\\\/04\\\/cadeia-de-caraguatatuba-e-interditada-pela-justica\"},\"wordCount\":437,\"commentCount\":0,\"publisher\":{\"@id\":\"https:\\\/\\\/redenoticiaz.com.br\\\/litoralsp\\\/#organization\"},\"image\":{\"@id\":\"https:\\\/\\\/redenoticiaz.com.br\\\/litoralsp\\\/2021\\\/02\\\/04\\\/cadeia-de-caraguatatuba-e-interditada-pela-justica#primaryimage\"},\"thumbnailUrl\":\"https:\\\/\\\/redenoticiaz.com.br\\\/litoralsp\\\/wp-content\\\/uploads\\\/sites\\\/3\\\/2021\\\/02\\\/celas.jpg\",\"keywords\":[\"CADEIA\",\"CARAGUATATUBA\",\"CELAS\",\"DELEGACIA\",\"detentos\",\"INTERDI\u00c7\u00c3O\",\"justi\u00e7a\",\"Minist\u00e9rio P\u00fablico\",\"POL\u00cdCIA CIVIL\",\"reforma\"],\"articleSection\":[\"Caraguatatuba\",\"Pol\u00edcia\"],\"inLanguage\":\"pt-BR\",\"potentialAction\":[{\"@type\":\"CommentAction\",\"name\":\"Comment\",\"target\":[\"https:\\\/\\\/redenoticiaz.com.br\\\/litoralsp\\\/2021\\\/02\\\/04\\\/cadeia-de-caraguatatuba-e-interditada-pela-justica#respond\"]}]},{\"@type\":\"WebPage\",\"@id\":\"https:\\\/\\\/redenoticiaz.com.br\\\/litoralsp\\\/2021\\\/02\\\/04\\\/cadeia-de-caraguatatuba-e-interditada-pela-justica\",\"url\":\"https:\\\/\\\/redenoticiaz.com.br\\\/litoralsp\\\/2021\\\/02\\\/04\\\/cadeia-de-caraguatatuba-e-interditada-pela-justica\",\"name\":\"Cadeia de Caraguatatuba \u00e9 interditada pela Justi\u00e7a - Litoral SP\",\"isPartOf\":{\"@id\":\"https:\\\/\\\/redenoticiaz.com.br\\\/litoralsp\\\/#website\"},\"primaryImageOfPage\":{\"@id\":\"https:\\\/\\\/redenoticiaz.com.br\\\/litoralsp\\\/2021\\\/02\\\/04\\\/cadeia-de-caraguatatuba-e-interditada-pela-justica#primaryimage\"},\"image\":{\"@id\":\"https:\\\/\\\/redenoticiaz.com.br\\\/litoralsp\\\/2021\\\/02\\\/04\\\/cadeia-de-caraguatatuba-e-interditada-pela-justica#primaryimage\"},\"thumbnailUrl\":\"https:\\\/\\\/redenoticiaz.com.br\\\/litoralsp\\\/wp-content\\\/uploads\\\/sites\\\/3\\\/2021\\\/02\\\/celas.jpg\",\"datePublished\":\"2021-02-04T15:20:28+00:00\",\"dateModified\":\"2021-02-04T15:27:51+00:00\",\"description\":\"Devido as condi\u00e7\u00f5es prec\u00e1rias que os presos convivem, foi determinado pela Justi\u00e7a que a cadeia da Delegacia de Caraguatatuba seja interditada. As\",\"inLanguage\":\"pt-BR\",\"potentialAction\":[{\"@type\":\"ReadAction\",\"target\":[\"https:\\\/\\\/redenoticiaz.com.br\\\/litoralsp\\\/2021\\\/02\\\/04\\\/cadeia-de-caraguatatuba-e-interditada-pela-justica\"]}]},{\"@type\":\"ImageObject\",\"inLanguage\":\"pt-BR\",\"@id\":\"https:\\\/\\\/redenoticiaz.com.br\\\/litoralsp\\\/2021\\\/02\\\/04\\\/cadeia-de-caraguatatuba-e-interditada-pela-justica#primaryimage\",\"url\":\"https:\\\/\\\/redenoticiaz.com.br\\\/litoralsp\\\/wp-content\\\/uploads\\\/sites\\\/3\\\/2021\\\/02\\\/celas.jpg\",\"contentUrl\":\"https:\\\/\\\/redenoticiaz.com.br\\\/litoralsp\\\/wp-content\\\/uploads\\\/sites\\\/3\\\/2021\\\/02\\\/celas.jpg\",\"width\":836,\"height\":1080,\"caption\":\"Cr\u00e9ditos: Minist\u00e9rio P\u00fablico.\"},{\"@type\":\"WebSite\",\"@id\":\"https:\\\/\\\/redenoticiaz.com.br\\\/litoralsp\\\/#website\",\"url\":\"https:\\\/\\\/redenoticiaz.com.br\\\/litoralsp\\\/\",\"name\":\"Litoral SP\",\"description\":\"Rede NoticiaZ\",\"publisher\":{\"@id\":\"https:\\\/\\\/redenoticiaz.com.br\\\/litoralsp\\\/#organization\"},\"potentialAction\":[{\"@type\":\"SearchAction\",\"target\":{\"@type\":\"EntryPoint\",\"urlTemplate\":\"https:\\\/\\\/redenoticiaz.com.br\\\/litoralsp\\\/?s={search_term_string}\"},\"query-input\":{\"@type\":\"PropertyValueSpecification\",\"valueRequired\":true,\"valueName\":\"search_term_string\"}}],\"inLanguage\":\"pt-BR\"},{\"@type\":\"Organization\",\"@id\":\"https:\\\/\\\/redenoticiaz.com.br\\\/litoralsp\\\/#organization\",\"name\":\"Litoral SP\",\"url\":\"https:\\\/\\\/redenoticiaz.com.br\\\/litoralsp\\\/\",\"logo\":{\"@type\":\"ImageObject\",\"inLanguage\":\"pt-BR\",\"@id\":\"https:\\\/\\\/redenoticiaz.com.br\\\/litoralsp\\\/#\\\/schema\\\/logo\\\/image\\\/\",\"url\":\"https:\\\/\\\/redenoticiaz.com.br\\\/litoralsp\\\/wp-content\\\/uploads\\\/sites\\\/3\\\/2020\\\/11\\\/logo.jpg\",\"contentUrl\":\"https:\\\/\\\/redenoticiaz.com.br\\\/litoralsp\\\/wp-content\\\/uploads\\\/sites\\\/3\\\/2020\\\/11\\\/logo.jpg\",\"width\":400,\"height\":250,\"caption\":\"Litoral SP\"},\"image\":{\"@id\":\"https:\\\/\\\/redenoticiaz.com.br\\\/litoralsp\\\/#\\\/schema\\\/logo\\\/image\\\/\"}},{\"@type\":\"Person\",\"@id\":\"https:\\\/\\\/redenoticiaz.com.br\\\/litoralsp\\\/#\\\/schema\\\/person\\\/0f0b8a5bdafefe82841e07ae8d81ecb3\",\"name\":\"Leonardo Francisco\",\"image\":{\"@type\":\"ImageObject\",\"inLanguage\":\"pt-BR\",\"@id\":\"https:\\\/\\\/secure.gravatar.com\\\/avatar\\\/a7358cb406a99b682ec6df1e77e31ae82e63601f6784e8a3df411d72b37864da?s=96&d=mm&r=g\",\"url\":\"https:\\\/\\\/secure.gravatar.com\\\/avatar\\\/a7358cb406a99b682ec6df1e77e31ae82e63601f6784e8a3df411d72b37864da?s=96&d=mm&r=g\",\"contentUrl\":\"https:\\\/\\\/secure.gravatar.com\\\/avatar\\\/a7358cb406a99b682ec6df1e77e31ae82e63601f6784e8a3df411d72b37864da?s=96&d=mm&r=g\",\"caption\":\"Leonardo Francisco\"},\"url\":\"https:\\\/\\\/redenoticiaz.com.br\\\/litoralsp\\\/author\\\/leonardo-francisco\"}]}<\/script>\n<!-- \/ Yoast SEO plugin. -->","yoast_head_json":{"title":"Cadeia de Caraguatatuba \u00e9 interditada pela Justi\u00e7a - Litoral SP","description":"Devido as condi\u00e7\u00f5es prec\u00e1rias que os presos convivem, foi determinado pela Justi\u00e7a que a cadeia da Delegacia de Caraguatatuba seja interditada. As","robots":{"index":"index","follow":"follow","max-snippet":"max-snippet:-1","max-image-preview":"max-image-preview:large","max-video-preview":"max-video-preview:-1"},"canonical":"https:\/\/redenoticiaz.com.br\/litoralsp\/2021\/02\/04\/cadeia-de-caraguatatuba-e-interditada-pela-justica","og_locale":"pt_BR","og_type":"article","og_title":"Cadeia de Caraguatatuba \u00e9 interditada pela Justi\u00e7a - Litoral SP","og_description":"Devido as condi\u00e7\u00f5es prec\u00e1rias que os presos convivem, foi determinado pela Justi\u00e7a que a cadeia da Delegacia de Caraguatatuba seja interditada. As","og_url":"https:\/\/redenoticiaz.com.br\/litoralsp\/2021\/02\/04\/cadeia-de-caraguatatuba-e-interditada-pela-justica","og_site_name":"Litoral SP","article_published_time":"2021-02-04T15:20:28+00:00","article_modified_time":"2021-02-04T15:27:51+00:00","og_image":[{"width":836,"height":1080,"url":"https:\/\/redenoticiaz.com.br\/litoralsp\/wp-content\/uploads\/sites\/3\/2021\/02\/celas.jpg","type":"image\/jpeg"}],"author":"Leonardo Francisco","twitter_card":"summary_large_image","twitter_misc":{"Escrito por":"Leonardo Francisco","Est. tempo de leitura":"2 minutos"},"schema":{"@context":"https:\/\/schema.org","@graph":[{"@type":"Article","@id":"https:\/\/redenoticiaz.com.br\/litoralsp\/2021\/02\/04\/cadeia-de-caraguatatuba-e-interditada-pela-justica#article","isPartOf":{"@id":"https:\/\/redenoticiaz.com.br\/litoralsp\/2021\/02\/04\/cadeia-de-caraguatatuba-e-interditada-pela-justica"},"author":{"name":"Leonardo Francisco","@id":"https:\/\/redenoticiaz.com.br\/litoralsp\/#\/schema\/person\/0f0b8a5bdafefe82841e07ae8d81ecb3"},"headline":"Cadeia de Caraguatatuba \u00e9 interditada pela Justi\u00e7a","datePublished":"2021-02-04T15:20:28+00:00","dateModified":"2021-02-04T15:27:51+00:00","mainEntityOfPage":{"@id":"https:\/\/redenoticiaz.com.br\/litoralsp\/2021\/02\/04\/cadeia-de-caraguatatuba-e-interditada-pela-justica"},"wordCount":437,"commentCount":0,"publisher":{"@id":"https:\/\/redenoticiaz.com.br\/litoralsp\/#organization"},"image":{"@id":"https:\/\/redenoticiaz.com.br\/litoralsp\/2021\/02\/04\/cadeia-de-caraguatatuba-e-interditada-pela-justica#primaryimage"},"thumbnailUrl":"https:\/\/redenoticiaz.com.br\/litoralsp\/wp-content\/uploads\/sites\/3\/2021\/02\/celas.jpg","keywords":["CADEIA","CARAGUATATUBA","CELAS","DELEGACIA","detentos","INTERDI\u00c7\u00c3O","justi\u00e7a","Minist\u00e9rio P\u00fablico","POL\u00cdCIA CIVIL","reforma"],"articleSection":["Caraguatatuba","Pol\u00edcia"],"inLanguage":"pt-BR","potentialAction":[{"@type":"CommentAction","name":"Comment","target":["https:\/\/redenoticiaz.com.br\/litoralsp\/2021\/02\/04\/cadeia-de-caraguatatuba-e-interditada-pela-justica#respond"]}]},{"@type":"WebPage","@id":"https:\/\/redenoticiaz.com.br\/litoralsp\/2021\/02\/04\/cadeia-de-caraguatatuba-e-interditada-pela-justica","url":"https:\/\/redenoticiaz.com.br\/litoralsp\/2021\/02\/04\/cadeia-de-caraguatatuba-e-interditada-pela-justica","name":"Cadeia de Caraguatatuba \u00e9 interditada pela Justi\u00e7a - Litoral SP","isPartOf":{"@id":"https:\/\/redenoticiaz.com.br\/litoralsp\/#website"},"primaryImageOfPage":{"@id":"https:\/\/redenoticiaz.com.br\/litoralsp\/2021\/02\/04\/cadeia-de-caraguatatuba-e-interditada-pela-justica#primaryimage"},"image":{"@id":"https:\/\/redenoticiaz.com.br\/litoralsp\/2021\/02\/04\/cadeia-de-caraguatatuba-e-interditada-pela-justica#primaryimage"},"thumbnailUrl":"https:\/\/redenoticiaz.com.br\/litoralsp\/wp-content\/uploads\/sites\/3\/2021\/02\/celas.jpg","datePublished":"2021-02-04T15:20:28+00:00","dateModified":"2021-02-04T15:27:51+00:00","description":"Devido as condi\u00e7\u00f5es prec\u00e1rias que os presos convivem, foi determinado pela Justi\u00e7a que a cadeia da Delegacia de Caraguatatuba seja interditada. As","inLanguage":"pt-BR","potentialAction":[{"@type":"ReadAction","target":["https:\/\/redenoticiaz.com.br\/litoralsp\/2021\/02\/04\/cadeia-de-caraguatatuba-e-interditada-pela-justica"]}]},{"@type":"ImageObject","inLanguage":"pt-BR","@id":"https:\/\/redenoticiaz.com.br\/litoralsp\/2021\/02\/04\/cadeia-de-caraguatatuba-e-interditada-pela-justica#primaryimage","url":"https:\/\/redenoticiaz.com.br\/litoralsp\/wp-content\/uploads\/sites\/3\/2021\/02\/celas.jpg","contentUrl":"https:\/\/redenoticiaz.com.br\/litoralsp\/wp-content\/uploads\/sites\/3\/2021\/02\/celas.jpg","width":836,"height":1080,"caption":"Cr\u00e9ditos: Minist\u00e9rio P\u00fablico."},{"@type":"WebSite","@id":"https:\/\/redenoticiaz.com.br\/litoralsp\/#website","url":"https:\/\/redenoticiaz.com.br\/litoralsp\/","name":"Litoral SP","description":"Rede NoticiaZ","publisher":{"@id":"https:\/\/redenoticiaz.com.br\/litoralsp\/#organization"},"potentialAction":[{"@type":"SearchAction","target":{"@type":"EntryPoint","urlTemplate":"https:\/\/redenoticiaz.com.br\/litoralsp\/?s={search_term_string}"},"query-input":{"@type":"PropertyValueSpecification","valueRequired":true,"valueName":"search_term_string"}}],"inLanguage":"pt-BR"},{"@type":"Organization","@id":"https:\/\/redenoticiaz.com.br\/litoralsp\/#organization","name":"Litoral SP","url":"https:\/\/redenoticiaz.com.br\/litoralsp\/","logo":{"@type":"ImageObject","inLanguage":"pt-BR","@id":"https:\/\/redenoticiaz.com.br\/litoralsp\/#\/schema\/logo\/image\/","url":"https:\/\/redenoticiaz.com.br\/litoralsp\/wp-content\/uploads\/sites\/3\/2020\/11\/logo.jpg","contentUrl":"https:\/\/redenoticiaz.com.br\/litoralsp\/wp-content\/uploads\/sites\/3\/2020\/11\/logo.jpg","width":400,"height":250,"caption":"Litoral SP"},"image":{"@id":"https:\/\/redenoticiaz.com.br\/litoralsp\/#\/schema\/logo\/image\/"}},{"@type":"Person","@id":"https:\/\/redenoticiaz.com.br\/litoralsp\/#\/schema\/person\/0f0b8a5bdafefe82841e07ae8d81ecb3","name":"Leonardo Francisco","image":{"@type":"ImageObject","inLanguage":"pt-BR","@id":"https:\/\/secure.gravatar.com\/avatar\/a7358cb406a99b682ec6df1e77e31ae82e63601f6784e8a3df411d72b37864da?s=96&d=mm&r=g","url":"https:\/\/secure.gravatar.com\/avatar\/a7358cb406a99b682ec6df1e77e31ae82e63601f6784e8a3df411d72b37864da?s=96&d=mm&r=g","contentUrl":"https:\/\/secure.gravatar.com\/avatar\/a7358cb406a99b682ec6df1e77e31ae82e63601f6784e8a3df411d72b37864da?s=96&d=mm&r=g","caption":"Leonardo Francisco"},"url":"https:\/\/redenoticiaz.com.br\/litoralsp\/author\/leonardo-francisco"}]}},"_links":{"self":[{"href":"https:\/\/redenoticiaz.com.br\/litoralsp\/wp-json\/wp\/v2\/posts\/3661","targetHints":{"allow":["GET"]}}],"collection":[{"href":"https:\/\/redenoticiaz.com.br\/litoralsp\/wp-json\/wp\/v2\/posts"}],"about":[{"href":"https:\/\/redenoticiaz.com.br\/litoralsp\/wp-json\/wp\/v2\/types\/post"}],"author":[{"embeddable":true,"href":"https:\/\/redenoticiaz.com.br\/litoralsp\/wp-json\/wp\/v2\/users\/6"}],"replies":[{"embeddable":true,"href":"https:\/\/redenoticiaz.com.br\/litoralsp\/wp-json\/wp\/v2\/comments?post=3661"}],"version-history":[{"count":1,"href":"https:\/\/redenoticiaz.com.br\/litoralsp\/wp-json\/wp\/v2\/posts\/3661\/revisions"}],"predecessor-version":[{"id":3663,"href":"https:\/\/redenoticiaz.com.br\/litoralsp\/wp-json\/wp\/v2\/posts\/3661\/revisions\/3663"}],"wp:featuredmedia":[{"embeddable":true,"href":"https:\/\/redenoticiaz.com.br\/litoralsp\/wp-json\/wp\/v2\/media\/3662"}],"wp:attachment":[{"href":"https:\/\/redenoticiaz.com.br\/litoralsp\/wp-json\/wp\/v2\/media?parent=3661"}],"wp:term":[{"taxonomy":"category","embeddable":true,"href":"https:\/\/redenoticiaz.com.br\/litoralsp\/wp-json\/wp\/v2\/categories?post=3661"},{"taxonomy":"post_tag","embeddable":true,"href":"https:\/\/redenoticiaz.com.br\/litoralsp\/wp-json\/wp\/v2\/tags?post=3661"}],"curies":[{"name":"wp","href":"https:\/\/api.w.org\/{rel}","templated":true}]}}