{"id":3752,"date":"2021-02-06T14:40:20","date_gmt":"2021-02-06T17:40:20","guid":{"rendered":"https:\/\/redenoticiaz.com.br\/litoralsp\/2021\/02\/06\/justica-barra-demissoes-de-funcionarios-da-ford"},"modified":"2021-02-06T14:40:20","modified_gmt":"2021-02-06T17:40:20","slug":"justica-barra-demissoes-de-funcionarios-da-ford","status":"publish","type":"post","link":"https:\/\/redenoticiaz.com.br\/litoralsp\/2021\/02\/06\/justica-barra-demissoes-de-funcionarios-da-ford","title":{"rendered":"Justi\u00e7a barra demiss\u00f5es de funcion\u00e1rios da Ford"},"content":{"rendered":"<p>A Justi\u00e7a do Trabalho barrou as demiss\u00f5es dos funcion\u00e1rios da <a href=\"https:\/\/www.ford.com.br\/\">Ford<\/a> que aconteceriam neste ano. Uma liminar foi concedida e isso ir\u00e1 beneficiar os trabalhadores das f\u00e1bricas de Cama\u00e7ari, na Bahia e tamb\u00e9m de Taubat\u00e9, no Interior de S\u00e3o Paulo.<\/p>\n<p>Na decis\u00e3o \u00e9 exigido que nenhum funcion\u00e1rio seja desligado da empresa at\u00e9 o fim das negocia\u00e7\u00f5es com o sindicato. A decis\u00e3o \u00e9 da ju\u00edza de Taubat\u00e9, Andr\u00e9ia de Oliveira em uma a\u00e7\u00e3o movida pelo Minist\u00e9rio P\u00fablico do Trabalho (MPT). No documento, a ju\u00edza determinou que a empresa n\u00e3o fa\u00e7a a demiss\u00e3o em massa dos funcion\u00e1rios. A planta na cidade tem cerca de 800 funcion\u00e1rios.<\/p>\n<div class=\"mc-column content-text active-extra-styles \" data-block-type=\"unstyled\" data-block-weight=\"62\" data-block-id=\"5\">\n<p class=\"content-text__container \" data-track-category=\"Link no Texto\" data-track-links=\"\">&#8220;O caso dos autos n\u00e3o envolve a dispensa sem justa causa de um \u00fanico trabalhador, onde o impacto \u00e9 sentido por uma fam\u00edlia apenas. A dimens\u00e3o da empresa, o n\u00famero de empregos diretos e indiretos atingidos e o impacto social para o pa\u00eds n\u00e3o comportam uma solu\u00e7\u00e3o simplista para o caso&#8221;, diz a ju\u00edza Andreia de Oliveira em trecho da decis\u00e3o.<\/p>\n<\/div>\n<div class=\"mc-column content-text active-extra-styles \" data-block-type=\"unstyled\" data-block-weight=\"31\" data-block-id=\"6\">\n<p class=\"content-text__container \" data-track-category=\"Link no Texto\" data-track-links=\"\">Al\u00e9m da medida, a magistrada ainda determinou que, at\u00e9 o fim das negocia\u00e7\u00f5es, a empresa siga pagando sal\u00e1rios e benef\u00edcios aos trabalhadores e que n\u00e3o retire qualquer maquin\u00e1rio da planta.<\/p>\n<div class=\"mc-column content-text active-extra-styles \" data-block-type=\"unstyled\" data-block-weight=\"29\" data-block-id=\"9\">\n<p class=\"content-text__container \" data-track-category=\"Link no Texto\" data-track-links=\"\">Al\u00e9m disso tamb\u00e9m foi determinado pela ju\u00edza que uma multa seja paga em caso de descumprimento das medidas, com valor de R$ 100 mil por trabalhador atingido e R$ 500 mil por item em desacordo. No dia 3 de fevereiro os funcion\u00e1rios da planta em Taubat\u00e9 negaram a proposta de indeniza\u00e7\u00e3o\u00a0da empresa para o fim das atividades. A indeniza\u00e7\u00e3o oferecida pela montadora norte-americana era de 1,1 sal\u00e1rio por ano trabalhado para os funcion\u00e1rios horistas. Para os mensalistas, o valor seria de 0,7 sal\u00e1rio por ano trabalhado.<\/p>\n<h3 data-track-category=\"Link no Texto\">Rea\u00e7\u00f5es<\/h3>\n<\/div>\n<div class=\"mc-column content-text active-extra-styles \" data-block-type=\"unstyled\" data-block-weight=\"27\" data-block-id=\"11\">\n<p class=\"content-text__container \" data-track-category=\"Link no Texto\" data-track-links=\"\">Em nota a Ford informou que ainda n\u00e3o foi intimada da decis\u00e3o. Mas a empresa pode recorrer desta decis\u00e3o. O Sindicato dos Metal\u00fargicos explica que a decis\u00e3o abre espa\u00e7o para a tentativa da entidade de reverter o processo de sa\u00edda da empresa.<\/p>\n<p class=\"content-text__container \" data-track-category=\"Link no Texto\" data-track-links=\"\">\u201cA medida nos d\u00e1 tempo nas negocia\u00e7\u00f5es e ainda exige que ela mantenha os trabalhadores. Vamos continuar tentando a revers\u00e3o da decis\u00e3o de fechamento da planta em Taubat\u00e9\u201d, comentou o presidente da entidade, Cl\u00e1udio Batista.<\/p>\n<h3 data-track-category=\"Link no Texto\">Cama\u00e7ari<\/h3>\n<p>Em Cama\u00e7ari, a Justi\u00e7a tamb\u00e9m concedeu liminar a pedido do Minist\u00e9rio P\u00fablico do Trabalho\u00a0para impedir as demiss\u00f5es na planta em Cama\u00e7ari, na Bahia. No documento, al\u00e9m das demiss\u00f5es, tamb\u00e9m foi determinado que a empresa siga pagando sal\u00e1rios e licen\u00e7as at\u00e9 o fim das negocia\u00e7\u00f5es.<\/p>\n<p>Na cidade, o juiz que concedeu a pedido determinou que, caso a liminar n\u00e3o seja cumprida, poder\u00e1 ser aplicada uma multa de R$ 1 milh\u00e3o por item descumprido, mais R$ 50 mil por trabalhador atingido. A empresa tamb\u00e9m pode recorrer da decis\u00e3o.<\/p>\n<p>Leia tamb\u00e9m<\/p>\n<p><a href=\"https:\/\/redenoticiaz.com.br\/blog\/2021\/01\/11\/ford-vai-encerrar-operacoes-no-brasil\">Ford vai encerrar opera\u00e7\u00f5es no Brasil<\/a><\/p>\n<div class=\"content-ads content-ads--reveal\" data-block-type=\"ads\" data-block-id=\"15\">\n<div id=\"banner_materia__ac1f065d-a403-4b2e-b211-594c617c88b5\" class=\"tag-manager-publicidade-container mc-has-reveal mc-has-ad-lazyload tag-manager-publicidade-banner_materia__ac1f065d-a403-4b2e-b211-594c617c88b5 tag-manager-publicidade-container--carregado tag-manager-publicidade-container--visivel\" data-id=\"banner_materia__ac1f065d-a403-4b2e-b211-594c617c88b5\" data-req=\"true\" data-google-query-id=\"COf3qLzk1e4CFXYzuQYd_3YHpQ\" data-cid=\"138339083692\" data-lid=\"5607488047\"><\/div>\n<\/div>\n<\/div>\n<\/div>\n","protected":false},"excerpt":{"rendered":"<p>A Justi\u00e7a do Trabalho barrou as demiss\u00f5es dos funcion\u00e1rios da Ford que aconteceriam neste ano. Uma liminar foi concedida e isso ir\u00e1 beneficiar os trabalhadores das f\u00e1bricas de Cama\u00e7ari, na Bahia e tamb\u00e9m de Taubat\u00e9, no Interior de S\u00e3o Paulo. Na decis\u00e3o \u00e9 exigido que nenhum funcion\u00e1rio seja desligado da empresa at\u00e9 o fim das &hellip;<\/p>\n","protected":false},"author":6,"featured_media":3753,"comment_status":"open","ping_status":"closed","sticky":false,"template":"","format":"standard","meta":{"footnotes":""},"categories":[22],"tags":[10986,8198,8200,10987,10289,10771,10988,10989,10990],"class_list":["post-3752","post","type-post","status-publish","format-standard","has-post-thumbnail","hentry","category-justica","tag-camacari","tag-demissoes","tag-ford","tag-justica-do-trabalho-2","tag-liminar","tag-ministerio-publico-do-trabalho","tag-sindicato-dos-metalurgicos","tag-taubate","tag-trabalhadores"],"yoast_head":"<!-- This site is optimized with the Yoast SEO plugin v27.5 - https:\/\/yoast.com\/product\/yoast-seo-wordpress\/ -->\n<title>Justi\u00e7a barra demiss\u00f5es de funcion\u00e1rios da Ford - Litoral SP<\/title>\n<meta name=\"robots\" content=\"index, follow, max-snippet:-1, max-image-preview:large, max-video-preview:-1\" \/>\n<link rel=\"canonical\" href=\"https:\/\/redenoticiaz.com.br\/litoralsp\/2021\/02\/06\/justica-barra-demissoes-de-funcionarios-da-ford\" \/>\n<meta property=\"og:locale\" content=\"pt_BR\" \/>\n<meta property=\"og:type\" content=\"article\" \/>\n<meta property=\"og:title\" content=\"Justi\u00e7a barra demiss\u00f5es de funcion\u00e1rios da Ford - Litoral SP\" \/>\n<meta property=\"og:description\" content=\"A Justi\u00e7a do Trabalho barrou as demiss\u00f5es dos funcion\u00e1rios da Ford que aconteceriam neste ano. Uma liminar foi concedida e isso ir\u00e1 beneficiar os trabalhadores das f\u00e1bricas de Cama\u00e7ari, na Bahia e tamb\u00e9m de Taubat\u00e9, no Interior de S\u00e3o Paulo. Na decis\u00e3o \u00e9 exigido que nenhum funcion\u00e1rio seja desligado da empresa at\u00e9 o fim das &hellip;\" \/>\n<meta property=\"og:url\" content=\"https:\/\/redenoticiaz.com.br\/litoralsp\/2021\/02\/06\/justica-barra-demissoes-de-funcionarios-da-ford\" \/>\n<meta property=\"og:site_name\" content=\"Litoral SP\" \/>\n<meta property=\"article:published_time\" content=\"2021-02-06T17:40:20+00:00\" \/>\n<meta property=\"og:image\" content=\"https:\/\/redenoticiaz.com.br\/litoralsp\/wp-content\/uploads\/sites\/3\/2021\/02\/fabrica-ford-taubate.jpg\" \/>\n\t<meta property=\"og:image:width\" content=\"984\" \/>\n\t<meta property=\"og:image:height\" content=\"458\" \/>\n\t<meta property=\"og:image:type\" content=\"image\/jpeg\" \/>\n<meta name=\"author\" content=\"Leonardo Francisco\" \/>\n<meta name=\"twitter:card\" content=\"summary_large_image\" \/>\n<meta name=\"twitter:label1\" content=\"Escrito por\" \/>\n\t<meta name=\"twitter:data1\" content=\"Leonardo Francisco\" \/>\n\t<meta name=\"twitter:label2\" content=\"Est. tempo de leitura\" \/>\n\t<meta name=\"twitter:data2\" content=\"3 minutos\" \/>\n<script type=\"application\/ld+json\" class=\"yoast-schema-graph\">{\"@context\":\"https:\\\/\\\/schema.org\",\"@graph\":[{\"@type\":\"Article\",\"@id\":\"https:\\\/\\\/redenoticiaz.com.br\\\/litoralsp\\\/2021\\\/02\\\/06\\\/justica-barra-demissoes-de-funcionarios-da-ford#article\",\"isPartOf\":{\"@id\":\"https:\\\/\\\/redenoticiaz.com.br\\\/litoralsp\\\/2021\\\/02\\\/06\\\/justica-barra-demissoes-de-funcionarios-da-ford\"},\"author\":{\"name\":\"Leonardo Francisco\",\"@id\":\"https:\\\/\\\/redenoticiaz.com.br\\\/litoralsp\\\/#\\\/schema\\\/person\\\/0f0b8a5bdafefe82841e07ae8d81ecb3\"},\"headline\":\"Justi\u00e7a barra demiss\u00f5es de funcion\u00e1rios da Ford\",\"datePublished\":\"2021-02-06T17:40:20+00:00\",\"mainEntityOfPage\":{\"@id\":\"https:\\\/\\\/redenoticiaz.com.br\\\/litoralsp\\\/2021\\\/02\\\/06\\\/justica-barra-demissoes-de-funcionarios-da-ford\"},\"wordCount\":533,\"commentCount\":0,\"publisher\":{\"@id\":\"https:\\\/\\\/redenoticiaz.com.br\\\/litoralsp\\\/#organization\"},\"image\":{\"@id\":\"https:\\\/\\\/redenoticiaz.com.br\\\/litoralsp\\\/2021\\\/02\\\/06\\\/justica-barra-demissoes-de-funcionarios-da-ford#primaryimage\"},\"thumbnailUrl\":\"https:\\\/\\\/redenoticiaz.com.br\\\/litoralsp\\\/wp-content\\\/uploads\\\/sites\\\/3\\\/2021\\\/02\\\/fabrica-ford-taubate.jpg\",\"keywords\":[\"CAMA\u00c7ARI\",\"DEMISS\u00d5ES\",\"FORD\",\"justi\u00e7a do trabalho\",\"LIMINAR\",\"MINIST\u00c9RIO P\u00daBLICO DO TRABALHO\",\"SINDICATO DOS METAL\u00daRGICOS\",\"Taubat\u00e9\",\"trabalhadores\"],\"articleSection\":[\"Justi\u00e7a\"],\"inLanguage\":\"pt-BR\",\"potentialAction\":[{\"@type\":\"CommentAction\",\"name\":\"Comment\",\"target\":[\"https:\\\/\\\/redenoticiaz.com.br\\\/litoralsp\\\/2021\\\/02\\\/06\\\/justica-barra-demissoes-de-funcionarios-da-ford#respond\"]}]},{\"@type\":\"WebPage\",\"@id\":\"https:\\\/\\\/redenoticiaz.com.br\\\/litoralsp\\\/2021\\\/02\\\/06\\\/justica-barra-demissoes-de-funcionarios-da-ford\",\"url\":\"https:\\\/\\\/redenoticiaz.com.br\\\/litoralsp\\\/2021\\\/02\\\/06\\\/justica-barra-demissoes-de-funcionarios-da-ford\",\"name\":\"Justi\u00e7a barra demiss\u00f5es de funcion\u00e1rios da Ford - Litoral SP\",\"isPartOf\":{\"@id\":\"https:\\\/\\\/redenoticiaz.com.br\\\/litoralsp\\\/#website\"},\"primaryImageOfPage\":{\"@id\":\"https:\\\/\\\/redenoticiaz.com.br\\\/litoralsp\\\/2021\\\/02\\\/06\\\/justica-barra-demissoes-de-funcionarios-da-ford#primaryimage\"},\"image\":{\"@id\":\"https:\\\/\\\/redenoticiaz.com.br\\\/litoralsp\\\/2021\\\/02\\\/06\\\/justica-barra-demissoes-de-funcionarios-da-ford#primaryimage\"},\"thumbnailUrl\":\"https:\\\/\\\/redenoticiaz.com.br\\\/litoralsp\\\/wp-content\\\/uploads\\\/sites\\\/3\\\/2021\\\/02\\\/fabrica-ford-taubate.jpg\",\"datePublished\":\"2021-02-06T17:40:20+00:00\",\"inLanguage\":\"pt-BR\",\"potentialAction\":[{\"@type\":\"ReadAction\",\"target\":[\"https:\\\/\\\/redenoticiaz.com.br\\\/litoralsp\\\/2021\\\/02\\\/06\\\/justica-barra-demissoes-de-funcionarios-da-ford\"]}]},{\"@type\":\"ImageObject\",\"inLanguage\":\"pt-BR\",\"@id\":\"https:\\\/\\\/redenoticiaz.com.br\\\/litoralsp\\\/2021\\\/02\\\/06\\\/justica-barra-demissoes-de-funcionarios-da-ford#primaryimage\",\"url\":\"https:\\\/\\\/redenoticiaz.com.br\\\/litoralsp\\\/wp-content\\\/uploads\\\/sites\\\/3\\\/2021\\\/02\\\/fabrica-ford-taubate.jpg\",\"contentUrl\":\"https:\\\/\\\/redenoticiaz.com.br\\\/litoralsp\\\/wp-content\\\/uploads\\\/sites\\\/3\\\/2021\\\/02\\\/fabrica-ford-taubate.jpg\",\"width\":984,\"height\":458,\"caption\":\"Justi\u00e7a barra demiss\u00f5es de funcion\u00e1rios da Ford\"},{\"@type\":\"WebSite\",\"@id\":\"https:\\\/\\\/redenoticiaz.com.br\\\/litoralsp\\\/#website\",\"url\":\"https:\\\/\\\/redenoticiaz.com.br\\\/litoralsp\\\/\",\"name\":\"Litoral SP\",\"description\":\"Rede NoticiaZ\",\"publisher\":{\"@id\":\"https:\\\/\\\/redenoticiaz.com.br\\\/litoralsp\\\/#organization\"},\"potentialAction\":[{\"@type\":\"SearchAction\",\"target\":{\"@type\":\"EntryPoint\",\"urlTemplate\":\"https:\\\/\\\/redenoticiaz.com.br\\\/litoralsp\\\/?s={search_term_string}\"},\"query-input\":{\"@type\":\"PropertyValueSpecification\",\"valueRequired\":true,\"valueName\":\"search_term_string\"}}],\"inLanguage\":\"pt-BR\"},{\"@type\":\"Organization\",\"@id\":\"https:\\\/\\\/redenoticiaz.com.br\\\/litoralsp\\\/#organization\",\"name\":\"Litoral SP\",\"url\":\"https:\\\/\\\/redenoticiaz.com.br\\\/litoralsp\\\/\",\"logo\":{\"@type\":\"ImageObject\",\"inLanguage\":\"pt-BR\",\"@id\":\"https:\\\/\\\/redenoticiaz.com.br\\\/litoralsp\\\/#\\\/schema\\\/logo\\\/image\\\/\",\"url\":\"https:\\\/\\\/redenoticiaz.com.br\\\/litoralsp\\\/wp-content\\\/uploads\\\/sites\\\/3\\\/2020\\\/11\\\/logo.jpg\",\"contentUrl\":\"https:\\\/\\\/redenoticiaz.com.br\\\/litoralsp\\\/wp-content\\\/uploads\\\/sites\\\/3\\\/2020\\\/11\\\/logo.jpg\",\"width\":400,\"height\":250,\"caption\":\"Litoral SP\"},\"image\":{\"@id\":\"https:\\\/\\\/redenoticiaz.com.br\\\/litoralsp\\\/#\\\/schema\\\/logo\\\/image\\\/\"}},{\"@type\":\"Person\",\"@id\":\"https:\\\/\\\/redenoticiaz.com.br\\\/litoralsp\\\/#\\\/schema\\\/person\\\/0f0b8a5bdafefe82841e07ae8d81ecb3\",\"name\":\"Leonardo Francisco\",\"image\":{\"@type\":\"ImageObject\",\"inLanguage\":\"pt-BR\",\"@id\":\"https:\\\/\\\/secure.gravatar.com\\\/avatar\\\/a7358cb406a99b682ec6df1e77e31ae82e63601f6784e8a3df411d72b37864da?s=96&d=mm&r=g\",\"url\":\"https:\\\/\\\/secure.gravatar.com\\\/avatar\\\/a7358cb406a99b682ec6df1e77e31ae82e63601f6784e8a3df411d72b37864da?s=96&d=mm&r=g\",\"contentUrl\":\"https:\\\/\\\/secure.gravatar.com\\\/avatar\\\/a7358cb406a99b682ec6df1e77e31ae82e63601f6784e8a3df411d72b37864da?s=96&d=mm&r=g\",\"caption\":\"Leonardo Francisco\"},\"url\":\"https:\\\/\\\/redenoticiaz.com.br\\\/litoralsp\\\/author\\\/leonardo-francisco\"}]}<\/script>\n<!-- \/ Yoast SEO plugin. -->","yoast_head_json":{"title":"Justi\u00e7a barra demiss\u00f5es de funcion\u00e1rios da Ford - Litoral SP","robots":{"index":"index","follow":"follow","max-snippet":"max-snippet:-1","max-image-preview":"max-image-preview:large","max-video-preview":"max-video-preview:-1"},"canonical":"https:\/\/redenoticiaz.com.br\/litoralsp\/2021\/02\/06\/justica-barra-demissoes-de-funcionarios-da-ford","og_locale":"pt_BR","og_type":"article","og_title":"Justi\u00e7a barra demiss\u00f5es de funcion\u00e1rios da Ford - Litoral SP","og_description":"A Justi\u00e7a do Trabalho barrou as demiss\u00f5es dos funcion\u00e1rios da Ford que aconteceriam neste ano. Uma liminar foi concedida e isso ir\u00e1 beneficiar os trabalhadores das f\u00e1bricas de Cama\u00e7ari, na Bahia e tamb\u00e9m de Taubat\u00e9, no Interior de S\u00e3o Paulo. Na decis\u00e3o \u00e9 exigido que nenhum funcion\u00e1rio seja desligado da empresa at\u00e9 o fim das &hellip;","og_url":"https:\/\/redenoticiaz.com.br\/litoralsp\/2021\/02\/06\/justica-barra-demissoes-de-funcionarios-da-ford","og_site_name":"Litoral SP","article_published_time":"2021-02-06T17:40:20+00:00","og_image":[{"width":984,"height":458,"url":"https:\/\/redenoticiaz.com.br\/litoralsp\/wp-content\/uploads\/sites\/3\/2021\/02\/fabrica-ford-taubate.jpg","type":"image\/jpeg"}],"author":"Leonardo Francisco","twitter_card":"summary_large_image","twitter_misc":{"Escrito por":"Leonardo Francisco","Est. tempo de leitura":"3 minutos"},"schema":{"@context":"https:\/\/schema.org","@graph":[{"@type":"Article","@id":"https:\/\/redenoticiaz.com.br\/litoralsp\/2021\/02\/06\/justica-barra-demissoes-de-funcionarios-da-ford#article","isPartOf":{"@id":"https:\/\/redenoticiaz.com.br\/litoralsp\/2021\/02\/06\/justica-barra-demissoes-de-funcionarios-da-ford"},"author":{"name":"Leonardo Francisco","@id":"https:\/\/redenoticiaz.com.br\/litoralsp\/#\/schema\/person\/0f0b8a5bdafefe82841e07ae8d81ecb3"},"headline":"Justi\u00e7a barra demiss\u00f5es de funcion\u00e1rios da Ford","datePublished":"2021-02-06T17:40:20+00:00","mainEntityOfPage":{"@id":"https:\/\/redenoticiaz.com.br\/litoralsp\/2021\/02\/06\/justica-barra-demissoes-de-funcionarios-da-ford"},"wordCount":533,"commentCount":0,"publisher":{"@id":"https:\/\/redenoticiaz.com.br\/litoralsp\/#organization"},"image":{"@id":"https:\/\/redenoticiaz.com.br\/litoralsp\/2021\/02\/06\/justica-barra-demissoes-de-funcionarios-da-ford#primaryimage"},"thumbnailUrl":"https:\/\/redenoticiaz.com.br\/litoralsp\/wp-content\/uploads\/sites\/3\/2021\/02\/fabrica-ford-taubate.jpg","keywords":["CAMA\u00c7ARI","DEMISS\u00d5ES","FORD","justi\u00e7a do trabalho","LIMINAR","MINIST\u00c9RIO P\u00daBLICO DO TRABALHO","SINDICATO DOS METAL\u00daRGICOS","Taubat\u00e9","trabalhadores"],"articleSection":["Justi\u00e7a"],"inLanguage":"pt-BR","potentialAction":[{"@type":"CommentAction","name":"Comment","target":["https:\/\/redenoticiaz.com.br\/litoralsp\/2021\/02\/06\/justica-barra-demissoes-de-funcionarios-da-ford#respond"]}]},{"@type":"WebPage","@id":"https:\/\/redenoticiaz.com.br\/litoralsp\/2021\/02\/06\/justica-barra-demissoes-de-funcionarios-da-ford","url":"https:\/\/redenoticiaz.com.br\/litoralsp\/2021\/02\/06\/justica-barra-demissoes-de-funcionarios-da-ford","name":"Justi\u00e7a barra demiss\u00f5es de funcion\u00e1rios da Ford - Litoral SP","isPartOf":{"@id":"https:\/\/redenoticiaz.com.br\/litoralsp\/#website"},"primaryImageOfPage":{"@id":"https:\/\/redenoticiaz.com.br\/litoralsp\/2021\/02\/06\/justica-barra-demissoes-de-funcionarios-da-ford#primaryimage"},"image":{"@id":"https:\/\/redenoticiaz.com.br\/litoralsp\/2021\/02\/06\/justica-barra-demissoes-de-funcionarios-da-ford#primaryimage"},"thumbnailUrl":"https:\/\/redenoticiaz.com.br\/litoralsp\/wp-content\/uploads\/sites\/3\/2021\/02\/fabrica-ford-taubate.jpg","datePublished":"2021-02-06T17:40:20+00:00","inLanguage":"pt-BR","potentialAction":[{"@type":"ReadAction","target":["https:\/\/redenoticiaz.com.br\/litoralsp\/2021\/02\/06\/justica-barra-demissoes-de-funcionarios-da-ford"]}]},{"@type":"ImageObject","inLanguage":"pt-BR","@id":"https:\/\/redenoticiaz.com.br\/litoralsp\/2021\/02\/06\/justica-barra-demissoes-de-funcionarios-da-ford#primaryimage","url":"https:\/\/redenoticiaz.com.br\/litoralsp\/wp-content\/uploads\/sites\/3\/2021\/02\/fabrica-ford-taubate.jpg","contentUrl":"https:\/\/redenoticiaz.com.br\/litoralsp\/wp-content\/uploads\/sites\/3\/2021\/02\/fabrica-ford-taubate.jpg","width":984,"height":458,"caption":"Justi\u00e7a barra demiss\u00f5es de funcion\u00e1rios da Ford"},{"@type":"WebSite","@id":"https:\/\/redenoticiaz.com.br\/litoralsp\/#website","url":"https:\/\/redenoticiaz.com.br\/litoralsp\/","name":"Litoral SP","description":"Rede NoticiaZ","publisher":{"@id":"https:\/\/redenoticiaz.com.br\/litoralsp\/#organization"},"potentialAction":[{"@type":"SearchAction","target":{"@type":"EntryPoint","urlTemplate":"https:\/\/redenoticiaz.com.br\/litoralsp\/?s={search_term_string}"},"query-input":{"@type":"PropertyValueSpecification","valueRequired":true,"valueName":"search_term_string"}}],"inLanguage":"pt-BR"},{"@type":"Organization","@id":"https:\/\/redenoticiaz.com.br\/litoralsp\/#organization","name":"Litoral SP","url":"https:\/\/redenoticiaz.com.br\/litoralsp\/","logo":{"@type":"ImageObject","inLanguage":"pt-BR","@id":"https:\/\/redenoticiaz.com.br\/litoralsp\/#\/schema\/logo\/image\/","url":"https:\/\/redenoticiaz.com.br\/litoralsp\/wp-content\/uploads\/sites\/3\/2020\/11\/logo.jpg","contentUrl":"https:\/\/redenoticiaz.com.br\/litoralsp\/wp-content\/uploads\/sites\/3\/2020\/11\/logo.jpg","width":400,"height":250,"caption":"Litoral SP"},"image":{"@id":"https:\/\/redenoticiaz.com.br\/litoralsp\/#\/schema\/logo\/image\/"}},{"@type":"Person","@id":"https:\/\/redenoticiaz.com.br\/litoralsp\/#\/schema\/person\/0f0b8a5bdafefe82841e07ae8d81ecb3","name":"Leonardo Francisco","image":{"@type":"ImageObject","inLanguage":"pt-BR","@id":"https:\/\/secure.gravatar.com\/avatar\/a7358cb406a99b682ec6df1e77e31ae82e63601f6784e8a3df411d72b37864da?s=96&d=mm&r=g","url":"https:\/\/secure.gravatar.com\/avatar\/a7358cb406a99b682ec6df1e77e31ae82e63601f6784e8a3df411d72b37864da?s=96&d=mm&r=g","contentUrl":"https:\/\/secure.gravatar.com\/avatar\/a7358cb406a99b682ec6df1e77e31ae82e63601f6784e8a3df411d72b37864da?s=96&d=mm&r=g","caption":"Leonardo Francisco"},"url":"https:\/\/redenoticiaz.com.br\/litoralsp\/author\/leonardo-francisco"}]}},"_links":{"self":[{"href":"https:\/\/redenoticiaz.com.br\/litoralsp\/wp-json\/wp\/v2\/posts\/3752","targetHints":{"allow":["GET"]}}],"collection":[{"href":"https:\/\/redenoticiaz.com.br\/litoralsp\/wp-json\/wp\/v2\/posts"}],"about":[{"href":"https:\/\/redenoticiaz.com.br\/litoralsp\/wp-json\/wp\/v2\/types\/post"}],"author":[{"embeddable":true,"href":"https:\/\/redenoticiaz.com.br\/litoralsp\/wp-json\/wp\/v2\/users\/6"}],"replies":[{"embeddable":true,"href":"https:\/\/redenoticiaz.com.br\/litoralsp\/wp-json\/wp\/v2\/comments?post=3752"}],"version-history":[{"count":0,"href":"https:\/\/redenoticiaz.com.br\/litoralsp\/wp-json\/wp\/v2\/posts\/3752\/revisions"}],"wp:featuredmedia":[{"embeddable":true,"href":"https:\/\/redenoticiaz.com.br\/litoralsp\/wp-json\/wp\/v2\/media\/3753"}],"wp:attachment":[{"href":"https:\/\/redenoticiaz.com.br\/litoralsp\/wp-json\/wp\/v2\/media?parent=3752"}],"wp:term":[{"taxonomy":"category","embeddable":true,"href":"https:\/\/redenoticiaz.com.br\/litoralsp\/wp-json\/wp\/v2\/categories?post=3752"},{"taxonomy":"post_tag","embeddable":true,"href":"https:\/\/redenoticiaz.com.br\/litoralsp\/wp-json\/wp\/v2\/tags?post=3752"}],"curies":[{"name":"wp","href":"https:\/\/api.w.org\/{rel}","templated":true}]}}