{"id":3758,"date":"2021-02-06T15:32:51","date_gmt":"2021-02-06T18:32:51","guid":{"rendered":"https:\/\/redenoticiaz.com.br\/litoralsp\/?p=3758"},"modified":"2021-02-06T15:33:17","modified_gmt":"2021-02-06T18:33:17","slug":"homem-troca-tiros-com-a-pm-e-morre","status":"publish","type":"post","link":"https:\/\/redenoticiaz.com.br\/litoralsp\/2021\/02\/06\/homem-troca-tiros-com-a-pm-e-morre","title":{"rendered":"Homem troca tiros com a PM e morre"},"content":{"rendered":"<div class=\"mc-column content-text active-extra-styles \" data-block-type=\"unstyled\" data-block-weight=\"55\" data-block-id=\"2\">\n<p class=\"content-text__container \" data-track-category=\"Link no Texto\" data-track-links=\"\">Neste s\u00e1bado a Pol\u00edcia Militar entrou em confronto com criminosos em <a href=\"http:\/\/www2.itanhaem.sp.gov.br\/\">Itanha\u00e9m<\/a>. E na a\u00e7\u00e3o, um homem trocou tiros com a PM, mas acabou morrendo. Outros envolvidos acabaram sendo sob a acusa\u00e7\u00e3o de tr\u00e1fico de drogas na cidade.<\/p>\n<p class=\"content-text__container \" data-track-category=\"Link no Texto\" data-track-links=\"\">A Secretaria de Seguran\u00e7a P\u00fablica informou que a equipe da For\u00e7a T\u00e1tica realizava uma opera\u00e7\u00e3o no bairro Jequitib\u00e1 e atender uma ocorr\u00eancia do tr\u00e1fico de entorpecentes. Ao chegarem fizeram uma abordagem a dois ve\u00edculos. Por\u00e7\u00f5es de skunk, que \u00e9 o entorpecente derivado da cannabis, subst\u00e2ncia encontrada na maconha.<\/p>\n<\/div>\n<div class=\"wall protected-content\">\n<div class=\"mc-column content-text active-extra-styles \" data-block-type=\"unstyled\" data-block-weight=\"43\" data-block-id=\"3\">\n<p class=\"content-text__container \" data-track-category=\"Link no Texto\" data-track-links=\"\">Mas quando a Pol\u00edcia Militar foi vistoriar o outro carro, houve confronto com os suspeitos. Um dos indiv\u00edduos, que ainda n\u00e3o foi identificado, foi ferido e levado \u00e0 Unidade de Pronto Atendimento (UPA) da Itanha\u00e9m, mas n\u00e3o resistiu e morreu. Com os outros suspeitos foram apreendidos cerca de 40 tabletes de droga, equivalentes a mais de 39kg de <em>skunk<\/em>.<\/p>\n<\/div>\n<div class=\"mc-column content-text active-extra-styles \" data-block-type=\"unstyled\" data-block-weight=\"51\" data-block-id=\"5\">\n<p class=\"content-text__container \" data-track-category=\"Link no Texto\" data-track-links=\"\">Exames periciais foram solicitados aos institutos M\u00e9dico Legal (IML) e de Criminal\u00edstica (IC). O caso foi registrado como posse de drogas sem autoriza\u00e7\u00e3o, posse ou porte ilegal de arma de fogo, com quem se associa para pr\u00e1tica reiterada do crime, e morte decorrente de interven\u00e7\u00e3o policial pela Delegacia Seccional de Itanha\u00e9m.<\/p>\n<\/div>\n<div class=\"content-ads content-ads--reveal\" data-block-type=\"ads\" data-block-id=\"6\">\n<div id=\"banner_materia2\" class=\"tag-manager-publicidade-container mc-has-reveal mc-has-ad-lazyload tag-manager-publicidade-banner_materia2 tag-manager-publicidade-container--carregado tag-manager-publicidade-container--visivel\" data-id=\"banner_materia2\" data-req=\"true\" data-google-query-id=\"CNay9rzv1e4CFUIN1Aod7IQMRQ\" data-cid=\"138339083692\" data-lid=\"5607488047\">Os entorpecentes e os criminosos, sendo\u00a0dois homens, de 35 e 28 anos, e uma mulher, de 27 anos, foram presos foram encaminhados ao local, onde permanecem detidos \u00e0 disposi\u00e7\u00e3o da Justi\u00e7a. O caso ser\u00e1 investigado pela Pol\u00edcia Civil.<\/div>\n<\/div>\n<\/div>\n<div data-id=\"banner_materia2\" data-req=\"true\" data-google-query-id=\"CNay9rzv1e4CFUIN1Aod7IQMRQ\" data-cid=\"138339083692\" data-lid=\"5607488047\"><\/div>\n<div data-id=\"banner_materia2\" data-req=\"true\" data-google-query-id=\"CNay9rzv1e4CFUIN1Aod7IQMRQ\" data-cid=\"138339083692\" data-lid=\"5607488047\">Leia tamb\u00e9m<\/div>\n<div data-id=\"banner_materia2\" data-req=\"true\" data-google-query-id=\"CNay9rzv1e4CFUIN1Aod7IQMRQ\" data-cid=\"138339083692\" data-lid=\"5607488047\"><\/div>\n<div data-id=\"banner_materia2\" data-req=\"true\" data-google-query-id=\"CNay9rzv1e4CFUIN1Aod7IQMRQ\" data-cid=\"138339083692\" data-lid=\"5607488047\"><a href=\"https:\/\/redenoticiaz.com.br\/litoralsp\/2021\/02\/04\/estivador-e-preso-com-drogas-no-guaruja\">Estivador \u00e9 preso com drogas no Guaruj\u00e1<\/a><\/div>\n<div data-id=\"banner_materia2\" data-req=\"true\" data-google-query-id=\"CNay9rzv1e4CFUIN1Aod7IQMRQ\" data-cid=\"138339083692\" data-lid=\"5607488047\"><\/div>\n","protected":false},"excerpt":{"rendered":"<p>Neste s\u00e1bado a Pol\u00edcia Militar entrou em confronto com criminosos em Itanha\u00e9m. E na a\u00e7\u00e3o, um homem trocou tiros com a PM, mas acabou morrendo. Outros envolvidos acabaram sendo sob a acusa\u00e7\u00e3o de tr\u00e1fico de drogas na cidade. A Secretaria de Seguran\u00e7a P\u00fablica informou que a equipe da For\u00e7a T\u00e1tica realizava uma opera\u00e7\u00e3o no bairro &hellip;<\/p>\n","protected":false},"author":6,"featured_media":3759,"comment_status":"open","ping_status":"closed","sticky":false,"template":"","format":"standard","meta":{"footnotes":""},"categories":[184,10],"tags":[11010,11009,6588,1068,2944,1766,1432,3150,61],"class_list":["post-3758","post","type-post","status-publish","format-standard","has-post-thumbnail","hentry","category-itanhaem","category-policia","tag-bairro-jequitiba","tag-forca-tatica","tag-homem","tag-itanhaem","tag-morte","tag-policia-militar","tag-prisoes","tag-secretaria-de-seguranca-publica","tag-trafico-de-drogas"],"yoast_head":"<!-- This site is optimized with the Yoast SEO plugin v27.5 - https:\/\/yoast.com\/product\/yoast-seo-wordpress\/ -->\n<title>Homem troca tiros com a PM e morre - Litoral SP<\/title>\n<meta name=\"description\" content=\"Neste s\u00e1bado a Pol\u00edcia Militar entrou em confronto com criminosos em Itanha\u00e9m. E na a\u00e7\u00e3o, um homem trocou tiros com a PM, mas acabou morrendo\" \/>\n<meta name=\"robots\" content=\"index, follow, max-snippet:-1, max-image-preview:large, max-video-preview:-1\" \/>\n<link rel=\"canonical\" href=\"https:\/\/redenoticiaz.com.br\/litoralsp\/2021\/02\/06\/homem-troca-tiros-com-a-pm-e-morre\" \/>\n<meta property=\"og:locale\" content=\"pt_BR\" \/>\n<meta property=\"og:type\" content=\"article\" \/>\n<meta property=\"og:title\" content=\"Homem troca tiros com a PM e morre - Litoral SP\" \/>\n<meta property=\"og:description\" content=\"Neste s\u00e1bado a Pol\u00edcia Militar entrou em confronto com criminosos em Itanha\u00e9m. E na a\u00e7\u00e3o, um homem trocou tiros com a PM, mas acabou morrendo\" \/>\n<meta property=\"og:url\" content=\"https:\/\/redenoticiaz.com.br\/litoralsp\/2021\/02\/06\/homem-troca-tiros-com-a-pm-e-morre\" \/>\n<meta property=\"og:site_name\" content=\"Litoral SP\" \/>\n<meta property=\"article:published_time\" content=\"2021-02-06T18:32:51+00:00\" \/>\n<meta property=\"article:modified_time\" content=\"2021-02-06T18:33:17+00:00\" \/>\n<meta property=\"og:image\" content=\"https:\/\/redenoticiaz.com.br\/litoralsp\/wp-content\/uploads\/sites\/3\/2021\/02\/drogas-1.jpeg\" \/>\n\t<meta property=\"og:image:width\" content=\"984\" \/>\n\t<meta property=\"og:image:height\" content=\"508\" \/>\n\t<meta property=\"og:image:type\" content=\"image\/jpeg\" \/>\n<meta name=\"author\" content=\"Leonardo Francisco\" \/>\n<meta name=\"twitter:card\" content=\"summary_large_image\" \/>\n<meta name=\"twitter:label1\" content=\"Escrito por\" \/>\n\t<meta name=\"twitter:data1\" content=\"Leonardo Francisco\" \/>\n\t<meta name=\"twitter:label2\" content=\"Est. tempo de leitura\" \/>\n\t<meta name=\"twitter:data2\" content=\"1 minuto\" \/>\n<script type=\"application\/ld+json\" class=\"yoast-schema-graph\">{\"@context\":\"https:\\\/\\\/schema.org\",\"@graph\":[{\"@type\":\"Article\",\"@id\":\"https:\\\/\\\/redenoticiaz.com.br\\\/litoralsp\\\/2021\\\/02\\\/06\\\/homem-troca-tiros-com-a-pm-e-morre#article\",\"isPartOf\":{\"@id\":\"https:\\\/\\\/redenoticiaz.com.br\\\/litoralsp\\\/2021\\\/02\\\/06\\\/homem-troca-tiros-com-a-pm-e-morre\"},\"author\":{\"name\":\"Leonardo Francisco\",\"@id\":\"https:\\\/\\\/redenoticiaz.com.br\\\/litoralsp\\\/#\\\/schema\\\/person\\\/0f0b8a5bdafefe82841e07ae8d81ecb3\"},\"headline\":\"Homem troca tiros com a PM e morre\",\"datePublished\":\"2021-02-06T18:32:51+00:00\",\"dateModified\":\"2021-02-06T18:33:17+00:00\",\"mainEntityOfPage\":{\"@id\":\"https:\\\/\\\/redenoticiaz.com.br\\\/litoralsp\\\/2021\\\/02\\\/06\\\/homem-troca-tiros-com-a-pm-e-morre\"},\"wordCount\":275,\"commentCount\":0,\"publisher\":{\"@id\":\"https:\\\/\\\/redenoticiaz.com.br\\\/litoralsp\\\/#organization\"},\"image\":{\"@id\":\"https:\\\/\\\/redenoticiaz.com.br\\\/litoralsp\\\/2021\\\/02\\\/06\\\/homem-troca-tiros-com-a-pm-e-morre#primaryimage\"},\"thumbnailUrl\":\"https:\\\/\\\/redenoticiaz.com.br\\\/litoralsp\\\/wp-content\\\/uploads\\\/sites\\\/3\\\/2021\\\/02\\\/drogas-1.jpeg\",\"keywords\":[\"BAIRRO JEQUITIB\u00c1\",\"FOR\u00c7A T\u00c1TICA\",\"HOMEM\",\"ITANHA\u00c9M\",\"MORTE\",\"policia militar\",\"PRIS\u00d5ES\",\"SECRETARIA DE SEGURAN\u00c7A P\u00daBLICA\",\"TR\u00c1FICO DE DROGAS\"],\"articleSection\":[\"Itanha\u00e9m\",\"Pol\u00edcia\"],\"inLanguage\":\"pt-BR\",\"potentialAction\":[{\"@type\":\"CommentAction\",\"name\":\"Comment\",\"target\":[\"https:\\\/\\\/redenoticiaz.com.br\\\/litoralsp\\\/2021\\\/02\\\/06\\\/homem-troca-tiros-com-a-pm-e-morre#respond\"]}]},{\"@type\":\"WebPage\",\"@id\":\"https:\\\/\\\/redenoticiaz.com.br\\\/litoralsp\\\/2021\\\/02\\\/06\\\/homem-troca-tiros-com-a-pm-e-morre\",\"url\":\"https:\\\/\\\/redenoticiaz.com.br\\\/litoralsp\\\/2021\\\/02\\\/06\\\/homem-troca-tiros-com-a-pm-e-morre\",\"name\":\"Homem troca tiros com a PM e morre - Litoral SP\",\"isPartOf\":{\"@id\":\"https:\\\/\\\/redenoticiaz.com.br\\\/litoralsp\\\/#website\"},\"primaryImageOfPage\":{\"@id\":\"https:\\\/\\\/redenoticiaz.com.br\\\/litoralsp\\\/2021\\\/02\\\/06\\\/homem-troca-tiros-com-a-pm-e-morre#primaryimage\"},\"image\":{\"@id\":\"https:\\\/\\\/redenoticiaz.com.br\\\/litoralsp\\\/2021\\\/02\\\/06\\\/homem-troca-tiros-com-a-pm-e-morre#primaryimage\"},\"thumbnailUrl\":\"https:\\\/\\\/redenoticiaz.com.br\\\/litoralsp\\\/wp-content\\\/uploads\\\/sites\\\/3\\\/2021\\\/02\\\/drogas-1.jpeg\",\"datePublished\":\"2021-02-06T18:32:51+00:00\",\"dateModified\":\"2021-02-06T18:33:17+00:00\",\"description\":\"Neste s\u00e1bado a Pol\u00edcia Militar entrou em confronto com criminosos em Itanha\u00e9m. E na a\u00e7\u00e3o, um homem trocou tiros com a PM, mas acabou morrendo\",\"inLanguage\":\"pt-BR\",\"potentialAction\":[{\"@type\":\"ReadAction\",\"target\":[\"https:\\\/\\\/redenoticiaz.com.br\\\/litoralsp\\\/2021\\\/02\\\/06\\\/homem-troca-tiros-com-a-pm-e-morre\"]}]},{\"@type\":\"ImageObject\",\"inLanguage\":\"pt-BR\",\"@id\":\"https:\\\/\\\/redenoticiaz.com.br\\\/litoralsp\\\/2021\\\/02\\\/06\\\/homem-troca-tiros-com-a-pm-e-morre#primaryimage\",\"url\":\"https:\\\/\\\/redenoticiaz.com.br\\\/litoralsp\\\/wp-content\\\/uploads\\\/sites\\\/3\\\/2021\\\/02\\\/drogas-1.jpeg\",\"contentUrl\":\"https:\\\/\\\/redenoticiaz.com.br\\\/litoralsp\\\/wp-content\\\/uploads\\\/sites\\\/3\\\/2021\\\/02\\\/drogas-1.jpeg\",\"width\":984,\"height\":508,\"caption\":\"Cr\u00e9ditos: Divulga\u00e7\u00e3o\\\/Pol\u00edcia Militar.\"},{\"@type\":\"WebSite\",\"@id\":\"https:\\\/\\\/redenoticiaz.com.br\\\/litoralsp\\\/#website\",\"url\":\"https:\\\/\\\/redenoticiaz.com.br\\\/litoralsp\\\/\",\"name\":\"Litoral SP\",\"description\":\"Rede NoticiaZ\",\"publisher\":{\"@id\":\"https:\\\/\\\/redenoticiaz.com.br\\\/litoralsp\\\/#organization\"},\"potentialAction\":[{\"@type\":\"SearchAction\",\"target\":{\"@type\":\"EntryPoint\",\"urlTemplate\":\"https:\\\/\\\/redenoticiaz.com.br\\\/litoralsp\\\/?s={search_term_string}\"},\"query-input\":{\"@type\":\"PropertyValueSpecification\",\"valueRequired\":true,\"valueName\":\"search_term_string\"}}],\"inLanguage\":\"pt-BR\"},{\"@type\":\"Organization\",\"@id\":\"https:\\\/\\\/redenoticiaz.com.br\\\/litoralsp\\\/#organization\",\"name\":\"Litoral SP\",\"url\":\"https:\\\/\\\/redenoticiaz.com.br\\\/litoralsp\\\/\",\"logo\":{\"@type\":\"ImageObject\",\"inLanguage\":\"pt-BR\",\"@id\":\"https:\\\/\\\/redenoticiaz.com.br\\\/litoralsp\\\/#\\\/schema\\\/logo\\\/image\\\/\",\"url\":\"https:\\\/\\\/redenoticiaz.com.br\\\/litoralsp\\\/wp-content\\\/uploads\\\/sites\\\/3\\\/2020\\\/11\\\/logo.jpg\",\"contentUrl\":\"https:\\\/\\\/redenoticiaz.com.br\\\/litoralsp\\\/wp-content\\\/uploads\\\/sites\\\/3\\\/2020\\\/11\\\/logo.jpg\",\"width\":400,\"height\":250,\"caption\":\"Litoral SP\"},\"image\":{\"@id\":\"https:\\\/\\\/redenoticiaz.com.br\\\/litoralsp\\\/#\\\/schema\\\/logo\\\/image\\\/\"}},{\"@type\":\"Person\",\"@id\":\"https:\\\/\\\/redenoticiaz.com.br\\\/litoralsp\\\/#\\\/schema\\\/person\\\/0f0b8a5bdafefe82841e07ae8d81ecb3\",\"name\":\"Leonardo Francisco\",\"image\":{\"@type\":\"ImageObject\",\"inLanguage\":\"pt-BR\",\"@id\":\"https:\\\/\\\/secure.gravatar.com\\\/avatar\\\/a7358cb406a99b682ec6df1e77e31ae82e63601f6784e8a3df411d72b37864da?s=96&d=mm&r=g\",\"url\":\"https:\\\/\\\/secure.gravatar.com\\\/avatar\\\/a7358cb406a99b682ec6df1e77e31ae82e63601f6784e8a3df411d72b37864da?s=96&d=mm&r=g\",\"contentUrl\":\"https:\\\/\\\/secure.gravatar.com\\\/avatar\\\/a7358cb406a99b682ec6df1e77e31ae82e63601f6784e8a3df411d72b37864da?s=96&d=mm&r=g\",\"caption\":\"Leonardo Francisco\"},\"url\":\"https:\\\/\\\/redenoticiaz.com.br\\\/litoralsp\\\/author\\\/leonardo-francisco\"}]}<\/script>\n<!-- \/ Yoast SEO plugin. -->","yoast_head_json":{"title":"Homem troca tiros com a PM e morre - Litoral SP","description":"Neste s\u00e1bado a Pol\u00edcia Militar entrou em confronto com criminosos em Itanha\u00e9m. E na a\u00e7\u00e3o, um homem trocou tiros com a PM, mas acabou morrendo","robots":{"index":"index","follow":"follow","max-snippet":"max-snippet:-1","max-image-preview":"max-image-preview:large","max-video-preview":"max-video-preview:-1"},"canonical":"https:\/\/redenoticiaz.com.br\/litoralsp\/2021\/02\/06\/homem-troca-tiros-com-a-pm-e-morre","og_locale":"pt_BR","og_type":"article","og_title":"Homem troca tiros com a PM e morre - Litoral SP","og_description":"Neste s\u00e1bado a Pol\u00edcia Militar entrou em confronto com criminosos em Itanha\u00e9m. E na a\u00e7\u00e3o, um homem trocou tiros com a PM, mas acabou morrendo","og_url":"https:\/\/redenoticiaz.com.br\/litoralsp\/2021\/02\/06\/homem-troca-tiros-com-a-pm-e-morre","og_site_name":"Litoral SP","article_published_time":"2021-02-06T18:32:51+00:00","article_modified_time":"2021-02-06T18:33:17+00:00","og_image":[{"width":984,"height":508,"url":"https:\/\/redenoticiaz.com.br\/litoralsp\/wp-content\/uploads\/sites\/3\/2021\/02\/drogas-1.jpeg","type":"image\/jpeg"}],"author":"Leonardo Francisco","twitter_card":"summary_large_image","twitter_misc":{"Escrito por":"Leonardo Francisco","Est. tempo de leitura":"1 minuto"},"schema":{"@context":"https:\/\/schema.org","@graph":[{"@type":"Article","@id":"https:\/\/redenoticiaz.com.br\/litoralsp\/2021\/02\/06\/homem-troca-tiros-com-a-pm-e-morre#article","isPartOf":{"@id":"https:\/\/redenoticiaz.com.br\/litoralsp\/2021\/02\/06\/homem-troca-tiros-com-a-pm-e-morre"},"author":{"name":"Leonardo Francisco","@id":"https:\/\/redenoticiaz.com.br\/litoralsp\/#\/schema\/person\/0f0b8a5bdafefe82841e07ae8d81ecb3"},"headline":"Homem troca tiros com a PM e morre","datePublished":"2021-02-06T18:32:51+00:00","dateModified":"2021-02-06T18:33:17+00:00","mainEntityOfPage":{"@id":"https:\/\/redenoticiaz.com.br\/litoralsp\/2021\/02\/06\/homem-troca-tiros-com-a-pm-e-morre"},"wordCount":275,"commentCount":0,"publisher":{"@id":"https:\/\/redenoticiaz.com.br\/litoralsp\/#organization"},"image":{"@id":"https:\/\/redenoticiaz.com.br\/litoralsp\/2021\/02\/06\/homem-troca-tiros-com-a-pm-e-morre#primaryimage"},"thumbnailUrl":"https:\/\/redenoticiaz.com.br\/litoralsp\/wp-content\/uploads\/sites\/3\/2021\/02\/drogas-1.jpeg","keywords":["BAIRRO JEQUITIB\u00c1","FOR\u00c7A T\u00c1TICA","HOMEM","ITANHA\u00c9M","MORTE","policia militar","PRIS\u00d5ES","SECRETARIA DE SEGURAN\u00c7A P\u00daBLICA","TR\u00c1FICO DE DROGAS"],"articleSection":["Itanha\u00e9m","Pol\u00edcia"],"inLanguage":"pt-BR","potentialAction":[{"@type":"CommentAction","name":"Comment","target":["https:\/\/redenoticiaz.com.br\/litoralsp\/2021\/02\/06\/homem-troca-tiros-com-a-pm-e-morre#respond"]}]},{"@type":"WebPage","@id":"https:\/\/redenoticiaz.com.br\/litoralsp\/2021\/02\/06\/homem-troca-tiros-com-a-pm-e-morre","url":"https:\/\/redenoticiaz.com.br\/litoralsp\/2021\/02\/06\/homem-troca-tiros-com-a-pm-e-morre","name":"Homem troca tiros com a PM e morre - Litoral SP","isPartOf":{"@id":"https:\/\/redenoticiaz.com.br\/litoralsp\/#website"},"primaryImageOfPage":{"@id":"https:\/\/redenoticiaz.com.br\/litoralsp\/2021\/02\/06\/homem-troca-tiros-com-a-pm-e-morre#primaryimage"},"image":{"@id":"https:\/\/redenoticiaz.com.br\/litoralsp\/2021\/02\/06\/homem-troca-tiros-com-a-pm-e-morre#primaryimage"},"thumbnailUrl":"https:\/\/redenoticiaz.com.br\/litoralsp\/wp-content\/uploads\/sites\/3\/2021\/02\/drogas-1.jpeg","datePublished":"2021-02-06T18:32:51+00:00","dateModified":"2021-02-06T18:33:17+00:00","description":"Neste s\u00e1bado a Pol\u00edcia Militar entrou em confronto com criminosos em Itanha\u00e9m. E na a\u00e7\u00e3o, um homem trocou tiros com a PM, mas acabou morrendo","inLanguage":"pt-BR","potentialAction":[{"@type":"ReadAction","target":["https:\/\/redenoticiaz.com.br\/litoralsp\/2021\/02\/06\/homem-troca-tiros-com-a-pm-e-morre"]}]},{"@type":"ImageObject","inLanguage":"pt-BR","@id":"https:\/\/redenoticiaz.com.br\/litoralsp\/2021\/02\/06\/homem-troca-tiros-com-a-pm-e-morre#primaryimage","url":"https:\/\/redenoticiaz.com.br\/litoralsp\/wp-content\/uploads\/sites\/3\/2021\/02\/drogas-1.jpeg","contentUrl":"https:\/\/redenoticiaz.com.br\/litoralsp\/wp-content\/uploads\/sites\/3\/2021\/02\/drogas-1.jpeg","width":984,"height":508,"caption":"Cr\u00e9ditos: Divulga\u00e7\u00e3o\/Pol\u00edcia Militar."},{"@type":"WebSite","@id":"https:\/\/redenoticiaz.com.br\/litoralsp\/#website","url":"https:\/\/redenoticiaz.com.br\/litoralsp\/","name":"Litoral SP","description":"Rede NoticiaZ","publisher":{"@id":"https:\/\/redenoticiaz.com.br\/litoralsp\/#organization"},"potentialAction":[{"@type":"SearchAction","target":{"@type":"EntryPoint","urlTemplate":"https:\/\/redenoticiaz.com.br\/litoralsp\/?s={search_term_string}"},"query-input":{"@type":"PropertyValueSpecification","valueRequired":true,"valueName":"search_term_string"}}],"inLanguage":"pt-BR"},{"@type":"Organization","@id":"https:\/\/redenoticiaz.com.br\/litoralsp\/#organization","name":"Litoral SP","url":"https:\/\/redenoticiaz.com.br\/litoralsp\/","logo":{"@type":"ImageObject","inLanguage":"pt-BR","@id":"https:\/\/redenoticiaz.com.br\/litoralsp\/#\/schema\/logo\/image\/","url":"https:\/\/redenoticiaz.com.br\/litoralsp\/wp-content\/uploads\/sites\/3\/2020\/11\/logo.jpg","contentUrl":"https:\/\/redenoticiaz.com.br\/litoralsp\/wp-content\/uploads\/sites\/3\/2020\/11\/logo.jpg","width":400,"height":250,"caption":"Litoral SP"},"image":{"@id":"https:\/\/redenoticiaz.com.br\/litoralsp\/#\/schema\/logo\/image\/"}},{"@type":"Person","@id":"https:\/\/redenoticiaz.com.br\/litoralsp\/#\/schema\/person\/0f0b8a5bdafefe82841e07ae8d81ecb3","name":"Leonardo Francisco","image":{"@type":"ImageObject","inLanguage":"pt-BR","@id":"https:\/\/secure.gravatar.com\/avatar\/a7358cb406a99b682ec6df1e77e31ae82e63601f6784e8a3df411d72b37864da?s=96&d=mm&r=g","url":"https:\/\/secure.gravatar.com\/avatar\/a7358cb406a99b682ec6df1e77e31ae82e63601f6784e8a3df411d72b37864da?s=96&d=mm&r=g","contentUrl":"https:\/\/secure.gravatar.com\/avatar\/a7358cb406a99b682ec6df1e77e31ae82e63601f6784e8a3df411d72b37864da?s=96&d=mm&r=g","caption":"Leonardo Francisco"},"url":"https:\/\/redenoticiaz.com.br\/litoralsp\/author\/leonardo-francisco"}]}},"_links":{"self":[{"href":"https:\/\/redenoticiaz.com.br\/litoralsp\/wp-json\/wp\/v2\/posts\/3758","targetHints":{"allow":["GET"]}}],"collection":[{"href":"https:\/\/redenoticiaz.com.br\/litoralsp\/wp-json\/wp\/v2\/posts"}],"about":[{"href":"https:\/\/redenoticiaz.com.br\/litoralsp\/wp-json\/wp\/v2\/types\/post"}],"author":[{"embeddable":true,"href":"https:\/\/redenoticiaz.com.br\/litoralsp\/wp-json\/wp\/v2\/users\/6"}],"replies":[{"embeddable":true,"href":"https:\/\/redenoticiaz.com.br\/litoralsp\/wp-json\/wp\/v2\/comments?post=3758"}],"version-history":[{"count":2,"href":"https:\/\/redenoticiaz.com.br\/litoralsp\/wp-json\/wp\/v2\/posts\/3758\/revisions"}],"predecessor-version":[{"id":3761,"href":"https:\/\/redenoticiaz.com.br\/litoralsp\/wp-json\/wp\/v2\/posts\/3758\/revisions\/3761"}],"wp:featuredmedia":[{"embeddable":true,"href":"https:\/\/redenoticiaz.com.br\/litoralsp\/wp-json\/wp\/v2\/media\/3759"}],"wp:attachment":[{"href":"https:\/\/redenoticiaz.com.br\/litoralsp\/wp-json\/wp\/v2\/media?parent=3758"}],"wp:term":[{"taxonomy":"category","embeddable":true,"href":"https:\/\/redenoticiaz.com.br\/litoralsp\/wp-json\/wp\/v2\/categories?post=3758"},{"taxonomy":"post_tag","embeddable":true,"href":"https:\/\/redenoticiaz.com.br\/litoralsp\/wp-json\/wp\/v2\/tags?post=3758"}],"curies":[{"name":"wp","href":"https:\/\/api.w.org\/{rel}","templated":true}]}}