{"id":3834,"date":"2021-02-08T12:53:00","date_gmt":"2021-02-08T15:53:00","guid":{"rendered":"https:\/\/redenoticiaz.com.br\/litoralsp\/?p=3834"},"modified":"2021-02-08T12:53:37","modified_gmt":"2021-02-08T15:53:37","slug":"aulas-na-rede-publica-voltam-de-forma-hibrida","status":"publish","type":"post","link":"https:\/\/redenoticiaz.com.br\/litoralsp\/2021\/02\/08\/aulas-na-rede-publica-voltam-de-forma-hibrida","title":{"rendered":"Aulas na rede p\u00fablica voltam de forma h\u00edbrida"},"content":{"rendered":"<p>Nesta segunda-feira (8) as aulas na rede p\u00fablica de ensino voltaram, mas de forma h\u00edbrida. Em <a href=\"http:\/\/www2.itanhaem.sp.gov.br\/\">Itanha\u00e9m<\/a>, Mongagu\u00e1 e Santos as escolas estaduais e municipais est\u00e3o fazendo ensinos de forma presencial, mas tamb\u00e9m de forma online, visando a prote\u00e7\u00e3o contra o coronav\u00edrus.<\/p>\n<p>Cada cidade adotou um esquema para o retorno, s\u00f3 que respeitando todo o protocolo de higieniza\u00e7\u00e3o, de distanciamento e ainda um limite de tempo e de ocupa\u00e7\u00e3o dos estudantes.<\/p>\n<p>Em Itanha\u00e9m, a Prefeitura explicou que as aulas voltam nesta segunda-feira em formato h\u00edbrido, revezando os dias com aula presencial e remota. Os alunos da pr\u00e9-escola II at\u00e9 o 5\u00ba ano do Ensino Fundamental, ser\u00e1 presencial com at\u00e9 35% dos alunos. J\u00e1 do 6\u00ba ano ao 9\u00ba as aulas ter\u00e3o 50%.<\/p>\n<p>Em\u00a0Peru\u00edbe<strong>,<\/strong>\u00a0as aulas voltam tamb\u00e9m nesta segunda-feira (8), mas os alunos receber\u00e3o as atividades impressas para fazerem em casa. O retorno presencial s\u00f3 acontecer\u00e1 a partir do dia 22 de fevereiro, com 25% dos alunos por dia, come\u00e7ando com os alunos do 6\u00ba ao 9\u00ba ano do Ensino Fundamental. A retomada das aulas presenciais seguir\u00e1 por fases que avan\u00e7ar\u00e3o de acordo com o sucesso anterior. Ser\u00e3o realizadas avalia\u00e7\u00f5es a cada 15 dias at\u00e9 chegar nos alunos da creche.<\/p>\n<h3>Mongagu\u00e1<\/h3>\n<p>J\u00e1 na cidade de Mongagu\u00e1, a Administra\u00e7\u00e3o diz que o retorno ser\u00e1 em formato h\u00edbrido. Para os alunos do 1\u00ba e 2\u00ba anos do Ensino Fundamental, Atendimento Educacional Especializado e Programa de Atividade Complementar, a previs\u00e3o \u00e9 de retomada de forma gradativa a partir do dia 1\u00ba de mar\u00e7o. Na pr\u00e9-escola, o retorno ser\u00e1 em 5 dia de abril, tamb\u00e9m em formato h\u00edbrido.<\/p>\n<div class=\"content-ads content-ads--reveal\" data-block-type=\"ads\" data-block-id=\"7\"><\/div>\n<div class=\"mc-column content-text active-extra-styles \" data-block-type=\"unstyled\" data-block-weight=\"59\" data-block-id=\"8\">\n<p class=\"content-text__container \" data-track-category=\"Link no Texto\" data-track-links=\"\">Os alunos do 3\u00ba ao 7\u00ba ano do Fundamental, a data para retorno \u00e9 dia 3 de maio. Voltar\u00e3o as aulas presenciais no dia 17 de maio os 8\u00ba e 9\u00ba anos do Fundamental. Nos dias que n\u00e3o tiverem escola, os alunos far\u00e3o atividades remotas. As atividades presenciais s\u00e3o apenas para as creches municipais e de forma gradativa.<\/p>\n<h3 data-track-category=\"Link no Texto\">Santos<\/h3>\n<div class=\"mc-column content-text active-extra-styles \" data-block-type=\"unstyled\" data-block-weight=\"42\" data-block-id=\"3\">\n<p class=\"content-text__container \" data-track-category=\"Link no Texto\" data-track-links=\"\">A Prefeitura informou que as classes de jardim, pr\u00e9-escola, fundamental I e II e Educa\u00e7\u00e3o de Jovens e Adultos come\u00e7am em formato h\u00edbrido (presencial + remoto) at\u00e9 o dia 12 de fevereiro. Os alunos far\u00e3o per\u00edodo de adapta\u00e7\u00e3o, com perman\u00eancia de at\u00e9 1h30.<\/p>\n<\/div>\n<div class=\"mc-column content-text active-extra-styles \" data-block-type=\"unstyled\" data-block-weight=\"54\" data-block-id=\"4\">\n<p class=\"content-text__container \" data-track-category=\"Link no Texto\" data-track-links=\"\">As salas de maternal I e II seguem de forma remota at\u00e9 19 de fevereiro e, no dia 22, entram no sistema h\u00edbrido, fazendo o per\u00edodo de adapta\u00e7\u00e3o at\u00e9 o dia 26. Os ber\u00e7\u00e1rios I e II s\u00f3 iniciam as aulas h\u00edbridas em 8 de mar\u00e7o, realizando a adapta\u00e7\u00e3o at\u00e9 12 de mar\u00e7o.<\/p>\n<p data-track-category=\"Link no Texto\" data-track-links=\"\">Leia tamb\u00e9m<\/p>\n<p data-track-category=\"Link no Texto\" data-track-links=\"\"><a href=\"https:\/\/redenoticiaz.com.br\/litoralsp\/2021\/02\/05\/plano-sao-paulo-avanca-seis-regioes-para-a-fase-amarela\">Plano S\u00e3o Paulo avan\u00e7a seis regi\u00f5es para a fase amarela<\/a><\/p>\n<\/div>\n<\/div>\n","protected":false},"excerpt":{"rendered":"<p>Nesta segunda-feira (8) as aulas na rede p\u00fablica de ensino voltaram, mas de forma h\u00edbrida. Em Itanha\u00e9m, Mongagu\u00e1 e Santos as escolas estaduais e municipais est\u00e3o fazendo ensinos de forma presencial, mas tamb\u00e9m de forma online, visando a prote\u00e7\u00e3o contra o coronav\u00edrus. Cada cidade adotou um esquema para o retorno, s\u00f3 que respeitando todo o &hellip;<\/p>\n","protected":false},"author":6,"featured_media":3835,"comment_status":"open","ping_status":"closed","sticky":false,"template":"","format":"standard","meta":{"footnotes":""},"categories":[44,184,183,180],"tags":[4479,95,10516,11180,1068,1051,1060,106,986,2837],"class_list":["post-3834","post","type-post","status-publish","format-standard","has-post-thumbnail","hentry","category-educacao","category-itanhaem","category-mongagua","category-santos","tag-aulas-presenciais","tag-coronavirus","tag-ensino-hibrido","tag-ensino-online","tag-itanhaem","tag-mongagua","tag-peruibe","tag-retorno","tag-santos","tag-volta-as-aulas"],"yoast_head":"<!-- This site is optimized with the Yoast SEO plugin v28.3 - https:\/\/yoast.com\/product\/yoast-seo-wordpress\/ -->\n<title>Aulas na rede p\u00fablica voltam de forma h\u00edbrida - Litoral SP<\/title>\n<meta name=\"description\" content=\"Nesta segunda-feira (8) as aulas na rede p\u00fablica de ensino voltaram, mas de forma h\u00edbrida. Em Itanha\u00e9m, Mongagu\u00e1\" \/>\n<meta name=\"robots\" content=\"index, follow, max-snippet:-1, max-image-preview:large, max-video-preview:-1\" \/>\n<link rel=\"canonical\" href=\"https:\/\/redenoticiaz.com.br\/litoralsp\/2021\/02\/08\/aulas-na-rede-publica-voltam-de-forma-hibrida\" \/>\n<meta property=\"og:locale\" content=\"pt_BR\" \/>\n<meta property=\"og:type\" content=\"article\" \/>\n<meta property=\"og:title\" content=\"Aulas na rede p\u00fablica voltam de forma h\u00edbrida - Litoral SP\" \/>\n<meta property=\"og:description\" content=\"Nesta segunda-feira (8) as aulas na rede p\u00fablica de ensino voltaram, mas de forma h\u00edbrida. Em Itanha\u00e9m, Mongagu\u00e1\" \/>\n<meta property=\"og:url\" content=\"https:\/\/redenoticiaz.com.br\/litoralsp\/2021\/02\/08\/aulas-na-rede-publica-voltam-de-forma-hibrida\" \/>\n<meta property=\"og:site_name\" content=\"Litoral SP\" \/>\n<meta property=\"article:published_time\" content=\"2021-02-08T15:53:00+00:00\" \/>\n<meta property=\"article:modified_time\" content=\"2021-02-08T15:53:37+00:00\" \/>\n<meta property=\"og:image\" content=\"https:\/\/redenoticiaz.com.br\/litoralsp\/wp-content\/uploads\/sites\/3\/2021\/02\/sala-de-aula-vazia.jpg\" \/>\n\t<meta property=\"og:image:width\" content=\"1200\" \/>\n\t<meta property=\"og:image:height\" content=\"800\" \/>\n\t<meta property=\"og:image:type\" content=\"image\/jpeg\" \/>\n<meta name=\"author\" content=\"Leonardo Francisco\" \/>\n<meta name=\"twitter:card\" content=\"summary_large_image\" \/>\n<meta name=\"twitter:label1\" content=\"Escrito por\" \/>\n\t<meta name=\"twitter:data1\" content=\"Leonardo Francisco\" \/>\n\t<meta name=\"twitter:label2\" content=\"Est. tempo de leitura\" \/>\n\t<meta name=\"twitter:data2\" content=\"2 minutos\" \/>\n<script type=\"application\/ld+json\" class=\"yoast-schema-graph\">{\"@context\":\"https:\\\/\\\/schema.org\",\"@graph\":[{\"@type\":\"Article\",\"@id\":\"https:\\\/\\\/redenoticiaz.com.br\\\/litoralsp\\\/2021\\\/02\\\/08\\\/aulas-na-rede-publica-voltam-de-forma-hibrida#article\",\"isPartOf\":{\"@id\":\"https:\\\/\\\/redenoticiaz.com.br\\\/litoralsp\\\/2021\\\/02\\\/08\\\/aulas-na-rede-publica-voltam-de-forma-hibrida\"},\"author\":{\"name\":\"Leonardo Francisco\",\"@id\":\"https:\\\/\\\/redenoticiaz.com.br\\\/litoralsp\\\/#\\\/schema\\\/person\\\/0f0b8a5bdafefe82841e07ae8d81ecb3\"},\"headline\":\"Aulas na rede p\u00fablica voltam de forma h\u00edbrida\",\"datePublished\":\"2021-02-08T15:53:00+00:00\",\"dateModified\":\"2021-02-08T15:53:37+00:00\",\"mainEntityOfPage\":{\"@id\":\"https:\\\/\\\/redenoticiaz.com.br\\\/litoralsp\\\/2021\\\/02\\\/08\\\/aulas-na-rede-publica-voltam-de-forma-hibrida\"},\"wordCount\":463,\"commentCount\":0,\"publisher\":{\"@id\":\"https:\\\/\\\/redenoticiaz.com.br\\\/litoralsp\\\/#organization\"},\"image\":{\"@id\":\"https:\\\/\\\/redenoticiaz.com.br\\\/litoralsp\\\/2021\\\/02\\\/08\\\/aulas-na-rede-publica-voltam-de-forma-hibrida#primaryimage\"},\"thumbnailUrl\":\"https:\\\/\\\/redenoticiaz.com.br\\\/litoralsp\\\/wp-content\\\/uploads\\\/sites\\\/3\\\/2021\\\/02\\\/sala-de-aula-vazia.jpg\",\"keywords\":[\"aulas presenciais\",\"Coronav\u00edrus\",\"ENSINO H\u00cdBRIDO\",\"ENSINO ONLINE\",\"ITANHA\u00c9M\",\"MONGAGU\u00c1\",\"PERU\u00cdBE\",\"retorno\",\"Santos\",\"volta as aulas\"],\"articleSection\":[\"Educa\u00e7\u00e3o\",\"Itanha\u00e9m\",\"Mongagu\u00e1\",\"Santos\"],\"inLanguage\":\"pt-BR\",\"potentialAction\":[{\"@type\":\"CommentAction\",\"name\":\"Comment\",\"target\":[\"https:\\\/\\\/redenoticiaz.com.br\\\/litoralsp\\\/2021\\\/02\\\/08\\\/aulas-na-rede-publica-voltam-de-forma-hibrida#respond\"]}]},{\"@type\":\"WebPage\",\"@id\":\"https:\\\/\\\/redenoticiaz.com.br\\\/litoralsp\\\/2021\\\/02\\\/08\\\/aulas-na-rede-publica-voltam-de-forma-hibrida\",\"url\":\"https:\\\/\\\/redenoticiaz.com.br\\\/litoralsp\\\/2021\\\/02\\\/08\\\/aulas-na-rede-publica-voltam-de-forma-hibrida\",\"name\":\"Aulas na rede p\u00fablica voltam de forma h\u00edbrida - Litoral SP\",\"isPartOf\":{\"@id\":\"https:\\\/\\\/redenoticiaz.com.br\\\/litoralsp\\\/#website\"},\"primaryImageOfPage\":{\"@id\":\"https:\\\/\\\/redenoticiaz.com.br\\\/litoralsp\\\/2021\\\/02\\\/08\\\/aulas-na-rede-publica-voltam-de-forma-hibrida#primaryimage\"},\"image\":{\"@id\":\"https:\\\/\\\/redenoticiaz.com.br\\\/litoralsp\\\/2021\\\/02\\\/08\\\/aulas-na-rede-publica-voltam-de-forma-hibrida#primaryimage\"},\"thumbnailUrl\":\"https:\\\/\\\/redenoticiaz.com.br\\\/litoralsp\\\/wp-content\\\/uploads\\\/sites\\\/3\\\/2021\\\/02\\\/sala-de-aula-vazia.jpg\",\"datePublished\":\"2021-02-08T15:53:00+00:00\",\"dateModified\":\"2021-02-08T15:53:37+00:00\",\"description\":\"Nesta segunda-feira (8) as aulas na rede p\u00fablica de ensino voltaram, mas de forma h\u00edbrida. Em Itanha\u00e9m, Mongagu\u00e1\",\"inLanguage\":\"pt-BR\",\"potentialAction\":[{\"@type\":\"ReadAction\",\"target\":[\"https:\\\/\\\/redenoticiaz.com.br\\\/litoralsp\\\/2021\\\/02\\\/08\\\/aulas-na-rede-publica-voltam-de-forma-hibrida\"]}]},{\"@type\":\"ImageObject\",\"inLanguage\":\"pt-BR\",\"@id\":\"https:\\\/\\\/redenoticiaz.com.br\\\/litoralsp\\\/2021\\\/02\\\/08\\\/aulas-na-rede-publica-voltam-de-forma-hibrida#primaryimage\",\"url\":\"https:\\\/\\\/redenoticiaz.com.br\\\/litoralsp\\\/wp-content\\\/uploads\\\/sites\\\/3\\\/2021\\\/02\\\/sala-de-aula-vazia.jpg\",\"contentUrl\":\"https:\\\/\\\/redenoticiaz.com.br\\\/litoralsp\\\/wp-content\\\/uploads\\\/sites\\\/3\\\/2021\\\/02\\\/sala-de-aula-vazia.jpg\",\"width\":1200,\"height\":800,\"caption\":\"Aulas na rede p\u00fablica voltam de forma h\u00edbrida\"},{\"@type\":\"WebSite\",\"@id\":\"https:\\\/\\\/redenoticiaz.com.br\\\/litoralsp\\\/#website\",\"url\":\"https:\\\/\\\/redenoticiaz.com.br\\\/litoralsp\\\/\",\"name\":\"Litoral SP\",\"description\":\"Rede NoticiaZ\",\"publisher\":{\"@id\":\"https:\\\/\\\/redenoticiaz.com.br\\\/litoralsp\\\/#organization\"},\"potentialAction\":[{\"@type\":\"SearchAction\",\"target\":{\"@type\":\"EntryPoint\",\"urlTemplate\":\"https:\\\/\\\/redenoticiaz.com.br\\\/litoralsp\\\/?s={search_term_string}\"},\"query-input\":{\"@type\":\"PropertyValueSpecification\",\"valueRequired\":true,\"valueName\":\"search_term_string\"}}],\"inLanguage\":\"pt-BR\"},{\"@type\":\"Organization\",\"@id\":\"https:\\\/\\\/redenoticiaz.com.br\\\/litoralsp\\\/#organization\",\"name\":\"Litoral SP\",\"url\":\"https:\\\/\\\/redenoticiaz.com.br\\\/litoralsp\\\/\",\"logo\":{\"@type\":\"ImageObject\",\"inLanguage\":\"pt-BR\",\"@id\":\"https:\\\/\\\/redenoticiaz.com.br\\\/litoralsp\\\/#\\\/schema\\\/logo\\\/image\\\/\",\"url\":\"https:\\\/\\\/redenoticiaz.com.br\\\/litoralsp\\\/wp-content\\\/uploads\\\/sites\\\/3\\\/2020\\\/11\\\/logo.jpg\",\"contentUrl\":\"https:\\\/\\\/redenoticiaz.com.br\\\/litoralsp\\\/wp-content\\\/uploads\\\/sites\\\/3\\\/2020\\\/11\\\/logo.jpg\",\"width\":400,\"height\":250,\"caption\":\"Litoral SP\"},\"image\":{\"@id\":\"https:\\\/\\\/redenoticiaz.com.br\\\/litoralsp\\\/#\\\/schema\\\/logo\\\/image\\\/\"}},{\"@type\":\"Person\",\"@id\":\"https:\\\/\\\/redenoticiaz.com.br\\\/litoralsp\\\/#\\\/schema\\\/person\\\/0f0b8a5bdafefe82841e07ae8d81ecb3\",\"name\":\"Leonardo Francisco\",\"image\":{\"@type\":\"ImageObject\",\"inLanguage\":\"pt-BR\",\"@id\":\"https:\\\/\\\/secure.gravatar.com\\\/avatar\\\/a7358cb406a99b682ec6df1e77e31ae82e63601f6784e8a3df411d72b37864da?s=96&d=mm&r=g\",\"url\":\"https:\\\/\\\/secure.gravatar.com\\\/avatar\\\/a7358cb406a99b682ec6df1e77e31ae82e63601f6784e8a3df411d72b37864da?s=96&d=mm&r=g\",\"contentUrl\":\"https:\\\/\\\/secure.gravatar.com\\\/avatar\\\/a7358cb406a99b682ec6df1e77e31ae82e63601f6784e8a3df411d72b37864da?s=96&d=mm&r=g\",\"caption\":\"Leonardo Francisco\"},\"url\":\"https:\\\/\\\/redenoticiaz.com.br\\\/litoralsp\\\/author\\\/leonardo-francisco\"}]}<\/script>\n<!-- \/ Yoast SEO plugin. -->","yoast_head_json":{"title":"Aulas na rede p\u00fablica voltam de forma h\u00edbrida - Litoral SP","description":"Nesta segunda-feira (8) as aulas na rede p\u00fablica de ensino voltaram, mas de forma h\u00edbrida. Em Itanha\u00e9m, Mongagu\u00e1","robots":{"index":"index","follow":"follow","max-snippet":"max-snippet:-1","max-image-preview":"max-image-preview:large","max-video-preview":"max-video-preview:-1"},"canonical":"https:\/\/redenoticiaz.com.br\/litoralsp\/2021\/02\/08\/aulas-na-rede-publica-voltam-de-forma-hibrida","og_locale":"pt_BR","og_type":"article","og_title":"Aulas na rede p\u00fablica voltam de forma h\u00edbrida - Litoral SP","og_description":"Nesta segunda-feira (8) as aulas na rede p\u00fablica de ensino voltaram, mas de forma h\u00edbrida. Em Itanha\u00e9m, Mongagu\u00e1","og_url":"https:\/\/redenoticiaz.com.br\/litoralsp\/2021\/02\/08\/aulas-na-rede-publica-voltam-de-forma-hibrida","og_site_name":"Litoral SP","article_published_time":"2021-02-08T15:53:00+00:00","article_modified_time":"2021-02-08T15:53:37+00:00","og_image":[{"width":1200,"height":800,"url":"https:\/\/redenoticiaz.com.br\/litoralsp\/wp-content\/uploads\/sites\/3\/2021\/02\/sala-de-aula-vazia.jpg","type":"image\/jpeg"}],"author":"Leonardo Francisco","twitter_card":"summary_large_image","twitter_misc":{"Escrito por":"Leonardo Francisco","Est. tempo de leitura":"2 minutos"},"schema":{"@context":"https:\/\/schema.org","@graph":[{"@type":"Article","@id":"https:\/\/redenoticiaz.com.br\/litoralsp\/2021\/02\/08\/aulas-na-rede-publica-voltam-de-forma-hibrida#article","isPartOf":{"@id":"https:\/\/redenoticiaz.com.br\/litoralsp\/2021\/02\/08\/aulas-na-rede-publica-voltam-de-forma-hibrida"},"author":{"name":"Leonardo Francisco","@id":"https:\/\/redenoticiaz.com.br\/litoralsp\/#\/schema\/person\/0f0b8a5bdafefe82841e07ae8d81ecb3"},"headline":"Aulas na rede p\u00fablica voltam de forma h\u00edbrida","datePublished":"2021-02-08T15:53:00+00:00","dateModified":"2021-02-08T15:53:37+00:00","mainEntityOfPage":{"@id":"https:\/\/redenoticiaz.com.br\/litoralsp\/2021\/02\/08\/aulas-na-rede-publica-voltam-de-forma-hibrida"},"wordCount":463,"commentCount":0,"publisher":{"@id":"https:\/\/redenoticiaz.com.br\/litoralsp\/#organization"},"image":{"@id":"https:\/\/redenoticiaz.com.br\/litoralsp\/2021\/02\/08\/aulas-na-rede-publica-voltam-de-forma-hibrida#primaryimage"},"thumbnailUrl":"https:\/\/redenoticiaz.com.br\/litoralsp\/wp-content\/uploads\/sites\/3\/2021\/02\/sala-de-aula-vazia.jpg","keywords":["aulas presenciais","Coronav\u00edrus","ENSINO H\u00cdBRIDO","ENSINO ONLINE","ITANHA\u00c9M","MONGAGU\u00c1","PERU\u00cdBE","retorno","Santos","volta as aulas"],"articleSection":["Educa\u00e7\u00e3o","Itanha\u00e9m","Mongagu\u00e1","Santos"],"inLanguage":"pt-BR","potentialAction":[{"@type":"CommentAction","name":"Comment","target":["https:\/\/redenoticiaz.com.br\/litoralsp\/2021\/02\/08\/aulas-na-rede-publica-voltam-de-forma-hibrida#respond"]}]},{"@type":"WebPage","@id":"https:\/\/redenoticiaz.com.br\/litoralsp\/2021\/02\/08\/aulas-na-rede-publica-voltam-de-forma-hibrida","url":"https:\/\/redenoticiaz.com.br\/litoralsp\/2021\/02\/08\/aulas-na-rede-publica-voltam-de-forma-hibrida","name":"Aulas na rede p\u00fablica voltam de forma h\u00edbrida - Litoral SP","isPartOf":{"@id":"https:\/\/redenoticiaz.com.br\/litoralsp\/#website"},"primaryImageOfPage":{"@id":"https:\/\/redenoticiaz.com.br\/litoralsp\/2021\/02\/08\/aulas-na-rede-publica-voltam-de-forma-hibrida#primaryimage"},"image":{"@id":"https:\/\/redenoticiaz.com.br\/litoralsp\/2021\/02\/08\/aulas-na-rede-publica-voltam-de-forma-hibrida#primaryimage"},"thumbnailUrl":"https:\/\/redenoticiaz.com.br\/litoralsp\/wp-content\/uploads\/sites\/3\/2021\/02\/sala-de-aula-vazia.jpg","datePublished":"2021-02-08T15:53:00+00:00","dateModified":"2021-02-08T15:53:37+00:00","description":"Nesta segunda-feira (8) as aulas na rede p\u00fablica de ensino voltaram, mas de forma h\u00edbrida. Em Itanha\u00e9m, Mongagu\u00e1","inLanguage":"pt-BR","potentialAction":[{"@type":"ReadAction","target":["https:\/\/redenoticiaz.com.br\/litoralsp\/2021\/02\/08\/aulas-na-rede-publica-voltam-de-forma-hibrida"]}]},{"@type":"ImageObject","inLanguage":"pt-BR","@id":"https:\/\/redenoticiaz.com.br\/litoralsp\/2021\/02\/08\/aulas-na-rede-publica-voltam-de-forma-hibrida#primaryimage","url":"https:\/\/redenoticiaz.com.br\/litoralsp\/wp-content\/uploads\/sites\/3\/2021\/02\/sala-de-aula-vazia.jpg","contentUrl":"https:\/\/redenoticiaz.com.br\/litoralsp\/wp-content\/uploads\/sites\/3\/2021\/02\/sala-de-aula-vazia.jpg","width":1200,"height":800,"caption":"Aulas na rede p\u00fablica voltam de forma h\u00edbrida"},{"@type":"WebSite","@id":"https:\/\/redenoticiaz.com.br\/litoralsp\/#website","url":"https:\/\/redenoticiaz.com.br\/litoralsp\/","name":"Litoral SP","description":"Rede NoticiaZ","publisher":{"@id":"https:\/\/redenoticiaz.com.br\/litoralsp\/#organization"},"potentialAction":[{"@type":"SearchAction","target":{"@type":"EntryPoint","urlTemplate":"https:\/\/redenoticiaz.com.br\/litoralsp\/?s={search_term_string}"},"query-input":{"@type":"PropertyValueSpecification","valueRequired":true,"valueName":"search_term_string"}}],"inLanguage":"pt-BR"},{"@type":"Organization","@id":"https:\/\/redenoticiaz.com.br\/litoralsp\/#organization","name":"Litoral SP","url":"https:\/\/redenoticiaz.com.br\/litoralsp\/","logo":{"@type":"ImageObject","inLanguage":"pt-BR","@id":"https:\/\/redenoticiaz.com.br\/litoralsp\/#\/schema\/logo\/image\/","url":"https:\/\/redenoticiaz.com.br\/litoralsp\/wp-content\/uploads\/sites\/3\/2020\/11\/logo.jpg","contentUrl":"https:\/\/redenoticiaz.com.br\/litoralsp\/wp-content\/uploads\/sites\/3\/2020\/11\/logo.jpg","width":400,"height":250,"caption":"Litoral SP"},"image":{"@id":"https:\/\/redenoticiaz.com.br\/litoralsp\/#\/schema\/logo\/image\/"}},{"@type":"Person","@id":"https:\/\/redenoticiaz.com.br\/litoralsp\/#\/schema\/person\/0f0b8a5bdafefe82841e07ae8d81ecb3","name":"Leonardo Francisco","image":{"@type":"ImageObject","inLanguage":"pt-BR","@id":"https:\/\/secure.gravatar.com\/avatar\/a7358cb406a99b682ec6df1e77e31ae82e63601f6784e8a3df411d72b37864da?s=96&d=mm&r=g","url":"https:\/\/secure.gravatar.com\/avatar\/a7358cb406a99b682ec6df1e77e31ae82e63601f6784e8a3df411d72b37864da?s=96&d=mm&r=g","contentUrl":"https:\/\/secure.gravatar.com\/avatar\/a7358cb406a99b682ec6df1e77e31ae82e63601f6784e8a3df411d72b37864da?s=96&d=mm&r=g","caption":"Leonardo Francisco"},"url":"https:\/\/redenoticiaz.com.br\/litoralsp\/author\/leonardo-francisco"}]}},"_links":{"self":[{"href":"https:\/\/redenoticiaz.com.br\/litoralsp\/wp-json\/wp\/v2\/posts\/3834","targetHints":{"allow":["GET"]}}],"collection":[{"href":"https:\/\/redenoticiaz.com.br\/litoralsp\/wp-json\/wp\/v2\/posts"}],"about":[{"href":"https:\/\/redenoticiaz.com.br\/litoralsp\/wp-json\/wp\/v2\/types\/post"}],"author":[{"embeddable":true,"href":"https:\/\/redenoticiaz.com.br\/litoralsp\/wp-json\/wp\/v2\/users\/6"}],"replies":[{"embeddable":true,"href":"https:\/\/redenoticiaz.com.br\/litoralsp\/wp-json\/wp\/v2\/comments?post=3834"}],"version-history":[{"count":1,"href":"https:\/\/redenoticiaz.com.br\/litoralsp\/wp-json\/wp\/v2\/posts\/3834\/revisions"}],"predecessor-version":[{"id":3836,"href":"https:\/\/redenoticiaz.com.br\/litoralsp\/wp-json\/wp\/v2\/posts\/3834\/revisions\/3836"}],"wp:featuredmedia":[{"embeddable":true,"href":"https:\/\/redenoticiaz.com.br\/litoralsp\/wp-json\/wp\/v2\/media\/3835"}],"wp:attachment":[{"href":"https:\/\/redenoticiaz.com.br\/litoralsp\/wp-json\/wp\/v2\/media?parent=3834"}],"wp:term":[{"taxonomy":"category","embeddable":true,"href":"https:\/\/redenoticiaz.com.br\/litoralsp\/wp-json\/wp\/v2\/categories?post=3834"},{"taxonomy":"post_tag","embeddable":true,"href":"https:\/\/redenoticiaz.com.br\/litoralsp\/wp-json\/wp\/v2\/tags?post=3834"}],"curies":[{"name":"wp","href":"https:\/\/api.w.org\/{rel}","templated":true}]}}