{"id":4015,"date":"2021-02-12T15:31:37","date_gmt":"2021-02-12T18:31:37","guid":{"rendered":"https:\/\/redenoticiaz.com.br\/litoralsp\/2021\/02\/12\/hernan-crespo-vai-assumir-o-sao-paulo"},"modified":"2021-02-12T15:34:50","modified_gmt":"2021-02-12T18:34:50","slug":"hernan-crespo-vai-assumir-o-sao-paulo","status":"publish","type":"post","link":"https:\/\/redenoticiaz.com.br\/litoralsp\/2021\/02\/12\/hernan-crespo-vai-assumir-o-sao-paulo","title":{"rendered":"Hern\u00e1n Crespo vai assumir o S\u00e3o Paulo"},"content":{"rendered":"<p>Nesta sexta-feira (12), o <a href=\"http:\/\/www.saopaulofc.net\/\">S\u00e3o Paulo<\/a> acertou a contrata\u00e7\u00e3o do t\u00e9cnico argentino Hern\u00e1n Crespo. Ele assinou o contrato de dois anos, mas ainda n\u00e3o se sabe quando ele ir\u00e1 come\u00e7ar os trabalhos no campo. As \u00faltimas pend\u00eancias foram acertadas e o anuncio oficial ser\u00e1 ainda nesta sexta.<\/p>\n<p>A diretoria entende que para o novo t\u00e9cnico come\u00e7ar efetivamente seus trabalhos no jogos, ele ter\u00e1 de se adaptar ao processo de mudan\u00e7a no pa\u00eds. Embora ele tenha estilos e conceitos similares ao do ex-treinador do Tricolor, Fernando Diniz. S\u00f3 que o diferencial que o clube acredita \u00e9 que com o argentino, o S\u00e3o Paulo passe a ter uma postura mais aguerrida e adote o esp\u00edrito de competi\u00e7\u00e3o.<\/p>\n<p>Hern\u00e1n Crespo estava no Defensa y Justicia, da Argentina e foi campe\u00e3o da Copa Sul-americana. Ele tamb\u00e9m se destacou como atacante vestindo a camisa de v\u00e1rios clubes, como o River Plate, Parma, Lazio, Milan, Chelsea e Genoa, al\u00e9m de defender por 12 anos a Sele\u00e7\u00e3o Argentina.<\/p>\n<p>Antes dele ser o escolhido, o S\u00e3o Paulo realizou um processo de entrevistas com o espanhol Miguel \u00c1ngel Ram\u00edrez e o portugu\u00eas Pedro Martins. Mas ap\u00f3s a avalia\u00e7\u00e3o, Crespo foi o escolhido por se adequar mais a filosofia do clube e tamb\u00e9m por estar dentro da realidade financeira.<\/p>\n<p>O treinador argentino vir\u00e1 com a comiss\u00e3o t\u00e9cnica composta pelo auxiliar Juan Branda, o preparador de goleiros Gustavo Nepote, os preparadores f\u00edsicos Alejandro Kohan e Gustavo Satto, al\u00e9m do analista Tob\u00edas Kohan.<\/p>\n<p>Leia tamb\u00e9m<\/p>\n<p><a href=\"https:\/\/redenoticiaz.com.br\/blog\/2021\/02\/11\/bayern-de-munique-conquista-o-mundial-de-clubes\">Bayern de Munique conquista o Mundial de Clubes<\/a><\/p>\n","protected":false},"excerpt":{"rendered":"<p>Nesta sexta-feira (12), o S\u00e3o Paulo acertou a contrata\u00e7\u00e3o do t\u00e9cnico argentino Hern\u00e1n Crespo. Ele assinou o contrato de dois anos, mas ainda n\u00e3o se sabe quando ele ir\u00e1 come\u00e7ar os trabalhos no campo. As \u00faltimas pend\u00eancias foram acertadas e o anuncio oficial ser\u00e1 ainda nesta sexta. A diretoria entende que para o novo t\u00e9cnico &hellip;<\/p>\n","protected":false},"author":6,"featured_media":4016,"comment_status":"open","ping_status":"closed","sticky":false,"template":"","format":"standard","meta":{"footnotes":""},"categories":[35],"tags":[2171,11645,11646,11647,65,11648,11649],"class_list":["post-4015","post","type-post","status-publish","format-standard","has-post-thumbnail","hentry","category-esporte","tag-argentina","tag-defensa-y-justicia","tag-ex-jogador","tag-hernan-crespo","tag-sao-paulo","tag-tecnico","tag-tricolor"],"yoast_head":"<!-- This site is optimized with the Yoast SEO plugin v27.4 - https:\/\/yoast.com\/product\/yoast-seo-wordpress\/ -->\n<title>Hern\u00e1n Crespo vai assumir o S\u00e3o Paulo - Litoral SP<\/title>\n<meta name=\"description\" content=\"Nesta sexta-feira (12), o S\u00e3o Paulo acertou a contrata\u00e7\u00e3o do t\u00e9cnico argentino Hern\u00e1n Crespo. Ele assinou o contrato de dois anos\" \/>\n<meta name=\"robots\" content=\"index, follow, max-snippet:-1, max-image-preview:large, max-video-preview:-1\" \/>\n<link rel=\"canonical\" href=\"https:\/\/redenoticiaz.com.br\/litoralsp\/2021\/02\/12\/hernan-crespo-vai-assumir-o-sao-paulo\" \/>\n<meta property=\"og:locale\" content=\"pt_BR\" \/>\n<meta property=\"og:type\" content=\"article\" \/>\n<meta property=\"og:title\" content=\"Hern\u00e1n Crespo vai assumir o S\u00e3o Paulo - Litoral SP\" \/>\n<meta property=\"og:description\" content=\"Nesta sexta-feira (12), o S\u00e3o Paulo acertou a contrata\u00e7\u00e3o do t\u00e9cnico argentino Hern\u00e1n Crespo. Ele assinou o contrato de dois anos\" \/>\n<meta property=\"og:url\" content=\"https:\/\/redenoticiaz.com.br\/litoralsp\/2021\/02\/12\/hernan-crespo-vai-assumir-o-sao-paulo\" \/>\n<meta property=\"og:site_name\" content=\"Litoral SP\" \/>\n<meta property=\"article:published_time\" content=\"2021-02-12T18:31:37+00:00\" \/>\n<meta property=\"article:modified_time\" content=\"2021-02-12T18:34:50+00:00\" \/>\n<meta property=\"og:image\" content=\"https:\/\/redenoticiaz.com.br\/litoralsp\/wp-content\/uploads\/sites\/3\/2021\/02\/crespo.jpg\" \/>\n\t<meta property=\"og:image:width\" content=\"1920\" \/>\n\t<meta property=\"og:image:height\" content=\"1080\" \/>\n\t<meta property=\"og:image:type\" content=\"image\/jpeg\" \/>\n<meta name=\"author\" content=\"Leonardo Francisco\" \/>\n<meta name=\"twitter:card\" content=\"summary_large_image\" \/>\n<meta name=\"twitter:label1\" content=\"Escrito por\" \/>\n\t<meta name=\"twitter:data1\" content=\"Leonardo Francisco\" \/>\n\t<meta name=\"twitter:label2\" content=\"Est. tempo de leitura\" \/>\n\t<meta name=\"twitter:data2\" content=\"1 minuto\" \/>\n<script type=\"application\/ld+json\" class=\"yoast-schema-graph\">{\"@context\":\"https:\\\/\\\/schema.org\",\"@graph\":[{\"@type\":\"Article\",\"@id\":\"https:\\\/\\\/redenoticiaz.com.br\\\/litoralsp\\\/2021\\\/02\\\/12\\\/hernan-crespo-vai-assumir-o-sao-paulo#article\",\"isPartOf\":{\"@id\":\"https:\\\/\\\/redenoticiaz.com.br\\\/litoralsp\\\/2021\\\/02\\\/12\\\/hernan-crespo-vai-assumir-o-sao-paulo\"},\"author\":{\"name\":\"Leonardo Francisco\",\"@id\":\"https:\\\/\\\/redenoticiaz.com.br\\\/litoralsp\\\/#\\\/schema\\\/person\\\/0f0b8a5bdafefe82841e07ae8d81ecb3\"},\"headline\":\"Hern\u00e1n Crespo vai assumir o S\u00e3o Paulo\",\"datePublished\":\"2021-02-12T18:31:37+00:00\",\"dateModified\":\"2021-02-12T18:34:50+00:00\",\"mainEntityOfPage\":{\"@id\":\"https:\\\/\\\/redenoticiaz.com.br\\\/litoralsp\\\/2021\\\/02\\\/12\\\/hernan-crespo-vai-assumir-o-sao-paulo\"},\"wordCount\":289,\"commentCount\":0,\"publisher\":{\"@id\":\"https:\\\/\\\/redenoticiaz.com.br\\\/litoralsp\\\/#organization\"},\"image\":{\"@id\":\"https:\\\/\\\/redenoticiaz.com.br\\\/litoralsp\\\/2021\\\/02\\\/12\\\/hernan-crespo-vai-assumir-o-sao-paulo#primaryimage\"},\"thumbnailUrl\":\"https:\\\/\\\/redenoticiaz.com.br\\\/litoralsp\\\/wp-content\\\/uploads\\\/sites\\\/3\\\/2021\\\/02\\\/crespo.jpg\",\"keywords\":[\"Argentina\",\"DEFENSA Y JUSTICIA\",\"EX-JOGADOR\",\"HERNAN CRESPO\",\"S\u00e3o Paulo\",\"T\u00c9CNICO\",\"TRICOLOR\"],\"articleSection\":[\"Esporte\"],\"inLanguage\":\"pt-BR\",\"potentialAction\":[{\"@type\":\"CommentAction\",\"name\":\"Comment\",\"target\":[\"https:\\\/\\\/redenoticiaz.com.br\\\/litoralsp\\\/2021\\\/02\\\/12\\\/hernan-crespo-vai-assumir-o-sao-paulo#respond\"]}]},{\"@type\":\"WebPage\",\"@id\":\"https:\\\/\\\/redenoticiaz.com.br\\\/litoralsp\\\/2021\\\/02\\\/12\\\/hernan-crespo-vai-assumir-o-sao-paulo\",\"url\":\"https:\\\/\\\/redenoticiaz.com.br\\\/litoralsp\\\/2021\\\/02\\\/12\\\/hernan-crespo-vai-assumir-o-sao-paulo\",\"name\":\"Hern\u00e1n Crespo vai assumir o S\u00e3o Paulo - Litoral SP\",\"isPartOf\":{\"@id\":\"https:\\\/\\\/redenoticiaz.com.br\\\/litoralsp\\\/#website\"},\"primaryImageOfPage\":{\"@id\":\"https:\\\/\\\/redenoticiaz.com.br\\\/litoralsp\\\/2021\\\/02\\\/12\\\/hernan-crespo-vai-assumir-o-sao-paulo#primaryimage\"},\"image\":{\"@id\":\"https:\\\/\\\/redenoticiaz.com.br\\\/litoralsp\\\/2021\\\/02\\\/12\\\/hernan-crespo-vai-assumir-o-sao-paulo#primaryimage\"},\"thumbnailUrl\":\"https:\\\/\\\/redenoticiaz.com.br\\\/litoralsp\\\/wp-content\\\/uploads\\\/sites\\\/3\\\/2021\\\/02\\\/crespo.jpg\",\"datePublished\":\"2021-02-12T18:31:37+00:00\",\"dateModified\":\"2021-02-12T18:34:50+00:00\",\"description\":\"Nesta sexta-feira (12), o S\u00e3o Paulo acertou a contrata\u00e7\u00e3o do t\u00e9cnico argentino Hern\u00e1n Crespo. Ele assinou o contrato de dois anos\",\"inLanguage\":\"pt-BR\",\"potentialAction\":[{\"@type\":\"ReadAction\",\"target\":[\"https:\\\/\\\/redenoticiaz.com.br\\\/litoralsp\\\/2021\\\/02\\\/12\\\/hernan-crespo-vai-assumir-o-sao-paulo\"]}]},{\"@type\":\"ImageObject\",\"inLanguage\":\"pt-BR\",\"@id\":\"https:\\\/\\\/redenoticiaz.com.br\\\/litoralsp\\\/2021\\\/02\\\/12\\\/hernan-crespo-vai-assumir-o-sao-paulo#primaryimage\",\"url\":\"https:\\\/\\\/redenoticiaz.com.br\\\/litoralsp\\\/wp-content\\\/uploads\\\/sites\\\/3\\\/2021\\\/02\\\/crespo.jpg\",\"contentUrl\":\"https:\\\/\\\/redenoticiaz.com.br\\\/litoralsp\\\/wp-content\\\/uploads\\\/sites\\\/3\\\/2021\\\/02\\\/crespo.jpg\",\"width\":1920,\"height\":1080,\"caption\":\"Cr\u00e9ditos: Divulga\u00e7\u00e3o\\\/S\u00e3o Paulo FC.\"},{\"@type\":\"WebSite\",\"@id\":\"https:\\\/\\\/redenoticiaz.com.br\\\/litoralsp\\\/#website\",\"url\":\"https:\\\/\\\/redenoticiaz.com.br\\\/litoralsp\\\/\",\"name\":\"Litoral SP\",\"description\":\"Rede NoticiaZ\",\"publisher\":{\"@id\":\"https:\\\/\\\/redenoticiaz.com.br\\\/litoralsp\\\/#organization\"},\"potentialAction\":[{\"@type\":\"SearchAction\",\"target\":{\"@type\":\"EntryPoint\",\"urlTemplate\":\"https:\\\/\\\/redenoticiaz.com.br\\\/litoralsp\\\/?s={search_term_string}\"},\"query-input\":{\"@type\":\"PropertyValueSpecification\",\"valueRequired\":true,\"valueName\":\"search_term_string\"}}],\"inLanguage\":\"pt-BR\"},{\"@type\":\"Organization\",\"@id\":\"https:\\\/\\\/redenoticiaz.com.br\\\/litoralsp\\\/#organization\",\"name\":\"Litoral SP\",\"url\":\"https:\\\/\\\/redenoticiaz.com.br\\\/litoralsp\\\/\",\"logo\":{\"@type\":\"ImageObject\",\"inLanguage\":\"pt-BR\",\"@id\":\"https:\\\/\\\/redenoticiaz.com.br\\\/litoralsp\\\/#\\\/schema\\\/logo\\\/image\\\/\",\"url\":\"https:\\\/\\\/redenoticiaz.com.br\\\/litoralsp\\\/wp-content\\\/uploads\\\/sites\\\/3\\\/2020\\\/11\\\/logo.jpg\",\"contentUrl\":\"https:\\\/\\\/redenoticiaz.com.br\\\/litoralsp\\\/wp-content\\\/uploads\\\/sites\\\/3\\\/2020\\\/11\\\/logo.jpg\",\"width\":400,\"height\":250,\"caption\":\"Litoral SP\"},\"image\":{\"@id\":\"https:\\\/\\\/redenoticiaz.com.br\\\/litoralsp\\\/#\\\/schema\\\/logo\\\/image\\\/\"}},{\"@type\":\"Person\",\"@id\":\"https:\\\/\\\/redenoticiaz.com.br\\\/litoralsp\\\/#\\\/schema\\\/person\\\/0f0b8a5bdafefe82841e07ae8d81ecb3\",\"name\":\"Leonardo Francisco\",\"image\":{\"@type\":\"ImageObject\",\"inLanguage\":\"pt-BR\",\"@id\":\"https:\\\/\\\/secure.gravatar.com\\\/avatar\\\/a7358cb406a99b682ec6df1e77e31ae82e63601f6784e8a3df411d72b37864da?s=96&d=mm&r=g\",\"url\":\"https:\\\/\\\/secure.gravatar.com\\\/avatar\\\/a7358cb406a99b682ec6df1e77e31ae82e63601f6784e8a3df411d72b37864da?s=96&d=mm&r=g\",\"contentUrl\":\"https:\\\/\\\/secure.gravatar.com\\\/avatar\\\/a7358cb406a99b682ec6df1e77e31ae82e63601f6784e8a3df411d72b37864da?s=96&d=mm&r=g\",\"caption\":\"Leonardo Francisco\"},\"url\":\"https:\\\/\\\/redenoticiaz.com.br\\\/litoralsp\\\/author\\\/leonardo-francisco\"}]}<\/script>\n<!-- \/ Yoast SEO plugin. -->","yoast_head_json":{"title":"Hern\u00e1n Crespo vai assumir o S\u00e3o Paulo - Litoral SP","description":"Nesta sexta-feira (12), o S\u00e3o Paulo acertou a contrata\u00e7\u00e3o do t\u00e9cnico argentino Hern\u00e1n Crespo. Ele assinou o contrato de dois anos","robots":{"index":"index","follow":"follow","max-snippet":"max-snippet:-1","max-image-preview":"max-image-preview:large","max-video-preview":"max-video-preview:-1"},"canonical":"https:\/\/redenoticiaz.com.br\/litoralsp\/2021\/02\/12\/hernan-crespo-vai-assumir-o-sao-paulo","og_locale":"pt_BR","og_type":"article","og_title":"Hern\u00e1n Crespo vai assumir o S\u00e3o Paulo - Litoral SP","og_description":"Nesta sexta-feira (12), o S\u00e3o Paulo acertou a contrata\u00e7\u00e3o do t\u00e9cnico argentino Hern\u00e1n Crespo. Ele assinou o contrato de dois anos","og_url":"https:\/\/redenoticiaz.com.br\/litoralsp\/2021\/02\/12\/hernan-crespo-vai-assumir-o-sao-paulo","og_site_name":"Litoral SP","article_published_time":"2021-02-12T18:31:37+00:00","article_modified_time":"2021-02-12T18:34:50+00:00","og_image":[{"width":1920,"height":1080,"url":"https:\/\/redenoticiaz.com.br\/litoralsp\/wp-content\/uploads\/sites\/3\/2021\/02\/crespo.jpg","type":"image\/jpeg"}],"author":"Leonardo Francisco","twitter_card":"summary_large_image","twitter_misc":{"Escrito por":"Leonardo Francisco","Est. tempo de leitura":"1 minuto"},"schema":{"@context":"https:\/\/schema.org","@graph":[{"@type":"Article","@id":"https:\/\/redenoticiaz.com.br\/litoralsp\/2021\/02\/12\/hernan-crespo-vai-assumir-o-sao-paulo#article","isPartOf":{"@id":"https:\/\/redenoticiaz.com.br\/litoralsp\/2021\/02\/12\/hernan-crespo-vai-assumir-o-sao-paulo"},"author":{"name":"Leonardo Francisco","@id":"https:\/\/redenoticiaz.com.br\/litoralsp\/#\/schema\/person\/0f0b8a5bdafefe82841e07ae8d81ecb3"},"headline":"Hern\u00e1n Crespo vai assumir o S\u00e3o Paulo","datePublished":"2021-02-12T18:31:37+00:00","dateModified":"2021-02-12T18:34:50+00:00","mainEntityOfPage":{"@id":"https:\/\/redenoticiaz.com.br\/litoralsp\/2021\/02\/12\/hernan-crespo-vai-assumir-o-sao-paulo"},"wordCount":289,"commentCount":0,"publisher":{"@id":"https:\/\/redenoticiaz.com.br\/litoralsp\/#organization"},"image":{"@id":"https:\/\/redenoticiaz.com.br\/litoralsp\/2021\/02\/12\/hernan-crespo-vai-assumir-o-sao-paulo#primaryimage"},"thumbnailUrl":"https:\/\/redenoticiaz.com.br\/litoralsp\/wp-content\/uploads\/sites\/3\/2021\/02\/crespo.jpg","keywords":["Argentina","DEFENSA Y JUSTICIA","EX-JOGADOR","HERNAN CRESPO","S\u00e3o Paulo","T\u00c9CNICO","TRICOLOR"],"articleSection":["Esporte"],"inLanguage":"pt-BR","potentialAction":[{"@type":"CommentAction","name":"Comment","target":["https:\/\/redenoticiaz.com.br\/litoralsp\/2021\/02\/12\/hernan-crespo-vai-assumir-o-sao-paulo#respond"]}]},{"@type":"WebPage","@id":"https:\/\/redenoticiaz.com.br\/litoralsp\/2021\/02\/12\/hernan-crespo-vai-assumir-o-sao-paulo","url":"https:\/\/redenoticiaz.com.br\/litoralsp\/2021\/02\/12\/hernan-crespo-vai-assumir-o-sao-paulo","name":"Hern\u00e1n Crespo vai assumir o S\u00e3o Paulo - Litoral SP","isPartOf":{"@id":"https:\/\/redenoticiaz.com.br\/litoralsp\/#website"},"primaryImageOfPage":{"@id":"https:\/\/redenoticiaz.com.br\/litoralsp\/2021\/02\/12\/hernan-crespo-vai-assumir-o-sao-paulo#primaryimage"},"image":{"@id":"https:\/\/redenoticiaz.com.br\/litoralsp\/2021\/02\/12\/hernan-crespo-vai-assumir-o-sao-paulo#primaryimage"},"thumbnailUrl":"https:\/\/redenoticiaz.com.br\/litoralsp\/wp-content\/uploads\/sites\/3\/2021\/02\/crespo.jpg","datePublished":"2021-02-12T18:31:37+00:00","dateModified":"2021-02-12T18:34:50+00:00","description":"Nesta sexta-feira (12), o S\u00e3o Paulo acertou a contrata\u00e7\u00e3o do t\u00e9cnico argentino Hern\u00e1n Crespo. Ele assinou o contrato de dois anos","inLanguage":"pt-BR","potentialAction":[{"@type":"ReadAction","target":["https:\/\/redenoticiaz.com.br\/litoralsp\/2021\/02\/12\/hernan-crespo-vai-assumir-o-sao-paulo"]}]},{"@type":"ImageObject","inLanguage":"pt-BR","@id":"https:\/\/redenoticiaz.com.br\/litoralsp\/2021\/02\/12\/hernan-crespo-vai-assumir-o-sao-paulo#primaryimage","url":"https:\/\/redenoticiaz.com.br\/litoralsp\/wp-content\/uploads\/sites\/3\/2021\/02\/crespo.jpg","contentUrl":"https:\/\/redenoticiaz.com.br\/litoralsp\/wp-content\/uploads\/sites\/3\/2021\/02\/crespo.jpg","width":1920,"height":1080,"caption":"Cr\u00e9ditos: Divulga\u00e7\u00e3o\/S\u00e3o Paulo FC."},{"@type":"WebSite","@id":"https:\/\/redenoticiaz.com.br\/litoralsp\/#website","url":"https:\/\/redenoticiaz.com.br\/litoralsp\/","name":"Litoral SP","description":"Rede NoticiaZ","publisher":{"@id":"https:\/\/redenoticiaz.com.br\/litoralsp\/#organization"},"potentialAction":[{"@type":"SearchAction","target":{"@type":"EntryPoint","urlTemplate":"https:\/\/redenoticiaz.com.br\/litoralsp\/?s={search_term_string}"},"query-input":{"@type":"PropertyValueSpecification","valueRequired":true,"valueName":"search_term_string"}}],"inLanguage":"pt-BR"},{"@type":"Organization","@id":"https:\/\/redenoticiaz.com.br\/litoralsp\/#organization","name":"Litoral SP","url":"https:\/\/redenoticiaz.com.br\/litoralsp\/","logo":{"@type":"ImageObject","inLanguage":"pt-BR","@id":"https:\/\/redenoticiaz.com.br\/litoralsp\/#\/schema\/logo\/image\/","url":"https:\/\/redenoticiaz.com.br\/litoralsp\/wp-content\/uploads\/sites\/3\/2020\/11\/logo.jpg","contentUrl":"https:\/\/redenoticiaz.com.br\/litoralsp\/wp-content\/uploads\/sites\/3\/2020\/11\/logo.jpg","width":400,"height":250,"caption":"Litoral SP"},"image":{"@id":"https:\/\/redenoticiaz.com.br\/litoralsp\/#\/schema\/logo\/image\/"}},{"@type":"Person","@id":"https:\/\/redenoticiaz.com.br\/litoralsp\/#\/schema\/person\/0f0b8a5bdafefe82841e07ae8d81ecb3","name":"Leonardo Francisco","image":{"@type":"ImageObject","inLanguage":"pt-BR","@id":"https:\/\/secure.gravatar.com\/avatar\/a7358cb406a99b682ec6df1e77e31ae82e63601f6784e8a3df411d72b37864da?s=96&d=mm&r=g","url":"https:\/\/secure.gravatar.com\/avatar\/a7358cb406a99b682ec6df1e77e31ae82e63601f6784e8a3df411d72b37864da?s=96&d=mm&r=g","contentUrl":"https:\/\/secure.gravatar.com\/avatar\/a7358cb406a99b682ec6df1e77e31ae82e63601f6784e8a3df411d72b37864da?s=96&d=mm&r=g","caption":"Leonardo Francisco"},"url":"https:\/\/redenoticiaz.com.br\/litoralsp\/author\/leonardo-francisco"}]}},"_links":{"self":[{"href":"https:\/\/redenoticiaz.com.br\/litoralsp\/wp-json\/wp\/v2\/posts\/4015","targetHints":{"allow":["GET"]}}],"collection":[{"href":"https:\/\/redenoticiaz.com.br\/litoralsp\/wp-json\/wp\/v2\/posts"}],"about":[{"href":"https:\/\/redenoticiaz.com.br\/litoralsp\/wp-json\/wp\/v2\/types\/post"}],"author":[{"embeddable":true,"href":"https:\/\/redenoticiaz.com.br\/litoralsp\/wp-json\/wp\/v2\/users\/6"}],"replies":[{"embeddable":true,"href":"https:\/\/redenoticiaz.com.br\/litoralsp\/wp-json\/wp\/v2\/comments?post=4015"}],"version-history":[{"count":1,"href":"https:\/\/redenoticiaz.com.br\/litoralsp\/wp-json\/wp\/v2\/posts\/4015\/revisions"}],"predecessor-version":[{"id":4017,"href":"https:\/\/redenoticiaz.com.br\/litoralsp\/wp-json\/wp\/v2\/posts\/4015\/revisions\/4017"}],"wp:featuredmedia":[{"embeddable":true,"href":"https:\/\/redenoticiaz.com.br\/litoralsp\/wp-json\/wp\/v2\/media\/4016"}],"wp:attachment":[{"href":"https:\/\/redenoticiaz.com.br\/litoralsp\/wp-json\/wp\/v2\/media?parent=4015"}],"wp:term":[{"taxonomy":"category","embeddable":true,"href":"https:\/\/redenoticiaz.com.br\/litoralsp\/wp-json\/wp\/v2\/categories?post=4015"},{"taxonomy":"post_tag","embeddable":true,"href":"https:\/\/redenoticiaz.com.br\/litoralsp\/wp-json\/wp\/v2\/tags?post=4015"}],"curies":[{"name":"wp","href":"https:\/\/api.w.org\/{rel}","templated":true}]}}