{"id":4290,"date":"2021-02-17T16:42:04","date_gmt":"2021-02-17T19:42:04","guid":{"rendered":"https:\/\/redenoticiaz.com.br\/litoralsp\/2021\/02\/17\/belo-e-preso-pela-terceira-vez"},"modified":"2021-02-17T16:46:42","modified_gmt":"2021-02-17T19:46:42","slug":"belo-e-preso-pela-terceira-vez","status":"publish","type":"post","link":"https:\/\/redenoticiaz.com.br\/litoralsp\/2021\/02\/17\/belo-e-preso-pela-terceira-vez","title":{"rendered":"Belo \u00e9 preso pela terceira vez"},"content":{"rendered":"<p>O cantor Belo foi preso nesta quarta-feira (17), em Angra dos Reis, no <a href=\"http:\/\/www.rj.gov.br\/\">Rio de Janeiro<\/a>. Ele foi alvo da opera\u00e7\u00e3o da Delegacia de Combate \u00e0s Drogas (DCOD), da Pol\u00edcia Civil. O m\u00fasico estava em casa e sua pris\u00e3o ocorre dias depois de ter promovido um show numa escola do Complexo da Mar\u00e9, em plena \u00e9poca de pandemia e que provocou aglomera\u00e7\u00e3o.<\/p>\n<p>O evento realizado na Escola Municipal Parque da Uni\u00e3o foi realizado no \u00faltimo s\u00e1bado (13), mas n\u00e3o tinha a autoriza\u00e7\u00e3o da Secretaria de Sa\u00fade do Rio para ser realizado. Os policiais investigam se houve invas\u00e3o \u00e0 unidade de ensino, ou se a autoriza\u00e7\u00e3o foi dada de forma indevida. A equipe fez buscas na sede da empresa respons\u00e1vel pelo evento, a produtora S\u00e9rie Gold. No local houveram apreens\u00f5es de documentos, equipamentos e ve\u00edculos.<\/p>\n<p>S\u00f3 que al\u00e9m do cantor Belo, tamb\u00e9m foram presos os s\u00f3cios da produtora C\u00e9lio Caetano e Henriques Marques, o Rick, e Jorge Luiz Moura Barbosa, o Alvarenga, que \u00e9 acusado pela pol\u00edcia de chefiar o tr\u00e1fico no Parque Uni\u00e3o.<\/p>\n<p>Em entrevista ao site do G1, Belo se defendeu dizendo que o show foi feito seguindo todos os protocolos. \u201cN\u00e3o temos controle do geral. Isso nem os governantes t\u00eam. As praias est\u00e3o lotadas, transportes p\u00fablicos, e s\u00f3 quem sofre as consequ\u00eancias s\u00e3o os artistas. Que foi o primeiro segmento a parar e at\u00e9 agora n\u00e3o temos apoio de ningu\u00e9m sobre a nossa retomada. Sustentamos mais de 50 fam\u00edlias\u201d, justificou.<\/p>\n<h3>As pris\u00f5es<\/h3>\n<p>O m\u00fasico j\u00e1 foi preso em outras duas ocasi\u00f5es. No dia 30 de dezembro de 2002 ele foi condenado a seis anos de pris\u00e3o, acusado de associa\u00e7\u00e3o para o tr\u00e1fico depois de, segundo a pol\u00edcia, negociar drogas e armas pelo telefone com um traficante. Na ocasi\u00e3o, ficou preso por cerca de um m\u00eas e conseguiu, ap\u00f3s entrar com um recurso, o direito de responder em liberdade.<\/p>\n<p>O Minist\u00e9rio P\u00fablico recorreu da decis\u00e3o e a 8\u00aa C\u00e2mara Criminal do Tribunal de Justi\u00e7a do Rio aumentou a pena do cantor para oito anos. Belo foi preso novamente em novembro de 2004. Ele estava escondido dentro de casa, na Zona Oeste do Rio. Desta vez, passou tr\u00eas anos e oito meses na cadeia.<\/p>\n<p>Leia tamb\u00e9m<\/p>\n<p><a href=\"https:\/\/redenoticiaz.com.br\/blog\/2021\/02\/17\/confederacao-dos-municipios-exige-saida-de-pazuello\">Confedera\u00e7\u00e3o dos Munic\u00edpios exige sa\u00edda de Pazuello<\/a><\/p>\n","protected":false},"excerpt":{"rendered":"<p>O cantor Belo foi preso nesta quarta-feira (17), em Angra dos Reis, no Rio de Janeiro. Ele foi alvo da opera\u00e7\u00e3o da Delegacia de Combate \u00e0s Drogas (DCOD), da Pol\u00edcia Civil. O m\u00fasico estava em casa e sua pris\u00e3o ocorre dias depois de ter promovido um show numa escola do Complexo da Mar\u00e9, em plena &hellip;<\/p>\n","protected":false},"author":6,"featured_media":4291,"comment_status":"open","ping_status":"closed","sticky":false,"template":"","format":"standard","meta":{"footnotes":""},"categories":[2001,10],"tags":[12284,12285,12286,12287,26,1762,1346,5661,8217],"class_list":["post-4290","post","type-post","status-publish","format-standard","has-post-thumbnail","hentry","category-cultura-e-musica","category-policia","tag-angra-dos-reis","tag-cantor-belo","tag-complexo-da-mare","tag-escola-municipal-parque-da-uniao","tag-pandemia","tag-policia-civil","tag-prisao","tag-rio-de-janeiro","tag-show"],"yoast_head":"<!-- This site is optimized with the Yoast SEO plugin v27.4 - https:\/\/yoast.com\/product\/yoast-seo-wordpress\/ -->\n<title>Belo \u00e9 preso pela terceira vez - Litoral SP<\/title>\n<meta name=\"description\" content=\"O cantor Belo foi preso nesta quarta-feira (17), em Angra dos Reis, no Rio de Janeiro. Ele foi alvo da opera\u00e7\u00e3o da Delegacia de Combate \u00e0s Drogas (DCOD)\" \/>\n<meta name=\"robots\" content=\"index, follow, max-snippet:-1, max-image-preview:large, max-video-preview:-1\" \/>\n<link rel=\"canonical\" href=\"https:\/\/redenoticiaz.com.br\/litoralsp\/2021\/02\/17\/belo-e-preso-pela-terceira-vez\" \/>\n<meta property=\"og:locale\" content=\"pt_BR\" \/>\n<meta property=\"og:type\" content=\"article\" \/>\n<meta property=\"og:title\" content=\"Belo \u00e9 preso pela terceira vez - Litoral SP\" \/>\n<meta property=\"og:description\" content=\"O cantor Belo foi preso nesta quarta-feira (17), em Angra dos Reis, no Rio de Janeiro. Ele foi alvo da opera\u00e7\u00e3o da Delegacia de Combate \u00e0s Drogas (DCOD)\" \/>\n<meta property=\"og:url\" content=\"https:\/\/redenoticiaz.com.br\/litoralsp\/2021\/02\/17\/belo-e-preso-pela-terceira-vez\" \/>\n<meta property=\"og:site_name\" content=\"Litoral SP\" \/>\n<meta property=\"article:published_time\" content=\"2021-02-17T19:42:04+00:00\" \/>\n<meta property=\"article:modified_time\" content=\"2021-02-17T19:46:42+00:00\" \/>\n<meta property=\"og:image\" content=\"https:\/\/redenoticiaz.com.br\/litoralsp\/wp-content\/uploads\/sites\/3\/2021\/02\/13belo1.jpg\" \/>\n\t<meta property=\"og:image:width\" content=\"984\" \/>\n\t<meta property=\"og:image:height\" content=\"810\" \/>\n\t<meta property=\"og:image:type\" content=\"image\/jpeg\" \/>\n<meta name=\"author\" content=\"Leonardo Francisco\" \/>\n<meta name=\"twitter:card\" content=\"summary_large_image\" \/>\n<meta name=\"twitter:label1\" content=\"Escrito por\" \/>\n\t<meta name=\"twitter:data1\" content=\"Leonardo Francisco\" \/>\n\t<meta name=\"twitter:label2\" content=\"Est. tempo de leitura\" \/>\n\t<meta name=\"twitter:data2\" content=\"2 minutos\" \/>\n<script type=\"application\/ld+json\" class=\"yoast-schema-graph\">{\"@context\":\"https:\\\/\\\/schema.org\",\"@graph\":[{\"@type\":\"Article\",\"@id\":\"https:\\\/\\\/redenoticiaz.com.br\\\/litoralsp\\\/2021\\\/02\\\/17\\\/belo-e-preso-pela-terceira-vez#article\",\"isPartOf\":{\"@id\":\"https:\\\/\\\/redenoticiaz.com.br\\\/litoralsp\\\/2021\\\/02\\\/17\\\/belo-e-preso-pela-terceira-vez\"},\"author\":{\"name\":\"Leonardo Francisco\",\"@id\":\"https:\\\/\\\/redenoticiaz.com.br\\\/litoralsp\\\/#\\\/schema\\\/person\\\/0f0b8a5bdafefe82841e07ae8d81ecb3\"},\"headline\":\"Belo \u00e9 preso pela terceira vez\",\"datePublished\":\"2021-02-17T19:42:04+00:00\",\"dateModified\":\"2021-02-17T19:46:42+00:00\",\"mainEntityOfPage\":{\"@id\":\"https:\\\/\\\/redenoticiaz.com.br\\\/litoralsp\\\/2021\\\/02\\\/17\\\/belo-e-preso-pela-terceira-vez\"},\"wordCount\":421,\"commentCount\":0,\"publisher\":{\"@id\":\"https:\\\/\\\/redenoticiaz.com.br\\\/litoralsp\\\/#organization\"},\"image\":{\"@id\":\"https:\\\/\\\/redenoticiaz.com.br\\\/litoralsp\\\/2021\\\/02\\\/17\\\/belo-e-preso-pela-terceira-vez#primaryimage\"},\"thumbnailUrl\":\"https:\\\/\\\/redenoticiaz.com.br\\\/litoralsp\\\/wp-content\\\/uploads\\\/sites\\\/3\\\/2021\\\/02\\\/13belo1.jpg\",\"keywords\":[\"ANGRA DOS REIS\",\"CANTOR BELO\",\"COMPLEXO DA MAR\u00c9\",\"ESCOLA MUNICIPAL PARQUE DA UNI\u00c3O\",\"Pandemia\",\"POL\u00cdCIA CIVIL\",\"PRIS\u00c3O\",\"Rio de Janeiro\",\"SHOW\"],\"articleSection\":[\"Cultura e M\u00fasica\",\"Pol\u00edcia\"],\"inLanguage\":\"pt-BR\",\"potentialAction\":[{\"@type\":\"CommentAction\",\"name\":\"Comment\",\"target\":[\"https:\\\/\\\/redenoticiaz.com.br\\\/litoralsp\\\/2021\\\/02\\\/17\\\/belo-e-preso-pela-terceira-vez#respond\"]}]},{\"@type\":\"WebPage\",\"@id\":\"https:\\\/\\\/redenoticiaz.com.br\\\/litoralsp\\\/2021\\\/02\\\/17\\\/belo-e-preso-pela-terceira-vez\",\"url\":\"https:\\\/\\\/redenoticiaz.com.br\\\/litoralsp\\\/2021\\\/02\\\/17\\\/belo-e-preso-pela-terceira-vez\",\"name\":\"Belo \u00e9 preso pela terceira vez - Litoral SP\",\"isPartOf\":{\"@id\":\"https:\\\/\\\/redenoticiaz.com.br\\\/litoralsp\\\/#website\"},\"primaryImageOfPage\":{\"@id\":\"https:\\\/\\\/redenoticiaz.com.br\\\/litoralsp\\\/2021\\\/02\\\/17\\\/belo-e-preso-pela-terceira-vez#primaryimage\"},\"image\":{\"@id\":\"https:\\\/\\\/redenoticiaz.com.br\\\/litoralsp\\\/2021\\\/02\\\/17\\\/belo-e-preso-pela-terceira-vez#primaryimage\"},\"thumbnailUrl\":\"https:\\\/\\\/redenoticiaz.com.br\\\/litoralsp\\\/wp-content\\\/uploads\\\/sites\\\/3\\\/2021\\\/02\\\/13belo1.jpg\",\"datePublished\":\"2021-02-17T19:42:04+00:00\",\"dateModified\":\"2021-02-17T19:46:42+00:00\",\"description\":\"O cantor Belo foi preso nesta quarta-feira (17), em Angra dos Reis, no Rio de Janeiro. Ele foi alvo da opera\u00e7\u00e3o da Delegacia de Combate \u00e0s Drogas (DCOD)\",\"inLanguage\":\"pt-BR\",\"potentialAction\":[{\"@type\":\"ReadAction\",\"target\":[\"https:\\\/\\\/redenoticiaz.com.br\\\/litoralsp\\\/2021\\\/02\\\/17\\\/belo-e-preso-pela-terceira-vez\"]}]},{\"@type\":\"ImageObject\",\"inLanguage\":\"pt-BR\",\"@id\":\"https:\\\/\\\/redenoticiaz.com.br\\\/litoralsp\\\/2021\\\/02\\\/17\\\/belo-e-preso-pela-terceira-vez#primaryimage\",\"url\":\"https:\\\/\\\/redenoticiaz.com.br\\\/litoralsp\\\/wp-content\\\/uploads\\\/sites\\\/3\\\/2021\\\/02\\\/13belo1.jpg\",\"contentUrl\":\"https:\\\/\\\/redenoticiaz.com.br\\\/litoralsp\\\/wp-content\\\/uploads\\\/sites\\\/3\\\/2021\\\/02\\\/13belo1.jpg\",\"width\":984,\"height\":810,\"caption\":\"Cr\u00e9ditos: Reprodu\u00e7\u00e3o.\"},{\"@type\":\"WebSite\",\"@id\":\"https:\\\/\\\/redenoticiaz.com.br\\\/litoralsp\\\/#website\",\"url\":\"https:\\\/\\\/redenoticiaz.com.br\\\/litoralsp\\\/\",\"name\":\"Litoral SP\",\"description\":\"Rede NoticiaZ\",\"publisher\":{\"@id\":\"https:\\\/\\\/redenoticiaz.com.br\\\/litoralsp\\\/#organization\"},\"potentialAction\":[{\"@type\":\"SearchAction\",\"target\":{\"@type\":\"EntryPoint\",\"urlTemplate\":\"https:\\\/\\\/redenoticiaz.com.br\\\/litoralsp\\\/?s={search_term_string}\"},\"query-input\":{\"@type\":\"PropertyValueSpecification\",\"valueRequired\":true,\"valueName\":\"search_term_string\"}}],\"inLanguage\":\"pt-BR\"},{\"@type\":\"Organization\",\"@id\":\"https:\\\/\\\/redenoticiaz.com.br\\\/litoralsp\\\/#organization\",\"name\":\"Litoral SP\",\"url\":\"https:\\\/\\\/redenoticiaz.com.br\\\/litoralsp\\\/\",\"logo\":{\"@type\":\"ImageObject\",\"inLanguage\":\"pt-BR\",\"@id\":\"https:\\\/\\\/redenoticiaz.com.br\\\/litoralsp\\\/#\\\/schema\\\/logo\\\/image\\\/\",\"url\":\"https:\\\/\\\/redenoticiaz.com.br\\\/litoralsp\\\/wp-content\\\/uploads\\\/sites\\\/3\\\/2020\\\/11\\\/logo.jpg\",\"contentUrl\":\"https:\\\/\\\/redenoticiaz.com.br\\\/litoralsp\\\/wp-content\\\/uploads\\\/sites\\\/3\\\/2020\\\/11\\\/logo.jpg\",\"width\":400,\"height\":250,\"caption\":\"Litoral SP\"},\"image\":{\"@id\":\"https:\\\/\\\/redenoticiaz.com.br\\\/litoralsp\\\/#\\\/schema\\\/logo\\\/image\\\/\"}},{\"@type\":\"Person\",\"@id\":\"https:\\\/\\\/redenoticiaz.com.br\\\/litoralsp\\\/#\\\/schema\\\/person\\\/0f0b8a5bdafefe82841e07ae8d81ecb3\",\"name\":\"Leonardo Francisco\",\"image\":{\"@type\":\"ImageObject\",\"inLanguage\":\"pt-BR\",\"@id\":\"https:\\\/\\\/secure.gravatar.com\\\/avatar\\\/a7358cb406a99b682ec6df1e77e31ae82e63601f6784e8a3df411d72b37864da?s=96&d=mm&r=g\",\"url\":\"https:\\\/\\\/secure.gravatar.com\\\/avatar\\\/a7358cb406a99b682ec6df1e77e31ae82e63601f6784e8a3df411d72b37864da?s=96&d=mm&r=g\",\"contentUrl\":\"https:\\\/\\\/secure.gravatar.com\\\/avatar\\\/a7358cb406a99b682ec6df1e77e31ae82e63601f6784e8a3df411d72b37864da?s=96&d=mm&r=g\",\"caption\":\"Leonardo Francisco\"},\"url\":\"https:\\\/\\\/redenoticiaz.com.br\\\/litoralsp\\\/author\\\/leonardo-francisco\"}]}<\/script>\n<!-- \/ Yoast SEO plugin. -->","yoast_head_json":{"title":"Belo \u00e9 preso pela terceira vez - Litoral SP","description":"O cantor Belo foi preso nesta quarta-feira (17), em Angra dos Reis, no Rio de Janeiro. Ele foi alvo da opera\u00e7\u00e3o da Delegacia de Combate \u00e0s Drogas (DCOD)","robots":{"index":"index","follow":"follow","max-snippet":"max-snippet:-1","max-image-preview":"max-image-preview:large","max-video-preview":"max-video-preview:-1"},"canonical":"https:\/\/redenoticiaz.com.br\/litoralsp\/2021\/02\/17\/belo-e-preso-pela-terceira-vez","og_locale":"pt_BR","og_type":"article","og_title":"Belo \u00e9 preso pela terceira vez - Litoral SP","og_description":"O cantor Belo foi preso nesta quarta-feira (17), em Angra dos Reis, no Rio de Janeiro. Ele foi alvo da opera\u00e7\u00e3o da Delegacia de Combate \u00e0s Drogas (DCOD)","og_url":"https:\/\/redenoticiaz.com.br\/litoralsp\/2021\/02\/17\/belo-e-preso-pela-terceira-vez","og_site_name":"Litoral SP","article_published_time":"2021-02-17T19:42:04+00:00","article_modified_time":"2021-02-17T19:46:42+00:00","og_image":[{"width":984,"height":810,"url":"https:\/\/redenoticiaz.com.br\/litoralsp\/wp-content\/uploads\/sites\/3\/2021\/02\/13belo1.jpg","type":"image\/jpeg"}],"author":"Leonardo Francisco","twitter_card":"summary_large_image","twitter_misc":{"Escrito por":"Leonardo Francisco","Est. tempo de leitura":"2 minutos"},"schema":{"@context":"https:\/\/schema.org","@graph":[{"@type":"Article","@id":"https:\/\/redenoticiaz.com.br\/litoralsp\/2021\/02\/17\/belo-e-preso-pela-terceira-vez#article","isPartOf":{"@id":"https:\/\/redenoticiaz.com.br\/litoralsp\/2021\/02\/17\/belo-e-preso-pela-terceira-vez"},"author":{"name":"Leonardo Francisco","@id":"https:\/\/redenoticiaz.com.br\/litoralsp\/#\/schema\/person\/0f0b8a5bdafefe82841e07ae8d81ecb3"},"headline":"Belo \u00e9 preso pela terceira vez","datePublished":"2021-02-17T19:42:04+00:00","dateModified":"2021-02-17T19:46:42+00:00","mainEntityOfPage":{"@id":"https:\/\/redenoticiaz.com.br\/litoralsp\/2021\/02\/17\/belo-e-preso-pela-terceira-vez"},"wordCount":421,"commentCount":0,"publisher":{"@id":"https:\/\/redenoticiaz.com.br\/litoralsp\/#organization"},"image":{"@id":"https:\/\/redenoticiaz.com.br\/litoralsp\/2021\/02\/17\/belo-e-preso-pela-terceira-vez#primaryimage"},"thumbnailUrl":"https:\/\/redenoticiaz.com.br\/litoralsp\/wp-content\/uploads\/sites\/3\/2021\/02\/13belo1.jpg","keywords":["ANGRA DOS REIS","CANTOR BELO","COMPLEXO DA MAR\u00c9","ESCOLA MUNICIPAL PARQUE DA UNI\u00c3O","Pandemia","POL\u00cdCIA CIVIL","PRIS\u00c3O","Rio de Janeiro","SHOW"],"articleSection":["Cultura e M\u00fasica","Pol\u00edcia"],"inLanguage":"pt-BR","potentialAction":[{"@type":"CommentAction","name":"Comment","target":["https:\/\/redenoticiaz.com.br\/litoralsp\/2021\/02\/17\/belo-e-preso-pela-terceira-vez#respond"]}]},{"@type":"WebPage","@id":"https:\/\/redenoticiaz.com.br\/litoralsp\/2021\/02\/17\/belo-e-preso-pela-terceira-vez","url":"https:\/\/redenoticiaz.com.br\/litoralsp\/2021\/02\/17\/belo-e-preso-pela-terceira-vez","name":"Belo \u00e9 preso pela terceira vez - Litoral SP","isPartOf":{"@id":"https:\/\/redenoticiaz.com.br\/litoralsp\/#website"},"primaryImageOfPage":{"@id":"https:\/\/redenoticiaz.com.br\/litoralsp\/2021\/02\/17\/belo-e-preso-pela-terceira-vez#primaryimage"},"image":{"@id":"https:\/\/redenoticiaz.com.br\/litoralsp\/2021\/02\/17\/belo-e-preso-pela-terceira-vez#primaryimage"},"thumbnailUrl":"https:\/\/redenoticiaz.com.br\/litoralsp\/wp-content\/uploads\/sites\/3\/2021\/02\/13belo1.jpg","datePublished":"2021-02-17T19:42:04+00:00","dateModified":"2021-02-17T19:46:42+00:00","description":"O cantor Belo foi preso nesta quarta-feira (17), em Angra dos Reis, no Rio de Janeiro. Ele foi alvo da opera\u00e7\u00e3o da Delegacia de Combate \u00e0s Drogas (DCOD)","inLanguage":"pt-BR","potentialAction":[{"@type":"ReadAction","target":["https:\/\/redenoticiaz.com.br\/litoralsp\/2021\/02\/17\/belo-e-preso-pela-terceira-vez"]}]},{"@type":"ImageObject","inLanguage":"pt-BR","@id":"https:\/\/redenoticiaz.com.br\/litoralsp\/2021\/02\/17\/belo-e-preso-pela-terceira-vez#primaryimage","url":"https:\/\/redenoticiaz.com.br\/litoralsp\/wp-content\/uploads\/sites\/3\/2021\/02\/13belo1.jpg","contentUrl":"https:\/\/redenoticiaz.com.br\/litoralsp\/wp-content\/uploads\/sites\/3\/2021\/02\/13belo1.jpg","width":984,"height":810,"caption":"Cr\u00e9ditos: Reprodu\u00e7\u00e3o."},{"@type":"WebSite","@id":"https:\/\/redenoticiaz.com.br\/litoralsp\/#website","url":"https:\/\/redenoticiaz.com.br\/litoralsp\/","name":"Litoral SP","description":"Rede NoticiaZ","publisher":{"@id":"https:\/\/redenoticiaz.com.br\/litoralsp\/#organization"},"potentialAction":[{"@type":"SearchAction","target":{"@type":"EntryPoint","urlTemplate":"https:\/\/redenoticiaz.com.br\/litoralsp\/?s={search_term_string}"},"query-input":{"@type":"PropertyValueSpecification","valueRequired":true,"valueName":"search_term_string"}}],"inLanguage":"pt-BR"},{"@type":"Organization","@id":"https:\/\/redenoticiaz.com.br\/litoralsp\/#organization","name":"Litoral SP","url":"https:\/\/redenoticiaz.com.br\/litoralsp\/","logo":{"@type":"ImageObject","inLanguage":"pt-BR","@id":"https:\/\/redenoticiaz.com.br\/litoralsp\/#\/schema\/logo\/image\/","url":"https:\/\/redenoticiaz.com.br\/litoralsp\/wp-content\/uploads\/sites\/3\/2020\/11\/logo.jpg","contentUrl":"https:\/\/redenoticiaz.com.br\/litoralsp\/wp-content\/uploads\/sites\/3\/2020\/11\/logo.jpg","width":400,"height":250,"caption":"Litoral SP"},"image":{"@id":"https:\/\/redenoticiaz.com.br\/litoralsp\/#\/schema\/logo\/image\/"}},{"@type":"Person","@id":"https:\/\/redenoticiaz.com.br\/litoralsp\/#\/schema\/person\/0f0b8a5bdafefe82841e07ae8d81ecb3","name":"Leonardo Francisco","image":{"@type":"ImageObject","inLanguage":"pt-BR","@id":"https:\/\/secure.gravatar.com\/avatar\/a7358cb406a99b682ec6df1e77e31ae82e63601f6784e8a3df411d72b37864da?s=96&d=mm&r=g","url":"https:\/\/secure.gravatar.com\/avatar\/a7358cb406a99b682ec6df1e77e31ae82e63601f6784e8a3df411d72b37864da?s=96&d=mm&r=g","contentUrl":"https:\/\/secure.gravatar.com\/avatar\/a7358cb406a99b682ec6df1e77e31ae82e63601f6784e8a3df411d72b37864da?s=96&d=mm&r=g","caption":"Leonardo Francisco"},"url":"https:\/\/redenoticiaz.com.br\/litoralsp\/author\/leonardo-francisco"}]}},"_links":{"self":[{"href":"https:\/\/redenoticiaz.com.br\/litoralsp\/wp-json\/wp\/v2\/posts\/4290","targetHints":{"allow":["GET"]}}],"collection":[{"href":"https:\/\/redenoticiaz.com.br\/litoralsp\/wp-json\/wp\/v2\/posts"}],"about":[{"href":"https:\/\/redenoticiaz.com.br\/litoralsp\/wp-json\/wp\/v2\/types\/post"}],"author":[{"embeddable":true,"href":"https:\/\/redenoticiaz.com.br\/litoralsp\/wp-json\/wp\/v2\/users\/6"}],"replies":[{"embeddable":true,"href":"https:\/\/redenoticiaz.com.br\/litoralsp\/wp-json\/wp\/v2\/comments?post=4290"}],"version-history":[{"count":1,"href":"https:\/\/redenoticiaz.com.br\/litoralsp\/wp-json\/wp\/v2\/posts\/4290\/revisions"}],"predecessor-version":[{"id":4292,"href":"https:\/\/redenoticiaz.com.br\/litoralsp\/wp-json\/wp\/v2\/posts\/4290\/revisions\/4292"}],"wp:featuredmedia":[{"embeddable":true,"href":"https:\/\/redenoticiaz.com.br\/litoralsp\/wp-json\/wp\/v2\/media\/4291"}],"wp:attachment":[{"href":"https:\/\/redenoticiaz.com.br\/litoralsp\/wp-json\/wp\/v2\/media?parent=4290"}],"wp:term":[{"taxonomy":"category","embeddable":true,"href":"https:\/\/redenoticiaz.com.br\/litoralsp\/wp-json\/wp\/v2\/categories?post=4290"},{"taxonomy":"post_tag","embeddable":true,"href":"https:\/\/redenoticiaz.com.br\/litoralsp\/wp-json\/wp\/v2\/tags?post=4290"}],"curies":[{"name":"wp","href":"https:\/\/api.w.org\/{rel}","templated":true}]}}