{"id":4436,"date":"2021-02-20T13:28:26","date_gmt":"2021-02-20T16:28:26","guid":{"rendered":"https:\/\/redenoticiaz.com.br\/litoralsp\/2021\/02\/20\/nos-acrescimos-o-sao-paulo-da-adeus-ao-brasileirao"},"modified":"2021-02-20T13:30:23","modified_gmt":"2021-02-20T16:30:23","slug":"nos-acrescimos-o-sao-paulo-da-adeus-ao-brasileirao","status":"publish","type":"post","link":"https:\/\/redenoticiaz.com.br\/litoralsp\/2021\/02\/20\/nos-acrescimos-o-sao-paulo-da-adeus-ao-brasileirao","title":{"rendered":"Nos acr\u00e9scimos o S\u00e3o Paulo d\u00e1 adeus ao Brasileir\u00e3o"},"content":{"rendered":"<p>S\u00e3o Paulo e Palmeiras fizeram o cl\u00e1ssico adiado da 34\u00aa rodada do <a href=\"https:\/\/www.cbf.com.br\/\">Campeonato Brasileiro<\/a>. O clube do Morumbi vencia o jogo, mas nos acr\u00e9scimos sofreu o gol do empate e deu adeus a qualquer chance de ser campe\u00e3o do Brasileiro.<\/p>\n<p>Somente a vit\u00f3ria interessava ao Tricolor Paulista, por isso foi com for\u00e7a m\u00e1xima contra o Verd\u00e3o. S\u00f3 que embora o time tivesse mais posse der bola e realizasse boas chegadas na \u00e1rea, faltava capricho para amea\u00e7ar o goleiro Weverton. Tanto que a melhor chance foi com Igor Gomes, que chutou de fora da \u00e1rea, mas a bola foi por cima.<\/p>\n<p>O jogo deu uma melhorada no segundo tempo, mas ainda sem aquela empolga\u00e7\u00e3o ao torcedor. At\u00e9 que aos 25 minutos, Tor\u00f3 foi cruzar a bola que desviou na m\u00e3o de Mayke. Ap\u00f3s consulta ao \u00e1rbitro de v\u00eddeo, o p\u00eanalti foi marcado. Luciano cobrou e fez seu 17\u00ba gol no Campeonato Brasileiro e \u00e9 um dos artilheiros junto com Thiago Galhardo, do Internacional e Claudinho, do Red Bull Bragantino.<\/p>\n<p>O Palmeiras reagiu e ap\u00f3s uma s\u00e9rie de substitui\u00e7\u00f5es, passou a atacar o S\u00e3o Paulo. A insist\u00eancia deu resultado e aos 47 minutos, j\u00e1 nos acr\u00e9scimos, Rony chutou de fora da \u00e1rea, a bola desviou no meio do caminho e foi para as redes. Assim o jogo ficou no 1 a 1.<\/p>\n<h3>Como fica?<\/h3>\n<p>Com o resultado o Tricolor Paulista chegou a 63 pontos, a seis pontos do l\u00edder Internacional e a cinco do segundo colocado, Flamengo. Os paulistas j\u00e1 n\u00e3o tem mais chances de serem campe\u00f5es brasileiros. J\u00e1 o Verd\u00e3o alcan\u00e7ou 57 pontos e est\u00e1 em sexto lugar.<\/p>\n<p>Os dois times voltam a campo na pr\u00f3xima segunda-feira, em jogos da 37\u00aa rodada do Brasileir\u00e3o. O S\u00e3o Paulo enfrenta o j\u00e1 rebaixado Botafogo, \u00e0s 20h, no Nilton Santos, enquanto o Palmeiras recebe o Atl\u00e9tico-GO \u00e0s 18h, no Allianz Parque.<\/p>\n<p>Leia tamb\u00e9m<\/p>\n<p><a href=\"https:\/\/redenoticiaz.com.br\/blog\/2021\/02\/19\/perseverance-pousa-com-sucesso-em-marte\">Perseverance pousa com sucesso em Marte<\/a><\/p>\n","protected":false},"excerpt":{"rendered":"<p>S\u00e3o Paulo e Palmeiras fizeram o cl\u00e1ssico adiado da 34\u00aa rodada do Campeonato Brasileiro. O clube do Morumbi vencia o jogo, mas nos acr\u00e9scimos sofreu o gol do empate e deu adeus a qualquer chance de ser campe\u00e3o do Brasileiro. Somente a vit\u00f3ria interessava ao Tricolor Paulista, por isso foi com for\u00e7a m\u00e1xima contra o &hellip;<\/p>\n","protected":false},"author":6,"featured_media":4437,"comment_status":"open","ping_status":"closed","sticky":false,"template":"","format":"standard","meta":{"footnotes":""},"categories":[35],"tags":[3088,12648,12649,12650,8114,1416,12651,10557],"class_list":["post-4436","post","type-post","status-publish","format-standard","has-post-thumbnail","hentry","category-esporte","tag-campeonato-brasileiro","tag-classico","tag-empate","tag-luciano","tag-morumbi","tag-palmeiras","tag-rony","tag-sao-paulo-fc"],"yoast_head":"<!-- This site is optimized with the Yoast SEO plugin v27.5 - https:\/\/yoast.com\/product\/yoast-seo-wordpress\/ -->\n<title>Nos acr\u00e9scimos o S\u00e3o Paulo d\u00e1 adeus ao Brasileir\u00e3o - Litoral SP<\/title>\n<meta name=\"description\" content=\"S\u00e3o Paulo e Palmeiras fizeram o cl\u00e1ssico adiado da 34\u00aa rodada do Campeonato Brasileiro. O clube do Morumbi vencia o jogo, mas nos acr\u00e9scimos\" \/>\n<meta name=\"robots\" content=\"index, follow, max-snippet:-1, max-image-preview:large, max-video-preview:-1\" \/>\n<link rel=\"canonical\" href=\"https:\/\/redenoticiaz.com.br\/litoralsp\/2021\/02\/20\/nos-acrescimos-o-sao-paulo-da-adeus-ao-brasileirao\" \/>\n<meta property=\"og:locale\" content=\"pt_BR\" \/>\n<meta property=\"og:type\" content=\"article\" \/>\n<meta property=\"og:title\" content=\"Nos acr\u00e9scimos o S\u00e3o Paulo d\u00e1 adeus ao Brasileir\u00e3o - Litoral SP\" \/>\n<meta property=\"og:description\" content=\"S\u00e3o Paulo e Palmeiras fizeram o cl\u00e1ssico adiado da 34\u00aa rodada do Campeonato Brasileiro. O clube do Morumbi vencia o jogo, mas nos acr\u00e9scimos\" \/>\n<meta property=\"og:url\" content=\"https:\/\/redenoticiaz.com.br\/litoralsp\/2021\/02\/20\/nos-acrescimos-o-sao-paulo-da-adeus-ao-brasileirao\" \/>\n<meta property=\"og:site_name\" content=\"Litoral SP\" \/>\n<meta property=\"article:published_time\" content=\"2021-02-20T16:28:26+00:00\" \/>\n<meta property=\"article:modified_time\" content=\"2021-02-20T16:30:23+00:00\" \/>\n<meta property=\"og:image\" content=\"https:\/\/redenoticiaz.com.br\/litoralsp\/wp-content\/uploads\/sites\/3\/2021\/02\/classico.jpg\" \/>\n\t<meta property=\"og:image:width\" content=\"600\" \/>\n\t<meta property=\"og:image:height\" content=\"400\" \/>\n\t<meta property=\"og:image:type\" content=\"image\/jpeg\" \/>\n<meta name=\"author\" content=\"Leonardo Francisco\" \/>\n<meta name=\"twitter:card\" content=\"summary_large_image\" \/>\n<meta name=\"twitter:label1\" content=\"Escrito por\" \/>\n\t<meta name=\"twitter:data1\" content=\"Leonardo Francisco\" \/>\n\t<meta name=\"twitter:label2\" content=\"Est. tempo de leitura\" \/>\n\t<meta name=\"twitter:data2\" content=\"2 minutos\" \/>\n<script type=\"application\/ld+json\" class=\"yoast-schema-graph\">{\"@context\":\"https:\\\/\\\/schema.org\",\"@graph\":[{\"@type\":\"Article\",\"@id\":\"https:\\\/\\\/redenoticiaz.com.br\\\/litoralsp\\\/2021\\\/02\\\/20\\\/nos-acrescimos-o-sao-paulo-da-adeus-ao-brasileirao#article\",\"isPartOf\":{\"@id\":\"https:\\\/\\\/redenoticiaz.com.br\\\/litoralsp\\\/2021\\\/02\\\/20\\\/nos-acrescimos-o-sao-paulo-da-adeus-ao-brasileirao\"},\"author\":{\"name\":\"Leonardo Francisco\",\"@id\":\"https:\\\/\\\/redenoticiaz.com.br\\\/litoralsp\\\/#\\\/schema\\\/person\\\/0f0b8a5bdafefe82841e07ae8d81ecb3\"},\"headline\":\"Nos acr\u00e9scimos o S\u00e3o Paulo d\u00e1 adeus ao Brasileir\u00e3o\",\"datePublished\":\"2021-02-20T16:28:26+00:00\",\"dateModified\":\"2021-02-20T16:30:23+00:00\",\"mainEntityOfPage\":{\"@id\":\"https:\\\/\\\/redenoticiaz.com.br\\\/litoralsp\\\/2021\\\/02\\\/20\\\/nos-acrescimos-o-sao-paulo-da-adeus-ao-brasileirao\"},\"wordCount\":347,\"commentCount\":0,\"publisher\":{\"@id\":\"https:\\\/\\\/redenoticiaz.com.br\\\/litoralsp\\\/#organization\"},\"image\":{\"@id\":\"https:\\\/\\\/redenoticiaz.com.br\\\/litoralsp\\\/2021\\\/02\\\/20\\\/nos-acrescimos-o-sao-paulo-da-adeus-ao-brasileirao#primaryimage\"},\"thumbnailUrl\":\"https:\\\/\\\/redenoticiaz.com.br\\\/litoralsp\\\/wp-content\\\/uploads\\\/sites\\\/3\\\/2021\\\/02\\\/classico.jpg\",\"keywords\":[\"CAMPEONATO BRASILEIRO\",\"CL\u00c1SSICO\",\"EMPATE\",\"LUCIANO\",\"MORUMBI\",\"Palmeiras\",\"RONY\",\"S\u00c3O PAULO FC\"],\"articleSection\":[\"Esporte\"],\"inLanguage\":\"pt-BR\",\"potentialAction\":[{\"@type\":\"CommentAction\",\"name\":\"Comment\",\"target\":[\"https:\\\/\\\/redenoticiaz.com.br\\\/litoralsp\\\/2021\\\/02\\\/20\\\/nos-acrescimos-o-sao-paulo-da-adeus-ao-brasileirao#respond\"]}]},{\"@type\":\"WebPage\",\"@id\":\"https:\\\/\\\/redenoticiaz.com.br\\\/litoralsp\\\/2021\\\/02\\\/20\\\/nos-acrescimos-o-sao-paulo-da-adeus-ao-brasileirao\",\"url\":\"https:\\\/\\\/redenoticiaz.com.br\\\/litoralsp\\\/2021\\\/02\\\/20\\\/nos-acrescimos-o-sao-paulo-da-adeus-ao-brasileirao\",\"name\":\"Nos acr\u00e9scimos o S\u00e3o Paulo d\u00e1 adeus ao Brasileir\u00e3o - Litoral SP\",\"isPartOf\":{\"@id\":\"https:\\\/\\\/redenoticiaz.com.br\\\/litoralsp\\\/#website\"},\"primaryImageOfPage\":{\"@id\":\"https:\\\/\\\/redenoticiaz.com.br\\\/litoralsp\\\/2021\\\/02\\\/20\\\/nos-acrescimos-o-sao-paulo-da-adeus-ao-brasileirao#primaryimage\"},\"image\":{\"@id\":\"https:\\\/\\\/redenoticiaz.com.br\\\/litoralsp\\\/2021\\\/02\\\/20\\\/nos-acrescimos-o-sao-paulo-da-adeus-ao-brasileirao#primaryimage\"},\"thumbnailUrl\":\"https:\\\/\\\/redenoticiaz.com.br\\\/litoralsp\\\/wp-content\\\/uploads\\\/sites\\\/3\\\/2021\\\/02\\\/classico.jpg\",\"datePublished\":\"2021-02-20T16:28:26+00:00\",\"dateModified\":\"2021-02-20T16:30:23+00:00\",\"description\":\"S\u00e3o Paulo e Palmeiras fizeram o cl\u00e1ssico adiado da 34\u00aa rodada do Campeonato Brasileiro. O clube do Morumbi vencia o jogo, mas nos acr\u00e9scimos\",\"inLanguage\":\"pt-BR\",\"potentialAction\":[{\"@type\":\"ReadAction\",\"target\":[\"https:\\\/\\\/redenoticiaz.com.br\\\/litoralsp\\\/2021\\\/02\\\/20\\\/nos-acrescimos-o-sao-paulo-da-adeus-ao-brasileirao\"]}]},{\"@type\":\"ImageObject\",\"inLanguage\":\"pt-BR\",\"@id\":\"https:\\\/\\\/redenoticiaz.com.br\\\/litoralsp\\\/2021\\\/02\\\/20\\\/nos-acrescimos-o-sao-paulo-da-adeus-ao-brasileirao#primaryimage\",\"url\":\"https:\\\/\\\/redenoticiaz.com.br\\\/litoralsp\\\/wp-content\\\/uploads\\\/sites\\\/3\\\/2021\\\/02\\\/classico.jpg\",\"contentUrl\":\"https:\\\/\\\/redenoticiaz.com.br\\\/litoralsp\\\/wp-content\\\/uploads\\\/sites\\\/3\\\/2021\\\/02\\\/classico.jpg\",\"width\":600,\"height\":400,\"caption\":\"Nos acr\u00e9scimos o S\u00e3o Paulo d\u00e1 adeus ao Brasileir\u00e3o\"},{\"@type\":\"WebSite\",\"@id\":\"https:\\\/\\\/redenoticiaz.com.br\\\/litoralsp\\\/#website\",\"url\":\"https:\\\/\\\/redenoticiaz.com.br\\\/litoralsp\\\/\",\"name\":\"Litoral SP\",\"description\":\"Rede NoticiaZ\",\"publisher\":{\"@id\":\"https:\\\/\\\/redenoticiaz.com.br\\\/litoralsp\\\/#organization\"},\"potentialAction\":[{\"@type\":\"SearchAction\",\"target\":{\"@type\":\"EntryPoint\",\"urlTemplate\":\"https:\\\/\\\/redenoticiaz.com.br\\\/litoralsp\\\/?s={search_term_string}\"},\"query-input\":{\"@type\":\"PropertyValueSpecification\",\"valueRequired\":true,\"valueName\":\"search_term_string\"}}],\"inLanguage\":\"pt-BR\"},{\"@type\":\"Organization\",\"@id\":\"https:\\\/\\\/redenoticiaz.com.br\\\/litoralsp\\\/#organization\",\"name\":\"Litoral SP\",\"url\":\"https:\\\/\\\/redenoticiaz.com.br\\\/litoralsp\\\/\",\"logo\":{\"@type\":\"ImageObject\",\"inLanguage\":\"pt-BR\",\"@id\":\"https:\\\/\\\/redenoticiaz.com.br\\\/litoralsp\\\/#\\\/schema\\\/logo\\\/image\\\/\",\"url\":\"https:\\\/\\\/redenoticiaz.com.br\\\/litoralsp\\\/wp-content\\\/uploads\\\/sites\\\/3\\\/2020\\\/11\\\/logo.jpg\",\"contentUrl\":\"https:\\\/\\\/redenoticiaz.com.br\\\/litoralsp\\\/wp-content\\\/uploads\\\/sites\\\/3\\\/2020\\\/11\\\/logo.jpg\",\"width\":400,\"height\":250,\"caption\":\"Litoral SP\"},\"image\":{\"@id\":\"https:\\\/\\\/redenoticiaz.com.br\\\/litoralsp\\\/#\\\/schema\\\/logo\\\/image\\\/\"}},{\"@type\":\"Person\",\"@id\":\"https:\\\/\\\/redenoticiaz.com.br\\\/litoralsp\\\/#\\\/schema\\\/person\\\/0f0b8a5bdafefe82841e07ae8d81ecb3\",\"name\":\"Leonardo Francisco\",\"image\":{\"@type\":\"ImageObject\",\"inLanguage\":\"pt-BR\",\"@id\":\"https:\\\/\\\/secure.gravatar.com\\\/avatar\\\/a7358cb406a99b682ec6df1e77e31ae82e63601f6784e8a3df411d72b37864da?s=96&d=mm&r=g\",\"url\":\"https:\\\/\\\/secure.gravatar.com\\\/avatar\\\/a7358cb406a99b682ec6df1e77e31ae82e63601f6784e8a3df411d72b37864da?s=96&d=mm&r=g\",\"contentUrl\":\"https:\\\/\\\/secure.gravatar.com\\\/avatar\\\/a7358cb406a99b682ec6df1e77e31ae82e63601f6784e8a3df411d72b37864da?s=96&d=mm&r=g\",\"caption\":\"Leonardo Francisco\"},\"url\":\"https:\\\/\\\/redenoticiaz.com.br\\\/litoralsp\\\/author\\\/leonardo-francisco\"}]}<\/script>\n<!-- \/ Yoast SEO plugin. -->","yoast_head_json":{"title":"Nos acr\u00e9scimos o S\u00e3o Paulo d\u00e1 adeus ao Brasileir\u00e3o - Litoral SP","description":"S\u00e3o Paulo e Palmeiras fizeram o cl\u00e1ssico adiado da 34\u00aa rodada do Campeonato Brasileiro. O clube do Morumbi vencia o jogo, mas nos acr\u00e9scimos","robots":{"index":"index","follow":"follow","max-snippet":"max-snippet:-1","max-image-preview":"max-image-preview:large","max-video-preview":"max-video-preview:-1"},"canonical":"https:\/\/redenoticiaz.com.br\/litoralsp\/2021\/02\/20\/nos-acrescimos-o-sao-paulo-da-adeus-ao-brasileirao","og_locale":"pt_BR","og_type":"article","og_title":"Nos acr\u00e9scimos o S\u00e3o Paulo d\u00e1 adeus ao Brasileir\u00e3o - Litoral SP","og_description":"S\u00e3o Paulo e Palmeiras fizeram o cl\u00e1ssico adiado da 34\u00aa rodada do Campeonato Brasileiro. O clube do Morumbi vencia o jogo, mas nos acr\u00e9scimos","og_url":"https:\/\/redenoticiaz.com.br\/litoralsp\/2021\/02\/20\/nos-acrescimos-o-sao-paulo-da-adeus-ao-brasileirao","og_site_name":"Litoral SP","article_published_time":"2021-02-20T16:28:26+00:00","article_modified_time":"2021-02-20T16:30:23+00:00","og_image":[{"width":600,"height":400,"url":"https:\/\/redenoticiaz.com.br\/litoralsp\/wp-content\/uploads\/sites\/3\/2021\/02\/classico.jpg","type":"image\/jpeg"}],"author":"Leonardo Francisco","twitter_card":"summary_large_image","twitter_misc":{"Escrito por":"Leonardo Francisco","Est. tempo de leitura":"2 minutos"},"schema":{"@context":"https:\/\/schema.org","@graph":[{"@type":"Article","@id":"https:\/\/redenoticiaz.com.br\/litoralsp\/2021\/02\/20\/nos-acrescimos-o-sao-paulo-da-adeus-ao-brasileirao#article","isPartOf":{"@id":"https:\/\/redenoticiaz.com.br\/litoralsp\/2021\/02\/20\/nos-acrescimos-o-sao-paulo-da-adeus-ao-brasileirao"},"author":{"name":"Leonardo Francisco","@id":"https:\/\/redenoticiaz.com.br\/litoralsp\/#\/schema\/person\/0f0b8a5bdafefe82841e07ae8d81ecb3"},"headline":"Nos acr\u00e9scimos o S\u00e3o Paulo d\u00e1 adeus ao Brasileir\u00e3o","datePublished":"2021-02-20T16:28:26+00:00","dateModified":"2021-02-20T16:30:23+00:00","mainEntityOfPage":{"@id":"https:\/\/redenoticiaz.com.br\/litoralsp\/2021\/02\/20\/nos-acrescimos-o-sao-paulo-da-adeus-ao-brasileirao"},"wordCount":347,"commentCount":0,"publisher":{"@id":"https:\/\/redenoticiaz.com.br\/litoralsp\/#organization"},"image":{"@id":"https:\/\/redenoticiaz.com.br\/litoralsp\/2021\/02\/20\/nos-acrescimos-o-sao-paulo-da-adeus-ao-brasileirao#primaryimage"},"thumbnailUrl":"https:\/\/redenoticiaz.com.br\/litoralsp\/wp-content\/uploads\/sites\/3\/2021\/02\/classico.jpg","keywords":["CAMPEONATO BRASILEIRO","CL\u00c1SSICO","EMPATE","LUCIANO","MORUMBI","Palmeiras","RONY","S\u00c3O PAULO FC"],"articleSection":["Esporte"],"inLanguage":"pt-BR","potentialAction":[{"@type":"CommentAction","name":"Comment","target":["https:\/\/redenoticiaz.com.br\/litoralsp\/2021\/02\/20\/nos-acrescimos-o-sao-paulo-da-adeus-ao-brasileirao#respond"]}]},{"@type":"WebPage","@id":"https:\/\/redenoticiaz.com.br\/litoralsp\/2021\/02\/20\/nos-acrescimos-o-sao-paulo-da-adeus-ao-brasileirao","url":"https:\/\/redenoticiaz.com.br\/litoralsp\/2021\/02\/20\/nos-acrescimos-o-sao-paulo-da-adeus-ao-brasileirao","name":"Nos acr\u00e9scimos o S\u00e3o Paulo d\u00e1 adeus ao Brasileir\u00e3o - Litoral SP","isPartOf":{"@id":"https:\/\/redenoticiaz.com.br\/litoralsp\/#website"},"primaryImageOfPage":{"@id":"https:\/\/redenoticiaz.com.br\/litoralsp\/2021\/02\/20\/nos-acrescimos-o-sao-paulo-da-adeus-ao-brasileirao#primaryimage"},"image":{"@id":"https:\/\/redenoticiaz.com.br\/litoralsp\/2021\/02\/20\/nos-acrescimos-o-sao-paulo-da-adeus-ao-brasileirao#primaryimage"},"thumbnailUrl":"https:\/\/redenoticiaz.com.br\/litoralsp\/wp-content\/uploads\/sites\/3\/2021\/02\/classico.jpg","datePublished":"2021-02-20T16:28:26+00:00","dateModified":"2021-02-20T16:30:23+00:00","description":"S\u00e3o Paulo e Palmeiras fizeram o cl\u00e1ssico adiado da 34\u00aa rodada do Campeonato Brasileiro. O clube do Morumbi vencia o jogo, mas nos acr\u00e9scimos","inLanguage":"pt-BR","potentialAction":[{"@type":"ReadAction","target":["https:\/\/redenoticiaz.com.br\/litoralsp\/2021\/02\/20\/nos-acrescimos-o-sao-paulo-da-adeus-ao-brasileirao"]}]},{"@type":"ImageObject","inLanguage":"pt-BR","@id":"https:\/\/redenoticiaz.com.br\/litoralsp\/2021\/02\/20\/nos-acrescimos-o-sao-paulo-da-adeus-ao-brasileirao#primaryimage","url":"https:\/\/redenoticiaz.com.br\/litoralsp\/wp-content\/uploads\/sites\/3\/2021\/02\/classico.jpg","contentUrl":"https:\/\/redenoticiaz.com.br\/litoralsp\/wp-content\/uploads\/sites\/3\/2021\/02\/classico.jpg","width":600,"height":400,"caption":"Nos acr\u00e9scimos o S\u00e3o Paulo d\u00e1 adeus ao Brasileir\u00e3o"},{"@type":"WebSite","@id":"https:\/\/redenoticiaz.com.br\/litoralsp\/#website","url":"https:\/\/redenoticiaz.com.br\/litoralsp\/","name":"Litoral SP","description":"Rede NoticiaZ","publisher":{"@id":"https:\/\/redenoticiaz.com.br\/litoralsp\/#organization"},"potentialAction":[{"@type":"SearchAction","target":{"@type":"EntryPoint","urlTemplate":"https:\/\/redenoticiaz.com.br\/litoralsp\/?s={search_term_string}"},"query-input":{"@type":"PropertyValueSpecification","valueRequired":true,"valueName":"search_term_string"}}],"inLanguage":"pt-BR"},{"@type":"Organization","@id":"https:\/\/redenoticiaz.com.br\/litoralsp\/#organization","name":"Litoral SP","url":"https:\/\/redenoticiaz.com.br\/litoralsp\/","logo":{"@type":"ImageObject","inLanguage":"pt-BR","@id":"https:\/\/redenoticiaz.com.br\/litoralsp\/#\/schema\/logo\/image\/","url":"https:\/\/redenoticiaz.com.br\/litoralsp\/wp-content\/uploads\/sites\/3\/2020\/11\/logo.jpg","contentUrl":"https:\/\/redenoticiaz.com.br\/litoralsp\/wp-content\/uploads\/sites\/3\/2020\/11\/logo.jpg","width":400,"height":250,"caption":"Litoral SP"},"image":{"@id":"https:\/\/redenoticiaz.com.br\/litoralsp\/#\/schema\/logo\/image\/"}},{"@type":"Person","@id":"https:\/\/redenoticiaz.com.br\/litoralsp\/#\/schema\/person\/0f0b8a5bdafefe82841e07ae8d81ecb3","name":"Leonardo Francisco","image":{"@type":"ImageObject","inLanguage":"pt-BR","@id":"https:\/\/secure.gravatar.com\/avatar\/a7358cb406a99b682ec6df1e77e31ae82e63601f6784e8a3df411d72b37864da?s=96&d=mm&r=g","url":"https:\/\/secure.gravatar.com\/avatar\/a7358cb406a99b682ec6df1e77e31ae82e63601f6784e8a3df411d72b37864da?s=96&d=mm&r=g","contentUrl":"https:\/\/secure.gravatar.com\/avatar\/a7358cb406a99b682ec6df1e77e31ae82e63601f6784e8a3df411d72b37864da?s=96&d=mm&r=g","caption":"Leonardo Francisco"},"url":"https:\/\/redenoticiaz.com.br\/litoralsp\/author\/leonardo-francisco"}]}},"_links":{"self":[{"href":"https:\/\/redenoticiaz.com.br\/litoralsp\/wp-json\/wp\/v2\/posts\/4436","targetHints":{"allow":["GET"]}}],"collection":[{"href":"https:\/\/redenoticiaz.com.br\/litoralsp\/wp-json\/wp\/v2\/posts"}],"about":[{"href":"https:\/\/redenoticiaz.com.br\/litoralsp\/wp-json\/wp\/v2\/types\/post"}],"author":[{"embeddable":true,"href":"https:\/\/redenoticiaz.com.br\/litoralsp\/wp-json\/wp\/v2\/users\/6"}],"replies":[{"embeddable":true,"href":"https:\/\/redenoticiaz.com.br\/litoralsp\/wp-json\/wp\/v2\/comments?post=4436"}],"version-history":[{"count":1,"href":"https:\/\/redenoticiaz.com.br\/litoralsp\/wp-json\/wp\/v2\/posts\/4436\/revisions"}],"predecessor-version":[{"id":4438,"href":"https:\/\/redenoticiaz.com.br\/litoralsp\/wp-json\/wp\/v2\/posts\/4436\/revisions\/4438"}],"wp:featuredmedia":[{"embeddable":true,"href":"https:\/\/redenoticiaz.com.br\/litoralsp\/wp-json\/wp\/v2\/media\/4437"}],"wp:attachment":[{"href":"https:\/\/redenoticiaz.com.br\/litoralsp\/wp-json\/wp\/v2\/media?parent=4436"}],"wp:term":[{"taxonomy":"category","embeddable":true,"href":"https:\/\/redenoticiaz.com.br\/litoralsp\/wp-json\/wp\/v2\/categories?post=4436"},{"taxonomy":"post_tag","embeddable":true,"href":"https:\/\/redenoticiaz.com.br\/litoralsp\/wp-json\/wp\/v2\/tags?post=4436"}],"curies":[{"name":"wp","href":"https:\/\/api.w.org\/{rel}","templated":true}]}}