{"id":4450,"date":"2021-02-20T15:54:07","date_gmt":"2021-02-20T18:54:07","guid":{"rendered":"https:\/\/redenoticiaz.com.br\/litoralsp\/2021\/02\/20\/compra-de-vacinas-contra-a-covid-19-nao-precisa-de-licitacao"},"modified":"2021-02-20T15:56:44","modified_gmt":"2021-02-20T18:56:44","slug":"compra-de-vacinas-contra-a-covid-19-nao-precisa-de-licitacao","status":"publish","type":"post","link":"https:\/\/redenoticiaz.com.br\/litoralsp\/2021\/02\/20\/compra-de-vacinas-contra-a-covid-19-nao-precisa-de-licitacao","title":{"rendered":"Compra de vacinas contra a COVID-19 n\u00e3o precisa de licita\u00e7\u00e3o"},"content":{"rendered":"<p>O <a href=\"https:\/\/www.gov.br\/saude\/pt-br\">Minist\u00e9rio da Sa\u00fade<\/a> dispensou a licita\u00e7\u00e3o para a compra das vacinas contra a COVID-19. S\u00e3o elas: a indiana Covaxin e a russa Sputnik V. Com isso a tend\u00eancia \u00e9 de agilizar a aquisi\u00e7\u00e3o das doses dos imunizantes e acelerar a vacina\u00e7\u00e3o aos brasileiros.<\/p>\n<p>Com a publica\u00e7\u00e3o feita no Di\u00e1rio Oficial da Uni\u00e3o, o gasto previsto para a compra \u00e9 de R$ 2,3 bilh\u00f5es dos dois imunizantes, Mas tanto a Covaxin, como a Sputnik V ainda n\u00e3o tiveram autoriza\u00e7\u00e3o da Ag\u00eancia Nacional de Vigil\u00e2ncia Sanit\u00e1ria (Anvisa), para serem utilizadas no Brasil. Por isso \u00e9 necess\u00e1rio que elas sejam autorizadas pelo \u00f3rg\u00e3o para serem usadas, mesmo que o Governo Federal as compre.<\/p>\n<div class=\"mc-column content-text active-extra-styles \" data-block-type=\"unstyled\" data-block-weight=\"42\" data-block-id=\"7\">\n<p class=\"content-text__container \" data-track-category=\"Link no Texto\" data-track-links=\"\">No in\u00edcio de fevereiro, o\u00a0Minist\u00e9rio da Sa\u00fade havia anunciado negocia\u00e7\u00e3o\u00a0com os representantes do instituto russo Gamaleya, fabricante da Sputnik V, e do laborat\u00f3rio indiano Bharat Biotech, fornecedor da Covaxin, para a compra de mais 30 milh\u00f5es de doses das vacinas.<\/p>\n<\/div>\n<div class=\"mc-column content-text active-extra-styles \" data-block-type=\"unstyled\" data-block-weight=\"41\" data-block-id=\"9\">\n<p class=\"content-text__container \" data-track-category=\"Link no Texto\" data-track-links=\"\">J\u00e1 na quarta-feira (17), o ministro da Sa\u00fade, Eduardo Pazuello, afirmou, em reuni\u00e3o com governadores, que\u00a0230 milh\u00f5es de doses de vacinas ser\u00e3o entregues at\u00e9 31 de julho.\u00a0<span class=\"highlight highlighted\">Essa conta de Pazuello considera a negocia\u00e7\u00e3o das vacinas Sputnik V e Covaxin. S\u00f3 que at\u00e9 o momento nenhuma previs\u00e3o de quando isso ir\u00e1 acontecer.<\/span><\/p>\n<p data-track-category=\"Link no Texto\" data-track-links=\"\">Leia tamb\u00e9m<\/p>\n<p data-track-category=\"Link no Texto\" data-track-links=\"\"><a href=\"https:\/\/redenoticiaz.com.br\/blog\/2021\/02\/19\/jj-pede-que-oms-inclua-vacina-contra-covid-19-em-lista-emergencial\">J&amp;J pede que OMS inclua vacina contra covid-19 em lista emergencial<\/a><\/p>\n<\/div>\n","protected":false},"excerpt":{"rendered":"<p>O Minist\u00e9rio da Sa\u00fade dispensou a licita\u00e7\u00e3o para a compra das vacinas contra a COVID-19. S\u00e3o elas: a indiana Covaxin e a russa Sputnik V. Com isso a tend\u00eancia \u00e9 de agilizar a aquisi\u00e7\u00e3o das doses dos imunizantes e acelerar a vacina\u00e7\u00e3o aos brasileiros. Com a publica\u00e7\u00e3o feita no Di\u00e1rio Oficial da Uni\u00e3o, o gasto &hellip;<\/p>\n","protected":false},"author":6,"featured_media":3694,"comment_status":"open","ping_status":"closed","sticky":false,"template":"","format":"standard","meta":{"footnotes":""},"categories":[23],"tags":[24,5816,11017,36,2064,1810,4107,1811],"class_list":["post-4450","post","type-post","status-publish","format-standard","has-post-thumbnail","hentry","category-saude","tag-anvisa","tag-compras","tag-covaxin","tag-covid-19","tag-licitacao","tag-ministerio-da-saude","tag-sputnik-v","tag-vacinas"],"yoast_head":"<!-- This site is optimized with the Yoast SEO plugin v27.4 - https:\/\/yoast.com\/product\/yoast-seo-wordpress\/ -->\n<title>Compra de vacinas contra a COVID-19 n\u00e3o precisa de licita\u00e7\u00e3o - Litoral SP<\/title>\n<meta name=\"description\" content=\"O Minist\u00e9rio da Sa\u00fade dispensou a licita\u00e7\u00e3o para a compra das vacinas contra a COVID-19. S\u00e3o elas: a indiana Covaxin e a russa Sputnik V\" \/>\n<meta name=\"robots\" content=\"index, follow, max-snippet:-1, max-image-preview:large, max-video-preview:-1\" \/>\n<link rel=\"canonical\" href=\"https:\/\/redenoticiaz.com.br\/litoralsp\/2021\/02\/20\/compra-de-vacinas-contra-a-covid-19-nao-precisa-de-licitacao\" \/>\n<meta property=\"og:locale\" content=\"pt_BR\" \/>\n<meta property=\"og:type\" content=\"article\" \/>\n<meta property=\"og:title\" content=\"Compra de vacinas contra a COVID-19 n\u00e3o precisa de licita\u00e7\u00e3o - Litoral SP\" \/>\n<meta property=\"og:description\" content=\"O Minist\u00e9rio da Sa\u00fade dispensou a licita\u00e7\u00e3o para a compra das vacinas contra a COVID-19. S\u00e3o elas: a indiana Covaxin e a russa Sputnik V\" \/>\n<meta property=\"og:url\" content=\"https:\/\/redenoticiaz.com.br\/litoralsp\/2021\/02\/20\/compra-de-vacinas-contra-a-covid-19-nao-precisa-de-licitacao\" \/>\n<meta property=\"og:site_name\" content=\"Litoral SP\" \/>\n<meta property=\"article:published_time\" content=\"2021-02-20T18:54:07+00:00\" \/>\n<meta property=\"article:modified_time\" content=\"2021-02-20T18:56:44+00:00\" \/>\n<meta property=\"og:image\" content=\"https:\/\/redenoticiaz.com.br\/litoralsp\/wp-content\/uploads\/sites\/3\/2021\/02\/covaxin.jpg\" \/>\n\t<meta property=\"og:image:width\" content=\"715\" \/>\n\t<meta property=\"og:image:height\" content=\"468\" \/>\n\t<meta property=\"og:image:type\" content=\"image\/jpeg\" \/>\n<meta name=\"author\" content=\"Leonardo Francisco\" \/>\n<meta name=\"twitter:card\" content=\"summary_large_image\" \/>\n<meta name=\"twitter:label1\" content=\"Escrito por\" \/>\n\t<meta name=\"twitter:data1\" content=\"Leonardo Francisco\" \/>\n\t<meta name=\"twitter:label2\" content=\"Est. tempo de leitura\" \/>\n\t<meta name=\"twitter:data2\" content=\"1 minuto\" \/>\n<script type=\"application\/ld+json\" class=\"yoast-schema-graph\">{\"@context\":\"https:\\\/\\\/schema.org\",\"@graph\":[{\"@type\":\"Article\",\"@id\":\"https:\\\/\\\/redenoticiaz.com.br\\\/litoralsp\\\/2021\\\/02\\\/20\\\/compra-de-vacinas-contra-a-covid-19-nao-precisa-de-licitacao#article\",\"isPartOf\":{\"@id\":\"https:\\\/\\\/redenoticiaz.com.br\\\/litoralsp\\\/2021\\\/02\\\/20\\\/compra-de-vacinas-contra-a-covid-19-nao-precisa-de-licitacao\"},\"author\":{\"name\":\"Leonardo Francisco\",\"@id\":\"https:\\\/\\\/redenoticiaz.com.br\\\/litoralsp\\\/#\\\/schema\\\/person\\\/0f0b8a5bdafefe82841e07ae8d81ecb3\"},\"headline\":\"Compra de vacinas contra a COVID-19 n\u00e3o precisa de licita\u00e7\u00e3o\",\"datePublished\":\"2021-02-20T18:54:07+00:00\",\"dateModified\":\"2021-02-20T18:56:44+00:00\",\"mainEntityOfPage\":{\"@id\":\"https:\\\/\\\/redenoticiaz.com.br\\\/litoralsp\\\/2021\\\/02\\\/20\\\/compra-de-vacinas-contra-a-covid-19-nao-precisa-de-licitacao\"},\"wordCount\":256,\"commentCount\":0,\"publisher\":{\"@id\":\"https:\\\/\\\/redenoticiaz.com.br\\\/litoralsp\\\/#organization\"},\"image\":{\"@id\":\"https:\\\/\\\/redenoticiaz.com.br\\\/litoralsp\\\/2021\\\/02\\\/20\\\/compra-de-vacinas-contra-a-covid-19-nao-precisa-de-licitacao#primaryimage\"},\"thumbnailUrl\":\"https:\\\/\\\/redenoticiaz.com.br\\\/litoralsp\\\/wp-content\\\/uploads\\\/sites\\\/3\\\/2021\\\/02\\\/covaxin.jpg\",\"keywords\":[\"Anvisa\",\"COMPRAS\",\"COVAXIN\",\"Covid-19\",\"LICITA\u00c7\u00c3O\",\"Minist\u00e9rio da Sa\u00fade\",\"SPUTNIK V\",\"vacinas\"],\"articleSection\":[\"Sa\u00fade\"],\"inLanguage\":\"pt-BR\",\"potentialAction\":[{\"@type\":\"CommentAction\",\"name\":\"Comment\",\"target\":[\"https:\\\/\\\/redenoticiaz.com.br\\\/litoralsp\\\/2021\\\/02\\\/20\\\/compra-de-vacinas-contra-a-covid-19-nao-precisa-de-licitacao#respond\"]}]},{\"@type\":\"WebPage\",\"@id\":\"https:\\\/\\\/redenoticiaz.com.br\\\/litoralsp\\\/2021\\\/02\\\/20\\\/compra-de-vacinas-contra-a-covid-19-nao-precisa-de-licitacao\",\"url\":\"https:\\\/\\\/redenoticiaz.com.br\\\/litoralsp\\\/2021\\\/02\\\/20\\\/compra-de-vacinas-contra-a-covid-19-nao-precisa-de-licitacao\",\"name\":\"Compra de vacinas contra a COVID-19 n\u00e3o precisa de licita\u00e7\u00e3o - Litoral SP\",\"isPartOf\":{\"@id\":\"https:\\\/\\\/redenoticiaz.com.br\\\/litoralsp\\\/#website\"},\"primaryImageOfPage\":{\"@id\":\"https:\\\/\\\/redenoticiaz.com.br\\\/litoralsp\\\/2021\\\/02\\\/20\\\/compra-de-vacinas-contra-a-covid-19-nao-precisa-de-licitacao#primaryimage\"},\"image\":{\"@id\":\"https:\\\/\\\/redenoticiaz.com.br\\\/litoralsp\\\/2021\\\/02\\\/20\\\/compra-de-vacinas-contra-a-covid-19-nao-precisa-de-licitacao#primaryimage\"},\"thumbnailUrl\":\"https:\\\/\\\/redenoticiaz.com.br\\\/litoralsp\\\/wp-content\\\/uploads\\\/sites\\\/3\\\/2021\\\/02\\\/covaxin.jpg\",\"datePublished\":\"2021-02-20T18:54:07+00:00\",\"dateModified\":\"2021-02-20T18:56:44+00:00\",\"description\":\"O Minist\u00e9rio da Sa\u00fade dispensou a licita\u00e7\u00e3o para a compra das vacinas contra a COVID-19. S\u00e3o elas: a indiana Covaxin e a russa Sputnik V\",\"inLanguage\":\"pt-BR\",\"potentialAction\":[{\"@type\":\"ReadAction\",\"target\":[\"https:\\\/\\\/redenoticiaz.com.br\\\/litoralsp\\\/2021\\\/02\\\/20\\\/compra-de-vacinas-contra-a-covid-19-nao-precisa-de-licitacao\"]}]},{\"@type\":\"ImageObject\",\"inLanguage\":\"pt-BR\",\"@id\":\"https:\\\/\\\/redenoticiaz.com.br\\\/litoralsp\\\/2021\\\/02\\\/20\\\/compra-de-vacinas-contra-a-covid-19-nao-precisa-de-licitacao#primaryimage\",\"url\":\"https:\\\/\\\/redenoticiaz.com.br\\\/litoralsp\\\/wp-content\\\/uploads\\\/sites\\\/3\\\/2021\\\/02\\\/covaxin.jpg\",\"contentUrl\":\"https:\\\/\\\/redenoticiaz.com.br\\\/litoralsp\\\/wp-content\\\/uploads\\\/sites\\\/3\\\/2021\\\/02\\\/covaxin.jpg\",\"width\":715,\"height\":468,\"caption\":\"A Ag\u00eancia Nacional de Vigil\u00e2ncia Sanit\u00e1ria (Anvisa) aprovou testes em humanos no Brasil da vacina contra a covid-19 Covaxin, produzida na \u00cdndia\"},{\"@type\":\"WebSite\",\"@id\":\"https:\\\/\\\/redenoticiaz.com.br\\\/litoralsp\\\/#website\",\"url\":\"https:\\\/\\\/redenoticiaz.com.br\\\/litoralsp\\\/\",\"name\":\"Litoral SP\",\"description\":\"Rede NoticiaZ\",\"publisher\":{\"@id\":\"https:\\\/\\\/redenoticiaz.com.br\\\/litoralsp\\\/#organization\"},\"potentialAction\":[{\"@type\":\"SearchAction\",\"target\":{\"@type\":\"EntryPoint\",\"urlTemplate\":\"https:\\\/\\\/redenoticiaz.com.br\\\/litoralsp\\\/?s={search_term_string}\"},\"query-input\":{\"@type\":\"PropertyValueSpecification\",\"valueRequired\":true,\"valueName\":\"search_term_string\"}}],\"inLanguage\":\"pt-BR\"},{\"@type\":\"Organization\",\"@id\":\"https:\\\/\\\/redenoticiaz.com.br\\\/litoralsp\\\/#organization\",\"name\":\"Litoral SP\",\"url\":\"https:\\\/\\\/redenoticiaz.com.br\\\/litoralsp\\\/\",\"logo\":{\"@type\":\"ImageObject\",\"inLanguage\":\"pt-BR\",\"@id\":\"https:\\\/\\\/redenoticiaz.com.br\\\/litoralsp\\\/#\\\/schema\\\/logo\\\/image\\\/\",\"url\":\"https:\\\/\\\/redenoticiaz.com.br\\\/litoralsp\\\/wp-content\\\/uploads\\\/sites\\\/3\\\/2020\\\/11\\\/logo.jpg\",\"contentUrl\":\"https:\\\/\\\/redenoticiaz.com.br\\\/litoralsp\\\/wp-content\\\/uploads\\\/sites\\\/3\\\/2020\\\/11\\\/logo.jpg\",\"width\":400,\"height\":250,\"caption\":\"Litoral SP\"},\"image\":{\"@id\":\"https:\\\/\\\/redenoticiaz.com.br\\\/litoralsp\\\/#\\\/schema\\\/logo\\\/image\\\/\"}},{\"@type\":\"Person\",\"@id\":\"https:\\\/\\\/redenoticiaz.com.br\\\/litoralsp\\\/#\\\/schema\\\/person\\\/0f0b8a5bdafefe82841e07ae8d81ecb3\",\"name\":\"Leonardo Francisco\",\"image\":{\"@type\":\"ImageObject\",\"inLanguage\":\"pt-BR\",\"@id\":\"https:\\\/\\\/secure.gravatar.com\\\/avatar\\\/a7358cb406a99b682ec6df1e77e31ae82e63601f6784e8a3df411d72b37864da?s=96&d=mm&r=g\",\"url\":\"https:\\\/\\\/secure.gravatar.com\\\/avatar\\\/a7358cb406a99b682ec6df1e77e31ae82e63601f6784e8a3df411d72b37864da?s=96&d=mm&r=g\",\"contentUrl\":\"https:\\\/\\\/secure.gravatar.com\\\/avatar\\\/a7358cb406a99b682ec6df1e77e31ae82e63601f6784e8a3df411d72b37864da?s=96&d=mm&r=g\",\"caption\":\"Leonardo Francisco\"},\"url\":\"https:\\\/\\\/redenoticiaz.com.br\\\/litoralsp\\\/author\\\/leonardo-francisco\"}]}<\/script>\n<!-- \/ Yoast SEO plugin. -->","yoast_head_json":{"title":"Compra de vacinas contra a COVID-19 n\u00e3o precisa de licita\u00e7\u00e3o - Litoral SP","description":"O Minist\u00e9rio da Sa\u00fade dispensou a licita\u00e7\u00e3o para a compra das vacinas contra a COVID-19. S\u00e3o elas: a indiana Covaxin e a russa Sputnik V","robots":{"index":"index","follow":"follow","max-snippet":"max-snippet:-1","max-image-preview":"max-image-preview:large","max-video-preview":"max-video-preview:-1"},"canonical":"https:\/\/redenoticiaz.com.br\/litoralsp\/2021\/02\/20\/compra-de-vacinas-contra-a-covid-19-nao-precisa-de-licitacao","og_locale":"pt_BR","og_type":"article","og_title":"Compra de vacinas contra a COVID-19 n\u00e3o precisa de licita\u00e7\u00e3o - Litoral SP","og_description":"O Minist\u00e9rio da Sa\u00fade dispensou a licita\u00e7\u00e3o para a compra das vacinas contra a COVID-19. S\u00e3o elas: a indiana Covaxin e a russa Sputnik V","og_url":"https:\/\/redenoticiaz.com.br\/litoralsp\/2021\/02\/20\/compra-de-vacinas-contra-a-covid-19-nao-precisa-de-licitacao","og_site_name":"Litoral SP","article_published_time":"2021-02-20T18:54:07+00:00","article_modified_time":"2021-02-20T18:56:44+00:00","og_image":[{"width":715,"height":468,"url":"https:\/\/redenoticiaz.com.br\/litoralsp\/wp-content\/uploads\/sites\/3\/2021\/02\/covaxin.jpg","type":"image\/jpeg"}],"author":"Leonardo Francisco","twitter_card":"summary_large_image","twitter_misc":{"Escrito por":"Leonardo Francisco","Est. tempo de leitura":"1 minuto"},"schema":{"@context":"https:\/\/schema.org","@graph":[{"@type":"Article","@id":"https:\/\/redenoticiaz.com.br\/litoralsp\/2021\/02\/20\/compra-de-vacinas-contra-a-covid-19-nao-precisa-de-licitacao#article","isPartOf":{"@id":"https:\/\/redenoticiaz.com.br\/litoralsp\/2021\/02\/20\/compra-de-vacinas-contra-a-covid-19-nao-precisa-de-licitacao"},"author":{"name":"Leonardo Francisco","@id":"https:\/\/redenoticiaz.com.br\/litoralsp\/#\/schema\/person\/0f0b8a5bdafefe82841e07ae8d81ecb3"},"headline":"Compra de vacinas contra a COVID-19 n\u00e3o precisa de licita\u00e7\u00e3o","datePublished":"2021-02-20T18:54:07+00:00","dateModified":"2021-02-20T18:56:44+00:00","mainEntityOfPage":{"@id":"https:\/\/redenoticiaz.com.br\/litoralsp\/2021\/02\/20\/compra-de-vacinas-contra-a-covid-19-nao-precisa-de-licitacao"},"wordCount":256,"commentCount":0,"publisher":{"@id":"https:\/\/redenoticiaz.com.br\/litoralsp\/#organization"},"image":{"@id":"https:\/\/redenoticiaz.com.br\/litoralsp\/2021\/02\/20\/compra-de-vacinas-contra-a-covid-19-nao-precisa-de-licitacao#primaryimage"},"thumbnailUrl":"https:\/\/redenoticiaz.com.br\/litoralsp\/wp-content\/uploads\/sites\/3\/2021\/02\/covaxin.jpg","keywords":["Anvisa","COMPRAS","COVAXIN","Covid-19","LICITA\u00c7\u00c3O","Minist\u00e9rio da Sa\u00fade","SPUTNIK V","vacinas"],"articleSection":["Sa\u00fade"],"inLanguage":"pt-BR","potentialAction":[{"@type":"CommentAction","name":"Comment","target":["https:\/\/redenoticiaz.com.br\/litoralsp\/2021\/02\/20\/compra-de-vacinas-contra-a-covid-19-nao-precisa-de-licitacao#respond"]}]},{"@type":"WebPage","@id":"https:\/\/redenoticiaz.com.br\/litoralsp\/2021\/02\/20\/compra-de-vacinas-contra-a-covid-19-nao-precisa-de-licitacao","url":"https:\/\/redenoticiaz.com.br\/litoralsp\/2021\/02\/20\/compra-de-vacinas-contra-a-covid-19-nao-precisa-de-licitacao","name":"Compra de vacinas contra a COVID-19 n\u00e3o precisa de licita\u00e7\u00e3o - Litoral SP","isPartOf":{"@id":"https:\/\/redenoticiaz.com.br\/litoralsp\/#website"},"primaryImageOfPage":{"@id":"https:\/\/redenoticiaz.com.br\/litoralsp\/2021\/02\/20\/compra-de-vacinas-contra-a-covid-19-nao-precisa-de-licitacao#primaryimage"},"image":{"@id":"https:\/\/redenoticiaz.com.br\/litoralsp\/2021\/02\/20\/compra-de-vacinas-contra-a-covid-19-nao-precisa-de-licitacao#primaryimage"},"thumbnailUrl":"https:\/\/redenoticiaz.com.br\/litoralsp\/wp-content\/uploads\/sites\/3\/2021\/02\/covaxin.jpg","datePublished":"2021-02-20T18:54:07+00:00","dateModified":"2021-02-20T18:56:44+00:00","description":"O Minist\u00e9rio da Sa\u00fade dispensou a licita\u00e7\u00e3o para a compra das vacinas contra a COVID-19. S\u00e3o elas: a indiana Covaxin e a russa Sputnik V","inLanguage":"pt-BR","potentialAction":[{"@type":"ReadAction","target":["https:\/\/redenoticiaz.com.br\/litoralsp\/2021\/02\/20\/compra-de-vacinas-contra-a-covid-19-nao-precisa-de-licitacao"]}]},{"@type":"ImageObject","inLanguage":"pt-BR","@id":"https:\/\/redenoticiaz.com.br\/litoralsp\/2021\/02\/20\/compra-de-vacinas-contra-a-covid-19-nao-precisa-de-licitacao#primaryimage","url":"https:\/\/redenoticiaz.com.br\/litoralsp\/wp-content\/uploads\/sites\/3\/2021\/02\/covaxin.jpg","contentUrl":"https:\/\/redenoticiaz.com.br\/litoralsp\/wp-content\/uploads\/sites\/3\/2021\/02\/covaxin.jpg","width":715,"height":468,"caption":"A Ag\u00eancia Nacional de Vigil\u00e2ncia Sanit\u00e1ria (Anvisa) aprovou testes em humanos no Brasil da vacina contra a covid-19 Covaxin, produzida na \u00cdndia"},{"@type":"WebSite","@id":"https:\/\/redenoticiaz.com.br\/litoralsp\/#website","url":"https:\/\/redenoticiaz.com.br\/litoralsp\/","name":"Litoral SP","description":"Rede NoticiaZ","publisher":{"@id":"https:\/\/redenoticiaz.com.br\/litoralsp\/#organization"},"potentialAction":[{"@type":"SearchAction","target":{"@type":"EntryPoint","urlTemplate":"https:\/\/redenoticiaz.com.br\/litoralsp\/?s={search_term_string}"},"query-input":{"@type":"PropertyValueSpecification","valueRequired":true,"valueName":"search_term_string"}}],"inLanguage":"pt-BR"},{"@type":"Organization","@id":"https:\/\/redenoticiaz.com.br\/litoralsp\/#organization","name":"Litoral SP","url":"https:\/\/redenoticiaz.com.br\/litoralsp\/","logo":{"@type":"ImageObject","inLanguage":"pt-BR","@id":"https:\/\/redenoticiaz.com.br\/litoralsp\/#\/schema\/logo\/image\/","url":"https:\/\/redenoticiaz.com.br\/litoralsp\/wp-content\/uploads\/sites\/3\/2020\/11\/logo.jpg","contentUrl":"https:\/\/redenoticiaz.com.br\/litoralsp\/wp-content\/uploads\/sites\/3\/2020\/11\/logo.jpg","width":400,"height":250,"caption":"Litoral SP"},"image":{"@id":"https:\/\/redenoticiaz.com.br\/litoralsp\/#\/schema\/logo\/image\/"}},{"@type":"Person","@id":"https:\/\/redenoticiaz.com.br\/litoralsp\/#\/schema\/person\/0f0b8a5bdafefe82841e07ae8d81ecb3","name":"Leonardo Francisco","image":{"@type":"ImageObject","inLanguage":"pt-BR","@id":"https:\/\/secure.gravatar.com\/avatar\/a7358cb406a99b682ec6df1e77e31ae82e63601f6784e8a3df411d72b37864da?s=96&d=mm&r=g","url":"https:\/\/secure.gravatar.com\/avatar\/a7358cb406a99b682ec6df1e77e31ae82e63601f6784e8a3df411d72b37864da?s=96&d=mm&r=g","contentUrl":"https:\/\/secure.gravatar.com\/avatar\/a7358cb406a99b682ec6df1e77e31ae82e63601f6784e8a3df411d72b37864da?s=96&d=mm&r=g","caption":"Leonardo Francisco"},"url":"https:\/\/redenoticiaz.com.br\/litoralsp\/author\/leonardo-francisco"}]}},"_links":{"self":[{"href":"https:\/\/redenoticiaz.com.br\/litoralsp\/wp-json\/wp\/v2\/posts\/4450","targetHints":{"allow":["GET"]}}],"collection":[{"href":"https:\/\/redenoticiaz.com.br\/litoralsp\/wp-json\/wp\/v2\/posts"}],"about":[{"href":"https:\/\/redenoticiaz.com.br\/litoralsp\/wp-json\/wp\/v2\/types\/post"}],"author":[{"embeddable":true,"href":"https:\/\/redenoticiaz.com.br\/litoralsp\/wp-json\/wp\/v2\/users\/6"}],"replies":[{"embeddable":true,"href":"https:\/\/redenoticiaz.com.br\/litoralsp\/wp-json\/wp\/v2\/comments?post=4450"}],"version-history":[{"count":1,"href":"https:\/\/redenoticiaz.com.br\/litoralsp\/wp-json\/wp\/v2\/posts\/4450\/revisions"}],"predecessor-version":[{"id":4451,"href":"https:\/\/redenoticiaz.com.br\/litoralsp\/wp-json\/wp\/v2\/posts\/4450\/revisions\/4451"}],"wp:featuredmedia":[{"embeddable":true,"href":"https:\/\/redenoticiaz.com.br\/litoralsp\/wp-json\/wp\/v2\/media\/3694"}],"wp:attachment":[{"href":"https:\/\/redenoticiaz.com.br\/litoralsp\/wp-json\/wp\/v2\/media?parent=4450"}],"wp:term":[{"taxonomy":"category","embeddable":true,"href":"https:\/\/redenoticiaz.com.br\/litoralsp\/wp-json\/wp\/v2\/categories?post=4450"},{"taxonomy":"post_tag","embeddable":true,"href":"https:\/\/redenoticiaz.com.br\/litoralsp\/wp-json\/wp\/v2\/tags?post=4450"}],"curies":[{"name":"wp","href":"https:\/\/api.w.org\/{rel}","templated":true}]}}