{"id":4469,"date":"2021-02-21T07:08:55","date_gmt":"2021-02-21T10:08:55","guid":{"rendered":"https:\/\/redenoticiaz.com.br\/litoralsp\/2021\/02\/21\/covivac-e-a-terceira-vacina-registrada-na-russia"},"modified":"2021-02-21T07:14:42","modified_gmt":"2021-02-21T10:14:42","slug":"covivac-e-a-terceira-vacina-registrada-na-russia","status":"publish","type":"post","link":"https:\/\/redenoticiaz.com.br\/litoralsp\/2021\/02\/21\/covivac-e-a-terceira-vacina-registrada-na-russia","title":{"rendered":"CoviVac \u00e9 a terceira vacina registrada na R\u00fassia"},"content":{"rendered":"<p>O Minist\u00e9rio da Sa\u00fade russo registrou uma nova vacina contra covid-19, a CoviVac &#8211; 3\u00aa desenvolvida no pa\u00eds &#8211; anunciou\u00a0hoje\u00a0o primeiro-ministro da <a href=\"https:\/\/en.wikipedia.org\/wiki\/Portal:Russia\">R\u00fassia,<\/a> Mikhail Mishustin.<img decoding=\"async\" src=\"https:\/\/agenciabrasil.ebc.com.br\/ebc.png?id=1401811&amp;o=node\" \/><img decoding=\"async\" src=\"https:\/\/agenciabrasil.ebc.com.br\/ebc.gif?id=1401811&amp;o=node\" \/><\/p>\n<p>&#8220;Quero come\u00e7ar com uma not\u00edcia muito boa. Verificamos\u00a0hoje\u00a0que a terceira vacina, a CoviVac, produzida pelo Centro Chumakov, foi registada&#8221;, afirmou o chefe de governo russo durante reuni\u00e3o sobre o andamento do processo de vacina\u00e7\u00e3o no pa\u00eds.<\/p>\n<p>Mikhail Mishustin disse que em meados\u00a0de mar\u00e7o entrar\u00e3o em circula\u00e7\u00e3o as primeiras 120 mil doses da nova vacina, e acrescentou que a ind\u00fastria farmac\u00eautica russa aumentou permanentemente a produ\u00e7\u00e3o de vacinas contra a covid-19.<\/p>\n<p>&#8220;J\u00e1 produzimos mais de 10 milh\u00f5es de doses da vacina Sputnik V e cerca de 80 mil doses da EpiVacCorona e, em breve, avan\u00e7aremos com a terceira linha de produ\u00e7\u00e3o da CoviVac&#8221;, informou.<\/p>\n<p>A vice-primeira-ministra do pa\u00eds, Tatiana Gol\u00edkova, adiantou que a R\u00fassia pretende produzir 88 milh\u00f5es de doses de vacinas. Essa quantidade deve estar pronta no primeiro semestre deste ano, sendo 83 milh\u00f5es da Sputnik V. Em rela\u00e7\u00e3o ao processo de vacina\u00e7\u00e3o no pa\u00eds, Gol\u00edkova indicou que 45% das pessoas com mais de 60 anos foram vacinadas. Avalia como &#8220;insuficiente&#8221;, tendo apelado \u00e0s autoridades regionais para que intensifiquem esfor\u00e7os. (agenciabrasil)<\/p>\n<p>&nbsp;<\/p>\n<p><strong>LEIA TAMB\u00c9M<\/strong><\/p>\n<p><a href=\"https:\/\/redenoticiaz.com.br\/blog\/2021\/02\/21\/covid-19-morre-dona-miguelina-mae-de-ronaldinho-gaucho\">Covid-19 \u2013 Morre dona Miguelina m\u00e3e de Ronaldinho Ga\u00facho<\/a><\/p>\n<p>&nbsp;<\/p>\n","protected":false},"excerpt":{"rendered":"<p>O Minist\u00e9rio da Sa\u00fade russo registrou uma nova vacina contra covid-19, a CoviVac &#8211; 3\u00aa desenvolvida no pa\u00eds &#8211; anunciou\u00a0hoje\u00a0o primeiro-ministro da R\u00fassia, Mikhail Mishustin. &#8220;Quero come\u00e7ar com uma not\u00edcia muito boa. Verificamos\u00a0hoje\u00a0que a terceira vacina, a CoviVac, produzida pelo Centro Chumakov, foi registada&#8221;, afirmou o chefe de governo russo durante reuni\u00e3o sobre o andamento &hellip;<\/p>\n","protected":false},"author":5,"featured_media":4470,"comment_status":"open","ping_status":"closed","sticky":false,"template":"","format":"standard","meta":{"footnotes":""},"categories":[84,23],"tags":[12721,4445,87,12722],"class_list":["post-4469","post","type-post","status-publish","format-standard","has-post-thumbnail","hentry","category-mundo","category-saude","tag-covivac","tag-russia","tag-vacina","tag-vacina-russia"],"yoast_head":"<!-- This site is optimized with the Yoast SEO plugin v27.5 - https:\/\/yoast.com\/product\/yoast-seo-wordpress\/ -->\n<title>CoviVac \u00e9 a terceira vacina registrada na R\u00fassia - Litoral SP<\/title>\n<meta name=\"description\" content=\"O Minist\u00e9rio da Sa\u00fade russo registrou uma nova vacina contra covid-19, a CoviVac - 3\u00aa desenvolvida no pa\u00eds - anunciou\u00a0hoje\u00a0o primeiro-ministro da R\u00fassia,\" \/>\n<meta name=\"robots\" content=\"index, follow, max-snippet:-1, max-image-preview:large, max-video-preview:-1\" \/>\n<link rel=\"canonical\" href=\"https:\/\/redenoticiaz.com.br\/litoralsp\/2021\/02\/21\/covivac-e-a-terceira-vacina-registrada-na-russia\" \/>\n<meta property=\"og:locale\" content=\"pt_BR\" \/>\n<meta property=\"og:type\" content=\"article\" \/>\n<meta property=\"og:title\" content=\"CoviVac \u00e9 a terceira vacina registrada na R\u00fassia - Litoral SP\" \/>\n<meta property=\"og:description\" content=\"O Minist\u00e9rio da Sa\u00fade russo registrou uma nova vacina contra covid-19, a CoviVac - 3\u00aa desenvolvida no pa\u00eds - anunciou\u00a0hoje\u00a0o primeiro-ministro da R\u00fassia,\" \/>\n<meta property=\"og:url\" content=\"https:\/\/redenoticiaz.com.br\/litoralsp\/2021\/02\/21\/covivac-e-a-terceira-vacina-registrada-na-russia\" \/>\n<meta property=\"og:site_name\" content=\"Litoral SP\" \/>\n<meta property=\"article:published_time\" content=\"2021-02-21T10:08:55+00:00\" \/>\n<meta property=\"article:modified_time\" content=\"2021-02-21T10:14:42+00:00\" \/>\n<meta property=\"og:image\" content=\"https:\/\/redenoticiaz.com.br\/litoralsp\/wp-content\/uploads\/sites\/3\/2021\/02\/covivac.jpg\" \/>\n\t<meta property=\"og:image:width\" content=\"800\" \/>\n\t<meta property=\"og:image:height\" content=\"533\" \/>\n\t<meta property=\"og:image:type\" content=\"image\/jpeg\" \/>\n<meta name=\"author\" content=\"Patr\u00edcia Prado\" \/>\n<meta name=\"twitter:card\" content=\"summary_large_image\" \/>\n<meta name=\"twitter:label1\" content=\"Escrito por\" \/>\n\t<meta name=\"twitter:data1\" content=\"Patr\u00edcia Prado\" \/>\n\t<meta name=\"twitter:label2\" content=\"Est. tempo de leitura\" \/>\n\t<meta name=\"twitter:data2\" content=\"1 minuto\" \/>\n<script type=\"application\/ld+json\" class=\"yoast-schema-graph\">{\"@context\":\"https:\\\/\\\/schema.org\",\"@graph\":[{\"@type\":\"Article\",\"@id\":\"https:\\\/\\\/redenoticiaz.com.br\\\/litoralsp\\\/2021\\\/02\\\/21\\\/covivac-e-a-terceira-vacina-registrada-na-russia#article\",\"isPartOf\":{\"@id\":\"https:\\\/\\\/redenoticiaz.com.br\\\/litoralsp\\\/2021\\\/02\\\/21\\\/covivac-e-a-terceira-vacina-registrada-na-russia\"},\"author\":{\"name\":\"Patr\u00edcia Prado\",\"@id\":\"https:\\\/\\\/redenoticiaz.com.br\\\/litoralsp\\\/#\\\/schema\\\/person\\\/e1b0bd8c2637e2c1b6ddcbc2c33b116f\"},\"headline\":\"CoviVac \u00e9 a terceira vacina registrada na R\u00fassia\",\"datePublished\":\"2021-02-21T10:08:55+00:00\",\"dateModified\":\"2021-02-21T10:14:42+00:00\",\"mainEntityOfPage\":{\"@id\":\"https:\\\/\\\/redenoticiaz.com.br\\\/litoralsp\\\/2021\\\/02\\\/21\\\/covivac-e-a-terceira-vacina-registrada-na-russia\"},\"wordCount\":244,\"commentCount\":0,\"publisher\":{\"@id\":\"https:\\\/\\\/redenoticiaz.com.br\\\/litoralsp\\\/#organization\"},\"image\":{\"@id\":\"https:\\\/\\\/redenoticiaz.com.br\\\/litoralsp\\\/2021\\\/02\\\/21\\\/covivac-e-a-terceira-vacina-registrada-na-russia#primaryimage\"},\"thumbnailUrl\":\"https:\\\/\\\/redenoticiaz.com.br\\\/litoralsp\\\/wp-content\\\/uploads\\\/sites\\\/3\\\/2021\\\/02\\\/covivac.jpg\",\"keywords\":[\"COVIVAC\",\"R\u00fassia\",\"vacina\",\"VACINA R\u00daSSIA\"],\"articleSection\":[\"Mundo\",\"Sa\u00fade\"],\"inLanguage\":\"pt-BR\",\"potentialAction\":[{\"@type\":\"CommentAction\",\"name\":\"Comment\",\"target\":[\"https:\\\/\\\/redenoticiaz.com.br\\\/litoralsp\\\/2021\\\/02\\\/21\\\/covivac-e-a-terceira-vacina-registrada-na-russia#respond\"]}]},{\"@type\":\"WebPage\",\"@id\":\"https:\\\/\\\/redenoticiaz.com.br\\\/litoralsp\\\/2021\\\/02\\\/21\\\/covivac-e-a-terceira-vacina-registrada-na-russia\",\"url\":\"https:\\\/\\\/redenoticiaz.com.br\\\/litoralsp\\\/2021\\\/02\\\/21\\\/covivac-e-a-terceira-vacina-registrada-na-russia\",\"name\":\"CoviVac \u00e9 a terceira vacina registrada na R\u00fassia - Litoral SP\",\"isPartOf\":{\"@id\":\"https:\\\/\\\/redenoticiaz.com.br\\\/litoralsp\\\/#website\"},\"primaryImageOfPage\":{\"@id\":\"https:\\\/\\\/redenoticiaz.com.br\\\/litoralsp\\\/2021\\\/02\\\/21\\\/covivac-e-a-terceira-vacina-registrada-na-russia#primaryimage\"},\"image\":{\"@id\":\"https:\\\/\\\/redenoticiaz.com.br\\\/litoralsp\\\/2021\\\/02\\\/21\\\/covivac-e-a-terceira-vacina-registrada-na-russia#primaryimage\"},\"thumbnailUrl\":\"https:\\\/\\\/redenoticiaz.com.br\\\/litoralsp\\\/wp-content\\\/uploads\\\/sites\\\/3\\\/2021\\\/02\\\/covivac.jpg\",\"datePublished\":\"2021-02-21T10:08:55+00:00\",\"dateModified\":\"2021-02-21T10:14:42+00:00\",\"description\":\"O Minist\u00e9rio da Sa\u00fade russo registrou uma nova vacina contra covid-19, a CoviVac - 3\u00aa desenvolvida no pa\u00eds - anunciou\u00a0hoje\u00a0o primeiro-ministro da R\u00fassia,\",\"inLanguage\":\"pt-BR\",\"potentialAction\":[{\"@type\":\"ReadAction\",\"target\":[\"https:\\\/\\\/redenoticiaz.com.br\\\/litoralsp\\\/2021\\\/02\\\/21\\\/covivac-e-a-terceira-vacina-registrada-na-russia\"]}]},{\"@type\":\"ImageObject\",\"inLanguage\":\"pt-BR\",\"@id\":\"https:\\\/\\\/redenoticiaz.com.br\\\/litoralsp\\\/2021\\\/02\\\/21\\\/covivac-e-a-terceira-vacina-registrada-na-russia#primaryimage\",\"url\":\"https:\\\/\\\/redenoticiaz.com.br\\\/litoralsp\\\/wp-content\\\/uploads\\\/sites\\\/3\\\/2021\\\/02\\\/covivac.jpg\",\"contentUrl\":\"https:\\\/\\\/redenoticiaz.com.br\\\/litoralsp\\\/wp-content\\\/uploads\\\/sites\\\/3\\\/2021\\\/02\\\/covivac.jpg\",\"width\":800,\"height\":533,\"caption\":\"CoviVac \u00e9 a terceira vacina registrada na R\u00fassia\"},{\"@type\":\"WebSite\",\"@id\":\"https:\\\/\\\/redenoticiaz.com.br\\\/litoralsp\\\/#website\",\"url\":\"https:\\\/\\\/redenoticiaz.com.br\\\/litoralsp\\\/\",\"name\":\"Litoral SP\",\"description\":\"Rede NoticiaZ\",\"publisher\":{\"@id\":\"https:\\\/\\\/redenoticiaz.com.br\\\/litoralsp\\\/#organization\"},\"potentialAction\":[{\"@type\":\"SearchAction\",\"target\":{\"@type\":\"EntryPoint\",\"urlTemplate\":\"https:\\\/\\\/redenoticiaz.com.br\\\/litoralsp\\\/?s={search_term_string}\"},\"query-input\":{\"@type\":\"PropertyValueSpecification\",\"valueRequired\":true,\"valueName\":\"search_term_string\"}}],\"inLanguage\":\"pt-BR\"},{\"@type\":\"Organization\",\"@id\":\"https:\\\/\\\/redenoticiaz.com.br\\\/litoralsp\\\/#organization\",\"name\":\"Litoral SP\",\"url\":\"https:\\\/\\\/redenoticiaz.com.br\\\/litoralsp\\\/\",\"logo\":{\"@type\":\"ImageObject\",\"inLanguage\":\"pt-BR\",\"@id\":\"https:\\\/\\\/redenoticiaz.com.br\\\/litoralsp\\\/#\\\/schema\\\/logo\\\/image\\\/\",\"url\":\"https:\\\/\\\/redenoticiaz.com.br\\\/litoralsp\\\/wp-content\\\/uploads\\\/sites\\\/3\\\/2020\\\/11\\\/logo.jpg\",\"contentUrl\":\"https:\\\/\\\/redenoticiaz.com.br\\\/litoralsp\\\/wp-content\\\/uploads\\\/sites\\\/3\\\/2020\\\/11\\\/logo.jpg\",\"width\":400,\"height\":250,\"caption\":\"Litoral SP\"},\"image\":{\"@id\":\"https:\\\/\\\/redenoticiaz.com.br\\\/litoralsp\\\/#\\\/schema\\\/logo\\\/image\\\/\"}},{\"@type\":\"Person\",\"@id\":\"https:\\\/\\\/redenoticiaz.com.br\\\/litoralsp\\\/#\\\/schema\\\/person\\\/e1b0bd8c2637e2c1b6ddcbc2c33b116f\",\"name\":\"Patr\u00edcia Prado\",\"image\":{\"@type\":\"ImageObject\",\"inLanguage\":\"pt-BR\",\"@id\":\"https:\\\/\\\/secure.gravatar.com\\\/avatar\\\/92e358bef22cfcec15e054ae4d9fee04dadf0c772dc4a17b382b8a34a15354c2?s=96&d=mm&r=g\",\"url\":\"https:\\\/\\\/secure.gravatar.com\\\/avatar\\\/92e358bef22cfcec15e054ae4d9fee04dadf0c772dc4a17b382b8a34a15354c2?s=96&d=mm&r=g\",\"contentUrl\":\"https:\\\/\\\/secure.gravatar.com\\\/avatar\\\/92e358bef22cfcec15e054ae4d9fee04dadf0c772dc4a17b382b8a34a15354c2?s=96&d=mm&r=g\",\"caption\":\"Patr\u00edcia Prado\"},\"url\":\"https:\\\/\\\/redenoticiaz.com.br\\\/litoralsp\\\/author\\\/patricia-prado\"}]}<\/script>\n<!-- \/ Yoast SEO plugin. -->","yoast_head_json":{"title":"CoviVac \u00e9 a terceira vacina registrada na R\u00fassia - Litoral SP","description":"O Minist\u00e9rio da Sa\u00fade russo registrou uma nova vacina contra covid-19, a CoviVac - 3\u00aa desenvolvida no pa\u00eds - anunciou\u00a0hoje\u00a0o primeiro-ministro da R\u00fassia,","robots":{"index":"index","follow":"follow","max-snippet":"max-snippet:-1","max-image-preview":"max-image-preview:large","max-video-preview":"max-video-preview:-1"},"canonical":"https:\/\/redenoticiaz.com.br\/litoralsp\/2021\/02\/21\/covivac-e-a-terceira-vacina-registrada-na-russia","og_locale":"pt_BR","og_type":"article","og_title":"CoviVac \u00e9 a terceira vacina registrada na R\u00fassia - Litoral SP","og_description":"O Minist\u00e9rio da Sa\u00fade russo registrou uma nova vacina contra covid-19, a CoviVac - 3\u00aa desenvolvida no pa\u00eds - anunciou\u00a0hoje\u00a0o primeiro-ministro da R\u00fassia,","og_url":"https:\/\/redenoticiaz.com.br\/litoralsp\/2021\/02\/21\/covivac-e-a-terceira-vacina-registrada-na-russia","og_site_name":"Litoral SP","article_published_time":"2021-02-21T10:08:55+00:00","article_modified_time":"2021-02-21T10:14:42+00:00","og_image":[{"width":800,"height":533,"url":"https:\/\/redenoticiaz.com.br\/litoralsp\/wp-content\/uploads\/sites\/3\/2021\/02\/covivac.jpg","type":"image\/jpeg"}],"author":"Patr\u00edcia Prado","twitter_card":"summary_large_image","twitter_misc":{"Escrito por":"Patr\u00edcia Prado","Est. tempo de leitura":"1 minuto"},"schema":{"@context":"https:\/\/schema.org","@graph":[{"@type":"Article","@id":"https:\/\/redenoticiaz.com.br\/litoralsp\/2021\/02\/21\/covivac-e-a-terceira-vacina-registrada-na-russia#article","isPartOf":{"@id":"https:\/\/redenoticiaz.com.br\/litoralsp\/2021\/02\/21\/covivac-e-a-terceira-vacina-registrada-na-russia"},"author":{"name":"Patr\u00edcia Prado","@id":"https:\/\/redenoticiaz.com.br\/litoralsp\/#\/schema\/person\/e1b0bd8c2637e2c1b6ddcbc2c33b116f"},"headline":"CoviVac \u00e9 a terceira vacina registrada na R\u00fassia","datePublished":"2021-02-21T10:08:55+00:00","dateModified":"2021-02-21T10:14:42+00:00","mainEntityOfPage":{"@id":"https:\/\/redenoticiaz.com.br\/litoralsp\/2021\/02\/21\/covivac-e-a-terceira-vacina-registrada-na-russia"},"wordCount":244,"commentCount":0,"publisher":{"@id":"https:\/\/redenoticiaz.com.br\/litoralsp\/#organization"},"image":{"@id":"https:\/\/redenoticiaz.com.br\/litoralsp\/2021\/02\/21\/covivac-e-a-terceira-vacina-registrada-na-russia#primaryimage"},"thumbnailUrl":"https:\/\/redenoticiaz.com.br\/litoralsp\/wp-content\/uploads\/sites\/3\/2021\/02\/covivac.jpg","keywords":["COVIVAC","R\u00fassia","vacina","VACINA R\u00daSSIA"],"articleSection":["Mundo","Sa\u00fade"],"inLanguage":"pt-BR","potentialAction":[{"@type":"CommentAction","name":"Comment","target":["https:\/\/redenoticiaz.com.br\/litoralsp\/2021\/02\/21\/covivac-e-a-terceira-vacina-registrada-na-russia#respond"]}]},{"@type":"WebPage","@id":"https:\/\/redenoticiaz.com.br\/litoralsp\/2021\/02\/21\/covivac-e-a-terceira-vacina-registrada-na-russia","url":"https:\/\/redenoticiaz.com.br\/litoralsp\/2021\/02\/21\/covivac-e-a-terceira-vacina-registrada-na-russia","name":"CoviVac \u00e9 a terceira vacina registrada na R\u00fassia - Litoral SP","isPartOf":{"@id":"https:\/\/redenoticiaz.com.br\/litoralsp\/#website"},"primaryImageOfPage":{"@id":"https:\/\/redenoticiaz.com.br\/litoralsp\/2021\/02\/21\/covivac-e-a-terceira-vacina-registrada-na-russia#primaryimage"},"image":{"@id":"https:\/\/redenoticiaz.com.br\/litoralsp\/2021\/02\/21\/covivac-e-a-terceira-vacina-registrada-na-russia#primaryimage"},"thumbnailUrl":"https:\/\/redenoticiaz.com.br\/litoralsp\/wp-content\/uploads\/sites\/3\/2021\/02\/covivac.jpg","datePublished":"2021-02-21T10:08:55+00:00","dateModified":"2021-02-21T10:14:42+00:00","description":"O Minist\u00e9rio da Sa\u00fade russo registrou uma nova vacina contra covid-19, a CoviVac - 3\u00aa desenvolvida no pa\u00eds - anunciou\u00a0hoje\u00a0o primeiro-ministro da R\u00fassia,","inLanguage":"pt-BR","potentialAction":[{"@type":"ReadAction","target":["https:\/\/redenoticiaz.com.br\/litoralsp\/2021\/02\/21\/covivac-e-a-terceira-vacina-registrada-na-russia"]}]},{"@type":"ImageObject","inLanguage":"pt-BR","@id":"https:\/\/redenoticiaz.com.br\/litoralsp\/2021\/02\/21\/covivac-e-a-terceira-vacina-registrada-na-russia#primaryimage","url":"https:\/\/redenoticiaz.com.br\/litoralsp\/wp-content\/uploads\/sites\/3\/2021\/02\/covivac.jpg","contentUrl":"https:\/\/redenoticiaz.com.br\/litoralsp\/wp-content\/uploads\/sites\/3\/2021\/02\/covivac.jpg","width":800,"height":533,"caption":"CoviVac \u00e9 a terceira vacina registrada na R\u00fassia"},{"@type":"WebSite","@id":"https:\/\/redenoticiaz.com.br\/litoralsp\/#website","url":"https:\/\/redenoticiaz.com.br\/litoralsp\/","name":"Litoral SP","description":"Rede NoticiaZ","publisher":{"@id":"https:\/\/redenoticiaz.com.br\/litoralsp\/#organization"},"potentialAction":[{"@type":"SearchAction","target":{"@type":"EntryPoint","urlTemplate":"https:\/\/redenoticiaz.com.br\/litoralsp\/?s={search_term_string}"},"query-input":{"@type":"PropertyValueSpecification","valueRequired":true,"valueName":"search_term_string"}}],"inLanguage":"pt-BR"},{"@type":"Organization","@id":"https:\/\/redenoticiaz.com.br\/litoralsp\/#organization","name":"Litoral SP","url":"https:\/\/redenoticiaz.com.br\/litoralsp\/","logo":{"@type":"ImageObject","inLanguage":"pt-BR","@id":"https:\/\/redenoticiaz.com.br\/litoralsp\/#\/schema\/logo\/image\/","url":"https:\/\/redenoticiaz.com.br\/litoralsp\/wp-content\/uploads\/sites\/3\/2020\/11\/logo.jpg","contentUrl":"https:\/\/redenoticiaz.com.br\/litoralsp\/wp-content\/uploads\/sites\/3\/2020\/11\/logo.jpg","width":400,"height":250,"caption":"Litoral SP"},"image":{"@id":"https:\/\/redenoticiaz.com.br\/litoralsp\/#\/schema\/logo\/image\/"}},{"@type":"Person","@id":"https:\/\/redenoticiaz.com.br\/litoralsp\/#\/schema\/person\/e1b0bd8c2637e2c1b6ddcbc2c33b116f","name":"Patr\u00edcia Prado","image":{"@type":"ImageObject","inLanguage":"pt-BR","@id":"https:\/\/secure.gravatar.com\/avatar\/92e358bef22cfcec15e054ae4d9fee04dadf0c772dc4a17b382b8a34a15354c2?s=96&d=mm&r=g","url":"https:\/\/secure.gravatar.com\/avatar\/92e358bef22cfcec15e054ae4d9fee04dadf0c772dc4a17b382b8a34a15354c2?s=96&d=mm&r=g","contentUrl":"https:\/\/secure.gravatar.com\/avatar\/92e358bef22cfcec15e054ae4d9fee04dadf0c772dc4a17b382b8a34a15354c2?s=96&d=mm&r=g","caption":"Patr\u00edcia Prado"},"url":"https:\/\/redenoticiaz.com.br\/litoralsp\/author\/patricia-prado"}]}},"_links":{"self":[{"href":"https:\/\/redenoticiaz.com.br\/litoralsp\/wp-json\/wp\/v2\/posts\/4469","targetHints":{"allow":["GET"]}}],"collection":[{"href":"https:\/\/redenoticiaz.com.br\/litoralsp\/wp-json\/wp\/v2\/posts"}],"about":[{"href":"https:\/\/redenoticiaz.com.br\/litoralsp\/wp-json\/wp\/v2\/types\/post"}],"author":[{"embeddable":true,"href":"https:\/\/redenoticiaz.com.br\/litoralsp\/wp-json\/wp\/v2\/users\/5"}],"replies":[{"embeddable":true,"href":"https:\/\/redenoticiaz.com.br\/litoralsp\/wp-json\/wp\/v2\/comments?post=4469"}],"version-history":[{"count":1,"href":"https:\/\/redenoticiaz.com.br\/litoralsp\/wp-json\/wp\/v2\/posts\/4469\/revisions"}],"predecessor-version":[{"id":4471,"href":"https:\/\/redenoticiaz.com.br\/litoralsp\/wp-json\/wp\/v2\/posts\/4469\/revisions\/4471"}],"wp:featuredmedia":[{"embeddable":true,"href":"https:\/\/redenoticiaz.com.br\/litoralsp\/wp-json\/wp\/v2\/media\/4470"}],"wp:attachment":[{"href":"https:\/\/redenoticiaz.com.br\/litoralsp\/wp-json\/wp\/v2\/media?parent=4469"}],"wp:term":[{"taxonomy":"category","embeddable":true,"href":"https:\/\/redenoticiaz.com.br\/litoralsp\/wp-json\/wp\/v2\/categories?post=4469"},{"taxonomy":"post_tag","embeddable":true,"href":"https:\/\/redenoticiaz.com.br\/litoralsp\/wp-json\/wp\/v2\/tags?post=4469"}],"curies":[{"name":"wp","href":"https:\/\/api.w.org\/{rel}","templated":true}]}}