{"id":4571,"date":"2021-02-22T16:07:17","date_gmt":"2021-02-22T19:07:17","guid":{"rendered":"https:\/\/redenoticiaz.com.br\/litoralsp\/?p=4571"},"modified":"2021-02-22T16:07:36","modified_gmt":"2021-02-22T19:07:36","slug":"mulher-e-achada-morta-na-ilha-porchat","status":"publish","type":"post","link":"https:\/\/redenoticiaz.com.br\/litoralsp\/2021\/02\/22\/mulher-e-achada-morta-na-ilha-porchat","title":{"rendered":"Mulher \u00e9 achada morta na Ilha Porchat"},"content":{"rendered":"<p>Foi encontrado o corpo de uma mulher nas pedras da Ilha Porchat, em <a href=\"http:\/\/www.saovicente.sp.gov.br\/publico\/\">S\u00e3o Vicente<\/a>, nesta segunda-feira (22). O Grupamento de Bombeiros Mar\u00edtimo (GBMar), informou que ela tinha um corte no pesco\u00e7o e ainda estava com as roupas \u00edntimas abaixadas.<\/p>\n<p>A equipe do posto de salva-vidas foi acionada pela Pol\u00edcia Militar ap\u00f3s uma den\u00fancia da presen\u00e7a de um corpo na regi\u00e3o. Inicialmente foi informado que a v\u00edtima tinha sofrido afogamento. Eles foram at\u00e9 \u00e0 subida da Ilha Porchat e ao chegarem em um determinado ponto, encontraram a mulher com as roupas \u00edntimas abaixadas, e as roupas superiores levantadas, mostrando as regi\u00f5es \u00edntimas.<\/p>\n<p>Entretanto a informa\u00e7\u00e3o de afogamento logo foi descartada, j\u00e1 que ela continha um corte profundo no pesco\u00e7o. A Pol\u00edcia Militar e o Corpo de Bombeiros foi acionado e o local foi interditado para que os banhistas n\u00e3o acessassem.<\/p>\n<p>Ap\u00f3s averigua\u00e7\u00e3o, o corpo da mulher foi levado da Ilha Porchat at\u00e9 o Instituto M\u00e9dico Legal (IML) de Praia Grande. A per\u00edcia para identificar as agress\u00f5es e a identidade da v\u00edtima ser\u00e3o feitos. J\u00e1 a Pol\u00edcia Civil informou que vai investigar o que aconteceu.<\/p>\n<p>Leia tamb\u00e9m<\/p>\n<p><a href=\"https:\/\/redenoticiaz.com.br\/litoralsp\/2021\/02\/20\/quiosque-sofre-incendio-em-sao-vicente\">Quiosque sofre inc\u00eandio em S\u00e3o Vicente<\/a><\/p>\n","protected":false},"excerpt":{"rendered":"<p>Foi encontrado o corpo de uma mulher nas pedras da Ilha Porchat, em S\u00e3o Vicente, nesta segunda-feira (22). O Grupamento de Bombeiros Mar\u00edtimo (GBMar), informou que ela tinha um corte no pesco\u00e7o e ainda estava com as roupas \u00edntimas abaixadas. A equipe do posto de salva-vidas foi acionada pela Pol\u00edcia Militar ap\u00f3s uma den\u00fancia da &hellip;<\/p>\n","protected":false},"author":6,"featured_media":4572,"comment_status":"open","ping_status":"closed","sticky":false,"template":"","format":"standard","meta":{"footnotes":""},"categories":[10,181],"tags":[10575,10574,12949,7790,7613,10712,1766,5196,33],"class_list":["post-4571","post","type-post","status-publish","format-standard","has-post-thumbnail","hentry","category-policia","category-sao-vicente","tag-corpo","tag-grupamento-de-bombeiros-maritimos","tag-ilha-porchat","tag-iml-de-praia-grande","tag-mulher","tag-pedras","tag-policia-militar","tag-salva-vidas","tag-sao-vicente"],"yoast_head":"<!-- This site is optimized with the Yoast SEO plugin v27.5 - https:\/\/yoast.com\/product\/yoast-seo-wordpress\/ -->\n<title>Mulher \u00e9 achada morta na Ilha Porchat - Litoral SP<\/title>\n<meta name=\"description\" content=\"Foi encontrado o corpo de uma mulher nas pedras da Ilha Porchat, em S\u00e3o Vicente, nesta segunda-feira (22). O Grupamento de Bombeiros Mar\u00edtimo (GBMar)\" \/>\n<meta name=\"robots\" content=\"index, follow, max-snippet:-1, max-image-preview:large, max-video-preview:-1\" \/>\n<link rel=\"canonical\" href=\"https:\/\/redenoticiaz.com.br\/litoralsp\/2021\/02\/22\/mulher-e-achada-morta-na-ilha-porchat\" \/>\n<meta property=\"og:locale\" content=\"pt_BR\" \/>\n<meta property=\"og:type\" content=\"article\" \/>\n<meta property=\"og:title\" content=\"Mulher \u00e9 achada morta na Ilha Porchat - Litoral SP\" \/>\n<meta property=\"og:description\" content=\"Foi encontrado o corpo de uma mulher nas pedras da Ilha Porchat, em S\u00e3o Vicente, nesta segunda-feira (22). O Grupamento de Bombeiros Mar\u00edtimo (GBMar)\" \/>\n<meta property=\"og:url\" content=\"https:\/\/redenoticiaz.com.br\/litoralsp\/2021\/02\/22\/mulher-e-achada-morta-na-ilha-porchat\" \/>\n<meta property=\"og:site_name\" content=\"Litoral SP\" \/>\n<meta property=\"article:published_time\" content=\"2021-02-22T19:07:17+00:00\" \/>\n<meta property=\"article:modified_time\" content=\"2021-02-22T19:07:36+00:00\" \/>\n<meta property=\"og:image\" content=\"https:\/\/redenoticiaz.com.br\/litoralsp\/wp-content\/uploads\/sites\/3\/2021\/02\/corpo-ilha-porchat.jpg\" \/>\n\t<meta property=\"og:image:width\" content=\"984\" \/>\n\t<meta property=\"og:image:height\" content=\"550\" \/>\n\t<meta property=\"og:image:type\" content=\"image\/jpeg\" \/>\n<meta name=\"author\" content=\"Leonardo Francisco\" \/>\n<meta name=\"twitter:card\" content=\"summary_large_image\" \/>\n<meta name=\"twitter:label1\" content=\"Escrito por\" \/>\n\t<meta name=\"twitter:data1\" content=\"Leonardo Francisco\" \/>\n\t<meta name=\"twitter:label2\" content=\"Est. tempo de leitura\" \/>\n\t<meta name=\"twitter:data2\" content=\"1 minuto\" \/>\n<script type=\"application\/ld+json\" class=\"yoast-schema-graph\">{\"@context\":\"https:\\\/\\\/schema.org\",\"@graph\":[{\"@type\":\"Article\",\"@id\":\"https:\\\/\\\/redenoticiaz.com.br\\\/litoralsp\\\/2021\\\/02\\\/22\\\/mulher-e-achada-morta-na-ilha-porchat#article\",\"isPartOf\":{\"@id\":\"https:\\\/\\\/redenoticiaz.com.br\\\/litoralsp\\\/2021\\\/02\\\/22\\\/mulher-e-achada-morta-na-ilha-porchat\"},\"author\":{\"name\":\"Leonardo Francisco\",\"@id\":\"https:\\\/\\\/redenoticiaz.com.br\\\/litoralsp\\\/#\\\/schema\\\/person\\\/0f0b8a5bdafefe82841e07ae8d81ecb3\"},\"headline\":\"Mulher \u00e9 achada morta na Ilha Porchat\",\"datePublished\":\"2021-02-22T19:07:17+00:00\",\"dateModified\":\"2021-02-22T19:07:36+00:00\",\"mainEntityOfPage\":{\"@id\":\"https:\\\/\\\/redenoticiaz.com.br\\\/litoralsp\\\/2021\\\/02\\\/22\\\/mulher-e-achada-morta-na-ilha-porchat\"},\"wordCount\":221,\"commentCount\":0,\"publisher\":{\"@id\":\"https:\\\/\\\/redenoticiaz.com.br\\\/litoralsp\\\/#organization\"},\"image\":{\"@id\":\"https:\\\/\\\/redenoticiaz.com.br\\\/litoralsp\\\/2021\\\/02\\\/22\\\/mulher-e-achada-morta-na-ilha-porchat#primaryimage\"},\"thumbnailUrl\":\"https:\\\/\\\/redenoticiaz.com.br\\\/litoralsp\\\/wp-content\\\/uploads\\\/sites\\\/3\\\/2021\\\/02\\\/corpo-ilha-porchat.jpg\",\"keywords\":[\"CORPO\",\"GRUPAMENTO DE BOMBEIROS MAR\u00cdTIMOS\",\"ILHA PORCHAT\",\"IML DE PRAIA GRANDE\",\"mulher\",\"PEDRAS\",\"policia militar\",\"SALVA-VIDAS\",\"S\u00e3o Vicente\"],\"articleSection\":[\"Pol\u00edcia\",\"S\u00e3o Vicente\"],\"inLanguage\":\"pt-BR\",\"potentialAction\":[{\"@type\":\"CommentAction\",\"name\":\"Comment\",\"target\":[\"https:\\\/\\\/redenoticiaz.com.br\\\/litoralsp\\\/2021\\\/02\\\/22\\\/mulher-e-achada-morta-na-ilha-porchat#respond\"]}]},{\"@type\":\"WebPage\",\"@id\":\"https:\\\/\\\/redenoticiaz.com.br\\\/litoralsp\\\/2021\\\/02\\\/22\\\/mulher-e-achada-morta-na-ilha-porchat\",\"url\":\"https:\\\/\\\/redenoticiaz.com.br\\\/litoralsp\\\/2021\\\/02\\\/22\\\/mulher-e-achada-morta-na-ilha-porchat\",\"name\":\"Mulher \u00e9 achada morta na Ilha Porchat - Litoral SP\",\"isPartOf\":{\"@id\":\"https:\\\/\\\/redenoticiaz.com.br\\\/litoralsp\\\/#website\"},\"primaryImageOfPage\":{\"@id\":\"https:\\\/\\\/redenoticiaz.com.br\\\/litoralsp\\\/2021\\\/02\\\/22\\\/mulher-e-achada-morta-na-ilha-porchat#primaryimage\"},\"image\":{\"@id\":\"https:\\\/\\\/redenoticiaz.com.br\\\/litoralsp\\\/2021\\\/02\\\/22\\\/mulher-e-achada-morta-na-ilha-porchat#primaryimage\"},\"thumbnailUrl\":\"https:\\\/\\\/redenoticiaz.com.br\\\/litoralsp\\\/wp-content\\\/uploads\\\/sites\\\/3\\\/2021\\\/02\\\/corpo-ilha-porchat.jpg\",\"datePublished\":\"2021-02-22T19:07:17+00:00\",\"dateModified\":\"2021-02-22T19:07:36+00:00\",\"description\":\"Foi encontrado o corpo de uma mulher nas pedras da Ilha Porchat, em S\u00e3o Vicente, nesta segunda-feira (22). O Grupamento de Bombeiros Mar\u00edtimo (GBMar)\",\"inLanguage\":\"pt-BR\",\"potentialAction\":[{\"@type\":\"ReadAction\",\"target\":[\"https:\\\/\\\/redenoticiaz.com.br\\\/litoralsp\\\/2021\\\/02\\\/22\\\/mulher-e-achada-morta-na-ilha-porchat\"]}]},{\"@type\":\"ImageObject\",\"inLanguage\":\"pt-BR\",\"@id\":\"https:\\\/\\\/redenoticiaz.com.br\\\/litoralsp\\\/2021\\\/02\\\/22\\\/mulher-e-achada-morta-na-ilha-porchat#primaryimage\",\"url\":\"https:\\\/\\\/redenoticiaz.com.br\\\/litoralsp\\\/wp-content\\\/uploads\\\/sites\\\/3\\\/2021\\\/02\\\/corpo-ilha-porchat.jpg\",\"contentUrl\":\"https:\\\/\\\/redenoticiaz.com.br\\\/litoralsp\\\/wp-content\\\/uploads\\\/sites\\\/3\\\/2021\\\/02\\\/corpo-ilha-porchat.jpg\",\"width\":984,\"height\":550,\"caption\":\"Mulher \u00e9 achada morta na Ilha Porchat\"},{\"@type\":\"WebSite\",\"@id\":\"https:\\\/\\\/redenoticiaz.com.br\\\/litoralsp\\\/#website\",\"url\":\"https:\\\/\\\/redenoticiaz.com.br\\\/litoralsp\\\/\",\"name\":\"Litoral SP\",\"description\":\"Rede NoticiaZ\",\"publisher\":{\"@id\":\"https:\\\/\\\/redenoticiaz.com.br\\\/litoralsp\\\/#organization\"},\"potentialAction\":[{\"@type\":\"SearchAction\",\"target\":{\"@type\":\"EntryPoint\",\"urlTemplate\":\"https:\\\/\\\/redenoticiaz.com.br\\\/litoralsp\\\/?s={search_term_string}\"},\"query-input\":{\"@type\":\"PropertyValueSpecification\",\"valueRequired\":true,\"valueName\":\"search_term_string\"}}],\"inLanguage\":\"pt-BR\"},{\"@type\":\"Organization\",\"@id\":\"https:\\\/\\\/redenoticiaz.com.br\\\/litoralsp\\\/#organization\",\"name\":\"Litoral SP\",\"url\":\"https:\\\/\\\/redenoticiaz.com.br\\\/litoralsp\\\/\",\"logo\":{\"@type\":\"ImageObject\",\"inLanguage\":\"pt-BR\",\"@id\":\"https:\\\/\\\/redenoticiaz.com.br\\\/litoralsp\\\/#\\\/schema\\\/logo\\\/image\\\/\",\"url\":\"https:\\\/\\\/redenoticiaz.com.br\\\/litoralsp\\\/wp-content\\\/uploads\\\/sites\\\/3\\\/2020\\\/11\\\/logo.jpg\",\"contentUrl\":\"https:\\\/\\\/redenoticiaz.com.br\\\/litoralsp\\\/wp-content\\\/uploads\\\/sites\\\/3\\\/2020\\\/11\\\/logo.jpg\",\"width\":400,\"height\":250,\"caption\":\"Litoral SP\"},\"image\":{\"@id\":\"https:\\\/\\\/redenoticiaz.com.br\\\/litoralsp\\\/#\\\/schema\\\/logo\\\/image\\\/\"}},{\"@type\":\"Person\",\"@id\":\"https:\\\/\\\/redenoticiaz.com.br\\\/litoralsp\\\/#\\\/schema\\\/person\\\/0f0b8a5bdafefe82841e07ae8d81ecb3\",\"name\":\"Leonardo Francisco\",\"image\":{\"@type\":\"ImageObject\",\"inLanguage\":\"pt-BR\",\"@id\":\"https:\\\/\\\/secure.gravatar.com\\\/avatar\\\/a7358cb406a99b682ec6df1e77e31ae82e63601f6784e8a3df411d72b37864da?s=96&d=mm&r=g\",\"url\":\"https:\\\/\\\/secure.gravatar.com\\\/avatar\\\/a7358cb406a99b682ec6df1e77e31ae82e63601f6784e8a3df411d72b37864da?s=96&d=mm&r=g\",\"contentUrl\":\"https:\\\/\\\/secure.gravatar.com\\\/avatar\\\/a7358cb406a99b682ec6df1e77e31ae82e63601f6784e8a3df411d72b37864da?s=96&d=mm&r=g\",\"caption\":\"Leonardo Francisco\"},\"url\":\"https:\\\/\\\/redenoticiaz.com.br\\\/litoralsp\\\/author\\\/leonardo-francisco\"}]}<\/script>\n<!-- \/ Yoast SEO plugin. -->","yoast_head_json":{"title":"Mulher \u00e9 achada morta na Ilha Porchat - Litoral SP","description":"Foi encontrado o corpo de uma mulher nas pedras da Ilha Porchat, em S\u00e3o Vicente, nesta segunda-feira (22). O Grupamento de Bombeiros Mar\u00edtimo (GBMar)","robots":{"index":"index","follow":"follow","max-snippet":"max-snippet:-1","max-image-preview":"max-image-preview:large","max-video-preview":"max-video-preview:-1"},"canonical":"https:\/\/redenoticiaz.com.br\/litoralsp\/2021\/02\/22\/mulher-e-achada-morta-na-ilha-porchat","og_locale":"pt_BR","og_type":"article","og_title":"Mulher \u00e9 achada morta na Ilha Porchat - Litoral SP","og_description":"Foi encontrado o corpo de uma mulher nas pedras da Ilha Porchat, em S\u00e3o Vicente, nesta segunda-feira (22). O Grupamento de Bombeiros Mar\u00edtimo (GBMar)","og_url":"https:\/\/redenoticiaz.com.br\/litoralsp\/2021\/02\/22\/mulher-e-achada-morta-na-ilha-porchat","og_site_name":"Litoral SP","article_published_time":"2021-02-22T19:07:17+00:00","article_modified_time":"2021-02-22T19:07:36+00:00","og_image":[{"width":984,"height":550,"url":"https:\/\/redenoticiaz.com.br\/litoralsp\/wp-content\/uploads\/sites\/3\/2021\/02\/corpo-ilha-porchat.jpg","type":"image\/jpeg"}],"author":"Leonardo Francisco","twitter_card":"summary_large_image","twitter_misc":{"Escrito por":"Leonardo Francisco","Est. tempo de leitura":"1 minuto"},"schema":{"@context":"https:\/\/schema.org","@graph":[{"@type":"Article","@id":"https:\/\/redenoticiaz.com.br\/litoralsp\/2021\/02\/22\/mulher-e-achada-morta-na-ilha-porchat#article","isPartOf":{"@id":"https:\/\/redenoticiaz.com.br\/litoralsp\/2021\/02\/22\/mulher-e-achada-morta-na-ilha-porchat"},"author":{"name":"Leonardo Francisco","@id":"https:\/\/redenoticiaz.com.br\/litoralsp\/#\/schema\/person\/0f0b8a5bdafefe82841e07ae8d81ecb3"},"headline":"Mulher \u00e9 achada morta na Ilha Porchat","datePublished":"2021-02-22T19:07:17+00:00","dateModified":"2021-02-22T19:07:36+00:00","mainEntityOfPage":{"@id":"https:\/\/redenoticiaz.com.br\/litoralsp\/2021\/02\/22\/mulher-e-achada-morta-na-ilha-porchat"},"wordCount":221,"commentCount":0,"publisher":{"@id":"https:\/\/redenoticiaz.com.br\/litoralsp\/#organization"},"image":{"@id":"https:\/\/redenoticiaz.com.br\/litoralsp\/2021\/02\/22\/mulher-e-achada-morta-na-ilha-porchat#primaryimage"},"thumbnailUrl":"https:\/\/redenoticiaz.com.br\/litoralsp\/wp-content\/uploads\/sites\/3\/2021\/02\/corpo-ilha-porchat.jpg","keywords":["CORPO","GRUPAMENTO DE BOMBEIROS MAR\u00cdTIMOS","ILHA PORCHAT","IML DE PRAIA GRANDE","mulher","PEDRAS","policia militar","SALVA-VIDAS","S\u00e3o Vicente"],"articleSection":["Pol\u00edcia","S\u00e3o Vicente"],"inLanguage":"pt-BR","potentialAction":[{"@type":"CommentAction","name":"Comment","target":["https:\/\/redenoticiaz.com.br\/litoralsp\/2021\/02\/22\/mulher-e-achada-morta-na-ilha-porchat#respond"]}]},{"@type":"WebPage","@id":"https:\/\/redenoticiaz.com.br\/litoralsp\/2021\/02\/22\/mulher-e-achada-morta-na-ilha-porchat","url":"https:\/\/redenoticiaz.com.br\/litoralsp\/2021\/02\/22\/mulher-e-achada-morta-na-ilha-porchat","name":"Mulher \u00e9 achada morta na Ilha Porchat - Litoral SP","isPartOf":{"@id":"https:\/\/redenoticiaz.com.br\/litoralsp\/#website"},"primaryImageOfPage":{"@id":"https:\/\/redenoticiaz.com.br\/litoralsp\/2021\/02\/22\/mulher-e-achada-morta-na-ilha-porchat#primaryimage"},"image":{"@id":"https:\/\/redenoticiaz.com.br\/litoralsp\/2021\/02\/22\/mulher-e-achada-morta-na-ilha-porchat#primaryimage"},"thumbnailUrl":"https:\/\/redenoticiaz.com.br\/litoralsp\/wp-content\/uploads\/sites\/3\/2021\/02\/corpo-ilha-porchat.jpg","datePublished":"2021-02-22T19:07:17+00:00","dateModified":"2021-02-22T19:07:36+00:00","description":"Foi encontrado o corpo de uma mulher nas pedras da Ilha Porchat, em S\u00e3o Vicente, nesta segunda-feira (22). O Grupamento de Bombeiros Mar\u00edtimo (GBMar)","inLanguage":"pt-BR","potentialAction":[{"@type":"ReadAction","target":["https:\/\/redenoticiaz.com.br\/litoralsp\/2021\/02\/22\/mulher-e-achada-morta-na-ilha-porchat"]}]},{"@type":"ImageObject","inLanguage":"pt-BR","@id":"https:\/\/redenoticiaz.com.br\/litoralsp\/2021\/02\/22\/mulher-e-achada-morta-na-ilha-porchat#primaryimage","url":"https:\/\/redenoticiaz.com.br\/litoralsp\/wp-content\/uploads\/sites\/3\/2021\/02\/corpo-ilha-porchat.jpg","contentUrl":"https:\/\/redenoticiaz.com.br\/litoralsp\/wp-content\/uploads\/sites\/3\/2021\/02\/corpo-ilha-porchat.jpg","width":984,"height":550,"caption":"Mulher \u00e9 achada morta na Ilha Porchat"},{"@type":"WebSite","@id":"https:\/\/redenoticiaz.com.br\/litoralsp\/#website","url":"https:\/\/redenoticiaz.com.br\/litoralsp\/","name":"Litoral SP","description":"Rede NoticiaZ","publisher":{"@id":"https:\/\/redenoticiaz.com.br\/litoralsp\/#organization"},"potentialAction":[{"@type":"SearchAction","target":{"@type":"EntryPoint","urlTemplate":"https:\/\/redenoticiaz.com.br\/litoralsp\/?s={search_term_string}"},"query-input":{"@type":"PropertyValueSpecification","valueRequired":true,"valueName":"search_term_string"}}],"inLanguage":"pt-BR"},{"@type":"Organization","@id":"https:\/\/redenoticiaz.com.br\/litoralsp\/#organization","name":"Litoral SP","url":"https:\/\/redenoticiaz.com.br\/litoralsp\/","logo":{"@type":"ImageObject","inLanguage":"pt-BR","@id":"https:\/\/redenoticiaz.com.br\/litoralsp\/#\/schema\/logo\/image\/","url":"https:\/\/redenoticiaz.com.br\/litoralsp\/wp-content\/uploads\/sites\/3\/2020\/11\/logo.jpg","contentUrl":"https:\/\/redenoticiaz.com.br\/litoralsp\/wp-content\/uploads\/sites\/3\/2020\/11\/logo.jpg","width":400,"height":250,"caption":"Litoral SP"},"image":{"@id":"https:\/\/redenoticiaz.com.br\/litoralsp\/#\/schema\/logo\/image\/"}},{"@type":"Person","@id":"https:\/\/redenoticiaz.com.br\/litoralsp\/#\/schema\/person\/0f0b8a5bdafefe82841e07ae8d81ecb3","name":"Leonardo Francisco","image":{"@type":"ImageObject","inLanguage":"pt-BR","@id":"https:\/\/secure.gravatar.com\/avatar\/a7358cb406a99b682ec6df1e77e31ae82e63601f6784e8a3df411d72b37864da?s=96&d=mm&r=g","url":"https:\/\/secure.gravatar.com\/avatar\/a7358cb406a99b682ec6df1e77e31ae82e63601f6784e8a3df411d72b37864da?s=96&d=mm&r=g","contentUrl":"https:\/\/secure.gravatar.com\/avatar\/a7358cb406a99b682ec6df1e77e31ae82e63601f6784e8a3df411d72b37864da?s=96&d=mm&r=g","caption":"Leonardo Francisco"},"url":"https:\/\/redenoticiaz.com.br\/litoralsp\/author\/leonardo-francisco"}]}},"_links":{"self":[{"href":"https:\/\/redenoticiaz.com.br\/litoralsp\/wp-json\/wp\/v2\/posts\/4571","targetHints":{"allow":["GET"]}}],"collection":[{"href":"https:\/\/redenoticiaz.com.br\/litoralsp\/wp-json\/wp\/v2\/posts"}],"about":[{"href":"https:\/\/redenoticiaz.com.br\/litoralsp\/wp-json\/wp\/v2\/types\/post"}],"author":[{"embeddable":true,"href":"https:\/\/redenoticiaz.com.br\/litoralsp\/wp-json\/wp\/v2\/users\/6"}],"replies":[{"embeddable":true,"href":"https:\/\/redenoticiaz.com.br\/litoralsp\/wp-json\/wp\/v2\/comments?post=4571"}],"version-history":[{"count":1,"href":"https:\/\/redenoticiaz.com.br\/litoralsp\/wp-json\/wp\/v2\/posts\/4571\/revisions"}],"predecessor-version":[{"id":4573,"href":"https:\/\/redenoticiaz.com.br\/litoralsp\/wp-json\/wp\/v2\/posts\/4571\/revisions\/4573"}],"wp:featuredmedia":[{"embeddable":true,"href":"https:\/\/redenoticiaz.com.br\/litoralsp\/wp-json\/wp\/v2\/media\/4572"}],"wp:attachment":[{"href":"https:\/\/redenoticiaz.com.br\/litoralsp\/wp-json\/wp\/v2\/media?parent=4571"}],"wp:term":[{"taxonomy":"category","embeddable":true,"href":"https:\/\/redenoticiaz.com.br\/litoralsp\/wp-json\/wp\/v2\/categories?post=4571"},{"taxonomy":"post_tag","embeddable":true,"href":"https:\/\/redenoticiaz.com.br\/litoralsp\/wp-json\/wp\/v2\/tags?post=4571"}],"curies":[{"name":"wp","href":"https:\/\/api.w.org\/{rel}","templated":true}]}}