{"id":4574,"date":"2021-02-22T16:53:34","date_gmt":"2021-02-22T19:53:34","guid":{"rendered":"https:\/\/redenoticiaz.com.br\/litoralsp\/?p=4574"},"modified":"2021-02-22T16:53:56","modified_gmt":"2021-02-22T19:53:56","slug":"condominio-de-luxo-vira-motivo-de-bronca","status":"publish","type":"post","link":"https:\/\/redenoticiaz.com.br\/litoralsp\/2021\/02\/22\/condominio-de-luxo-vira-motivo-de-bronca","title":{"rendered":"Condom\u00ednio de luxo vira motivo de bronca"},"content":{"rendered":"<p>Viver em condom\u00ednio de luxo deveria ser sin\u00f4nimo de organiza\u00e7\u00e3o, conforto, seguran\u00e7a e limpeza. Mas n\u00e3o \u00e9 o que acontece no <a href=\"https:\/\/www.guaruja.sp.gov.br\/\">Guaruj\u00e1<\/a>, porque a bronca dos moradores \u00e9 com o descarte irregular de lixo que acontece justamente em uma \u00e1rea de preserva\u00e7\u00e3o ambiental.<\/p>\n<p>A Associa\u00e7\u00e3o dos Moradores e Amigos do Cachoeira (Amac) diz que este problema j\u00e1 acontece h\u00e1 3 meses e o ac\u00famulo de sujeira \u00e9 um tremendo inc\u00f4modo aos moradores. At\u00e9 o Minist\u00e9rio P\u00fablico entrou na parada para investigar o caso.<\/p>\n<p>O condom\u00ednio Iporanga S\u00e3o Pedro conta com grandes casas com vista para o mar. Ele est\u00e1 localizado abrange as praias de Iporanga, S\u00e3o Pedro e Conchas, sendo uma \u00e1rea de preserva\u00e7\u00e3o ambiental. O condom\u00ednio \u00e9 administrada pela Associa\u00e7\u00e3o de Propriet\u00e1rios do Iporanga (SASIP).<\/p>\n<p>Foi informado que o condom\u00ednio pode deter apenas um terreno e \u00e9 para armazenar e triturar a vegeta\u00e7\u00e3o depois da poda de \u00e1rvores. O terreno \u00e9 da Uni\u00e3o e fica \u00e0s margens da Rodovia Guaruj\u00e1-Bertioga, sendo integrado na \u00e1rea de Prote\u00e7\u00e3o Ambiental do Parque da Serra do Guararu.<\/p>\n<p>Mas o uso tem sido para o descarte irregular de lixo. A bronca dos moradores \u00e9 que este descarte est\u00e1 prejudicando todo o ecossistema do local e vai atingindo a vegeta\u00e7\u00e3o e ao mangue. Eles exigem que uma fiscaliza\u00e7\u00e3o seja feita de forma constante.<\/p>\n<p>Uma placa instalada em frente ao terreno diz que o espa\u00e7o \u00e9 de conserva\u00e7\u00e3o ambiental e explica o que \u00e9 compostagem. Por\u00e9m, n\u00e3o h\u00e1 o processamento de materiais org\u00e2nicos em adubo naquele local.<\/p>\n<h3>O que diz a Prefeitura?<\/h3>\n<div class=\"mc-column content-text active-extra-styles \" data-block-type=\"unstyled\" data-block-weight=\"66\" data-block-id=\"12\">\n<p class=\"content-text__container \" data-track-category=\"Link no Texto\" data-track-links=\"\">Em nota, a Prefeitura de Guaruj\u00e1 informou que o centro de compostagem n\u00e3o \u00e9 de propriedade do munic\u00edpio, mas mantido pelo pr\u00f3prio condom\u00ednio. Fiscais da Secretaria de Meio Ambiente (Semam) estiveram no local na \u00faltima quinta-feira (18) e intimaram o loteamento a regularizar a situa\u00e7\u00e3o. A coleta de lixo no local \u00e9 realizada diariamente, durante o per\u00edodo matutino, por equipes da Secretaria de Opera\u00e7\u00f5es Urbanas (Seurb).<\/p>\n<\/div>\n<div class=\"content-ads content-ads--reveal\" data-block-type=\"ads\" data-block-id=\"13\"><\/div>\n<div class=\"mc-column content-text active-extra-styles \" data-block-type=\"unstyled\" data-block-weight=\"43\" data-block-id=\"14\">\n<p class=\"content-text__container \" data-track-category=\"Link no Texto\" data-track-links=\"\">A Companhia Ambiental do Estado de S\u00e3o Paulo (Cetesb) foi procurada para informar sobre o controle, fiscaliza\u00e7\u00e3o, monitoramento e licenciamento de atividades naquela regi\u00e3o. Mas at\u00e9 o momento o \u00f3rg\u00e3o n\u00e3o se posicionou sobre o assunto.<\/p>\n<\/div>\n<div class=\"mc-column content-text active-extra-styles \" data-block-type=\"unstyled\" data-block-weight=\"28\" data-block-id=\"15\">\n<p class=\"content-text__container \" data-track-category=\"Link no Texto\" data-track-links=\"\">A Associa\u00e7\u00e3o dos Propriet\u00e1rios do Iporanga (Sasip) respons\u00e1vel pelo condom\u00ednio Iporanga S\u00e3o Pedro tamb\u00e9m foi procurada. S\u00f3 que at\u00e9 o momento n\u00e3o houve contato.<\/p>\n<p data-track-category=\"Link no Texto\" data-track-links=\"\">Leia tamb\u00e9m<\/p>\n<p data-track-category=\"Link no Texto\" data-track-links=\"\"><a href=\"https:\/\/redenoticiaz.com.br\/litoralsp\/2021\/02\/21\/venda-irregular-de-caranguejo-e-flagrada\">Venda irregular de caranguejo \u00e9 flagrada<\/a><\/p>\n<\/div>\n","protected":false},"excerpt":{"rendered":"<p>Viver em condom\u00ednio de luxo deveria ser sin\u00f4nimo de organiza\u00e7\u00e3o, conforto, seguran\u00e7a e limpeza. Mas n\u00e3o \u00e9 o que acontece no Guaruj\u00e1, porque a bronca dos moradores \u00e9 com o descarte irregular de lixo que acontece justamente em uma \u00e1rea de preserva\u00e7\u00e3o ambiental. A Associa\u00e7\u00e3o dos Moradores e Amigos do Cachoeira (Amac) diz que este &hellip;<\/p>\n","protected":false},"author":6,"featured_media":4575,"comment_status":"open","ping_status":"closed","sticky":false,"template":"","format":"standard","meta":{"footnotes":""},"categories":[187,1487],"tags":[12969,12968,12963,910,1006,12964,12966,12967,12965],"class_list":["post-4574","post","type-post","status-publish","format-standard","has-post-thumbnail","hentry","category-guaruja","category-meio-ambiente","tag-associacao-dos-moradores-e-amigos-do-cachoeira","tag-bronca-associacao-dos-proprietarios-do-iporanga","tag-condominio-d-eluxo","tag-descarte","tag-guaruja","tag-iporanga","tag-lixo","tag-reclamacoes","tag-rodovia-guaruja-bertioga"],"yoast_head":"<!-- This site is optimized with the Yoast SEO plugin v27.5 - https:\/\/yoast.com\/product\/yoast-seo-wordpress\/ -->\n<title>Condom\u00ednio de luxo vira motivo de bronca - Litoral SP<\/title>\n<meta name=\"description\" content=\"Viver em condom\u00ednio de luxo deveria ser sin\u00f4nimo de organiza\u00e7\u00e3o, conforto, seguran\u00e7a e limpeza. Mas n\u00e3o \u00e9 o que acontece no Guaruj\u00e1, porque a bronca\" \/>\n<meta name=\"robots\" content=\"index, follow, max-snippet:-1, max-image-preview:large, max-video-preview:-1\" \/>\n<link rel=\"canonical\" href=\"https:\/\/redenoticiaz.com.br\/litoralsp\/2021\/02\/22\/condominio-de-luxo-vira-motivo-de-bronca\" \/>\n<meta property=\"og:locale\" content=\"pt_BR\" \/>\n<meta property=\"og:type\" content=\"article\" \/>\n<meta property=\"og:title\" content=\"Condom\u00ednio de luxo vira motivo de bronca - Litoral SP\" \/>\n<meta property=\"og:description\" content=\"Viver em condom\u00ednio de luxo deveria ser sin\u00f4nimo de organiza\u00e7\u00e3o, conforto, seguran\u00e7a e limpeza. Mas n\u00e3o \u00e9 o que acontece no Guaruj\u00e1, porque a bronca\" \/>\n<meta property=\"og:url\" content=\"https:\/\/redenoticiaz.com.br\/litoralsp\/2021\/02\/22\/condominio-de-luxo-vira-motivo-de-bronca\" \/>\n<meta property=\"og:site_name\" content=\"Litoral SP\" \/>\n<meta property=\"article:published_time\" content=\"2021-02-22T19:53:34+00:00\" \/>\n<meta property=\"article:modified_time\" content=\"2021-02-22T19:53:56+00:00\" \/>\n<meta property=\"og:image\" content=\"https:\/\/redenoticiaz.com.br\/litoralsp\/wp-content\/uploads\/sites\/3\/2021\/02\/whatsapp-image-2021-02-18-at-172555-1.jpeg\" \/>\n\t<meta property=\"og:image:width\" content=\"984\" \/>\n\t<meta property=\"og:image:height\" content=\"553\" \/>\n\t<meta property=\"og:image:type\" content=\"image\/jpeg\" \/>\n<meta name=\"author\" content=\"Leonardo Francisco\" \/>\n<meta name=\"twitter:card\" content=\"summary_large_image\" \/>\n<meta name=\"twitter:label1\" content=\"Escrito por\" \/>\n\t<meta name=\"twitter:data1\" content=\"Leonardo Francisco\" \/>\n\t<meta name=\"twitter:label2\" content=\"Est. tempo de leitura\" \/>\n\t<meta name=\"twitter:data2\" content=\"2 minutos\" \/>\n<script type=\"application\/ld+json\" class=\"yoast-schema-graph\">{\"@context\":\"https:\\\/\\\/schema.org\",\"@graph\":[{\"@type\":\"Article\",\"@id\":\"https:\\\/\\\/redenoticiaz.com.br\\\/litoralsp\\\/2021\\\/02\\\/22\\\/condominio-de-luxo-vira-motivo-de-bronca#article\",\"isPartOf\":{\"@id\":\"https:\\\/\\\/redenoticiaz.com.br\\\/litoralsp\\\/2021\\\/02\\\/22\\\/condominio-de-luxo-vira-motivo-de-bronca\"},\"author\":{\"name\":\"Leonardo Francisco\",\"@id\":\"https:\\\/\\\/redenoticiaz.com.br\\\/litoralsp\\\/#\\\/schema\\\/person\\\/0f0b8a5bdafefe82841e07ae8d81ecb3\"},\"headline\":\"Condom\u00ednio de luxo vira motivo de bronca\",\"datePublished\":\"2021-02-22T19:53:34+00:00\",\"dateModified\":\"2021-02-22T19:53:56+00:00\",\"mainEntityOfPage\":{\"@id\":\"https:\\\/\\\/redenoticiaz.com.br\\\/litoralsp\\\/2021\\\/02\\\/22\\\/condominio-de-luxo-vira-motivo-de-bronca\"},\"wordCount\":434,\"commentCount\":0,\"publisher\":{\"@id\":\"https:\\\/\\\/redenoticiaz.com.br\\\/litoralsp\\\/#organization\"},\"image\":{\"@id\":\"https:\\\/\\\/redenoticiaz.com.br\\\/litoralsp\\\/2021\\\/02\\\/22\\\/condominio-de-luxo-vira-motivo-de-bronca#primaryimage\"},\"thumbnailUrl\":\"https:\\\/\\\/redenoticiaz.com.br\\\/litoralsp\\\/wp-content\\\/uploads\\\/sites\\\/3\\\/2021\\\/02\\\/whatsapp-image-2021-02-18-at-172555-1.jpeg\",\"keywords\":[\"ASSOCIA\u00c7\u00c3O DOS MORADORES E AMIGOS DO CACHOEIRA\",\"BRONCA ASSOCIA\u00c7\u00c3O DOS PROPRIET\u00c1RIOS DO IPORANGA\",\"CONDOM\u00cdNIO D ELUXO\",\"DESCARTE\",\"GUARUJ\u00c1\",\"IPORANGA\",\"LIXO\",\"RECLAMA\u00c7\u00d5ES\",\"RODOVIA GUARUJ\u00c1-BERTIOGA\"],\"articleSection\":[\"Guaruj\u00e1\",\"Meio Ambiente\"],\"inLanguage\":\"pt-BR\",\"potentialAction\":[{\"@type\":\"CommentAction\",\"name\":\"Comment\",\"target\":[\"https:\\\/\\\/redenoticiaz.com.br\\\/litoralsp\\\/2021\\\/02\\\/22\\\/condominio-de-luxo-vira-motivo-de-bronca#respond\"]}]},{\"@type\":\"WebPage\",\"@id\":\"https:\\\/\\\/redenoticiaz.com.br\\\/litoralsp\\\/2021\\\/02\\\/22\\\/condominio-de-luxo-vira-motivo-de-bronca\",\"url\":\"https:\\\/\\\/redenoticiaz.com.br\\\/litoralsp\\\/2021\\\/02\\\/22\\\/condominio-de-luxo-vira-motivo-de-bronca\",\"name\":\"Condom\u00ednio de luxo vira motivo de bronca - Litoral SP\",\"isPartOf\":{\"@id\":\"https:\\\/\\\/redenoticiaz.com.br\\\/litoralsp\\\/#website\"},\"primaryImageOfPage\":{\"@id\":\"https:\\\/\\\/redenoticiaz.com.br\\\/litoralsp\\\/2021\\\/02\\\/22\\\/condominio-de-luxo-vira-motivo-de-bronca#primaryimage\"},\"image\":{\"@id\":\"https:\\\/\\\/redenoticiaz.com.br\\\/litoralsp\\\/2021\\\/02\\\/22\\\/condominio-de-luxo-vira-motivo-de-bronca#primaryimage\"},\"thumbnailUrl\":\"https:\\\/\\\/redenoticiaz.com.br\\\/litoralsp\\\/wp-content\\\/uploads\\\/sites\\\/3\\\/2021\\\/02\\\/whatsapp-image-2021-02-18-at-172555-1.jpeg\",\"datePublished\":\"2021-02-22T19:53:34+00:00\",\"dateModified\":\"2021-02-22T19:53:56+00:00\",\"description\":\"Viver em condom\u00ednio de luxo deveria ser sin\u00f4nimo de organiza\u00e7\u00e3o, conforto, seguran\u00e7a e limpeza. Mas n\u00e3o \u00e9 o que acontece no Guaruj\u00e1, porque a bronca\",\"inLanguage\":\"pt-BR\",\"potentialAction\":[{\"@type\":\"ReadAction\",\"target\":[\"https:\\\/\\\/redenoticiaz.com.br\\\/litoralsp\\\/2021\\\/02\\\/22\\\/condominio-de-luxo-vira-motivo-de-bronca\"]}]},{\"@type\":\"ImageObject\",\"inLanguage\":\"pt-BR\",\"@id\":\"https:\\\/\\\/redenoticiaz.com.br\\\/litoralsp\\\/2021\\\/02\\\/22\\\/condominio-de-luxo-vira-motivo-de-bronca#primaryimage\",\"url\":\"https:\\\/\\\/redenoticiaz.com.br\\\/litoralsp\\\/wp-content\\\/uploads\\\/sites\\\/3\\\/2021\\\/02\\\/whatsapp-image-2021-02-18-at-172555-1.jpeg\",\"contentUrl\":\"https:\\\/\\\/redenoticiaz.com.br\\\/litoralsp\\\/wp-content\\\/uploads\\\/sites\\\/3\\\/2021\\\/02\\\/whatsapp-image-2021-02-18-at-172555-1.jpeg\",\"width\":984,\"height\":553,\"caption\":\"Cr\u00e9ditos: Arquivo Pessoal\\\/Dami\u00e3o Santos Machado.\"},{\"@type\":\"WebSite\",\"@id\":\"https:\\\/\\\/redenoticiaz.com.br\\\/litoralsp\\\/#website\",\"url\":\"https:\\\/\\\/redenoticiaz.com.br\\\/litoralsp\\\/\",\"name\":\"Litoral SP\",\"description\":\"Rede NoticiaZ\",\"publisher\":{\"@id\":\"https:\\\/\\\/redenoticiaz.com.br\\\/litoralsp\\\/#organization\"},\"potentialAction\":[{\"@type\":\"SearchAction\",\"target\":{\"@type\":\"EntryPoint\",\"urlTemplate\":\"https:\\\/\\\/redenoticiaz.com.br\\\/litoralsp\\\/?s={search_term_string}\"},\"query-input\":{\"@type\":\"PropertyValueSpecification\",\"valueRequired\":true,\"valueName\":\"search_term_string\"}}],\"inLanguage\":\"pt-BR\"},{\"@type\":\"Organization\",\"@id\":\"https:\\\/\\\/redenoticiaz.com.br\\\/litoralsp\\\/#organization\",\"name\":\"Litoral SP\",\"url\":\"https:\\\/\\\/redenoticiaz.com.br\\\/litoralsp\\\/\",\"logo\":{\"@type\":\"ImageObject\",\"inLanguage\":\"pt-BR\",\"@id\":\"https:\\\/\\\/redenoticiaz.com.br\\\/litoralsp\\\/#\\\/schema\\\/logo\\\/image\\\/\",\"url\":\"https:\\\/\\\/redenoticiaz.com.br\\\/litoralsp\\\/wp-content\\\/uploads\\\/sites\\\/3\\\/2020\\\/11\\\/logo.jpg\",\"contentUrl\":\"https:\\\/\\\/redenoticiaz.com.br\\\/litoralsp\\\/wp-content\\\/uploads\\\/sites\\\/3\\\/2020\\\/11\\\/logo.jpg\",\"width\":400,\"height\":250,\"caption\":\"Litoral SP\"},\"image\":{\"@id\":\"https:\\\/\\\/redenoticiaz.com.br\\\/litoralsp\\\/#\\\/schema\\\/logo\\\/image\\\/\"}},{\"@type\":\"Person\",\"@id\":\"https:\\\/\\\/redenoticiaz.com.br\\\/litoralsp\\\/#\\\/schema\\\/person\\\/0f0b8a5bdafefe82841e07ae8d81ecb3\",\"name\":\"Leonardo Francisco\",\"image\":{\"@type\":\"ImageObject\",\"inLanguage\":\"pt-BR\",\"@id\":\"https:\\\/\\\/secure.gravatar.com\\\/avatar\\\/a7358cb406a99b682ec6df1e77e31ae82e63601f6784e8a3df411d72b37864da?s=96&d=mm&r=g\",\"url\":\"https:\\\/\\\/secure.gravatar.com\\\/avatar\\\/a7358cb406a99b682ec6df1e77e31ae82e63601f6784e8a3df411d72b37864da?s=96&d=mm&r=g\",\"contentUrl\":\"https:\\\/\\\/secure.gravatar.com\\\/avatar\\\/a7358cb406a99b682ec6df1e77e31ae82e63601f6784e8a3df411d72b37864da?s=96&d=mm&r=g\",\"caption\":\"Leonardo Francisco\"},\"url\":\"https:\\\/\\\/redenoticiaz.com.br\\\/litoralsp\\\/author\\\/leonardo-francisco\"}]}<\/script>\n<!-- \/ Yoast SEO plugin. -->","yoast_head_json":{"title":"Condom\u00ednio de luxo vira motivo de bronca - Litoral SP","description":"Viver em condom\u00ednio de luxo deveria ser sin\u00f4nimo de organiza\u00e7\u00e3o, conforto, seguran\u00e7a e limpeza. Mas n\u00e3o \u00e9 o que acontece no Guaruj\u00e1, porque a bronca","robots":{"index":"index","follow":"follow","max-snippet":"max-snippet:-1","max-image-preview":"max-image-preview:large","max-video-preview":"max-video-preview:-1"},"canonical":"https:\/\/redenoticiaz.com.br\/litoralsp\/2021\/02\/22\/condominio-de-luxo-vira-motivo-de-bronca","og_locale":"pt_BR","og_type":"article","og_title":"Condom\u00ednio de luxo vira motivo de bronca - Litoral SP","og_description":"Viver em condom\u00ednio de luxo deveria ser sin\u00f4nimo de organiza\u00e7\u00e3o, conforto, seguran\u00e7a e limpeza. Mas n\u00e3o \u00e9 o que acontece no Guaruj\u00e1, porque a bronca","og_url":"https:\/\/redenoticiaz.com.br\/litoralsp\/2021\/02\/22\/condominio-de-luxo-vira-motivo-de-bronca","og_site_name":"Litoral SP","article_published_time":"2021-02-22T19:53:34+00:00","article_modified_time":"2021-02-22T19:53:56+00:00","og_image":[{"width":984,"height":553,"url":"https:\/\/redenoticiaz.com.br\/litoralsp\/wp-content\/uploads\/sites\/3\/2021\/02\/whatsapp-image-2021-02-18-at-172555-1.jpeg","type":"image\/jpeg"}],"author":"Leonardo Francisco","twitter_card":"summary_large_image","twitter_misc":{"Escrito por":"Leonardo Francisco","Est. tempo de leitura":"2 minutos"},"schema":{"@context":"https:\/\/schema.org","@graph":[{"@type":"Article","@id":"https:\/\/redenoticiaz.com.br\/litoralsp\/2021\/02\/22\/condominio-de-luxo-vira-motivo-de-bronca#article","isPartOf":{"@id":"https:\/\/redenoticiaz.com.br\/litoralsp\/2021\/02\/22\/condominio-de-luxo-vira-motivo-de-bronca"},"author":{"name":"Leonardo Francisco","@id":"https:\/\/redenoticiaz.com.br\/litoralsp\/#\/schema\/person\/0f0b8a5bdafefe82841e07ae8d81ecb3"},"headline":"Condom\u00ednio de luxo vira motivo de bronca","datePublished":"2021-02-22T19:53:34+00:00","dateModified":"2021-02-22T19:53:56+00:00","mainEntityOfPage":{"@id":"https:\/\/redenoticiaz.com.br\/litoralsp\/2021\/02\/22\/condominio-de-luxo-vira-motivo-de-bronca"},"wordCount":434,"commentCount":0,"publisher":{"@id":"https:\/\/redenoticiaz.com.br\/litoralsp\/#organization"},"image":{"@id":"https:\/\/redenoticiaz.com.br\/litoralsp\/2021\/02\/22\/condominio-de-luxo-vira-motivo-de-bronca#primaryimage"},"thumbnailUrl":"https:\/\/redenoticiaz.com.br\/litoralsp\/wp-content\/uploads\/sites\/3\/2021\/02\/whatsapp-image-2021-02-18-at-172555-1.jpeg","keywords":["ASSOCIA\u00c7\u00c3O DOS MORADORES E AMIGOS DO CACHOEIRA","BRONCA ASSOCIA\u00c7\u00c3O DOS PROPRIET\u00c1RIOS DO IPORANGA","CONDOM\u00cdNIO D ELUXO","DESCARTE","GUARUJ\u00c1","IPORANGA","LIXO","RECLAMA\u00c7\u00d5ES","RODOVIA GUARUJ\u00c1-BERTIOGA"],"articleSection":["Guaruj\u00e1","Meio Ambiente"],"inLanguage":"pt-BR","potentialAction":[{"@type":"CommentAction","name":"Comment","target":["https:\/\/redenoticiaz.com.br\/litoralsp\/2021\/02\/22\/condominio-de-luxo-vira-motivo-de-bronca#respond"]}]},{"@type":"WebPage","@id":"https:\/\/redenoticiaz.com.br\/litoralsp\/2021\/02\/22\/condominio-de-luxo-vira-motivo-de-bronca","url":"https:\/\/redenoticiaz.com.br\/litoralsp\/2021\/02\/22\/condominio-de-luxo-vira-motivo-de-bronca","name":"Condom\u00ednio de luxo vira motivo de bronca - Litoral SP","isPartOf":{"@id":"https:\/\/redenoticiaz.com.br\/litoralsp\/#website"},"primaryImageOfPage":{"@id":"https:\/\/redenoticiaz.com.br\/litoralsp\/2021\/02\/22\/condominio-de-luxo-vira-motivo-de-bronca#primaryimage"},"image":{"@id":"https:\/\/redenoticiaz.com.br\/litoralsp\/2021\/02\/22\/condominio-de-luxo-vira-motivo-de-bronca#primaryimage"},"thumbnailUrl":"https:\/\/redenoticiaz.com.br\/litoralsp\/wp-content\/uploads\/sites\/3\/2021\/02\/whatsapp-image-2021-02-18-at-172555-1.jpeg","datePublished":"2021-02-22T19:53:34+00:00","dateModified":"2021-02-22T19:53:56+00:00","description":"Viver em condom\u00ednio de luxo deveria ser sin\u00f4nimo de organiza\u00e7\u00e3o, conforto, seguran\u00e7a e limpeza. Mas n\u00e3o \u00e9 o que acontece no Guaruj\u00e1, porque a bronca","inLanguage":"pt-BR","potentialAction":[{"@type":"ReadAction","target":["https:\/\/redenoticiaz.com.br\/litoralsp\/2021\/02\/22\/condominio-de-luxo-vira-motivo-de-bronca"]}]},{"@type":"ImageObject","inLanguage":"pt-BR","@id":"https:\/\/redenoticiaz.com.br\/litoralsp\/2021\/02\/22\/condominio-de-luxo-vira-motivo-de-bronca#primaryimage","url":"https:\/\/redenoticiaz.com.br\/litoralsp\/wp-content\/uploads\/sites\/3\/2021\/02\/whatsapp-image-2021-02-18-at-172555-1.jpeg","contentUrl":"https:\/\/redenoticiaz.com.br\/litoralsp\/wp-content\/uploads\/sites\/3\/2021\/02\/whatsapp-image-2021-02-18-at-172555-1.jpeg","width":984,"height":553,"caption":"Cr\u00e9ditos: Arquivo Pessoal\/Dami\u00e3o Santos Machado."},{"@type":"WebSite","@id":"https:\/\/redenoticiaz.com.br\/litoralsp\/#website","url":"https:\/\/redenoticiaz.com.br\/litoralsp\/","name":"Litoral SP","description":"Rede NoticiaZ","publisher":{"@id":"https:\/\/redenoticiaz.com.br\/litoralsp\/#organization"},"potentialAction":[{"@type":"SearchAction","target":{"@type":"EntryPoint","urlTemplate":"https:\/\/redenoticiaz.com.br\/litoralsp\/?s={search_term_string}"},"query-input":{"@type":"PropertyValueSpecification","valueRequired":true,"valueName":"search_term_string"}}],"inLanguage":"pt-BR"},{"@type":"Organization","@id":"https:\/\/redenoticiaz.com.br\/litoralsp\/#organization","name":"Litoral SP","url":"https:\/\/redenoticiaz.com.br\/litoralsp\/","logo":{"@type":"ImageObject","inLanguage":"pt-BR","@id":"https:\/\/redenoticiaz.com.br\/litoralsp\/#\/schema\/logo\/image\/","url":"https:\/\/redenoticiaz.com.br\/litoralsp\/wp-content\/uploads\/sites\/3\/2020\/11\/logo.jpg","contentUrl":"https:\/\/redenoticiaz.com.br\/litoralsp\/wp-content\/uploads\/sites\/3\/2020\/11\/logo.jpg","width":400,"height":250,"caption":"Litoral SP"},"image":{"@id":"https:\/\/redenoticiaz.com.br\/litoralsp\/#\/schema\/logo\/image\/"}},{"@type":"Person","@id":"https:\/\/redenoticiaz.com.br\/litoralsp\/#\/schema\/person\/0f0b8a5bdafefe82841e07ae8d81ecb3","name":"Leonardo Francisco","image":{"@type":"ImageObject","inLanguage":"pt-BR","@id":"https:\/\/secure.gravatar.com\/avatar\/a7358cb406a99b682ec6df1e77e31ae82e63601f6784e8a3df411d72b37864da?s=96&d=mm&r=g","url":"https:\/\/secure.gravatar.com\/avatar\/a7358cb406a99b682ec6df1e77e31ae82e63601f6784e8a3df411d72b37864da?s=96&d=mm&r=g","contentUrl":"https:\/\/secure.gravatar.com\/avatar\/a7358cb406a99b682ec6df1e77e31ae82e63601f6784e8a3df411d72b37864da?s=96&d=mm&r=g","caption":"Leonardo Francisco"},"url":"https:\/\/redenoticiaz.com.br\/litoralsp\/author\/leonardo-francisco"}]}},"_links":{"self":[{"href":"https:\/\/redenoticiaz.com.br\/litoralsp\/wp-json\/wp\/v2\/posts\/4574","targetHints":{"allow":["GET"]}}],"collection":[{"href":"https:\/\/redenoticiaz.com.br\/litoralsp\/wp-json\/wp\/v2\/posts"}],"about":[{"href":"https:\/\/redenoticiaz.com.br\/litoralsp\/wp-json\/wp\/v2\/types\/post"}],"author":[{"embeddable":true,"href":"https:\/\/redenoticiaz.com.br\/litoralsp\/wp-json\/wp\/v2\/users\/6"}],"replies":[{"embeddable":true,"href":"https:\/\/redenoticiaz.com.br\/litoralsp\/wp-json\/wp\/v2\/comments?post=4574"}],"version-history":[{"count":1,"href":"https:\/\/redenoticiaz.com.br\/litoralsp\/wp-json\/wp\/v2\/posts\/4574\/revisions"}],"predecessor-version":[{"id":4576,"href":"https:\/\/redenoticiaz.com.br\/litoralsp\/wp-json\/wp\/v2\/posts\/4574\/revisions\/4576"}],"wp:featuredmedia":[{"embeddable":true,"href":"https:\/\/redenoticiaz.com.br\/litoralsp\/wp-json\/wp\/v2\/media\/4575"}],"wp:attachment":[{"href":"https:\/\/redenoticiaz.com.br\/litoralsp\/wp-json\/wp\/v2\/media?parent=4574"}],"wp:term":[{"taxonomy":"category","embeddable":true,"href":"https:\/\/redenoticiaz.com.br\/litoralsp\/wp-json\/wp\/v2\/categories?post=4574"},{"taxonomy":"post_tag","embeddable":true,"href":"https:\/\/redenoticiaz.com.br\/litoralsp\/wp-json\/wp\/v2\/tags?post=4574"}],"curies":[{"name":"wp","href":"https:\/\/api.w.org\/{rel}","templated":true}]}}