{"id":4787,"date":"2021-02-26T12:14:38","date_gmt":"2021-02-26T15:14:38","guid":{"rendered":"https:\/\/redenoticiaz.com.br\/litoralsp\/2021\/02\/26\/bbb-21-cancelamento-e-crimes-nas-redes-sociais"},"modified":"2021-02-26T12:17:32","modified_gmt":"2021-02-26T15:17:32","slug":"bbb-21-cancelamento-e-crimes-nas-redes-sociais","status":"publish","type":"post","link":"https:\/\/redenoticiaz.com.br\/litoralsp\/2021\/02\/26\/bbb-21-cancelamento-e-crimes-nas-redes-sociais","title":{"rendered":"BBB 21: cancelamento e crimes nas redes sociais"},"content":{"rendered":"<p>Cancelados pelo p\u00fablico depois de suas participa\u00e7\u00f5es no reality show Big Brother Brasil, ex-participantes e seus parentes est\u00e3o enfrentando a ira de internautas que ultrapassam os limites do cancelamento e cometem crimes em seus coment\u00e1rios e mensagens. Nessa semana, Nego Di e Jorge Conka,\u00a0<a href=\"https:\/\/www.instagram.com\/p\/CLA348Lnrcw\/\" target=\"_blank\" rel=\"noopener noreferrer\">filho da ex-BBB Karol Conka<\/a>, usaram suas redes sociais para compartilhar ataques que sofreram.\u00a0<em><strong>\u201cNesses coment\u00e1rios e mensagens divulgados nas redes sociais est\u00e3o claramente configurados os crimes de amea\u00e7a e o de inj\u00faria racial. As pessoas precisam, de uma vez por todas, entender que tudo o que fazemos nas redes sociais s\u00e3o pass\u00edveis de puni\u00e7\u00e3o\u201d<\/strong><\/em>, comenta a\u00a0<strong>advogada criminalista e mestre em Direito Penal pela PUC-SP, Jacqueline Valles<\/strong>.<\/p>\n<p>Em sua conta no Instagram, Jorge Conka afirma que sofre amea\u00e7as di\u00e1rias desde que a m\u00e3e ganhou os holofotes e despertou a antipatia do p\u00fablico. Ele chegou a pedir para que as pessoas tivessem mais empatia.\u00a0<em><strong>\u201cTanto o crime de amea\u00e7a quanto o de inj\u00faria qualificada, que \u00e9 quando o agressor usa ra\u00e7a, etnia e religiosidade para ofender a v\u00edtima, s\u00e3o pun\u00edveis com deten\u00e7\u00e3o e agravados pelo fato de terem sido cometidos pela internet\u201d<\/strong><\/em>, explica a advogada.<\/p>\n<p><a href=\"https:\/\/www.instagram.com\/p\/CLA348Lnrcw\/\" target=\"_blank\" rel=\"noopener noreferrer\"><img loading=\"lazy\" decoding=\"async\" src=\"https:\/\/files.pressmanager.net\/clientes\/56534366ba7ac33505c26a4d2871bf9a\/imagens\/2021\/02\/25\/64144e3d3f36c4bb7a86cd1f22185ab5_medium.jpg\" width=\"300\" height=\"337\" \/><\/a><br \/>\n<strong>Desabafo publicado pelo filho de Karol Conk\u00e1<br \/>\nno Instagram Stories (Reprodu\u00e7\u00e3o \/ Instagram)<\/strong><\/p>\n<p>&nbsp;<\/p>\n<h5>Crimes e penas<\/h5>\n<p>Jacqueline explica que os crimes s\u00e3o agravados pela lei quando s\u00e3o cometidos por meio da internet porque abrangem um n\u00famero maior de pessoas.\u00a0<em><strong>\u201cN\u00e3o \u00e9 porque todos est\u00e3o xingando uma determinada pessoa, que a lei n\u00e3o se aplica. Todo mundo que cometer esse tipo de conduta pode ser processado e punido individualmente. As redes sociais s\u00e3o a forma de atingir pessoas que est\u00e3o fisicamente distantes, e a lei se aplica a elas tamb\u00e9m\u201d<\/strong><\/em>, resume a criminalista.<\/p>\n<figure id=\"attachment_54161\" aria-describedby=\"caption-attachment-54161\" style=\"width: 220px\" class=\"wp-caption alignleft\"><a href=\"https:\/\/redenoticiaz.com.br\/wp-content\/uploads\/2021\/02\/42dada6bbfee88fe92b3e21cf12d98ca_medium.jpg\"><img loading=\"lazy\" decoding=\"async\" class=\"size-thumbnail wp-image-54161\" src=\"https:\/\/redenoticiaz.com.br\/wp-content\/uploads\/2021\/02\/42dada6bbfee88fe92b3e21cf12d98ca_medium-220x150.jpg\" alt=\"\" width=\"220\" height=\"150\" \/><\/a><figcaption id=\"caption-attachment-54161\" class=\"wp-caption-text\">Jacqueline Valles, advogada criminalista e<br \/>mestre em Direito Penal pela PUC-SP<\/figcaption><\/figure>\n<p>&nbsp;<\/p>\n<p>O crime de inj\u00faria racial, previsto no artigo 140 do C\u00f3digo Penal, \u00e9 pun\u00edvel com deten\u00e7\u00e3o de 1 a 3 anos, podendo ser agravado se o crime for cometido por meio da internet.\u00a0<strong><em>\u201cNo caso da amea\u00e7a, a pena varia de deten\u00e7\u00e3o de 1 a 6 meses. Somados os crimes, a pena cresce\u201d<\/em><\/strong>, finaliza a especialista.<\/p>\n<p>&nbsp;<\/p>\n<p>&nbsp;<\/p>\n<p>&nbsp;<\/p>\n<p>LEIA TAMB\u00c9M<\/p>\n<p><a href=\"https:\/\/redenoticiaz.com.br\/blog\/2021\/02\/26\/toque-de-recolher-em-sao-paulo-vai-comecar\">Toque de recolher em S\u00e3o Paulo vai come\u00e7ar<\/a><\/p>\n","protected":false},"excerpt":{"rendered":"<p>Cancelados pelo p\u00fablico depois de suas participa\u00e7\u00f5es no reality show Big Brother Brasil, ex-participantes e seus parentes est\u00e3o enfrentando a ira de internautas que ultrapassam os limites do cancelamento e cometem crimes em seus coment\u00e1rios e mensagens. Nessa semana, Nego Di e Jorge Conka,\u00a0filho da ex-BBB Karol Conka, usaram suas redes sociais para compartilhar ataques &hellip;<\/p>\n","protected":false},"author":5,"featured_media":4788,"comment_status":"open","ping_status":"closed","sticky":false,"template":"","format":"standard","meta":{"footnotes":""},"categories":[170,22],"tags":[11101,12676,13496,13497,13498,12989,12678],"class_list":["post-4787","post","type-post","status-publish","format-standard","has-post-thumbnail","hentry","category-entretenimento","category-justica","tag-bbb-21","tag-big-brother-brasil","tag-cancelamentos","tag-crimes-bbb-21","tag-crimes-nas-redes-sociais","tag-karol-conka","tag-nego-di"],"yoast_head":"<!-- This site is optimized with the Yoast SEO plugin v27.5 - https:\/\/yoast.com\/product\/yoast-seo-wordpress\/ -->\n<title>BBB 21: cancelamento e crimes nas redes sociais - Litoral SP<\/title>\n<meta name=\"robots\" content=\"index, follow, max-snippet:-1, max-image-preview:large, max-video-preview:-1\" \/>\n<link rel=\"canonical\" href=\"https:\/\/redenoticiaz.com.br\/litoralsp\/2021\/02\/26\/bbb-21-cancelamento-e-crimes-nas-redes-sociais\" \/>\n<meta property=\"og:locale\" content=\"pt_BR\" \/>\n<meta property=\"og:type\" content=\"article\" \/>\n<meta property=\"og:title\" content=\"BBB 21: cancelamento e crimes nas redes sociais - Litoral SP\" \/>\n<meta property=\"og:description\" content=\"Cancelados pelo p\u00fablico depois de suas participa\u00e7\u00f5es no reality show Big Brother Brasil, ex-participantes e seus parentes est\u00e3o enfrentando a ira de internautas que ultrapassam os limites do cancelamento e cometem crimes em seus coment\u00e1rios e mensagens. Nessa semana, Nego Di e Jorge Conka,\u00a0filho da ex-BBB Karol Conka, usaram suas redes sociais para compartilhar ataques &hellip;\" \/>\n<meta property=\"og:url\" content=\"https:\/\/redenoticiaz.com.br\/litoralsp\/2021\/02\/26\/bbb-21-cancelamento-e-crimes-nas-redes-sociais\" \/>\n<meta property=\"og:site_name\" content=\"Litoral SP\" \/>\n<meta property=\"article:published_time\" content=\"2021-02-26T15:14:38+00:00\" \/>\n<meta property=\"article:modified_time\" content=\"2021-02-26T15:17:32+00:00\" \/>\n<meta property=\"og:image\" content=\"https:\/\/redenoticiaz.com.br\/litoralsp\/wp-content\/uploads\/sites\/3\/2021\/02\/bbb-21.jpg\" \/>\n\t<meta property=\"og:image:width\" content=\"1008\" \/>\n\t<meta property=\"og:image:height\" content=\"672\" \/>\n\t<meta property=\"og:image:type\" content=\"image\/jpeg\" \/>\n<meta name=\"author\" content=\"Patr\u00edcia Prado\" \/>\n<meta name=\"twitter:card\" content=\"summary_large_image\" \/>\n<meta name=\"twitter:label1\" content=\"Escrito por\" \/>\n\t<meta name=\"twitter:data1\" content=\"Patr\u00edcia Prado\" \/>\n\t<meta name=\"twitter:label2\" content=\"Est. tempo de leitura\" \/>\n\t<meta name=\"twitter:data2\" content=\"2 minutos\" \/>\n<script type=\"application\/ld+json\" class=\"yoast-schema-graph\">{\"@context\":\"https:\\\/\\\/schema.org\",\"@graph\":[{\"@type\":\"Article\",\"@id\":\"https:\\\/\\\/redenoticiaz.com.br\\\/litoralsp\\\/2021\\\/02\\\/26\\\/bbb-21-cancelamento-e-crimes-nas-redes-sociais#article\",\"isPartOf\":{\"@id\":\"https:\\\/\\\/redenoticiaz.com.br\\\/litoralsp\\\/2021\\\/02\\\/26\\\/bbb-21-cancelamento-e-crimes-nas-redes-sociais\"},\"author\":{\"name\":\"Patr\u00edcia Prado\",\"@id\":\"https:\\\/\\\/redenoticiaz.com.br\\\/litoralsp\\\/#\\\/schema\\\/person\\\/e1b0bd8c2637e2c1b6ddcbc2c33b116f\"},\"headline\":\"BBB 21: cancelamento e crimes nas redes sociais\",\"datePublished\":\"2021-02-26T15:14:38+00:00\",\"dateModified\":\"2021-02-26T15:17:32+00:00\",\"mainEntityOfPage\":{\"@id\":\"https:\\\/\\\/redenoticiaz.com.br\\\/litoralsp\\\/2021\\\/02\\\/26\\\/bbb-21-cancelamento-e-crimes-nas-redes-sociais\"},\"wordCount\":408,\"commentCount\":0,\"publisher\":{\"@id\":\"https:\\\/\\\/redenoticiaz.com.br\\\/litoralsp\\\/#organization\"},\"image\":{\"@id\":\"https:\\\/\\\/redenoticiaz.com.br\\\/litoralsp\\\/2021\\\/02\\\/26\\\/bbb-21-cancelamento-e-crimes-nas-redes-sociais#primaryimage\"},\"thumbnailUrl\":\"https:\\\/\\\/redenoticiaz.com.br\\\/litoralsp\\\/wp-content\\\/uploads\\\/sites\\\/3\\\/2021\\\/02\\\/bbb-21.jpg\",\"keywords\":[\"BBB 21\",\"BIG BROTHER BRASIL\",\"CANCELAMENTOS\",\"CRIMES BBB 21\",\"CRIMES NAS REDES SOCIAIS\",\"KAROL CONK\u00c1\",\"NEGO DI\"],\"articleSection\":[\"Entretenimento\",\"Justi\u00e7a\"],\"inLanguage\":\"pt-BR\",\"potentialAction\":[{\"@type\":\"CommentAction\",\"name\":\"Comment\",\"target\":[\"https:\\\/\\\/redenoticiaz.com.br\\\/litoralsp\\\/2021\\\/02\\\/26\\\/bbb-21-cancelamento-e-crimes-nas-redes-sociais#respond\"]}]},{\"@type\":\"WebPage\",\"@id\":\"https:\\\/\\\/redenoticiaz.com.br\\\/litoralsp\\\/2021\\\/02\\\/26\\\/bbb-21-cancelamento-e-crimes-nas-redes-sociais\",\"url\":\"https:\\\/\\\/redenoticiaz.com.br\\\/litoralsp\\\/2021\\\/02\\\/26\\\/bbb-21-cancelamento-e-crimes-nas-redes-sociais\",\"name\":\"BBB 21: cancelamento e crimes nas redes sociais - Litoral SP\",\"isPartOf\":{\"@id\":\"https:\\\/\\\/redenoticiaz.com.br\\\/litoralsp\\\/#website\"},\"primaryImageOfPage\":{\"@id\":\"https:\\\/\\\/redenoticiaz.com.br\\\/litoralsp\\\/2021\\\/02\\\/26\\\/bbb-21-cancelamento-e-crimes-nas-redes-sociais#primaryimage\"},\"image\":{\"@id\":\"https:\\\/\\\/redenoticiaz.com.br\\\/litoralsp\\\/2021\\\/02\\\/26\\\/bbb-21-cancelamento-e-crimes-nas-redes-sociais#primaryimage\"},\"thumbnailUrl\":\"https:\\\/\\\/redenoticiaz.com.br\\\/litoralsp\\\/wp-content\\\/uploads\\\/sites\\\/3\\\/2021\\\/02\\\/bbb-21.jpg\",\"datePublished\":\"2021-02-26T15:14:38+00:00\",\"dateModified\":\"2021-02-26T15:17:32+00:00\",\"inLanguage\":\"pt-BR\",\"potentialAction\":[{\"@type\":\"ReadAction\",\"target\":[\"https:\\\/\\\/redenoticiaz.com.br\\\/litoralsp\\\/2021\\\/02\\\/26\\\/bbb-21-cancelamento-e-crimes-nas-redes-sociais\"]}]},{\"@type\":\"ImageObject\",\"inLanguage\":\"pt-BR\",\"@id\":\"https:\\\/\\\/redenoticiaz.com.br\\\/litoralsp\\\/2021\\\/02\\\/26\\\/bbb-21-cancelamento-e-crimes-nas-redes-sociais#primaryimage\",\"url\":\"https:\\\/\\\/redenoticiaz.com.br\\\/litoralsp\\\/wp-content\\\/uploads\\\/sites\\\/3\\\/2021\\\/02\\\/bbb-21.jpg\",\"contentUrl\":\"https:\\\/\\\/redenoticiaz.com.br\\\/litoralsp\\\/wp-content\\\/uploads\\\/sites\\\/3\\\/2021\\\/02\\\/bbb-21.jpg\",\"width\":1008,\"height\":672,\"caption\":\"BBB 21: cancelamento e crimes nas redes sociais\"},{\"@type\":\"WebSite\",\"@id\":\"https:\\\/\\\/redenoticiaz.com.br\\\/litoralsp\\\/#website\",\"url\":\"https:\\\/\\\/redenoticiaz.com.br\\\/litoralsp\\\/\",\"name\":\"Litoral SP\",\"description\":\"Rede NoticiaZ\",\"publisher\":{\"@id\":\"https:\\\/\\\/redenoticiaz.com.br\\\/litoralsp\\\/#organization\"},\"potentialAction\":[{\"@type\":\"SearchAction\",\"target\":{\"@type\":\"EntryPoint\",\"urlTemplate\":\"https:\\\/\\\/redenoticiaz.com.br\\\/litoralsp\\\/?s={search_term_string}\"},\"query-input\":{\"@type\":\"PropertyValueSpecification\",\"valueRequired\":true,\"valueName\":\"search_term_string\"}}],\"inLanguage\":\"pt-BR\"},{\"@type\":\"Organization\",\"@id\":\"https:\\\/\\\/redenoticiaz.com.br\\\/litoralsp\\\/#organization\",\"name\":\"Litoral SP\",\"url\":\"https:\\\/\\\/redenoticiaz.com.br\\\/litoralsp\\\/\",\"logo\":{\"@type\":\"ImageObject\",\"inLanguage\":\"pt-BR\",\"@id\":\"https:\\\/\\\/redenoticiaz.com.br\\\/litoralsp\\\/#\\\/schema\\\/logo\\\/image\\\/\",\"url\":\"https:\\\/\\\/redenoticiaz.com.br\\\/litoralsp\\\/wp-content\\\/uploads\\\/sites\\\/3\\\/2020\\\/11\\\/logo.jpg\",\"contentUrl\":\"https:\\\/\\\/redenoticiaz.com.br\\\/litoralsp\\\/wp-content\\\/uploads\\\/sites\\\/3\\\/2020\\\/11\\\/logo.jpg\",\"width\":400,\"height\":250,\"caption\":\"Litoral SP\"},\"image\":{\"@id\":\"https:\\\/\\\/redenoticiaz.com.br\\\/litoralsp\\\/#\\\/schema\\\/logo\\\/image\\\/\"}},{\"@type\":\"Person\",\"@id\":\"https:\\\/\\\/redenoticiaz.com.br\\\/litoralsp\\\/#\\\/schema\\\/person\\\/e1b0bd8c2637e2c1b6ddcbc2c33b116f\",\"name\":\"Patr\u00edcia Prado\",\"image\":{\"@type\":\"ImageObject\",\"inLanguage\":\"pt-BR\",\"@id\":\"https:\\\/\\\/secure.gravatar.com\\\/avatar\\\/92e358bef22cfcec15e054ae4d9fee04dadf0c772dc4a17b382b8a34a15354c2?s=96&d=mm&r=g\",\"url\":\"https:\\\/\\\/secure.gravatar.com\\\/avatar\\\/92e358bef22cfcec15e054ae4d9fee04dadf0c772dc4a17b382b8a34a15354c2?s=96&d=mm&r=g\",\"contentUrl\":\"https:\\\/\\\/secure.gravatar.com\\\/avatar\\\/92e358bef22cfcec15e054ae4d9fee04dadf0c772dc4a17b382b8a34a15354c2?s=96&d=mm&r=g\",\"caption\":\"Patr\u00edcia Prado\"},\"url\":\"https:\\\/\\\/redenoticiaz.com.br\\\/litoralsp\\\/author\\\/patricia-prado\"}]}<\/script>\n<!-- \/ Yoast SEO plugin. -->","yoast_head_json":{"title":"BBB 21: cancelamento e crimes nas redes sociais - Litoral SP","robots":{"index":"index","follow":"follow","max-snippet":"max-snippet:-1","max-image-preview":"max-image-preview:large","max-video-preview":"max-video-preview:-1"},"canonical":"https:\/\/redenoticiaz.com.br\/litoralsp\/2021\/02\/26\/bbb-21-cancelamento-e-crimes-nas-redes-sociais","og_locale":"pt_BR","og_type":"article","og_title":"BBB 21: cancelamento e crimes nas redes sociais - Litoral SP","og_description":"Cancelados pelo p\u00fablico depois de suas participa\u00e7\u00f5es no reality show Big Brother Brasil, ex-participantes e seus parentes est\u00e3o enfrentando a ira de internautas que ultrapassam os limites do cancelamento e cometem crimes em seus coment\u00e1rios e mensagens. Nessa semana, Nego Di e Jorge Conka,\u00a0filho da ex-BBB Karol Conka, usaram suas redes sociais para compartilhar ataques &hellip;","og_url":"https:\/\/redenoticiaz.com.br\/litoralsp\/2021\/02\/26\/bbb-21-cancelamento-e-crimes-nas-redes-sociais","og_site_name":"Litoral SP","article_published_time":"2021-02-26T15:14:38+00:00","article_modified_time":"2021-02-26T15:17:32+00:00","og_image":[{"width":1008,"height":672,"url":"https:\/\/redenoticiaz.com.br\/litoralsp\/wp-content\/uploads\/sites\/3\/2021\/02\/bbb-21.jpg","type":"image\/jpeg"}],"author":"Patr\u00edcia Prado","twitter_card":"summary_large_image","twitter_misc":{"Escrito por":"Patr\u00edcia Prado","Est. tempo de leitura":"2 minutos"},"schema":{"@context":"https:\/\/schema.org","@graph":[{"@type":"Article","@id":"https:\/\/redenoticiaz.com.br\/litoralsp\/2021\/02\/26\/bbb-21-cancelamento-e-crimes-nas-redes-sociais#article","isPartOf":{"@id":"https:\/\/redenoticiaz.com.br\/litoralsp\/2021\/02\/26\/bbb-21-cancelamento-e-crimes-nas-redes-sociais"},"author":{"name":"Patr\u00edcia Prado","@id":"https:\/\/redenoticiaz.com.br\/litoralsp\/#\/schema\/person\/e1b0bd8c2637e2c1b6ddcbc2c33b116f"},"headline":"BBB 21: cancelamento e crimes nas redes sociais","datePublished":"2021-02-26T15:14:38+00:00","dateModified":"2021-02-26T15:17:32+00:00","mainEntityOfPage":{"@id":"https:\/\/redenoticiaz.com.br\/litoralsp\/2021\/02\/26\/bbb-21-cancelamento-e-crimes-nas-redes-sociais"},"wordCount":408,"commentCount":0,"publisher":{"@id":"https:\/\/redenoticiaz.com.br\/litoralsp\/#organization"},"image":{"@id":"https:\/\/redenoticiaz.com.br\/litoralsp\/2021\/02\/26\/bbb-21-cancelamento-e-crimes-nas-redes-sociais#primaryimage"},"thumbnailUrl":"https:\/\/redenoticiaz.com.br\/litoralsp\/wp-content\/uploads\/sites\/3\/2021\/02\/bbb-21.jpg","keywords":["BBB 21","BIG BROTHER BRASIL","CANCELAMENTOS","CRIMES BBB 21","CRIMES NAS REDES SOCIAIS","KAROL CONK\u00c1","NEGO DI"],"articleSection":["Entretenimento","Justi\u00e7a"],"inLanguage":"pt-BR","potentialAction":[{"@type":"CommentAction","name":"Comment","target":["https:\/\/redenoticiaz.com.br\/litoralsp\/2021\/02\/26\/bbb-21-cancelamento-e-crimes-nas-redes-sociais#respond"]}]},{"@type":"WebPage","@id":"https:\/\/redenoticiaz.com.br\/litoralsp\/2021\/02\/26\/bbb-21-cancelamento-e-crimes-nas-redes-sociais","url":"https:\/\/redenoticiaz.com.br\/litoralsp\/2021\/02\/26\/bbb-21-cancelamento-e-crimes-nas-redes-sociais","name":"BBB 21: cancelamento e crimes nas redes sociais - Litoral SP","isPartOf":{"@id":"https:\/\/redenoticiaz.com.br\/litoralsp\/#website"},"primaryImageOfPage":{"@id":"https:\/\/redenoticiaz.com.br\/litoralsp\/2021\/02\/26\/bbb-21-cancelamento-e-crimes-nas-redes-sociais#primaryimage"},"image":{"@id":"https:\/\/redenoticiaz.com.br\/litoralsp\/2021\/02\/26\/bbb-21-cancelamento-e-crimes-nas-redes-sociais#primaryimage"},"thumbnailUrl":"https:\/\/redenoticiaz.com.br\/litoralsp\/wp-content\/uploads\/sites\/3\/2021\/02\/bbb-21.jpg","datePublished":"2021-02-26T15:14:38+00:00","dateModified":"2021-02-26T15:17:32+00:00","inLanguage":"pt-BR","potentialAction":[{"@type":"ReadAction","target":["https:\/\/redenoticiaz.com.br\/litoralsp\/2021\/02\/26\/bbb-21-cancelamento-e-crimes-nas-redes-sociais"]}]},{"@type":"ImageObject","inLanguage":"pt-BR","@id":"https:\/\/redenoticiaz.com.br\/litoralsp\/2021\/02\/26\/bbb-21-cancelamento-e-crimes-nas-redes-sociais#primaryimage","url":"https:\/\/redenoticiaz.com.br\/litoralsp\/wp-content\/uploads\/sites\/3\/2021\/02\/bbb-21.jpg","contentUrl":"https:\/\/redenoticiaz.com.br\/litoralsp\/wp-content\/uploads\/sites\/3\/2021\/02\/bbb-21.jpg","width":1008,"height":672,"caption":"BBB 21: cancelamento e crimes nas redes sociais"},{"@type":"WebSite","@id":"https:\/\/redenoticiaz.com.br\/litoralsp\/#website","url":"https:\/\/redenoticiaz.com.br\/litoralsp\/","name":"Litoral SP","description":"Rede NoticiaZ","publisher":{"@id":"https:\/\/redenoticiaz.com.br\/litoralsp\/#organization"},"potentialAction":[{"@type":"SearchAction","target":{"@type":"EntryPoint","urlTemplate":"https:\/\/redenoticiaz.com.br\/litoralsp\/?s={search_term_string}"},"query-input":{"@type":"PropertyValueSpecification","valueRequired":true,"valueName":"search_term_string"}}],"inLanguage":"pt-BR"},{"@type":"Organization","@id":"https:\/\/redenoticiaz.com.br\/litoralsp\/#organization","name":"Litoral SP","url":"https:\/\/redenoticiaz.com.br\/litoralsp\/","logo":{"@type":"ImageObject","inLanguage":"pt-BR","@id":"https:\/\/redenoticiaz.com.br\/litoralsp\/#\/schema\/logo\/image\/","url":"https:\/\/redenoticiaz.com.br\/litoralsp\/wp-content\/uploads\/sites\/3\/2020\/11\/logo.jpg","contentUrl":"https:\/\/redenoticiaz.com.br\/litoralsp\/wp-content\/uploads\/sites\/3\/2020\/11\/logo.jpg","width":400,"height":250,"caption":"Litoral SP"},"image":{"@id":"https:\/\/redenoticiaz.com.br\/litoralsp\/#\/schema\/logo\/image\/"}},{"@type":"Person","@id":"https:\/\/redenoticiaz.com.br\/litoralsp\/#\/schema\/person\/e1b0bd8c2637e2c1b6ddcbc2c33b116f","name":"Patr\u00edcia Prado","image":{"@type":"ImageObject","inLanguage":"pt-BR","@id":"https:\/\/secure.gravatar.com\/avatar\/92e358bef22cfcec15e054ae4d9fee04dadf0c772dc4a17b382b8a34a15354c2?s=96&d=mm&r=g","url":"https:\/\/secure.gravatar.com\/avatar\/92e358bef22cfcec15e054ae4d9fee04dadf0c772dc4a17b382b8a34a15354c2?s=96&d=mm&r=g","contentUrl":"https:\/\/secure.gravatar.com\/avatar\/92e358bef22cfcec15e054ae4d9fee04dadf0c772dc4a17b382b8a34a15354c2?s=96&d=mm&r=g","caption":"Patr\u00edcia Prado"},"url":"https:\/\/redenoticiaz.com.br\/litoralsp\/author\/patricia-prado"}]}},"_links":{"self":[{"href":"https:\/\/redenoticiaz.com.br\/litoralsp\/wp-json\/wp\/v2\/posts\/4787","targetHints":{"allow":["GET"]}}],"collection":[{"href":"https:\/\/redenoticiaz.com.br\/litoralsp\/wp-json\/wp\/v2\/posts"}],"about":[{"href":"https:\/\/redenoticiaz.com.br\/litoralsp\/wp-json\/wp\/v2\/types\/post"}],"author":[{"embeddable":true,"href":"https:\/\/redenoticiaz.com.br\/litoralsp\/wp-json\/wp\/v2\/users\/5"}],"replies":[{"embeddable":true,"href":"https:\/\/redenoticiaz.com.br\/litoralsp\/wp-json\/wp\/v2\/comments?post=4787"}],"version-history":[{"count":1,"href":"https:\/\/redenoticiaz.com.br\/litoralsp\/wp-json\/wp\/v2\/posts\/4787\/revisions"}],"predecessor-version":[{"id":4790,"href":"https:\/\/redenoticiaz.com.br\/litoralsp\/wp-json\/wp\/v2\/posts\/4787\/revisions\/4790"}],"wp:featuredmedia":[{"embeddable":true,"href":"https:\/\/redenoticiaz.com.br\/litoralsp\/wp-json\/wp\/v2\/media\/4788"}],"wp:attachment":[{"href":"https:\/\/redenoticiaz.com.br\/litoralsp\/wp-json\/wp\/v2\/media?parent=4787"}],"wp:term":[{"taxonomy":"category","embeddable":true,"href":"https:\/\/redenoticiaz.com.br\/litoralsp\/wp-json\/wp\/v2\/categories?post=4787"},{"taxonomy":"post_tag","embeddable":true,"href":"https:\/\/redenoticiaz.com.br\/litoralsp\/wp-json\/wp\/v2\/tags?post=4787"}],"curies":[{"name":"wp","href":"https:\/\/api.w.org\/{rel}","templated":true}]}}