{"id":4824,"date":"2021-02-26T18:25:29","date_gmt":"2021-02-26T21:25:29","guid":{"rendered":"https:\/\/redenoticiaz.com.br\/litoralsp\/2021\/02\/26\/ex-candidato-a-prefeitura-de-sp-vira-reu-do-triplex-do-guaruja"},"modified":"2021-02-26T18:28:14","modified_gmt":"2021-02-26T21:28:14","slug":"ex-candidato-a-prefeitura-de-sp-vira-reu-do-triplex-do-guaruja","status":"publish","type":"post","link":"https:\/\/redenoticiaz.com.br\/litoralsp\/2021\/02\/26\/ex-candidato-a-prefeitura-de-sp-vira-reu-do-triplex-do-guaruja","title":{"rendered":"Ex-candidato \u00e0 Prefeitura de SP vira r\u00e9u do tr\u00edplex do Guaruj\u00e1"},"content":{"rendered":"<p>O ex-candidato \u00e0 Prefeitura de S\u00e3o Paulo, <strong>Guilherme Boulos<\/strong> (<a href=\"https:\/\/psol50.org.br\/\">PSOL<\/a>) virou r\u00e9u da Justi\u00e7a por invadir e ocupar o tr\u00edplex do Guaruj\u00e1. O edif\u00edcio era investigado por supostamente pertencer ao ex-presidente Lu\u00eds In\u00e1cio Lula da Silva, comprado com benef\u00edcios da Opera\u00e7\u00e3o Lava Jato.<\/p>\n<p>O Minist\u00e9rio P\u00fablico Federal (MPF) fez a den\u00fancia e a ju\u00edza Lisa Taubemblatt, da 6\u00aa Vara Federal de Santos acatou a decis\u00e3o. Nele foi apontado que Boulos e outros dois suspeitos teriam, supostamente, infringido o Artigo 346 do C\u00f3digo Penal, que disp\u00f5e sobre &#8220;tirar, suprimir, destruir ou danificar coisa pr\u00f3pria, que se acha em poder de terceiro por determina\u00e7\u00e3o judicial ou conven\u00e7\u00e3o&#8221;, com pena de deten\u00e7\u00e3o de seis meses a dois anos e multa.<\/p>\n<div class=\"mc-column content-text active-extra-styles \" data-block-type=\"unstyled\" data-block-weight=\"54\" data-block-id=\"4\">\n<figure id=\"attachment_54191\" aria-describedby=\"caption-attachment-54191\" style=\"width: 308px\" class=\"wp-caption alignleft\"><img loading=\"lazy\" decoding=\"async\" class=\"size-medium wp-image-54191\" src=\"https:\/\/redenoticiaz.com.br\/wp-content\/uploads\/2021\/02\/boulos-308x220.jpg\" alt=\"Ex-candidato \u00e0 Prefeitura de SP vira r\u00e9u do tr\u00edplex do Guaruj\u00e1\" width=\"308\" height=\"220\" \/><figcaption id=\"caption-attachment-54191\" class=\"wp-caption-text\">Cr\u00e9ditos: Reprodu\u00e7\u00e3o.<\/figcaption><\/figure>\n<p class=\"content-text__container \" data-track-category=\"Link no Texto\" data-track-links=\"\">A den\u00fancia, apresentada pelo procurador Ronaldo Ruffo em janeiro do ano passado, incluiu outras tr\u00eas pessoas ligadas ao Movimento dos Trabalhadores Sem Teto (MTST), mas apenas Anderson Dalecio e Andreia Barbosa da Silva se tornaram r\u00e9us na a\u00e7\u00e3o. A outra pessoa relatada conseguiu provar que estava trabalhando em outra cidade no dia da invas\u00e3o.<\/p>\n<p data-track-category=\"Link no Texto\" data-track-links=\"\">Al\u00e9m disso o pr\u00f3prio ex-presidente Lula foi denunciado, mas por acusa\u00e7\u00e3o de incentivar que Guilherme Boulos e outros envolvidos a invadirem o tr\u00edplex. S\u00f3 que a den\u00fancia sobre a participa\u00e7\u00e3o de Lula na invas\u00e3o foi negada pela magistrada em janeiro de 2020.<\/p>\n<div class=\"mc-column content-text active-extra-styles \" data-block-type=\"unstyled\" data-block-weight=\"54\" data-block-id=\"7\">\n<p class=\"content-text__container \" data-track-category=\"Link no Texto\" data-track-links=\"\">Conforme o MPF, &#8220;dezenas de ativistas dos movimentos sociais MTST e Frente do Povo Sem Medo, cumprindo ordem de Luiz In\u00e1cio Lula da Silva e executando plano organizado e articulado por Guilherme Boulos, invadiram e ocuparam&#8221; o apartamento do Edif\u00edcio Solaris (triplex de Guaruj\u00e1), atribu\u00eddo ao ex-presidente, no dia 16 de abril de 2018.<\/p>\n<h3 data-track-category=\"Link no Texto\">Ocupa\u00e7\u00e3o do tr\u00edplex<\/h3>\n<div class=\"mc-column content-text active-extra-styles \" data-block-type=\"unstyled\" data-block-weight=\"52\" data-block-id=\"12\">\n<p class=\"content-text__container \" data-track-category=\"Link no Texto\" data-track-links=\"\">O protesto aconteceu nove dias ap\u00f3s Lula\u00a0se entregar para a Pol\u00edcia Federal\u00a0em S\u00e3o Bernardo do Campo (SP) e ser encaminhado para Curitiba (PR).\u00a0Cerca de 50 pessoas ocuparam o im\u00f3vel. Os manifestantes desocuparam o apartamento ap\u00f3s negocia\u00e7\u00e3o\u00a0com a Pol\u00edcia Militar. A ocupa\u00e7\u00e3o durou cerca de quatro horas.<\/p>\n<\/div>\n<div class=\"mc-column content-text active-extra-styles \" data-block-type=\"unstyled\" data-block-weight=\"51\" data-block-id=\"13\">\n<p class=\"content-text__container \" data-track-category=\"Link no Texto\" data-track-links=\"\">O &#8216;Caso Triplex&#8217; causou a condena\u00e7\u00e3o de Lula por corrup\u00e7\u00e3o passiva e lavagem de dinheiro.\u00a0O ex-presidente foi condenado em processo da Opera\u00e7\u00e3o Lava Jato,\u00a0ap\u00f3s o magistrado entender que a construtora OAS pagou R$ 2,2 milh\u00f5es em propina a Lula por meio da entrega do triplex e reformas no im\u00f3vel.<\/p>\n<\/div>\n<div class=\"mc-column content-text active-extra-styles\" data-block-type=\"raw\" data-block-weight=\"1\" data-block-id=\"15\">\n<div class=\"content-intertitle\">\n<h3>Defesa<\/h3>\n<\/div>\n<\/div>\n<div class=\"mc-column content-text active-extra-styles \" data-block-type=\"unstyled\" data-block-weight=\"44\" data-block-id=\"16\">\n<p class=\"content-text__container \" data-track-category=\"Link no Texto\" data-track-links=\"\">Em nota divulgada \u00e0 imprensa, a equipe de Guilherme Boulos afirma que a den\u00fancia do MPF \u00e9 a &#8220;nova farsa do triplex&#8221;. Diz, ainda, que considera a den\u00fancia &#8220;absurda, e que a decis\u00e3o, por ser inconsistente, certamente ser\u00e1 revista&#8221;.<\/p>\n<h3 data-track-category=\"Link no Texto\">Leia a nota<\/h3>\n<div class=\"mc-column content-text active-extra-styles \" data-block-type=\"unstyled\" data-block-weight=\"33\" data-block-id=\"17\">\n<p class=\"content-text__container \" data-track-category=\"Link no Texto\" data-track-links=\"\"><em>&#8220;Fomos informados na noite de quinta-feira [25] sobre o recebimento da acusa\u00e7\u00e3o apresentada pelo Minist\u00e9rio P\u00fablico Federal contra Guilherme Boulos e outros dois militantes do Movimento dos Trabalhadores Sem Teto pela Justi\u00e7a Federal.<\/em><\/p>\n<\/div>\n<div class=\"mc-column content-text active-extra-styles \" data-block-type=\"unstyled\" data-block-weight=\"49\" data-block-id=\"18\">\n<p class=\"content-text__container \" data-track-category=\"Link no Texto\" data-track-links=\"\"><em>Para Boulos, a acusa\u00e7\u00e3o feita pelo MPF \u00e9 a nova farsa do triplex. A decis\u00e3o de agora mostra, mais uma vez, a Justi\u00e7a Federal sendo conivente com as atrocidades promovidas no \u00e2mbito da Lava Jato, que est\u00e3o novamente em evid\u00eancia com a divulga\u00e7\u00e3o de mais conversas comprometedoras entre procuradores.<\/em><\/p>\n<\/div>\n<div class=\"mc-column content-text active-extra-styles \" data-block-type=\"unstyled\" data-block-weight=\"66\" data-block-id=\"19\">\n<p class=\"content-text__container \" data-track-category=\"Link no Texto\" data-track-links=\"\"><em>Os advogados que acompanham o caso consideram a den\u00fancia absurda e afirmam que a decis\u00e3o, por ser inconsistente, certamente ser\u00e1 revista. H\u00e1 certeza de que Boulos n\u00e3o praticou nenhum crime e tamb\u00e9m convic\u00e7\u00e3o da inoc\u00eancia dos militantes do MTST, j\u00e1 expressa na recusa, por reiteradas vezes, de ofertas de acordo do Minist\u00e9rio P\u00fablico e no pedido de julgamento antecipado do caso &#8211; que n\u00e3o foi atendido&#8221;.<\/em><\/p>\n<p data-track-category=\"Link no Texto\" data-track-links=\"\"><strong>Leia tamb\u00e9m<\/strong><\/p>\n<p data-track-category=\"Link no Texto\" data-track-links=\"\"><a href=\"https:\/\/redenoticiaz.com.br\/blog\/2021\/02\/26\/pequim-homem-e-condenado-a-indenizar-a-mulher-por-trabalho-domestico\">Pequim: homem \u00e9 condenado a indenizar a mulher por trabalho dom\u00e9stico<\/a><\/p>\n<\/div>\n<\/div>\n<\/div>\n<\/div>\n","protected":false},"excerpt":{"rendered":"<p>O ex-candidato \u00e0 Prefeitura de S\u00e3o Paulo, Guilherme Boulos (PSOL) virou r\u00e9u da Justi\u00e7a por invadir e ocupar o tr\u00edplex do Guaruj\u00e1. O edif\u00edcio era investigado por supostamente pertencer ao ex-presidente Lu\u00eds In\u00e1cio Lula da Silva, comprado com benef\u00edcios da Opera\u00e7\u00e3o Lava Jato. O Minist\u00e9rio P\u00fablico Federal (MPF) fez a den\u00fancia e a ju\u00edza Lisa &hellip;<\/p>\n","protected":false},"author":6,"featured_media":4825,"comment_status":"open","ping_status":"closed","sticky":false,"template":"","format":"standard","meta":{"footnotes":""},"categories":[187,22],"tags":[1006,2293,12448,13579,2294,13580,13581],"class_list":["post-4824","post","type-post","status-publish","format-standard","has-post-thumbnail","hentry","category-guaruja","category-justica","tag-guaruja","tag-guilherme-boulos","tag-invasao","tag-minsiterio-publico-federal","tag-psol","tag-reu","tag-triplex"],"yoast_head":"<!-- This site is optimized with the Yoast SEO plugin v27.4 - https:\/\/yoast.com\/product\/yoast-seo-wordpress\/ -->\n<title>Ex-candidato \u00e0 Prefeitura de SP vira r\u00e9u do tr\u00edplex do Guaruj\u00e1 - Litoral SP<\/title>\n<meta name=\"robots\" content=\"index, follow, max-snippet:-1, max-image-preview:large, max-video-preview:-1\" \/>\n<link rel=\"canonical\" href=\"https:\/\/redenoticiaz.com.br\/litoralsp\/2021\/02\/26\/ex-candidato-a-prefeitura-de-sp-vira-reu-do-triplex-do-guaruja\" \/>\n<meta property=\"og:locale\" content=\"pt_BR\" \/>\n<meta property=\"og:type\" content=\"article\" \/>\n<meta property=\"og:title\" content=\"Ex-candidato \u00e0 Prefeitura de SP vira r\u00e9u do tr\u00edplex do Guaruj\u00e1 - Litoral SP\" \/>\n<meta property=\"og:description\" content=\"O ex-candidato \u00e0 Prefeitura de S\u00e3o Paulo, Guilherme Boulos (PSOL) virou r\u00e9u da Justi\u00e7a por invadir e ocupar o tr\u00edplex do Guaruj\u00e1. O edif\u00edcio era investigado por supostamente pertencer ao ex-presidente Lu\u00eds In\u00e1cio Lula da Silva, comprado com benef\u00edcios da Opera\u00e7\u00e3o Lava Jato. O Minist\u00e9rio P\u00fablico Federal (MPF) fez a den\u00fancia e a ju\u00edza Lisa &hellip;\" \/>\n<meta property=\"og:url\" content=\"https:\/\/redenoticiaz.com.br\/litoralsp\/2021\/02\/26\/ex-candidato-a-prefeitura-de-sp-vira-reu-do-triplex-do-guaruja\" \/>\n<meta property=\"og:site_name\" content=\"Litoral SP\" \/>\n<meta property=\"article:published_time\" content=\"2021-02-26T21:25:29+00:00\" \/>\n<meta property=\"article:modified_time\" content=\"2021-02-26T21:28:14+00:00\" \/>\n<meta property=\"og:image\" content=\"https:\/\/redenoticiaz.com.br\/litoralsp\/wp-content\/uploads\/sites\/3\/2021\/02\/apartamento-triplex-lula.jpg\" \/>\n\t<meta property=\"og:image:width\" content=\"1086\" \/>\n\t<meta property=\"og:image:height\" content=\"652\" \/>\n\t<meta property=\"og:image:type\" content=\"image\/jpeg\" \/>\n<meta name=\"author\" content=\"Leonardo Francisco\" \/>\n<meta name=\"twitter:card\" content=\"summary_large_image\" \/>\n<meta name=\"twitter:label1\" content=\"Escrito por\" \/>\n\t<meta name=\"twitter:data1\" content=\"Leonardo Francisco\" \/>\n\t<meta name=\"twitter:label2\" content=\"Est. tempo de leitura\" \/>\n\t<meta name=\"twitter:data2\" content=\"3 minutos\" \/>\n<script type=\"application\/ld+json\" class=\"yoast-schema-graph\">{\"@context\":\"https:\\\/\\\/schema.org\",\"@graph\":[{\"@type\":\"Article\",\"@id\":\"https:\\\/\\\/redenoticiaz.com.br\\\/litoralsp\\\/2021\\\/02\\\/26\\\/ex-candidato-a-prefeitura-de-sp-vira-reu-do-triplex-do-guaruja#article\",\"isPartOf\":{\"@id\":\"https:\\\/\\\/redenoticiaz.com.br\\\/litoralsp\\\/2021\\\/02\\\/26\\\/ex-candidato-a-prefeitura-de-sp-vira-reu-do-triplex-do-guaruja\"},\"author\":{\"name\":\"Leonardo Francisco\",\"@id\":\"https:\\\/\\\/redenoticiaz.com.br\\\/litoralsp\\\/#\\\/schema\\\/person\\\/0f0b8a5bdafefe82841e07ae8d81ecb3\"},\"headline\":\"Ex-candidato \u00e0 Prefeitura de SP vira r\u00e9u do tr\u00edplex do Guaruj\u00e1\",\"datePublished\":\"2021-02-26T21:25:29+00:00\",\"dateModified\":\"2021-02-26T21:28:14+00:00\",\"mainEntityOfPage\":{\"@id\":\"https:\\\/\\\/redenoticiaz.com.br\\\/litoralsp\\\/2021\\\/02\\\/26\\\/ex-candidato-a-prefeitura-de-sp-vira-reu-do-triplex-do-guaruja\"},\"wordCount\":660,\"commentCount\":0,\"publisher\":{\"@id\":\"https:\\\/\\\/redenoticiaz.com.br\\\/litoralsp\\\/#organization\"},\"image\":{\"@id\":\"https:\\\/\\\/redenoticiaz.com.br\\\/litoralsp\\\/2021\\\/02\\\/26\\\/ex-candidato-a-prefeitura-de-sp-vira-reu-do-triplex-do-guaruja#primaryimage\"},\"thumbnailUrl\":\"https:\\\/\\\/redenoticiaz.com.br\\\/litoralsp\\\/wp-content\\\/uploads\\\/sites\\\/3\\\/2021\\\/02\\\/apartamento-triplex-lula.jpg\",\"keywords\":[\"GUARUJ\u00c1\",\"GUILHERME BOULOS\",\"INVAS\u00c3O\",\"MINSIT\u00c9RIO P\u00daBLICO FEDERAL\",\"PSOL\",\"R\u00c9U\",\"TR\u00cdPLEX\"],\"articleSection\":[\"Guaruj\u00e1\",\"Justi\u00e7a\"],\"inLanguage\":\"pt-BR\",\"potentialAction\":[{\"@type\":\"CommentAction\",\"name\":\"Comment\",\"target\":[\"https:\\\/\\\/redenoticiaz.com.br\\\/litoralsp\\\/2021\\\/02\\\/26\\\/ex-candidato-a-prefeitura-de-sp-vira-reu-do-triplex-do-guaruja#respond\"]}]},{\"@type\":\"WebPage\",\"@id\":\"https:\\\/\\\/redenoticiaz.com.br\\\/litoralsp\\\/2021\\\/02\\\/26\\\/ex-candidato-a-prefeitura-de-sp-vira-reu-do-triplex-do-guaruja\",\"url\":\"https:\\\/\\\/redenoticiaz.com.br\\\/litoralsp\\\/2021\\\/02\\\/26\\\/ex-candidato-a-prefeitura-de-sp-vira-reu-do-triplex-do-guaruja\",\"name\":\"Ex-candidato \u00e0 Prefeitura de SP vira r\u00e9u do tr\u00edplex do Guaruj\u00e1 - Litoral SP\",\"isPartOf\":{\"@id\":\"https:\\\/\\\/redenoticiaz.com.br\\\/litoralsp\\\/#website\"},\"primaryImageOfPage\":{\"@id\":\"https:\\\/\\\/redenoticiaz.com.br\\\/litoralsp\\\/2021\\\/02\\\/26\\\/ex-candidato-a-prefeitura-de-sp-vira-reu-do-triplex-do-guaruja#primaryimage\"},\"image\":{\"@id\":\"https:\\\/\\\/redenoticiaz.com.br\\\/litoralsp\\\/2021\\\/02\\\/26\\\/ex-candidato-a-prefeitura-de-sp-vira-reu-do-triplex-do-guaruja#primaryimage\"},\"thumbnailUrl\":\"https:\\\/\\\/redenoticiaz.com.br\\\/litoralsp\\\/wp-content\\\/uploads\\\/sites\\\/3\\\/2021\\\/02\\\/apartamento-triplex-lula.jpg\",\"datePublished\":\"2021-02-26T21:25:29+00:00\",\"dateModified\":\"2021-02-26T21:28:14+00:00\",\"inLanguage\":\"pt-BR\",\"potentialAction\":[{\"@type\":\"ReadAction\",\"target\":[\"https:\\\/\\\/redenoticiaz.com.br\\\/litoralsp\\\/2021\\\/02\\\/26\\\/ex-candidato-a-prefeitura-de-sp-vira-reu-do-triplex-do-guaruja\"]}]},{\"@type\":\"ImageObject\",\"inLanguage\":\"pt-BR\",\"@id\":\"https:\\\/\\\/redenoticiaz.com.br\\\/litoralsp\\\/2021\\\/02\\\/26\\\/ex-candidato-a-prefeitura-de-sp-vira-reu-do-triplex-do-guaruja#primaryimage\",\"url\":\"https:\\\/\\\/redenoticiaz.com.br\\\/litoralsp\\\/wp-content\\\/uploads\\\/sites\\\/3\\\/2021\\\/02\\\/apartamento-triplex-lula.jpg\",\"contentUrl\":\"https:\\\/\\\/redenoticiaz.com.br\\\/litoralsp\\\/wp-content\\\/uploads\\\/sites\\\/3\\\/2021\\\/02\\\/apartamento-triplex-lula.jpg\",\"width\":1086,\"height\":652,\"caption\":\"Ex-candidato \u00e0 Prefeitura de SP vira r\u00e9u do tr\u00edplex do Guaruj\u00e1\"},{\"@type\":\"WebSite\",\"@id\":\"https:\\\/\\\/redenoticiaz.com.br\\\/litoralsp\\\/#website\",\"url\":\"https:\\\/\\\/redenoticiaz.com.br\\\/litoralsp\\\/\",\"name\":\"Litoral SP\",\"description\":\"Rede NoticiaZ\",\"publisher\":{\"@id\":\"https:\\\/\\\/redenoticiaz.com.br\\\/litoralsp\\\/#organization\"},\"potentialAction\":[{\"@type\":\"SearchAction\",\"target\":{\"@type\":\"EntryPoint\",\"urlTemplate\":\"https:\\\/\\\/redenoticiaz.com.br\\\/litoralsp\\\/?s={search_term_string}\"},\"query-input\":{\"@type\":\"PropertyValueSpecification\",\"valueRequired\":true,\"valueName\":\"search_term_string\"}}],\"inLanguage\":\"pt-BR\"},{\"@type\":\"Organization\",\"@id\":\"https:\\\/\\\/redenoticiaz.com.br\\\/litoralsp\\\/#organization\",\"name\":\"Litoral SP\",\"url\":\"https:\\\/\\\/redenoticiaz.com.br\\\/litoralsp\\\/\",\"logo\":{\"@type\":\"ImageObject\",\"inLanguage\":\"pt-BR\",\"@id\":\"https:\\\/\\\/redenoticiaz.com.br\\\/litoralsp\\\/#\\\/schema\\\/logo\\\/image\\\/\",\"url\":\"https:\\\/\\\/redenoticiaz.com.br\\\/litoralsp\\\/wp-content\\\/uploads\\\/sites\\\/3\\\/2020\\\/11\\\/logo.jpg\",\"contentUrl\":\"https:\\\/\\\/redenoticiaz.com.br\\\/litoralsp\\\/wp-content\\\/uploads\\\/sites\\\/3\\\/2020\\\/11\\\/logo.jpg\",\"width\":400,\"height\":250,\"caption\":\"Litoral SP\"},\"image\":{\"@id\":\"https:\\\/\\\/redenoticiaz.com.br\\\/litoralsp\\\/#\\\/schema\\\/logo\\\/image\\\/\"}},{\"@type\":\"Person\",\"@id\":\"https:\\\/\\\/redenoticiaz.com.br\\\/litoralsp\\\/#\\\/schema\\\/person\\\/0f0b8a5bdafefe82841e07ae8d81ecb3\",\"name\":\"Leonardo Francisco\",\"image\":{\"@type\":\"ImageObject\",\"inLanguage\":\"pt-BR\",\"@id\":\"https:\\\/\\\/secure.gravatar.com\\\/avatar\\\/a7358cb406a99b682ec6df1e77e31ae82e63601f6784e8a3df411d72b37864da?s=96&d=mm&r=g\",\"url\":\"https:\\\/\\\/secure.gravatar.com\\\/avatar\\\/a7358cb406a99b682ec6df1e77e31ae82e63601f6784e8a3df411d72b37864da?s=96&d=mm&r=g\",\"contentUrl\":\"https:\\\/\\\/secure.gravatar.com\\\/avatar\\\/a7358cb406a99b682ec6df1e77e31ae82e63601f6784e8a3df411d72b37864da?s=96&d=mm&r=g\",\"caption\":\"Leonardo Francisco\"},\"url\":\"https:\\\/\\\/redenoticiaz.com.br\\\/litoralsp\\\/author\\\/leonardo-francisco\"}]}<\/script>\n<!-- \/ Yoast SEO plugin. -->","yoast_head_json":{"title":"Ex-candidato \u00e0 Prefeitura de SP vira r\u00e9u do tr\u00edplex do Guaruj\u00e1 - Litoral SP","robots":{"index":"index","follow":"follow","max-snippet":"max-snippet:-1","max-image-preview":"max-image-preview:large","max-video-preview":"max-video-preview:-1"},"canonical":"https:\/\/redenoticiaz.com.br\/litoralsp\/2021\/02\/26\/ex-candidato-a-prefeitura-de-sp-vira-reu-do-triplex-do-guaruja","og_locale":"pt_BR","og_type":"article","og_title":"Ex-candidato \u00e0 Prefeitura de SP vira r\u00e9u do tr\u00edplex do Guaruj\u00e1 - Litoral SP","og_description":"O ex-candidato \u00e0 Prefeitura de S\u00e3o Paulo, Guilherme Boulos (PSOL) virou r\u00e9u da Justi\u00e7a por invadir e ocupar o tr\u00edplex do Guaruj\u00e1. O edif\u00edcio era investigado por supostamente pertencer ao ex-presidente Lu\u00eds In\u00e1cio Lula da Silva, comprado com benef\u00edcios da Opera\u00e7\u00e3o Lava Jato. O Minist\u00e9rio P\u00fablico Federal (MPF) fez a den\u00fancia e a ju\u00edza Lisa &hellip;","og_url":"https:\/\/redenoticiaz.com.br\/litoralsp\/2021\/02\/26\/ex-candidato-a-prefeitura-de-sp-vira-reu-do-triplex-do-guaruja","og_site_name":"Litoral SP","article_published_time":"2021-02-26T21:25:29+00:00","article_modified_time":"2021-02-26T21:28:14+00:00","og_image":[{"width":1086,"height":652,"url":"https:\/\/redenoticiaz.com.br\/litoralsp\/wp-content\/uploads\/sites\/3\/2021\/02\/apartamento-triplex-lula.jpg","type":"image\/jpeg"}],"author":"Leonardo Francisco","twitter_card":"summary_large_image","twitter_misc":{"Escrito por":"Leonardo Francisco","Est. tempo de leitura":"3 minutos"},"schema":{"@context":"https:\/\/schema.org","@graph":[{"@type":"Article","@id":"https:\/\/redenoticiaz.com.br\/litoralsp\/2021\/02\/26\/ex-candidato-a-prefeitura-de-sp-vira-reu-do-triplex-do-guaruja#article","isPartOf":{"@id":"https:\/\/redenoticiaz.com.br\/litoralsp\/2021\/02\/26\/ex-candidato-a-prefeitura-de-sp-vira-reu-do-triplex-do-guaruja"},"author":{"name":"Leonardo Francisco","@id":"https:\/\/redenoticiaz.com.br\/litoralsp\/#\/schema\/person\/0f0b8a5bdafefe82841e07ae8d81ecb3"},"headline":"Ex-candidato \u00e0 Prefeitura de SP vira r\u00e9u do tr\u00edplex do Guaruj\u00e1","datePublished":"2021-02-26T21:25:29+00:00","dateModified":"2021-02-26T21:28:14+00:00","mainEntityOfPage":{"@id":"https:\/\/redenoticiaz.com.br\/litoralsp\/2021\/02\/26\/ex-candidato-a-prefeitura-de-sp-vira-reu-do-triplex-do-guaruja"},"wordCount":660,"commentCount":0,"publisher":{"@id":"https:\/\/redenoticiaz.com.br\/litoralsp\/#organization"},"image":{"@id":"https:\/\/redenoticiaz.com.br\/litoralsp\/2021\/02\/26\/ex-candidato-a-prefeitura-de-sp-vira-reu-do-triplex-do-guaruja#primaryimage"},"thumbnailUrl":"https:\/\/redenoticiaz.com.br\/litoralsp\/wp-content\/uploads\/sites\/3\/2021\/02\/apartamento-triplex-lula.jpg","keywords":["GUARUJ\u00c1","GUILHERME BOULOS","INVAS\u00c3O","MINSIT\u00c9RIO P\u00daBLICO FEDERAL","PSOL","R\u00c9U","TR\u00cdPLEX"],"articleSection":["Guaruj\u00e1","Justi\u00e7a"],"inLanguage":"pt-BR","potentialAction":[{"@type":"CommentAction","name":"Comment","target":["https:\/\/redenoticiaz.com.br\/litoralsp\/2021\/02\/26\/ex-candidato-a-prefeitura-de-sp-vira-reu-do-triplex-do-guaruja#respond"]}]},{"@type":"WebPage","@id":"https:\/\/redenoticiaz.com.br\/litoralsp\/2021\/02\/26\/ex-candidato-a-prefeitura-de-sp-vira-reu-do-triplex-do-guaruja","url":"https:\/\/redenoticiaz.com.br\/litoralsp\/2021\/02\/26\/ex-candidato-a-prefeitura-de-sp-vira-reu-do-triplex-do-guaruja","name":"Ex-candidato \u00e0 Prefeitura de SP vira r\u00e9u do tr\u00edplex do Guaruj\u00e1 - Litoral SP","isPartOf":{"@id":"https:\/\/redenoticiaz.com.br\/litoralsp\/#website"},"primaryImageOfPage":{"@id":"https:\/\/redenoticiaz.com.br\/litoralsp\/2021\/02\/26\/ex-candidato-a-prefeitura-de-sp-vira-reu-do-triplex-do-guaruja#primaryimage"},"image":{"@id":"https:\/\/redenoticiaz.com.br\/litoralsp\/2021\/02\/26\/ex-candidato-a-prefeitura-de-sp-vira-reu-do-triplex-do-guaruja#primaryimage"},"thumbnailUrl":"https:\/\/redenoticiaz.com.br\/litoralsp\/wp-content\/uploads\/sites\/3\/2021\/02\/apartamento-triplex-lula.jpg","datePublished":"2021-02-26T21:25:29+00:00","dateModified":"2021-02-26T21:28:14+00:00","inLanguage":"pt-BR","potentialAction":[{"@type":"ReadAction","target":["https:\/\/redenoticiaz.com.br\/litoralsp\/2021\/02\/26\/ex-candidato-a-prefeitura-de-sp-vira-reu-do-triplex-do-guaruja"]}]},{"@type":"ImageObject","inLanguage":"pt-BR","@id":"https:\/\/redenoticiaz.com.br\/litoralsp\/2021\/02\/26\/ex-candidato-a-prefeitura-de-sp-vira-reu-do-triplex-do-guaruja#primaryimage","url":"https:\/\/redenoticiaz.com.br\/litoralsp\/wp-content\/uploads\/sites\/3\/2021\/02\/apartamento-triplex-lula.jpg","contentUrl":"https:\/\/redenoticiaz.com.br\/litoralsp\/wp-content\/uploads\/sites\/3\/2021\/02\/apartamento-triplex-lula.jpg","width":1086,"height":652,"caption":"Ex-candidato \u00e0 Prefeitura de SP vira r\u00e9u do tr\u00edplex do Guaruj\u00e1"},{"@type":"WebSite","@id":"https:\/\/redenoticiaz.com.br\/litoralsp\/#website","url":"https:\/\/redenoticiaz.com.br\/litoralsp\/","name":"Litoral SP","description":"Rede NoticiaZ","publisher":{"@id":"https:\/\/redenoticiaz.com.br\/litoralsp\/#organization"},"potentialAction":[{"@type":"SearchAction","target":{"@type":"EntryPoint","urlTemplate":"https:\/\/redenoticiaz.com.br\/litoralsp\/?s={search_term_string}"},"query-input":{"@type":"PropertyValueSpecification","valueRequired":true,"valueName":"search_term_string"}}],"inLanguage":"pt-BR"},{"@type":"Organization","@id":"https:\/\/redenoticiaz.com.br\/litoralsp\/#organization","name":"Litoral SP","url":"https:\/\/redenoticiaz.com.br\/litoralsp\/","logo":{"@type":"ImageObject","inLanguage":"pt-BR","@id":"https:\/\/redenoticiaz.com.br\/litoralsp\/#\/schema\/logo\/image\/","url":"https:\/\/redenoticiaz.com.br\/litoralsp\/wp-content\/uploads\/sites\/3\/2020\/11\/logo.jpg","contentUrl":"https:\/\/redenoticiaz.com.br\/litoralsp\/wp-content\/uploads\/sites\/3\/2020\/11\/logo.jpg","width":400,"height":250,"caption":"Litoral SP"},"image":{"@id":"https:\/\/redenoticiaz.com.br\/litoralsp\/#\/schema\/logo\/image\/"}},{"@type":"Person","@id":"https:\/\/redenoticiaz.com.br\/litoralsp\/#\/schema\/person\/0f0b8a5bdafefe82841e07ae8d81ecb3","name":"Leonardo Francisco","image":{"@type":"ImageObject","inLanguage":"pt-BR","@id":"https:\/\/secure.gravatar.com\/avatar\/a7358cb406a99b682ec6df1e77e31ae82e63601f6784e8a3df411d72b37864da?s=96&d=mm&r=g","url":"https:\/\/secure.gravatar.com\/avatar\/a7358cb406a99b682ec6df1e77e31ae82e63601f6784e8a3df411d72b37864da?s=96&d=mm&r=g","contentUrl":"https:\/\/secure.gravatar.com\/avatar\/a7358cb406a99b682ec6df1e77e31ae82e63601f6784e8a3df411d72b37864da?s=96&d=mm&r=g","caption":"Leonardo Francisco"},"url":"https:\/\/redenoticiaz.com.br\/litoralsp\/author\/leonardo-francisco"}]}},"_links":{"self":[{"href":"https:\/\/redenoticiaz.com.br\/litoralsp\/wp-json\/wp\/v2\/posts\/4824","targetHints":{"allow":["GET"]}}],"collection":[{"href":"https:\/\/redenoticiaz.com.br\/litoralsp\/wp-json\/wp\/v2\/posts"}],"about":[{"href":"https:\/\/redenoticiaz.com.br\/litoralsp\/wp-json\/wp\/v2\/types\/post"}],"author":[{"embeddable":true,"href":"https:\/\/redenoticiaz.com.br\/litoralsp\/wp-json\/wp\/v2\/users\/6"}],"replies":[{"embeddable":true,"href":"https:\/\/redenoticiaz.com.br\/litoralsp\/wp-json\/wp\/v2\/comments?post=4824"}],"version-history":[{"count":1,"href":"https:\/\/redenoticiaz.com.br\/litoralsp\/wp-json\/wp\/v2\/posts\/4824\/revisions"}],"predecessor-version":[{"id":4826,"href":"https:\/\/redenoticiaz.com.br\/litoralsp\/wp-json\/wp\/v2\/posts\/4824\/revisions\/4826"}],"wp:featuredmedia":[{"embeddable":true,"href":"https:\/\/redenoticiaz.com.br\/litoralsp\/wp-json\/wp\/v2\/media\/4825"}],"wp:attachment":[{"href":"https:\/\/redenoticiaz.com.br\/litoralsp\/wp-json\/wp\/v2\/media?parent=4824"}],"wp:term":[{"taxonomy":"category","embeddable":true,"href":"https:\/\/redenoticiaz.com.br\/litoralsp\/wp-json\/wp\/v2\/categories?post=4824"},{"taxonomy":"post_tag","embeddable":true,"href":"https:\/\/redenoticiaz.com.br\/litoralsp\/wp-json\/wp\/v2\/tags?post=4824"}],"curies":[{"name":"wp","href":"https:\/\/api.w.org\/{rel}","templated":true}]}}