{"id":4870,"date":"2021-02-27T12:29:09","date_gmt":"2021-02-27T15:29:09","guid":{"rendered":"https:\/\/redenoticiaz.com.br\/litoralsp\/2021\/02\/27\/surf-em-itupeva-disputa-inedita-em-praia-de-ondas-artificiais-no-brasil"},"modified":"2021-02-27T12:34:12","modified_gmt":"2021-02-27T15:34:12","slug":"surf-em-itupeva-disputa-inedita-em-praia-de-ondas-artificiais-no-brasil","status":"publish","type":"post","link":"https:\/\/redenoticiaz.com.br\/litoralsp\/2021\/02\/27\/surf-em-itupeva-disputa-inedita-em-praia-de-ondas-artificiais-no-brasil","title":{"rendered":"Disputa in\u00e9dita de surf em praia de ondas artificiais no Brasil"},"content":{"rendered":"<p class=\"v1v1msonormal\">Tradicionalmente o circuito de surf amador nacional mais importante para a nova gera\u00e7\u00e3o, o Grom Search est\u00e1 confirmado para 2021. Mas com uma surpresa que ningu\u00e9m esperava: a in\u00e9dita parceria fechada recentemente com a KSM Realty, incorporadora da Praia da Grama, empreendimento \u00fanico no Mundo.<\/p>\n<p class=\"v1v1msonormal\">A\u00a0 empresa levou uma praia de verdade para dentro do condom\u00ednio Fazenda da Grama, em Itupeva, no interior de S\u00e3o Paulo. Sendo assim, a iniciativa vai viabilizar o \u201cRip Curl Grom Search apresentado por Praia da Grama\u201d.<\/p>\n<p class=\"v1v1msonormal\">O evento ser\u00e1 um divisor de \u00e1guas na hist\u00f3ria do esporte brasileiro, ao se tornar o primeiro campeonato de surf em uma praia de ondas artificiais de alta performance. O lan\u00e7amento da primeira praia de ondas da Am\u00e9rica Latina, com tecnologia Wavegarden, empresa l\u00edder mundial no segumento, est\u00e1 prestes a se tornar realidade.<\/p>\n<h5>Condom\u00ednio em Itupeva<\/h5>\n<p class=\"v1v1msonormal\"><a href=\"https:\/\/redenoticiaz.com.br\/wp-content\/uploads\/2021\/02\/praia-da-grama-3d.jpg\"><img loading=\"lazy\" decoding=\"async\" class=\"alignleft wp-image-54250 size-medium\" src=\"https:\/\/redenoticiaz.com.br\/wp-content\/uploads\/2021\/02\/praia-da-grama-3d-390x213.jpg\" alt=\"\" width=\"390\" height=\"213\" \/><\/a>O Condom\u00ednio Fazenda da Grama, em Itupeva, no interior de S\u00e3o Paulo, tem previs\u00e3o de ver as ondas perfeitas da Praia da Grama quebrando em breve. A fase de constru\u00e7\u00e3o est\u00e1 chegando ao fim e os \u00faltimos ajustes sendo feitos, para que o sonho de ver ondas artificiais longas, tubulares e manobr\u00e1veis se torne realidade. Essa tecnologia inovadora e exclusiva permite criar ondas mais perfeitas com engenharia moderna.<\/p>\n<p class=\"v1v1msonormal\">Para Fernando Gonzalez, gerente de marketing da Rip Curl no Brasil, esse evento ser\u00e1 muito especial: &#8220;Estamos orgulhosos em anunciar essa parceria in\u00e9dita e tornar o &#8220;Rip Curl Grom Search apresentado por Praia da Grama&#8221; o primeiro campeonato de surf no Brasil a ser realizado em uma praia de ondas artificiais perfeitas. O sonho vai se tornar realidade e estamos felizes em proporcionar essa experi\u00eancia exclusiva aos melhores surfistas de at\u00e9 16 anos do Pa\u00eds&#8221;.<\/p>\n<h5><strong><u>Formato Inovador<\/u><\/strong><\/h5>\n<p class=\"v1v1msonormal\">Gonzalez, que est\u00e1 \u00e0 frente do circuito Grom Search h\u00e1 mais de dez anos, revela como ser\u00e1 o formato. \u201cSer\u00e3o 240 vagas abertas a atletas de todo o Brasil, que disputar\u00e3o a fase inicial de forma on-line. As inscri\u00e7\u00f5es ser\u00e3o abertas em abril. Ser\u00e3o dois meses nesse formato, em maio e junho, com cada competidor submetendo duas ondas filmadas recentemente no Brasil por round, para serem avaliadas por quatro ju\u00edzes renomados &#8211; um do Sul, um de S\u00e3o Paulo, um do Rio de Janeiro e outro do Nordeste\u201d.<\/p>\n<p class=\"v1v1msonormal\">\u201cAp\u00f3s selecionarmos os 10 melhores surfistas de cada uma das quatro categorias (grommet \u2013 at\u00e9 12 anos, iniciante \u2013 at\u00e9 14 anos, mirim e feminina \u2013 ambas at\u00e9 16 anos);\u00a0 vamos realizar a grande final em dois dias de disputas no m\u00eas de julho na Praia da Grama, que tem capacidade para gerar at\u00e9 800 ondas perfeitas por hora, tanto para esquerda quanto para direita, e que funciona com exclusiva tecnologia <i>Wavegarden 2.0<\/i>&#8220;, anuncia.<\/p>\n<h5 class=\"v1v1msonormal\">Solu\u00e7\u00e3o in\u00e9dita<\/h5>\n<p class=\"v1v1msonormal\">Segundo ele, outro fato importante para a nova parceria foi a quest\u00e3o de viabilizar uma solu\u00e7\u00e3o para lidar com as limita\u00e7\u00f5es. Al\u00e9m das condi\u00e7\u00f5es sanit\u00e1rias durante a pandemia da Covid-19. \u201cEncontramos uma maneira inovadora de realizar o evento de forma on-line em sua primeira fase. Ap\u00f3s esta etapa ser\u00e1 presencialmente com n\u00famero reduzido de competidores dentro de um local onde teremos total controle em termos de acesso. Sendo assim, podemos facilmente implementar todos os protocolos de preven\u00e7\u00e3o, sem deixar de lado a proposta do Grom Search de ser, ano a ano, Muito mais que um Campeonato de Surf&#8221;, explica.<\/p>\n<p class=\"v1v1msonormal\">\u201cA KSM Realty est\u00e1 muito feliz em implementar um campeonato t\u00e3o importante como esse, na Praia da Grama. Estamos trazendo para o Brasil uma tecnologia in\u00e9dita que poder\u00e1 ser replicada em muitos lugares e para muitas pessoas em breve. Essa parceria vem coroar a constru\u00e7\u00e3o dessa mega obra que tanto nos orgulha. A Praia da Grama ser\u00e1 um marco da constru\u00e7\u00e3o no Brasil. Os melhores surfistas poder\u00e3o testar e provar isso,\u201d diz Caio Segall, diretor de marketing da incorporadora.<\/p>\n<h5 class=\"v1v1msonormal\">Mais informa\u00e7\u00f5es<\/h5>\n<p class=\"v1v1msonormal\">Em breve, sempre no site oficial da marca \u2013 <a href=\"http:\/\/www.ripcurl.com.br\/\" target=\"_blank\" rel=\"noopener noreferrer\">www.ripcurl.com.br<\/a>.<\/p>\n<p class=\"v1v1msonormal\">O Rip Curl Grom Search 2021 apresentado por Praia da Grama tem patroc\u00ednios da Citroen, Protetor Solar Brazinco e Jandaia Cadernos. Apoio e divulga\u00e7\u00e3o da FMA Not\u00edcias e realiza\u00e7\u00e3o da Rip Curl em parceria com a Swell Eventos.<\/p>\n<p>&nbsp;<\/p>\n<p>LEIA TAMB\u00c9M<\/p>\n<p>&nbsp;<\/p>\n<p><a href=\"https:\/\/redenoticiaz.com.br\/blog\/2021\/02\/27\/qual-a-diferenca-entre-chefe-e-lider\">Qual a diferen\u00e7a entre chefe e l\u00edder ?<\/a><\/p>\n","protected":false},"excerpt":{"rendered":"<p>Tradicionalmente o circuito de surf amador nacional mais importante para a nova gera\u00e7\u00e3o, o Grom Search est\u00e1 confirmado para 2021. Mas com uma surpresa que ningu\u00e9m esperava: a in\u00e9dita parceria fechada recentemente com a KSM Realty, incorporadora da Praia da Grama, empreendimento \u00fanico no Mundo. A\u00a0 empresa levou uma praia de verdade para dentro do &hellip;<\/p>\n","protected":false},"author":5,"featured_media":4871,"comment_status":"open","ping_status":"closed","sticky":false,"template":"","format":"standard","meta":{"footnotes":""},"categories":[35],"tags":[],"class_list":["post-4870","post","type-post","status-publish","format-standard","has-post-thumbnail","hentry","category-esporte"],"yoast_head":"<!-- This site is optimized with the Yoast SEO plugin v27.5 - https:\/\/yoast.com\/product\/yoast-seo-wordpress\/ -->\n<title>Disputa in\u00e9dita de surf em praia de ondas artificiais no Brasil - Litoral SP<\/title>\n<meta name=\"description\" content=\"A\u00a0 empresa levou uma praia de verdade para dentro do condom\u00ednio Fazenda da Grama, em Itupeva, no interior de S\u00e3o Paulo. Sendo assim, a iniciativa\" \/>\n<meta name=\"robots\" content=\"index, follow, max-snippet:-1, max-image-preview:large, max-video-preview:-1\" \/>\n<link rel=\"canonical\" href=\"https:\/\/redenoticiaz.com.br\/litoralsp\/2021\/02\/27\/surf-em-itupeva-disputa-inedita-em-praia-de-ondas-artificiais-no-brasil\" \/>\n<meta property=\"og:locale\" content=\"pt_BR\" \/>\n<meta property=\"og:type\" content=\"article\" \/>\n<meta property=\"og:title\" content=\"Disputa in\u00e9dita de surf em praia de ondas artificiais no Brasil - Litoral SP\" \/>\n<meta property=\"og:description\" content=\"A\u00a0 empresa levou uma praia de verdade para dentro do condom\u00ednio Fazenda da Grama, em Itupeva, no interior de S\u00e3o Paulo. Sendo assim, a iniciativa\" \/>\n<meta property=\"og:url\" content=\"https:\/\/redenoticiaz.com.br\/litoralsp\/2021\/02\/27\/surf-em-itupeva-disputa-inedita-em-praia-de-ondas-artificiais-no-brasil\" \/>\n<meta property=\"og:site_name\" content=\"Litoral SP\" \/>\n<meta property=\"article:published_time\" content=\"2021-02-27T15:29:09+00:00\" \/>\n<meta property=\"article:modified_time\" content=\"2021-02-27T15:34:12+00:00\" \/>\n<meta property=\"og:image\" content=\"https:\/\/redenoticiaz.com.br\/litoralsp\/wp-content\/uploads\/sites\/3\/2021\/02\/praia-da-grama-atual.jpg\" \/>\n\t<meta property=\"og:image:width\" content=\"1024\" \/>\n\t<meta property=\"og:image:height\" content=\"550\" \/>\n\t<meta property=\"og:image:type\" content=\"image\/jpeg\" \/>\n<meta name=\"author\" content=\"Patr\u00edcia Prado\" \/>\n<meta name=\"twitter:card\" content=\"summary_large_image\" \/>\n<meta name=\"twitter:label1\" content=\"Escrito por\" \/>\n\t<meta name=\"twitter:data1\" content=\"Patr\u00edcia Prado\" \/>\n\t<meta name=\"twitter:label2\" content=\"Est. tempo de leitura\" \/>\n\t<meta name=\"twitter:data2\" content=\"4 minutos\" \/>\n<script type=\"application\/ld+json\" class=\"yoast-schema-graph\">{\"@context\":\"https:\\\/\\\/schema.org\",\"@graph\":[{\"@type\":\"Article\",\"@id\":\"https:\\\/\\\/redenoticiaz.com.br\\\/litoralsp\\\/2021\\\/02\\\/27\\\/surf-em-itupeva-disputa-inedita-em-praia-de-ondas-artificiais-no-brasil#article\",\"isPartOf\":{\"@id\":\"https:\\\/\\\/redenoticiaz.com.br\\\/litoralsp\\\/2021\\\/02\\\/27\\\/surf-em-itupeva-disputa-inedita-em-praia-de-ondas-artificiais-no-brasil\"},\"author\":{\"name\":\"Patr\u00edcia Prado\",\"@id\":\"https:\\\/\\\/redenoticiaz.com.br\\\/litoralsp\\\/#\\\/schema\\\/person\\\/e1b0bd8c2637e2c1b6ddcbc2c33b116f\"},\"headline\":\"Disputa in\u00e9dita de surf em praia de ondas artificiais no Brasil\",\"datePublished\":\"2021-02-27T15:29:09+00:00\",\"dateModified\":\"2021-02-27T15:34:12+00:00\",\"mainEntityOfPage\":{\"@id\":\"https:\\\/\\\/redenoticiaz.com.br\\\/litoralsp\\\/2021\\\/02\\\/27\\\/surf-em-itupeva-disputa-inedita-em-praia-de-ondas-artificiais-no-brasil\"},\"wordCount\":737,\"commentCount\":0,\"publisher\":{\"@id\":\"https:\\\/\\\/redenoticiaz.com.br\\\/litoralsp\\\/#organization\"},\"image\":{\"@id\":\"https:\\\/\\\/redenoticiaz.com.br\\\/litoralsp\\\/2021\\\/02\\\/27\\\/surf-em-itupeva-disputa-inedita-em-praia-de-ondas-artificiais-no-brasil#primaryimage\"},\"thumbnailUrl\":\"https:\\\/\\\/redenoticiaz.com.br\\\/litoralsp\\\/wp-content\\\/uploads\\\/sites\\\/3\\\/2021\\\/02\\\/praia-da-grama-atual.jpg\",\"articleSection\":[\"Esporte\"],\"inLanguage\":\"pt-BR\",\"potentialAction\":[{\"@type\":\"CommentAction\",\"name\":\"Comment\",\"target\":[\"https:\\\/\\\/redenoticiaz.com.br\\\/litoralsp\\\/2021\\\/02\\\/27\\\/surf-em-itupeva-disputa-inedita-em-praia-de-ondas-artificiais-no-brasil#respond\"]}]},{\"@type\":\"WebPage\",\"@id\":\"https:\\\/\\\/redenoticiaz.com.br\\\/litoralsp\\\/2021\\\/02\\\/27\\\/surf-em-itupeva-disputa-inedita-em-praia-de-ondas-artificiais-no-brasil\",\"url\":\"https:\\\/\\\/redenoticiaz.com.br\\\/litoralsp\\\/2021\\\/02\\\/27\\\/surf-em-itupeva-disputa-inedita-em-praia-de-ondas-artificiais-no-brasil\",\"name\":\"Disputa in\u00e9dita de surf em praia de ondas artificiais no Brasil - Litoral SP\",\"isPartOf\":{\"@id\":\"https:\\\/\\\/redenoticiaz.com.br\\\/litoralsp\\\/#website\"},\"primaryImageOfPage\":{\"@id\":\"https:\\\/\\\/redenoticiaz.com.br\\\/litoralsp\\\/2021\\\/02\\\/27\\\/surf-em-itupeva-disputa-inedita-em-praia-de-ondas-artificiais-no-brasil#primaryimage\"},\"image\":{\"@id\":\"https:\\\/\\\/redenoticiaz.com.br\\\/litoralsp\\\/2021\\\/02\\\/27\\\/surf-em-itupeva-disputa-inedita-em-praia-de-ondas-artificiais-no-brasil#primaryimage\"},\"thumbnailUrl\":\"https:\\\/\\\/redenoticiaz.com.br\\\/litoralsp\\\/wp-content\\\/uploads\\\/sites\\\/3\\\/2021\\\/02\\\/praia-da-grama-atual.jpg\",\"datePublished\":\"2021-02-27T15:29:09+00:00\",\"dateModified\":\"2021-02-27T15:34:12+00:00\",\"description\":\"A\u00a0 empresa levou uma praia de verdade para dentro do condom\u00ednio Fazenda da Grama, em Itupeva, no interior de S\u00e3o Paulo. Sendo assim, a iniciativa\",\"inLanguage\":\"pt-BR\",\"potentialAction\":[{\"@type\":\"ReadAction\",\"target\":[\"https:\\\/\\\/redenoticiaz.com.br\\\/litoralsp\\\/2021\\\/02\\\/27\\\/surf-em-itupeva-disputa-inedita-em-praia-de-ondas-artificiais-no-brasil\"]}]},{\"@type\":\"ImageObject\",\"inLanguage\":\"pt-BR\",\"@id\":\"https:\\\/\\\/redenoticiaz.com.br\\\/litoralsp\\\/2021\\\/02\\\/27\\\/surf-em-itupeva-disputa-inedita-em-praia-de-ondas-artificiais-no-brasil#primaryimage\",\"url\":\"https:\\\/\\\/redenoticiaz.com.br\\\/litoralsp\\\/wp-content\\\/uploads\\\/sites\\\/3\\\/2021\\\/02\\\/praia-da-grama-atual.jpg\",\"contentUrl\":\"https:\\\/\\\/redenoticiaz.com.br\\\/litoralsp\\\/wp-content\\\/uploads\\\/sites\\\/3\\\/2021\\\/02\\\/praia-da-grama-atual.jpg\",\"width\":1024,\"height\":550,\"caption\":\"Surf com disputa in\u00e9dita em praia de ondas artificiais no Brasil\"},{\"@type\":\"WebSite\",\"@id\":\"https:\\\/\\\/redenoticiaz.com.br\\\/litoralsp\\\/#website\",\"url\":\"https:\\\/\\\/redenoticiaz.com.br\\\/litoralsp\\\/\",\"name\":\"Litoral SP\",\"description\":\"Rede NoticiaZ\",\"publisher\":{\"@id\":\"https:\\\/\\\/redenoticiaz.com.br\\\/litoralsp\\\/#organization\"},\"potentialAction\":[{\"@type\":\"SearchAction\",\"target\":{\"@type\":\"EntryPoint\",\"urlTemplate\":\"https:\\\/\\\/redenoticiaz.com.br\\\/litoralsp\\\/?s={search_term_string}\"},\"query-input\":{\"@type\":\"PropertyValueSpecification\",\"valueRequired\":true,\"valueName\":\"search_term_string\"}}],\"inLanguage\":\"pt-BR\"},{\"@type\":\"Organization\",\"@id\":\"https:\\\/\\\/redenoticiaz.com.br\\\/litoralsp\\\/#organization\",\"name\":\"Litoral SP\",\"url\":\"https:\\\/\\\/redenoticiaz.com.br\\\/litoralsp\\\/\",\"logo\":{\"@type\":\"ImageObject\",\"inLanguage\":\"pt-BR\",\"@id\":\"https:\\\/\\\/redenoticiaz.com.br\\\/litoralsp\\\/#\\\/schema\\\/logo\\\/image\\\/\",\"url\":\"https:\\\/\\\/redenoticiaz.com.br\\\/litoralsp\\\/wp-content\\\/uploads\\\/sites\\\/3\\\/2020\\\/11\\\/logo.jpg\",\"contentUrl\":\"https:\\\/\\\/redenoticiaz.com.br\\\/litoralsp\\\/wp-content\\\/uploads\\\/sites\\\/3\\\/2020\\\/11\\\/logo.jpg\",\"width\":400,\"height\":250,\"caption\":\"Litoral SP\"},\"image\":{\"@id\":\"https:\\\/\\\/redenoticiaz.com.br\\\/litoralsp\\\/#\\\/schema\\\/logo\\\/image\\\/\"}},{\"@type\":\"Person\",\"@id\":\"https:\\\/\\\/redenoticiaz.com.br\\\/litoralsp\\\/#\\\/schema\\\/person\\\/e1b0bd8c2637e2c1b6ddcbc2c33b116f\",\"name\":\"Patr\u00edcia Prado\",\"image\":{\"@type\":\"ImageObject\",\"inLanguage\":\"pt-BR\",\"@id\":\"https:\\\/\\\/secure.gravatar.com\\\/avatar\\\/92e358bef22cfcec15e054ae4d9fee04dadf0c772dc4a17b382b8a34a15354c2?s=96&d=mm&r=g\",\"url\":\"https:\\\/\\\/secure.gravatar.com\\\/avatar\\\/92e358bef22cfcec15e054ae4d9fee04dadf0c772dc4a17b382b8a34a15354c2?s=96&d=mm&r=g\",\"contentUrl\":\"https:\\\/\\\/secure.gravatar.com\\\/avatar\\\/92e358bef22cfcec15e054ae4d9fee04dadf0c772dc4a17b382b8a34a15354c2?s=96&d=mm&r=g\",\"caption\":\"Patr\u00edcia Prado\"},\"url\":\"https:\\\/\\\/redenoticiaz.com.br\\\/litoralsp\\\/author\\\/patricia-prado\"}]}<\/script>\n<!-- \/ Yoast SEO plugin. -->","yoast_head_json":{"title":"Disputa in\u00e9dita de surf em praia de ondas artificiais no Brasil - Litoral SP","description":"A\u00a0 empresa levou uma praia de verdade para dentro do condom\u00ednio Fazenda da Grama, em Itupeva, no interior de S\u00e3o Paulo. Sendo assim, a iniciativa","robots":{"index":"index","follow":"follow","max-snippet":"max-snippet:-1","max-image-preview":"max-image-preview:large","max-video-preview":"max-video-preview:-1"},"canonical":"https:\/\/redenoticiaz.com.br\/litoralsp\/2021\/02\/27\/surf-em-itupeva-disputa-inedita-em-praia-de-ondas-artificiais-no-brasil","og_locale":"pt_BR","og_type":"article","og_title":"Disputa in\u00e9dita de surf em praia de ondas artificiais no Brasil - Litoral SP","og_description":"A\u00a0 empresa levou uma praia de verdade para dentro do condom\u00ednio Fazenda da Grama, em Itupeva, no interior de S\u00e3o Paulo. Sendo assim, a iniciativa","og_url":"https:\/\/redenoticiaz.com.br\/litoralsp\/2021\/02\/27\/surf-em-itupeva-disputa-inedita-em-praia-de-ondas-artificiais-no-brasil","og_site_name":"Litoral SP","article_published_time":"2021-02-27T15:29:09+00:00","article_modified_time":"2021-02-27T15:34:12+00:00","og_image":[{"width":1024,"height":550,"url":"https:\/\/redenoticiaz.com.br\/litoralsp\/wp-content\/uploads\/sites\/3\/2021\/02\/praia-da-grama-atual.jpg","type":"image\/jpeg"}],"author":"Patr\u00edcia Prado","twitter_card":"summary_large_image","twitter_misc":{"Escrito por":"Patr\u00edcia Prado","Est. tempo de leitura":"4 minutos"},"schema":{"@context":"https:\/\/schema.org","@graph":[{"@type":"Article","@id":"https:\/\/redenoticiaz.com.br\/litoralsp\/2021\/02\/27\/surf-em-itupeva-disputa-inedita-em-praia-de-ondas-artificiais-no-brasil#article","isPartOf":{"@id":"https:\/\/redenoticiaz.com.br\/litoralsp\/2021\/02\/27\/surf-em-itupeva-disputa-inedita-em-praia-de-ondas-artificiais-no-brasil"},"author":{"name":"Patr\u00edcia Prado","@id":"https:\/\/redenoticiaz.com.br\/litoralsp\/#\/schema\/person\/e1b0bd8c2637e2c1b6ddcbc2c33b116f"},"headline":"Disputa in\u00e9dita de surf em praia de ondas artificiais no Brasil","datePublished":"2021-02-27T15:29:09+00:00","dateModified":"2021-02-27T15:34:12+00:00","mainEntityOfPage":{"@id":"https:\/\/redenoticiaz.com.br\/litoralsp\/2021\/02\/27\/surf-em-itupeva-disputa-inedita-em-praia-de-ondas-artificiais-no-brasil"},"wordCount":737,"commentCount":0,"publisher":{"@id":"https:\/\/redenoticiaz.com.br\/litoralsp\/#organization"},"image":{"@id":"https:\/\/redenoticiaz.com.br\/litoralsp\/2021\/02\/27\/surf-em-itupeva-disputa-inedita-em-praia-de-ondas-artificiais-no-brasil#primaryimage"},"thumbnailUrl":"https:\/\/redenoticiaz.com.br\/litoralsp\/wp-content\/uploads\/sites\/3\/2021\/02\/praia-da-grama-atual.jpg","articleSection":["Esporte"],"inLanguage":"pt-BR","potentialAction":[{"@type":"CommentAction","name":"Comment","target":["https:\/\/redenoticiaz.com.br\/litoralsp\/2021\/02\/27\/surf-em-itupeva-disputa-inedita-em-praia-de-ondas-artificiais-no-brasil#respond"]}]},{"@type":"WebPage","@id":"https:\/\/redenoticiaz.com.br\/litoralsp\/2021\/02\/27\/surf-em-itupeva-disputa-inedita-em-praia-de-ondas-artificiais-no-brasil","url":"https:\/\/redenoticiaz.com.br\/litoralsp\/2021\/02\/27\/surf-em-itupeva-disputa-inedita-em-praia-de-ondas-artificiais-no-brasil","name":"Disputa in\u00e9dita de surf em praia de ondas artificiais no Brasil - Litoral SP","isPartOf":{"@id":"https:\/\/redenoticiaz.com.br\/litoralsp\/#website"},"primaryImageOfPage":{"@id":"https:\/\/redenoticiaz.com.br\/litoralsp\/2021\/02\/27\/surf-em-itupeva-disputa-inedita-em-praia-de-ondas-artificiais-no-brasil#primaryimage"},"image":{"@id":"https:\/\/redenoticiaz.com.br\/litoralsp\/2021\/02\/27\/surf-em-itupeva-disputa-inedita-em-praia-de-ondas-artificiais-no-brasil#primaryimage"},"thumbnailUrl":"https:\/\/redenoticiaz.com.br\/litoralsp\/wp-content\/uploads\/sites\/3\/2021\/02\/praia-da-grama-atual.jpg","datePublished":"2021-02-27T15:29:09+00:00","dateModified":"2021-02-27T15:34:12+00:00","description":"A\u00a0 empresa levou uma praia de verdade para dentro do condom\u00ednio Fazenda da Grama, em Itupeva, no interior de S\u00e3o Paulo. Sendo assim, a iniciativa","inLanguage":"pt-BR","potentialAction":[{"@type":"ReadAction","target":["https:\/\/redenoticiaz.com.br\/litoralsp\/2021\/02\/27\/surf-em-itupeva-disputa-inedita-em-praia-de-ondas-artificiais-no-brasil"]}]},{"@type":"ImageObject","inLanguage":"pt-BR","@id":"https:\/\/redenoticiaz.com.br\/litoralsp\/2021\/02\/27\/surf-em-itupeva-disputa-inedita-em-praia-de-ondas-artificiais-no-brasil#primaryimage","url":"https:\/\/redenoticiaz.com.br\/litoralsp\/wp-content\/uploads\/sites\/3\/2021\/02\/praia-da-grama-atual.jpg","contentUrl":"https:\/\/redenoticiaz.com.br\/litoralsp\/wp-content\/uploads\/sites\/3\/2021\/02\/praia-da-grama-atual.jpg","width":1024,"height":550,"caption":"Surf com disputa in\u00e9dita em praia de ondas artificiais no Brasil"},{"@type":"WebSite","@id":"https:\/\/redenoticiaz.com.br\/litoralsp\/#website","url":"https:\/\/redenoticiaz.com.br\/litoralsp\/","name":"Litoral SP","description":"Rede NoticiaZ","publisher":{"@id":"https:\/\/redenoticiaz.com.br\/litoralsp\/#organization"},"potentialAction":[{"@type":"SearchAction","target":{"@type":"EntryPoint","urlTemplate":"https:\/\/redenoticiaz.com.br\/litoralsp\/?s={search_term_string}"},"query-input":{"@type":"PropertyValueSpecification","valueRequired":true,"valueName":"search_term_string"}}],"inLanguage":"pt-BR"},{"@type":"Organization","@id":"https:\/\/redenoticiaz.com.br\/litoralsp\/#organization","name":"Litoral SP","url":"https:\/\/redenoticiaz.com.br\/litoralsp\/","logo":{"@type":"ImageObject","inLanguage":"pt-BR","@id":"https:\/\/redenoticiaz.com.br\/litoralsp\/#\/schema\/logo\/image\/","url":"https:\/\/redenoticiaz.com.br\/litoralsp\/wp-content\/uploads\/sites\/3\/2020\/11\/logo.jpg","contentUrl":"https:\/\/redenoticiaz.com.br\/litoralsp\/wp-content\/uploads\/sites\/3\/2020\/11\/logo.jpg","width":400,"height":250,"caption":"Litoral SP"},"image":{"@id":"https:\/\/redenoticiaz.com.br\/litoralsp\/#\/schema\/logo\/image\/"}},{"@type":"Person","@id":"https:\/\/redenoticiaz.com.br\/litoralsp\/#\/schema\/person\/e1b0bd8c2637e2c1b6ddcbc2c33b116f","name":"Patr\u00edcia Prado","image":{"@type":"ImageObject","inLanguage":"pt-BR","@id":"https:\/\/secure.gravatar.com\/avatar\/92e358bef22cfcec15e054ae4d9fee04dadf0c772dc4a17b382b8a34a15354c2?s=96&d=mm&r=g","url":"https:\/\/secure.gravatar.com\/avatar\/92e358bef22cfcec15e054ae4d9fee04dadf0c772dc4a17b382b8a34a15354c2?s=96&d=mm&r=g","contentUrl":"https:\/\/secure.gravatar.com\/avatar\/92e358bef22cfcec15e054ae4d9fee04dadf0c772dc4a17b382b8a34a15354c2?s=96&d=mm&r=g","caption":"Patr\u00edcia Prado"},"url":"https:\/\/redenoticiaz.com.br\/litoralsp\/author\/patricia-prado"}]}},"_links":{"self":[{"href":"https:\/\/redenoticiaz.com.br\/litoralsp\/wp-json\/wp\/v2\/posts\/4870","targetHints":{"allow":["GET"]}}],"collection":[{"href":"https:\/\/redenoticiaz.com.br\/litoralsp\/wp-json\/wp\/v2\/posts"}],"about":[{"href":"https:\/\/redenoticiaz.com.br\/litoralsp\/wp-json\/wp\/v2\/types\/post"}],"author":[{"embeddable":true,"href":"https:\/\/redenoticiaz.com.br\/litoralsp\/wp-json\/wp\/v2\/users\/5"}],"replies":[{"embeddable":true,"href":"https:\/\/redenoticiaz.com.br\/litoralsp\/wp-json\/wp\/v2\/comments?post=4870"}],"version-history":[{"count":2,"href":"https:\/\/redenoticiaz.com.br\/litoralsp\/wp-json\/wp\/v2\/posts\/4870\/revisions"}],"predecessor-version":[{"id":4873,"href":"https:\/\/redenoticiaz.com.br\/litoralsp\/wp-json\/wp\/v2\/posts\/4870\/revisions\/4873"}],"wp:featuredmedia":[{"embeddable":true,"href":"https:\/\/redenoticiaz.com.br\/litoralsp\/wp-json\/wp\/v2\/media\/4871"}],"wp:attachment":[{"href":"https:\/\/redenoticiaz.com.br\/litoralsp\/wp-json\/wp\/v2\/media?parent=4870"}],"wp:term":[{"taxonomy":"category","embeddable":true,"href":"https:\/\/redenoticiaz.com.br\/litoralsp\/wp-json\/wp\/v2\/categories?post=4870"},{"taxonomy":"post_tag","embeddable":true,"href":"https:\/\/redenoticiaz.com.br\/litoralsp\/wp-json\/wp\/v2\/tags?post=4870"}],"curies":[{"name":"wp","href":"https:\/\/api.w.org\/{rel}","templated":true}]}}