{"id":4877,"date":"2021-02-27T15:03:04","date_gmt":"2021-02-27T18:03:04","guid":{"rendered":"https:\/\/redenoticiaz.com.br\/litoralsp\/?p=4877"},"modified":"2021-02-27T15:03:04","modified_gmt":"2021-02-27T18:03:04","slug":"guaruja-notifica-comercios-sobre-novas-restricoes-do-plano-sp","status":"publish","type":"post","link":"https:\/\/redenoticiaz.com.br\/litoralsp\/2021\/02\/27\/guaruja-notifica-comercios-sobre-novas-restricoes-do-plano-sp","title":{"rendered":"Guaruj\u00e1 notifica com\u00e9rcios sobre novas restri\u00e7\u00f5es do Plano SP"},"content":{"rendered":"<p data-raofz=\"17\">Agentes da Diretoria de For\u00e7a Tarefa de Guaruj\u00e1 aplicaram autos de notifica\u00e7\u00e3o preventiva em estabelecimentos comerciais da Cidade ao longo desta sexta-feira (26). Os Guardas Civis Municipais visitaram 14 locais para refor\u00e7ar aos comerciantes que, conforme as regras impostas pelo \u2018toque de restri\u00e7\u00e3o\u2019 anunciado pelo Governo do Estado, os servi\u00e7os n\u00e3o essenciais est\u00e3o impedidos de funcionar entre 23 horas e 5 horas, diariamente.<\/p>\n<p data-raofz=\"17\">Os autos n\u00e3o geram multas, tendo car\u00e1ter meramente educativo e informativo. A a\u00e7\u00e3o foi direcionada a potenciais polos geradores de aglomera\u00e7\u00e3o e centros de entretenimento em geral de <a href=\"https:\/\/pt.wikipedia.org\/wiki\/Guaruj%C3%A1\">Guaruj\u00e1.<\/a> A desobedi\u00eancia \u00e0s determina\u00e7\u00f5es estaduais pode acarretar san\u00e7\u00f5es.<\/p>\n<p data-raofz=\"17\">De acordo com a diretora de For\u00e7a-Tarefa de Guaruj\u00e1, a opera\u00e7\u00e3o visa conter a dissemina\u00e7\u00e3o do novo coronav\u00edrus no Munic\u00edpio. \u201cTemos observado que h\u00e1 maior aglomera\u00e7\u00e3o de pessoas em bares e restaurantes. Nesses locais, as pessoas acabam se descuidando dos protocolos de sa\u00fade\u201d, explica.<\/p>\n<p data-raofz=\"17\">Na noite de ontem (26), os agentes atenderam uma den\u00fancia de que um dos estabelecimentos que haviam sido cientificados seria aberto. Quando os Guardas Municipais chegaram ao local da ocorr\u00eancia, localizado na Estrada de Pernambuco, as portas estavam fechadas.<\/p>\n<p data-raofz=\"17\">\u201cObservamos que os comerciantes est\u00e3o seguindo as determina\u00e7\u00f5es, colaborando efetivamente com o nosso trabalho. Hoje, vamos continuar cientificando os locais sobre a restri\u00e7\u00e3o e esperamos que todos sejam conscientes da necessidade dessa interven\u00e7\u00e3o\u201d.<\/p>\n<p data-raofz=\"17\">A opera\u00e7\u00e3o seguir\u00e1 no decorrer deste s\u00e1bado (27) para cientificar aproximadamente 300 com\u00e9rcios em diferentes bairros da Cidade. A popula\u00e7\u00e3o tamb\u00e9m pode denunciar os estabelecimentos que descumprirem as medidas preventivas pelo telefone 153 da Guarda Civil Municipal.<\/p>\n<p data-raofz=\"17\">\n<p data-raofz=\"17\">LEIA TAMB\u00c9M<\/p>\n<p data-raofz=\"17\"><a href=\"https:\/\/redenoticiaz.com.br\/litoralsp\/2021\/02\/27\/surf-em-itupeva-disputa-inedita-em-praia-de-ondas-artificiais-no-brasil\">Disputa in\u00e9dita de surf em praia de ondas artificiais no Brasil<\/a><\/p>\n","protected":false},"excerpt":{"rendered":"<p>Agentes da Diretoria de For\u00e7a Tarefa de Guaruj\u00e1 aplicaram autos de notifica\u00e7\u00e3o preventiva em estabelecimentos comerciais da Cidade ao longo desta sexta-feira (26). Os Guardas Civis Municipais visitaram 14 locais para refor\u00e7ar aos comerciantes que, conforme as regras impostas pelo \u2018toque de restri\u00e7\u00e3o\u2019 anunciado pelo Governo do Estado, os servi\u00e7os n\u00e3o essenciais est\u00e3o impedidos de &hellip;<\/p>\n","protected":false},"author":5,"featured_media":4878,"comment_status":"open","ping_status":"closed","sticky":false,"template":"","format":"standard","meta":{"footnotes":""},"categories":[187,23],"tags":[13722,13721,1006,13720],"class_list":["post-4877","post","type-post","status-publish","format-standard","has-post-thumbnail","hentry","category-guaruja","category-saude","tag-comercio-guaruja","tag-forca-tarefa-fiscaliza-comercios","tag-guaruja","tag-guaruja-notifica-comercios"],"yoast_head":"<!-- This site is optimized with the Yoast SEO plugin v27.5 - https:\/\/yoast.com\/product\/yoast-seo-wordpress\/ -->\n<title>Guaruj\u00e1 notifica com\u00e9rcios sobre novas restri\u00e7\u00f5es do Plano SP - Litoral SP<\/title>\n<meta name=\"description\" content=\"Agentes da Diretoria de For\u00e7a Tarefa de Guaruj\u00e1 aplicaram autos de notifica\u00e7\u00e3o preventiva em estabelecimentos comerciais da Cidade\" \/>\n<meta name=\"robots\" content=\"index, follow, max-snippet:-1, max-image-preview:large, max-video-preview:-1\" \/>\n<link rel=\"canonical\" href=\"https:\/\/redenoticiaz.com.br\/litoralsp\/2021\/02\/27\/guaruja-notifica-comercios-sobre-novas-restricoes-do-plano-sp\" \/>\n<meta property=\"og:locale\" content=\"pt_BR\" \/>\n<meta property=\"og:type\" content=\"article\" \/>\n<meta property=\"og:title\" content=\"Guaruj\u00e1 notifica com\u00e9rcios sobre novas restri\u00e7\u00f5es do Plano SP - Litoral SP\" \/>\n<meta property=\"og:description\" content=\"Agentes da Diretoria de For\u00e7a Tarefa de Guaruj\u00e1 aplicaram autos de notifica\u00e7\u00e3o preventiva em estabelecimentos comerciais da Cidade\" \/>\n<meta property=\"og:url\" content=\"https:\/\/redenoticiaz.com.br\/litoralsp\/2021\/02\/27\/guaruja-notifica-comercios-sobre-novas-restricoes-do-plano-sp\" \/>\n<meta property=\"og:site_name\" content=\"Litoral SP\" \/>\n<meta property=\"article:published_time\" content=\"2021-02-27T18:03:04+00:00\" \/>\n<meta property=\"og:image\" content=\"https:\/\/redenoticiaz.com.br\/litoralsp\/wp-content\/uploads\/sites\/3\/2021\/02\/fiscaliza-gauruja.jpg\" \/>\n\t<meta property=\"og:image:width\" content=\"1536\" \/>\n\t<meta property=\"og:image:height\" content=\"1024\" \/>\n\t<meta property=\"og:image:type\" content=\"image\/jpeg\" \/>\n<meta name=\"author\" content=\"Patr\u00edcia Prado\" \/>\n<meta name=\"twitter:card\" content=\"summary_large_image\" \/>\n<meta name=\"twitter:label1\" content=\"Escrito por\" \/>\n\t<meta name=\"twitter:data1\" content=\"Patr\u00edcia Prado\" \/>\n\t<meta name=\"twitter:label2\" content=\"Est. tempo de leitura\" \/>\n\t<meta name=\"twitter:data2\" content=\"1 minuto\" \/>\n<script type=\"application\/ld+json\" class=\"yoast-schema-graph\">{\"@context\":\"https:\\\/\\\/schema.org\",\"@graph\":[{\"@type\":\"Article\",\"@id\":\"https:\\\/\\\/redenoticiaz.com.br\\\/litoralsp\\\/2021\\\/02\\\/27\\\/guaruja-notifica-comercios-sobre-novas-restricoes-do-plano-sp#article\",\"isPartOf\":{\"@id\":\"https:\\\/\\\/redenoticiaz.com.br\\\/litoralsp\\\/2021\\\/02\\\/27\\\/guaruja-notifica-comercios-sobre-novas-restricoes-do-plano-sp\"},\"author\":{\"name\":\"Patr\u00edcia Prado\",\"@id\":\"https:\\\/\\\/redenoticiaz.com.br\\\/litoralsp\\\/#\\\/schema\\\/person\\\/e1b0bd8c2637e2c1b6ddcbc2c33b116f\"},\"headline\":\"Guaruj\u00e1 notifica com\u00e9rcios sobre novas restri\u00e7\u00f5es do Plano SP\",\"datePublished\":\"2021-02-27T18:03:04+00:00\",\"mainEntityOfPage\":{\"@id\":\"https:\\\/\\\/redenoticiaz.com.br\\\/litoralsp\\\/2021\\\/02\\\/27\\\/guaruja-notifica-comercios-sobre-novas-restricoes-do-plano-sp\"},\"wordCount\":303,\"commentCount\":0,\"publisher\":{\"@id\":\"https:\\\/\\\/redenoticiaz.com.br\\\/litoralsp\\\/#organization\"},\"image\":{\"@id\":\"https:\\\/\\\/redenoticiaz.com.br\\\/litoralsp\\\/2021\\\/02\\\/27\\\/guaruja-notifica-comercios-sobre-novas-restricoes-do-plano-sp#primaryimage\"},\"thumbnailUrl\":\"https:\\\/\\\/redenoticiaz.com.br\\\/litoralsp\\\/wp-content\\\/uploads\\\/sites\\\/3\\\/2021\\\/02\\\/fiscaliza-gauruja.jpg\",\"keywords\":[\"COM\u00c9RCIO GUARUJ\u00c1\",\"FOR\u00c7A-TAREFA FISCALIZA COM\u00c9RCIOS\",\"GUARUJ\u00c1\",\"GUARUJ\u00c1 NOTIFICA COM\u00c9RCIOS\"],\"articleSection\":[\"Guaruj\u00e1\",\"Sa\u00fade\"],\"inLanguage\":\"pt-BR\",\"potentialAction\":[{\"@type\":\"CommentAction\",\"name\":\"Comment\",\"target\":[\"https:\\\/\\\/redenoticiaz.com.br\\\/litoralsp\\\/2021\\\/02\\\/27\\\/guaruja-notifica-comercios-sobre-novas-restricoes-do-plano-sp#respond\"]}]},{\"@type\":\"WebPage\",\"@id\":\"https:\\\/\\\/redenoticiaz.com.br\\\/litoralsp\\\/2021\\\/02\\\/27\\\/guaruja-notifica-comercios-sobre-novas-restricoes-do-plano-sp\",\"url\":\"https:\\\/\\\/redenoticiaz.com.br\\\/litoralsp\\\/2021\\\/02\\\/27\\\/guaruja-notifica-comercios-sobre-novas-restricoes-do-plano-sp\",\"name\":\"Guaruj\u00e1 notifica com\u00e9rcios sobre novas restri\u00e7\u00f5es do Plano SP - Litoral SP\",\"isPartOf\":{\"@id\":\"https:\\\/\\\/redenoticiaz.com.br\\\/litoralsp\\\/#website\"},\"primaryImageOfPage\":{\"@id\":\"https:\\\/\\\/redenoticiaz.com.br\\\/litoralsp\\\/2021\\\/02\\\/27\\\/guaruja-notifica-comercios-sobre-novas-restricoes-do-plano-sp#primaryimage\"},\"image\":{\"@id\":\"https:\\\/\\\/redenoticiaz.com.br\\\/litoralsp\\\/2021\\\/02\\\/27\\\/guaruja-notifica-comercios-sobre-novas-restricoes-do-plano-sp#primaryimage\"},\"thumbnailUrl\":\"https:\\\/\\\/redenoticiaz.com.br\\\/litoralsp\\\/wp-content\\\/uploads\\\/sites\\\/3\\\/2021\\\/02\\\/fiscaliza-gauruja.jpg\",\"datePublished\":\"2021-02-27T18:03:04+00:00\",\"description\":\"Agentes da Diretoria de For\u00e7a Tarefa de Guaruj\u00e1 aplicaram autos de notifica\u00e7\u00e3o preventiva em estabelecimentos comerciais da Cidade\",\"inLanguage\":\"pt-BR\",\"potentialAction\":[{\"@type\":\"ReadAction\",\"target\":[\"https:\\\/\\\/redenoticiaz.com.br\\\/litoralsp\\\/2021\\\/02\\\/27\\\/guaruja-notifica-comercios-sobre-novas-restricoes-do-plano-sp\"]}]},{\"@type\":\"ImageObject\",\"inLanguage\":\"pt-BR\",\"@id\":\"https:\\\/\\\/redenoticiaz.com.br\\\/litoralsp\\\/2021\\\/02\\\/27\\\/guaruja-notifica-comercios-sobre-novas-restricoes-do-plano-sp#primaryimage\",\"url\":\"https:\\\/\\\/redenoticiaz.com.br\\\/litoralsp\\\/wp-content\\\/uploads\\\/sites\\\/3\\\/2021\\\/02\\\/fiscaliza-gauruja.jpg\",\"contentUrl\":\"https:\\\/\\\/redenoticiaz.com.br\\\/litoralsp\\\/wp-content\\\/uploads\\\/sites\\\/3\\\/2021\\\/02\\\/fiscaliza-gauruja.jpg\",\"width\":1536,\"height\":1024,\"caption\":\"Guaruj\u00e1 notifica com\u00e9rcios sobre novas restri\u00e7\u00f5es do Plano SP\"},{\"@type\":\"WebSite\",\"@id\":\"https:\\\/\\\/redenoticiaz.com.br\\\/litoralsp\\\/#website\",\"url\":\"https:\\\/\\\/redenoticiaz.com.br\\\/litoralsp\\\/\",\"name\":\"Litoral SP\",\"description\":\"Rede NoticiaZ\",\"publisher\":{\"@id\":\"https:\\\/\\\/redenoticiaz.com.br\\\/litoralsp\\\/#organization\"},\"potentialAction\":[{\"@type\":\"SearchAction\",\"target\":{\"@type\":\"EntryPoint\",\"urlTemplate\":\"https:\\\/\\\/redenoticiaz.com.br\\\/litoralsp\\\/?s={search_term_string}\"},\"query-input\":{\"@type\":\"PropertyValueSpecification\",\"valueRequired\":true,\"valueName\":\"search_term_string\"}}],\"inLanguage\":\"pt-BR\"},{\"@type\":\"Organization\",\"@id\":\"https:\\\/\\\/redenoticiaz.com.br\\\/litoralsp\\\/#organization\",\"name\":\"Litoral SP\",\"url\":\"https:\\\/\\\/redenoticiaz.com.br\\\/litoralsp\\\/\",\"logo\":{\"@type\":\"ImageObject\",\"inLanguage\":\"pt-BR\",\"@id\":\"https:\\\/\\\/redenoticiaz.com.br\\\/litoralsp\\\/#\\\/schema\\\/logo\\\/image\\\/\",\"url\":\"https:\\\/\\\/redenoticiaz.com.br\\\/litoralsp\\\/wp-content\\\/uploads\\\/sites\\\/3\\\/2020\\\/11\\\/logo.jpg\",\"contentUrl\":\"https:\\\/\\\/redenoticiaz.com.br\\\/litoralsp\\\/wp-content\\\/uploads\\\/sites\\\/3\\\/2020\\\/11\\\/logo.jpg\",\"width\":400,\"height\":250,\"caption\":\"Litoral SP\"},\"image\":{\"@id\":\"https:\\\/\\\/redenoticiaz.com.br\\\/litoralsp\\\/#\\\/schema\\\/logo\\\/image\\\/\"}},{\"@type\":\"Person\",\"@id\":\"https:\\\/\\\/redenoticiaz.com.br\\\/litoralsp\\\/#\\\/schema\\\/person\\\/e1b0bd8c2637e2c1b6ddcbc2c33b116f\",\"name\":\"Patr\u00edcia Prado\",\"image\":{\"@type\":\"ImageObject\",\"inLanguage\":\"pt-BR\",\"@id\":\"https:\\\/\\\/secure.gravatar.com\\\/avatar\\\/92e358bef22cfcec15e054ae4d9fee04dadf0c772dc4a17b382b8a34a15354c2?s=96&d=mm&r=g\",\"url\":\"https:\\\/\\\/secure.gravatar.com\\\/avatar\\\/92e358bef22cfcec15e054ae4d9fee04dadf0c772dc4a17b382b8a34a15354c2?s=96&d=mm&r=g\",\"contentUrl\":\"https:\\\/\\\/secure.gravatar.com\\\/avatar\\\/92e358bef22cfcec15e054ae4d9fee04dadf0c772dc4a17b382b8a34a15354c2?s=96&d=mm&r=g\",\"caption\":\"Patr\u00edcia Prado\"},\"url\":\"https:\\\/\\\/redenoticiaz.com.br\\\/litoralsp\\\/author\\\/patricia-prado\"}]}<\/script>\n<!-- \/ Yoast SEO plugin. -->","yoast_head_json":{"title":"Guaruj\u00e1 notifica com\u00e9rcios sobre novas restri\u00e7\u00f5es do Plano SP - Litoral SP","description":"Agentes da Diretoria de For\u00e7a Tarefa de Guaruj\u00e1 aplicaram autos de notifica\u00e7\u00e3o preventiva em estabelecimentos comerciais da Cidade","robots":{"index":"index","follow":"follow","max-snippet":"max-snippet:-1","max-image-preview":"max-image-preview:large","max-video-preview":"max-video-preview:-1"},"canonical":"https:\/\/redenoticiaz.com.br\/litoralsp\/2021\/02\/27\/guaruja-notifica-comercios-sobre-novas-restricoes-do-plano-sp","og_locale":"pt_BR","og_type":"article","og_title":"Guaruj\u00e1 notifica com\u00e9rcios sobre novas restri\u00e7\u00f5es do Plano SP - Litoral SP","og_description":"Agentes da Diretoria de For\u00e7a Tarefa de Guaruj\u00e1 aplicaram autos de notifica\u00e7\u00e3o preventiva em estabelecimentos comerciais da Cidade","og_url":"https:\/\/redenoticiaz.com.br\/litoralsp\/2021\/02\/27\/guaruja-notifica-comercios-sobre-novas-restricoes-do-plano-sp","og_site_name":"Litoral SP","article_published_time":"2021-02-27T18:03:04+00:00","og_image":[{"width":1536,"height":1024,"url":"https:\/\/redenoticiaz.com.br\/litoralsp\/wp-content\/uploads\/sites\/3\/2021\/02\/fiscaliza-gauruja.jpg","type":"image\/jpeg"}],"author":"Patr\u00edcia Prado","twitter_card":"summary_large_image","twitter_misc":{"Escrito por":"Patr\u00edcia Prado","Est. tempo de leitura":"1 minuto"},"schema":{"@context":"https:\/\/schema.org","@graph":[{"@type":"Article","@id":"https:\/\/redenoticiaz.com.br\/litoralsp\/2021\/02\/27\/guaruja-notifica-comercios-sobre-novas-restricoes-do-plano-sp#article","isPartOf":{"@id":"https:\/\/redenoticiaz.com.br\/litoralsp\/2021\/02\/27\/guaruja-notifica-comercios-sobre-novas-restricoes-do-plano-sp"},"author":{"name":"Patr\u00edcia Prado","@id":"https:\/\/redenoticiaz.com.br\/litoralsp\/#\/schema\/person\/e1b0bd8c2637e2c1b6ddcbc2c33b116f"},"headline":"Guaruj\u00e1 notifica com\u00e9rcios sobre novas restri\u00e7\u00f5es do Plano SP","datePublished":"2021-02-27T18:03:04+00:00","mainEntityOfPage":{"@id":"https:\/\/redenoticiaz.com.br\/litoralsp\/2021\/02\/27\/guaruja-notifica-comercios-sobre-novas-restricoes-do-plano-sp"},"wordCount":303,"commentCount":0,"publisher":{"@id":"https:\/\/redenoticiaz.com.br\/litoralsp\/#organization"},"image":{"@id":"https:\/\/redenoticiaz.com.br\/litoralsp\/2021\/02\/27\/guaruja-notifica-comercios-sobre-novas-restricoes-do-plano-sp#primaryimage"},"thumbnailUrl":"https:\/\/redenoticiaz.com.br\/litoralsp\/wp-content\/uploads\/sites\/3\/2021\/02\/fiscaliza-gauruja.jpg","keywords":["COM\u00c9RCIO GUARUJ\u00c1","FOR\u00c7A-TAREFA FISCALIZA COM\u00c9RCIOS","GUARUJ\u00c1","GUARUJ\u00c1 NOTIFICA COM\u00c9RCIOS"],"articleSection":["Guaruj\u00e1","Sa\u00fade"],"inLanguage":"pt-BR","potentialAction":[{"@type":"CommentAction","name":"Comment","target":["https:\/\/redenoticiaz.com.br\/litoralsp\/2021\/02\/27\/guaruja-notifica-comercios-sobre-novas-restricoes-do-plano-sp#respond"]}]},{"@type":"WebPage","@id":"https:\/\/redenoticiaz.com.br\/litoralsp\/2021\/02\/27\/guaruja-notifica-comercios-sobre-novas-restricoes-do-plano-sp","url":"https:\/\/redenoticiaz.com.br\/litoralsp\/2021\/02\/27\/guaruja-notifica-comercios-sobre-novas-restricoes-do-plano-sp","name":"Guaruj\u00e1 notifica com\u00e9rcios sobre novas restri\u00e7\u00f5es do Plano SP - Litoral SP","isPartOf":{"@id":"https:\/\/redenoticiaz.com.br\/litoralsp\/#website"},"primaryImageOfPage":{"@id":"https:\/\/redenoticiaz.com.br\/litoralsp\/2021\/02\/27\/guaruja-notifica-comercios-sobre-novas-restricoes-do-plano-sp#primaryimage"},"image":{"@id":"https:\/\/redenoticiaz.com.br\/litoralsp\/2021\/02\/27\/guaruja-notifica-comercios-sobre-novas-restricoes-do-plano-sp#primaryimage"},"thumbnailUrl":"https:\/\/redenoticiaz.com.br\/litoralsp\/wp-content\/uploads\/sites\/3\/2021\/02\/fiscaliza-gauruja.jpg","datePublished":"2021-02-27T18:03:04+00:00","description":"Agentes da Diretoria de For\u00e7a Tarefa de Guaruj\u00e1 aplicaram autos de notifica\u00e7\u00e3o preventiva em estabelecimentos comerciais da Cidade","inLanguage":"pt-BR","potentialAction":[{"@type":"ReadAction","target":["https:\/\/redenoticiaz.com.br\/litoralsp\/2021\/02\/27\/guaruja-notifica-comercios-sobre-novas-restricoes-do-plano-sp"]}]},{"@type":"ImageObject","inLanguage":"pt-BR","@id":"https:\/\/redenoticiaz.com.br\/litoralsp\/2021\/02\/27\/guaruja-notifica-comercios-sobre-novas-restricoes-do-plano-sp#primaryimage","url":"https:\/\/redenoticiaz.com.br\/litoralsp\/wp-content\/uploads\/sites\/3\/2021\/02\/fiscaliza-gauruja.jpg","contentUrl":"https:\/\/redenoticiaz.com.br\/litoralsp\/wp-content\/uploads\/sites\/3\/2021\/02\/fiscaliza-gauruja.jpg","width":1536,"height":1024,"caption":"Guaruj\u00e1 notifica com\u00e9rcios sobre novas restri\u00e7\u00f5es do Plano SP"},{"@type":"WebSite","@id":"https:\/\/redenoticiaz.com.br\/litoralsp\/#website","url":"https:\/\/redenoticiaz.com.br\/litoralsp\/","name":"Litoral SP","description":"Rede NoticiaZ","publisher":{"@id":"https:\/\/redenoticiaz.com.br\/litoralsp\/#organization"},"potentialAction":[{"@type":"SearchAction","target":{"@type":"EntryPoint","urlTemplate":"https:\/\/redenoticiaz.com.br\/litoralsp\/?s={search_term_string}"},"query-input":{"@type":"PropertyValueSpecification","valueRequired":true,"valueName":"search_term_string"}}],"inLanguage":"pt-BR"},{"@type":"Organization","@id":"https:\/\/redenoticiaz.com.br\/litoralsp\/#organization","name":"Litoral SP","url":"https:\/\/redenoticiaz.com.br\/litoralsp\/","logo":{"@type":"ImageObject","inLanguage":"pt-BR","@id":"https:\/\/redenoticiaz.com.br\/litoralsp\/#\/schema\/logo\/image\/","url":"https:\/\/redenoticiaz.com.br\/litoralsp\/wp-content\/uploads\/sites\/3\/2020\/11\/logo.jpg","contentUrl":"https:\/\/redenoticiaz.com.br\/litoralsp\/wp-content\/uploads\/sites\/3\/2020\/11\/logo.jpg","width":400,"height":250,"caption":"Litoral SP"},"image":{"@id":"https:\/\/redenoticiaz.com.br\/litoralsp\/#\/schema\/logo\/image\/"}},{"@type":"Person","@id":"https:\/\/redenoticiaz.com.br\/litoralsp\/#\/schema\/person\/e1b0bd8c2637e2c1b6ddcbc2c33b116f","name":"Patr\u00edcia Prado","image":{"@type":"ImageObject","inLanguage":"pt-BR","@id":"https:\/\/secure.gravatar.com\/avatar\/92e358bef22cfcec15e054ae4d9fee04dadf0c772dc4a17b382b8a34a15354c2?s=96&d=mm&r=g","url":"https:\/\/secure.gravatar.com\/avatar\/92e358bef22cfcec15e054ae4d9fee04dadf0c772dc4a17b382b8a34a15354c2?s=96&d=mm&r=g","contentUrl":"https:\/\/secure.gravatar.com\/avatar\/92e358bef22cfcec15e054ae4d9fee04dadf0c772dc4a17b382b8a34a15354c2?s=96&d=mm&r=g","caption":"Patr\u00edcia Prado"},"url":"https:\/\/redenoticiaz.com.br\/litoralsp\/author\/patricia-prado"}]}},"_links":{"self":[{"href":"https:\/\/redenoticiaz.com.br\/litoralsp\/wp-json\/wp\/v2\/posts\/4877","targetHints":{"allow":["GET"]}}],"collection":[{"href":"https:\/\/redenoticiaz.com.br\/litoralsp\/wp-json\/wp\/v2\/posts"}],"about":[{"href":"https:\/\/redenoticiaz.com.br\/litoralsp\/wp-json\/wp\/v2\/types\/post"}],"author":[{"embeddable":true,"href":"https:\/\/redenoticiaz.com.br\/litoralsp\/wp-json\/wp\/v2\/users\/5"}],"replies":[{"embeddable":true,"href":"https:\/\/redenoticiaz.com.br\/litoralsp\/wp-json\/wp\/v2\/comments?post=4877"}],"version-history":[{"count":1,"href":"https:\/\/redenoticiaz.com.br\/litoralsp\/wp-json\/wp\/v2\/posts\/4877\/revisions"}],"predecessor-version":[{"id":4879,"href":"https:\/\/redenoticiaz.com.br\/litoralsp\/wp-json\/wp\/v2\/posts\/4877\/revisions\/4879"}],"wp:featuredmedia":[{"embeddable":true,"href":"https:\/\/redenoticiaz.com.br\/litoralsp\/wp-json\/wp\/v2\/media\/4878"}],"wp:attachment":[{"href":"https:\/\/redenoticiaz.com.br\/litoralsp\/wp-json\/wp\/v2\/media?parent=4877"}],"wp:term":[{"taxonomy":"category","embeddable":true,"href":"https:\/\/redenoticiaz.com.br\/litoralsp\/wp-json\/wp\/v2\/categories?post=4877"},{"taxonomy":"post_tag","embeddable":true,"href":"https:\/\/redenoticiaz.com.br\/litoralsp\/wp-json\/wp\/v2\/tags?post=4877"}],"curies":[{"name":"wp","href":"https:\/\/api.w.org\/{rel}","templated":true}]}}