{"id":489,"date":"2020-11-23T19:33:15","date_gmt":"2020-11-23T22:33:15","guid":{"rendered":"https:\/\/redenoticiaz.com.br\/litoralsp\/?p=489"},"modified":"2020-11-23T19:34:10","modified_gmt":"2020-11-23T22:34:10","slug":"onibus-de-mongagua-vao-ter-reajuste","status":"publish","type":"post","link":"https:\/\/redenoticiaz.com.br\/litoralsp\/2020\/11\/23\/onibus-de-mongagua-vao-ter-reajuste","title":{"rendered":"\u00d4nibus de Mongagu\u00e1 v\u00e3o ter reajuste"},"content":{"rendered":"<p>A <a href=\"https:\/\/www.mongagua.sp.gov.br\/\">Prefeitura de Mongagu\u00e1<\/a> informa que os \u00f4nibus ter\u00e3o reajuste na tarifa. O valor que estava sendo cobrado a R$ 1,50, agora vai ser de R$ 2. Mas a Administra\u00e7\u00e3o Municipal diz que o pre\u00e7o oficial era de R$ 2,50. Contudo, devido a pandemia do coronav\u00edrus, houve a redu\u00e7\u00e3o.<\/p>\n<div class=\"mc-column content-text active-extra-styles \" data-block-type=\"unstyled\" data-block-weight=\"42\" data-block-id=\"3\">\n<p class=\"content-text__container \" data-track-category=\"Link no Texto\" data-track-links=\"\">A prefeitura diz que a decis\u00e3o pela redu\u00e7\u00e3o havia sido tomada junto com a Associa\u00e7\u00e3o do Transporte Alternativo de Mongagu\u00e1 (ATAM), respons\u00e1vel pelo transporte coletivo da cidade. O objetivo do reajuste foi reduzir os impactos financeiros dos moradores no per\u00edodo pand\u00eamico.<\/p>\n<\/div>\n<div class=\"mc-column content-text active-extra-styles \" data-block-type=\"unstyled\" data-block-weight=\"48\" data-block-id=\"4\">\n<p class=\"content-text__container \" data-track-category=\"Link no Texto\" data-track-links=\"\">O Servi\u00e7o Municipal de Tr\u00e2nsito (Semutran) \u00e9 o respons\u00e1vel pela fiscaliza\u00e7\u00e3o do transporte p\u00fablico da cidade. Como Mongagu\u00e1 se encontra na fase verde do Plano S\u00e3o Paulo e teve in\u00edcio na sua retomada das atividades econ\u00f4micas, a empresa afirma que precisou reajustar o valor.<\/p>\n<\/div>\n<div class=\"mc-column content-text active-extra-styles \" data-block-type=\"unstyled\" data-block-weight=\"57\" data-block-id=\"5\">\n<p class=\"content-text__container \" data-track-category=\"Link no Texto\" data-track-links=\"\">Em nota, a ATAM informou que baixou o valor em respeito \u00e0 popula\u00e7\u00e3o durante a pandemia. Por\u00e9m, foi necess\u00e1rio aumentar o pre\u00e7o em fun\u00e7\u00e3o de outros custos que se tornaram maiores, como do valor do combust\u00edvel. A empresa ressaltou ainda que continua praticando o valor inferior ao da passagem original, em respeito \u00e0 atual situa\u00e7\u00e3o.<\/p>\n<p data-track-category=\"Link no Texto\" data-track-links=\"\">Leia tamb\u00e9m<\/p>\n<p data-track-category=\"Link no Texto\" data-track-links=\"\"><a href=\"https:\/\/redenoticiaz.com.br\/litoralsp\/2020\/11\/21\/pedagios-de-sp-ficam-mais-caros-em-dezembro\/\">Ped\u00e1gios de SP ficam mais caros em dezembro<\/a><\/p>\n<\/div>\n","protected":false},"excerpt":{"rendered":"<p>A Prefeitura de Mongagu\u00e1 informa que os \u00f4nibus ter\u00e3o reajuste na tarifa. O valor que estava sendo cobrado a R$ 1,50, agora vai ser de R$ 2. Mas a Administra\u00e7\u00e3o Municipal diz que o pre\u00e7o oficial era de R$ 2,50. Contudo, devido a pandemia do coronav\u00edrus, houve a redu\u00e7\u00e3o. A prefeitura diz que a decis\u00e3o &hellip;<\/p>\n","protected":false},"author":6,"featured_media":490,"comment_status":"open","ping_status":"closed","sticky":false,"template":"","format":"standard","meta":{"footnotes":""},"categories":[183,88],"tags":[1051,1287,1671,91],"class_list":["post-489","post","type-post","status-publish","format-standard","has-post-thumbnail","hentry","category-mongagua","category-transportes","tag-mongagua","tag-onibus","tag-reajuste","tag-transporte"],"yoast_head":"<!-- This site is optimized with the Yoast SEO plugin v27.5 - https:\/\/yoast.com\/product\/yoast-seo-wordpress\/ -->\n<title>\u00d4nibus de Mongagu\u00e1 v\u00e3o ter reajuste - Litoral SP<\/title>\n<meta name=\"description\" content=\"A Prefeitura de Mongagu\u00e1 informa que os \u00f4nibus ter\u00e3o reajuste na tarifa. O valor que estava sendo cobrado a R$ 1,50, agora vai ser de R$ 2.\" \/>\n<meta name=\"robots\" content=\"index, follow, max-snippet:-1, max-image-preview:large, max-video-preview:-1\" \/>\n<link rel=\"canonical\" href=\"https:\/\/redenoticiaz.com.br\/litoralsp\/2020\/11\/23\/onibus-de-mongagua-vao-ter-reajuste\" \/>\n<meta property=\"og:locale\" content=\"pt_BR\" \/>\n<meta property=\"og:type\" content=\"article\" \/>\n<meta property=\"og:title\" content=\"\u00d4nibus de Mongagu\u00e1 v\u00e3o ter reajuste - Litoral SP\" \/>\n<meta property=\"og:description\" content=\"A Prefeitura de Mongagu\u00e1 informa que os \u00f4nibus ter\u00e3o reajuste na tarifa. O valor que estava sendo cobrado a R$ 1,50, agora vai ser de R$ 2.\" \/>\n<meta property=\"og:url\" content=\"https:\/\/redenoticiaz.com.br\/litoralsp\/2020\/11\/23\/onibus-de-mongagua-vao-ter-reajuste\" \/>\n<meta property=\"og:site_name\" content=\"Litoral SP\" \/>\n<meta property=\"article:published_time\" content=\"2020-11-23T22:33:15+00:00\" \/>\n<meta property=\"article:modified_time\" content=\"2020-11-23T22:34:10+00:00\" \/>\n<meta property=\"og:image\" content=\"https:\/\/redenoticiaz.com.br\/litoralsp\/wp-content\/uploads\/sites\/3\/2020\/11\/nibus-mongagua.jpg\" \/>\n\t<meta property=\"og:image:width\" content=\"1000\" \/>\n\t<meta property=\"og:image:height\" content=\"585\" \/>\n\t<meta property=\"og:image:type\" content=\"image\/jpeg\" \/>\n<meta name=\"author\" content=\"Leonardo Francisco\" \/>\n<meta name=\"twitter:card\" content=\"summary_large_image\" \/>\n<meta name=\"twitter:label1\" content=\"Escrito por\" \/>\n\t<meta name=\"twitter:data1\" content=\"Leonardo Francisco\" \/>\n\t<meta name=\"twitter:label2\" content=\"Est. tempo de leitura\" \/>\n\t<meta name=\"twitter:data2\" content=\"1 minuto\" \/>\n<script type=\"application\/ld+json\" class=\"yoast-schema-graph\">{\"@context\":\"https:\\\/\\\/schema.org\",\"@graph\":[{\"@type\":\"Article\",\"@id\":\"https:\\\/\\\/redenoticiaz.com.br\\\/litoralsp\\\/2020\\\/11\\\/23\\\/onibus-de-mongagua-vao-ter-reajuste#article\",\"isPartOf\":{\"@id\":\"https:\\\/\\\/redenoticiaz.com.br\\\/litoralsp\\\/2020\\\/11\\\/23\\\/onibus-de-mongagua-vao-ter-reajuste\"},\"author\":{\"name\":\"Leonardo Francisco\",\"@id\":\"https:\\\/\\\/redenoticiaz.com.br\\\/litoralsp\\\/#\\\/schema\\\/person\\\/0f0b8a5bdafefe82841e07ae8d81ecb3\"},\"headline\":\"\u00d4nibus de Mongagu\u00e1 v\u00e3o ter reajuste\",\"datePublished\":\"2020-11-23T22:33:15+00:00\",\"dateModified\":\"2020-11-23T22:34:10+00:00\",\"mainEntityOfPage\":{\"@id\":\"https:\\\/\\\/redenoticiaz.com.br\\\/litoralsp\\\/2020\\\/11\\\/23\\\/onibus-de-mongagua-vao-ter-reajuste\"},\"wordCount\":228,\"commentCount\":0,\"publisher\":{\"@id\":\"https:\\\/\\\/redenoticiaz.com.br\\\/litoralsp\\\/#organization\"},\"image\":{\"@id\":\"https:\\\/\\\/redenoticiaz.com.br\\\/litoralsp\\\/2020\\\/11\\\/23\\\/onibus-de-mongagua-vao-ter-reajuste#primaryimage\"},\"thumbnailUrl\":\"https:\\\/\\\/redenoticiaz.com.br\\\/litoralsp\\\/wp-content\\\/uploads\\\/sites\\\/3\\\/2020\\\/11\\\/nibus-mongagua.jpg\",\"keywords\":[\"MONGAGU\u00c1\",\"\u00d4NIBUS\",\"REAJUSTE\",\"TRANSPORTE\"],\"articleSection\":[\"Mongagu\u00e1\",\"Transportes\"],\"inLanguage\":\"pt-BR\",\"potentialAction\":[{\"@type\":\"CommentAction\",\"name\":\"Comment\",\"target\":[\"https:\\\/\\\/redenoticiaz.com.br\\\/litoralsp\\\/2020\\\/11\\\/23\\\/onibus-de-mongagua-vao-ter-reajuste#respond\"]}]},{\"@type\":\"WebPage\",\"@id\":\"https:\\\/\\\/redenoticiaz.com.br\\\/litoralsp\\\/2020\\\/11\\\/23\\\/onibus-de-mongagua-vao-ter-reajuste\",\"url\":\"https:\\\/\\\/redenoticiaz.com.br\\\/litoralsp\\\/2020\\\/11\\\/23\\\/onibus-de-mongagua-vao-ter-reajuste\",\"name\":\"\u00d4nibus de Mongagu\u00e1 v\u00e3o ter reajuste - Litoral SP\",\"isPartOf\":{\"@id\":\"https:\\\/\\\/redenoticiaz.com.br\\\/litoralsp\\\/#website\"},\"primaryImageOfPage\":{\"@id\":\"https:\\\/\\\/redenoticiaz.com.br\\\/litoralsp\\\/2020\\\/11\\\/23\\\/onibus-de-mongagua-vao-ter-reajuste#primaryimage\"},\"image\":{\"@id\":\"https:\\\/\\\/redenoticiaz.com.br\\\/litoralsp\\\/2020\\\/11\\\/23\\\/onibus-de-mongagua-vao-ter-reajuste#primaryimage\"},\"thumbnailUrl\":\"https:\\\/\\\/redenoticiaz.com.br\\\/litoralsp\\\/wp-content\\\/uploads\\\/sites\\\/3\\\/2020\\\/11\\\/nibus-mongagua.jpg\",\"datePublished\":\"2020-11-23T22:33:15+00:00\",\"dateModified\":\"2020-11-23T22:34:10+00:00\",\"description\":\"A Prefeitura de Mongagu\u00e1 informa que os \u00f4nibus ter\u00e3o reajuste na tarifa. O valor que estava sendo cobrado a R$ 1,50, agora vai ser de R$ 2.\",\"inLanguage\":\"pt-BR\",\"potentialAction\":[{\"@type\":\"ReadAction\",\"target\":[\"https:\\\/\\\/redenoticiaz.com.br\\\/litoralsp\\\/2020\\\/11\\\/23\\\/onibus-de-mongagua-vao-ter-reajuste\"]}]},{\"@type\":\"ImageObject\",\"inLanguage\":\"pt-BR\",\"@id\":\"https:\\\/\\\/redenoticiaz.com.br\\\/litoralsp\\\/2020\\\/11\\\/23\\\/onibus-de-mongagua-vao-ter-reajuste#primaryimage\",\"url\":\"https:\\\/\\\/redenoticiaz.com.br\\\/litoralsp\\\/wp-content\\\/uploads\\\/sites\\\/3\\\/2020\\\/11\\\/nibus-mongagua.jpg\",\"contentUrl\":\"https:\\\/\\\/redenoticiaz.com.br\\\/litoralsp\\\/wp-content\\\/uploads\\\/sites\\\/3\\\/2020\\\/11\\\/nibus-mongagua.jpg\",\"width\":1000,\"height\":585,\"caption\":\"\u00d4nibus de Mongagu\u00e1 v\u00e3o ter reajuste\"},{\"@type\":\"WebSite\",\"@id\":\"https:\\\/\\\/redenoticiaz.com.br\\\/litoralsp\\\/#website\",\"url\":\"https:\\\/\\\/redenoticiaz.com.br\\\/litoralsp\\\/\",\"name\":\"Litoral SP\",\"description\":\"Rede NoticiaZ\",\"publisher\":{\"@id\":\"https:\\\/\\\/redenoticiaz.com.br\\\/litoralsp\\\/#organization\"},\"potentialAction\":[{\"@type\":\"SearchAction\",\"target\":{\"@type\":\"EntryPoint\",\"urlTemplate\":\"https:\\\/\\\/redenoticiaz.com.br\\\/litoralsp\\\/?s={search_term_string}\"},\"query-input\":{\"@type\":\"PropertyValueSpecification\",\"valueRequired\":true,\"valueName\":\"search_term_string\"}}],\"inLanguage\":\"pt-BR\"},{\"@type\":\"Organization\",\"@id\":\"https:\\\/\\\/redenoticiaz.com.br\\\/litoralsp\\\/#organization\",\"name\":\"Litoral SP\",\"url\":\"https:\\\/\\\/redenoticiaz.com.br\\\/litoralsp\\\/\",\"logo\":{\"@type\":\"ImageObject\",\"inLanguage\":\"pt-BR\",\"@id\":\"https:\\\/\\\/redenoticiaz.com.br\\\/litoralsp\\\/#\\\/schema\\\/logo\\\/image\\\/\",\"url\":\"https:\\\/\\\/redenoticiaz.com.br\\\/litoralsp\\\/wp-content\\\/uploads\\\/sites\\\/3\\\/2020\\\/11\\\/logo.jpg\",\"contentUrl\":\"https:\\\/\\\/redenoticiaz.com.br\\\/litoralsp\\\/wp-content\\\/uploads\\\/sites\\\/3\\\/2020\\\/11\\\/logo.jpg\",\"width\":400,\"height\":250,\"caption\":\"Litoral SP\"},\"image\":{\"@id\":\"https:\\\/\\\/redenoticiaz.com.br\\\/litoralsp\\\/#\\\/schema\\\/logo\\\/image\\\/\"}},{\"@type\":\"Person\",\"@id\":\"https:\\\/\\\/redenoticiaz.com.br\\\/litoralsp\\\/#\\\/schema\\\/person\\\/0f0b8a5bdafefe82841e07ae8d81ecb3\",\"name\":\"Leonardo Francisco\",\"image\":{\"@type\":\"ImageObject\",\"inLanguage\":\"pt-BR\",\"@id\":\"https:\\\/\\\/secure.gravatar.com\\\/avatar\\\/a7358cb406a99b682ec6df1e77e31ae82e63601f6784e8a3df411d72b37864da?s=96&d=mm&r=g\",\"url\":\"https:\\\/\\\/secure.gravatar.com\\\/avatar\\\/a7358cb406a99b682ec6df1e77e31ae82e63601f6784e8a3df411d72b37864da?s=96&d=mm&r=g\",\"contentUrl\":\"https:\\\/\\\/secure.gravatar.com\\\/avatar\\\/a7358cb406a99b682ec6df1e77e31ae82e63601f6784e8a3df411d72b37864da?s=96&d=mm&r=g\",\"caption\":\"Leonardo Francisco\"},\"url\":\"https:\\\/\\\/redenoticiaz.com.br\\\/litoralsp\\\/author\\\/leonardo-francisco\"}]}<\/script>\n<!-- \/ Yoast SEO plugin. -->","yoast_head_json":{"title":"\u00d4nibus de Mongagu\u00e1 v\u00e3o ter reajuste - Litoral SP","description":"A Prefeitura de Mongagu\u00e1 informa que os \u00f4nibus ter\u00e3o reajuste na tarifa. O valor que estava sendo cobrado a R$ 1,50, agora vai ser de R$ 2.","robots":{"index":"index","follow":"follow","max-snippet":"max-snippet:-1","max-image-preview":"max-image-preview:large","max-video-preview":"max-video-preview:-1"},"canonical":"https:\/\/redenoticiaz.com.br\/litoralsp\/2020\/11\/23\/onibus-de-mongagua-vao-ter-reajuste","og_locale":"pt_BR","og_type":"article","og_title":"\u00d4nibus de Mongagu\u00e1 v\u00e3o ter reajuste - Litoral SP","og_description":"A Prefeitura de Mongagu\u00e1 informa que os \u00f4nibus ter\u00e3o reajuste na tarifa. O valor que estava sendo cobrado a R$ 1,50, agora vai ser de R$ 2.","og_url":"https:\/\/redenoticiaz.com.br\/litoralsp\/2020\/11\/23\/onibus-de-mongagua-vao-ter-reajuste","og_site_name":"Litoral SP","article_published_time":"2020-11-23T22:33:15+00:00","article_modified_time":"2020-11-23T22:34:10+00:00","og_image":[{"width":1000,"height":585,"url":"https:\/\/redenoticiaz.com.br\/litoralsp\/wp-content\/uploads\/sites\/3\/2020\/11\/nibus-mongagua.jpg","type":"image\/jpeg"}],"author":"Leonardo Francisco","twitter_card":"summary_large_image","twitter_misc":{"Escrito por":"Leonardo Francisco","Est. tempo de leitura":"1 minuto"},"schema":{"@context":"https:\/\/schema.org","@graph":[{"@type":"Article","@id":"https:\/\/redenoticiaz.com.br\/litoralsp\/2020\/11\/23\/onibus-de-mongagua-vao-ter-reajuste#article","isPartOf":{"@id":"https:\/\/redenoticiaz.com.br\/litoralsp\/2020\/11\/23\/onibus-de-mongagua-vao-ter-reajuste"},"author":{"name":"Leonardo Francisco","@id":"https:\/\/redenoticiaz.com.br\/litoralsp\/#\/schema\/person\/0f0b8a5bdafefe82841e07ae8d81ecb3"},"headline":"\u00d4nibus de Mongagu\u00e1 v\u00e3o ter reajuste","datePublished":"2020-11-23T22:33:15+00:00","dateModified":"2020-11-23T22:34:10+00:00","mainEntityOfPage":{"@id":"https:\/\/redenoticiaz.com.br\/litoralsp\/2020\/11\/23\/onibus-de-mongagua-vao-ter-reajuste"},"wordCount":228,"commentCount":0,"publisher":{"@id":"https:\/\/redenoticiaz.com.br\/litoralsp\/#organization"},"image":{"@id":"https:\/\/redenoticiaz.com.br\/litoralsp\/2020\/11\/23\/onibus-de-mongagua-vao-ter-reajuste#primaryimage"},"thumbnailUrl":"https:\/\/redenoticiaz.com.br\/litoralsp\/wp-content\/uploads\/sites\/3\/2020\/11\/nibus-mongagua.jpg","keywords":["MONGAGU\u00c1","\u00d4NIBUS","REAJUSTE","TRANSPORTE"],"articleSection":["Mongagu\u00e1","Transportes"],"inLanguage":"pt-BR","potentialAction":[{"@type":"CommentAction","name":"Comment","target":["https:\/\/redenoticiaz.com.br\/litoralsp\/2020\/11\/23\/onibus-de-mongagua-vao-ter-reajuste#respond"]}]},{"@type":"WebPage","@id":"https:\/\/redenoticiaz.com.br\/litoralsp\/2020\/11\/23\/onibus-de-mongagua-vao-ter-reajuste","url":"https:\/\/redenoticiaz.com.br\/litoralsp\/2020\/11\/23\/onibus-de-mongagua-vao-ter-reajuste","name":"\u00d4nibus de Mongagu\u00e1 v\u00e3o ter reajuste - Litoral SP","isPartOf":{"@id":"https:\/\/redenoticiaz.com.br\/litoralsp\/#website"},"primaryImageOfPage":{"@id":"https:\/\/redenoticiaz.com.br\/litoralsp\/2020\/11\/23\/onibus-de-mongagua-vao-ter-reajuste#primaryimage"},"image":{"@id":"https:\/\/redenoticiaz.com.br\/litoralsp\/2020\/11\/23\/onibus-de-mongagua-vao-ter-reajuste#primaryimage"},"thumbnailUrl":"https:\/\/redenoticiaz.com.br\/litoralsp\/wp-content\/uploads\/sites\/3\/2020\/11\/nibus-mongagua.jpg","datePublished":"2020-11-23T22:33:15+00:00","dateModified":"2020-11-23T22:34:10+00:00","description":"A Prefeitura de Mongagu\u00e1 informa que os \u00f4nibus ter\u00e3o reajuste na tarifa. O valor que estava sendo cobrado a R$ 1,50, agora vai ser de R$ 2.","inLanguage":"pt-BR","potentialAction":[{"@type":"ReadAction","target":["https:\/\/redenoticiaz.com.br\/litoralsp\/2020\/11\/23\/onibus-de-mongagua-vao-ter-reajuste"]}]},{"@type":"ImageObject","inLanguage":"pt-BR","@id":"https:\/\/redenoticiaz.com.br\/litoralsp\/2020\/11\/23\/onibus-de-mongagua-vao-ter-reajuste#primaryimage","url":"https:\/\/redenoticiaz.com.br\/litoralsp\/wp-content\/uploads\/sites\/3\/2020\/11\/nibus-mongagua.jpg","contentUrl":"https:\/\/redenoticiaz.com.br\/litoralsp\/wp-content\/uploads\/sites\/3\/2020\/11\/nibus-mongagua.jpg","width":1000,"height":585,"caption":"\u00d4nibus de Mongagu\u00e1 v\u00e3o ter reajuste"},{"@type":"WebSite","@id":"https:\/\/redenoticiaz.com.br\/litoralsp\/#website","url":"https:\/\/redenoticiaz.com.br\/litoralsp\/","name":"Litoral SP","description":"Rede NoticiaZ","publisher":{"@id":"https:\/\/redenoticiaz.com.br\/litoralsp\/#organization"},"potentialAction":[{"@type":"SearchAction","target":{"@type":"EntryPoint","urlTemplate":"https:\/\/redenoticiaz.com.br\/litoralsp\/?s={search_term_string}"},"query-input":{"@type":"PropertyValueSpecification","valueRequired":true,"valueName":"search_term_string"}}],"inLanguage":"pt-BR"},{"@type":"Organization","@id":"https:\/\/redenoticiaz.com.br\/litoralsp\/#organization","name":"Litoral SP","url":"https:\/\/redenoticiaz.com.br\/litoralsp\/","logo":{"@type":"ImageObject","inLanguage":"pt-BR","@id":"https:\/\/redenoticiaz.com.br\/litoralsp\/#\/schema\/logo\/image\/","url":"https:\/\/redenoticiaz.com.br\/litoralsp\/wp-content\/uploads\/sites\/3\/2020\/11\/logo.jpg","contentUrl":"https:\/\/redenoticiaz.com.br\/litoralsp\/wp-content\/uploads\/sites\/3\/2020\/11\/logo.jpg","width":400,"height":250,"caption":"Litoral SP"},"image":{"@id":"https:\/\/redenoticiaz.com.br\/litoralsp\/#\/schema\/logo\/image\/"}},{"@type":"Person","@id":"https:\/\/redenoticiaz.com.br\/litoralsp\/#\/schema\/person\/0f0b8a5bdafefe82841e07ae8d81ecb3","name":"Leonardo Francisco","image":{"@type":"ImageObject","inLanguage":"pt-BR","@id":"https:\/\/secure.gravatar.com\/avatar\/a7358cb406a99b682ec6df1e77e31ae82e63601f6784e8a3df411d72b37864da?s=96&d=mm&r=g","url":"https:\/\/secure.gravatar.com\/avatar\/a7358cb406a99b682ec6df1e77e31ae82e63601f6784e8a3df411d72b37864da?s=96&d=mm&r=g","contentUrl":"https:\/\/secure.gravatar.com\/avatar\/a7358cb406a99b682ec6df1e77e31ae82e63601f6784e8a3df411d72b37864da?s=96&d=mm&r=g","caption":"Leonardo Francisco"},"url":"https:\/\/redenoticiaz.com.br\/litoralsp\/author\/leonardo-francisco"}]}},"_links":{"self":[{"href":"https:\/\/redenoticiaz.com.br\/litoralsp\/wp-json\/wp\/v2\/posts\/489","targetHints":{"allow":["GET"]}}],"collection":[{"href":"https:\/\/redenoticiaz.com.br\/litoralsp\/wp-json\/wp\/v2\/posts"}],"about":[{"href":"https:\/\/redenoticiaz.com.br\/litoralsp\/wp-json\/wp\/v2\/types\/post"}],"author":[{"embeddable":true,"href":"https:\/\/redenoticiaz.com.br\/litoralsp\/wp-json\/wp\/v2\/users\/6"}],"replies":[{"embeddable":true,"href":"https:\/\/redenoticiaz.com.br\/litoralsp\/wp-json\/wp\/v2\/comments?post=489"}],"version-history":[{"count":1,"href":"https:\/\/redenoticiaz.com.br\/litoralsp\/wp-json\/wp\/v2\/posts\/489\/revisions"}],"predecessor-version":[{"id":491,"href":"https:\/\/redenoticiaz.com.br\/litoralsp\/wp-json\/wp\/v2\/posts\/489\/revisions\/491"}],"wp:featuredmedia":[{"embeddable":true,"href":"https:\/\/redenoticiaz.com.br\/litoralsp\/wp-json\/wp\/v2\/media\/490"}],"wp:attachment":[{"href":"https:\/\/redenoticiaz.com.br\/litoralsp\/wp-json\/wp\/v2\/media?parent=489"}],"wp:term":[{"taxonomy":"category","embeddable":true,"href":"https:\/\/redenoticiaz.com.br\/litoralsp\/wp-json\/wp\/v2\/categories?post=489"},{"taxonomy":"post_tag","embeddable":true,"href":"https:\/\/redenoticiaz.com.br\/litoralsp\/wp-json\/wp\/v2\/tags?post=489"}],"curies":[{"name":"wp","href":"https:\/\/api.w.org\/{rel}","templated":true}]}}